{"id":31214,"date":"2011-10-06T18:39:42","date_gmt":"2011-10-06T17:39:42","guid":{"rendered":"http:\/\/www.bellunopress.it\/?p=31214"},"modified":"2011-10-06T18:39:42","modified_gmt":"2011-10-06T17:39:42","slug":"crisi-politica-della-provincia-segnali-di-disgelo-dalla-lega-bottacin-%e2%80%9csono-pronto-a-ripartire-con-una-nuova-giunta-di-centrodestra-nellinteresse-della-cittadinanza-senza-preclusioni-di","status":"publish","type":"post","link":"https:\/\/www.bellunopress.it\/fr\/2011\/10\/06\/crisi-politica-della-provincia-segnali-di-disgelo-dalla-lega-bottacin-%e2%80%9csono-pronto-a-ripartire-con-una-nuova-giunta-di-centrodestra-nellinteresse-della-cittadinanza-senza-preclusioni-di\/","title":{"rendered":"Crisi politica della Provincia: segnali di disgelo dalla Lega. Bottacin: \u201cSono pronto a ripartire con una nuova giunta di centrodestra, nell&#8217;interesse della cittadinanza, senza preclusioni di tessera\u201d. Vello: \u201cNon buttiamo all&#8217;aria il voto di 54mila elettori\u201d!"},"content":{"rendered":"<figure id=\"attachment_1866\" aria-describedby=\"caption-attachment-1866\" style=\"width: 270px\" class=\"wp-caption alignleft\"><a href=\"http:\/\/www.bellunopress.it\/wp-content\/uploads\/2009\/03\/palazzo-piloni-sede-provincia.jpg\"><img loading=\"lazy\" decoding=\"async\" class=\"size-full wp-image-1866\" title=\"palazzo-piloni-sede-provincia\" src=\"http:\/\/www.bellunopress.it\/wp-content\/uploads\/2009\/03\/palazzo-piloni-sede-provincia.jpg\" alt=\"\" width=\"270\" height=\"180\" \/><\/a><figcaption id=\"caption-attachment-1866\" class=\"wp-caption-text\">Palazzo Piloni sede della Provincia<\/figcaption><\/figure>\n<p>Qualche cosa si muove gi\u00e0 nella crisi politica della Provincia, all&#8217;indomani della decisione del presidente del consiglio Ghezze. Che ha fissato al 20 ottobre la data della seduta di consiglio per il voto sulla mozione di sfiducia al presidente Bottacin sottoscritto dal Pdl insieme alle opposizioni.<br \/>\n<a href=\"http:\/\/www.bellunopress.it\/wp-content\/uploads\/2011\/04\/gianpaolo-bottacin-140x140.jpg\"><img loading=\"lazy\" decoding=\"async\" class=\"alignright size-full wp-image-25748\" title=\"gianpaolo bottacin 140x140\" src=\"http:\/\/www.bellunopress.it\/wp-content\/uploads\/2011\/04\/gianpaolo-bottacin-140x140.jpg\" alt=\"\" width=\"140\" height=\"140\" \/><\/a>Il presidente della Provincia Gianpaolo Bottacin difende la sua posizione, ma si dichiara pronto ad azzerare tutto e ripartire. \u00abCapisco l&#8217;atto di sfiducia delle opposizioni ad una maggioranza, ma non quello del Pdl che ne fa parte. La mozione di sfiducia, di norma, \u00e8 l&#8217;ultima ratio ad una situazione che ha rilevanza penale. Ma io non sono accusato di alcun reato! Ci\u00f2 premesso, io sono pronto all&#8217;azzeramento nell&#8217;interesse della cittadinanza, per ripartire con una nuova giunta sia essa composta da 3+3 assessori (met\u00e0 della Lega e met\u00e0 del Pdl ndr) oppure 4+4, anche indipendentemente dalla loro tessera di partito\u00bb.<br \/>\n<a href=\"http:\/\/www.bellunopress.it\/wp-content\/uploads\/2011\/01\/diego-vello.jpg\"><img loading=\"lazy\" decoding=\"async\" class=\"alignleft size-full wp-image-22704\" title=\"diego-vello\" src=\"http:\/\/www.bellunopress.it\/wp-content\/uploads\/2011\/01\/diego-vello.jpg\" alt=\"\" width=\"108\" height=\"150\" \/><\/a>Un segnale di distensione giunge anche dal segretario provinciale della Lega Nord Diego Vello, in una nota dove, per tafferugli locali da retrobottega quali sono questi, va a scomodare addirittura Winston Churchill, che diceva \u201c La responsabilit\u00e0 \u00e8 il prezzo della grandezza\u201d&#8230;<br \/>\nVello invita la maggioranza Lega-Pdl a fare un passo indietro, \u00abNon voglio che un voto popolare di oltre 54mila elettori venga buttato all&#8217;aria. Abbiamo dato uno spettacolo immaturo e questo ci ha fatti cadere in una soluzione che ritengo eccessiva come quella della sfiducia al Presidente Gianpaolo Bottacin, che fino ad ora ha operato per il bene dei bellunesi con coraggio e determinazione mettendoci sempre la faccia. Mettiamo per un attimo da parte orgoglio &#8211; prosegue il segretario della Lega &#8211; e sediamoci umilmente pensando prima di tutto ai nostri cittadini che meritano un clima politico stabile e, oggi pi\u00f9 di ieri, forte nel piano della politica regionale e nazionale\u00bb.<br \/>\nPoi chiama in causa anche le 17mila firme raccolte per\u00f2 dal Comitato per l&#8217;autonomia. E dove peraltro la Lega, come altri partiti, in un primo momento hanno snobbato l&#8217;iniziativa, salvo poi limitarsi a dare il loro assenso, non appena si sono accorti della sorprendente mobilitazione del popolo bellunese.<br \/>\n\u00abPossiamo aprire un ragionamento su una nuova azione amministrativa sottoscritta da Pdl e Lega in pochi punti ma essenziali, in un momento di crisi economica, possiamo ripensare alla giunta, rivedere equilibri e cinicamente operare su ogni problema, ma prima di tutto ci vuole la volont\u00e0 dei singoli. La politica la fanno gli uomini &#8211; conclude Vello &#8211; e gli uomini si vedono nei momenti di difficolt\u00e0\u00bb!<\/p>","protected":false},"excerpt":{"rendered":"<p>Qualche cosa si muove gi\u00e0 nella crisi politica della Provincia, all&#8217;indomani della decisione del presidente del consiglio Ghezze. Che ha fissato al 20 ottobre la data della seduta di consiglio per il voto sulla mozione di sfiducia al presidente Bottacin sottoscritto dal Pdl insieme alle opposizioni. Il presidente della Provincia Gianpaolo Bottacin difende la sua [&hellip;]<\/p>\n","protected":false},"author":2,"featured_media":0,"comment_status":"closed","ping_status":"open","sticky":false,"template":"","format":"standard","meta":{"footnotes":""},"categories":[1],"tags":[],"class_list":["post-31214","post","type-post","status-publish","format-standard","category-leo"],"yoast_head":"<!-- This site is optimized with the Yoast SEO plugin v28.4 - https:\/\/yoast.com\/product\/yoast-seo-wordpress\/ -->\n<title>Crisi politica della Provincia: segnali di disgelo dalla Lega. Bottacin: \u201cSono pronto a ripartire con una nuova giunta di centrodestra, nell&#039;interesse della cittadinanza, senza preclusioni di tessera\u201d. Vello: \u201cNon buttiamo all&#039;aria il voto di 54mila elettori\u201d! - Bellunopress - Dolomiti<\/title>\n<meta name=\"robots\" content=\"index, follow, max-snippet:-1, max-image-preview:large, max-video-preview:-1\" \/>\n<link rel=\"canonical\" href=\"https:\/\/www.bellunopress.it\/fr\/2011\/10\/06\/crisi-politica-della-provincia-segnali-di-disgelo-dalla-lega-bottacin-\u201csono-pronto-a-ripartire-con-una-nuova-giunta-di-centrodestra-nellinteresse-della-cittadinanza-senza-preclusioni-di\/\" \/>\n<meta property=\"og:locale\" content=\"fr_FR\" \/>\n<meta property=\"og:type\" content=\"article\" \/>\n<meta property=\"og:title\" content=\"Crisi politica della Provincia: segnali di disgelo dalla Lega. Bottacin: \u201cSono pronto a ripartire con una nuova giunta di centrodestra, nell&#039;interesse della cittadinanza, senza preclusioni di tessera\u201d. Vello: \u201cNon buttiamo all&#039;aria il voto di 54mila elettori\u201d! - Bellunopress - Dolomiti\" \/>\n<meta property=\"og:description\" content=\"Qualche cosa si muove gi\u00e0 nella crisi politica della Provincia, all&#8217;indomani della decisione del presidente del consiglio Ghezze. Che ha fissato al 20 ottobre la data della seduta di consiglio per il voto sulla mozione di sfiducia al presidente Bottacin sottoscritto dal Pdl insieme alle opposizioni. Il presidente della Provincia Gianpaolo Bottacin difende la sua [&hellip;]\" \/>\n<meta property=\"og:url\" content=\"https:\/\/www.bellunopress.it\/fr\/2011\/10\/06\/crisi-politica-della-provincia-segnali-di-disgelo-dalla-lega-bottacin-\u201csono-pronto-a-ripartire-con-una-nuova-giunta-di-centrodestra-nellinteresse-della-cittadinanza-senza-preclusioni-di\/\" \/>\n<meta property=\"og:site_name\" content=\"Bellunopress - Dolomiti\" \/>\n<meta property=\"article:publisher\" content=\"https:\/\/www.facebook.com\/profile.php?id=100008943462799\" \/>\n<meta property=\"article:published_time\" content=\"2011-10-06T17:39:42+00:00\" \/>\n<meta property=\"og:image\" content=\"http:\/\/www.bellunopress.it\/wp-content\/uploads\/2009\/03\/palazzo-piloni-sede-provincia.jpg\" \/>\n<meta name=\"author\" content=\"redazione\" \/>\n<meta name=\"twitter:card\" content=\"summary_large_image\" \/>\n<meta name=\"twitter:creator\" content=\"@bellunopress\" \/>\n<meta name=\"twitter:site\" content=\"@bellunopress\" \/>\n<meta name=\"twitter:label1\" content=\"\u00c9crit par\" \/>\n\t<meta name=\"twitter:data1\" content=\"redazione\" \/>\n\t<meta name=\"twitter:label2\" content=\"Dur\u00e9e de lecture estim\u00e9e\" \/>\n\t<meta name=\"twitter:data2\" content=\"2 minutes\" \/>\n<script type=\"application\/ld+json\" class=\"yoast-schema-graph\">{\"@context\":\"https:\\\/\\\/schema.org\",\"@graph\":[{\"@type\":\"Article\",\"@id\":\"https:\\\/\\\/www.bellunopress.it\\\/2011\\\/10\\\/06\\\/crisi-politica-della-provincia-segnali-di-disgelo-dalla-lega-bottacin-%e2%80%9csono-pronto-a-ripartire-con-una-nuova-giunta-di-centrodestra-nellinteresse-della-cittadinanza-senza-preclusioni-di\\\/#article\",\"isPartOf\":{\"@id\":\"https:\\\/\\\/www.bellunopress.it\\\/2011\\\/10\\\/06\\\/crisi-politica-della-provincia-segnali-di-disgelo-dalla-lega-bottacin-%e2%80%9csono-pronto-a-ripartire-con-una-nuova-giunta-di-centrodestra-nellinteresse-della-cittadinanza-senza-preclusioni-di\\\/\"},\"author\":{\"name\":\"redazione\",\"@id\":\"https:\\\/\\\/www.bellunopress.it\\\/#\\\/schema\\\/person\\\/79bb06722b37ece1c03d3e94beb30d73\"},\"headline\":\"Crisi politica della Provincia: segnali di disgelo dalla Lega. Bottacin: \u201cSono pronto a ripartire con una nuova giunta di centrodestra, nell&#8217;interesse della cittadinanza, senza preclusioni di tessera\u201d. Vello: \u201cNon buttiamo all&#8217;aria il voto di 54mila elettori\u201d!\",\"datePublished\":\"2011-10-06T17:39:42+00:00\",\"mainEntityOfPage\":{\"@id\":\"https:\\\/\\\/www.bellunopress.it\\\/2011\\\/10\\\/06\\\/crisi-politica-della-provincia-segnali-di-disgelo-dalla-lega-bottacin-%e2%80%9csono-pronto-a-ripartire-con-una-nuova-giunta-di-centrodestra-nellinteresse-della-cittadinanza-senza-preclusioni-di\\\/\"},\"wordCount\":464,\"publisher\":{\"@id\":\"https:\\\/\\\/www.bellunopress.it\\\/#organization\"},\"image\":{\"@id\":\"https:\\\/\\\/www.bellunopress.it\\\/2011\\\/10\\\/06\\\/crisi-politica-della-provincia-segnali-di-disgelo-dalla-lega-bottacin-%e2%80%9csono-pronto-a-ripartire-con-una-nuova-giunta-di-centrodestra-nellinteresse-della-cittadinanza-senza-preclusioni-di\\\/#primaryimage\"},\"thumbnailUrl\":\"http:\\\/\\\/www.bellunopress.it\\\/wp-content\\\/uploads\\\/2009\\\/03\\\/palazzo-piloni-sede-provincia.jpg\",\"articleSection\":[\"Lettere Opinioni\"],\"inLanguage\":\"fr-FR\"},{\"@type\":\"WebPage\",\"@id\":\"https:\\\/\\\/www.bellunopress.it\\\/2011\\\/10\\\/06\\\/crisi-politica-della-provincia-segnali-di-disgelo-dalla-lega-bottacin-%e2%80%9csono-pronto-a-ripartire-con-una-nuova-giunta-di-centrodestra-nellinteresse-della-cittadinanza-senza-preclusioni-di\\\/\",\"url\":\"https:\\\/\\\/www.bellunopress.it\\\/2011\\\/10\\\/06\\\/crisi-politica-della-provincia-segnali-di-disgelo-dalla-lega-bottacin-%e2%80%9csono-pronto-a-ripartire-con-una-nuova-giunta-di-centrodestra-nellinteresse-della-cittadinanza-senza-preclusioni-di\\\/\",\"name\":\"Crisi politica della Provincia: segnali di disgelo dalla Lega. Bottacin: \u201cSono pronto a ripartire con una nuova giunta di centrodestra, nell'interesse della cittadinanza, senza preclusioni di tessera\u201d. Vello: \u201cNon buttiamo all'aria il voto di 54mila elettori\u201d! - Bellunopress - Dolomiti\",\"isPartOf\":{\"@id\":\"https:\\\/\\\/www.bellunopress.it\\\/#website\"},\"primaryImageOfPage\":{\"@id\":\"https:\\\/\\\/www.bellunopress.it\\\/2011\\\/10\\\/06\\\/crisi-politica-della-provincia-segnali-di-disgelo-dalla-lega-bottacin-%e2%80%9csono-pronto-a-ripartire-con-una-nuova-giunta-di-centrodestra-nellinteresse-della-cittadinanza-senza-preclusioni-di\\\/#primaryimage\"},\"image\":{\"@id\":\"https:\\\/\\\/www.bellunopress.it\\\/2011\\\/10\\\/06\\\/crisi-politica-della-provincia-segnali-di-disgelo-dalla-lega-bottacin-%e2%80%9csono-pronto-a-ripartire-con-una-nuova-giunta-di-centrodestra-nellinteresse-della-cittadinanza-senza-preclusioni-di\\\/#primaryimage\"},\"thumbnailUrl\":\"http:\\\/\\\/www.bellunopress.it\\\/wp-content\\\/uploads\\\/2009\\\/03\\\/palazzo-piloni-sede-provincia.jpg\",\"datePublished\":\"2011-10-06T17:39:42+00:00\",\"breadcrumb\":{\"@id\":\"https:\\\/\\\/www.bellunopress.it\\\/2011\\\/10\\\/06\\\/crisi-politica-della-provincia-segnali-di-disgelo-dalla-lega-bottacin-%e2%80%9csono-pronto-a-ripartire-con-una-nuova-giunta-di-centrodestra-nellinteresse-della-cittadinanza-senza-preclusioni-di\\\/#breadcrumb\"},\"inLanguage\":\"fr-FR\",\"potentialAction\":[{\"@type\":\"ReadAction\",\"target\":[\"https:\\\/\\\/www.bellunopress.it\\\/2011\\\/10\\\/06\\\/crisi-politica-della-provincia-segnali-di-disgelo-dalla-lega-bottacin-%e2%80%9csono-pronto-a-ripartire-con-una-nuova-giunta-di-centrodestra-nellinteresse-della-cittadinanza-senza-preclusioni-di\\\/\"]}]},{\"@type\":\"ImageObject\",\"inLanguage\":\"fr-FR\",\"@id\":\"https:\\\/\\\/www.bellunopress.it\\\/2011\\\/10\\\/06\\\/crisi-politica-della-provincia-segnali-di-disgelo-dalla-lega-bottacin-%e2%80%9csono-pronto-a-ripartire-con-una-nuova-giunta-di-centrodestra-nellinteresse-della-cittadinanza-senza-preclusioni-di\\\/#primaryimage\",\"url\":\"http:\\\/\\\/www.bellunopress.it\\\/wp-content\\\/uploads\\\/2009\\\/03\\\/palazzo-piloni-sede-provincia.jpg\",\"contentUrl\":\"http:\\\/\\\/www.bellunopress.it\\\/wp-content\\\/uploads\\\/2009\\\/03\\\/palazzo-piloni-sede-provincia.jpg\"},{\"@type\":\"BreadcrumbList\",\"@id\":\"https:\\\/\\\/www.bellunopress.it\\\/2011\\\/10\\\/06\\\/crisi-politica-della-provincia-segnali-di-disgelo-dalla-lega-bottacin-%e2%80%9csono-pronto-a-ripartire-con-una-nuova-giunta-di-centrodestra-nellinteresse-della-cittadinanza-senza-preclusioni-di\\\/#breadcrumb\",\"itemListElement\":[{\"@type\":\"ListItem\",\"position\":1,\"name\":\"Home\",\"item\":\"https:\\\/\\\/www.bellunopress.it\\\/\"},{\"@type\":\"ListItem\",\"position\":2,\"name\":\"Crisi politica della Provincia: segnali di disgelo dalla Lega. Bottacin: \u201cSono pronto a ripartire con una nuova giunta di centrodestra, nell&#8217;interesse della cittadinanza, senza preclusioni di tessera\u201d. Vello: \u201cNon buttiamo all&#8217;aria il voto di 54mila elettori\u201d!\"}]},{\"@type\":\"WebSite\",\"@id\":\"https:\\\/\\\/www.bellunopress.it\\\/#website\",\"url\":\"https:\\\/\\\/www.bellunopress.it\\\/\",\"name\":\"Bellunopress - Dolomiti\",\"description\":\"e-mail: redazione@bellunopress.it\",\"publisher\":{\"@id\":\"https:\\\/\\\/www.bellunopress.it\\\/#organization\"},\"potentialAction\":[{\"@type\":\"SearchAction\",\"target\":{\"@type\":\"EntryPoint\",\"urlTemplate\":\"https:\\\/\\\/www.bellunopress.it\\\/?s={search_term_string}\"},\"query-input\":{\"@type\":\"PropertyValueSpecification\",\"valueRequired\":true,\"valueName\":\"search_term_string\"}}],\"inLanguage\":\"fr-FR\"},{\"@type\":\"Organization\",\"@id\":\"https:\\\/\\\/www.bellunopress.it\\\/#organization\",\"name\":\"Bellunopress\",\"url\":\"https:\\\/\\\/www.bellunopress.it\\\/\",\"logo\":{\"@type\":\"ImageObject\",\"inLanguage\":\"fr-FR\",\"@id\":\"https:\\\/\\\/www.bellunopress.it\\\/#\\\/schema\\\/logo\\\/image\\\/\",\"url\":\"https:\\\/\\\/www.bellunopress.it\\\/wp-content\\\/uploads\\\/2011\\\/05\\\/cropped-logo-bellunopress-.jpg\",\"contentUrl\":\"https:\\\/\\\/www.bellunopress.it\\\/wp-content\\\/uploads\\\/2011\\\/05\\\/cropped-logo-bellunopress-.jpg\",\"width\":512,\"height\":512,\"caption\":\"Bellunopress\"},\"image\":{\"@id\":\"https:\\\/\\\/www.bellunopress.it\\\/#\\\/schema\\\/logo\\\/image\\\/\"},\"sameAs\":[\"https:\\\/\\\/www.facebook.com\\\/profile.php?id=100008943462799\",\"https:\\\/\\\/x.com\\\/bellunopress\",\"https:\\\/\\\/www.linkedin.com\\\/hp\\\/?dnr=JBzUWaJfMUw8vbXJJ2tVW5-I3jZKvC4wsoxE&amp;amp;amp;amp;amp;amp;trk=nav_responsive_tab_home\",\"https:\\\/\\\/www.youtube.com\\\/channel\\\/UCxL0wu1uN0_3_7hGG0306cw\"]},{\"@type\":\"Person\",\"@id\":\"https:\\\/\\\/www.bellunopress.it\\\/#\\\/schema\\\/person\\\/79bb06722b37ece1c03d3e94beb30d73\",\"name\":\"redazione\",\"image\":{\"@type\":\"ImageObject\",\"inLanguage\":\"fr-FR\",\"@id\":\"https:\\\/\\\/secure.gravatar.com\\\/avatar\\\/37d968a2e67a6fd04c169c4bdef102d0bc5d31b2546345219e348575eb80e9a0?s=96&d=mm&r=g\",\"url\":\"https:\\\/\\\/secure.gravatar.com\\\/avatar\\\/37d968a2e67a6fd04c169c4bdef102d0bc5d31b2546345219e348575eb80e9a0?s=96&d=mm&r=g\",\"contentUrl\":\"https:\\\/\\\/secure.gravatar.com\\\/avatar\\\/37d968a2e67a6fd04c169c4bdef102d0bc5d31b2546345219e348575eb80e9a0?s=96&d=mm&r=g\",\"caption\":\"redazione\"},\"sameAs\":[\"http:\\\/\\\/www.bellunopress.it\",\"https:\\\/\\\/x.com\\\/bellunopress\"],\"url\":\"https:\\\/\\\/www.bellunopress.it\\\/fr\\\/author\\\/redazione\\\/\"}]}<\/script>\n<!-- \/ Yoast SEO plugin. -->","yoast_head_json":{"title":"Crisi politica della Provincia: segnali di disgelo dalla Lega. Bottacin: \u201cSono pronto a ripartire con una nuova giunta di centrodestra, nell'interesse della cittadinanza, senza preclusioni di tessera\u201d. Vello: \u201cNon buttiamo all'aria il voto di 54mila elettori\u201d! - Bellunopress - Dolomiti","robots":{"index":"index","follow":"follow","max-snippet":"max-snippet:-1","max-image-preview":"max-image-preview:large","max-video-preview":"max-video-preview:-1"},"canonical":"https:\/\/www.bellunopress.it\/fr\/2011\/10\/06\/crisi-politica-della-provincia-segnali-di-disgelo-dalla-lega-bottacin-\u201csono-pronto-a-ripartire-con-una-nuova-giunta-di-centrodestra-nellinteresse-della-cittadinanza-senza-preclusioni-di\/","og_locale":"fr_FR","og_type":"article","og_title":"Crisi politica della Provincia: segnali di disgelo dalla Lega. Bottacin: \u201cSono pronto a ripartire con una nuova giunta di centrodestra, nell'interesse della cittadinanza, senza preclusioni di tessera\u201d. Vello: \u201cNon buttiamo all'aria il voto di 54mila elettori\u201d! - Bellunopress - Dolomiti","og_description":"Qualche cosa si muove gi\u00e0 nella crisi politica della Provincia, all&#8217;indomani della decisione del presidente del consiglio Ghezze. Che ha fissato al 20 ottobre la data della seduta di consiglio per il voto sulla mozione di sfiducia al presidente Bottacin sottoscritto dal Pdl insieme alle opposizioni. Il presidente della Provincia Gianpaolo Bottacin difende la sua [&hellip;]","og_url":"https:\/\/www.bellunopress.it\/fr\/2011\/10\/06\/crisi-politica-della-provincia-segnali-di-disgelo-dalla-lega-bottacin-\u201csono-pronto-a-ripartire-con-una-nuova-giunta-di-centrodestra-nellinteresse-della-cittadinanza-senza-preclusioni-di\/","og_site_name":"Bellunopress - Dolomiti","article_publisher":"https:\/\/www.facebook.com\/profile.php?id=100008943462799","article_published_time":"2011-10-06T17:39:42+00:00","og_image":[{"url":"http:\/\/www.bellunopress.it\/wp-content\/uploads\/2009\/03\/palazzo-piloni-sede-provincia.jpg","type":"","width":"","height":""}],"author":"redazione","twitter_card":"summary_large_image","twitter_creator":"@bellunopress","twitter_site":"@bellunopress","twitter_misc":{"\u00c9crit par":"redazione","Dur\u00e9e de lecture estim\u00e9e":"2 minutes"},"schema":{"@context":"https:\/\/schema.org","@graph":[{"@type":"Article","@id":"https:\/\/www.bellunopress.it\/2011\/10\/06\/crisi-politica-della-provincia-segnali-di-disgelo-dalla-lega-bottacin-%e2%80%9csono-pronto-a-ripartire-con-una-nuova-giunta-di-centrodestra-nellinteresse-della-cittadinanza-senza-preclusioni-di\/#article","isPartOf":{"@id":"https:\/\/www.bellunopress.it\/2011\/10\/06\/crisi-politica-della-provincia-segnali-di-disgelo-dalla-lega-bottacin-%e2%80%9csono-pronto-a-ripartire-con-una-nuova-giunta-di-centrodestra-nellinteresse-della-cittadinanza-senza-preclusioni-di\/"},"author":{"name":"redazione","@id":"https:\/\/www.bellunopress.it\/#\/schema\/person\/79bb06722b37ece1c03d3e94beb30d73"},"headline":"Crisi politica della Provincia: segnali di disgelo dalla Lega. Bottacin: \u201cSono pronto a ripartire con una nuova giunta di centrodestra, nell&#8217;interesse della cittadinanza, senza preclusioni di tessera\u201d. Vello: \u201cNon buttiamo all&#8217;aria il voto di 54mila elettori\u201d!","datePublished":"2011-10-06T17:39:42+00:00","mainEntityOfPage":{"@id":"https:\/\/www.bellunopress.it\/2011\/10\/06\/crisi-politica-della-provincia-segnali-di-disgelo-dalla-lega-bottacin-%e2%80%9csono-pronto-a-ripartire-con-una-nuova-giunta-di-centrodestra-nellinteresse-della-cittadinanza-senza-preclusioni-di\/"},"wordCount":464,"publisher":{"@id":"https:\/\/www.bellunopress.it\/#organization"},"image":{"@id":"https:\/\/www.bellunopress.it\/2011\/10\/06\/crisi-politica-della-provincia-segnali-di-disgelo-dalla-lega-bottacin-%e2%80%9csono-pronto-a-ripartire-con-una-nuova-giunta-di-centrodestra-nellinteresse-della-cittadinanza-senza-preclusioni-di\/#primaryimage"},"thumbnailUrl":"http:\/\/www.bellunopress.it\/wp-content\/uploads\/2009\/03\/palazzo-piloni-sede-provincia.jpg","articleSection":["Lettere Opinioni"],"inLanguage":"fr-FR"},{"@type":"WebPage","@id":"https:\/\/www.bellunopress.it\/2011\/10\/06\/crisi-politica-della-provincia-segnali-di-disgelo-dalla-lega-bottacin-%e2%80%9csono-pronto-a-ripartire-con-una-nuova-giunta-di-centrodestra-nellinteresse-della-cittadinanza-senza-preclusioni-di\/","url":"https:\/\/www.bellunopress.it\/2011\/10\/06\/crisi-politica-della-provincia-segnali-di-disgelo-dalla-lega-bottacin-%e2%80%9csono-pronto-a-ripartire-con-una-nuova-giunta-di-centrodestra-nellinteresse-della-cittadinanza-senza-preclusioni-di\/","name":"Crisi politica della Provincia: segnali di disgelo dalla Lega. Bottacin: \u201cSono pronto a ripartire con una nuova giunta di centrodestra, nell'interesse della cittadinanza, senza preclusioni di tessera\u201d. Vello: \u201cNon buttiamo all'aria il voto di 54mila elettori\u201d! - Bellunopress - Dolomiti","isPartOf":{"@id":"https:\/\/www.bellunopress.it\/#website"},"primaryImageOfPage":{"@id":"https:\/\/www.bellunopress.it\/2011\/10\/06\/crisi-politica-della-provincia-segnali-di-disgelo-dalla-lega-bottacin-%e2%80%9csono-pronto-a-ripartire-con-una-nuova-giunta-di-centrodestra-nellinteresse-della-cittadinanza-senza-preclusioni-di\/#primaryimage"},"image":{"@id":"https:\/\/www.bellunopress.it\/2011\/10\/06\/crisi-politica-della-provincia-segnali-di-disgelo-dalla-lega-bottacin-%e2%80%9csono-pronto-a-ripartire-con-una-nuova-giunta-di-centrodestra-nellinteresse-della-cittadinanza-senza-preclusioni-di\/#primaryimage"},"thumbnailUrl":"http:\/\/www.bellunopress.it\/wp-content\/uploads\/2009\/03\/palazzo-piloni-sede-provincia.jpg","datePublished":"2011-10-06T17:39:42+00:00","breadcrumb":{"@id":"https:\/\/www.bellunopress.it\/2011\/10\/06\/crisi-politica-della-provincia-segnali-di-disgelo-dalla-lega-bottacin-%e2%80%9csono-pronto-a-ripartire-con-una-nuova-giunta-di-centrodestra-nellinteresse-della-cittadinanza-senza-preclusioni-di\/#breadcrumb"},"inLanguage":"fr-FR","potentialAction":[{"@type":"ReadAction","target":["https:\/\/www.bellunopress.it\/2011\/10\/06\/crisi-politica-della-provincia-segnali-di-disgelo-dalla-lega-bottacin-%e2%80%9csono-pronto-a-ripartire-con-una-nuova-giunta-di-centrodestra-nellinteresse-della-cittadinanza-senza-preclusioni-di\/"]}]},{"@type":"ImageObject","inLanguage":"fr-FR","@id":"https:\/\/www.bellunopress.it\/2011\/10\/06\/crisi-politica-della-provincia-segnali-di-disgelo-dalla-lega-bottacin-%e2%80%9csono-pronto-a-ripartire-con-una-nuova-giunta-di-centrodestra-nellinteresse-della-cittadinanza-senza-preclusioni-di\/#primaryimage","url":"http:\/\/www.bellunopress.it\/wp-content\/uploads\/2009\/03\/palazzo-piloni-sede-provincia.jpg","contentUrl":"http:\/\/www.bellunopress.it\/wp-content\/uploads\/2009\/03\/palazzo-piloni-sede-provincia.jpg"},{"@type":"BreadcrumbList","@id":"https:\/\/www.bellunopress.it\/2011\/10\/06\/crisi-politica-della-provincia-segnali-di-disgelo-dalla-lega-bottacin-%e2%80%9csono-pronto-a-ripartire-con-una-nuova-giunta-di-centrodestra-nellinteresse-della-cittadinanza-senza-preclusioni-di\/#breadcrumb","itemListElement":[{"@type":"ListItem","position":1,"name":"Home","item":"https:\/\/www.bellunopress.it\/"},{"@type":"ListItem","position":2,"name":"Crisi politica della Provincia: segnali di disgelo dalla Lega. Bottacin: \u201cSono pronto a ripartire con una nuova giunta di centrodestra, nell&#8217;interesse della cittadinanza, senza preclusioni di tessera\u201d. Vello: \u201cNon buttiamo all&#8217;aria il voto di 54mila elettori\u201d!"}]},{"@type":"WebSite","@id":"https:\/\/www.bellunopress.it\/#website","url":"https:\/\/www.bellunopress.it\/","name":"Bellunopress - Dolomiti","description":"e-mail: redazione@bellunopress.it","publisher":{"@id":"https:\/\/www.bellunopress.it\/#organization"},"potentialAction":[{"@type":"SearchAction","target":{"@type":"EntryPoint","urlTemplate":"https:\/\/www.bellunopress.it\/?s={search_term_string}"},"query-input":{"@type":"PropertyValueSpecification","valueRequired":true,"valueName":"search_term_string"}}],"inLanguage":"fr-FR"},{"@type":"Organization","@id":"https:\/\/www.bellunopress.it\/#organization","name":"Bellunopress","url":"https:\/\/www.bellunopress.it\/","logo":{"@type":"ImageObject","inLanguage":"fr-FR","@id":"https:\/\/www.bellunopress.it\/#\/schema\/logo\/image\/","url":"https:\/\/www.bellunopress.it\/wp-content\/uploads\/2011\/05\/cropped-logo-bellunopress-.jpg","contentUrl":"https:\/\/www.bellunopress.it\/wp-content\/uploads\/2011\/05\/cropped-logo-bellunopress-.jpg","width":512,"height":512,"caption":"Bellunopress"},"image":{"@id":"https:\/\/www.bellunopress.it\/#\/schema\/logo\/image\/"},"sameAs":["https:\/\/www.facebook.com\/profile.php?id=100008943462799","https:\/\/x.com\/bellunopress","https:\/\/www.linkedin.com\/hp\/?dnr=JBzUWaJfMUw8vbXJJ2tVW5-I3jZKvC4wsoxE&amp;amp;amp;amp;amp;amp;trk=nav_responsive_tab_home","https:\/\/www.youtube.com\/channel\/UCxL0wu1uN0_3_7hGG0306cw"]},{"@type":"Person","@id":"https:\/\/www.bellunopress.it\/#\/schema\/person\/79bb06722b37ece1c03d3e94beb30d73","name":"r\u00e9daction","image":{"@type":"ImageObject","inLanguage":"fr-FR","@id":"https:\/\/secure.gravatar.com\/avatar\/37d968a2e67a6fd04c169c4bdef102d0bc5d31b2546345219e348575eb80e9a0?s=96&d=mm&r=g","url":"https:\/\/secure.gravatar.com\/avatar\/37d968a2e67a6fd04c169c4bdef102d0bc5d31b2546345219e348575eb80e9a0?s=96&d=mm&r=g","contentUrl":"https:\/\/secure.gravatar.com\/avatar\/37d968a2e67a6fd04c169c4bdef102d0bc5d31b2546345219e348575eb80e9a0?s=96&d=mm&r=g","caption":"redazione"},"sameAs":["http:\/\/www.bellunopress.it","https:\/\/x.com\/bellunopress"],"url":"https:\/\/www.bellunopress.it\/fr\/author\/redazione\/"}]}},"_links":{"self":[{"href":"https:\/\/www.bellunopress.it\/fr\/wp-json\/wp\/v2\/posts\/31214","targetHints":{"allow":["GET"]}}],"collection":[{"href":"https:\/\/www.bellunopress.it\/fr\/wp-json\/wp\/v2\/posts"}],"about":[{"href":"https:\/\/www.bellunopress.it\/fr\/wp-json\/wp\/v2\/types\/post"}],"author":[{"embeddable":true,"href":"https:\/\/www.bellunopress.it\/fr\/wp-json\/wp\/v2\/users\/2"}],"replies":[{"embeddable":true,"href":"https:\/\/www.bellunopress.it\/fr\/wp-json\/wp\/v2\/comments?post=31214"}],"version-history":[{"count":1,"href":"https:\/\/www.bellunopress.it\/fr\/wp-json\/wp\/v2\/posts\/31214\/revisions"}],"predecessor-version":[{"id":31215,"href":"https:\/\/www.bellunopress.it\/fr\/wp-json\/wp\/v2\/posts\/31214\/revisions\/31215"}],"wp:attachment":[{"href":"https:\/\/www.bellunopress.it\/fr\/wp-json\/wp\/v2\/media?parent=31214"}],"wp:term":[{"taxonomy":"category","embeddable":true,"href":"https:\/\/www.bellunopress.it\/fr\/wp-json\/wp\/v2\/categories?post=31214"},{"taxonomy":"post_tag","embeddable":true,"href":"https:\/\/www.bellunopress.it\/fr\/wp-json\/wp\/v2\/tags?post=31214"}],"curies":[{"name":"wp","href":"https:\/\/api.w.org\/{rel}","templated":true}]}}