{"id":31210,"date":"2011-10-05T21:00:55","date_gmt":"2011-10-05T20:00:55","guid":{"rendered":"http:\/\/www.bellunopress.it\/?p=31210"},"modified":"2011-10-05T21:01:01","modified_gmt":"2011-10-05T20:01:01","slug":"il-tar-blocca-la-caccia-in-deroga-nel-veneto-ma-lassessore-regionale-alla-caccia-stival-ancora-non-lo-sa","status":"publish","type":"post","link":"https:\/\/www.bellunopress.it\/fr\/2011\/10\/05\/il-tar-blocca-la-caccia-in-deroga-nel-veneto-ma-lassessore-regionale-alla-caccia-stival-ancora-non-lo-sa\/","title":{"rendered":"Il Tar blocca la caccia in deroga nel Veneto. Ma l&#8217;assessore regionale alla caccia Stival ancora non lo sa"},"content":{"rendered":"<figure id=\"attachment_17832\" aria-describedby=\"caption-attachment-17832\" style=\"width: 98px\" class=\"wp-caption alignleft\"><a href=\"http:\/\/www.bellunopress.it\/wp-content\/uploads\/2010\/08\/daniele-stival-145x98.jpg\"><img loading=\"lazy\" decoding=\"async\" class=\"size-full wp-image-17832\" title=\"daniele-stival-145x98\" src=\"http:\/\/www.bellunopress.it\/wp-content\/uploads\/2010\/08\/daniele-stival-145x98.jpg\" alt=\"\" width=\"98\" height=\"145\" \/><\/a><figcaption id=\"caption-attachment-17832\" class=\"wp-caption-text\">Daniele Stival<\/figcaption><\/figure>\n<p>Stop alle doppiette nel Veneto. Il Tribunale amministrativo regionale del Veneto ha fermato la caccia in deroga fino al 19 ottobre che era stata approvata dalla giunta Zaia a settembre. A darne notizia \u00e8 l&#8217;eurodeputato Andrea Zanoni che ha precisato\u00a0 \u00abil presidente del Tar Vincenzo Borea con decreto n. 810\/2011 ha sospeso la delibera regionale n.1506 sulla caccia in deroga a specie protette accogliendo il ricorso della Lac\u00bb.\u00a0 Ma a quanto pare l&#8217;assessore regionale alla caccia Andrea Stival non ne sa nulla. E replica: \u201cCon tutto il rispetto per l\u2019eurodeputato Andrea Zanoni, ritengo non sia il caso di commentare una decisione della quale la Regione non \u00e8 al momento stata informata dalla fonte deputata a farlo e della quale non conosciamo le motivazioni\u201d.<br \/>\n\u201cNon appena saremo messi in condizione di valutare appieno i contenuti di tale decisione \u2013 aggiunge Stival \u2013 prenderemo le determinazioni del caso, nel pieno rispetto della magistratura amministrativa, ma anche nella convinzione di avere ottimi argomenti per far valere le buone ragioni dell\u2019amministrazione regionale e quelle del mondo venatorio\u201d.<\/p>","protected":false},"excerpt":{"rendered":"<p>Stop alle doppiette nel Veneto. Il Tribunale amministrativo regionale del Veneto ha fermato la caccia in deroga fino al 19 ottobre che era stata approvata dalla giunta Zaia a settembre. A darne notizia \u00e8 l&#8217;eurodeputato Andrea Zanoni che ha precisato\u00a0 \u00abil presidente del Tar Vincenzo Borea con decreto n. 810\/2011 ha sospeso la delibera regionale [&hellip;]<\/p>\n","protected":false},"author":2,"featured_media":0,"comment_status":"closed","ping_status":"open","sticky":false,"template":"","format":"standard","meta":{"footnotes":""},"categories":[5,26],"tags":[],"class_list":["post-31210","post","type-post","status-publish","format-standard","category-cronaca","category-prima-pagina"],"yoast_head":"<!-- This site is optimized with the Yoast SEO plugin v28.4 - https:\/\/yoast.com\/product\/yoast-seo-wordpress\/ -->\n<title>Il Tar blocca la caccia in deroga nel Veneto. Ma l&#039;assessore regionale alla caccia Stival ancora non lo sa - Bellunopress - Dolomiti<\/title>\n<meta name=\"robots\" content=\"index, follow, max-snippet:-1, max-image-preview:large, max-video-preview:-1\" \/>\n<link rel=\"canonical\" href=\"https:\/\/www.bellunopress.it\/fr\/2011\/10\/05\/il-tar-blocca-la-caccia-in-deroga-nel-veneto-ma-lassessore-regionale-alla-caccia-stival-ancora-non-lo-sa\/\" \/>\n<meta property=\"og:locale\" content=\"fr_FR\" \/>\n<meta property=\"og:type\" content=\"article\" \/>\n<meta property=\"og:title\" content=\"Il Tar blocca la caccia in deroga nel Veneto. Ma l&#039;assessore regionale alla caccia Stival ancora non lo sa - Bellunopress - Dolomiti\" \/>\n<meta property=\"og:description\" content=\"Stop alle doppiette nel Veneto. Il Tribunale amministrativo regionale del Veneto ha fermato la caccia in deroga fino al 19 ottobre che era stata approvata dalla giunta Zaia a settembre. A darne notizia \u00e8 l&#8217;eurodeputato Andrea Zanoni che ha precisato\u00a0 \u00abil presidente del Tar Vincenzo Borea con decreto n. 810\/2011 ha sospeso la delibera regionale [&hellip;]\" \/>\n<meta property=\"og:url\" content=\"https:\/\/www.bellunopress.it\/fr\/2011\/10\/05\/il-tar-blocca-la-caccia-in-deroga-nel-veneto-ma-lassessore-regionale-alla-caccia-stival-ancora-non-lo-sa\/\" \/>\n<meta property=\"og:site_name\" content=\"Bellunopress - Dolomiti\" \/>\n<meta property=\"article:publisher\" content=\"https:\/\/www.facebook.com\/profile.php?id=100008943462799\" \/>\n<meta property=\"article:published_time\" content=\"2011-10-05T20:00:55+00:00\" \/>\n<meta property=\"article:modified_time\" content=\"2011-10-05T20:01:01+00:00\" \/>\n<meta property=\"og:image\" content=\"http:\/\/www.bellunopress.it\/wp-content\/uploads\/2010\/08\/daniele-stival-145x98.jpg\" \/>\n<meta name=\"author\" content=\"redazione\" \/>\n<meta name=\"twitter:card\" content=\"summary_large_image\" \/>\n<meta name=\"twitter:creator\" content=\"@bellunopress\" \/>\n<meta name=\"twitter:site\" content=\"@bellunopress\" \/>\n<meta name=\"twitter:label1\" content=\"\u00c9crit par\" \/>\n\t<meta name=\"twitter:data1\" content=\"redazione\" \/>\n\t<meta name=\"twitter:label2\" content=\"Dur\u00e9e de lecture estim\u00e9e\" \/>\n\t<meta name=\"twitter:data2\" content=\"1 minute\" \/>\n<script type=\"application\/ld+json\" class=\"yoast-schema-graph\">{\"@context\":\"https:\\\/\\\/schema.org\",\"@graph\":[{\"@type\":\"Article\",\"@id\":\"https:\\\/\\\/www.bellunopress.it\\\/2011\\\/10\\\/05\\\/il-tar-blocca-la-caccia-in-deroga-nel-veneto-ma-lassessore-regionale-alla-caccia-stival-ancora-non-lo-sa\\\/#article\",\"isPartOf\":{\"@id\":\"https:\\\/\\\/www.bellunopress.it\\\/2011\\\/10\\\/05\\\/il-tar-blocca-la-caccia-in-deroga-nel-veneto-ma-lassessore-regionale-alla-caccia-stival-ancora-non-lo-sa\\\/\"},\"author\":{\"name\":\"redazione\",\"@id\":\"https:\\\/\\\/www.bellunopress.it\\\/#\\\/schema\\\/person\\\/79bb06722b37ece1c03d3e94beb30d73\"},\"headline\":\"Il Tar blocca la caccia in deroga nel Veneto. Ma l&#8217;assessore regionale alla caccia Stival ancora non lo sa\",\"datePublished\":\"2011-10-05T20:00:55+00:00\",\"dateModified\":\"2011-10-05T20:01:01+00:00\",\"mainEntityOfPage\":{\"@id\":\"https:\\\/\\\/www.bellunopress.it\\\/2011\\\/10\\\/05\\\/il-tar-blocca-la-caccia-in-deroga-nel-veneto-ma-lassessore-regionale-alla-caccia-stival-ancora-non-lo-sa\\\/\"},\"wordCount\":201,\"publisher\":{\"@id\":\"https:\\\/\\\/www.bellunopress.it\\\/#organization\"},\"image\":{\"@id\":\"https:\\\/\\\/www.bellunopress.it\\\/2011\\\/10\\\/05\\\/il-tar-blocca-la-caccia-in-deroga-nel-veneto-ma-lassessore-regionale-alla-caccia-stival-ancora-non-lo-sa\\\/#primaryimage\"},\"thumbnailUrl\":\"http:\\\/\\\/www.bellunopress.it\\\/wp-content\\\/uploads\\\/2010\\\/08\\\/daniele-stival-145x98.jpg\",\"articleSection\":[\"Cronaca\\\/Politica\",\"Prima Pagina\"],\"inLanguage\":\"fr-FR\"},{\"@type\":\"WebPage\",\"@id\":\"https:\\\/\\\/www.bellunopress.it\\\/2011\\\/10\\\/05\\\/il-tar-blocca-la-caccia-in-deroga-nel-veneto-ma-lassessore-regionale-alla-caccia-stival-ancora-non-lo-sa\\\/\",\"url\":\"https:\\\/\\\/www.bellunopress.it\\\/2011\\\/10\\\/05\\\/il-tar-blocca-la-caccia-in-deroga-nel-veneto-ma-lassessore-regionale-alla-caccia-stival-ancora-non-lo-sa\\\/\",\"name\":\"Il Tar blocca la caccia in deroga nel Veneto. Ma l'assessore regionale alla caccia Stival ancora non lo sa - Bellunopress - Dolomiti\",\"isPartOf\":{\"@id\":\"https:\\\/\\\/www.bellunopress.it\\\/#website\"},\"primaryImageOfPage\":{\"@id\":\"https:\\\/\\\/www.bellunopress.it\\\/2011\\\/10\\\/05\\\/il-tar-blocca-la-caccia-in-deroga-nel-veneto-ma-lassessore-regionale-alla-caccia-stival-ancora-non-lo-sa\\\/#primaryimage\"},\"image\":{\"@id\":\"https:\\\/\\\/www.bellunopress.it\\\/2011\\\/10\\\/05\\\/il-tar-blocca-la-caccia-in-deroga-nel-veneto-ma-lassessore-regionale-alla-caccia-stival-ancora-non-lo-sa\\\/#primaryimage\"},\"thumbnailUrl\":\"http:\\\/\\\/www.bellunopress.it\\\/wp-content\\\/uploads\\\/2010\\\/08\\\/daniele-stival-145x98.jpg\",\"datePublished\":\"2011-10-05T20:00:55+00:00\",\"dateModified\":\"2011-10-05T20:01:01+00:00\",\"breadcrumb\":{\"@id\":\"https:\\\/\\\/www.bellunopress.it\\\/2011\\\/10\\\/05\\\/il-tar-blocca-la-caccia-in-deroga-nel-veneto-ma-lassessore-regionale-alla-caccia-stival-ancora-non-lo-sa\\\/#breadcrumb\"},\"inLanguage\":\"fr-FR\",\"potentialAction\":[{\"@type\":\"ReadAction\",\"target\":[\"https:\\\/\\\/www.bellunopress.it\\\/2011\\\/10\\\/05\\\/il-tar-blocca-la-caccia-in-deroga-nel-veneto-ma-lassessore-regionale-alla-caccia-stival-ancora-non-lo-sa\\\/\"]}]},{\"@type\":\"ImageObject\",\"inLanguage\":\"fr-FR\",\"@id\":\"https:\\\/\\\/www.bellunopress.it\\\/2011\\\/10\\\/05\\\/il-tar-blocca-la-caccia-in-deroga-nel-veneto-ma-lassessore-regionale-alla-caccia-stival-ancora-non-lo-sa\\\/#primaryimage\",\"url\":\"http:\\\/\\\/www.bellunopress.it\\\/wp-content\\\/uploads\\\/2010\\\/08\\\/daniele-stival-145x98.jpg\",\"contentUrl\":\"http:\\\/\\\/www.bellunopress.it\\\/wp-content\\\/uploads\\\/2010\\\/08\\\/daniele-stival-145x98.jpg\"},{\"@type\":\"BreadcrumbList\",\"@id\":\"https:\\\/\\\/www.bellunopress.it\\\/2011\\\/10\\\/05\\\/il-tar-blocca-la-caccia-in-deroga-nel-veneto-ma-lassessore-regionale-alla-caccia-stival-ancora-non-lo-sa\\\/#breadcrumb\",\"itemListElement\":[{\"@type\":\"ListItem\",\"position\":1,\"name\":\"Home\",\"item\":\"https:\\\/\\\/www.bellunopress.it\\\/\"},{\"@type\":\"ListItem\",\"position\":2,\"name\":\"Il Tar blocca la caccia in deroga nel Veneto. Ma l&#8217;assessore regionale alla caccia Stival ancora non lo sa\"}]},{\"@type\":\"WebSite\",\"@id\":\"https:\\\/\\\/www.bellunopress.it\\\/#website\",\"url\":\"https:\\\/\\\/www.bellunopress.it\\\/\",\"name\":\"Bellunopress - Dolomiti\",\"description\":\"e-mail: redazione@bellunopress.it\",\"publisher\":{\"@id\":\"https:\\\/\\\/www.bellunopress.it\\\/#organization\"},\"potentialAction\":[{\"@type\":\"SearchAction\",\"target\":{\"@type\":\"EntryPoint\",\"urlTemplate\":\"https:\\\/\\\/www.bellunopress.it\\\/?s={search_term_string}\"},\"query-input\":{\"@type\":\"PropertyValueSpecification\",\"valueRequired\":true,\"valueName\":\"search_term_string\"}}],\"inLanguage\":\"fr-FR\"},{\"@type\":\"Organization\",\"@id\":\"https:\\\/\\\/www.bellunopress.it\\\/#organization\",\"name\":\"Bellunopress\",\"url\":\"https:\\\/\\\/www.bellunopress.it\\\/\",\"logo\":{\"@type\":\"ImageObject\",\"inLanguage\":\"fr-FR\",\"@id\":\"https:\\\/\\\/www.bellunopress.it\\\/#\\\/schema\\\/logo\\\/image\\\/\",\"url\":\"https:\\\/\\\/www.bellunopress.it\\\/wp-content\\\/uploads\\\/2011\\\/05\\\/cropped-logo-bellunopress-.jpg\",\"contentUrl\":\"https:\\\/\\\/www.bellunopress.it\\\/wp-content\\\/uploads\\\/2011\\\/05\\\/cropped-logo-bellunopress-.jpg\",\"width\":512,\"height\":512,\"caption\":\"Bellunopress\"},\"image\":{\"@id\":\"https:\\\/\\\/www.bellunopress.it\\\/#\\\/schema\\\/logo\\\/image\\\/\"},\"sameAs\":[\"https:\\\/\\\/www.facebook.com\\\/profile.php?id=100008943462799\",\"https:\\\/\\\/x.com\\\/bellunopress\",\"https:\\\/\\\/www.linkedin.com\\\/hp\\\/?dnr=JBzUWaJfMUw8vbXJJ2tVW5-I3jZKvC4wsoxE&amp;amp;amp;amp;amp;amp;trk=nav_responsive_tab_home\",\"https:\\\/\\\/www.youtube.com\\\/channel\\\/UCxL0wu1uN0_3_7hGG0306cw\"]},{\"@type\":\"Person\",\"@id\":\"https:\\\/\\\/www.bellunopress.it\\\/#\\\/schema\\\/person\\\/79bb06722b37ece1c03d3e94beb30d73\",\"name\":\"redazione\",\"image\":{\"@type\":\"ImageObject\",\"inLanguage\":\"fr-FR\",\"@id\":\"https:\\\/\\\/secure.gravatar.com\\\/avatar\\\/37d968a2e67a6fd04c169c4bdef102d0bc5d31b2546345219e348575eb80e9a0?s=96&d=mm&r=g\",\"url\":\"https:\\\/\\\/secure.gravatar.com\\\/avatar\\\/37d968a2e67a6fd04c169c4bdef102d0bc5d31b2546345219e348575eb80e9a0?s=96&d=mm&r=g\",\"contentUrl\":\"https:\\\/\\\/secure.gravatar.com\\\/avatar\\\/37d968a2e67a6fd04c169c4bdef102d0bc5d31b2546345219e348575eb80e9a0?s=96&d=mm&r=g\",\"caption\":\"redazione\"},\"sameAs\":[\"http:\\\/\\\/www.bellunopress.it\",\"https:\\\/\\\/x.com\\\/bellunopress\"],\"url\":\"https:\\\/\\\/www.bellunopress.it\\\/fr\\\/author\\\/redazione\\\/\"}]}<\/script>\n<!-- \/ Yoast SEO plugin. -->","yoast_head_json":{"title":"Il Tar blocca la caccia in deroga nel Veneto. Ma l'assessore regionale alla caccia Stival ancora non lo sa - Bellunopress - Dolomiti","robots":{"index":"index","follow":"follow","max-snippet":"max-snippet:-1","max-image-preview":"max-image-preview:large","max-video-preview":"max-video-preview:-1"},"canonical":"https:\/\/www.bellunopress.it\/fr\/2011\/10\/05\/il-tar-blocca-la-caccia-in-deroga-nel-veneto-ma-lassessore-regionale-alla-caccia-stival-ancora-non-lo-sa\/","og_locale":"fr_FR","og_type":"article","og_title":"Il Tar blocca la caccia in deroga nel Veneto. Ma l'assessore regionale alla caccia Stival ancora non lo sa - Bellunopress - Dolomiti","og_description":"Stop alle doppiette nel Veneto. Il Tribunale amministrativo regionale del Veneto ha fermato la caccia in deroga fino al 19 ottobre che era stata approvata dalla giunta Zaia a settembre. A darne notizia \u00e8 l&#8217;eurodeputato Andrea Zanoni che ha precisato\u00a0 \u00abil presidente del Tar Vincenzo Borea con decreto n. 810\/2011 ha sospeso la delibera regionale [&hellip;]","og_url":"https:\/\/www.bellunopress.it\/fr\/2011\/10\/05\/il-tar-blocca-la-caccia-in-deroga-nel-veneto-ma-lassessore-regionale-alla-caccia-stival-ancora-non-lo-sa\/","og_site_name":"Bellunopress - Dolomiti","article_publisher":"https:\/\/www.facebook.com\/profile.php?id=100008943462799","article_published_time":"2011-10-05T20:00:55+00:00","article_modified_time":"2011-10-05T20:01:01+00:00","og_image":[{"url":"http:\/\/www.bellunopress.it\/wp-content\/uploads\/2010\/08\/daniele-stival-145x98.jpg","type":"","width":"","height":""}],"author":"redazione","twitter_card":"summary_large_image","twitter_creator":"@bellunopress","twitter_site":"@bellunopress","twitter_misc":{"\u00c9crit par":"redazione","Dur\u00e9e de lecture estim\u00e9e":"1 minute"},"schema":{"@context":"https:\/\/schema.org","@graph":[{"@type":"Article","@id":"https:\/\/www.bellunopress.it\/2011\/10\/05\/il-tar-blocca-la-caccia-in-deroga-nel-veneto-ma-lassessore-regionale-alla-caccia-stival-ancora-non-lo-sa\/#article","isPartOf":{"@id":"https:\/\/www.bellunopress.it\/2011\/10\/05\/il-tar-blocca-la-caccia-in-deroga-nel-veneto-ma-lassessore-regionale-alla-caccia-stival-ancora-non-lo-sa\/"},"author":{"name":"redazione","@id":"https:\/\/www.bellunopress.it\/#\/schema\/person\/79bb06722b37ece1c03d3e94beb30d73"},"headline":"Il Tar blocca la caccia in deroga nel Veneto. Ma l&#8217;assessore regionale alla caccia Stival ancora non lo sa","datePublished":"2011-10-05T20:00:55+00:00","dateModified":"2011-10-05T20:01:01+00:00","mainEntityOfPage":{"@id":"https:\/\/www.bellunopress.it\/2011\/10\/05\/il-tar-blocca-la-caccia-in-deroga-nel-veneto-ma-lassessore-regionale-alla-caccia-stival-ancora-non-lo-sa\/"},"wordCount":201,"publisher":{"@id":"https:\/\/www.bellunopress.it\/#organization"},"image":{"@id":"https:\/\/www.bellunopress.it\/2011\/10\/05\/il-tar-blocca-la-caccia-in-deroga-nel-veneto-ma-lassessore-regionale-alla-caccia-stival-ancora-non-lo-sa\/#primaryimage"},"thumbnailUrl":"http:\/\/www.bellunopress.it\/wp-content\/uploads\/2010\/08\/daniele-stival-145x98.jpg","articleSection":["Cronaca\/Politica","Prima Pagina"],"inLanguage":"fr-FR"},{"@type":"WebPage","@id":"https:\/\/www.bellunopress.it\/2011\/10\/05\/il-tar-blocca-la-caccia-in-deroga-nel-veneto-ma-lassessore-regionale-alla-caccia-stival-ancora-non-lo-sa\/","url":"https:\/\/www.bellunopress.it\/2011\/10\/05\/il-tar-blocca-la-caccia-in-deroga-nel-veneto-ma-lassessore-regionale-alla-caccia-stival-ancora-non-lo-sa\/","name":"Il Tar blocca la caccia in deroga nel Veneto. Ma l'assessore regionale alla caccia Stival ancora non lo sa - Bellunopress - Dolomiti","isPartOf":{"@id":"https:\/\/www.bellunopress.it\/#website"},"primaryImageOfPage":{"@id":"https:\/\/www.bellunopress.it\/2011\/10\/05\/il-tar-blocca-la-caccia-in-deroga-nel-veneto-ma-lassessore-regionale-alla-caccia-stival-ancora-non-lo-sa\/#primaryimage"},"image":{"@id":"https:\/\/www.bellunopress.it\/2011\/10\/05\/il-tar-blocca-la-caccia-in-deroga-nel-veneto-ma-lassessore-regionale-alla-caccia-stival-ancora-non-lo-sa\/#primaryimage"},"thumbnailUrl":"http:\/\/www.bellunopress.it\/wp-content\/uploads\/2010\/08\/daniele-stival-145x98.jpg","datePublished":"2011-10-05T20:00:55+00:00","dateModified":"2011-10-05T20:01:01+00:00","breadcrumb":{"@id":"https:\/\/www.bellunopress.it\/2011\/10\/05\/il-tar-blocca-la-caccia-in-deroga-nel-veneto-ma-lassessore-regionale-alla-caccia-stival-ancora-non-lo-sa\/#breadcrumb"},"inLanguage":"fr-FR","potentialAction":[{"@type":"ReadAction","target":["https:\/\/www.bellunopress.it\/2011\/10\/05\/il-tar-blocca-la-caccia-in-deroga-nel-veneto-ma-lassessore-regionale-alla-caccia-stival-ancora-non-lo-sa\/"]}]},{"@type":"ImageObject","inLanguage":"fr-FR","@id":"https:\/\/www.bellunopress.it\/2011\/10\/05\/il-tar-blocca-la-caccia-in-deroga-nel-veneto-ma-lassessore-regionale-alla-caccia-stival-ancora-non-lo-sa\/#primaryimage","url":"http:\/\/www.bellunopress.it\/wp-content\/uploads\/2010\/08\/daniele-stival-145x98.jpg","contentUrl":"http:\/\/www.bellunopress.it\/wp-content\/uploads\/2010\/08\/daniele-stival-145x98.jpg"},{"@type":"BreadcrumbList","@id":"https:\/\/www.bellunopress.it\/2011\/10\/05\/il-tar-blocca-la-caccia-in-deroga-nel-veneto-ma-lassessore-regionale-alla-caccia-stival-ancora-non-lo-sa\/#breadcrumb","itemListElement":[{"@type":"ListItem","position":1,"name":"Home","item":"https:\/\/www.bellunopress.it\/"},{"@type":"ListItem","position":2,"name":"Il Tar blocca la caccia in deroga nel Veneto. Ma l&#8217;assessore regionale alla caccia Stival ancora non lo sa"}]},{"@type":"WebSite","@id":"https:\/\/www.bellunopress.it\/#website","url":"https:\/\/www.bellunopress.it\/","name":"Bellunopress - Dolomiti","description":"e-mail: redazione@bellunopress.it","publisher":{"@id":"https:\/\/www.bellunopress.it\/#organization"},"potentialAction":[{"@type":"SearchAction","target":{"@type":"EntryPoint","urlTemplate":"https:\/\/www.bellunopress.it\/?s={search_term_string}"},"query-input":{"@type":"PropertyValueSpecification","valueRequired":true,"valueName":"search_term_string"}}],"inLanguage":"fr-FR"},{"@type":"Organization","@id":"https:\/\/www.bellunopress.it\/#organization","name":"Bellunopress","url":"https:\/\/www.bellunopress.it\/","logo":{"@type":"ImageObject","inLanguage":"fr-FR","@id":"https:\/\/www.bellunopress.it\/#\/schema\/logo\/image\/","url":"https:\/\/www.bellunopress.it\/wp-content\/uploads\/2011\/05\/cropped-logo-bellunopress-.jpg","contentUrl":"https:\/\/www.bellunopress.it\/wp-content\/uploads\/2011\/05\/cropped-logo-bellunopress-.jpg","width":512,"height":512,"caption":"Bellunopress"},"image":{"@id":"https:\/\/www.bellunopress.it\/#\/schema\/logo\/image\/"},"sameAs":["https:\/\/www.facebook.com\/profile.php?id=100008943462799","https:\/\/x.com\/bellunopress","https:\/\/www.linkedin.com\/hp\/?dnr=JBzUWaJfMUw8vbXJJ2tVW5-I3jZKvC4wsoxE&amp;amp;amp;amp;amp;amp;trk=nav_responsive_tab_home","https:\/\/www.youtube.com\/channel\/UCxL0wu1uN0_3_7hGG0306cw"]},{"@type":"Person","@id":"https:\/\/www.bellunopress.it\/#\/schema\/person\/79bb06722b37ece1c03d3e94beb30d73","name":"r\u00e9daction","image":{"@type":"ImageObject","inLanguage":"fr-FR","@id":"https:\/\/secure.gravatar.com\/avatar\/37d968a2e67a6fd04c169c4bdef102d0bc5d31b2546345219e348575eb80e9a0?s=96&d=mm&r=g","url":"https:\/\/secure.gravatar.com\/avatar\/37d968a2e67a6fd04c169c4bdef102d0bc5d31b2546345219e348575eb80e9a0?s=96&d=mm&r=g","contentUrl":"https:\/\/secure.gravatar.com\/avatar\/37d968a2e67a6fd04c169c4bdef102d0bc5d31b2546345219e348575eb80e9a0?s=96&d=mm&r=g","caption":"redazione"},"sameAs":["http:\/\/www.bellunopress.it","https:\/\/x.com\/bellunopress"],"url":"https:\/\/www.bellunopress.it\/fr\/author\/redazione\/"}]}},"_links":{"self":[{"href":"https:\/\/www.bellunopress.it\/fr\/wp-json\/wp\/v2\/posts\/31210","targetHints":{"allow":["GET"]}}],"collection":[{"href":"https:\/\/www.bellunopress.it\/fr\/wp-json\/wp\/v2\/posts"}],"about":[{"href":"https:\/\/www.bellunopress.it\/fr\/wp-json\/wp\/v2\/types\/post"}],"author":[{"embeddable":true,"href":"https:\/\/www.bellunopress.it\/fr\/wp-json\/wp\/v2\/users\/2"}],"replies":[{"embeddable":true,"href":"https:\/\/www.bellunopress.it\/fr\/wp-json\/wp\/v2\/comments?post=31210"}],"version-history":[{"count":2,"href":"https:\/\/www.bellunopress.it\/fr\/wp-json\/wp\/v2\/posts\/31210\/revisions"}],"predecessor-version":[{"id":31212,"href":"https:\/\/www.bellunopress.it\/fr\/wp-json\/wp\/v2\/posts\/31210\/revisions\/31212"}],"wp:attachment":[{"href":"https:\/\/www.bellunopress.it\/fr\/wp-json\/wp\/v2\/media?parent=31210"}],"wp:term":[{"taxonomy":"category","embeddable":true,"href":"https:\/\/www.bellunopress.it\/fr\/wp-json\/wp\/v2\/categories?post=31210"},{"taxonomy":"post_tag","embeddable":true,"href":"https:\/\/www.bellunopress.it\/fr\/wp-json\/wp\/v2\/tags?post=31210"}],"curies":[{"name":"wp","href":"https:\/\/api.w.org\/{rel}","templated":true}]}}