{"id":31180,"date":"2011-10-05T15:21:49","date_gmt":"2011-10-05T14:21:49","guid":{"rendered":"http:\/\/www.bellunopress.it\/?p=31180"},"modified":"2011-10-05T15:21:49","modified_gmt":"2011-10-05T14:21:49","slug":"legge-bavaglio-la-classe-politica-teme-dessere-sbugiardata","status":"publish","type":"post","link":"https:\/\/www.bellunopress.it\/fr\/2011\/10\/05\/legge-bavaglio-la-classe-politica-teme-dessere-sbugiardata\/","title":{"rendered":"Legge bavaglio: la classe politica teme d&#8217;essere sbugiardata"},"content":{"rendered":"<p>Con una crisi economica da paura e il Parlamento<a href=\"http:\/\/www.bellunopress.it\/wp-content\/uploads\/2010\/02\/idv-130x130.jpg\"><img loading=\"lazy\" decoding=\"async\" class=\"alignleft size-full wp-image-12144\" title=\"idv-130x130\" src=\"http:\/\/www.bellunopress.it\/wp-content\/uploads\/2010\/02\/idv-130x130.jpg\" alt=\"\" width=\"130\" height=\"130\" \/><\/a> non trova niente di meglio che studiarle tutte per paralizzare l&#8217;informazione su Internet.<br \/>\nRispunta la legge ammazza siti, strumenti pericolosissimi a sentire l&#8217;UDC D&#8217;Alia (il suo amico Cuffaro, invece&#8230;). Equiparare i blog alle testate tradizionali per tenerli in scacco, ecco l&#8217;idea! La minaccia riguarda anche la popolare enciclopedia collaborativa on-line Wikipedia, che potrebbe chiudere se il provvedimento venisse approvato.<br \/>\nI dinosauri di governo e di (finta) opposizione non si fermeranno certo qui. Magari sono davvero convinti di poter telefonare in diretta su Youtube o di ripulire la memoria di Google. Schifani si preoccupa di Facebook, &#8220;pi\u00f9 pericoloso del terrorismo&#8221;, piuttosto che delle proprie curiose amicizie. Il giovane rampante Maroni, da vero ingegnere delle telecomunicazioni, vorrebbe invece assegnare un indirizzo univoco per abitante. Mentre l&#8217;onorevole Carlucci \u00e8 convinta che si possano eliminare i nickname, beata lei. E poi c&#8217;\u00e8 il Presidente del Consiglio, che Internet vorrebbe addirittura &#8220;regolamentarla&#8221;, non sospettando che Internet \u00e8 gi\u00e0 regolamentata dai documenti elaborati da consorzi internazionali di scienziati.<br \/>\nIl modello dei liberisti allo sbaraglio, che devono difendere gli affari del ferrovecchio televisivo dal &#8220;capo&#8221;, \u00e8 uccidere la concorrenza. Useranno anche i metodi dei comunisti cinesi, se potranno. Internet va filtrata e combattuta, perch\u00e9 non \u00e8 un mezzo su cui i partiti di centrodestra riescono a mettere le mani, perch\u00e9 ruba risorse pubblicitarie, perch\u00e9 sbugiarda ogni giorno una classe politica che \u00e8 ora che vada a riposarsi all?ospizio.<br \/>\nFabrizio Soppelsa &#8211; Giovani IDV<\/p>","protected":false},"excerpt":{"rendered":"<p>Con una crisi economica da paura e il Parlamento non trova niente di meglio che studiarle tutte per paralizzare l&#8217;informazione su Internet. Rispunta la legge ammazza siti, strumenti pericolosissimi a sentire l&#8217;UDC D&#8217;Alia (il suo amico Cuffaro, invece&#8230;). Equiparare i blog alle testate tradizionali per tenerli in scacco, ecco l&#8217;idea! La minaccia riguarda anche la [&hellip;]<\/p>\n","protected":false},"author":2,"featured_media":0,"comment_status":"closed","ping_status":"open","sticky":false,"template":"","format":"standard","meta":{"footnotes":""},"categories":[5,26],"tags":[],"class_list":["post-31180","post","type-post","status-publish","format-standard","category-cronaca","category-prima-pagina"],"yoast_head":"<!-- This site is optimized with the Yoast SEO plugin v28.4 - https:\/\/yoast.com\/product\/yoast-seo-wordpress\/ -->\n<title>Legge bavaglio: la classe politica teme d&#039;essere sbugiardata - Bellunopress - Dolomiti<\/title>\n<meta name=\"robots\" content=\"index, follow, max-snippet:-1, max-image-preview:large, max-video-preview:-1\" \/>\n<link rel=\"canonical\" href=\"https:\/\/www.bellunopress.it\/fr\/2011\/10\/05\/legge-bavaglio-la-classe-politica-teme-dessere-sbugiardata\/\" \/>\n<meta property=\"og:locale\" content=\"fr_FR\" \/>\n<meta property=\"og:type\" content=\"article\" \/>\n<meta property=\"og:title\" content=\"Legge bavaglio: la classe politica teme d&#039;essere sbugiardata - Bellunopress - Dolomiti\" \/>\n<meta property=\"og:description\" content=\"Con una crisi economica da paura e il Parlamento non trova niente di meglio che studiarle tutte per paralizzare l&#8217;informazione su Internet. Rispunta la legge ammazza siti, strumenti pericolosissimi a sentire l&#8217;UDC D&#8217;Alia (il suo amico Cuffaro, invece&#8230;). Equiparare i blog alle testate tradizionali per tenerli in scacco, ecco l&#8217;idea! La minaccia riguarda anche la [&hellip;]\" \/>\n<meta property=\"og:url\" content=\"https:\/\/www.bellunopress.it\/fr\/2011\/10\/05\/legge-bavaglio-la-classe-politica-teme-dessere-sbugiardata\/\" \/>\n<meta property=\"og:site_name\" content=\"Bellunopress - Dolomiti\" \/>\n<meta property=\"article:publisher\" content=\"https:\/\/www.facebook.com\/profile.php?id=100008943462799\" \/>\n<meta property=\"article:published_time\" content=\"2011-10-05T14:21:49+00:00\" \/>\n<meta property=\"og:image\" content=\"http:\/\/www.bellunopress.it\/wp-content\/uploads\/2010\/02\/idv-130x130.jpg\" \/>\n<meta name=\"author\" content=\"redazione\" \/>\n<meta name=\"twitter:card\" content=\"summary_large_image\" \/>\n<meta name=\"twitter:creator\" content=\"@bellunopress\" \/>\n<meta name=\"twitter:site\" content=\"@bellunopress\" \/>\n<meta name=\"twitter:label1\" content=\"\u00c9crit par\" \/>\n\t<meta name=\"twitter:data1\" content=\"redazione\" \/>\n\t<meta name=\"twitter:label2\" content=\"Dur\u00e9e de lecture estim\u00e9e\" \/>\n\t<meta name=\"twitter:data2\" content=\"1 minute\" \/>\n<script type=\"application\/ld+json\" class=\"yoast-schema-graph\">{\"@context\":\"https:\\\/\\\/schema.org\",\"@graph\":[{\"@type\":\"Article\",\"@id\":\"https:\\\/\\\/www.bellunopress.it\\\/2011\\\/10\\\/05\\\/legge-bavaglio-la-classe-politica-teme-dessere-sbugiardata\\\/#article\",\"isPartOf\":{\"@id\":\"https:\\\/\\\/www.bellunopress.it\\\/2011\\\/10\\\/05\\\/legge-bavaglio-la-classe-politica-teme-dessere-sbugiardata\\\/\"},\"author\":{\"name\":\"redazione\",\"@id\":\"https:\\\/\\\/www.bellunopress.it\\\/#\\\/schema\\\/person\\\/79bb06722b37ece1c03d3e94beb30d73\"},\"headline\":\"Legge bavaglio: la classe politica teme d&#8217;essere sbugiardata\",\"datePublished\":\"2011-10-05T14:21:49+00:00\",\"mainEntityOfPage\":{\"@id\":\"https:\\\/\\\/www.bellunopress.it\\\/2011\\\/10\\\/05\\\/legge-bavaglio-la-classe-politica-teme-dessere-sbugiardata\\\/\"},\"wordCount\":255,\"publisher\":{\"@id\":\"https:\\\/\\\/www.bellunopress.it\\\/#organization\"},\"image\":{\"@id\":\"https:\\\/\\\/www.bellunopress.it\\\/2011\\\/10\\\/05\\\/legge-bavaglio-la-classe-politica-teme-dessere-sbugiardata\\\/#primaryimage\"},\"thumbnailUrl\":\"http:\\\/\\\/www.bellunopress.it\\\/wp-content\\\/uploads\\\/2010\\\/02\\\/idv-130x130.jpg\",\"articleSection\":[\"Cronaca\\\/Politica\",\"Prima Pagina\"],\"inLanguage\":\"fr-FR\"},{\"@type\":\"WebPage\",\"@id\":\"https:\\\/\\\/www.bellunopress.it\\\/2011\\\/10\\\/05\\\/legge-bavaglio-la-classe-politica-teme-dessere-sbugiardata\\\/\",\"url\":\"https:\\\/\\\/www.bellunopress.it\\\/2011\\\/10\\\/05\\\/legge-bavaglio-la-classe-politica-teme-dessere-sbugiardata\\\/\",\"name\":\"Legge bavaglio: la classe politica teme d'essere sbugiardata - Bellunopress - Dolomiti\",\"isPartOf\":{\"@id\":\"https:\\\/\\\/www.bellunopress.it\\\/#website\"},\"primaryImageOfPage\":{\"@id\":\"https:\\\/\\\/www.bellunopress.it\\\/2011\\\/10\\\/05\\\/legge-bavaglio-la-classe-politica-teme-dessere-sbugiardata\\\/#primaryimage\"},\"image\":{\"@id\":\"https:\\\/\\\/www.bellunopress.it\\\/2011\\\/10\\\/05\\\/legge-bavaglio-la-classe-politica-teme-dessere-sbugiardata\\\/#primaryimage\"},\"thumbnailUrl\":\"http:\\\/\\\/www.bellunopress.it\\\/wp-content\\\/uploads\\\/2010\\\/02\\\/idv-130x130.jpg\",\"datePublished\":\"2011-10-05T14:21:49+00:00\",\"breadcrumb\":{\"@id\":\"https:\\\/\\\/www.bellunopress.it\\\/2011\\\/10\\\/05\\\/legge-bavaglio-la-classe-politica-teme-dessere-sbugiardata\\\/#breadcrumb\"},\"inLanguage\":\"fr-FR\",\"potentialAction\":[{\"@type\":\"ReadAction\",\"target\":[\"https:\\\/\\\/www.bellunopress.it\\\/2011\\\/10\\\/05\\\/legge-bavaglio-la-classe-politica-teme-dessere-sbugiardata\\\/\"]}]},{\"@type\":\"ImageObject\",\"inLanguage\":\"fr-FR\",\"@id\":\"https:\\\/\\\/www.bellunopress.it\\\/2011\\\/10\\\/05\\\/legge-bavaglio-la-classe-politica-teme-dessere-sbugiardata\\\/#primaryimage\",\"url\":\"http:\\\/\\\/www.bellunopress.it\\\/wp-content\\\/uploads\\\/2010\\\/02\\\/idv-130x130.jpg\",\"contentUrl\":\"http:\\\/\\\/www.bellunopress.it\\\/wp-content\\\/uploads\\\/2010\\\/02\\\/idv-130x130.jpg\"},{\"@type\":\"BreadcrumbList\",\"@id\":\"https:\\\/\\\/www.bellunopress.it\\\/2011\\\/10\\\/05\\\/legge-bavaglio-la-classe-politica-teme-dessere-sbugiardata\\\/#breadcrumb\",\"itemListElement\":[{\"@type\":\"ListItem\",\"position\":1,\"name\":\"Home\",\"item\":\"https:\\\/\\\/www.bellunopress.it\\\/\"},{\"@type\":\"ListItem\",\"position\":2,\"name\":\"Legge bavaglio: la classe politica teme d&#8217;essere sbugiardata\"}]},{\"@type\":\"WebSite\",\"@id\":\"https:\\\/\\\/www.bellunopress.it\\\/#website\",\"url\":\"https:\\\/\\\/www.bellunopress.it\\\/\",\"name\":\"Bellunopress - Dolomiti\",\"description\":\"e-mail: redazione@bellunopress.it\",\"publisher\":{\"@id\":\"https:\\\/\\\/www.bellunopress.it\\\/#organization\"},\"potentialAction\":[{\"@type\":\"SearchAction\",\"target\":{\"@type\":\"EntryPoint\",\"urlTemplate\":\"https:\\\/\\\/www.bellunopress.it\\\/?s={search_term_string}\"},\"query-input\":{\"@type\":\"PropertyValueSpecification\",\"valueRequired\":true,\"valueName\":\"search_term_string\"}}],\"inLanguage\":\"fr-FR\"},{\"@type\":\"Organization\",\"@id\":\"https:\\\/\\\/www.bellunopress.it\\\/#organization\",\"name\":\"Bellunopress\",\"url\":\"https:\\\/\\\/www.bellunopress.it\\\/\",\"logo\":{\"@type\":\"ImageObject\",\"inLanguage\":\"fr-FR\",\"@id\":\"https:\\\/\\\/www.bellunopress.it\\\/#\\\/schema\\\/logo\\\/image\\\/\",\"url\":\"https:\\\/\\\/www.bellunopress.it\\\/wp-content\\\/uploads\\\/2011\\\/05\\\/cropped-logo-bellunopress-.jpg\",\"contentUrl\":\"https:\\\/\\\/www.bellunopress.it\\\/wp-content\\\/uploads\\\/2011\\\/05\\\/cropped-logo-bellunopress-.jpg\",\"width\":512,\"height\":512,\"caption\":\"Bellunopress\"},\"image\":{\"@id\":\"https:\\\/\\\/www.bellunopress.it\\\/#\\\/schema\\\/logo\\\/image\\\/\"},\"sameAs\":[\"https:\\\/\\\/www.facebook.com\\\/profile.php?id=100008943462799\",\"https:\\\/\\\/x.com\\\/bellunopress\",\"https:\\\/\\\/www.linkedin.com\\\/hp\\\/?dnr=JBzUWaJfMUw8vbXJJ2tVW5-I3jZKvC4wsoxE&amp;amp;amp;amp;amp;amp;trk=nav_responsive_tab_home\",\"https:\\\/\\\/www.youtube.com\\\/channel\\\/UCxL0wu1uN0_3_7hGG0306cw\"]},{\"@type\":\"Person\",\"@id\":\"https:\\\/\\\/www.bellunopress.it\\\/#\\\/schema\\\/person\\\/79bb06722b37ece1c03d3e94beb30d73\",\"name\":\"redazione\",\"image\":{\"@type\":\"ImageObject\",\"inLanguage\":\"fr-FR\",\"@id\":\"https:\\\/\\\/secure.gravatar.com\\\/avatar\\\/37d968a2e67a6fd04c169c4bdef102d0bc5d31b2546345219e348575eb80e9a0?s=96&d=mm&r=g\",\"url\":\"https:\\\/\\\/secure.gravatar.com\\\/avatar\\\/37d968a2e67a6fd04c169c4bdef102d0bc5d31b2546345219e348575eb80e9a0?s=96&d=mm&r=g\",\"contentUrl\":\"https:\\\/\\\/secure.gravatar.com\\\/avatar\\\/37d968a2e67a6fd04c169c4bdef102d0bc5d31b2546345219e348575eb80e9a0?s=96&d=mm&r=g\",\"caption\":\"redazione\"},\"sameAs\":[\"http:\\\/\\\/www.bellunopress.it\",\"https:\\\/\\\/x.com\\\/bellunopress\"],\"url\":\"https:\\\/\\\/www.bellunopress.it\\\/fr\\\/author\\\/redazione\\\/\"}]}<\/script>\n<!-- \/ Yoast SEO plugin. -->","yoast_head_json":{"title":"Legge bavaglio: la classe politica teme d'essere sbugiardata - Bellunopress - Dolomiti","robots":{"index":"index","follow":"follow","max-snippet":"max-snippet:-1","max-image-preview":"max-image-preview:large","max-video-preview":"max-video-preview:-1"},"canonical":"https:\/\/www.bellunopress.it\/fr\/2011\/10\/05\/legge-bavaglio-la-classe-politica-teme-dessere-sbugiardata\/","og_locale":"fr_FR","og_type":"article","og_title":"Legge bavaglio: la classe politica teme d'essere sbugiardata - Bellunopress - Dolomiti","og_description":"Con una crisi economica da paura e il Parlamento non trova niente di meglio che studiarle tutte per paralizzare l&#8217;informazione su Internet. Rispunta la legge ammazza siti, strumenti pericolosissimi a sentire l&#8217;UDC D&#8217;Alia (il suo amico Cuffaro, invece&#8230;). Equiparare i blog alle testate tradizionali per tenerli in scacco, ecco l&#8217;idea! La minaccia riguarda anche la [&hellip;]","og_url":"https:\/\/www.bellunopress.it\/fr\/2011\/10\/05\/legge-bavaglio-la-classe-politica-teme-dessere-sbugiardata\/","og_site_name":"Bellunopress - Dolomiti","article_publisher":"https:\/\/www.facebook.com\/profile.php?id=100008943462799","article_published_time":"2011-10-05T14:21:49+00:00","og_image":[{"url":"http:\/\/www.bellunopress.it\/wp-content\/uploads\/2010\/02\/idv-130x130.jpg","type":"","width":"","height":""}],"author":"redazione","twitter_card":"summary_large_image","twitter_creator":"@bellunopress","twitter_site":"@bellunopress","twitter_misc":{"\u00c9crit par":"redazione","Dur\u00e9e de lecture estim\u00e9e":"1 minute"},"schema":{"@context":"https:\/\/schema.org","@graph":[{"@type":"Article","@id":"https:\/\/www.bellunopress.it\/2011\/10\/05\/legge-bavaglio-la-classe-politica-teme-dessere-sbugiardata\/#article","isPartOf":{"@id":"https:\/\/www.bellunopress.it\/2011\/10\/05\/legge-bavaglio-la-classe-politica-teme-dessere-sbugiardata\/"},"author":{"name":"redazione","@id":"https:\/\/www.bellunopress.it\/#\/schema\/person\/79bb06722b37ece1c03d3e94beb30d73"},"headline":"Legge bavaglio: la classe politica teme d&#8217;essere sbugiardata","datePublished":"2011-10-05T14:21:49+00:00","mainEntityOfPage":{"@id":"https:\/\/www.bellunopress.it\/2011\/10\/05\/legge-bavaglio-la-classe-politica-teme-dessere-sbugiardata\/"},"wordCount":255,"publisher":{"@id":"https:\/\/www.bellunopress.it\/#organization"},"image":{"@id":"https:\/\/www.bellunopress.it\/2011\/10\/05\/legge-bavaglio-la-classe-politica-teme-dessere-sbugiardata\/#primaryimage"},"thumbnailUrl":"http:\/\/www.bellunopress.it\/wp-content\/uploads\/2010\/02\/idv-130x130.jpg","articleSection":["Cronaca\/Politica","Prima Pagina"],"inLanguage":"fr-FR"},{"@type":"WebPage","@id":"https:\/\/www.bellunopress.it\/2011\/10\/05\/legge-bavaglio-la-classe-politica-teme-dessere-sbugiardata\/","url":"https:\/\/www.bellunopress.it\/2011\/10\/05\/legge-bavaglio-la-classe-politica-teme-dessere-sbugiardata\/","name":"Legge bavaglio: la classe politica teme d'essere sbugiardata - Bellunopress - Dolomiti","isPartOf":{"@id":"https:\/\/www.bellunopress.it\/#website"},"primaryImageOfPage":{"@id":"https:\/\/www.bellunopress.it\/2011\/10\/05\/legge-bavaglio-la-classe-politica-teme-dessere-sbugiardata\/#primaryimage"},"image":{"@id":"https:\/\/www.bellunopress.it\/2011\/10\/05\/legge-bavaglio-la-classe-politica-teme-dessere-sbugiardata\/#primaryimage"},"thumbnailUrl":"http:\/\/www.bellunopress.it\/wp-content\/uploads\/2010\/02\/idv-130x130.jpg","datePublished":"2011-10-05T14:21:49+00:00","breadcrumb":{"@id":"https:\/\/www.bellunopress.it\/2011\/10\/05\/legge-bavaglio-la-classe-politica-teme-dessere-sbugiardata\/#breadcrumb"},"inLanguage":"fr-FR","potentialAction":[{"@type":"ReadAction","target":["https:\/\/www.bellunopress.it\/2011\/10\/05\/legge-bavaglio-la-classe-politica-teme-dessere-sbugiardata\/"]}]},{"@type":"ImageObject","inLanguage":"fr-FR","@id":"https:\/\/www.bellunopress.it\/2011\/10\/05\/legge-bavaglio-la-classe-politica-teme-dessere-sbugiardata\/#primaryimage","url":"http:\/\/www.bellunopress.it\/wp-content\/uploads\/2010\/02\/idv-130x130.jpg","contentUrl":"http:\/\/www.bellunopress.it\/wp-content\/uploads\/2010\/02\/idv-130x130.jpg"},{"@type":"BreadcrumbList","@id":"https:\/\/www.bellunopress.it\/2011\/10\/05\/legge-bavaglio-la-classe-politica-teme-dessere-sbugiardata\/#breadcrumb","itemListElement":[{"@type":"ListItem","position":1,"name":"Home","item":"https:\/\/www.bellunopress.it\/"},{"@type":"ListItem","position":2,"name":"Legge bavaglio: la classe politica teme d&#8217;essere sbugiardata"}]},{"@type":"WebSite","@id":"https:\/\/www.bellunopress.it\/#website","url":"https:\/\/www.bellunopress.it\/","name":"Bellunopress - Dolomiti","description":"e-mail: redazione@bellunopress.it","publisher":{"@id":"https:\/\/www.bellunopress.it\/#organization"},"potentialAction":[{"@type":"SearchAction","target":{"@type":"EntryPoint","urlTemplate":"https:\/\/www.bellunopress.it\/?s={search_term_string}"},"query-input":{"@type":"PropertyValueSpecification","valueRequired":true,"valueName":"search_term_string"}}],"inLanguage":"fr-FR"},{"@type":"Organization","@id":"https:\/\/www.bellunopress.it\/#organization","name":"Bellunopress","url":"https:\/\/www.bellunopress.it\/","logo":{"@type":"ImageObject","inLanguage":"fr-FR","@id":"https:\/\/www.bellunopress.it\/#\/schema\/logo\/image\/","url":"https:\/\/www.bellunopress.it\/wp-content\/uploads\/2011\/05\/cropped-logo-bellunopress-.jpg","contentUrl":"https:\/\/www.bellunopress.it\/wp-content\/uploads\/2011\/05\/cropped-logo-bellunopress-.jpg","width":512,"height":512,"caption":"Bellunopress"},"image":{"@id":"https:\/\/www.bellunopress.it\/#\/schema\/logo\/image\/"},"sameAs":["https:\/\/www.facebook.com\/profile.php?id=100008943462799","https:\/\/x.com\/bellunopress","https:\/\/www.linkedin.com\/hp\/?dnr=JBzUWaJfMUw8vbXJJ2tVW5-I3jZKvC4wsoxE&amp;amp;amp;amp;amp;amp;trk=nav_responsive_tab_home","https:\/\/www.youtube.com\/channel\/UCxL0wu1uN0_3_7hGG0306cw"]},{"@type":"Person","@id":"https:\/\/www.bellunopress.it\/#\/schema\/person\/79bb06722b37ece1c03d3e94beb30d73","name":"r\u00e9daction","image":{"@type":"ImageObject","inLanguage":"fr-FR","@id":"https:\/\/secure.gravatar.com\/avatar\/37d968a2e67a6fd04c169c4bdef102d0bc5d31b2546345219e348575eb80e9a0?s=96&d=mm&r=g","url":"https:\/\/secure.gravatar.com\/avatar\/37d968a2e67a6fd04c169c4bdef102d0bc5d31b2546345219e348575eb80e9a0?s=96&d=mm&r=g","contentUrl":"https:\/\/secure.gravatar.com\/avatar\/37d968a2e67a6fd04c169c4bdef102d0bc5d31b2546345219e348575eb80e9a0?s=96&d=mm&r=g","caption":"redazione"},"sameAs":["http:\/\/www.bellunopress.it","https:\/\/x.com\/bellunopress"],"url":"https:\/\/www.bellunopress.it\/fr\/author\/redazione\/"}]}},"_links":{"self":[{"href":"https:\/\/www.bellunopress.it\/fr\/wp-json\/wp\/v2\/posts\/31180","targetHints":{"allow":["GET"]}}],"collection":[{"href":"https:\/\/www.bellunopress.it\/fr\/wp-json\/wp\/v2\/posts"}],"about":[{"href":"https:\/\/www.bellunopress.it\/fr\/wp-json\/wp\/v2\/types\/post"}],"author":[{"embeddable":true,"href":"https:\/\/www.bellunopress.it\/fr\/wp-json\/wp\/v2\/users\/2"}],"replies":[{"embeddable":true,"href":"https:\/\/www.bellunopress.it\/fr\/wp-json\/wp\/v2\/comments?post=31180"}],"version-history":[{"count":1,"href":"https:\/\/www.bellunopress.it\/fr\/wp-json\/wp\/v2\/posts\/31180\/revisions"}],"predecessor-version":[{"id":31181,"href":"https:\/\/www.bellunopress.it\/fr\/wp-json\/wp\/v2\/posts\/31180\/revisions\/31181"}],"wp:attachment":[{"href":"https:\/\/www.bellunopress.it\/fr\/wp-json\/wp\/v2\/media?parent=31180"}],"wp:term":[{"taxonomy":"category","embeddable":true,"href":"https:\/\/www.bellunopress.it\/fr\/wp-json\/wp\/v2\/categories?post=31180"},{"taxonomy":"post_tag","embeddable":true,"href":"https:\/\/www.bellunopress.it\/fr\/wp-json\/wp\/v2\/tags?post=31180"}],"curies":[{"name":"wp","href":"https:\/\/api.w.org\/{rel}","templated":true}]}}