{"id":31176,"date":"2011-10-05T14:36:12","date_gmt":"2011-10-05T13:36:12","guid":{"rendered":"http:\/\/www.bellunopress.it\/?p=31176"},"modified":"2011-10-06T11:42:30","modified_gmt":"2011-10-06T10:42:30","slug":"il-principe-bellunese-del-foro-come-emilio-fede-a-%e2%80%9c24-mattino%e2%80%9d-su-radio-24-maurizio-paniz-sostiene-che-il-decreto-anti-intercettazioni-serve-a-tutelare-tutti-i-cittadini-italiani-e-i","status":"publish","type":"post","link":"https:\/\/www.bellunopress.it\/fr\/2011\/10\/05\/il-principe-bellunese-del-foro-come-emilio-fede-a-%e2%80%9c24-mattino%e2%80%9d-su-radio-24-maurizio-paniz-sostiene-che-il-decreto-anti-intercettazioni-serve-a-tutelare-tutti-i-cittadini-italiani-e-i\/","title":{"rendered":"Il principe bellunese del Foro come Emilio Fede? A \u201c24 Mattino\u201d su Radio 24 Maurizio Paniz sostiene che il decreto anti intercettazioni serve a tutelare tutti i cittadini italiani. E invoca il carcere  per i giornalisti che pubblicano atti coperti da segreto investigativo o istruttorio"},"content":{"rendered":"<p>&nbsp;<\/p>\n<figure id=\"attachment_17527\" aria-describedby=\"caption-attachment-17527\" style=\"width: 270px\" class=\"wp-caption alignleft\"><a href=\"http:\/\/www.bellunopress.it\/wp-content\/uploads\/2010\/07\/maurizio-paniz-270x270.jpg\"><img loading=\"lazy\" decoding=\"async\" class=\"size-full wp-image-17527\" title=\"maurizio-paniz-270x270\" src=\"http:\/\/www.bellunopress.it\/wp-content\/uploads\/2010\/07\/maurizio-paniz-270x270.jpg\" alt=\"\" width=\"270\" height=\"270\" srcset=\"https:\/\/www.bellunopress.it\/wp-content\/uploads\/2010\/07\/maurizio-paniz-270x270.jpg 270w, https:\/\/www.bellunopress.it\/wp-content\/uploads\/2010\/07\/maurizio-paniz-270x270-150x150.jpg 150w\" sizes=\"auto, (max-width: 270px) 100vw, 270px\" \/><\/a><figcaption id=\"caption-attachment-17527\" class=\"wp-caption-text\">Maurizio Paniz<\/figcaption><\/figure>\n<p>E&#8217; successo un&#8217;altra volta. Qualche tempo fa l&#8217;avvocato bellunese Maurizio Paniz, deputato del Pdl, sosteneva a spada tratta la buona fede di Silvio Berlusconi allorquando il premier era sinceramente convinto che la bella Ruby fosse effettivamente nipote di Mubarak. Questa mattina alla trasmissione \u201c24 Mattino\u201d di Radio 24 l&#8217;irreprensibile onorevole bellunese ha sostenuto che\u00a0 il decreto anti intercettazioni in discussione alla Camera serve a tutelare tutti i cittadini italiani. Non basta. Proprio lui, che \u00e8 esponente di rilievo del Popolo delle Libert\u00e0, nel corso dell&#8217;intervista, accerchiato dal giornalista Alessandro Milan, ha chiesto nuovamente (l&#8217;aveva gi\u00e0 fatto in passato)\u00a0il carcere per i giornalisti: \u201cIl giornalista che pubblica ci\u00f2 che non pu\u00f2 pubblicare dovrebbe subire una sanzione penale &#8211; ha detto l&#8217;avvocato Paniz &#8211;\u00a0 Il carcere magari \u00e8 un percorso pi\u00f9 lungo. Che ne so, ci vorrebbe una sanzione da 15 giorni a un anno, poi il giudice graduer\u00e0 a seconda della violazione, vedr\u00e0 se sono possibili riti alternativi, pene pecuniarie o multe o,se il giornalista debba andare in carcere. Cosa che \u00e8 tutto sommato molto rara nel nostro ordinamento per questa tipologia di situazione\u201d.<br \/>\n<a href=\"http:\/\/www.youtube.com\/watch?v=fAIPYpZHaf0\">http:\/\/www.youtube.com\/watch?v=fAIPYpZHaf0<\/a><\/p>","protected":false},"excerpt":{"rendered":"<p>&nbsp; E&#8217; successo un&#8217;altra volta. Qualche tempo fa l&#8217;avvocato bellunese Maurizio Paniz, deputato del Pdl, sosteneva a spada tratta la buona fede di Silvio Berlusconi allorquando il premier era sinceramente convinto che la bella Ruby fosse effettivamente nipote di Mubarak. Questa mattina alla trasmissione \u201c24 Mattino\u201d di Radio 24 l&#8217;irreprensibile onorevole bellunese ha sostenuto che\u00a0 [&hellip;]<\/p>\n","protected":false},"author":2,"featured_media":0,"comment_status":"closed","ping_status":"open","sticky":false,"template":"","format":"standard","meta":{"footnotes":""},"categories":[1],"tags":[],"class_list":["post-31176","post","type-post","status-publish","format-standard","category-leo"],"yoast_head":"<!-- This site is optimized with the Yoast SEO plugin v28.4 - https:\/\/yoast.com\/product\/yoast-seo-wordpress\/ -->\n<title>Il principe bellunese del Foro come Emilio Fede? A \u201c24 Mattino\u201d su Radio 24 Maurizio Paniz sostiene che il decreto anti intercettazioni serve a tutelare tutti i cittadini italiani. E invoca il carcere per i giornalisti che pubblicano atti coperti da segreto investigativo o istruttorio  - Bellunopress - Dolomiti<\/title>\n<meta name=\"robots\" content=\"index, follow, max-snippet:-1, max-image-preview:large, max-video-preview:-1\" \/>\n<link rel=\"canonical\" href=\"https:\/\/www.bellunopress.it\/fr\/2011\/10\/05\/il-principe-bellunese-del-foro-come-emilio-fede-a-\u201c24-mattino\u201d-su-radio-24-maurizio-paniz-sostiene-che-il-decreto-anti-intercettazioni-serve-a-tutelare-tutti-i-cittadini-italiani-e-i\/\" \/>\n<meta property=\"og:locale\" content=\"fr_FR\" \/>\n<meta property=\"og:type\" content=\"article\" \/>\n<meta property=\"og:title\" content=\"Il principe bellunese del Foro come Emilio Fede? A \u201c24 Mattino\u201d su Radio 24 Maurizio Paniz sostiene che il decreto anti intercettazioni serve a tutelare tutti i cittadini italiani. E invoca il carcere per i giornalisti che pubblicano atti coperti da segreto investigativo o istruttorio  - Bellunopress - Dolomiti\" \/>\n<meta property=\"og:description\" content=\"&nbsp; E&#8217; successo un&#8217;altra volta. Qualche tempo fa l&#8217;avvocato bellunese Maurizio Paniz, deputato del Pdl, sosteneva a spada tratta la buona fede di Silvio Berlusconi allorquando il premier era sinceramente convinto che la bella Ruby fosse effettivamente nipote di Mubarak. Questa mattina alla trasmissione \u201c24 Mattino\u201d di Radio 24 l&#8217;irreprensibile onorevole bellunese ha sostenuto che\u00a0 [&hellip;]\" \/>\n<meta property=\"og:url\" content=\"https:\/\/www.bellunopress.it\/fr\/2011\/10\/05\/il-principe-bellunese-del-foro-come-emilio-fede-a-\u201c24-mattino\u201d-su-radio-24-maurizio-paniz-sostiene-che-il-decreto-anti-intercettazioni-serve-a-tutelare-tutti-i-cittadini-italiani-e-i\/\" \/>\n<meta property=\"og:site_name\" content=\"Bellunopress - Dolomiti\" \/>\n<meta property=\"article:publisher\" content=\"https:\/\/www.facebook.com\/profile.php?id=100008943462799\" \/>\n<meta property=\"article:published_time\" content=\"2011-10-05T13:36:12+00:00\" \/>\n<meta property=\"article:modified_time\" content=\"2011-10-06T10:42:30+00:00\" \/>\n<meta property=\"og:image\" content=\"http:\/\/www.bellunopress.it\/wp-content\/uploads\/2010\/07\/maurizio-paniz-270x270.jpg\" \/>\n<meta name=\"author\" content=\"redazione\" \/>\n<meta name=\"twitter:card\" content=\"summary_large_image\" \/>\n<meta name=\"twitter:creator\" content=\"@bellunopress\" \/>\n<meta name=\"twitter:site\" content=\"@bellunopress\" \/>\n<meta name=\"twitter:label1\" content=\"\u00c9crit par\" \/>\n\t<meta name=\"twitter:data1\" content=\"redazione\" \/>\n\t<meta name=\"twitter:label2\" content=\"Dur\u00e9e de lecture estim\u00e9e\" \/>\n\t<meta name=\"twitter:data2\" content=\"1 minute\" \/>\n<script type=\"application\/ld+json\" class=\"yoast-schema-graph\">{\"@context\":\"https:\\\/\\\/schema.org\",\"@graph\":[{\"@type\":\"Article\",\"@id\":\"https:\\\/\\\/www.bellunopress.it\\\/2011\\\/10\\\/05\\\/il-principe-bellunese-del-foro-come-emilio-fede-a-%e2%80%9c24-mattino%e2%80%9d-su-radio-24-maurizio-paniz-sostiene-che-il-decreto-anti-intercettazioni-serve-a-tutelare-tutti-i-cittadini-italiani-e-i\\\/#article\",\"isPartOf\":{\"@id\":\"https:\\\/\\\/www.bellunopress.it\\\/2011\\\/10\\\/05\\\/il-principe-bellunese-del-foro-come-emilio-fede-a-%e2%80%9c24-mattino%e2%80%9d-su-radio-24-maurizio-paniz-sostiene-che-il-decreto-anti-intercettazioni-serve-a-tutelare-tutti-i-cittadini-italiani-e-i\\\/\"},\"author\":{\"name\":\"redazione\",\"@id\":\"https:\\\/\\\/www.bellunopress.it\\\/#\\\/schema\\\/person\\\/79bb06722b37ece1c03d3e94beb30d73\"},\"headline\":\"Il principe bellunese del Foro come Emilio Fede? A \u201c24 Mattino\u201d su Radio 24 Maurizio Paniz sostiene che il decreto anti intercettazioni serve a tutelare tutti i cittadini italiani. E invoca il carcere per i giornalisti che pubblicano atti coperti da segreto investigativo o istruttorio\",\"datePublished\":\"2011-10-05T13:36:12+00:00\",\"dateModified\":\"2011-10-06T10:42:30+00:00\",\"mainEntityOfPage\":{\"@id\":\"https:\\\/\\\/www.bellunopress.it\\\/2011\\\/10\\\/05\\\/il-principe-bellunese-del-foro-come-emilio-fede-a-%e2%80%9c24-mattino%e2%80%9d-su-radio-24-maurizio-paniz-sostiene-che-il-decreto-anti-intercettazioni-serve-a-tutelare-tutti-i-cittadini-italiani-e-i\\\/\"},\"wordCount\":246,\"publisher\":{\"@id\":\"https:\\\/\\\/www.bellunopress.it\\\/#organization\"},\"image\":{\"@id\":\"https:\\\/\\\/www.bellunopress.it\\\/2011\\\/10\\\/05\\\/il-principe-bellunese-del-foro-come-emilio-fede-a-%e2%80%9c24-mattino%e2%80%9d-su-radio-24-maurizio-paniz-sostiene-che-il-decreto-anti-intercettazioni-serve-a-tutelare-tutti-i-cittadini-italiani-e-i\\\/#primaryimage\"},\"thumbnailUrl\":\"http:\\\/\\\/www.bellunopress.it\\\/wp-content\\\/uploads\\\/2010\\\/07\\\/maurizio-paniz-270x270.jpg\",\"articleSection\":[\"Lettere Opinioni\"],\"inLanguage\":\"fr-FR\"},{\"@type\":\"WebPage\",\"@id\":\"https:\\\/\\\/www.bellunopress.it\\\/2011\\\/10\\\/05\\\/il-principe-bellunese-del-foro-come-emilio-fede-a-%e2%80%9c24-mattino%e2%80%9d-su-radio-24-maurizio-paniz-sostiene-che-il-decreto-anti-intercettazioni-serve-a-tutelare-tutti-i-cittadini-italiani-e-i\\\/\",\"url\":\"https:\\\/\\\/www.bellunopress.it\\\/2011\\\/10\\\/05\\\/il-principe-bellunese-del-foro-come-emilio-fede-a-%e2%80%9c24-mattino%e2%80%9d-su-radio-24-maurizio-paniz-sostiene-che-il-decreto-anti-intercettazioni-serve-a-tutelare-tutti-i-cittadini-italiani-e-i\\\/\",\"name\":\"Il principe bellunese del Foro come Emilio Fede? A \u201c24 Mattino\u201d su Radio 24 Maurizio Paniz sostiene che il decreto anti intercettazioni serve a tutelare tutti i cittadini italiani. E invoca il carcere per i giornalisti che pubblicano atti coperti da segreto investigativo o istruttorio - Bellunopress - Dolomiti\",\"isPartOf\":{\"@id\":\"https:\\\/\\\/www.bellunopress.it\\\/#website\"},\"primaryImageOfPage\":{\"@id\":\"https:\\\/\\\/www.bellunopress.it\\\/2011\\\/10\\\/05\\\/il-principe-bellunese-del-foro-come-emilio-fede-a-%e2%80%9c24-mattino%e2%80%9d-su-radio-24-maurizio-paniz-sostiene-che-il-decreto-anti-intercettazioni-serve-a-tutelare-tutti-i-cittadini-italiani-e-i\\\/#primaryimage\"},\"image\":{\"@id\":\"https:\\\/\\\/www.bellunopress.it\\\/2011\\\/10\\\/05\\\/il-principe-bellunese-del-foro-come-emilio-fede-a-%e2%80%9c24-mattino%e2%80%9d-su-radio-24-maurizio-paniz-sostiene-che-il-decreto-anti-intercettazioni-serve-a-tutelare-tutti-i-cittadini-italiani-e-i\\\/#primaryimage\"},\"thumbnailUrl\":\"http:\\\/\\\/www.bellunopress.it\\\/wp-content\\\/uploads\\\/2010\\\/07\\\/maurizio-paniz-270x270.jpg\",\"datePublished\":\"2011-10-05T13:36:12+00:00\",\"dateModified\":\"2011-10-06T10:42:30+00:00\",\"breadcrumb\":{\"@id\":\"https:\\\/\\\/www.bellunopress.it\\\/2011\\\/10\\\/05\\\/il-principe-bellunese-del-foro-come-emilio-fede-a-%e2%80%9c24-mattino%e2%80%9d-su-radio-24-maurizio-paniz-sostiene-che-il-decreto-anti-intercettazioni-serve-a-tutelare-tutti-i-cittadini-italiani-e-i\\\/#breadcrumb\"},\"inLanguage\":\"fr-FR\",\"potentialAction\":[{\"@type\":\"ReadAction\",\"target\":[\"https:\\\/\\\/www.bellunopress.it\\\/2011\\\/10\\\/05\\\/il-principe-bellunese-del-foro-come-emilio-fede-a-%e2%80%9c24-mattino%e2%80%9d-su-radio-24-maurizio-paniz-sostiene-che-il-decreto-anti-intercettazioni-serve-a-tutelare-tutti-i-cittadini-italiani-e-i\\\/\"]}]},{\"@type\":\"ImageObject\",\"inLanguage\":\"fr-FR\",\"@id\":\"https:\\\/\\\/www.bellunopress.it\\\/2011\\\/10\\\/05\\\/il-principe-bellunese-del-foro-come-emilio-fede-a-%e2%80%9c24-mattino%e2%80%9d-su-radio-24-maurizio-paniz-sostiene-che-il-decreto-anti-intercettazioni-serve-a-tutelare-tutti-i-cittadini-italiani-e-i\\\/#primaryimage\",\"url\":\"http:\\\/\\\/www.bellunopress.it\\\/wp-content\\\/uploads\\\/2010\\\/07\\\/maurizio-paniz-270x270.jpg\",\"contentUrl\":\"http:\\\/\\\/www.bellunopress.it\\\/wp-content\\\/uploads\\\/2010\\\/07\\\/maurizio-paniz-270x270.jpg\"},{\"@type\":\"BreadcrumbList\",\"@id\":\"https:\\\/\\\/www.bellunopress.it\\\/2011\\\/10\\\/05\\\/il-principe-bellunese-del-foro-come-emilio-fede-a-%e2%80%9c24-mattino%e2%80%9d-su-radio-24-maurizio-paniz-sostiene-che-il-decreto-anti-intercettazioni-serve-a-tutelare-tutti-i-cittadini-italiani-e-i\\\/#breadcrumb\",\"itemListElement\":[{\"@type\":\"ListItem\",\"position\":1,\"name\":\"Home\",\"item\":\"https:\\\/\\\/www.bellunopress.it\\\/\"},{\"@type\":\"ListItem\",\"position\":2,\"name\":\"Il principe bellunese del Foro come Emilio Fede? A \u201c24 Mattino\u201d su Radio 24 Maurizio Paniz sostiene che il decreto anti intercettazioni serve a tutelare tutti i cittadini italiani. E invoca il carcere per i giornalisti che pubblicano atti coperti da segreto investigativo o istruttorio\"}]},{\"@type\":\"WebSite\",\"@id\":\"https:\\\/\\\/www.bellunopress.it\\\/#website\",\"url\":\"https:\\\/\\\/www.bellunopress.it\\\/\",\"name\":\"Bellunopress - Dolomiti\",\"description\":\"e-mail: redazione@bellunopress.it\",\"publisher\":{\"@id\":\"https:\\\/\\\/www.bellunopress.it\\\/#organization\"},\"potentialAction\":[{\"@type\":\"SearchAction\",\"target\":{\"@type\":\"EntryPoint\",\"urlTemplate\":\"https:\\\/\\\/www.bellunopress.it\\\/?s={search_term_string}\"},\"query-input\":{\"@type\":\"PropertyValueSpecification\",\"valueRequired\":true,\"valueName\":\"search_term_string\"}}],\"inLanguage\":\"fr-FR\"},{\"@type\":\"Organization\",\"@id\":\"https:\\\/\\\/www.bellunopress.it\\\/#organization\",\"name\":\"Bellunopress\",\"url\":\"https:\\\/\\\/www.bellunopress.it\\\/\",\"logo\":{\"@type\":\"ImageObject\",\"inLanguage\":\"fr-FR\",\"@id\":\"https:\\\/\\\/www.bellunopress.it\\\/#\\\/schema\\\/logo\\\/image\\\/\",\"url\":\"https:\\\/\\\/www.bellunopress.it\\\/wp-content\\\/uploads\\\/2011\\\/05\\\/cropped-logo-bellunopress-.jpg\",\"contentUrl\":\"https:\\\/\\\/www.bellunopress.it\\\/wp-content\\\/uploads\\\/2011\\\/05\\\/cropped-logo-bellunopress-.jpg\",\"width\":512,\"height\":512,\"caption\":\"Bellunopress\"},\"image\":{\"@id\":\"https:\\\/\\\/www.bellunopress.it\\\/#\\\/schema\\\/logo\\\/image\\\/\"},\"sameAs\":[\"https:\\\/\\\/www.facebook.com\\\/profile.php?id=100008943462799\",\"https:\\\/\\\/x.com\\\/bellunopress\",\"https:\\\/\\\/www.linkedin.com\\\/hp\\\/?dnr=JBzUWaJfMUw8vbXJJ2tVW5-I3jZKvC4wsoxE&amp;amp;amp;amp;amp;amp;trk=nav_responsive_tab_home\",\"https:\\\/\\\/www.youtube.com\\\/channel\\\/UCxL0wu1uN0_3_7hGG0306cw\"]},{\"@type\":\"Person\",\"@id\":\"https:\\\/\\\/www.bellunopress.it\\\/#\\\/schema\\\/person\\\/79bb06722b37ece1c03d3e94beb30d73\",\"name\":\"redazione\",\"image\":{\"@type\":\"ImageObject\",\"inLanguage\":\"fr-FR\",\"@id\":\"https:\\\/\\\/secure.gravatar.com\\\/avatar\\\/37d968a2e67a6fd04c169c4bdef102d0bc5d31b2546345219e348575eb80e9a0?s=96&d=mm&r=g\",\"url\":\"https:\\\/\\\/secure.gravatar.com\\\/avatar\\\/37d968a2e67a6fd04c169c4bdef102d0bc5d31b2546345219e348575eb80e9a0?s=96&d=mm&r=g\",\"contentUrl\":\"https:\\\/\\\/secure.gravatar.com\\\/avatar\\\/37d968a2e67a6fd04c169c4bdef102d0bc5d31b2546345219e348575eb80e9a0?s=96&d=mm&r=g\",\"caption\":\"redazione\"},\"sameAs\":[\"http:\\\/\\\/www.bellunopress.it\",\"https:\\\/\\\/x.com\\\/bellunopress\"],\"url\":\"https:\\\/\\\/www.bellunopress.it\\\/fr\\\/author\\\/redazione\\\/\"}]}<\/script>\n<!-- \/ Yoast SEO plugin. -->","yoast_head_json":{"title":"Il principe bellunese del Foro come Emilio Fede? A \u201c24 Mattino\u201d su Radio 24 Maurizio Paniz sostiene che il decreto anti intercettazioni serve a tutelare tutti i cittadini italiani. E invoca il carcere per i giornalisti che pubblicano atti coperti da segreto investigativo o istruttorio  - Bellunopress - Dolomiti","robots":{"index":"index","follow":"follow","max-snippet":"max-snippet:-1","max-image-preview":"max-image-preview:large","max-video-preview":"max-video-preview:-1"},"canonical":"https:\/\/www.bellunopress.it\/fr\/2011\/10\/05\/il-principe-bellunese-del-foro-come-emilio-fede-a-\u201c24-mattino\u201d-su-radio-24-maurizio-paniz-sostiene-che-il-decreto-anti-intercettazioni-serve-a-tutelare-tutti-i-cittadini-italiani-e-i\/","og_locale":"fr_FR","og_type":"article","og_title":"Il principe bellunese del Foro come Emilio Fede? A \u201c24 Mattino\u201d su Radio 24 Maurizio Paniz sostiene che il decreto anti intercettazioni serve a tutelare tutti i cittadini italiani. E invoca il carcere per i giornalisti che pubblicano atti coperti da segreto investigativo o istruttorio  - Bellunopress - Dolomiti","og_description":"&nbsp; E&#8217; successo un&#8217;altra volta. Qualche tempo fa l&#8217;avvocato bellunese Maurizio Paniz, deputato del Pdl, sosteneva a spada tratta la buona fede di Silvio Berlusconi allorquando il premier era sinceramente convinto che la bella Ruby fosse effettivamente nipote di Mubarak. Questa mattina alla trasmissione \u201c24 Mattino\u201d di Radio 24 l&#8217;irreprensibile onorevole bellunese ha sostenuto che\u00a0 [&hellip;]","og_url":"https:\/\/www.bellunopress.it\/fr\/2011\/10\/05\/il-principe-bellunese-del-foro-come-emilio-fede-a-\u201c24-mattino\u201d-su-radio-24-maurizio-paniz-sostiene-che-il-decreto-anti-intercettazioni-serve-a-tutelare-tutti-i-cittadini-italiani-e-i\/","og_site_name":"Bellunopress - Dolomiti","article_publisher":"https:\/\/www.facebook.com\/profile.php?id=100008943462799","article_published_time":"2011-10-05T13:36:12+00:00","article_modified_time":"2011-10-06T10:42:30+00:00","og_image":[{"url":"http:\/\/www.bellunopress.it\/wp-content\/uploads\/2010\/07\/maurizio-paniz-270x270.jpg","type":"","width":"","height":""}],"author":"redazione","twitter_card":"summary_large_image","twitter_creator":"@bellunopress","twitter_site":"@bellunopress","twitter_misc":{"\u00c9crit par":"redazione","Dur\u00e9e de lecture estim\u00e9e":"1 minute"},"schema":{"@context":"https:\/\/schema.org","@graph":[{"@type":"Article","@id":"https:\/\/www.bellunopress.it\/2011\/10\/05\/il-principe-bellunese-del-foro-come-emilio-fede-a-%e2%80%9c24-mattino%e2%80%9d-su-radio-24-maurizio-paniz-sostiene-che-il-decreto-anti-intercettazioni-serve-a-tutelare-tutti-i-cittadini-italiani-e-i\/#article","isPartOf":{"@id":"https:\/\/www.bellunopress.it\/2011\/10\/05\/il-principe-bellunese-del-foro-come-emilio-fede-a-%e2%80%9c24-mattino%e2%80%9d-su-radio-24-maurizio-paniz-sostiene-che-il-decreto-anti-intercettazioni-serve-a-tutelare-tutti-i-cittadini-italiani-e-i\/"},"author":{"name":"redazione","@id":"https:\/\/www.bellunopress.it\/#\/schema\/person\/79bb06722b37ece1c03d3e94beb30d73"},"headline":"Il principe bellunese del Foro come Emilio Fede? A \u201c24 Mattino\u201d su Radio 24 Maurizio Paniz sostiene che il decreto anti intercettazioni serve a tutelare tutti i cittadini italiani. E invoca il carcere per i giornalisti che pubblicano atti coperti da segreto investigativo o istruttorio","datePublished":"2011-10-05T13:36:12+00:00","dateModified":"2011-10-06T10:42:30+00:00","mainEntityOfPage":{"@id":"https:\/\/www.bellunopress.it\/2011\/10\/05\/il-principe-bellunese-del-foro-come-emilio-fede-a-%e2%80%9c24-mattino%e2%80%9d-su-radio-24-maurizio-paniz-sostiene-che-il-decreto-anti-intercettazioni-serve-a-tutelare-tutti-i-cittadini-italiani-e-i\/"},"wordCount":246,"publisher":{"@id":"https:\/\/www.bellunopress.it\/#organization"},"image":{"@id":"https:\/\/www.bellunopress.it\/2011\/10\/05\/il-principe-bellunese-del-foro-come-emilio-fede-a-%e2%80%9c24-mattino%e2%80%9d-su-radio-24-maurizio-paniz-sostiene-che-il-decreto-anti-intercettazioni-serve-a-tutelare-tutti-i-cittadini-italiani-e-i\/#primaryimage"},"thumbnailUrl":"http:\/\/www.bellunopress.it\/wp-content\/uploads\/2010\/07\/maurizio-paniz-270x270.jpg","articleSection":["Lettere Opinioni"],"inLanguage":"fr-FR"},{"@type":"WebPage","@id":"https:\/\/www.bellunopress.it\/2011\/10\/05\/il-principe-bellunese-del-foro-come-emilio-fede-a-%e2%80%9c24-mattino%e2%80%9d-su-radio-24-maurizio-paniz-sostiene-che-il-decreto-anti-intercettazioni-serve-a-tutelare-tutti-i-cittadini-italiani-e-i\/","url":"https:\/\/www.bellunopress.it\/2011\/10\/05\/il-principe-bellunese-del-foro-come-emilio-fede-a-%e2%80%9c24-mattino%e2%80%9d-su-radio-24-maurizio-paniz-sostiene-che-il-decreto-anti-intercettazioni-serve-a-tutelare-tutti-i-cittadini-italiani-e-i\/","name":"Il principe bellunese del Foro come Emilio Fede? A \u201c24 Mattino\u201d su Radio 24 Maurizio Paniz sostiene che il decreto anti intercettazioni serve a tutelare tutti i cittadini italiani. E invoca il carcere per i giornalisti che pubblicano atti coperti da segreto investigativo o istruttorio - Bellunopress - Dolomiti","isPartOf":{"@id":"https:\/\/www.bellunopress.it\/#website"},"primaryImageOfPage":{"@id":"https:\/\/www.bellunopress.it\/2011\/10\/05\/il-principe-bellunese-del-foro-come-emilio-fede-a-%e2%80%9c24-mattino%e2%80%9d-su-radio-24-maurizio-paniz-sostiene-che-il-decreto-anti-intercettazioni-serve-a-tutelare-tutti-i-cittadini-italiani-e-i\/#primaryimage"},"image":{"@id":"https:\/\/www.bellunopress.it\/2011\/10\/05\/il-principe-bellunese-del-foro-come-emilio-fede-a-%e2%80%9c24-mattino%e2%80%9d-su-radio-24-maurizio-paniz-sostiene-che-il-decreto-anti-intercettazioni-serve-a-tutelare-tutti-i-cittadini-italiani-e-i\/#primaryimage"},"thumbnailUrl":"http:\/\/www.bellunopress.it\/wp-content\/uploads\/2010\/07\/maurizio-paniz-270x270.jpg","datePublished":"2011-10-05T13:36:12+00:00","dateModified":"2011-10-06T10:42:30+00:00","breadcrumb":{"@id":"https:\/\/www.bellunopress.it\/2011\/10\/05\/il-principe-bellunese-del-foro-come-emilio-fede-a-%e2%80%9c24-mattino%e2%80%9d-su-radio-24-maurizio-paniz-sostiene-che-il-decreto-anti-intercettazioni-serve-a-tutelare-tutti-i-cittadini-italiani-e-i\/#breadcrumb"},"inLanguage":"fr-FR","potentialAction":[{"@type":"ReadAction","target":["https:\/\/www.bellunopress.it\/2011\/10\/05\/il-principe-bellunese-del-foro-come-emilio-fede-a-%e2%80%9c24-mattino%e2%80%9d-su-radio-24-maurizio-paniz-sostiene-che-il-decreto-anti-intercettazioni-serve-a-tutelare-tutti-i-cittadini-italiani-e-i\/"]}]},{"@type":"ImageObject","inLanguage":"fr-FR","@id":"https:\/\/www.bellunopress.it\/2011\/10\/05\/il-principe-bellunese-del-foro-come-emilio-fede-a-%e2%80%9c24-mattino%e2%80%9d-su-radio-24-maurizio-paniz-sostiene-che-il-decreto-anti-intercettazioni-serve-a-tutelare-tutti-i-cittadini-italiani-e-i\/#primaryimage","url":"http:\/\/www.bellunopress.it\/wp-content\/uploads\/2010\/07\/maurizio-paniz-270x270.jpg","contentUrl":"http:\/\/www.bellunopress.it\/wp-content\/uploads\/2010\/07\/maurizio-paniz-270x270.jpg"},{"@type":"BreadcrumbList","@id":"https:\/\/www.bellunopress.it\/2011\/10\/05\/il-principe-bellunese-del-foro-come-emilio-fede-a-%e2%80%9c24-mattino%e2%80%9d-su-radio-24-maurizio-paniz-sostiene-che-il-decreto-anti-intercettazioni-serve-a-tutelare-tutti-i-cittadini-italiani-e-i\/#breadcrumb","itemListElement":[{"@type":"ListItem","position":1,"name":"Home","item":"https:\/\/www.bellunopress.it\/"},{"@type":"ListItem","position":2,"name":"Il principe bellunese del Foro come Emilio Fede? A \u201c24 Mattino\u201d su Radio 24 Maurizio Paniz sostiene che il decreto anti intercettazioni serve a tutelare tutti i cittadini italiani. E invoca il carcere per i giornalisti che pubblicano atti coperti da segreto investigativo o istruttorio"}]},{"@type":"WebSite","@id":"https:\/\/www.bellunopress.it\/#website","url":"https:\/\/www.bellunopress.it\/","name":"Bellunopress - Dolomiti","description":"e-mail: redazione@bellunopress.it","publisher":{"@id":"https:\/\/www.bellunopress.it\/#organization"},"potentialAction":[{"@type":"SearchAction","target":{"@type":"EntryPoint","urlTemplate":"https:\/\/www.bellunopress.it\/?s={search_term_string}"},"query-input":{"@type":"PropertyValueSpecification","valueRequired":true,"valueName":"search_term_string"}}],"inLanguage":"fr-FR"},{"@type":"Organization","@id":"https:\/\/www.bellunopress.it\/#organization","name":"Bellunopress","url":"https:\/\/www.bellunopress.it\/","logo":{"@type":"ImageObject","inLanguage":"fr-FR","@id":"https:\/\/www.bellunopress.it\/#\/schema\/logo\/image\/","url":"https:\/\/www.bellunopress.it\/wp-content\/uploads\/2011\/05\/cropped-logo-bellunopress-.jpg","contentUrl":"https:\/\/www.bellunopress.it\/wp-content\/uploads\/2011\/05\/cropped-logo-bellunopress-.jpg","width":512,"height":512,"caption":"Bellunopress"},"image":{"@id":"https:\/\/www.bellunopress.it\/#\/schema\/logo\/image\/"},"sameAs":["https:\/\/www.facebook.com\/profile.php?id=100008943462799","https:\/\/x.com\/bellunopress","https:\/\/www.linkedin.com\/hp\/?dnr=JBzUWaJfMUw8vbXJJ2tVW5-I3jZKvC4wsoxE&amp;amp;amp;amp;amp;amp;trk=nav_responsive_tab_home","https:\/\/www.youtube.com\/channel\/UCxL0wu1uN0_3_7hGG0306cw"]},{"@type":"Person","@id":"https:\/\/www.bellunopress.it\/#\/schema\/person\/79bb06722b37ece1c03d3e94beb30d73","name":"r\u00e9daction","image":{"@type":"ImageObject","inLanguage":"fr-FR","@id":"https:\/\/secure.gravatar.com\/avatar\/37d968a2e67a6fd04c169c4bdef102d0bc5d31b2546345219e348575eb80e9a0?s=96&d=mm&r=g","url":"https:\/\/secure.gravatar.com\/avatar\/37d968a2e67a6fd04c169c4bdef102d0bc5d31b2546345219e348575eb80e9a0?s=96&d=mm&r=g","contentUrl":"https:\/\/secure.gravatar.com\/avatar\/37d968a2e67a6fd04c169c4bdef102d0bc5d31b2546345219e348575eb80e9a0?s=96&d=mm&r=g","caption":"redazione"},"sameAs":["http:\/\/www.bellunopress.it","https:\/\/x.com\/bellunopress"],"url":"https:\/\/www.bellunopress.it\/fr\/author\/redazione\/"}]}},"_links":{"self":[{"href":"https:\/\/www.bellunopress.it\/fr\/wp-json\/wp\/v2\/posts\/31176","targetHints":{"allow":["GET"]}}],"collection":[{"href":"https:\/\/www.bellunopress.it\/fr\/wp-json\/wp\/v2\/posts"}],"about":[{"href":"https:\/\/www.bellunopress.it\/fr\/wp-json\/wp\/v2\/types\/post"}],"author":[{"embeddable":true,"href":"https:\/\/www.bellunopress.it\/fr\/wp-json\/wp\/v2\/users\/2"}],"replies":[{"embeddable":true,"href":"https:\/\/www.bellunopress.it\/fr\/wp-json\/wp\/v2\/comments?post=31176"}],"version-history":[{"count":2,"href":"https:\/\/www.bellunopress.it\/fr\/wp-json\/wp\/v2\/posts\/31176\/revisions"}],"predecessor-version":[{"id":31213,"href":"https:\/\/www.bellunopress.it\/fr\/wp-json\/wp\/v2\/posts\/31176\/revisions\/31213"}],"wp:attachment":[{"href":"https:\/\/www.bellunopress.it\/fr\/wp-json\/wp\/v2\/media?parent=31176"}],"wp:term":[{"taxonomy":"category","embeddable":true,"href":"https:\/\/www.bellunopress.it\/fr\/wp-json\/wp\/v2\/categories?post=31176"},{"taxonomy":"post_tag","embeddable":true,"href":"https:\/\/www.bellunopress.it\/fr\/wp-json\/wp\/v2\/tags?post=31176"}],"curies":[{"name":"wp","href":"https:\/\/api.w.org\/{rel}","templated":true}]}}