{"id":31145,"date":"2011-10-06T15:37:37","date_gmt":"2011-10-06T14:37:37","guid":{"rendered":"http:\/\/www.bellunopress.it\/?p=31145"},"modified":"2011-10-04T15:40:57","modified_gmt":"2011-10-04T14:40:57","slug":"sabato-a-pedavena-apre-lo-showroom-di-giada-bassani","status":"publish","type":"post","link":"https:\/\/www.bellunopress.it\/fr\/2011\/10\/06\/sabato-a-pedavena-apre-lo-showroom-di-giada-bassani\/","title":{"rendered":"Sabato a Pedavena apre lo Showroom di Giada Bassani"},"content":{"rendered":"<p>Sabato 8 ottobre alle ore 17.30 Pedavena far\u00e0 un tuffo nella moda con l&#8217;opening dello showroom di Giada Bassani. Una giovane modellista che ha deciso di aprire un proprio spazio in via Vittorio Veneto a Pedavena, in cui offrire la sua collezione. <a href=\"http:\/\/www.bellunopress.it\/wp-content\/uploads\/2011\/10\/laboratorio-moda-giada-bassani-pedavena.jpg\"><img loading=\"lazy\" decoding=\"async\" class=\"alignleft size-full wp-image-31146\" title=\"laboratorio moda giada bassani pedavena\" src=\"http:\/\/www.bellunopress.it\/wp-content\/uploads\/2011\/10\/laboratorio-moda-giada-bassani-pedavena.jpg\" alt=\"\" width=\"270\" height=\"111\" \/><\/a>I capi ideati e creati dalle mani esperte di Giada daranno un nuovo tocco di colore alla cittadina, ormai quasi completamente svuotati di negozi, soprattutto di abbigliamento.<br \/>\nI modelli presentati all&#8217;interno dello showroom si prestano ad essere adattati ai desideri delle clienti pi\u00f9 esigenti e alle taglie pi\u00f9 comode. Ogni capo pu\u00f2 essere infatti personalizzato con i tessuti preferiti, nelle tonalit\u00e0 prescelte, della perfetta misura del corpo.<br \/>\nLabModa.it \u00e8 anche una risposta alternativa alle esigenze di mercato per donne normali, che non rientrano nelle piccole taglie proposte dalle grandi marche. Molte donne superano le canoniche misure da modella imposte dagli stylist e spesso \u00e8 una difficolt\u00e0 oggettiva trovare capi di qualit\u00e0 over 46. Giada Bassani si propone quindi di colmare quest&#8217;assenza di offerta con i suoi modelli giovani ed eleganti che possono essere adattati in figura.<br \/>\nL&#8217;artigianato di qualit\u00e0 arriva dunque ad essere davvero per tutte le taglie e per tutti i gusti.<\/p>","protected":false},"excerpt":{"rendered":"<p>Sabato 8 ottobre alle ore 17.30 Pedavena far\u00e0 un tuffo nella moda con l&#8217;opening dello showroom di Giada Bassani. Una giovane modellista che ha deciso di aprire un proprio spazio in via Vittorio Veneto a Pedavena, in cui offrire la sua collezione. I capi ideati e creati dalle mani esperte di Giada daranno un nuovo [&hellip;]<\/p>\n","protected":false},"author":2,"featured_media":0,"comment_status":"closed","ping_status":"open","sticky":false,"template":"","format":"standard","meta":{"footnotes":""},"categories":[27,36,25],"tags":[],"class_list":["post-31145","post","type-post","status-publish","format-standard","category-appuntamenti","category-lavoro-economia","category-pausa-caffe"],"yoast_head":"<!-- This site is optimized with the Yoast SEO plugin v28.4 - https:\/\/yoast.com\/product\/yoast-seo-wordpress\/ -->\n<title>Sabato a Pedavena apre lo Showroom di Giada Bassani - Bellunopress - Dolomiti<\/title>\n<meta name=\"robots\" content=\"index, follow, max-snippet:-1, max-image-preview:large, max-video-preview:-1\" \/>\n<link rel=\"canonical\" href=\"https:\/\/www.bellunopress.it\/fr\/2011\/10\/06\/sabato-a-pedavena-apre-lo-showroom-di-giada-bassani\/\" \/>\n<meta property=\"og:locale\" content=\"fr_FR\" \/>\n<meta property=\"og:type\" content=\"article\" \/>\n<meta property=\"og:title\" content=\"Sabato a Pedavena apre lo Showroom di Giada Bassani - Bellunopress - Dolomiti\" \/>\n<meta property=\"og:description\" content=\"Sabato 8 ottobre alle ore 17.30 Pedavena far\u00e0 un tuffo nella moda con l&#8217;opening dello showroom di Giada Bassani. Una giovane modellista che ha deciso di aprire un proprio spazio in via Vittorio Veneto a Pedavena, in cui offrire la sua collezione. I capi ideati e creati dalle mani esperte di Giada daranno un nuovo [&hellip;]\" \/>\n<meta property=\"og:url\" content=\"https:\/\/www.bellunopress.it\/fr\/2011\/10\/06\/sabato-a-pedavena-apre-lo-showroom-di-giada-bassani\/\" \/>\n<meta property=\"og:site_name\" content=\"Bellunopress - Dolomiti\" \/>\n<meta property=\"article:publisher\" content=\"https:\/\/www.facebook.com\/profile.php?id=100008943462799\" \/>\n<meta property=\"article:published_time\" content=\"2011-10-06T14:37:37+00:00\" \/>\n<meta property=\"og:image\" content=\"http:\/\/www.bellunopress.it\/wp-content\/uploads\/2011\/10\/laboratorio-moda-giada-bassani-pedavena.jpg\" \/>\n<meta name=\"author\" content=\"redazione\" \/>\n<meta name=\"twitter:card\" content=\"summary_large_image\" \/>\n<meta name=\"twitter:creator\" content=\"@bellunopress\" \/>\n<meta name=\"twitter:site\" content=\"@bellunopress\" \/>\n<meta name=\"twitter:label1\" content=\"\u00c9crit par\" \/>\n\t<meta name=\"twitter:data1\" content=\"redazione\" \/>\n\t<meta name=\"twitter:label2\" content=\"Dur\u00e9e de lecture estim\u00e9e\" \/>\n\t<meta name=\"twitter:data2\" content=\"1 minute\" \/>\n<script type=\"application\/ld+json\" class=\"yoast-schema-graph\">{\"@context\":\"https:\\\/\\\/schema.org\",\"@graph\":[{\"@type\":\"Article\",\"@id\":\"https:\\\/\\\/www.bellunopress.it\\\/2011\\\/10\\\/06\\\/sabato-a-pedavena-apre-lo-showroom-di-giada-bassani\\\/#article\",\"isPartOf\":{\"@id\":\"https:\\\/\\\/www.bellunopress.it\\\/2011\\\/10\\\/06\\\/sabato-a-pedavena-apre-lo-showroom-di-giada-bassani\\\/\"},\"author\":{\"name\":\"redazione\",\"@id\":\"https:\\\/\\\/www.bellunopress.it\\\/#\\\/schema\\\/person\\\/79bb06722b37ece1c03d3e94beb30d73\"},\"headline\":\"Sabato a Pedavena apre lo Showroom di Giada Bassani\",\"datePublished\":\"2011-10-06T14:37:37+00:00\",\"mainEntityOfPage\":{\"@id\":\"https:\\\/\\\/www.bellunopress.it\\\/2011\\\/10\\\/06\\\/sabato-a-pedavena-apre-lo-showroom-di-giada-bassani\\\/\"},\"wordCount\":204,\"publisher\":{\"@id\":\"https:\\\/\\\/www.bellunopress.it\\\/#organization\"},\"image\":{\"@id\":\"https:\\\/\\\/www.bellunopress.it\\\/2011\\\/10\\\/06\\\/sabato-a-pedavena-apre-lo-showroom-di-giada-bassani\\\/#primaryimage\"},\"thumbnailUrl\":\"http:\\\/\\\/www.bellunopress.it\\\/wp-content\\\/uploads\\\/2011\\\/10\\\/laboratorio-moda-giada-bassani-pedavena.jpg\",\"articleSection\":[\"Appuntamenti, Eventi\",\"Lavoro, Economia, Turismo\",\"Pausa Caff\u00e8\"],\"inLanguage\":\"fr-FR\"},{\"@type\":\"WebPage\",\"@id\":\"https:\\\/\\\/www.bellunopress.it\\\/2011\\\/10\\\/06\\\/sabato-a-pedavena-apre-lo-showroom-di-giada-bassani\\\/\",\"url\":\"https:\\\/\\\/www.bellunopress.it\\\/2011\\\/10\\\/06\\\/sabato-a-pedavena-apre-lo-showroom-di-giada-bassani\\\/\",\"name\":\"Sabato a Pedavena apre lo Showroom di Giada Bassani - Bellunopress - Dolomiti\",\"isPartOf\":{\"@id\":\"https:\\\/\\\/www.bellunopress.it\\\/#website\"},\"primaryImageOfPage\":{\"@id\":\"https:\\\/\\\/www.bellunopress.it\\\/2011\\\/10\\\/06\\\/sabato-a-pedavena-apre-lo-showroom-di-giada-bassani\\\/#primaryimage\"},\"image\":{\"@id\":\"https:\\\/\\\/www.bellunopress.it\\\/2011\\\/10\\\/06\\\/sabato-a-pedavena-apre-lo-showroom-di-giada-bassani\\\/#primaryimage\"},\"thumbnailUrl\":\"http:\\\/\\\/www.bellunopress.it\\\/wp-content\\\/uploads\\\/2011\\\/10\\\/laboratorio-moda-giada-bassani-pedavena.jpg\",\"datePublished\":\"2011-10-06T14:37:37+00:00\",\"breadcrumb\":{\"@id\":\"https:\\\/\\\/www.bellunopress.it\\\/2011\\\/10\\\/06\\\/sabato-a-pedavena-apre-lo-showroom-di-giada-bassani\\\/#breadcrumb\"},\"inLanguage\":\"fr-FR\",\"potentialAction\":[{\"@type\":\"ReadAction\",\"target\":[\"https:\\\/\\\/www.bellunopress.it\\\/2011\\\/10\\\/06\\\/sabato-a-pedavena-apre-lo-showroom-di-giada-bassani\\\/\"]}]},{\"@type\":\"ImageObject\",\"inLanguage\":\"fr-FR\",\"@id\":\"https:\\\/\\\/www.bellunopress.it\\\/2011\\\/10\\\/06\\\/sabato-a-pedavena-apre-lo-showroom-di-giada-bassani\\\/#primaryimage\",\"url\":\"http:\\\/\\\/www.bellunopress.it\\\/wp-content\\\/uploads\\\/2011\\\/10\\\/laboratorio-moda-giada-bassani-pedavena.jpg\",\"contentUrl\":\"http:\\\/\\\/www.bellunopress.it\\\/wp-content\\\/uploads\\\/2011\\\/10\\\/laboratorio-moda-giada-bassani-pedavena.jpg\"},{\"@type\":\"BreadcrumbList\",\"@id\":\"https:\\\/\\\/www.bellunopress.it\\\/2011\\\/10\\\/06\\\/sabato-a-pedavena-apre-lo-showroom-di-giada-bassani\\\/#breadcrumb\",\"itemListElement\":[{\"@type\":\"ListItem\",\"position\":1,\"name\":\"Home\",\"item\":\"https:\\\/\\\/www.bellunopress.it\\\/\"},{\"@type\":\"ListItem\",\"position\":2,\"name\":\"Sabato a Pedavena apre lo Showroom di Giada Bassani\"}]},{\"@type\":\"WebSite\",\"@id\":\"https:\\\/\\\/www.bellunopress.it\\\/#website\",\"url\":\"https:\\\/\\\/www.bellunopress.it\\\/\",\"name\":\"Bellunopress - Dolomiti\",\"description\":\"e-mail: redazione@bellunopress.it\",\"publisher\":{\"@id\":\"https:\\\/\\\/www.bellunopress.it\\\/#organization\"},\"potentialAction\":[{\"@type\":\"SearchAction\",\"target\":{\"@type\":\"EntryPoint\",\"urlTemplate\":\"https:\\\/\\\/www.bellunopress.it\\\/?s={search_term_string}\"},\"query-input\":{\"@type\":\"PropertyValueSpecification\",\"valueRequired\":true,\"valueName\":\"search_term_string\"}}],\"inLanguage\":\"fr-FR\"},{\"@type\":\"Organization\",\"@id\":\"https:\\\/\\\/www.bellunopress.it\\\/#organization\",\"name\":\"Bellunopress\",\"url\":\"https:\\\/\\\/www.bellunopress.it\\\/\",\"logo\":{\"@type\":\"ImageObject\",\"inLanguage\":\"fr-FR\",\"@id\":\"https:\\\/\\\/www.bellunopress.it\\\/#\\\/schema\\\/logo\\\/image\\\/\",\"url\":\"https:\\\/\\\/www.bellunopress.it\\\/wp-content\\\/uploads\\\/2011\\\/05\\\/cropped-logo-bellunopress-.jpg\",\"contentUrl\":\"https:\\\/\\\/www.bellunopress.it\\\/wp-content\\\/uploads\\\/2011\\\/05\\\/cropped-logo-bellunopress-.jpg\",\"width\":512,\"height\":512,\"caption\":\"Bellunopress\"},\"image\":{\"@id\":\"https:\\\/\\\/www.bellunopress.it\\\/#\\\/schema\\\/logo\\\/image\\\/\"},\"sameAs\":[\"https:\\\/\\\/www.facebook.com\\\/profile.php?id=100008943462799\",\"https:\\\/\\\/x.com\\\/bellunopress\",\"https:\\\/\\\/www.linkedin.com\\\/hp\\\/?dnr=JBzUWaJfMUw8vbXJJ2tVW5-I3jZKvC4wsoxE&amp;amp;amp;amp;amp;amp;trk=nav_responsive_tab_home\",\"https:\\\/\\\/www.youtube.com\\\/channel\\\/UCxL0wu1uN0_3_7hGG0306cw\"]},{\"@type\":\"Person\",\"@id\":\"https:\\\/\\\/www.bellunopress.it\\\/#\\\/schema\\\/person\\\/79bb06722b37ece1c03d3e94beb30d73\",\"name\":\"redazione\",\"image\":{\"@type\":\"ImageObject\",\"inLanguage\":\"fr-FR\",\"@id\":\"https:\\\/\\\/secure.gravatar.com\\\/avatar\\\/37d968a2e67a6fd04c169c4bdef102d0bc5d31b2546345219e348575eb80e9a0?s=96&d=mm&r=g\",\"url\":\"https:\\\/\\\/secure.gravatar.com\\\/avatar\\\/37d968a2e67a6fd04c169c4bdef102d0bc5d31b2546345219e348575eb80e9a0?s=96&d=mm&r=g\",\"contentUrl\":\"https:\\\/\\\/secure.gravatar.com\\\/avatar\\\/37d968a2e67a6fd04c169c4bdef102d0bc5d31b2546345219e348575eb80e9a0?s=96&d=mm&r=g\",\"caption\":\"redazione\"},\"sameAs\":[\"http:\\\/\\\/www.bellunopress.it\",\"https:\\\/\\\/x.com\\\/bellunopress\"],\"url\":\"https:\\\/\\\/www.bellunopress.it\\\/fr\\\/author\\\/redazione\\\/\"}]}<\/script>\n<!-- \/ Yoast SEO plugin. -->","yoast_head_json":{"title":"Sabato a Pedavena apre lo Showroom di Giada Bassani - Bellunopress - Dolomiti","robots":{"index":"index","follow":"follow","max-snippet":"max-snippet:-1","max-image-preview":"max-image-preview:large","max-video-preview":"max-video-preview:-1"},"canonical":"https:\/\/www.bellunopress.it\/fr\/2011\/10\/06\/sabato-a-pedavena-apre-lo-showroom-di-giada-bassani\/","og_locale":"fr_FR","og_type":"article","og_title":"Sabato a Pedavena apre lo Showroom di Giada Bassani - Bellunopress - Dolomiti","og_description":"Sabato 8 ottobre alle ore 17.30 Pedavena far\u00e0 un tuffo nella moda con l&#8217;opening dello showroom di Giada Bassani. Una giovane modellista che ha deciso di aprire un proprio spazio in via Vittorio Veneto a Pedavena, in cui offrire la sua collezione. I capi ideati e creati dalle mani esperte di Giada daranno un nuovo [&hellip;]","og_url":"https:\/\/www.bellunopress.it\/fr\/2011\/10\/06\/sabato-a-pedavena-apre-lo-showroom-di-giada-bassani\/","og_site_name":"Bellunopress - Dolomiti","article_publisher":"https:\/\/www.facebook.com\/profile.php?id=100008943462799","article_published_time":"2011-10-06T14:37:37+00:00","og_image":[{"url":"http:\/\/www.bellunopress.it\/wp-content\/uploads\/2011\/10\/laboratorio-moda-giada-bassani-pedavena.jpg","type":"","width":"","height":""}],"author":"redazione","twitter_card":"summary_large_image","twitter_creator":"@bellunopress","twitter_site":"@bellunopress","twitter_misc":{"\u00c9crit par":"redazione","Dur\u00e9e de lecture estim\u00e9e":"1 minute"},"schema":{"@context":"https:\/\/schema.org","@graph":[{"@type":"Article","@id":"https:\/\/www.bellunopress.it\/2011\/10\/06\/sabato-a-pedavena-apre-lo-showroom-di-giada-bassani\/#article","isPartOf":{"@id":"https:\/\/www.bellunopress.it\/2011\/10\/06\/sabato-a-pedavena-apre-lo-showroom-di-giada-bassani\/"},"author":{"name":"redazione","@id":"https:\/\/www.bellunopress.it\/#\/schema\/person\/79bb06722b37ece1c03d3e94beb30d73"},"headline":"Sabato a Pedavena apre lo Showroom di Giada Bassani","datePublished":"2011-10-06T14:37:37+00:00","mainEntityOfPage":{"@id":"https:\/\/www.bellunopress.it\/2011\/10\/06\/sabato-a-pedavena-apre-lo-showroom-di-giada-bassani\/"},"wordCount":204,"publisher":{"@id":"https:\/\/www.bellunopress.it\/#organization"},"image":{"@id":"https:\/\/www.bellunopress.it\/2011\/10\/06\/sabato-a-pedavena-apre-lo-showroom-di-giada-bassani\/#primaryimage"},"thumbnailUrl":"http:\/\/www.bellunopress.it\/wp-content\/uploads\/2011\/10\/laboratorio-moda-giada-bassani-pedavena.jpg","articleSection":["Appuntamenti, Eventi","Lavoro, Economia, Turismo","Pausa Caff\u00e8"],"inLanguage":"fr-FR"},{"@type":"WebPage","@id":"https:\/\/www.bellunopress.it\/2011\/10\/06\/sabato-a-pedavena-apre-lo-showroom-di-giada-bassani\/","url":"https:\/\/www.bellunopress.it\/2011\/10\/06\/sabato-a-pedavena-apre-lo-showroom-di-giada-bassani\/","name":"Sabato a Pedavena apre lo Showroom di Giada Bassani - Bellunopress - Dolomiti","isPartOf":{"@id":"https:\/\/www.bellunopress.it\/#website"},"primaryImageOfPage":{"@id":"https:\/\/www.bellunopress.it\/2011\/10\/06\/sabato-a-pedavena-apre-lo-showroom-di-giada-bassani\/#primaryimage"},"image":{"@id":"https:\/\/www.bellunopress.it\/2011\/10\/06\/sabato-a-pedavena-apre-lo-showroom-di-giada-bassani\/#primaryimage"},"thumbnailUrl":"http:\/\/www.bellunopress.it\/wp-content\/uploads\/2011\/10\/laboratorio-moda-giada-bassani-pedavena.jpg","datePublished":"2011-10-06T14:37:37+00:00","breadcrumb":{"@id":"https:\/\/www.bellunopress.it\/2011\/10\/06\/sabato-a-pedavena-apre-lo-showroom-di-giada-bassani\/#breadcrumb"},"inLanguage":"fr-FR","potentialAction":[{"@type":"ReadAction","target":["https:\/\/www.bellunopress.it\/2011\/10\/06\/sabato-a-pedavena-apre-lo-showroom-di-giada-bassani\/"]}]},{"@type":"ImageObject","inLanguage":"fr-FR","@id":"https:\/\/www.bellunopress.it\/2011\/10\/06\/sabato-a-pedavena-apre-lo-showroom-di-giada-bassani\/#primaryimage","url":"http:\/\/www.bellunopress.it\/wp-content\/uploads\/2011\/10\/laboratorio-moda-giada-bassani-pedavena.jpg","contentUrl":"http:\/\/www.bellunopress.it\/wp-content\/uploads\/2011\/10\/laboratorio-moda-giada-bassani-pedavena.jpg"},{"@type":"BreadcrumbList","@id":"https:\/\/www.bellunopress.it\/2011\/10\/06\/sabato-a-pedavena-apre-lo-showroom-di-giada-bassani\/#breadcrumb","itemListElement":[{"@type":"ListItem","position":1,"name":"Home","item":"https:\/\/www.bellunopress.it\/"},{"@type":"ListItem","position":2,"name":"Sabato a Pedavena apre lo Showroom di Giada Bassani"}]},{"@type":"WebSite","@id":"https:\/\/www.bellunopress.it\/#website","url":"https:\/\/www.bellunopress.it\/","name":"Bellunopress - Dolomiti","description":"e-mail: redazione@bellunopress.it","publisher":{"@id":"https:\/\/www.bellunopress.it\/#organization"},"potentialAction":[{"@type":"SearchAction","target":{"@type":"EntryPoint","urlTemplate":"https:\/\/www.bellunopress.it\/?s={search_term_string}"},"query-input":{"@type":"PropertyValueSpecification","valueRequired":true,"valueName":"search_term_string"}}],"inLanguage":"fr-FR"},{"@type":"Organization","@id":"https:\/\/www.bellunopress.it\/#organization","name":"Bellunopress","url":"https:\/\/www.bellunopress.it\/","logo":{"@type":"ImageObject","inLanguage":"fr-FR","@id":"https:\/\/www.bellunopress.it\/#\/schema\/logo\/image\/","url":"https:\/\/www.bellunopress.it\/wp-content\/uploads\/2011\/05\/cropped-logo-bellunopress-.jpg","contentUrl":"https:\/\/www.bellunopress.it\/wp-content\/uploads\/2011\/05\/cropped-logo-bellunopress-.jpg","width":512,"height":512,"caption":"Bellunopress"},"image":{"@id":"https:\/\/www.bellunopress.it\/#\/schema\/logo\/image\/"},"sameAs":["https:\/\/www.facebook.com\/profile.php?id=100008943462799","https:\/\/x.com\/bellunopress","https:\/\/www.linkedin.com\/hp\/?dnr=JBzUWaJfMUw8vbXJJ2tVW5-I3jZKvC4wsoxE&amp;amp;amp;amp;amp;amp;trk=nav_responsive_tab_home","https:\/\/www.youtube.com\/channel\/UCxL0wu1uN0_3_7hGG0306cw"]},{"@type":"Person","@id":"https:\/\/www.bellunopress.it\/#\/schema\/person\/79bb06722b37ece1c03d3e94beb30d73","name":"r\u00e9daction","image":{"@type":"ImageObject","inLanguage":"fr-FR","@id":"https:\/\/secure.gravatar.com\/avatar\/37d968a2e67a6fd04c169c4bdef102d0bc5d31b2546345219e348575eb80e9a0?s=96&d=mm&r=g","url":"https:\/\/secure.gravatar.com\/avatar\/37d968a2e67a6fd04c169c4bdef102d0bc5d31b2546345219e348575eb80e9a0?s=96&d=mm&r=g","contentUrl":"https:\/\/secure.gravatar.com\/avatar\/37d968a2e67a6fd04c169c4bdef102d0bc5d31b2546345219e348575eb80e9a0?s=96&d=mm&r=g","caption":"redazione"},"sameAs":["http:\/\/www.bellunopress.it","https:\/\/x.com\/bellunopress"],"url":"https:\/\/www.bellunopress.it\/fr\/author\/redazione\/"}]}},"_links":{"self":[{"href":"https:\/\/www.bellunopress.it\/fr\/wp-json\/wp\/v2\/posts\/31145","targetHints":{"allow":["GET"]}}],"collection":[{"href":"https:\/\/www.bellunopress.it\/fr\/wp-json\/wp\/v2\/posts"}],"about":[{"href":"https:\/\/www.bellunopress.it\/fr\/wp-json\/wp\/v2\/types\/post"}],"author":[{"embeddable":true,"href":"https:\/\/www.bellunopress.it\/fr\/wp-json\/wp\/v2\/users\/2"}],"replies":[{"embeddable":true,"href":"https:\/\/www.bellunopress.it\/fr\/wp-json\/wp\/v2\/comments?post=31145"}],"version-history":[{"count":1,"href":"https:\/\/www.bellunopress.it\/fr\/wp-json\/wp\/v2\/posts\/31145\/revisions"}],"predecessor-version":[{"id":31147,"href":"https:\/\/www.bellunopress.it\/fr\/wp-json\/wp\/v2\/posts\/31145\/revisions\/31147"}],"wp:attachment":[{"href":"https:\/\/www.bellunopress.it\/fr\/wp-json\/wp\/v2\/media?parent=31145"}],"wp:term":[{"taxonomy":"category","embeddable":true,"href":"https:\/\/www.bellunopress.it\/fr\/wp-json\/wp\/v2\/categories?post=31145"},{"taxonomy":"post_tag","embeddable":true,"href":"https:\/\/www.bellunopress.it\/fr\/wp-json\/wp\/v2\/tags?post=31145"}],"curies":[{"name":"wp","href":"https:\/\/api.w.org\/{rel}","templated":true}]}}