{"id":31114,"date":"2011-10-03T19:12:02","date_gmt":"2011-10-03T18:12:02","guid":{"rendered":"http:\/\/www.bellunopress.it\/?p=31114"},"modified":"2011-10-03T19:12:02","modified_gmt":"2011-10-03T18:12:02","slug":"dolomiti-contemporaneeoltre-le-vette-larte-come-display-sulla-natura-rapporti-e-interazioni-martedi-lincontrodibattito-a-sass-muss-di-sospirolo","status":"publish","type":"post","link":"https:\/\/www.bellunopress.it\/fr\/2011\/10\/03\/dolomiti-contemporaneeoltre-le-vette-larte-come-display-sulla-natura-rapporti-e-interazioni-martedi-lincontrodibattito-a-sass-muss-di-sospirolo\/","title":{"rendered":"Dolomiti Contemporanee\/Oltre le Vette: l&#8217;arte come display sulla natura &#8211; rapporti e interazioni. Marted\u00ec l&#8217;incontro\/dibattito a Sass Muss di Sospirolo"},"content":{"rendered":"<p>Marted\u00ec 4 ottobre Dolomiti Contemporanee incontra Oltre le Vette. Alle ore 17.30, presso la cittadella\/fabbrica dell&#8217;arte di Sass Muss, si parler\u00e0 d&#8217;arte e di natura. Nessuno star\u00e0 seduto. Cammineremo, da un padiglione all&#8217;altro, e nello spazio aperto tra i padiglioni, parlando delle opere, spiegando il loro rapporto con l&#8217;ambiente e la natura, ed il senso del progetto Dolomiti Contemporanee, e di Sass Muss. Una dissertazione peripatetica, aperta a tutti. Chiunque lo vorr\u00e0, potr\u00e0 intervenire, e parlare.\u00a0 <a href=\"http:\/\/www.bellunopress.it\/wp-content\/uploads\/2011\/07\/sass-muss-edifici-pizzocco-sass-de-mura-foto-A.-Montresor.jpg\"><img loading=\"lazy\" decoding=\"async\" class=\"alignleft size-full wp-image-28837\" title=\"sass muss, edifici pizzocco, sass de mura - foto A. Montresor\" src=\"http:\/\/www.bellunopress.it\/wp-content\/uploads\/2011\/07\/sass-muss-edifici-pizzocco-sass-de-mura-foto-A.-Montresor.jpg\" alt=\"\" width=\"290\" height=\"192\" \/><\/a><br \/>\nOltre le Vette \u00e8 una rassegna che, da quindici anni, propone uno sguardo, multiprospettico, sulla cultura di montagna. La cultura di montagna non \u00e8 certamente riducibile all&#8217;alpinismo, alla storia dell&#8217;alpinismo, agli aspetti ambientali e naturali, alla nostalgia per le buone vecchie cose andate. La montagna \u00e8 uno spazio, fisico e tematico, che offre spunti innumerevoli, che vanno approfonditi, e svolti, in modo non retorico, non solo celebrativo, non solo retro-verso. Altrimenti, la montagna diventa una palestra di nostalgie, e questa cosa \u00e8 triste, oltrech\u00e9 anacronistica, e in ultima analisi sterile.<br \/>\nNessuno butta via le cose buone del passato, l&#8217;identit\u00e0, la storia dei luoghi. Le civilt\u00e0 e le culture si fondano sull&#8217;evoluzione storica, sugli strati successivi, sul fare e sul rileggere (e sul fare rileggendo).<br \/>\nDolomiti Contemporanee \u00e8 un progetto nuovo, in cui l&#8217;arte (contemporanea) \u00e8 messa a contatto con l&#8217;ambiente dolomitico. A Sass Muss, abbiamo realizzato un laboratorio d&#8217;arti visive in ambiente. Funziona cos\u00ec: abbiamo costruito una cittadella, dove gli artisti vivono, producono le opere, le espongono. Vogliamo invitare a Sass Muss, in Comune di Sospirolo, in un sito immerso nella natura, a ridosso dei primi picchi dolomitici, preso tra rocce e boschi e torrente, artisti da tutto il mondo. Gi\u00e0 una cinquantina di loro sono transitati di qua, nel corso di questa estate 2011. Gli artisti vengono, e cominciano ad esplorare le Dolomiti. Vanno in giro. Scoprono le crode, i luoghi, le storie, i paesi, gli habitat, la natura, le tradizioni, gli uomini. Alcuni, venuti da lontano, hanno iniziato ad arrampicare, per la prima volta in vita loro. Dopo qualche giorno, carichi di stimoli, visivi, sensoriali, tematici, essi tornano nella cittadella di Sass Muss. E cominciano a lavorare. Ognuno di loro produce un&#8217;opera, spesso utilizzando materiali del luogo. Le opere vengono poi messe nelle mostre. I lavori contengono quindi le impressioni, le riflessioni, gli studi, di questi artisti. L&#8217;artista \u00e8 un detector: una sensibilit\u00e0 dispiegata, autonoma, originale, libera, franca. L&#8217;artista vede le cose attraverso la propria lente speciale, vi posa il proprio sguardo, che pu\u00f2 essere scientifico, chirurgico, poetico, critico, progettuale, testimoniale, rivoluzionario, laterale, gentile, disturbante, distorsivo.<br \/>\nOgni opera concepita e realizzata a contatto dell&#8217;ambiente, \u00e8 un ritratto dello spazio da cui si genera. Se cinquanta artisti lavorano a produrre immagini ed opere sulle Dolomiti, questa fioritura di sguardi genera una moltiplicazione delle prospettive, ed una proposta culturale integrata al territorio e viva.L&#8217;arte, in Dolomiti Contemporanee, \u00e8 immersa nell&#8217;ambiente. Non lo carezza, lo guarda, ne \u00e8 stimolata, lo stimola, lo usa come una palestra d&#8217;azione e riflessione. Il laboratorio di Dolomiti Contemporanee \u00e8 dunque una fabbrica, artistica e culturale, ed una modalit\u00e0 esplorativa e critica di un territorio, che raccoglie i temi, li concretizza in un oggetto (la produzione di un oggetto artistico \u00e8 una sorta di litificazione, di processo in cui la stratificazione degli stimoli somiglia ad una sezione geologica -viva), li porta fuori dal territorio originario, inserendoli in un network globale, mostrandoli fuori da questo territorio-origine.<br \/>\nAlla base della nostra proposta vi \u00e8 l&#8217;apertura e lo scambio. Senza le quali, la cultura diventa un fossile. E gli uomini, delle mummie.<br \/>\nGianluca D&#8217;Inc\u00e0 Levis<\/p>\n<p>Nel sito di Dolomiti Contemporanee, le indicazioni stradali per arrivare a Sass Muss.<br \/>\n<a href=\"http:\/\/www.oltrelevette.com\">www.oltrelevette.com<\/a><br \/>\n<a href=\"http:\/\/www.dolomiticontemporanee.net\">www.dolomiticontemporanee.net<\/a><\/p>","protected":false},"excerpt":{"rendered":"<p>Marted\u00ec 4 ottobre Dolomiti Contemporanee incontra Oltre le Vette. Alle ore 17.30, presso la cittadella\/fabbrica dell&#8217;arte di Sass Muss, si parler\u00e0 d&#8217;arte e di natura. Nessuno star\u00e0 seduto. Cammineremo, da un padiglione all&#8217;altro, e nello spazio aperto tra i padiglioni, parlando delle opere, spiegando il loro rapporto con l&#8217;ambiente e la natura, ed il senso [&hellip;]<\/p>\n","protected":false},"author":2,"featured_media":0,"comment_status":"closed","ping_status":"open","sticky":false,"template":"","format":"standard","meta":{"footnotes":""},"categories":[27,3,25],"tags":[],"class_list":["post-31114","post","type-post","status-publish","format-standard","category-appuntamenti","category-arte-cultura-spettacoli-scienza-archivi","category-pausa-caffe"],"yoast_head":"<!-- This site is optimized with the Yoast SEO plugin v28.4 - https:\/\/yoast.com\/product\/yoast-seo-wordpress\/ -->\n<title>Dolomiti Contemporanee\/Oltre le Vette: l&#039;arte come display sulla natura - rapporti e interazioni. Marted\u00ec l&#039;incontro\/dibattito a Sass Muss di Sospirolo - Bellunopress - Dolomiti<\/title>\n<meta name=\"robots\" content=\"index, follow, max-snippet:-1, max-image-preview:large, max-video-preview:-1\" \/>\n<link rel=\"canonical\" href=\"https:\/\/www.bellunopress.it\/fr\/2011\/10\/03\/dolomiti-contemporaneeoltre-le-vette-larte-come-display-sulla-natura-rapporti-e-interazioni-martedi-lincontrodibattito-a-sass-muss-di-sospirolo\/\" \/>\n<meta property=\"og:locale\" content=\"fr_FR\" \/>\n<meta property=\"og:type\" content=\"article\" \/>\n<meta property=\"og:title\" content=\"Dolomiti Contemporanee\/Oltre le Vette: l&#039;arte come display sulla natura - rapporti e interazioni. Marted\u00ec l&#039;incontro\/dibattito a Sass Muss di Sospirolo - Bellunopress - Dolomiti\" \/>\n<meta property=\"og:description\" content=\"Marted\u00ec 4 ottobre Dolomiti Contemporanee incontra Oltre le Vette. Alle ore 17.30, presso la cittadella\/fabbrica dell&#8217;arte di Sass Muss, si parler\u00e0 d&#8217;arte e di natura. Nessuno star\u00e0 seduto. Cammineremo, da un padiglione all&#8217;altro, e nello spazio aperto tra i padiglioni, parlando delle opere, spiegando il loro rapporto con l&#8217;ambiente e la natura, ed il senso [&hellip;]\" \/>\n<meta property=\"og:url\" content=\"https:\/\/www.bellunopress.it\/fr\/2011\/10\/03\/dolomiti-contemporaneeoltre-le-vette-larte-come-display-sulla-natura-rapporti-e-interazioni-martedi-lincontrodibattito-a-sass-muss-di-sospirolo\/\" \/>\n<meta property=\"og:site_name\" content=\"Bellunopress - Dolomiti\" \/>\n<meta property=\"article:publisher\" content=\"https:\/\/www.facebook.com\/profile.php?id=100008943462799\" \/>\n<meta property=\"article:published_time\" content=\"2011-10-03T18:12:02+00:00\" \/>\n<meta property=\"og:image\" content=\"http:\/\/www.bellunopress.it\/wp-content\/uploads\/2011\/07\/sass-muss-edifici-pizzocco-sass-de-mura-foto-A.-Montresor.jpg\" \/>\n<meta name=\"author\" content=\"redazione\" \/>\n<meta name=\"twitter:card\" content=\"summary_large_image\" \/>\n<meta name=\"twitter:creator\" content=\"@bellunopress\" \/>\n<meta name=\"twitter:site\" content=\"@bellunopress\" \/>\n<meta name=\"twitter:label1\" content=\"\u00c9crit par\" \/>\n\t<meta name=\"twitter:data1\" content=\"redazione\" \/>\n\t<meta name=\"twitter:label2\" content=\"Dur\u00e9e de lecture estim\u00e9e\" \/>\n\t<meta name=\"twitter:data2\" content=\"3 minutes\" \/>\n<script type=\"application\/ld+json\" class=\"yoast-schema-graph\">{\"@context\":\"https:\\\/\\\/schema.org\",\"@graph\":[{\"@type\":\"Article\",\"@id\":\"https:\\\/\\\/www.bellunopress.it\\\/2011\\\/10\\\/03\\\/dolomiti-contemporaneeoltre-le-vette-larte-come-display-sulla-natura-rapporti-e-interazioni-martedi-lincontrodibattito-a-sass-muss-di-sospirolo\\\/#article\",\"isPartOf\":{\"@id\":\"https:\\\/\\\/www.bellunopress.it\\\/2011\\\/10\\\/03\\\/dolomiti-contemporaneeoltre-le-vette-larte-come-display-sulla-natura-rapporti-e-interazioni-martedi-lincontrodibattito-a-sass-muss-di-sospirolo\\\/\"},\"author\":{\"name\":\"redazione\",\"@id\":\"https:\\\/\\\/www.bellunopress.it\\\/#\\\/schema\\\/person\\\/79bb06722b37ece1c03d3e94beb30d73\"},\"headline\":\"Dolomiti Contemporanee\\\/Oltre le Vette: l&#8217;arte come display sulla natura &#8211; rapporti e interazioni. Marted\u00ec l&#8217;incontro\\\/dibattito a Sass Muss di Sospirolo\",\"datePublished\":\"2011-10-03T18:12:02+00:00\",\"mainEntityOfPage\":{\"@id\":\"https:\\\/\\\/www.bellunopress.it\\\/2011\\\/10\\\/03\\\/dolomiti-contemporaneeoltre-le-vette-larte-come-display-sulla-natura-rapporti-e-interazioni-martedi-lincontrodibattito-a-sass-muss-di-sospirolo\\\/\"},\"wordCount\":641,\"publisher\":{\"@id\":\"https:\\\/\\\/www.bellunopress.it\\\/#organization\"},\"image\":{\"@id\":\"https:\\\/\\\/www.bellunopress.it\\\/2011\\\/10\\\/03\\\/dolomiti-contemporaneeoltre-le-vette-larte-come-display-sulla-natura-rapporti-e-interazioni-martedi-lincontrodibattito-a-sass-muss-di-sospirolo\\\/#primaryimage\"},\"thumbnailUrl\":\"http:\\\/\\\/www.bellunopress.it\\\/wp-content\\\/uploads\\\/2011\\\/07\\\/sass-muss-edifici-pizzocco-sass-de-mura-foto-A.-Montresor.jpg\",\"articleSection\":[\"Appuntamenti, Eventi\",\"Arte, Cultura, Spettacoli, Scienza\",\"Pausa Caff\u00e8\"],\"inLanguage\":\"fr-FR\"},{\"@type\":\"WebPage\",\"@id\":\"https:\\\/\\\/www.bellunopress.it\\\/2011\\\/10\\\/03\\\/dolomiti-contemporaneeoltre-le-vette-larte-come-display-sulla-natura-rapporti-e-interazioni-martedi-lincontrodibattito-a-sass-muss-di-sospirolo\\\/\",\"url\":\"https:\\\/\\\/www.bellunopress.it\\\/2011\\\/10\\\/03\\\/dolomiti-contemporaneeoltre-le-vette-larte-come-display-sulla-natura-rapporti-e-interazioni-martedi-lincontrodibattito-a-sass-muss-di-sospirolo\\\/\",\"name\":\"Dolomiti Contemporanee\\\/Oltre le Vette: l'arte come display sulla natura - rapporti e interazioni. Marted\u00ec l'incontro\\\/dibattito a Sass Muss di Sospirolo - Bellunopress - Dolomiti\",\"isPartOf\":{\"@id\":\"https:\\\/\\\/www.bellunopress.it\\\/#website\"},\"primaryImageOfPage\":{\"@id\":\"https:\\\/\\\/www.bellunopress.it\\\/2011\\\/10\\\/03\\\/dolomiti-contemporaneeoltre-le-vette-larte-come-display-sulla-natura-rapporti-e-interazioni-martedi-lincontrodibattito-a-sass-muss-di-sospirolo\\\/#primaryimage\"},\"image\":{\"@id\":\"https:\\\/\\\/www.bellunopress.it\\\/2011\\\/10\\\/03\\\/dolomiti-contemporaneeoltre-le-vette-larte-come-display-sulla-natura-rapporti-e-interazioni-martedi-lincontrodibattito-a-sass-muss-di-sospirolo\\\/#primaryimage\"},\"thumbnailUrl\":\"http:\\\/\\\/www.bellunopress.it\\\/wp-content\\\/uploads\\\/2011\\\/07\\\/sass-muss-edifici-pizzocco-sass-de-mura-foto-A.-Montresor.jpg\",\"datePublished\":\"2011-10-03T18:12:02+00:00\",\"breadcrumb\":{\"@id\":\"https:\\\/\\\/www.bellunopress.it\\\/2011\\\/10\\\/03\\\/dolomiti-contemporaneeoltre-le-vette-larte-come-display-sulla-natura-rapporti-e-interazioni-martedi-lincontrodibattito-a-sass-muss-di-sospirolo\\\/#breadcrumb\"},\"inLanguage\":\"fr-FR\",\"potentialAction\":[{\"@type\":\"ReadAction\",\"target\":[\"https:\\\/\\\/www.bellunopress.it\\\/2011\\\/10\\\/03\\\/dolomiti-contemporaneeoltre-le-vette-larte-come-display-sulla-natura-rapporti-e-interazioni-martedi-lincontrodibattito-a-sass-muss-di-sospirolo\\\/\"]}]},{\"@type\":\"ImageObject\",\"inLanguage\":\"fr-FR\",\"@id\":\"https:\\\/\\\/www.bellunopress.it\\\/2011\\\/10\\\/03\\\/dolomiti-contemporaneeoltre-le-vette-larte-come-display-sulla-natura-rapporti-e-interazioni-martedi-lincontrodibattito-a-sass-muss-di-sospirolo\\\/#primaryimage\",\"url\":\"http:\\\/\\\/www.bellunopress.it\\\/wp-content\\\/uploads\\\/2011\\\/07\\\/sass-muss-edifici-pizzocco-sass-de-mura-foto-A.-Montresor.jpg\",\"contentUrl\":\"http:\\\/\\\/www.bellunopress.it\\\/wp-content\\\/uploads\\\/2011\\\/07\\\/sass-muss-edifici-pizzocco-sass-de-mura-foto-A.-Montresor.jpg\"},{\"@type\":\"BreadcrumbList\",\"@id\":\"https:\\\/\\\/www.bellunopress.it\\\/2011\\\/10\\\/03\\\/dolomiti-contemporaneeoltre-le-vette-larte-come-display-sulla-natura-rapporti-e-interazioni-martedi-lincontrodibattito-a-sass-muss-di-sospirolo\\\/#breadcrumb\",\"itemListElement\":[{\"@type\":\"ListItem\",\"position\":1,\"name\":\"Home\",\"item\":\"https:\\\/\\\/www.bellunopress.it\\\/\"},{\"@type\":\"ListItem\",\"position\":2,\"name\":\"Dolomiti Contemporanee\\\/Oltre le Vette: l&#8217;arte come display sulla natura &#8211; rapporti e interazioni. Marted\u00ec l&#8217;incontro\\\/dibattito a Sass Muss di Sospirolo\"}]},{\"@type\":\"WebSite\",\"@id\":\"https:\\\/\\\/www.bellunopress.it\\\/#website\",\"url\":\"https:\\\/\\\/www.bellunopress.it\\\/\",\"name\":\"Bellunopress - Dolomiti\",\"description\":\"e-mail: redazione@bellunopress.it\",\"publisher\":{\"@id\":\"https:\\\/\\\/www.bellunopress.it\\\/#organization\"},\"potentialAction\":[{\"@type\":\"SearchAction\",\"target\":{\"@type\":\"EntryPoint\",\"urlTemplate\":\"https:\\\/\\\/www.bellunopress.it\\\/?s={search_term_string}\"},\"query-input\":{\"@type\":\"PropertyValueSpecification\",\"valueRequired\":true,\"valueName\":\"search_term_string\"}}],\"inLanguage\":\"fr-FR\"},{\"@type\":\"Organization\",\"@id\":\"https:\\\/\\\/www.bellunopress.it\\\/#organization\",\"name\":\"Bellunopress\",\"url\":\"https:\\\/\\\/www.bellunopress.it\\\/\",\"logo\":{\"@type\":\"ImageObject\",\"inLanguage\":\"fr-FR\",\"@id\":\"https:\\\/\\\/www.bellunopress.it\\\/#\\\/schema\\\/logo\\\/image\\\/\",\"url\":\"https:\\\/\\\/www.bellunopress.it\\\/wp-content\\\/uploads\\\/2011\\\/05\\\/cropped-logo-bellunopress-.jpg\",\"contentUrl\":\"https:\\\/\\\/www.bellunopress.it\\\/wp-content\\\/uploads\\\/2011\\\/05\\\/cropped-logo-bellunopress-.jpg\",\"width\":512,\"height\":512,\"caption\":\"Bellunopress\"},\"image\":{\"@id\":\"https:\\\/\\\/www.bellunopress.it\\\/#\\\/schema\\\/logo\\\/image\\\/\"},\"sameAs\":[\"https:\\\/\\\/www.facebook.com\\\/profile.php?id=100008943462799\",\"https:\\\/\\\/x.com\\\/bellunopress\",\"https:\\\/\\\/www.linkedin.com\\\/hp\\\/?dnr=JBzUWaJfMUw8vbXJJ2tVW5-I3jZKvC4wsoxE&amp;amp;amp;amp;amp;amp;trk=nav_responsive_tab_home\",\"https:\\\/\\\/www.youtube.com\\\/channel\\\/UCxL0wu1uN0_3_7hGG0306cw\"]},{\"@type\":\"Person\",\"@id\":\"https:\\\/\\\/www.bellunopress.it\\\/#\\\/schema\\\/person\\\/79bb06722b37ece1c03d3e94beb30d73\",\"name\":\"redazione\",\"image\":{\"@type\":\"ImageObject\",\"inLanguage\":\"fr-FR\",\"@id\":\"https:\\\/\\\/secure.gravatar.com\\\/avatar\\\/37d968a2e67a6fd04c169c4bdef102d0bc5d31b2546345219e348575eb80e9a0?s=96&d=mm&r=g\",\"url\":\"https:\\\/\\\/secure.gravatar.com\\\/avatar\\\/37d968a2e67a6fd04c169c4bdef102d0bc5d31b2546345219e348575eb80e9a0?s=96&d=mm&r=g\",\"contentUrl\":\"https:\\\/\\\/secure.gravatar.com\\\/avatar\\\/37d968a2e67a6fd04c169c4bdef102d0bc5d31b2546345219e348575eb80e9a0?s=96&d=mm&r=g\",\"caption\":\"redazione\"},\"sameAs\":[\"http:\\\/\\\/www.bellunopress.it\",\"https:\\\/\\\/x.com\\\/bellunopress\"],\"url\":\"https:\\\/\\\/www.bellunopress.it\\\/fr\\\/author\\\/redazione\\\/\"}]}<\/script>\n<!-- \/ Yoast SEO plugin. -->","yoast_head_json":{"title":"Dolomiti Contemporanee\/Oltre le Vette: l'arte come display sulla natura - rapporti e interazioni. Marted\u00ec l'incontro\/dibattito a Sass Muss di Sospirolo - Bellunopress - Dolomiti","robots":{"index":"index","follow":"follow","max-snippet":"max-snippet:-1","max-image-preview":"max-image-preview:large","max-video-preview":"max-video-preview:-1"},"canonical":"https:\/\/www.bellunopress.it\/fr\/2011\/10\/03\/dolomiti-contemporaneeoltre-le-vette-larte-come-display-sulla-natura-rapporti-e-interazioni-martedi-lincontrodibattito-a-sass-muss-di-sospirolo\/","og_locale":"fr_FR","og_type":"article","og_title":"Dolomiti Contemporanee\/Oltre le Vette: l'arte come display sulla natura - rapporti e interazioni. Marted\u00ec l'incontro\/dibattito a Sass Muss di Sospirolo - Bellunopress - Dolomiti","og_description":"Marted\u00ec 4 ottobre Dolomiti Contemporanee incontra Oltre le Vette. Alle ore 17.30, presso la cittadella\/fabbrica dell&#8217;arte di Sass Muss, si parler\u00e0 d&#8217;arte e di natura. Nessuno star\u00e0 seduto. Cammineremo, da un padiglione all&#8217;altro, e nello spazio aperto tra i padiglioni, parlando delle opere, spiegando il loro rapporto con l&#8217;ambiente e la natura, ed il senso [&hellip;]","og_url":"https:\/\/www.bellunopress.it\/fr\/2011\/10\/03\/dolomiti-contemporaneeoltre-le-vette-larte-come-display-sulla-natura-rapporti-e-interazioni-martedi-lincontrodibattito-a-sass-muss-di-sospirolo\/","og_site_name":"Bellunopress - Dolomiti","article_publisher":"https:\/\/www.facebook.com\/profile.php?id=100008943462799","article_published_time":"2011-10-03T18:12:02+00:00","og_image":[{"url":"http:\/\/www.bellunopress.it\/wp-content\/uploads\/2011\/07\/sass-muss-edifici-pizzocco-sass-de-mura-foto-A.-Montresor.jpg","type":"","width":"","height":""}],"author":"redazione","twitter_card":"summary_large_image","twitter_creator":"@bellunopress","twitter_site":"@bellunopress","twitter_misc":{"\u00c9crit par":"redazione","Dur\u00e9e de lecture estim\u00e9e":"3 minutes"},"schema":{"@context":"https:\/\/schema.org","@graph":[{"@type":"Article","@id":"https:\/\/www.bellunopress.it\/2011\/10\/03\/dolomiti-contemporaneeoltre-le-vette-larte-come-display-sulla-natura-rapporti-e-interazioni-martedi-lincontrodibattito-a-sass-muss-di-sospirolo\/#article","isPartOf":{"@id":"https:\/\/www.bellunopress.it\/2011\/10\/03\/dolomiti-contemporaneeoltre-le-vette-larte-come-display-sulla-natura-rapporti-e-interazioni-martedi-lincontrodibattito-a-sass-muss-di-sospirolo\/"},"author":{"name":"redazione","@id":"https:\/\/www.bellunopress.it\/#\/schema\/person\/79bb06722b37ece1c03d3e94beb30d73"},"headline":"Dolomiti Contemporanee\/Oltre le Vette: l&#8217;arte come display sulla natura &#8211; rapporti e interazioni. Marted\u00ec l&#8217;incontro\/dibattito a Sass Muss di Sospirolo","datePublished":"2011-10-03T18:12:02+00:00","mainEntityOfPage":{"@id":"https:\/\/www.bellunopress.it\/2011\/10\/03\/dolomiti-contemporaneeoltre-le-vette-larte-come-display-sulla-natura-rapporti-e-interazioni-martedi-lincontrodibattito-a-sass-muss-di-sospirolo\/"},"wordCount":641,"publisher":{"@id":"https:\/\/www.bellunopress.it\/#organization"},"image":{"@id":"https:\/\/www.bellunopress.it\/2011\/10\/03\/dolomiti-contemporaneeoltre-le-vette-larte-come-display-sulla-natura-rapporti-e-interazioni-martedi-lincontrodibattito-a-sass-muss-di-sospirolo\/#primaryimage"},"thumbnailUrl":"http:\/\/www.bellunopress.it\/wp-content\/uploads\/2011\/07\/sass-muss-edifici-pizzocco-sass-de-mura-foto-A.-Montresor.jpg","articleSection":["Appuntamenti, Eventi","Arte, Cultura, Spettacoli, Scienza","Pausa Caff\u00e8"],"inLanguage":"fr-FR"},{"@type":"WebPage","@id":"https:\/\/www.bellunopress.it\/2011\/10\/03\/dolomiti-contemporaneeoltre-le-vette-larte-come-display-sulla-natura-rapporti-e-interazioni-martedi-lincontrodibattito-a-sass-muss-di-sospirolo\/","url":"https:\/\/www.bellunopress.it\/2011\/10\/03\/dolomiti-contemporaneeoltre-le-vette-larte-come-display-sulla-natura-rapporti-e-interazioni-martedi-lincontrodibattito-a-sass-muss-di-sospirolo\/","name":"Dolomiti Contemporanee\/Oltre le Vette: l'arte come display sulla natura - rapporti e interazioni. Marted\u00ec l'incontro\/dibattito a Sass Muss di Sospirolo - Bellunopress - Dolomiti","isPartOf":{"@id":"https:\/\/www.bellunopress.it\/#website"},"primaryImageOfPage":{"@id":"https:\/\/www.bellunopress.it\/2011\/10\/03\/dolomiti-contemporaneeoltre-le-vette-larte-come-display-sulla-natura-rapporti-e-interazioni-martedi-lincontrodibattito-a-sass-muss-di-sospirolo\/#primaryimage"},"image":{"@id":"https:\/\/www.bellunopress.it\/2011\/10\/03\/dolomiti-contemporaneeoltre-le-vette-larte-come-display-sulla-natura-rapporti-e-interazioni-martedi-lincontrodibattito-a-sass-muss-di-sospirolo\/#primaryimage"},"thumbnailUrl":"http:\/\/www.bellunopress.it\/wp-content\/uploads\/2011\/07\/sass-muss-edifici-pizzocco-sass-de-mura-foto-A.-Montresor.jpg","datePublished":"2011-10-03T18:12:02+00:00","breadcrumb":{"@id":"https:\/\/www.bellunopress.it\/2011\/10\/03\/dolomiti-contemporaneeoltre-le-vette-larte-come-display-sulla-natura-rapporti-e-interazioni-martedi-lincontrodibattito-a-sass-muss-di-sospirolo\/#breadcrumb"},"inLanguage":"fr-FR","potentialAction":[{"@type":"ReadAction","target":["https:\/\/www.bellunopress.it\/2011\/10\/03\/dolomiti-contemporaneeoltre-le-vette-larte-come-display-sulla-natura-rapporti-e-interazioni-martedi-lincontrodibattito-a-sass-muss-di-sospirolo\/"]}]},{"@type":"ImageObject","inLanguage":"fr-FR","@id":"https:\/\/www.bellunopress.it\/2011\/10\/03\/dolomiti-contemporaneeoltre-le-vette-larte-come-display-sulla-natura-rapporti-e-interazioni-martedi-lincontrodibattito-a-sass-muss-di-sospirolo\/#primaryimage","url":"http:\/\/www.bellunopress.it\/wp-content\/uploads\/2011\/07\/sass-muss-edifici-pizzocco-sass-de-mura-foto-A.-Montresor.jpg","contentUrl":"http:\/\/www.bellunopress.it\/wp-content\/uploads\/2011\/07\/sass-muss-edifici-pizzocco-sass-de-mura-foto-A.-Montresor.jpg"},{"@type":"BreadcrumbList","@id":"https:\/\/www.bellunopress.it\/2011\/10\/03\/dolomiti-contemporaneeoltre-le-vette-larte-come-display-sulla-natura-rapporti-e-interazioni-martedi-lincontrodibattito-a-sass-muss-di-sospirolo\/#breadcrumb","itemListElement":[{"@type":"ListItem","position":1,"name":"Home","item":"https:\/\/www.bellunopress.it\/"},{"@type":"ListItem","position":2,"name":"Dolomiti Contemporanee\/Oltre le Vette: l&#8217;arte come display sulla natura &#8211; rapporti e interazioni. Marted\u00ec l&#8217;incontro\/dibattito a Sass Muss di Sospirolo"}]},{"@type":"WebSite","@id":"https:\/\/www.bellunopress.it\/#website","url":"https:\/\/www.bellunopress.it\/","name":"Bellunopress - Dolomiti","description":"e-mail: redazione@bellunopress.it","publisher":{"@id":"https:\/\/www.bellunopress.it\/#organization"},"potentialAction":[{"@type":"SearchAction","target":{"@type":"EntryPoint","urlTemplate":"https:\/\/www.bellunopress.it\/?s={search_term_string}"},"query-input":{"@type":"PropertyValueSpecification","valueRequired":true,"valueName":"search_term_string"}}],"inLanguage":"fr-FR"},{"@type":"Organization","@id":"https:\/\/www.bellunopress.it\/#organization","name":"Bellunopress","url":"https:\/\/www.bellunopress.it\/","logo":{"@type":"ImageObject","inLanguage":"fr-FR","@id":"https:\/\/www.bellunopress.it\/#\/schema\/logo\/image\/","url":"https:\/\/www.bellunopress.it\/wp-content\/uploads\/2011\/05\/cropped-logo-bellunopress-.jpg","contentUrl":"https:\/\/www.bellunopress.it\/wp-content\/uploads\/2011\/05\/cropped-logo-bellunopress-.jpg","width":512,"height":512,"caption":"Bellunopress"},"image":{"@id":"https:\/\/www.bellunopress.it\/#\/schema\/logo\/image\/"},"sameAs":["https:\/\/www.facebook.com\/profile.php?id=100008943462799","https:\/\/x.com\/bellunopress","https:\/\/www.linkedin.com\/hp\/?dnr=JBzUWaJfMUw8vbXJJ2tVW5-I3jZKvC4wsoxE&amp;amp;amp;amp;amp;amp;trk=nav_responsive_tab_home","https:\/\/www.youtube.com\/channel\/UCxL0wu1uN0_3_7hGG0306cw"]},{"@type":"Person","@id":"https:\/\/www.bellunopress.it\/#\/schema\/person\/79bb06722b37ece1c03d3e94beb30d73","name":"r\u00e9daction","image":{"@type":"ImageObject","inLanguage":"fr-FR","@id":"https:\/\/secure.gravatar.com\/avatar\/37d968a2e67a6fd04c169c4bdef102d0bc5d31b2546345219e348575eb80e9a0?s=96&d=mm&r=g","url":"https:\/\/secure.gravatar.com\/avatar\/37d968a2e67a6fd04c169c4bdef102d0bc5d31b2546345219e348575eb80e9a0?s=96&d=mm&r=g","contentUrl":"https:\/\/secure.gravatar.com\/avatar\/37d968a2e67a6fd04c169c4bdef102d0bc5d31b2546345219e348575eb80e9a0?s=96&d=mm&r=g","caption":"redazione"},"sameAs":["http:\/\/www.bellunopress.it","https:\/\/x.com\/bellunopress"],"url":"https:\/\/www.bellunopress.it\/fr\/author\/redazione\/"}]}},"_links":{"self":[{"href":"https:\/\/www.bellunopress.it\/fr\/wp-json\/wp\/v2\/posts\/31114","targetHints":{"allow":["GET"]}}],"collection":[{"href":"https:\/\/www.bellunopress.it\/fr\/wp-json\/wp\/v2\/posts"}],"about":[{"href":"https:\/\/www.bellunopress.it\/fr\/wp-json\/wp\/v2\/types\/post"}],"author":[{"embeddable":true,"href":"https:\/\/www.bellunopress.it\/fr\/wp-json\/wp\/v2\/users\/2"}],"replies":[{"embeddable":true,"href":"https:\/\/www.bellunopress.it\/fr\/wp-json\/wp\/v2\/comments?post=31114"}],"version-history":[{"count":2,"href":"https:\/\/www.bellunopress.it\/fr\/wp-json\/wp\/v2\/posts\/31114\/revisions"}],"predecessor-version":[{"id":31116,"href":"https:\/\/www.bellunopress.it\/fr\/wp-json\/wp\/v2\/posts\/31114\/revisions\/31116"}],"wp:attachment":[{"href":"https:\/\/www.bellunopress.it\/fr\/wp-json\/wp\/v2\/media?parent=31114"}],"wp:term":[{"taxonomy":"category","embeddable":true,"href":"https:\/\/www.bellunopress.it\/fr\/wp-json\/wp\/v2\/categories?post=31114"},{"taxonomy":"post_tag","embeddable":true,"href":"https:\/\/www.bellunopress.it\/fr\/wp-json\/wp\/v2\/tags?post=31114"}],"curies":[{"name":"wp","href":"https:\/\/api.w.org\/{rel}","templated":true}]}}