{"id":31090,"date":"2011-10-02T22:15:38","date_gmt":"2011-10-02T21:15:38","guid":{"rendered":"http:\/\/www.bellunopress.it\/?p=31090"},"modified":"2011-10-02T22:15:38","modified_gmt":"2011-10-02T21:15:38","slug":"la-fondazione-dolomiti-accoglie-il-valutatore","status":"publish","type":"post","link":"https:\/\/www.bellunopress.it\/fr\/2011\/10\/02\/la-fondazione-dolomiti-accoglie-il-valutatore\/","title":{"rendered":"La Fondazione Dolomiti accoglie il valutatore"},"content":{"rendered":"<p><a href=\"http:\/\/www.bellunopress.it\/wp-content\/uploads\/2010\/11\/logo-bene-unesco.bmp\"><img decoding=\"async\" class=\"alignright size-full wp-image-20910\" title=\"logo-bene-unesco\" src=\"http:\/\/www.bellunopress.it\/wp-content\/uploads\/2010\/11\/logo-bene-unesco.bmp\" alt=\"\" \/><\/a>A Belluno nella sede della Provincia (Palazzo Piloni) la Fondazione Dolomiti rappresentata dal Consiglio d\u2019Amministrazione, dal Comitato scientifico e dai consulenti dell\u2019iter di candidatura ha accolto il valutatore IUCN (International Union for Conservation of Nature) Greame Worboys. All\u2019incontro erano presenti i rappresentanti del Ministero dell\u2019Ambiente e della tutela del Territorio e del Mare (Annamaria Maggiore e Ottavio Di Bella). Dopo il saluto di benvenuto del presidente della Provincia di Belluno Gianpaolo Bottacin ha preso la parola il presidente della Fondazione Alberto Vettoretto che ha illustrato brevemente la Fondazione presentando al verificatore Worboys i rappresentanti delle cinque Province che compongono il CdA. Erano presenti: per la Provincia autonoma di Bolzano l\u2019assessore Michl Laimer, per la Provincia di Pordenone l\u2019assessore Giuseppe Verdichizzi, per la Provincia autonoma di Trento Mauro Gilmozzi, per la Provincia di Udine l\u2019assessore Luca Marcuzzo. All\u2019incontro di Palazzo Piloni c\u2019erano anche Cesare Lasen (nomina della Provincia di Belluno) e Marco Tonon (nomina Provincia di Pordenone), in rappresentanza del Comitato scientifico composto anche da Roland Dellagiacoma (nomina Provincia di Bolzano), Annibale Salsa (nomina Provincia autonoma di Trento), Mauro Pascolin (nomina Provincia di Udine). I cinque assessori, rappresentanti delle Province e cio\u00e8 soci fondatori della Fondazione e il dirigente Stefano Sisto rappresentante della Regione Veneto (membro del Consiglio direttivo) hanno sottolineato il valore del lavoro unitario fin qui svolto, caratteristica determinante per l\u2019ottenimento del riconoscimento e fondamentale elemento di unione per la continuazione del percorso volto a gestire, valorizzare e tutelare il Bene naturale. Paola Matonti, a nome della Segreteria, ha illustrato brevemente la storia della candidatura e la composizione della Fondazione. Il valutatore si \u00e8 congratulato per l\u2019ottenimento del riconoscimento Unesco e ha parlato del senso positivo della sua visita nel comune obiettivo della valorizzazione del Bene e del funzionamento della Fondazione. Ha inoltre messo in rilievo come il lungo e importante lavoro fin qui svolto sia frutto di \u201cun\u2019unica mente\u201d, bench\u00e8 le Province siano cinque e le regioni due. Il verificatore Workboys che ha una formazione geologica e un\u2019esperienza centrata sulla valutazione dei Parchi nazionali, ha detto di essere positivamente impressionato da quanto illustrato. L\u2019obiettivo della sua visita, lo ricordiamo, \u00e8 verificare la coerenza fra gli scopi dell\u2019Unesco e i fini che la Fondazione si \u00e8 prefissa. Nel pomeriggio il valutatore visiter\u00e0 a Longarone l\u2019Expo Dolomiti Unesco e nei prossimi giorni sar\u00e0 accompagnato, dai rappresentanti della Fondazione e dai consulenti scientifici, nei vari territori dolomitici.<\/p>\n<p>In premessa alla presentazione dello stato attuale del Bene seriale \u00e8 stato evidenziato come la candidatura sia stata portata avanti dalle Istituzioni (le cinque Province di Belluno, Bolzano, Pordenone, Trento e Udine) a nome degli abitanti di questi territori proprio per salvaguardare un Patrimonio ritenuto di grandissima importanza.<br \/>\nSono stati i consulenti scientifici dell\u2019iter di candidatura Cesare Micheletti (architetto del Paesaggio) Mario Panizza (geomorfologo) e Piero Gianolla (geologo) a presentare al valutatore IUCN, l\u2019australiano Greame Worboys, i nove gruppi dolomitici dal punto di vista scientifico. Un\u2019area che, lo ricordiamo, \u00e8 estesa per 231.000 ettari e occupa una superficie larga 145 chilometri e lunga 72. Un Bene seriale che ci consente di leggere la storia della Terra dal Permiano ad oggi. L\u2019aspetto geologico \u00e8 stato illustrato da Piero Gianolla, quello geomorfologico da Mario Panizza, mentre Cesare Micheletti ha presentato gli eccezionali fenomeni naturali, la bellezza naturale e l\u2019importanza estetica. Gli studiosi, presentando i vari ambiti disciplinari con l\u2019aiuto di immagini e dati, hanno messo in evidenza l\u2019unicit\u00e0 e la bellezza del Bene seriale Dolomiti. Micheletti ha sottolineato come gli elementi verticali e orizzontali tipici delle Dolomiti siano stati ben sintetizzati nel logo che le rappresenta come Patrimonio dell\u2019Umanit\u00e0.<br \/>\n\u201cIl punto di vista giuridico e l\u2019intelaiatura delle responsabilit\u00e0\u201d della Fondazione \u00e8 stata presentata da Paola Matonti a nome della Segreteria mentre Fabio Scalet, dirigente generale della Provincia autonoma di Trento, ha inquadrato l\u2019articolazione ordinamentale dello Stato italiano mettendo in luce come ci sia un contesto e una scalarit\u00e0 regionale e provinciale piuttosto ampia. La Repubblica italiana \u00e8 infatti fondata su un policentrismo di enti territoriali e di organi costituzionali con prerogative, funzioni e poteri espressamente definiti dalla Costituzione (per es. lo staus di Provincia autonoma) o dalle leggi dello Stato (per esempio Province ordinarie e Comuni). Gli assessori, rappresentanti dei cinque territori, dopo aver ringraziato per lo spirito positivo con cui il valutatore Worboys si accinge a visitare il Bene, hanno presentato brevemente le varie realt\u00e0 provinciali cos\u00ec da fornire al verificatore Greame Worboys un\u2019idea complessiva del territorio dolomitico. Cos\u00ec, ordinamento giuridico-amministrativo e composizione dei vari territori, sono stati spiegati al valutatore IUCN.<br \/>\nSono stati poi presentati gli obiettivi della Fondazione (gestione e valorizzazione del Bene seriale) illustrando al verificatore le modalit\u00e0 con cui vengono perseguiti: in parte con attivit\u00e0 svolte in modo diretto (conoscenza e divulgazione) e, in parte, avvalendosi delle strutture che fanno capo alle cinque Province. La Fondazione ha, infatti, individuato in sette reti funzionali una parte della strategia gestionale dell\u2019ampio e diversificato territorio dolomitico. Le reti funzionali hanno il compito di omogenizzare la metodologia di lavoro e permettono, inoltre, di non avere una macrostruttura di gestione. E\u2019 stato spiegato che, in questo modo, si ottiene anche il contenimento dei costi (Reti funzionali: formazione, ricerca e geologia affidata alla Provincia autonoma di Trento, sviluppo sostenibile e mobilit\u00e0 alla Provincia autonoma di Bolzano,Promozione turistica alla Provincia di Belluno, Paesaggio alla Provincia di Udine, Aree protette alla Provincia di Pordenone). \u201cParola d\u2019ordine delle reti &#8211; \u00e8 stato detto &#8211; \u00e8 armonizzare gli ambiti specifici delle varie realt\u00e0 dei territori dolomitici per arrivare a costruire una metodologia di gestione uniforme\u201d.<\/p>\n<p>&nbsp;<\/p>","protected":false},"excerpt":{"rendered":"<p>A Belluno nella sede della Provincia (Palazzo Piloni) la Fondazione Dolomiti rappresentata dal Consiglio d\u2019Amministrazione, dal Comitato scientifico e dai consulenti dell\u2019iter di candidatura ha accolto il valutatore IUCN (International Union for Conservation of Nature) Greame Worboys. All\u2019incontro erano presenti i rappresentanti del Ministero dell\u2019Ambiente e della tutela del Territorio e del Mare (Annamaria Maggiore [&hellip;]<\/p>\n","protected":false},"author":2,"featured_media":0,"comment_status":"closed","ping_status":"open","sticky":false,"template":"","format":"standard","meta":{"footnotes":""},"categories":[5,26],"tags":[],"class_list":["post-31090","post","type-post","status-publish","format-standard","category-cronaca","category-prima-pagina"],"yoast_head":"<!-- This site is optimized with the Yoast SEO plugin v28.4 - https:\/\/yoast.com\/product\/yoast-seo-wordpress\/ -->\n<title>La Fondazione Dolomiti accoglie il valutatore - Bellunopress - Dolomiti<\/title>\n<meta name=\"robots\" content=\"index, follow, max-snippet:-1, max-image-preview:large, max-video-preview:-1\" \/>\n<link rel=\"canonical\" href=\"https:\/\/www.bellunopress.it\/fr\/2011\/10\/02\/la-fondazione-dolomiti-accoglie-il-valutatore\/\" \/>\n<meta property=\"og:locale\" content=\"fr_FR\" \/>\n<meta property=\"og:type\" content=\"article\" \/>\n<meta property=\"og:title\" content=\"La Fondazione Dolomiti accoglie il valutatore - Bellunopress - Dolomiti\" \/>\n<meta property=\"og:description\" content=\"A Belluno nella sede della Provincia (Palazzo Piloni) la Fondazione Dolomiti rappresentata dal Consiglio d\u2019Amministrazione, dal Comitato scientifico e dai consulenti dell\u2019iter di candidatura ha accolto il valutatore IUCN (International Union for Conservation of Nature) Greame Worboys. All\u2019incontro erano presenti i rappresentanti del Ministero dell\u2019Ambiente e della tutela del Territorio e del Mare (Annamaria Maggiore [&hellip;]\" \/>\n<meta property=\"og:url\" content=\"https:\/\/www.bellunopress.it\/fr\/2011\/10\/02\/la-fondazione-dolomiti-accoglie-il-valutatore\/\" \/>\n<meta property=\"og:site_name\" content=\"Bellunopress - Dolomiti\" \/>\n<meta property=\"article:publisher\" content=\"https:\/\/www.facebook.com\/profile.php?id=100008943462799\" \/>\n<meta property=\"article:published_time\" content=\"2011-10-02T21:15:38+00:00\" \/>\n<meta property=\"og:image\" content=\"http:\/\/www.bellunopress.it\/wp-content\/uploads\/2010\/11\/logo-bene-unesco.bmp\" \/>\n<meta name=\"author\" content=\"redazione\" \/>\n<meta name=\"twitter:card\" content=\"summary_large_image\" \/>\n<meta name=\"twitter:creator\" content=\"@bellunopress\" \/>\n<meta name=\"twitter:site\" content=\"@bellunopress\" \/>\n<meta name=\"twitter:label1\" content=\"\u00c9crit par\" \/>\n\t<meta name=\"twitter:data1\" content=\"redazione\" \/>\n\t<meta name=\"twitter:label2\" content=\"Dur\u00e9e de lecture estim\u00e9e\" \/>\n\t<meta name=\"twitter:data2\" content=\"5 minutes\" \/>\n<script type=\"application\/ld+json\" class=\"yoast-schema-graph\">{\"@context\":\"https:\\\/\\\/schema.org\",\"@graph\":[{\"@type\":\"Article\",\"@id\":\"https:\\\/\\\/www.bellunopress.it\\\/2011\\\/10\\\/02\\\/la-fondazione-dolomiti-accoglie-il-valutatore\\\/#article\",\"isPartOf\":{\"@id\":\"https:\\\/\\\/www.bellunopress.it\\\/2011\\\/10\\\/02\\\/la-fondazione-dolomiti-accoglie-il-valutatore\\\/\"},\"author\":{\"name\":\"redazione\",\"@id\":\"https:\\\/\\\/www.bellunopress.it\\\/#\\\/schema\\\/person\\\/79bb06722b37ece1c03d3e94beb30d73\"},\"headline\":\"La Fondazione Dolomiti accoglie il valutatore\",\"datePublished\":\"2011-10-02T21:15:38+00:00\",\"mainEntityOfPage\":{\"@id\":\"https:\\\/\\\/www.bellunopress.it\\\/2011\\\/10\\\/02\\\/la-fondazione-dolomiti-accoglie-il-valutatore\\\/\"},\"wordCount\":938,\"publisher\":{\"@id\":\"https:\\\/\\\/www.bellunopress.it\\\/#organization\"},\"image\":{\"@id\":\"https:\\\/\\\/www.bellunopress.it\\\/2011\\\/10\\\/02\\\/la-fondazione-dolomiti-accoglie-il-valutatore\\\/#primaryimage\"},\"thumbnailUrl\":\"http:\\\/\\\/www.bellunopress.it\\\/wp-content\\\/uploads\\\/2010\\\/11\\\/logo-bene-unesco.bmp\",\"articleSection\":[\"Cronaca\\\/Politica\",\"Prima Pagina\"],\"inLanguage\":\"fr-FR\"},{\"@type\":\"WebPage\",\"@id\":\"https:\\\/\\\/www.bellunopress.it\\\/2011\\\/10\\\/02\\\/la-fondazione-dolomiti-accoglie-il-valutatore\\\/\",\"url\":\"https:\\\/\\\/www.bellunopress.it\\\/2011\\\/10\\\/02\\\/la-fondazione-dolomiti-accoglie-il-valutatore\\\/\",\"name\":\"La Fondazione Dolomiti accoglie il valutatore - Bellunopress - Dolomiti\",\"isPartOf\":{\"@id\":\"https:\\\/\\\/www.bellunopress.it\\\/#website\"},\"primaryImageOfPage\":{\"@id\":\"https:\\\/\\\/www.bellunopress.it\\\/2011\\\/10\\\/02\\\/la-fondazione-dolomiti-accoglie-il-valutatore\\\/#primaryimage\"},\"image\":{\"@id\":\"https:\\\/\\\/www.bellunopress.it\\\/2011\\\/10\\\/02\\\/la-fondazione-dolomiti-accoglie-il-valutatore\\\/#primaryimage\"},\"thumbnailUrl\":\"http:\\\/\\\/www.bellunopress.it\\\/wp-content\\\/uploads\\\/2010\\\/11\\\/logo-bene-unesco.bmp\",\"datePublished\":\"2011-10-02T21:15:38+00:00\",\"breadcrumb\":{\"@id\":\"https:\\\/\\\/www.bellunopress.it\\\/2011\\\/10\\\/02\\\/la-fondazione-dolomiti-accoglie-il-valutatore\\\/#breadcrumb\"},\"inLanguage\":\"fr-FR\",\"potentialAction\":[{\"@type\":\"ReadAction\",\"target\":[\"https:\\\/\\\/www.bellunopress.it\\\/2011\\\/10\\\/02\\\/la-fondazione-dolomiti-accoglie-il-valutatore\\\/\"]}]},{\"@type\":\"ImageObject\",\"inLanguage\":\"fr-FR\",\"@id\":\"https:\\\/\\\/www.bellunopress.it\\\/2011\\\/10\\\/02\\\/la-fondazione-dolomiti-accoglie-il-valutatore\\\/#primaryimage\",\"url\":\"http:\\\/\\\/www.bellunopress.it\\\/wp-content\\\/uploads\\\/2010\\\/11\\\/logo-bene-unesco.bmp\",\"contentUrl\":\"http:\\\/\\\/www.bellunopress.it\\\/wp-content\\\/uploads\\\/2010\\\/11\\\/logo-bene-unesco.bmp\"},{\"@type\":\"BreadcrumbList\",\"@id\":\"https:\\\/\\\/www.bellunopress.it\\\/2011\\\/10\\\/02\\\/la-fondazione-dolomiti-accoglie-il-valutatore\\\/#breadcrumb\",\"itemListElement\":[{\"@type\":\"ListItem\",\"position\":1,\"name\":\"Home\",\"item\":\"https:\\\/\\\/www.bellunopress.it\\\/\"},{\"@type\":\"ListItem\",\"position\":2,\"name\":\"La Fondazione Dolomiti accoglie il valutatore\"}]},{\"@type\":\"WebSite\",\"@id\":\"https:\\\/\\\/www.bellunopress.it\\\/#website\",\"url\":\"https:\\\/\\\/www.bellunopress.it\\\/\",\"name\":\"Bellunopress - Dolomiti\",\"description\":\"e-mail: redazione@bellunopress.it\",\"publisher\":{\"@id\":\"https:\\\/\\\/www.bellunopress.it\\\/#organization\"},\"potentialAction\":[{\"@type\":\"SearchAction\",\"target\":{\"@type\":\"EntryPoint\",\"urlTemplate\":\"https:\\\/\\\/www.bellunopress.it\\\/?s={search_term_string}\"},\"query-input\":{\"@type\":\"PropertyValueSpecification\",\"valueRequired\":true,\"valueName\":\"search_term_string\"}}],\"inLanguage\":\"fr-FR\"},{\"@type\":\"Organization\",\"@id\":\"https:\\\/\\\/www.bellunopress.it\\\/#organization\",\"name\":\"Bellunopress\",\"url\":\"https:\\\/\\\/www.bellunopress.it\\\/\",\"logo\":{\"@type\":\"ImageObject\",\"inLanguage\":\"fr-FR\",\"@id\":\"https:\\\/\\\/www.bellunopress.it\\\/#\\\/schema\\\/logo\\\/image\\\/\",\"url\":\"https:\\\/\\\/www.bellunopress.it\\\/wp-content\\\/uploads\\\/2011\\\/05\\\/cropped-logo-bellunopress-.jpg\",\"contentUrl\":\"https:\\\/\\\/www.bellunopress.it\\\/wp-content\\\/uploads\\\/2011\\\/05\\\/cropped-logo-bellunopress-.jpg\",\"width\":512,\"height\":512,\"caption\":\"Bellunopress\"},\"image\":{\"@id\":\"https:\\\/\\\/www.bellunopress.it\\\/#\\\/schema\\\/logo\\\/image\\\/\"},\"sameAs\":[\"https:\\\/\\\/www.facebook.com\\\/profile.php?id=100008943462799\",\"https:\\\/\\\/x.com\\\/bellunopress\",\"https:\\\/\\\/www.linkedin.com\\\/hp\\\/?dnr=JBzUWaJfMUw8vbXJJ2tVW5-I3jZKvC4wsoxE&amp;amp;amp;amp;amp;amp;trk=nav_responsive_tab_home\",\"https:\\\/\\\/www.youtube.com\\\/channel\\\/UCxL0wu1uN0_3_7hGG0306cw\"]},{\"@type\":\"Person\",\"@id\":\"https:\\\/\\\/www.bellunopress.it\\\/#\\\/schema\\\/person\\\/79bb06722b37ece1c03d3e94beb30d73\",\"name\":\"redazione\",\"image\":{\"@type\":\"ImageObject\",\"inLanguage\":\"fr-FR\",\"@id\":\"https:\\\/\\\/secure.gravatar.com\\\/avatar\\\/37d968a2e67a6fd04c169c4bdef102d0bc5d31b2546345219e348575eb80e9a0?s=96&d=mm&r=g\",\"url\":\"https:\\\/\\\/secure.gravatar.com\\\/avatar\\\/37d968a2e67a6fd04c169c4bdef102d0bc5d31b2546345219e348575eb80e9a0?s=96&d=mm&r=g\",\"contentUrl\":\"https:\\\/\\\/secure.gravatar.com\\\/avatar\\\/37d968a2e67a6fd04c169c4bdef102d0bc5d31b2546345219e348575eb80e9a0?s=96&d=mm&r=g\",\"caption\":\"redazione\"},\"sameAs\":[\"http:\\\/\\\/www.bellunopress.it\",\"https:\\\/\\\/x.com\\\/bellunopress\"],\"url\":\"https:\\\/\\\/www.bellunopress.it\\\/fr\\\/author\\\/redazione\\\/\"}]}<\/script>\n<!-- \/ Yoast SEO plugin. -->","yoast_head_json":{"title":"La Fondazione Dolomiti accoglie il valutatore - Bellunopress - Dolomiti","robots":{"index":"index","follow":"follow","max-snippet":"max-snippet:-1","max-image-preview":"max-image-preview:large","max-video-preview":"max-video-preview:-1"},"canonical":"https:\/\/www.bellunopress.it\/fr\/2011\/10\/02\/la-fondazione-dolomiti-accoglie-il-valutatore\/","og_locale":"fr_FR","og_type":"article","og_title":"La Fondazione Dolomiti accoglie il valutatore - Bellunopress - Dolomiti","og_description":"A Belluno nella sede della Provincia (Palazzo Piloni) la Fondazione Dolomiti rappresentata dal Consiglio d\u2019Amministrazione, dal Comitato scientifico e dai consulenti dell\u2019iter di candidatura ha accolto il valutatore IUCN (International Union for Conservation of Nature) Greame Worboys. All\u2019incontro erano presenti i rappresentanti del Ministero dell\u2019Ambiente e della tutela del Territorio e del Mare (Annamaria Maggiore [&hellip;]","og_url":"https:\/\/www.bellunopress.it\/fr\/2011\/10\/02\/la-fondazione-dolomiti-accoglie-il-valutatore\/","og_site_name":"Bellunopress - Dolomiti","article_publisher":"https:\/\/www.facebook.com\/profile.php?id=100008943462799","article_published_time":"2011-10-02T21:15:38+00:00","og_image":[{"url":"http:\/\/www.bellunopress.it\/wp-content\/uploads\/2010\/11\/logo-bene-unesco.bmp","type":"","width":"","height":""}],"author":"redazione","twitter_card":"summary_large_image","twitter_creator":"@bellunopress","twitter_site":"@bellunopress","twitter_misc":{"\u00c9crit par":"redazione","Dur\u00e9e de lecture estim\u00e9e":"5 minutes"},"schema":{"@context":"https:\/\/schema.org","@graph":[{"@type":"Article","@id":"https:\/\/www.bellunopress.it\/2011\/10\/02\/la-fondazione-dolomiti-accoglie-il-valutatore\/#article","isPartOf":{"@id":"https:\/\/www.bellunopress.it\/2011\/10\/02\/la-fondazione-dolomiti-accoglie-il-valutatore\/"},"author":{"name":"redazione","@id":"https:\/\/www.bellunopress.it\/#\/schema\/person\/79bb06722b37ece1c03d3e94beb30d73"},"headline":"La Fondazione Dolomiti accoglie il valutatore","datePublished":"2011-10-02T21:15:38+00:00","mainEntityOfPage":{"@id":"https:\/\/www.bellunopress.it\/2011\/10\/02\/la-fondazione-dolomiti-accoglie-il-valutatore\/"},"wordCount":938,"publisher":{"@id":"https:\/\/www.bellunopress.it\/#organization"},"image":{"@id":"https:\/\/www.bellunopress.it\/2011\/10\/02\/la-fondazione-dolomiti-accoglie-il-valutatore\/#primaryimage"},"thumbnailUrl":"http:\/\/www.bellunopress.it\/wp-content\/uploads\/2010\/11\/logo-bene-unesco.bmp","articleSection":["Cronaca\/Politica","Prima Pagina"],"inLanguage":"fr-FR"},{"@type":"WebPage","@id":"https:\/\/www.bellunopress.it\/2011\/10\/02\/la-fondazione-dolomiti-accoglie-il-valutatore\/","url":"https:\/\/www.bellunopress.it\/2011\/10\/02\/la-fondazione-dolomiti-accoglie-il-valutatore\/","name":"La Fondazione Dolomiti accoglie il valutatore - Bellunopress - Dolomiti","isPartOf":{"@id":"https:\/\/www.bellunopress.it\/#website"},"primaryImageOfPage":{"@id":"https:\/\/www.bellunopress.it\/2011\/10\/02\/la-fondazione-dolomiti-accoglie-il-valutatore\/#primaryimage"},"image":{"@id":"https:\/\/www.bellunopress.it\/2011\/10\/02\/la-fondazione-dolomiti-accoglie-il-valutatore\/#primaryimage"},"thumbnailUrl":"http:\/\/www.bellunopress.it\/wp-content\/uploads\/2010\/11\/logo-bene-unesco.bmp","datePublished":"2011-10-02T21:15:38+00:00","breadcrumb":{"@id":"https:\/\/www.bellunopress.it\/2011\/10\/02\/la-fondazione-dolomiti-accoglie-il-valutatore\/#breadcrumb"},"inLanguage":"fr-FR","potentialAction":[{"@type":"ReadAction","target":["https:\/\/www.bellunopress.it\/2011\/10\/02\/la-fondazione-dolomiti-accoglie-il-valutatore\/"]}]},{"@type":"ImageObject","inLanguage":"fr-FR","@id":"https:\/\/www.bellunopress.it\/2011\/10\/02\/la-fondazione-dolomiti-accoglie-il-valutatore\/#primaryimage","url":"http:\/\/www.bellunopress.it\/wp-content\/uploads\/2010\/11\/logo-bene-unesco.bmp","contentUrl":"http:\/\/www.bellunopress.it\/wp-content\/uploads\/2010\/11\/logo-bene-unesco.bmp"},{"@type":"BreadcrumbList","@id":"https:\/\/www.bellunopress.it\/2011\/10\/02\/la-fondazione-dolomiti-accoglie-il-valutatore\/#breadcrumb","itemListElement":[{"@type":"ListItem","position":1,"name":"Home","item":"https:\/\/www.bellunopress.it\/"},{"@type":"ListItem","position":2,"name":"La Fondazione Dolomiti accoglie il valutatore"}]},{"@type":"WebSite","@id":"https:\/\/www.bellunopress.it\/#website","url":"https:\/\/www.bellunopress.it\/","name":"Bellunopress - Dolomiti","description":"e-mail: redazione@bellunopress.it","publisher":{"@id":"https:\/\/www.bellunopress.it\/#organization"},"potentialAction":[{"@type":"SearchAction","target":{"@type":"EntryPoint","urlTemplate":"https:\/\/www.bellunopress.it\/?s={search_term_string}"},"query-input":{"@type":"PropertyValueSpecification","valueRequired":true,"valueName":"search_term_string"}}],"inLanguage":"fr-FR"},{"@type":"Organization","@id":"https:\/\/www.bellunopress.it\/#organization","name":"Bellunopress","url":"https:\/\/www.bellunopress.it\/","logo":{"@type":"ImageObject","inLanguage":"fr-FR","@id":"https:\/\/www.bellunopress.it\/#\/schema\/logo\/image\/","url":"https:\/\/www.bellunopress.it\/wp-content\/uploads\/2011\/05\/cropped-logo-bellunopress-.jpg","contentUrl":"https:\/\/www.bellunopress.it\/wp-content\/uploads\/2011\/05\/cropped-logo-bellunopress-.jpg","width":512,"height":512,"caption":"Bellunopress"},"image":{"@id":"https:\/\/www.bellunopress.it\/#\/schema\/logo\/image\/"},"sameAs":["https:\/\/www.facebook.com\/profile.php?id=100008943462799","https:\/\/x.com\/bellunopress","https:\/\/www.linkedin.com\/hp\/?dnr=JBzUWaJfMUw8vbXJJ2tVW5-I3jZKvC4wsoxE&amp;amp;amp;amp;amp;amp;trk=nav_responsive_tab_home","https:\/\/www.youtube.com\/channel\/UCxL0wu1uN0_3_7hGG0306cw"]},{"@type":"Person","@id":"https:\/\/www.bellunopress.it\/#\/schema\/person\/79bb06722b37ece1c03d3e94beb30d73","name":"r\u00e9daction","image":{"@type":"ImageObject","inLanguage":"fr-FR","@id":"https:\/\/secure.gravatar.com\/avatar\/37d968a2e67a6fd04c169c4bdef102d0bc5d31b2546345219e348575eb80e9a0?s=96&d=mm&r=g","url":"https:\/\/secure.gravatar.com\/avatar\/37d968a2e67a6fd04c169c4bdef102d0bc5d31b2546345219e348575eb80e9a0?s=96&d=mm&r=g","contentUrl":"https:\/\/secure.gravatar.com\/avatar\/37d968a2e67a6fd04c169c4bdef102d0bc5d31b2546345219e348575eb80e9a0?s=96&d=mm&r=g","caption":"redazione"},"sameAs":["http:\/\/www.bellunopress.it","https:\/\/x.com\/bellunopress"],"url":"https:\/\/www.bellunopress.it\/fr\/author\/redazione\/"}]}},"_links":{"self":[{"href":"https:\/\/www.bellunopress.it\/fr\/wp-json\/wp\/v2\/posts\/31090","targetHints":{"allow":["GET"]}}],"collection":[{"href":"https:\/\/www.bellunopress.it\/fr\/wp-json\/wp\/v2\/posts"}],"about":[{"href":"https:\/\/www.bellunopress.it\/fr\/wp-json\/wp\/v2\/types\/post"}],"author":[{"embeddable":true,"href":"https:\/\/www.bellunopress.it\/fr\/wp-json\/wp\/v2\/users\/2"}],"replies":[{"embeddable":true,"href":"https:\/\/www.bellunopress.it\/fr\/wp-json\/wp\/v2\/comments?post=31090"}],"version-history":[{"count":1,"href":"https:\/\/www.bellunopress.it\/fr\/wp-json\/wp\/v2\/posts\/31090\/revisions"}],"predecessor-version":[{"id":31091,"href":"https:\/\/www.bellunopress.it\/fr\/wp-json\/wp\/v2\/posts\/31090\/revisions\/31091"}],"wp:attachment":[{"href":"https:\/\/www.bellunopress.it\/fr\/wp-json\/wp\/v2\/media?parent=31090"}],"wp:term":[{"taxonomy":"category","embeddable":true,"href":"https:\/\/www.bellunopress.it\/fr\/wp-json\/wp\/v2\/categories?post=31090"},{"taxonomy":"post_tag","embeddable":true,"href":"https:\/\/www.bellunopress.it\/fr\/wp-json\/wp\/v2\/tags?post=31090"}],"curies":[{"name":"wp","href":"https:\/\/api.w.org\/{rel}","templated":true}]}}