{"id":31066,"date":"2011-10-05T06:49:36","date_gmt":"2011-10-05T05:49:36","guid":{"rendered":"http:\/\/www.bellunopress.it\/?p=31066"},"modified":"2011-10-02T06:51:08","modified_gmt":"2011-10-02T05:51:08","slug":"%e2%80%9cquante-storie%e2%80%9d-in-biblioteca-di-belluno-dal-7-ottobre-al-25-maggio-2012","status":"publish","type":"post","link":"https:\/\/www.bellunopress.it\/fr\/2011\/10\/05\/%e2%80%9cquante-storie%e2%80%9d-in-biblioteca-di-belluno-dal-7-ottobre-al-25-maggio-2012\/","title":{"rendered":"\u201cQuante storie!\u201d: in Biblioteca di Belluno dal 7 ottobre al 25 maggio 2012"},"content":{"rendered":"<p>Il progetto \u201cQuante storie!\u201d, promosso dalla Biblioteca civica di Belluno, riparte anche quest\u2019anno, per la settima volta, proponendo letture animate per i bambini dai 3 ai 6 anni nei pomeriggi del venerd\u00ec, a partire dal 7 ottobre e fino al 25 maggio 2012, con orario 17.00-17.30.<\/p>\n<figure id=\"attachment_10610\" aria-describedby=\"caption-attachment-10610\" style=\"width: 270px\" class=\"wp-caption alignleft\"><a href=\"http:\/\/www.bellunopress.it\/wp-content\/uploads\/2009\/12\/crepadona.jpg\"><img loading=\"lazy\" decoding=\"async\" class=\"size-full wp-image-10610\" title=\"crepadona\" src=\"http:\/\/www.bellunopress.it\/wp-content\/uploads\/2009\/12\/crepadona.jpg\" alt=\"\" width=\"270\" height=\"202\" \/><\/a><figcaption id=\"caption-attachment-10610\" class=\"wp-caption-text\">Palazzo Crepadona via Ripa Belluno<\/figcaption><\/figure>\n<p>L\u2019iniziativa sar\u00e0 possibile, anche quest\u2019anno, grazie alla pronta disponibilit\u00e0 del Gruppo di lettura che in questi anni di attivit\u00e0 volontaria si \u00e8 formato e ha sostenuto l\u2019iniziativa, dando voce alle storie per i bambini negli spazi pur\u00a0 ristretti della Biblioteca dei Ragazzi di Belluno.<br \/>\nA ogni appuntamento verranno proposte tre letture a tema, capaci di coinvolgere i bambini, vicine al loro immaginario e alla dimensione fantastica della loro quotidianit\u00e0; il tutto ben condito dall&#8217;entusiasmo di lettori e lettrici che offrono la loro voce e la loro speciale animazione dei testi, per rendere sempre pi\u00f9 gradevole il momento magico di una storia narrata.<br \/>\nCon questa iniziativa, la biblioteca vuole condividere il valore dei libri con tutti coloro che, come genitori, insegnanti, educatori, o altro, sostengono l\u2019importanza della lettura ai bambini fin dalla prima infanzia, affinch\u00e9 si crei un\u2019amichevole consuetudine con la fantasia e le emozioni che scaturiscono dalla lettura dei libri di qualit\u00e0 presenti in biblioteca.<br \/>\nIl Gruppo di Lettura di \u201cQuante storie!\u201d attende sempre nuovi lettori che, con le loro proposte, alimentino iniziative e ne stimolino di nuove.<br \/>\nIl progetto \u00e8 inserito nel contesto di promozione alla lettura da 0 a 6 anni promosso da Nati per leggere, progetto nazionale abbracciato congiuntamente da tutte le biblioteche della Provincia di Belluno.<br \/>\nPer le letture in BdR \u00e8 necessaria la prenotazione visto il limitato spazio disponibile in Biblioteca dei Ragazzi (max. 15 bambini per ogni appuntamento).<br \/>\nPer informazioni e prenotazioni, rivolgersi alla Biblioteca dei Ragazzi, in via Ripa, 3, a Palazzo Crepadona, durante gli orari di apertura: da marted\u00ec a venerd\u00ec, dalle 15.00 alle 18.30 (o telefonicamente al numero 0437 948093 o tramite email all\u2019indirizzo <a href=\"mailto:biblioteca@comune.belluno.it\">biblioteca@comune.belluno.it<\/a>).<\/p>","protected":false},"excerpt":{"rendered":"<p>Il progetto \u201cQuante storie!\u201d, promosso dalla Biblioteca civica di Belluno, riparte anche quest\u2019anno, per la settima volta, proponendo letture animate per i bambini dai 3 ai 6 anni nei pomeriggi del venerd\u00ec, a partire dal 7 ottobre e fino al 25 maggio 2012, con orario 17.00-17.30. L\u2019iniziativa sar\u00e0 possibile, anche quest\u2019anno, grazie alla pronta disponibilit\u00e0 [&hellip;]<\/p>\n","protected":false},"author":2,"featured_media":0,"comment_status":"closed","ping_status":"open","sticky":false,"template":"","format":"standard","meta":{"footnotes":""},"categories":[27,3,25],"tags":[],"class_list":["post-31066","post","type-post","status-publish","format-standard","category-appuntamenti","category-arte-cultura-spettacoli-scienza-archivi","category-pausa-caffe"],"yoast_head":"<!-- This site is optimized with the Yoast SEO plugin v28.4 - https:\/\/yoast.com\/product\/yoast-seo-wordpress\/ -->\n<title>\u201cQuante storie!\u201d: in Biblioteca di Belluno dal 7 ottobre al 25 maggio 2012 - Bellunopress - Dolomiti<\/title>\n<meta name=\"robots\" content=\"index, follow, max-snippet:-1, max-image-preview:large, max-video-preview:-1\" \/>\n<link rel=\"canonical\" href=\"https:\/\/www.bellunopress.it\/fr\/2011\/10\/05\/\u201cquante-storie\u201d-in-biblioteca-di-belluno-dal-7-ottobre-al-25-maggio-2012\/\" \/>\n<meta property=\"og:locale\" content=\"fr_FR\" \/>\n<meta property=\"og:type\" content=\"article\" \/>\n<meta property=\"og:title\" content=\"\u201cQuante storie!\u201d: in Biblioteca di Belluno dal 7 ottobre al 25 maggio 2012 - Bellunopress - Dolomiti\" \/>\n<meta property=\"og:description\" content=\"Il progetto \u201cQuante storie!\u201d, promosso dalla Biblioteca civica di Belluno, riparte anche quest\u2019anno, per la settima volta, proponendo letture animate per i bambini dai 3 ai 6 anni nei pomeriggi del venerd\u00ec, a partire dal 7 ottobre e fino al 25 maggio 2012, con orario 17.00-17.30. L\u2019iniziativa sar\u00e0 possibile, anche quest\u2019anno, grazie alla pronta disponibilit\u00e0 [&hellip;]\" \/>\n<meta property=\"og:url\" content=\"https:\/\/www.bellunopress.it\/fr\/2011\/10\/05\/\u201cquante-storie\u201d-in-biblioteca-di-belluno-dal-7-ottobre-al-25-maggio-2012\/\" \/>\n<meta property=\"og:site_name\" content=\"Bellunopress - Dolomiti\" \/>\n<meta property=\"article:publisher\" content=\"https:\/\/www.facebook.com\/profile.php?id=100008943462799\" \/>\n<meta property=\"article:published_time\" content=\"2011-10-05T05:49:36+00:00\" \/>\n<meta property=\"og:image\" content=\"http:\/\/www.bellunopress.it\/wp-content\/uploads\/2009\/12\/crepadona.jpg\" \/>\n<meta name=\"author\" content=\"redazione\" \/>\n<meta name=\"twitter:card\" content=\"summary_large_image\" \/>\n<meta name=\"twitter:creator\" content=\"@bellunopress\" \/>\n<meta name=\"twitter:site\" content=\"@bellunopress\" \/>\n<meta name=\"twitter:label1\" content=\"\u00c9crit par\" \/>\n\t<meta name=\"twitter:data1\" content=\"redazione\" \/>\n\t<meta name=\"twitter:label2\" content=\"Dur\u00e9e de lecture estim\u00e9e\" \/>\n\t<meta name=\"twitter:data2\" content=\"2 minutes\" \/>\n<script type=\"application\/ld+json\" class=\"yoast-schema-graph\">{\"@context\":\"https:\\\/\\\/schema.org\",\"@graph\":[{\"@type\":\"Article\",\"@id\":\"https:\\\/\\\/www.bellunopress.it\\\/2011\\\/10\\\/05\\\/%e2%80%9cquante-storie%e2%80%9d-in-biblioteca-di-belluno-dal-7-ottobre-al-25-maggio-2012\\\/#article\",\"isPartOf\":{\"@id\":\"https:\\\/\\\/www.bellunopress.it\\\/2011\\\/10\\\/05\\\/%e2%80%9cquante-storie%e2%80%9d-in-biblioteca-di-belluno-dal-7-ottobre-al-25-maggio-2012\\\/\"},\"author\":{\"name\":\"redazione\",\"@id\":\"https:\\\/\\\/www.bellunopress.it\\\/#\\\/schema\\\/person\\\/79bb06722b37ece1c03d3e94beb30d73\"},\"headline\":\"\u201cQuante storie!\u201d: in Biblioteca di Belluno dal 7 ottobre al 25 maggio 2012\",\"datePublished\":\"2011-10-05T05:49:36+00:00\",\"mainEntityOfPage\":{\"@id\":\"https:\\\/\\\/www.bellunopress.it\\\/2011\\\/10\\\/05\\\/%e2%80%9cquante-storie%e2%80%9d-in-biblioteca-di-belluno-dal-7-ottobre-al-25-maggio-2012\\\/\"},\"wordCount\":338,\"publisher\":{\"@id\":\"https:\\\/\\\/www.bellunopress.it\\\/#organization\"},\"image\":{\"@id\":\"https:\\\/\\\/www.bellunopress.it\\\/2011\\\/10\\\/05\\\/%e2%80%9cquante-storie%e2%80%9d-in-biblioteca-di-belluno-dal-7-ottobre-al-25-maggio-2012\\\/#primaryimage\"},\"thumbnailUrl\":\"http:\\\/\\\/www.bellunopress.it\\\/wp-content\\\/uploads\\\/2009\\\/12\\\/crepadona.jpg\",\"articleSection\":[\"Appuntamenti, Eventi\",\"Arte, Cultura, Spettacoli, Scienza\",\"Pausa Caff\u00e8\"],\"inLanguage\":\"fr-FR\"},{\"@type\":\"WebPage\",\"@id\":\"https:\\\/\\\/www.bellunopress.it\\\/2011\\\/10\\\/05\\\/%e2%80%9cquante-storie%e2%80%9d-in-biblioteca-di-belluno-dal-7-ottobre-al-25-maggio-2012\\\/\",\"url\":\"https:\\\/\\\/www.bellunopress.it\\\/2011\\\/10\\\/05\\\/%e2%80%9cquante-storie%e2%80%9d-in-biblioteca-di-belluno-dal-7-ottobre-al-25-maggio-2012\\\/\",\"name\":\"\u201cQuante storie!\u201d: in Biblioteca di Belluno dal 7 ottobre al 25 maggio 2012 - Bellunopress - Dolomiti\",\"isPartOf\":{\"@id\":\"https:\\\/\\\/www.bellunopress.it\\\/#website\"},\"primaryImageOfPage\":{\"@id\":\"https:\\\/\\\/www.bellunopress.it\\\/2011\\\/10\\\/05\\\/%e2%80%9cquante-storie%e2%80%9d-in-biblioteca-di-belluno-dal-7-ottobre-al-25-maggio-2012\\\/#primaryimage\"},\"image\":{\"@id\":\"https:\\\/\\\/www.bellunopress.it\\\/2011\\\/10\\\/05\\\/%e2%80%9cquante-storie%e2%80%9d-in-biblioteca-di-belluno-dal-7-ottobre-al-25-maggio-2012\\\/#primaryimage\"},\"thumbnailUrl\":\"http:\\\/\\\/www.bellunopress.it\\\/wp-content\\\/uploads\\\/2009\\\/12\\\/crepadona.jpg\",\"datePublished\":\"2011-10-05T05:49:36+00:00\",\"breadcrumb\":{\"@id\":\"https:\\\/\\\/www.bellunopress.it\\\/2011\\\/10\\\/05\\\/%e2%80%9cquante-storie%e2%80%9d-in-biblioteca-di-belluno-dal-7-ottobre-al-25-maggio-2012\\\/#breadcrumb\"},\"inLanguage\":\"fr-FR\",\"potentialAction\":[{\"@type\":\"ReadAction\",\"target\":[\"https:\\\/\\\/www.bellunopress.it\\\/2011\\\/10\\\/05\\\/%e2%80%9cquante-storie%e2%80%9d-in-biblioteca-di-belluno-dal-7-ottobre-al-25-maggio-2012\\\/\"]}]},{\"@type\":\"ImageObject\",\"inLanguage\":\"fr-FR\",\"@id\":\"https:\\\/\\\/www.bellunopress.it\\\/2011\\\/10\\\/05\\\/%e2%80%9cquante-storie%e2%80%9d-in-biblioteca-di-belluno-dal-7-ottobre-al-25-maggio-2012\\\/#primaryimage\",\"url\":\"http:\\\/\\\/www.bellunopress.it\\\/wp-content\\\/uploads\\\/2009\\\/12\\\/crepadona.jpg\",\"contentUrl\":\"http:\\\/\\\/www.bellunopress.it\\\/wp-content\\\/uploads\\\/2009\\\/12\\\/crepadona.jpg\"},{\"@type\":\"BreadcrumbList\",\"@id\":\"https:\\\/\\\/www.bellunopress.it\\\/2011\\\/10\\\/05\\\/%e2%80%9cquante-storie%e2%80%9d-in-biblioteca-di-belluno-dal-7-ottobre-al-25-maggio-2012\\\/#breadcrumb\",\"itemListElement\":[{\"@type\":\"ListItem\",\"position\":1,\"name\":\"Home\",\"item\":\"https:\\\/\\\/www.bellunopress.it\\\/\"},{\"@type\":\"ListItem\",\"position\":2,\"name\":\"\u201cQuante storie!\u201d: in Biblioteca di Belluno dal 7 ottobre al 25 maggio 2012\"}]},{\"@type\":\"WebSite\",\"@id\":\"https:\\\/\\\/www.bellunopress.it\\\/#website\",\"url\":\"https:\\\/\\\/www.bellunopress.it\\\/\",\"name\":\"Bellunopress - Dolomiti\",\"description\":\"e-mail: redazione@bellunopress.it\",\"publisher\":{\"@id\":\"https:\\\/\\\/www.bellunopress.it\\\/#organization\"},\"potentialAction\":[{\"@type\":\"SearchAction\",\"target\":{\"@type\":\"EntryPoint\",\"urlTemplate\":\"https:\\\/\\\/www.bellunopress.it\\\/?s={search_term_string}\"},\"query-input\":{\"@type\":\"PropertyValueSpecification\",\"valueRequired\":true,\"valueName\":\"search_term_string\"}}],\"inLanguage\":\"fr-FR\"},{\"@type\":\"Organization\",\"@id\":\"https:\\\/\\\/www.bellunopress.it\\\/#organization\",\"name\":\"Bellunopress\",\"url\":\"https:\\\/\\\/www.bellunopress.it\\\/\",\"logo\":{\"@type\":\"ImageObject\",\"inLanguage\":\"fr-FR\",\"@id\":\"https:\\\/\\\/www.bellunopress.it\\\/#\\\/schema\\\/logo\\\/image\\\/\",\"url\":\"https:\\\/\\\/www.bellunopress.it\\\/wp-content\\\/uploads\\\/2011\\\/05\\\/cropped-logo-bellunopress-.jpg\",\"contentUrl\":\"https:\\\/\\\/www.bellunopress.it\\\/wp-content\\\/uploads\\\/2011\\\/05\\\/cropped-logo-bellunopress-.jpg\",\"width\":512,\"height\":512,\"caption\":\"Bellunopress\"},\"image\":{\"@id\":\"https:\\\/\\\/www.bellunopress.it\\\/#\\\/schema\\\/logo\\\/image\\\/\"},\"sameAs\":[\"https:\\\/\\\/www.facebook.com\\\/profile.php?id=100008943462799\",\"https:\\\/\\\/x.com\\\/bellunopress\",\"https:\\\/\\\/www.linkedin.com\\\/hp\\\/?dnr=JBzUWaJfMUw8vbXJJ2tVW5-I3jZKvC4wsoxE&amp;amp;amp;amp;amp;amp;trk=nav_responsive_tab_home\",\"https:\\\/\\\/www.youtube.com\\\/channel\\\/UCxL0wu1uN0_3_7hGG0306cw\"]},{\"@type\":\"Person\",\"@id\":\"https:\\\/\\\/www.bellunopress.it\\\/#\\\/schema\\\/person\\\/79bb06722b37ece1c03d3e94beb30d73\",\"name\":\"redazione\",\"image\":{\"@type\":\"ImageObject\",\"inLanguage\":\"fr-FR\",\"@id\":\"https:\\\/\\\/secure.gravatar.com\\\/avatar\\\/37d968a2e67a6fd04c169c4bdef102d0bc5d31b2546345219e348575eb80e9a0?s=96&d=mm&r=g\",\"url\":\"https:\\\/\\\/secure.gravatar.com\\\/avatar\\\/37d968a2e67a6fd04c169c4bdef102d0bc5d31b2546345219e348575eb80e9a0?s=96&d=mm&r=g\",\"contentUrl\":\"https:\\\/\\\/secure.gravatar.com\\\/avatar\\\/37d968a2e67a6fd04c169c4bdef102d0bc5d31b2546345219e348575eb80e9a0?s=96&d=mm&r=g\",\"caption\":\"redazione\"},\"sameAs\":[\"http:\\\/\\\/www.bellunopress.it\",\"https:\\\/\\\/x.com\\\/bellunopress\"],\"url\":\"https:\\\/\\\/www.bellunopress.it\\\/fr\\\/author\\\/redazione\\\/\"}]}<\/script>\n<!-- \/ Yoast SEO plugin. -->","yoast_head_json":{"title":"\u201cQuante storie!\u201d: in Biblioteca di Belluno dal 7 ottobre al 25 maggio 2012 - Bellunopress - Dolomiti","robots":{"index":"index","follow":"follow","max-snippet":"max-snippet:-1","max-image-preview":"max-image-preview:large","max-video-preview":"max-video-preview:-1"},"canonical":"https:\/\/www.bellunopress.it\/fr\/2011\/10\/05\/\u201cquante-storie\u201d-in-biblioteca-di-belluno-dal-7-ottobre-al-25-maggio-2012\/","og_locale":"fr_FR","og_type":"article","og_title":"\u201cQuante storie!\u201d: in Biblioteca di Belluno dal 7 ottobre al 25 maggio 2012 - Bellunopress - Dolomiti","og_description":"Il progetto \u201cQuante storie!\u201d, promosso dalla Biblioteca civica di Belluno, riparte anche quest\u2019anno, per la settima volta, proponendo letture animate per i bambini dai 3 ai 6 anni nei pomeriggi del venerd\u00ec, a partire dal 7 ottobre e fino al 25 maggio 2012, con orario 17.00-17.30. L\u2019iniziativa sar\u00e0 possibile, anche quest\u2019anno, grazie alla pronta disponibilit\u00e0 [&hellip;]","og_url":"https:\/\/www.bellunopress.it\/fr\/2011\/10\/05\/\u201cquante-storie\u201d-in-biblioteca-di-belluno-dal-7-ottobre-al-25-maggio-2012\/","og_site_name":"Bellunopress - Dolomiti","article_publisher":"https:\/\/www.facebook.com\/profile.php?id=100008943462799","article_published_time":"2011-10-05T05:49:36+00:00","og_image":[{"url":"http:\/\/www.bellunopress.it\/wp-content\/uploads\/2009\/12\/crepadona.jpg","type":"","width":"","height":""}],"author":"redazione","twitter_card":"summary_large_image","twitter_creator":"@bellunopress","twitter_site":"@bellunopress","twitter_misc":{"\u00c9crit par":"redazione","Dur\u00e9e de lecture estim\u00e9e":"2 minutes"},"schema":{"@context":"https:\/\/schema.org","@graph":[{"@type":"Article","@id":"https:\/\/www.bellunopress.it\/2011\/10\/05\/%e2%80%9cquante-storie%e2%80%9d-in-biblioteca-di-belluno-dal-7-ottobre-al-25-maggio-2012\/#article","isPartOf":{"@id":"https:\/\/www.bellunopress.it\/2011\/10\/05\/%e2%80%9cquante-storie%e2%80%9d-in-biblioteca-di-belluno-dal-7-ottobre-al-25-maggio-2012\/"},"author":{"name":"redazione","@id":"https:\/\/www.bellunopress.it\/#\/schema\/person\/79bb06722b37ece1c03d3e94beb30d73"},"headline":"\u201cQuante storie!\u201d: in Biblioteca di Belluno dal 7 ottobre al 25 maggio 2012","datePublished":"2011-10-05T05:49:36+00:00","mainEntityOfPage":{"@id":"https:\/\/www.bellunopress.it\/2011\/10\/05\/%e2%80%9cquante-storie%e2%80%9d-in-biblioteca-di-belluno-dal-7-ottobre-al-25-maggio-2012\/"},"wordCount":338,"publisher":{"@id":"https:\/\/www.bellunopress.it\/#organization"},"image":{"@id":"https:\/\/www.bellunopress.it\/2011\/10\/05\/%e2%80%9cquante-storie%e2%80%9d-in-biblioteca-di-belluno-dal-7-ottobre-al-25-maggio-2012\/#primaryimage"},"thumbnailUrl":"http:\/\/www.bellunopress.it\/wp-content\/uploads\/2009\/12\/crepadona.jpg","articleSection":["Appuntamenti, Eventi","Arte, Cultura, Spettacoli, Scienza","Pausa Caff\u00e8"],"inLanguage":"fr-FR"},{"@type":"WebPage","@id":"https:\/\/www.bellunopress.it\/2011\/10\/05\/%e2%80%9cquante-storie%e2%80%9d-in-biblioteca-di-belluno-dal-7-ottobre-al-25-maggio-2012\/","url":"https:\/\/www.bellunopress.it\/2011\/10\/05\/%e2%80%9cquante-storie%e2%80%9d-in-biblioteca-di-belluno-dal-7-ottobre-al-25-maggio-2012\/","name":"\u201cQuante storie!\u201d: in Biblioteca di Belluno dal 7 ottobre al 25 maggio 2012 - Bellunopress - Dolomiti","isPartOf":{"@id":"https:\/\/www.bellunopress.it\/#website"},"primaryImageOfPage":{"@id":"https:\/\/www.bellunopress.it\/2011\/10\/05\/%e2%80%9cquante-storie%e2%80%9d-in-biblioteca-di-belluno-dal-7-ottobre-al-25-maggio-2012\/#primaryimage"},"image":{"@id":"https:\/\/www.bellunopress.it\/2011\/10\/05\/%e2%80%9cquante-storie%e2%80%9d-in-biblioteca-di-belluno-dal-7-ottobre-al-25-maggio-2012\/#primaryimage"},"thumbnailUrl":"http:\/\/www.bellunopress.it\/wp-content\/uploads\/2009\/12\/crepadona.jpg","datePublished":"2011-10-05T05:49:36+00:00","breadcrumb":{"@id":"https:\/\/www.bellunopress.it\/2011\/10\/05\/%e2%80%9cquante-storie%e2%80%9d-in-biblioteca-di-belluno-dal-7-ottobre-al-25-maggio-2012\/#breadcrumb"},"inLanguage":"fr-FR","potentialAction":[{"@type":"ReadAction","target":["https:\/\/www.bellunopress.it\/2011\/10\/05\/%e2%80%9cquante-storie%e2%80%9d-in-biblioteca-di-belluno-dal-7-ottobre-al-25-maggio-2012\/"]}]},{"@type":"ImageObject","inLanguage":"fr-FR","@id":"https:\/\/www.bellunopress.it\/2011\/10\/05\/%e2%80%9cquante-storie%e2%80%9d-in-biblioteca-di-belluno-dal-7-ottobre-al-25-maggio-2012\/#primaryimage","url":"http:\/\/www.bellunopress.it\/wp-content\/uploads\/2009\/12\/crepadona.jpg","contentUrl":"http:\/\/www.bellunopress.it\/wp-content\/uploads\/2009\/12\/crepadona.jpg"},{"@type":"BreadcrumbList","@id":"https:\/\/www.bellunopress.it\/2011\/10\/05\/%e2%80%9cquante-storie%e2%80%9d-in-biblioteca-di-belluno-dal-7-ottobre-al-25-maggio-2012\/#breadcrumb","itemListElement":[{"@type":"ListItem","position":1,"name":"Home","item":"https:\/\/www.bellunopress.it\/"},{"@type":"ListItem","position":2,"name":"\u201cQuante storie!\u201d: in Biblioteca di Belluno dal 7 ottobre al 25 maggio 2012"}]},{"@type":"WebSite","@id":"https:\/\/www.bellunopress.it\/#website","url":"https:\/\/www.bellunopress.it\/","name":"Bellunopress - Dolomiti","description":"e-mail: redazione@bellunopress.it","publisher":{"@id":"https:\/\/www.bellunopress.it\/#organization"},"potentialAction":[{"@type":"SearchAction","target":{"@type":"EntryPoint","urlTemplate":"https:\/\/www.bellunopress.it\/?s={search_term_string}"},"query-input":{"@type":"PropertyValueSpecification","valueRequired":true,"valueName":"search_term_string"}}],"inLanguage":"fr-FR"},{"@type":"Organization","@id":"https:\/\/www.bellunopress.it\/#organization","name":"Bellunopress","url":"https:\/\/www.bellunopress.it\/","logo":{"@type":"ImageObject","inLanguage":"fr-FR","@id":"https:\/\/www.bellunopress.it\/#\/schema\/logo\/image\/","url":"https:\/\/www.bellunopress.it\/wp-content\/uploads\/2011\/05\/cropped-logo-bellunopress-.jpg","contentUrl":"https:\/\/www.bellunopress.it\/wp-content\/uploads\/2011\/05\/cropped-logo-bellunopress-.jpg","width":512,"height":512,"caption":"Bellunopress"},"image":{"@id":"https:\/\/www.bellunopress.it\/#\/schema\/logo\/image\/"},"sameAs":["https:\/\/www.facebook.com\/profile.php?id=100008943462799","https:\/\/x.com\/bellunopress","https:\/\/www.linkedin.com\/hp\/?dnr=JBzUWaJfMUw8vbXJJ2tVW5-I3jZKvC4wsoxE&amp;amp;amp;amp;amp;amp;trk=nav_responsive_tab_home","https:\/\/www.youtube.com\/channel\/UCxL0wu1uN0_3_7hGG0306cw"]},{"@type":"Person","@id":"https:\/\/www.bellunopress.it\/#\/schema\/person\/79bb06722b37ece1c03d3e94beb30d73","name":"r\u00e9daction","image":{"@type":"ImageObject","inLanguage":"fr-FR","@id":"https:\/\/secure.gravatar.com\/avatar\/37d968a2e67a6fd04c169c4bdef102d0bc5d31b2546345219e348575eb80e9a0?s=96&d=mm&r=g","url":"https:\/\/secure.gravatar.com\/avatar\/37d968a2e67a6fd04c169c4bdef102d0bc5d31b2546345219e348575eb80e9a0?s=96&d=mm&r=g","contentUrl":"https:\/\/secure.gravatar.com\/avatar\/37d968a2e67a6fd04c169c4bdef102d0bc5d31b2546345219e348575eb80e9a0?s=96&d=mm&r=g","caption":"redazione"},"sameAs":["http:\/\/www.bellunopress.it","https:\/\/x.com\/bellunopress"],"url":"https:\/\/www.bellunopress.it\/fr\/author\/redazione\/"}]}},"_links":{"self":[{"href":"https:\/\/www.bellunopress.it\/fr\/wp-json\/wp\/v2\/posts\/31066","targetHints":{"allow":["GET"]}}],"collection":[{"href":"https:\/\/www.bellunopress.it\/fr\/wp-json\/wp\/v2\/posts"}],"about":[{"href":"https:\/\/www.bellunopress.it\/fr\/wp-json\/wp\/v2\/types\/post"}],"author":[{"embeddable":true,"href":"https:\/\/www.bellunopress.it\/fr\/wp-json\/wp\/v2\/users\/2"}],"replies":[{"embeddable":true,"href":"https:\/\/www.bellunopress.it\/fr\/wp-json\/wp\/v2\/comments?post=31066"}],"version-history":[{"count":1,"href":"https:\/\/www.bellunopress.it\/fr\/wp-json\/wp\/v2\/posts\/31066\/revisions"}],"predecessor-version":[{"id":31067,"href":"https:\/\/www.bellunopress.it\/fr\/wp-json\/wp\/v2\/posts\/31066\/revisions\/31067"}],"wp:attachment":[{"href":"https:\/\/www.bellunopress.it\/fr\/wp-json\/wp\/v2\/media?parent=31066"}],"wp:term":[{"taxonomy":"category","embeddable":true,"href":"https:\/\/www.bellunopress.it\/fr\/wp-json\/wp\/v2\/categories?post=31066"},{"taxonomy":"post_tag","embeddable":true,"href":"https:\/\/www.bellunopress.it\/fr\/wp-json\/wp\/v2\/tags?post=31066"}],"curies":[{"name":"wp","href":"https:\/\/api.w.org\/{rel}","templated":true}]}}