{"id":31022,"date":"2011-09-29T23:27:13","date_gmt":"2011-09-29T22:27:13","guid":{"rendered":"http:\/\/www.bellunopress.it\/?p=31022"},"modified":"2011-09-29T23:27:13","modified_gmt":"2011-09-29T22:27:13","slug":"dolomiti-contemporanee-sviluppo-di-un-modello-integrato-e-azioni-in-atto-di-gianluca-dinca-levis","status":"publish","type":"post","link":"https:\/\/www.bellunopress.it\/fr\/2011\/09\/29\/dolomiti-contemporanee-sviluppo-di-un-modello-integrato-e-azioni-in-atto-di-gianluca-dinca-levis\/","title":{"rendered":"Dolomiti Contemporanee: sviluppo di un modello integrato e azioni in atto  * di Gianluca d&#8217;Inc\u00e0 Levis"},"content":{"rendered":"<p>Dolomiti Contemporanee \u00e8 un progetto basato sulla poesia della libert\u00e0, sull&#8217;antagonismo all&#8217;inerzia, sulla spinta e sulla pressione e sull&#8217;aggressivit\u00e0 intelligente (impulso e razionalit\u00e0, destrutturalit\u00e0 &#8211; guerra aperta agli schemi chiusi -l&#8217;indolenza conservativa, che semina il mondo a sterilit\u00e0 e noia- per generarne uno aperto, produttivo, ideativo), sulla rete, sul rifiuto della staticit\u00e0 dei ruoli e delle destinazioni (dei destini), sulla concretezza e sulla caparbiet\u00e0, sullo sviluppo delle risorse, sull&#8217;interesse vitale e intellettuale per lo sguardo creativo che rinnova ed incendia (l&#8217;artista \u00e8 in piedi, pensa ed agisce; pensare, scrivere, agire).<\/p>\n<figure id=\"attachment_29514\" aria-describedby=\"caption-attachment-29514\" style=\"width: 280px\" class=\"wp-caption alignleft\"><a href=\"http:\/\/www.bellunopress.it\/wp-content\/uploads\/2011\/08\/gianluca-dinc\u00e0-levis.jpg\"><img loading=\"lazy\" decoding=\"async\" class=\"size-full wp-image-29514\" title=\"gianluca d'inc\u00e0 levis\" src=\"http:\/\/www.bellunopress.it\/wp-content\/uploads\/2011\/08\/gianluca-dinc\u00e0-levis.jpg\" alt=\"\" width=\"280\" height=\"280\" srcset=\"https:\/\/www.bellunopress.it\/wp-content\/uploads\/2011\/08\/gianluca-dinc\u00e0-levis.jpg 280w, https:\/\/www.bellunopress.it\/wp-content\/uploads\/2011\/08\/gianluca-dinc\u00e0-levis-150x150.jpg 150w\" sizes=\"auto, (max-width: 280px) 100vw, 280px\" \/><\/a><figcaption id=\"caption-attachment-29514\" class=\"wp-caption-text\">Gianluca d&#39;Inc\u00e0 Levis<\/figcaption><\/figure>\n<p>Il progetto Dolomiti Contemporanee \u00e8 nato circa un anno emmezzo fa, quando si \u00e8 iniziato a lavorare alla sua idea, e si \u00e8 deciso di FARLA.<\/p>\n<p>Il 30 luglio scorso, si \u00e8 aperto dunque il cantiere di Sass Muss, e sono iniziate le operazioni di campo. In due mesi circa di attivit\u00e0 continua, abbiamo mostrato cosa intendiamo fare, come intendiamo procedere. Per Sass Muss, per fare le mostre, sono gi\u00e0 passati 50 artisti, e 6.000 persone. Rapporti, inneschi, artisti e musicisti e critici e curatori e galleristi e pubblico ad incontrarsi e riflettere e scambiare, il suono del Cordevole a rifluire negli orecchi, mica piano. E continuano a venire, in questo luogo nuovo e speciale. A parlare, a discutere, a scrivere.<\/p>\n<p>Pierluigi Basso, implacabile ingegno di semiologo e gran cuoco, ha scritto due saggi, 15 cartelle, sul cetaceo che non vuole pi\u00f9 dormire, su DC e SM (presto pubblicati su semioticaviva.com, e nella sezione press del sito DC).<\/p>\n<p>Dolomiti Contemporanee, per\u00f2, non \u00e8 Sass Muss. Dolomiti Contemporanee \u00e8 un progetto che lavora sulla messa in rete delle risorse (umane, creative, spaziali, territoriali, specifiche, generali, fisiche, teoriche). Le Dolomiti, come specificit\u00e0 territoriale, sono quindi un cuore mobile, non un affetto o una nostalgia reazionaria. Questo spazio vuole\/deve essere reinterpretato. Non \u00e8, DC, un progetto di tutela e conservazione, ma un&#8217;idea di rinnovamento, e, in parte, di sovversione.<\/p>\n<p>Insisteremo con Sass Muss: stiamo lavorando al futuro di questa stazione. Vorremmo rimanerci. Nel frattempo, portiamo Dolomiti Contemporanee altrove, per aprirlo all&#8217;esterno.<\/p>\n<p>Nel prossimo finesettimana, DC sar\u00e0 presente con uno stand di 200 mq., di pietre e legni e architettura in tensione sintetica all&#8217;Expodolomiti (100 quintali di castellavazzo forniti da Cason Marmi; 120 pallets forniti da Pallets Dolomiti; grazie anche a Next Sedico ed all&#8217;organizzazione della Fiera di Longarone).<\/p>\n<p>Gioved\u00ec 4 ottobre, alle 17.30, Sass Muss ospiter\u00e0 uno degli eventi del programma di Oltre le vette, con una visita guidata ed un dibattito peripatetico ai padiglioni dal titolo L&#8217;arte come display sulla natura.<\/p>\n<p>Naturalmente, a Sass Muss, le mostre rimarranno aperte (sabato sera dalle 21.00 doppio dj set).<\/p>\n<p>Dal 6 al 10 ottobre, saremo, con un altro stand, ad Artverona, fiera d&#8217;arte moderna e contemporanea di Verona.<\/p>\n<p>A novembre, saremo a Palermo, a Palazzo Riso, a presentare il progetto ed i lavori realizzati quest&#8217;estate dagli artisti del S.a.c.s. a Sass Muss.<\/p>\n<p>Portiamo fuori le nostre idee, mescolate con quelle degli altri, avanti, al\u00e8.<\/p>\n<p>&nbsp;<\/p>\n<p>gianluca d&#8217;inc\u00e0 levis<\/p>\n<p>&nbsp;<\/p>\n<p>&nbsp;<\/p>","protected":false},"excerpt":{"rendered":"<p>Dolomiti Contemporanee \u00e8 un progetto basato sulla poesia della libert\u00e0, sull&#8217;antagonismo all&#8217;inerzia, sulla spinta e sulla pressione e sull&#8217;aggressivit\u00e0 intelligente (impulso e razionalit\u00e0, destrutturalit\u00e0 &#8211; guerra aperta agli schemi chiusi -l&#8217;indolenza conservativa, che semina il mondo a sterilit\u00e0 e noia- per generarne uno aperto, produttivo, ideativo), sulla rete, sul rifiuto della staticit\u00e0 dei ruoli e [&hellip;]<\/p>\n","protected":false},"author":2,"featured_media":0,"comment_status":"closed","ping_status":"open","sticky":false,"template":"","format":"standard","meta":{"footnotes":""},"categories":[27,3,25],"tags":[],"class_list":["post-31022","post","type-post","status-publish","format-standard","category-appuntamenti","category-arte-cultura-spettacoli-scienza-archivi","category-pausa-caffe"],"yoast_head":"<!-- This site is optimized with the Yoast SEO plugin v28.4 - https:\/\/yoast.com\/product\/yoast-seo-wordpress\/ -->\n<title>Dolomiti Contemporanee: sviluppo di un modello integrato e azioni in atto * di Gianluca d&#039;Inc\u00e0 Levis - Bellunopress - Dolomiti<\/title>\n<meta name=\"robots\" content=\"index, follow, max-snippet:-1, max-image-preview:large, max-video-preview:-1\" \/>\n<link rel=\"canonical\" href=\"https:\/\/www.bellunopress.it\/fr\/2011\/09\/29\/dolomiti-contemporanee-sviluppo-di-un-modello-integrato-e-azioni-in-atto-di-gianluca-dinca-levis\/\" \/>\n<meta property=\"og:locale\" content=\"fr_FR\" \/>\n<meta property=\"og:type\" content=\"article\" \/>\n<meta property=\"og:title\" content=\"Dolomiti Contemporanee: sviluppo di un modello integrato e azioni in atto * di Gianluca d&#039;Inc\u00e0 Levis - Bellunopress - Dolomiti\" \/>\n<meta property=\"og:description\" content=\"Dolomiti Contemporanee \u00e8 un progetto basato sulla poesia della libert\u00e0, sull&#8217;antagonismo all&#8217;inerzia, sulla spinta e sulla pressione e sull&#8217;aggressivit\u00e0 intelligente (impulso e razionalit\u00e0, destrutturalit\u00e0 &#8211; guerra aperta agli schemi chiusi -l&#8217;indolenza conservativa, che semina il mondo a sterilit\u00e0 e noia- per generarne uno aperto, produttivo, ideativo), sulla rete, sul rifiuto della staticit\u00e0 dei ruoli e [&hellip;]\" \/>\n<meta property=\"og:url\" content=\"https:\/\/www.bellunopress.it\/fr\/2011\/09\/29\/dolomiti-contemporanee-sviluppo-di-un-modello-integrato-e-azioni-in-atto-di-gianluca-dinca-levis\/\" \/>\n<meta property=\"og:site_name\" content=\"Bellunopress - Dolomiti\" \/>\n<meta property=\"article:publisher\" content=\"https:\/\/www.facebook.com\/profile.php?id=100008943462799\" \/>\n<meta property=\"article:published_time\" content=\"2011-09-29T22:27:13+00:00\" \/>\n<meta property=\"og:image\" content=\"http:\/\/www.bellunopress.it\/wp-content\/uploads\/2011\/08\/gianluca-dinc\u00e0-levis.jpg\" \/>\n<meta name=\"author\" content=\"redazione\" \/>\n<meta name=\"twitter:card\" content=\"summary_large_image\" \/>\n<meta name=\"twitter:creator\" content=\"@bellunopress\" \/>\n<meta name=\"twitter:site\" content=\"@bellunopress\" \/>\n<meta name=\"twitter:label1\" content=\"\u00c9crit par\" \/>\n\t<meta name=\"twitter:data1\" content=\"redazione\" \/>\n\t<meta name=\"twitter:label2\" content=\"Dur\u00e9e de lecture estim\u00e9e\" \/>\n\t<meta name=\"twitter:data2\" content=\"2 minutes\" \/>\n<script type=\"application\/ld+json\" class=\"yoast-schema-graph\">{\"@context\":\"https:\\\/\\\/schema.org\",\"@graph\":[{\"@type\":\"Article\",\"@id\":\"https:\\\/\\\/www.bellunopress.it\\\/2011\\\/09\\\/29\\\/dolomiti-contemporanee-sviluppo-di-un-modello-integrato-e-azioni-in-atto-di-gianluca-dinca-levis\\\/#article\",\"isPartOf\":{\"@id\":\"https:\\\/\\\/www.bellunopress.it\\\/2011\\\/09\\\/29\\\/dolomiti-contemporanee-sviluppo-di-un-modello-integrato-e-azioni-in-atto-di-gianluca-dinca-levis\\\/\"},\"author\":{\"name\":\"redazione\",\"@id\":\"https:\\\/\\\/www.bellunopress.it\\\/#\\\/schema\\\/person\\\/79bb06722b37ece1c03d3e94beb30d73\"},\"headline\":\"Dolomiti Contemporanee: sviluppo di un modello integrato e azioni in atto * di Gianluca d&#8217;Inc\u00e0 Levis\",\"datePublished\":\"2011-09-29T22:27:13+00:00\",\"mainEntityOfPage\":{\"@id\":\"https:\\\/\\\/www.bellunopress.it\\\/2011\\\/09\\\/29\\\/dolomiti-contemporanee-sviluppo-di-un-modello-integrato-e-azioni-in-atto-di-gianluca-dinca-levis\\\/\"},\"wordCount\":521,\"publisher\":{\"@id\":\"https:\\\/\\\/www.bellunopress.it\\\/#organization\"},\"articleSection\":[\"Appuntamenti, Eventi\",\"Arte, Cultura, Spettacoli, Scienza\",\"Pausa Caff\u00e8\"],\"inLanguage\":\"fr-FR\"},{\"@type\":\"WebPage\",\"@id\":\"https:\\\/\\\/www.bellunopress.it\\\/2011\\\/09\\\/29\\\/dolomiti-contemporanee-sviluppo-di-un-modello-integrato-e-azioni-in-atto-di-gianluca-dinca-levis\\\/\",\"url\":\"https:\\\/\\\/www.bellunopress.it\\\/2011\\\/09\\\/29\\\/dolomiti-contemporanee-sviluppo-di-un-modello-integrato-e-azioni-in-atto-di-gianluca-dinca-levis\\\/\",\"name\":\"Dolomiti Contemporanee: sviluppo di un modello integrato e azioni in atto * di Gianluca d'Inc\u00e0 Levis - Bellunopress - Dolomiti\",\"isPartOf\":{\"@id\":\"https:\\\/\\\/www.bellunopress.it\\\/#website\"},\"datePublished\":\"2011-09-29T22:27:13+00:00\",\"breadcrumb\":{\"@id\":\"https:\\\/\\\/www.bellunopress.it\\\/2011\\\/09\\\/29\\\/dolomiti-contemporanee-sviluppo-di-un-modello-integrato-e-azioni-in-atto-di-gianluca-dinca-levis\\\/#breadcrumb\"},\"inLanguage\":\"fr-FR\",\"potentialAction\":[{\"@type\":\"ReadAction\",\"target\":[\"https:\\\/\\\/www.bellunopress.it\\\/2011\\\/09\\\/29\\\/dolomiti-contemporanee-sviluppo-di-un-modello-integrato-e-azioni-in-atto-di-gianluca-dinca-levis\\\/\"]}]},{\"@type\":\"BreadcrumbList\",\"@id\":\"https:\\\/\\\/www.bellunopress.it\\\/2011\\\/09\\\/29\\\/dolomiti-contemporanee-sviluppo-di-un-modello-integrato-e-azioni-in-atto-di-gianluca-dinca-levis\\\/#breadcrumb\",\"itemListElement\":[{\"@type\":\"ListItem\",\"position\":1,\"name\":\"Home\",\"item\":\"https:\\\/\\\/www.bellunopress.it\\\/\"},{\"@type\":\"ListItem\",\"position\":2,\"name\":\"Dolomiti Contemporanee: sviluppo di un modello integrato e azioni in atto * di Gianluca d&#8217;Inc\u00e0 Levis\"}]},{\"@type\":\"WebSite\",\"@id\":\"https:\\\/\\\/www.bellunopress.it\\\/#website\",\"url\":\"https:\\\/\\\/www.bellunopress.it\\\/\",\"name\":\"Bellunopress - Dolomiti\",\"description\":\"e-mail: redazione@bellunopress.it\",\"publisher\":{\"@id\":\"https:\\\/\\\/www.bellunopress.it\\\/#organization\"},\"potentialAction\":[{\"@type\":\"SearchAction\",\"target\":{\"@type\":\"EntryPoint\",\"urlTemplate\":\"https:\\\/\\\/www.bellunopress.it\\\/?s={search_term_string}\"},\"query-input\":{\"@type\":\"PropertyValueSpecification\",\"valueRequired\":true,\"valueName\":\"search_term_string\"}}],\"inLanguage\":\"fr-FR\"},{\"@type\":\"Organization\",\"@id\":\"https:\\\/\\\/www.bellunopress.it\\\/#organization\",\"name\":\"Bellunopress\",\"url\":\"https:\\\/\\\/www.bellunopress.it\\\/\",\"logo\":{\"@type\":\"ImageObject\",\"inLanguage\":\"fr-FR\",\"@id\":\"https:\\\/\\\/www.bellunopress.it\\\/#\\\/schema\\\/logo\\\/image\\\/\",\"url\":\"https:\\\/\\\/www.bellunopress.it\\\/wp-content\\\/uploads\\\/2011\\\/05\\\/cropped-logo-bellunopress-.jpg\",\"contentUrl\":\"https:\\\/\\\/www.bellunopress.it\\\/wp-content\\\/uploads\\\/2011\\\/05\\\/cropped-logo-bellunopress-.jpg\",\"width\":512,\"height\":512,\"caption\":\"Bellunopress\"},\"image\":{\"@id\":\"https:\\\/\\\/www.bellunopress.it\\\/#\\\/schema\\\/logo\\\/image\\\/\"},\"sameAs\":[\"https:\\\/\\\/www.facebook.com\\\/profile.php?id=100008943462799\",\"https:\\\/\\\/x.com\\\/bellunopress\",\"https:\\\/\\\/www.linkedin.com\\\/hp\\\/?dnr=JBzUWaJfMUw8vbXJJ2tVW5-I3jZKvC4wsoxE&amp;amp;amp;amp;amp;amp;trk=nav_responsive_tab_home\",\"https:\\\/\\\/www.youtube.com\\\/channel\\\/UCxL0wu1uN0_3_7hGG0306cw\"]},{\"@type\":\"Person\",\"@id\":\"https:\\\/\\\/www.bellunopress.it\\\/#\\\/schema\\\/person\\\/79bb06722b37ece1c03d3e94beb30d73\",\"name\":\"redazione\",\"image\":{\"@type\":\"ImageObject\",\"inLanguage\":\"fr-FR\",\"@id\":\"https:\\\/\\\/secure.gravatar.com\\\/avatar\\\/37d968a2e67a6fd04c169c4bdef102d0bc5d31b2546345219e348575eb80e9a0?s=96&d=mm&r=g\",\"url\":\"https:\\\/\\\/secure.gravatar.com\\\/avatar\\\/37d968a2e67a6fd04c169c4bdef102d0bc5d31b2546345219e348575eb80e9a0?s=96&d=mm&r=g\",\"contentUrl\":\"https:\\\/\\\/secure.gravatar.com\\\/avatar\\\/37d968a2e67a6fd04c169c4bdef102d0bc5d31b2546345219e348575eb80e9a0?s=96&d=mm&r=g\",\"caption\":\"redazione\"},\"sameAs\":[\"http:\\\/\\\/www.bellunopress.it\",\"https:\\\/\\\/x.com\\\/bellunopress\"],\"url\":\"https:\\\/\\\/www.bellunopress.it\\\/fr\\\/author\\\/redazione\\\/\"}]}<\/script>\n<!-- \/ Yoast SEO plugin. -->","yoast_head_json":{"title":"Dolomiti Contemporanee: sviluppo di un modello integrato e azioni in atto * di Gianluca d'Inc\u00e0 Levis - Bellunopress - Dolomiti","robots":{"index":"index","follow":"follow","max-snippet":"max-snippet:-1","max-image-preview":"max-image-preview:large","max-video-preview":"max-video-preview:-1"},"canonical":"https:\/\/www.bellunopress.it\/fr\/2011\/09\/29\/dolomiti-contemporanee-sviluppo-di-un-modello-integrato-e-azioni-in-atto-di-gianluca-dinca-levis\/","og_locale":"fr_FR","og_type":"article","og_title":"Dolomiti Contemporanee: sviluppo di un modello integrato e azioni in atto * di Gianluca d'Inc\u00e0 Levis - Bellunopress - Dolomiti","og_description":"Dolomiti Contemporanee \u00e8 un progetto basato sulla poesia della libert\u00e0, sull&#8217;antagonismo all&#8217;inerzia, sulla spinta e sulla pressione e sull&#8217;aggressivit\u00e0 intelligente (impulso e razionalit\u00e0, destrutturalit\u00e0 &#8211; guerra aperta agli schemi chiusi -l&#8217;indolenza conservativa, che semina il mondo a sterilit\u00e0 e noia- per generarne uno aperto, produttivo, ideativo), sulla rete, sul rifiuto della staticit\u00e0 dei ruoli e [&hellip;]","og_url":"https:\/\/www.bellunopress.it\/fr\/2011\/09\/29\/dolomiti-contemporanee-sviluppo-di-un-modello-integrato-e-azioni-in-atto-di-gianluca-dinca-levis\/","og_site_name":"Bellunopress - Dolomiti","article_publisher":"https:\/\/www.facebook.com\/profile.php?id=100008943462799","article_published_time":"2011-09-29T22:27:13+00:00","og_image":[{"url":"http:\/\/www.bellunopress.it\/wp-content\/uploads\/2011\/08\/gianluca-dinc\u00e0-levis.jpg","type":"","width":"","height":""}],"author":"redazione","twitter_card":"summary_large_image","twitter_creator":"@bellunopress","twitter_site":"@bellunopress","twitter_misc":{"\u00c9crit par":"redazione","Dur\u00e9e de lecture estim\u00e9e":"2 minutes"},"schema":{"@context":"https:\/\/schema.org","@graph":[{"@type":"Article","@id":"https:\/\/www.bellunopress.it\/2011\/09\/29\/dolomiti-contemporanee-sviluppo-di-un-modello-integrato-e-azioni-in-atto-di-gianluca-dinca-levis\/#article","isPartOf":{"@id":"https:\/\/www.bellunopress.it\/2011\/09\/29\/dolomiti-contemporanee-sviluppo-di-un-modello-integrato-e-azioni-in-atto-di-gianluca-dinca-levis\/"},"author":{"name":"redazione","@id":"https:\/\/www.bellunopress.it\/#\/schema\/person\/79bb06722b37ece1c03d3e94beb30d73"},"headline":"Dolomiti Contemporanee: sviluppo di un modello integrato e azioni in atto * di Gianluca d&#8217;Inc\u00e0 Levis","datePublished":"2011-09-29T22:27:13+00:00","mainEntityOfPage":{"@id":"https:\/\/www.bellunopress.it\/2011\/09\/29\/dolomiti-contemporanee-sviluppo-di-un-modello-integrato-e-azioni-in-atto-di-gianluca-dinca-levis\/"},"wordCount":521,"publisher":{"@id":"https:\/\/www.bellunopress.it\/#organization"},"articleSection":["Appuntamenti, Eventi","Arte, Cultura, Spettacoli, Scienza","Pausa Caff\u00e8"],"inLanguage":"fr-FR"},{"@type":"WebPage","@id":"https:\/\/www.bellunopress.it\/2011\/09\/29\/dolomiti-contemporanee-sviluppo-di-un-modello-integrato-e-azioni-in-atto-di-gianluca-dinca-levis\/","url":"https:\/\/www.bellunopress.it\/2011\/09\/29\/dolomiti-contemporanee-sviluppo-di-un-modello-integrato-e-azioni-in-atto-di-gianluca-dinca-levis\/","name":"Dolomiti Contemporanee: sviluppo di un modello integrato e azioni in atto * di Gianluca d'Inc\u00e0 Levis - Bellunopress - Dolomiti","isPartOf":{"@id":"https:\/\/www.bellunopress.it\/#website"},"datePublished":"2011-09-29T22:27:13+00:00","breadcrumb":{"@id":"https:\/\/www.bellunopress.it\/2011\/09\/29\/dolomiti-contemporanee-sviluppo-di-un-modello-integrato-e-azioni-in-atto-di-gianluca-dinca-levis\/#breadcrumb"},"inLanguage":"fr-FR","potentialAction":[{"@type":"ReadAction","target":["https:\/\/www.bellunopress.it\/2011\/09\/29\/dolomiti-contemporanee-sviluppo-di-un-modello-integrato-e-azioni-in-atto-di-gianluca-dinca-levis\/"]}]},{"@type":"BreadcrumbList","@id":"https:\/\/www.bellunopress.it\/2011\/09\/29\/dolomiti-contemporanee-sviluppo-di-un-modello-integrato-e-azioni-in-atto-di-gianluca-dinca-levis\/#breadcrumb","itemListElement":[{"@type":"ListItem","position":1,"name":"Home","item":"https:\/\/www.bellunopress.it\/"},{"@type":"ListItem","position":2,"name":"Dolomiti Contemporanee: sviluppo di un modello integrato e azioni in atto * di Gianluca d&#8217;Inc\u00e0 Levis"}]},{"@type":"WebSite","@id":"https:\/\/www.bellunopress.it\/#website","url":"https:\/\/www.bellunopress.it\/","name":"Bellunopress - Dolomiti","description":"e-mail: redazione@bellunopress.it","publisher":{"@id":"https:\/\/www.bellunopress.it\/#organization"},"potentialAction":[{"@type":"SearchAction","target":{"@type":"EntryPoint","urlTemplate":"https:\/\/www.bellunopress.it\/?s={search_term_string}"},"query-input":{"@type":"PropertyValueSpecification","valueRequired":true,"valueName":"search_term_string"}}],"inLanguage":"fr-FR"},{"@type":"Organization","@id":"https:\/\/www.bellunopress.it\/#organization","name":"Bellunopress","url":"https:\/\/www.bellunopress.it\/","logo":{"@type":"ImageObject","inLanguage":"fr-FR","@id":"https:\/\/www.bellunopress.it\/#\/schema\/logo\/image\/","url":"https:\/\/www.bellunopress.it\/wp-content\/uploads\/2011\/05\/cropped-logo-bellunopress-.jpg","contentUrl":"https:\/\/www.bellunopress.it\/wp-content\/uploads\/2011\/05\/cropped-logo-bellunopress-.jpg","width":512,"height":512,"caption":"Bellunopress"},"image":{"@id":"https:\/\/www.bellunopress.it\/#\/schema\/logo\/image\/"},"sameAs":["https:\/\/www.facebook.com\/profile.php?id=100008943462799","https:\/\/x.com\/bellunopress","https:\/\/www.linkedin.com\/hp\/?dnr=JBzUWaJfMUw8vbXJJ2tVW5-I3jZKvC4wsoxE&amp;amp;amp;amp;amp;amp;trk=nav_responsive_tab_home","https:\/\/www.youtube.com\/channel\/UCxL0wu1uN0_3_7hGG0306cw"]},{"@type":"Person","@id":"https:\/\/www.bellunopress.it\/#\/schema\/person\/79bb06722b37ece1c03d3e94beb30d73","name":"r\u00e9daction","image":{"@type":"ImageObject","inLanguage":"fr-FR","@id":"https:\/\/secure.gravatar.com\/avatar\/37d968a2e67a6fd04c169c4bdef102d0bc5d31b2546345219e348575eb80e9a0?s=96&d=mm&r=g","url":"https:\/\/secure.gravatar.com\/avatar\/37d968a2e67a6fd04c169c4bdef102d0bc5d31b2546345219e348575eb80e9a0?s=96&d=mm&r=g","contentUrl":"https:\/\/secure.gravatar.com\/avatar\/37d968a2e67a6fd04c169c4bdef102d0bc5d31b2546345219e348575eb80e9a0?s=96&d=mm&r=g","caption":"redazione"},"sameAs":["http:\/\/www.bellunopress.it","https:\/\/x.com\/bellunopress"],"url":"https:\/\/www.bellunopress.it\/fr\/author\/redazione\/"}]}},"_links":{"self":[{"href":"https:\/\/www.bellunopress.it\/fr\/wp-json\/wp\/v2\/posts\/31022","targetHints":{"allow":["GET"]}}],"collection":[{"href":"https:\/\/www.bellunopress.it\/fr\/wp-json\/wp\/v2\/posts"}],"about":[{"href":"https:\/\/www.bellunopress.it\/fr\/wp-json\/wp\/v2\/types\/post"}],"author":[{"embeddable":true,"href":"https:\/\/www.bellunopress.it\/fr\/wp-json\/wp\/v2\/users\/2"}],"replies":[{"embeddable":true,"href":"https:\/\/www.bellunopress.it\/fr\/wp-json\/wp\/v2\/comments?post=31022"}],"version-history":[{"count":1,"href":"https:\/\/www.bellunopress.it\/fr\/wp-json\/wp\/v2\/posts\/31022\/revisions"}],"predecessor-version":[{"id":31023,"href":"https:\/\/www.bellunopress.it\/fr\/wp-json\/wp\/v2\/posts\/31022\/revisions\/31023"}],"wp:attachment":[{"href":"https:\/\/www.bellunopress.it\/fr\/wp-json\/wp\/v2\/media?parent=31022"}],"wp:term":[{"taxonomy":"category","embeddable":true,"href":"https:\/\/www.bellunopress.it\/fr\/wp-json\/wp\/v2\/categories?post=31022"},{"taxonomy":"post_tag","embeddable":true,"href":"https:\/\/www.bellunopress.it\/fr\/wp-json\/wp\/v2\/tags?post=31022"}],"curies":[{"name":"wp","href":"https:\/\/api.w.org\/{rel}","templated":true}]}}