{"id":31006,"date":"2011-09-29T21:01:04","date_gmt":"2011-09-29T20:01:04","guid":{"rendered":"http:\/\/www.bellunopress.it\/?p=31006"},"modified":"2011-09-29T21:01:04","modified_gmt":"2011-09-29T20:01:04","slug":"ritorna-oltre-le-vette-lappuntamento-con-la-montagna-al-suo-quindicesimo-anno","status":"publish","type":"post","link":"https:\/\/www.bellunopress.it\/fr\/2011\/09\/29\/ritorna-oltre-le-vette-lappuntamento-con-la-montagna-al-suo-quindicesimo-anno\/","title":{"rendered":"Ritorna Oltre le Vette, l&#8217;appuntamento con la montagna al suo quindicesimo anno"},"content":{"rendered":"<p>L&#8217;edizione di quest&#8217;anno di Oltre le Vette si concentra sul concetto di metafora; ovvero la montagna come percorso di vita e di crescita personale, analizzato nei suoi molteplici aspetti. Alpinisti di fama internazionale analizzeranno cos\u00ec le proprie imprese in parete, con un focus specifico sui risvolti psicologici che il contatto con questi giganti di roccia porta con s\u00e9. Metafora e alpinismo al femminile, come narra l&#8217;immagine di Vincenzo Piatti, scelta per rappresentare questa edizione, saranno protagonisti negli appuntamenti di Oltre le Vette 2011.<br \/>\nLa campagna di comunicazione dell&#8217;evento ha interessato l&#8217;intero Nordest diffondendo 300 locandine e 200 manifesti nelle province di Belluno, Treviso, Trento e Pordenone e 10.000 d\u00e9pliant con il programma dettagliato distribuito al largo pubblico. Decisamente innovative sono state le scelte di comunicazione volute dal team di curatori, che a fianco di una comunicazione tradizionale hanno privilegiato le nuove tecnologie al passo con i tempi e vicine al mondo giovanile: il sito internet, gi\u00e0 in rete da giorni: rinnovato, dinamico, quasi un giornale interattivo continuamente aggiornato con un&#8217;interfaccia verso i principali social network.<br \/>\nDall&#8217;1 al 14 ottobre Belluno diviene cos\u00ec luogo di incontro, confronto ed esposizione dove un attento pubblico di appassionati della montagna confluisce per seguire gli eventi in programma. <a href=\"http:\/\/www.bellunopress.it\/wp-content\/uploads\/2010\/09\/mauro-corona.jpg\"><img loading=\"lazy\" decoding=\"async\" class=\"alignleft size-full wp-image-19593\" title=\"mauro-corona\" src=\"http:\/\/www.bellunopress.it\/wp-content\/uploads\/2010\/09\/mauro-corona.jpg\" alt=\"\" width=\"270\" height=\"202\" \/><\/a>Tra gli appuntamenti di punta di quest&#8217;edizione 2011 vi sono quello del 7 ottobre con lo scrittore Mauro Corona; sabato 8 con gli alpinisti Nives Meroi e Romano Benet, Una storia d&#8217;amore e d&#8217;alpinismo; e l&#8217;omaggio del 9 ottobre al grande Dino Buzzati con la proiezione del film Barnabo delle Montagne diretto da Mario Brenta che sar\u00e0 presente in sala.<br \/>\nFondamentale l\u2019appuntamento del 14 ottobre, che chiuder\u00e0 la Rassegna, con un dibattito tra parlamentari dal titolo \u201c Quale futuro per la montagna: scelte e soluzioni responsabili\u201d con l\u2019eccezionale presenza \u2013 appena confermata &#8211; del Ministro Per i Rapporti con le Regioni e per la Coesione Territoriale Raffaele Fitto. Il dibattito approfondir\u00e0 la tematica delle Regioni a statuto ordinario e speciale. Ma gi\u00e0 sabato sera, 1 ottobre, si partir\u00e0 con un evento da non perdere: l&#8217;incontro con l&#8217;alpinista Fausto De Stefani ed i chitarristi Simone Guiducci e Massimo Saviola, per un&#8217;affascinante serata tra narrazione e musica all&#8217;insegna della solidariet\u00e0.<br \/>\nOltre le Vette \u00e8 organizzato dall&#8217;Assessorato alla Cultura del Comune di Belluno, con il sostegno della Regione Veneto, del Consorzio Comuni BIM Piave, il patrocinio della Provincia di Belluno e del Parco Nazionale Dolomiti Bellunesi.<\/p>\n<p>&nbsp;<\/p>","protected":false},"excerpt":{"rendered":"<p>L&#8217;edizione di quest&#8217;anno di Oltre le Vette si concentra sul concetto di metafora; ovvero la montagna come percorso di vita e di crescita personale, analizzato nei suoi molteplici aspetti. Alpinisti di fama internazionale analizzeranno cos\u00ec le proprie imprese in parete, con un focus specifico sui risvolti psicologici che il contatto con questi giganti di roccia [&hellip;]<\/p>\n","protected":false},"author":2,"featured_media":0,"comment_status":"closed","ping_status":"open","sticky":false,"template":"","format":"standard","meta":{"footnotes":""},"categories":[3,26],"tags":[],"class_list":["post-31006","post","type-post","status-publish","format-standard","category-arte-cultura-spettacoli-scienza-archivi","category-prima-pagina"],"yoast_head":"<!-- This site is optimized with the Yoast SEO plugin v28.4 - https:\/\/yoast.com\/product\/yoast-seo-wordpress\/ -->\n<title>Ritorna Oltre le Vette, l&#039;appuntamento con la montagna al suo quindicesimo anno - Bellunopress - Dolomiti<\/title>\n<meta name=\"robots\" content=\"index, follow, max-snippet:-1, max-image-preview:large, max-video-preview:-1\" \/>\n<link rel=\"canonical\" href=\"https:\/\/www.bellunopress.it\/fr\/2011\/09\/29\/ritorna-oltre-le-vette-lappuntamento-con-la-montagna-al-suo-quindicesimo-anno\/\" \/>\n<meta property=\"og:locale\" content=\"fr_FR\" \/>\n<meta property=\"og:type\" content=\"article\" \/>\n<meta property=\"og:title\" content=\"Ritorna Oltre le Vette, l&#039;appuntamento con la montagna al suo quindicesimo anno - Bellunopress - Dolomiti\" \/>\n<meta property=\"og:description\" content=\"L&#8217;edizione di quest&#8217;anno di Oltre le Vette si concentra sul concetto di metafora; ovvero la montagna come percorso di vita e di crescita personale, analizzato nei suoi molteplici aspetti. Alpinisti di fama internazionale analizzeranno cos\u00ec le proprie imprese in parete, con un focus specifico sui risvolti psicologici che il contatto con questi giganti di roccia [&hellip;]\" \/>\n<meta property=\"og:url\" content=\"https:\/\/www.bellunopress.it\/fr\/2011\/09\/29\/ritorna-oltre-le-vette-lappuntamento-con-la-montagna-al-suo-quindicesimo-anno\/\" \/>\n<meta property=\"og:site_name\" content=\"Bellunopress - Dolomiti\" \/>\n<meta property=\"article:publisher\" content=\"https:\/\/www.facebook.com\/profile.php?id=100008943462799\" \/>\n<meta property=\"article:published_time\" content=\"2011-09-29T20:01:04+00:00\" \/>\n<meta property=\"og:image\" content=\"http:\/\/www.bellunopress.it\/wp-content\/uploads\/2010\/09\/mauro-corona.jpg\" \/>\n<meta name=\"author\" content=\"redazione\" \/>\n<meta name=\"twitter:card\" content=\"summary_large_image\" \/>\n<meta name=\"twitter:creator\" content=\"@bellunopress\" \/>\n<meta name=\"twitter:site\" content=\"@bellunopress\" \/>\n<meta name=\"twitter:label1\" content=\"\u00c9crit par\" \/>\n\t<meta name=\"twitter:data1\" content=\"redazione\" \/>\n\t<meta name=\"twitter:label2\" content=\"Dur\u00e9e de lecture estim\u00e9e\" \/>\n\t<meta name=\"twitter:data2\" content=\"2 minutes\" \/>\n<script type=\"application\/ld+json\" class=\"yoast-schema-graph\">{\"@context\":\"https:\\\/\\\/schema.org\",\"@graph\":[{\"@type\":\"Article\",\"@id\":\"https:\\\/\\\/www.bellunopress.it\\\/2011\\\/09\\\/29\\\/ritorna-oltre-le-vette-lappuntamento-con-la-montagna-al-suo-quindicesimo-anno\\\/#article\",\"isPartOf\":{\"@id\":\"https:\\\/\\\/www.bellunopress.it\\\/2011\\\/09\\\/29\\\/ritorna-oltre-le-vette-lappuntamento-con-la-montagna-al-suo-quindicesimo-anno\\\/\"},\"author\":{\"name\":\"redazione\",\"@id\":\"https:\\\/\\\/www.bellunopress.it\\\/#\\\/schema\\\/person\\\/79bb06722b37ece1c03d3e94beb30d73\"},\"headline\":\"Ritorna Oltre le Vette, l&#8217;appuntamento con la montagna al suo quindicesimo anno\",\"datePublished\":\"2011-09-29T20:01:04+00:00\",\"mainEntityOfPage\":{\"@id\":\"https:\\\/\\\/www.bellunopress.it\\\/2011\\\/09\\\/29\\\/ritorna-oltre-le-vette-lappuntamento-con-la-montagna-al-suo-quindicesimo-anno\\\/\"},\"wordCount\":414,\"publisher\":{\"@id\":\"https:\\\/\\\/www.bellunopress.it\\\/#organization\"},\"image\":{\"@id\":\"https:\\\/\\\/www.bellunopress.it\\\/2011\\\/09\\\/29\\\/ritorna-oltre-le-vette-lappuntamento-con-la-montagna-al-suo-quindicesimo-anno\\\/#primaryimage\"},\"thumbnailUrl\":\"http:\\\/\\\/www.bellunopress.it\\\/wp-content\\\/uploads\\\/2010\\\/09\\\/mauro-corona.jpg\",\"articleSection\":[\"Arte, Cultura, Spettacoli, Scienza\",\"Prima Pagina\"],\"inLanguage\":\"fr-FR\"},{\"@type\":\"WebPage\",\"@id\":\"https:\\\/\\\/www.bellunopress.it\\\/2011\\\/09\\\/29\\\/ritorna-oltre-le-vette-lappuntamento-con-la-montagna-al-suo-quindicesimo-anno\\\/\",\"url\":\"https:\\\/\\\/www.bellunopress.it\\\/2011\\\/09\\\/29\\\/ritorna-oltre-le-vette-lappuntamento-con-la-montagna-al-suo-quindicesimo-anno\\\/\",\"name\":\"Ritorna Oltre le Vette, l'appuntamento con la montagna al suo quindicesimo anno - Bellunopress - Dolomiti\",\"isPartOf\":{\"@id\":\"https:\\\/\\\/www.bellunopress.it\\\/#website\"},\"primaryImageOfPage\":{\"@id\":\"https:\\\/\\\/www.bellunopress.it\\\/2011\\\/09\\\/29\\\/ritorna-oltre-le-vette-lappuntamento-con-la-montagna-al-suo-quindicesimo-anno\\\/#primaryimage\"},\"image\":{\"@id\":\"https:\\\/\\\/www.bellunopress.it\\\/2011\\\/09\\\/29\\\/ritorna-oltre-le-vette-lappuntamento-con-la-montagna-al-suo-quindicesimo-anno\\\/#primaryimage\"},\"thumbnailUrl\":\"http:\\\/\\\/www.bellunopress.it\\\/wp-content\\\/uploads\\\/2010\\\/09\\\/mauro-corona.jpg\",\"datePublished\":\"2011-09-29T20:01:04+00:00\",\"breadcrumb\":{\"@id\":\"https:\\\/\\\/www.bellunopress.it\\\/2011\\\/09\\\/29\\\/ritorna-oltre-le-vette-lappuntamento-con-la-montagna-al-suo-quindicesimo-anno\\\/#breadcrumb\"},\"inLanguage\":\"fr-FR\",\"potentialAction\":[{\"@type\":\"ReadAction\",\"target\":[\"https:\\\/\\\/www.bellunopress.it\\\/2011\\\/09\\\/29\\\/ritorna-oltre-le-vette-lappuntamento-con-la-montagna-al-suo-quindicesimo-anno\\\/\"]}]},{\"@type\":\"ImageObject\",\"inLanguage\":\"fr-FR\",\"@id\":\"https:\\\/\\\/www.bellunopress.it\\\/2011\\\/09\\\/29\\\/ritorna-oltre-le-vette-lappuntamento-con-la-montagna-al-suo-quindicesimo-anno\\\/#primaryimage\",\"url\":\"http:\\\/\\\/www.bellunopress.it\\\/wp-content\\\/uploads\\\/2010\\\/09\\\/mauro-corona.jpg\",\"contentUrl\":\"http:\\\/\\\/www.bellunopress.it\\\/wp-content\\\/uploads\\\/2010\\\/09\\\/mauro-corona.jpg\"},{\"@type\":\"BreadcrumbList\",\"@id\":\"https:\\\/\\\/www.bellunopress.it\\\/2011\\\/09\\\/29\\\/ritorna-oltre-le-vette-lappuntamento-con-la-montagna-al-suo-quindicesimo-anno\\\/#breadcrumb\",\"itemListElement\":[{\"@type\":\"ListItem\",\"position\":1,\"name\":\"Home\",\"item\":\"https:\\\/\\\/www.bellunopress.it\\\/\"},{\"@type\":\"ListItem\",\"position\":2,\"name\":\"Ritorna Oltre le Vette, l&#8217;appuntamento con la montagna al suo quindicesimo anno\"}]},{\"@type\":\"WebSite\",\"@id\":\"https:\\\/\\\/www.bellunopress.it\\\/#website\",\"url\":\"https:\\\/\\\/www.bellunopress.it\\\/\",\"name\":\"Bellunopress - Dolomiti\",\"description\":\"e-mail: redazione@bellunopress.it\",\"publisher\":{\"@id\":\"https:\\\/\\\/www.bellunopress.it\\\/#organization\"},\"potentialAction\":[{\"@type\":\"SearchAction\",\"target\":{\"@type\":\"EntryPoint\",\"urlTemplate\":\"https:\\\/\\\/www.bellunopress.it\\\/?s={search_term_string}\"},\"query-input\":{\"@type\":\"PropertyValueSpecification\",\"valueRequired\":true,\"valueName\":\"search_term_string\"}}],\"inLanguage\":\"fr-FR\"},{\"@type\":\"Organization\",\"@id\":\"https:\\\/\\\/www.bellunopress.it\\\/#organization\",\"name\":\"Bellunopress\",\"url\":\"https:\\\/\\\/www.bellunopress.it\\\/\",\"logo\":{\"@type\":\"ImageObject\",\"inLanguage\":\"fr-FR\",\"@id\":\"https:\\\/\\\/www.bellunopress.it\\\/#\\\/schema\\\/logo\\\/image\\\/\",\"url\":\"https:\\\/\\\/www.bellunopress.it\\\/wp-content\\\/uploads\\\/2011\\\/05\\\/cropped-logo-bellunopress-.jpg\",\"contentUrl\":\"https:\\\/\\\/www.bellunopress.it\\\/wp-content\\\/uploads\\\/2011\\\/05\\\/cropped-logo-bellunopress-.jpg\",\"width\":512,\"height\":512,\"caption\":\"Bellunopress\"},\"image\":{\"@id\":\"https:\\\/\\\/www.bellunopress.it\\\/#\\\/schema\\\/logo\\\/image\\\/\"},\"sameAs\":[\"https:\\\/\\\/www.facebook.com\\\/profile.php?id=100008943462799\",\"https:\\\/\\\/x.com\\\/bellunopress\",\"https:\\\/\\\/www.linkedin.com\\\/hp\\\/?dnr=JBzUWaJfMUw8vbXJJ2tVW5-I3jZKvC4wsoxE&amp;amp;amp;amp;amp;amp;trk=nav_responsive_tab_home\",\"https:\\\/\\\/www.youtube.com\\\/channel\\\/UCxL0wu1uN0_3_7hGG0306cw\"]},{\"@type\":\"Person\",\"@id\":\"https:\\\/\\\/www.bellunopress.it\\\/#\\\/schema\\\/person\\\/79bb06722b37ece1c03d3e94beb30d73\",\"name\":\"redazione\",\"image\":{\"@type\":\"ImageObject\",\"inLanguage\":\"fr-FR\",\"@id\":\"https:\\\/\\\/secure.gravatar.com\\\/avatar\\\/37d968a2e67a6fd04c169c4bdef102d0bc5d31b2546345219e348575eb80e9a0?s=96&d=mm&r=g\",\"url\":\"https:\\\/\\\/secure.gravatar.com\\\/avatar\\\/37d968a2e67a6fd04c169c4bdef102d0bc5d31b2546345219e348575eb80e9a0?s=96&d=mm&r=g\",\"contentUrl\":\"https:\\\/\\\/secure.gravatar.com\\\/avatar\\\/37d968a2e67a6fd04c169c4bdef102d0bc5d31b2546345219e348575eb80e9a0?s=96&d=mm&r=g\",\"caption\":\"redazione\"},\"sameAs\":[\"http:\\\/\\\/www.bellunopress.it\",\"https:\\\/\\\/x.com\\\/bellunopress\"],\"url\":\"https:\\\/\\\/www.bellunopress.it\\\/fr\\\/author\\\/redazione\\\/\"}]}<\/script>\n<!-- \/ Yoast SEO plugin. -->","yoast_head_json":{"title":"Ritorna Oltre le Vette, l'appuntamento con la montagna al suo quindicesimo anno - Bellunopress - Dolomiti","robots":{"index":"index","follow":"follow","max-snippet":"max-snippet:-1","max-image-preview":"max-image-preview:large","max-video-preview":"max-video-preview:-1"},"canonical":"https:\/\/www.bellunopress.it\/fr\/2011\/09\/29\/ritorna-oltre-le-vette-lappuntamento-con-la-montagna-al-suo-quindicesimo-anno\/","og_locale":"fr_FR","og_type":"article","og_title":"Ritorna Oltre le Vette, l'appuntamento con la montagna al suo quindicesimo anno - Bellunopress - Dolomiti","og_description":"L&#8217;edizione di quest&#8217;anno di Oltre le Vette si concentra sul concetto di metafora; ovvero la montagna come percorso di vita e di crescita personale, analizzato nei suoi molteplici aspetti. Alpinisti di fama internazionale analizzeranno cos\u00ec le proprie imprese in parete, con un focus specifico sui risvolti psicologici che il contatto con questi giganti di roccia [&hellip;]","og_url":"https:\/\/www.bellunopress.it\/fr\/2011\/09\/29\/ritorna-oltre-le-vette-lappuntamento-con-la-montagna-al-suo-quindicesimo-anno\/","og_site_name":"Bellunopress - Dolomiti","article_publisher":"https:\/\/www.facebook.com\/profile.php?id=100008943462799","article_published_time":"2011-09-29T20:01:04+00:00","og_image":[{"url":"http:\/\/www.bellunopress.it\/wp-content\/uploads\/2010\/09\/mauro-corona.jpg","type":"","width":"","height":""}],"author":"redazione","twitter_card":"summary_large_image","twitter_creator":"@bellunopress","twitter_site":"@bellunopress","twitter_misc":{"\u00c9crit par":"redazione","Dur\u00e9e de lecture estim\u00e9e":"2 minutes"},"schema":{"@context":"https:\/\/schema.org","@graph":[{"@type":"Article","@id":"https:\/\/www.bellunopress.it\/2011\/09\/29\/ritorna-oltre-le-vette-lappuntamento-con-la-montagna-al-suo-quindicesimo-anno\/#article","isPartOf":{"@id":"https:\/\/www.bellunopress.it\/2011\/09\/29\/ritorna-oltre-le-vette-lappuntamento-con-la-montagna-al-suo-quindicesimo-anno\/"},"author":{"name":"redazione","@id":"https:\/\/www.bellunopress.it\/#\/schema\/person\/79bb06722b37ece1c03d3e94beb30d73"},"headline":"Ritorna Oltre le Vette, l&#8217;appuntamento con la montagna al suo quindicesimo anno","datePublished":"2011-09-29T20:01:04+00:00","mainEntityOfPage":{"@id":"https:\/\/www.bellunopress.it\/2011\/09\/29\/ritorna-oltre-le-vette-lappuntamento-con-la-montagna-al-suo-quindicesimo-anno\/"},"wordCount":414,"publisher":{"@id":"https:\/\/www.bellunopress.it\/#organization"},"image":{"@id":"https:\/\/www.bellunopress.it\/2011\/09\/29\/ritorna-oltre-le-vette-lappuntamento-con-la-montagna-al-suo-quindicesimo-anno\/#primaryimage"},"thumbnailUrl":"http:\/\/www.bellunopress.it\/wp-content\/uploads\/2010\/09\/mauro-corona.jpg","articleSection":["Arte, Cultura, Spettacoli, Scienza","Prima Pagina"],"inLanguage":"fr-FR"},{"@type":"WebPage","@id":"https:\/\/www.bellunopress.it\/2011\/09\/29\/ritorna-oltre-le-vette-lappuntamento-con-la-montagna-al-suo-quindicesimo-anno\/","url":"https:\/\/www.bellunopress.it\/2011\/09\/29\/ritorna-oltre-le-vette-lappuntamento-con-la-montagna-al-suo-quindicesimo-anno\/","name":"Ritorna Oltre le Vette, l'appuntamento con la montagna al suo quindicesimo anno - Bellunopress - Dolomiti","isPartOf":{"@id":"https:\/\/www.bellunopress.it\/#website"},"primaryImageOfPage":{"@id":"https:\/\/www.bellunopress.it\/2011\/09\/29\/ritorna-oltre-le-vette-lappuntamento-con-la-montagna-al-suo-quindicesimo-anno\/#primaryimage"},"image":{"@id":"https:\/\/www.bellunopress.it\/2011\/09\/29\/ritorna-oltre-le-vette-lappuntamento-con-la-montagna-al-suo-quindicesimo-anno\/#primaryimage"},"thumbnailUrl":"http:\/\/www.bellunopress.it\/wp-content\/uploads\/2010\/09\/mauro-corona.jpg","datePublished":"2011-09-29T20:01:04+00:00","breadcrumb":{"@id":"https:\/\/www.bellunopress.it\/2011\/09\/29\/ritorna-oltre-le-vette-lappuntamento-con-la-montagna-al-suo-quindicesimo-anno\/#breadcrumb"},"inLanguage":"fr-FR","potentialAction":[{"@type":"ReadAction","target":["https:\/\/www.bellunopress.it\/2011\/09\/29\/ritorna-oltre-le-vette-lappuntamento-con-la-montagna-al-suo-quindicesimo-anno\/"]}]},{"@type":"ImageObject","inLanguage":"fr-FR","@id":"https:\/\/www.bellunopress.it\/2011\/09\/29\/ritorna-oltre-le-vette-lappuntamento-con-la-montagna-al-suo-quindicesimo-anno\/#primaryimage","url":"http:\/\/www.bellunopress.it\/wp-content\/uploads\/2010\/09\/mauro-corona.jpg","contentUrl":"http:\/\/www.bellunopress.it\/wp-content\/uploads\/2010\/09\/mauro-corona.jpg"},{"@type":"BreadcrumbList","@id":"https:\/\/www.bellunopress.it\/2011\/09\/29\/ritorna-oltre-le-vette-lappuntamento-con-la-montagna-al-suo-quindicesimo-anno\/#breadcrumb","itemListElement":[{"@type":"ListItem","position":1,"name":"Home","item":"https:\/\/www.bellunopress.it\/"},{"@type":"ListItem","position":2,"name":"Ritorna Oltre le Vette, l&#8217;appuntamento con la montagna al suo quindicesimo anno"}]},{"@type":"WebSite","@id":"https:\/\/www.bellunopress.it\/#website","url":"https:\/\/www.bellunopress.it\/","name":"Bellunopress - Dolomiti","description":"e-mail: redazione@bellunopress.it","publisher":{"@id":"https:\/\/www.bellunopress.it\/#organization"},"potentialAction":[{"@type":"SearchAction","target":{"@type":"EntryPoint","urlTemplate":"https:\/\/www.bellunopress.it\/?s={search_term_string}"},"query-input":{"@type":"PropertyValueSpecification","valueRequired":true,"valueName":"search_term_string"}}],"inLanguage":"fr-FR"},{"@type":"Organization","@id":"https:\/\/www.bellunopress.it\/#organization","name":"Bellunopress","url":"https:\/\/www.bellunopress.it\/","logo":{"@type":"ImageObject","inLanguage":"fr-FR","@id":"https:\/\/www.bellunopress.it\/#\/schema\/logo\/image\/","url":"https:\/\/www.bellunopress.it\/wp-content\/uploads\/2011\/05\/cropped-logo-bellunopress-.jpg","contentUrl":"https:\/\/www.bellunopress.it\/wp-content\/uploads\/2011\/05\/cropped-logo-bellunopress-.jpg","width":512,"height":512,"caption":"Bellunopress"},"image":{"@id":"https:\/\/www.bellunopress.it\/#\/schema\/logo\/image\/"},"sameAs":["https:\/\/www.facebook.com\/profile.php?id=100008943462799","https:\/\/x.com\/bellunopress","https:\/\/www.linkedin.com\/hp\/?dnr=JBzUWaJfMUw8vbXJJ2tVW5-I3jZKvC4wsoxE&amp;amp;amp;amp;amp;amp;trk=nav_responsive_tab_home","https:\/\/www.youtube.com\/channel\/UCxL0wu1uN0_3_7hGG0306cw"]},{"@type":"Person","@id":"https:\/\/www.bellunopress.it\/#\/schema\/person\/79bb06722b37ece1c03d3e94beb30d73","name":"r\u00e9daction","image":{"@type":"ImageObject","inLanguage":"fr-FR","@id":"https:\/\/secure.gravatar.com\/avatar\/37d968a2e67a6fd04c169c4bdef102d0bc5d31b2546345219e348575eb80e9a0?s=96&d=mm&r=g","url":"https:\/\/secure.gravatar.com\/avatar\/37d968a2e67a6fd04c169c4bdef102d0bc5d31b2546345219e348575eb80e9a0?s=96&d=mm&r=g","contentUrl":"https:\/\/secure.gravatar.com\/avatar\/37d968a2e67a6fd04c169c4bdef102d0bc5d31b2546345219e348575eb80e9a0?s=96&d=mm&r=g","caption":"redazione"},"sameAs":["http:\/\/www.bellunopress.it","https:\/\/x.com\/bellunopress"],"url":"https:\/\/www.bellunopress.it\/fr\/author\/redazione\/"}]}},"_links":{"self":[{"href":"https:\/\/www.bellunopress.it\/fr\/wp-json\/wp\/v2\/posts\/31006","targetHints":{"allow":["GET"]}}],"collection":[{"href":"https:\/\/www.bellunopress.it\/fr\/wp-json\/wp\/v2\/posts"}],"about":[{"href":"https:\/\/www.bellunopress.it\/fr\/wp-json\/wp\/v2\/types\/post"}],"author":[{"embeddable":true,"href":"https:\/\/www.bellunopress.it\/fr\/wp-json\/wp\/v2\/users\/2"}],"replies":[{"embeddable":true,"href":"https:\/\/www.bellunopress.it\/fr\/wp-json\/wp\/v2\/comments?post=31006"}],"version-history":[{"count":1,"href":"https:\/\/www.bellunopress.it\/fr\/wp-json\/wp\/v2\/posts\/31006\/revisions"}],"predecessor-version":[{"id":31007,"href":"https:\/\/www.bellunopress.it\/fr\/wp-json\/wp\/v2\/posts\/31006\/revisions\/31007"}],"wp:attachment":[{"href":"https:\/\/www.bellunopress.it\/fr\/wp-json\/wp\/v2\/media?parent=31006"}],"wp:term":[{"taxonomy":"category","embeddable":true,"href":"https:\/\/www.bellunopress.it\/fr\/wp-json\/wp\/v2\/categories?post=31006"},{"taxonomy":"post_tag","embeddable":true,"href":"https:\/\/www.bellunopress.it\/fr\/wp-json\/wp\/v2\/tags?post=31006"}],"curies":[{"name":"wp","href":"https:\/\/api.w.org\/{rel}","templated":true}]}}