{"id":3099,"date":"2009-04-26T12:22:20","date_gmt":"2009-04-26T11:22:20","guid":{"rendered":"http:\/\/www.bellunopress.it\/?p=3099"},"modified":"2009-04-26T12:26:25","modified_gmt":"2009-04-26T11:26:25","slug":"maria-cristina-zoleo-incontri-ravvicinati-con-ludc","status":"publish","type":"post","link":"https:\/\/www.bellunopress.it\/fr\/2009\/04\/26\/maria-cristina-zoleo-incontri-ravvicinati-con-ludc\/","title":{"rendered":"Maria Cristina Zoleo: incontri ravvicinati con l&#8217;Udc"},"content":{"rendered":"<p>Maria Cristina Zoleo potrebbe passare in quota all\u2019Udc. Gi\u00e0 da qualche tempo si era parlato di un avvicinamento tra Maria Cristina Zoleo, attualmente consigliere di minoranza del PD a Palazzo Rosso, e i vertici provinciali dell\u2019 Udc di Pierferdinando Casini, di cui segretario provinciale \u00e8 Marco Da Rin Zanco, e che potrebbe candidare Pierluigi De Cesero nella corsa per le prossime elezioni provinciali (se il tentativo di accordo con Berlusconi e il Pdl non dovesse andare a buon fine magari col concorso della Lega). Dopo l\u2019ultimo colloquio avuto con lo stesso De Cesero, la Zoleo sembra finalmente decisa a varcare il confine del centrosinistra e tornare nel grembo dei moderati cattolici. La \u201cpasionaria\u201d di molte battaglie sociali non conferma e non smentisce. \u201cLe strade del Signore sono infinite\u2026\u201d, \u00e8 stata la sua risposta al quesito postole qualche giorno fa, \u201cintanto godiamoci questo 25 aprile\u201d. Finora comunque il suo nome non appare nelle lista elettorale dell\u2019Udc che dovrebbe appoggiare il candidato di centrodestra alle provinciali. Nata politicamente con la Dc, la Zoleo era approdata all\u2019Ulivo dopo il naufragio democristiano. Sotto le insegne della coalizione di Prodi aveva presentato nel 2007 la sua candidatura nelle primarie del centrosinistra per concorrere alla carica di sindaco di Belluno. Zoleo in quell\u2019occasione riusc\u00ec ad aggiudicarsi la preferenza nelle primarie, opposta a Marco Perale e a Claudia Bettiol, ma perse poi nel testa a testa contro il candidato del centrodestra e attuale sindaco di Belluno, Antonio Prade.<\/p>","protected":false},"excerpt":{"rendered":"<p>Maria Cristina Zoleo potrebbe passare in quota all\u2019Udc. Gi\u00e0 da qualche tempo si era parlato di un avvicinamento tra Maria Cristina Zoleo, attualmente consigliere di minoranza del PD a Palazzo Rosso, e i vertici provinciali dell\u2019 Udc di Pierferdinando Casini, di cui segretario provinciale \u00e8 Marco Da Rin Zanco, e che potrebbe candidare Pierluigi De [&hellip;]<\/p>\n","protected":false},"author":2,"featured_media":0,"comment_status":"closed","ping_status":"open","sticky":false,"template":"","format":"standard","meta":{"footnotes":""},"categories":[5],"tags":[139],"class_list":["post-3099","post","type-post","status-publish","format-standard","category-cronaca","tag-belluno"],"yoast_head":"<!-- This site is optimized with the Yoast SEO plugin v28.4 - https:\/\/yoast.com\/product\/yoast-seo-wordpress\/ -->\n<title>Maria Cristina Zoleo: incontri ravvicinati con l&#039;Udc - Bellunopress - Dolomiti<\/title>\n<meta name=\"robots\" content=\"index, follow, max-snippet:-1, max-image-preview:large, max-video-preview:-1\" \/>\n<link rel=\"canonical\" href=\"https:\/\/www.bellunopress.it\/fr\/2009\/04\/26\/maria-cristina-zoleo-incontri-ravvicinati-con-ludc\/\" \/>\n<meta property=\"og:locale\" content=\"fr_FR\" \/>\n<meta property=\"og:type\" content=\"article\" \/>\n<meta property=\"og:title\" content=\"Maria Cristina Zoleo: incontri ravvicinati con l&#039;Udc - Bellunopress - Dolomiti\" \/>\n<meta property=\"og:description\" content=\"Maria Cristina Zoleo potrebbe passare in quota all\u2019Udc. Gi\u00e0 da qualche tempo si era parlato di un avvicinamento tra Maria Cristina Zoleo, attualmente consigliere di minoranza del PD a Palazzo Rosso, e i vertici provinciali dell\u2019 Udc di Pierferdinando Casini, di cui segretario provinciale \u00e8 Marco Da Rin Zanco, e che potrebbe candidare Pierluigi De [&hellip;]\" \/>\n<meta property=\"og:url\" content=\"https:\/\/www.bellunopress.it\/fr\/2009\/04\/26\/maria-cristina-zoleo-incontri-ravvicinati-con-ludc\/\" \/>\n<meta property=\"og:site_name\" content=\"Bellunopress - Dolomiti\" \/>\n<meta property=\"article:publisher\" content=\"https:\/\/www.facebook.com\/profile.php?id=100008943462799\" \/>\n<meta property=\"article:published_time\" content=\"2009-04-26T11:22:20+00:00\" \/>\n<meta property=\"article:modified_time\" content=\"2009-04-26T11:26:25+00:00\" \/>\n<meta property=\"og:image\" content=\"http:\/\/www.bellunopress.it\/wp-content\/uploads\/2012\/07\/logo-bellunopress-250x250-2012.jpg\" \/>\n<meta name=\"author\" content=\"redazione\" \/>\n<meta name=\"twitter:card\" content=\"summary_large_image\" \/>\n<meta name=\"twitter:creator\" content=\"@bellunopress\" \/>\n<meta name=\"twitter:site\" content=\"@bellunopress\" \/>\n<meta name=\"twitter:label1\" content=\"\u00c9crit par\" \/>\n\t<meta name=\"twitter:data1\" content=\"redazione\" \/>\n\t<meta name=\"twitter:label2\" content=\"Dur\u00e9e de lecture estim\u00e9e\" \/>\n\t<meta name=\"twitter:data2\" content=\"1 minute\" \/>\n<script type=\"application\/ld+json\" class=\"yoast-schema-graph\">{\"@context\":\"https:\\\/\\\/schema.org\",\"@graph\":[{\"@type\":\"Article\",\"@id\":\"https:\\\/\\\/www.bellunopress.it\\\/2009\\\/04\\\/26\\\/maria-cristina-zoleo-incontri-ravvicinati-con-ludc\\\/#article\",\"isPartOf\":{\"@id\":\"https:\\\/\\\/www.bellunopress.it\\\/2009\\\/04\\\/26\\\/maria-cristina-zoleo-incontri-ravvicinati-con-ludc\\\/\"},\"author\":{\"name\":\"redazione\",\"@id\":\"https:\\\/\\\/www.bellunopress.it\\\/#\\\/schema\\\/person\\\/79bb06722b37ece1c03d3e94beb30d73\"},\"headline\":\"Maria Cristina Zoleo: incontri ravvicinati con l&#8217;Udc\",\"datePublished\":\"2009-04-26T11:22:20+00:00\",\"dateModified\":\"2009-04-26T11:26:25+00:00\",\"mainEntityOfPage\":{\"@id\":\"https:\\\/\\\/www.bellunopress.it\\\/2009\\\/04\\\/26\\\/maria-cristina-zoleo-incontri-ravvicinati-con-ludc\\\/\"},\"wordCount\":250,\"publisher\":{\"@id\":\"https:\\\/\\\/www.bellunopress.it\\\/#organization\"},\"keywords\":[\"Belluno\"],\"articleSection\":[\"Cronaca\\\/Politica\"],\"inLanguage\":\"fr-FR\"},{\"@type\":\"WebPage\",\"@id\":\"https:\\\/\\\/www.bellunopress.it\\\/2009\\\/04\\\/26\\\/maria-cristina-zoleo-incontri-ravvicinati-con-ludc\\\/\",\"url\":\"https:\\\/\\\/www.bellunopress.it\\\/2009\\\/04\\\/26\\\/maria-cristina-zoleo-incontri-ravvicinati-con-ludc\\\/\",\"name\":\"Maria Cristina Zoleo: incontri ravvicinati con l'Udc - Bellunopress - Dolomiti\",\"isPartOf\":{\"@id\":\"https:\\\/\\\/www.bellunopress.it\\\/#website\"},\"datePublished\":\"2009-04-26T11:22:20+00:00\",\"dateModified\":\"2009-04-26T11:26:25+00:00\",\"breadcrumb\":{\"@id\":\"https:\\\/\\\/www.bellunopress.it\\\/2009\\\/04\\\/26\\\/maria-cristina-zoleo-incontri-ravvicinati-con-ludc\\\/#breadcrumb\"},\"inLanguage\":\"fr-FR\",\"potentialAction\":[{\"@type\":\"ReadAction\",\"target\":[\"https:\\\/\\\/www.bellunopress.it\\\/2009\\\/04\\\/26\\\/maria-cristina-zoleo-incontri-ravvicinati-con-ludc\\\/\"]}]},{\"@type\":\"BreadcrumbList\",\"@id\":\"https:\\\/\\\/www.bellunopress.it\\\/2009\\\/04\\\/26\\\/maria-cristina-zoleo-incontri-ravvicinati-con-ludc\\\/#breadcrumb\",\"itemListElement\":[{\"@type\":\"ListItem\",\"position\":1,\"name\":\"Home\",\"item\":\"https:\\\/\\\/www.bellunopress.it\\\/\"},{\"@type\":\"ListItem\",\"position\":2,\"name\":\"Maria Cristina Zoleo: incontri ravvicinati con l&#8217;Udc\"}]},{\"@type\":\"WebSite\",\"@id\":\"https:\\\/\\\/www.bellunopress.it\\\/#website\",\"url\":\"https:\\\/\\\/www.bellunopress.it\\\/\",\"name\":\"Bellunopress - Dolomiti\",\"description\":\"e-mail: redazione@bellunopress.it\",\"publisher\":{\"@id\":\"https:\\\/\\\/www.bellunopress.it\\\/#organization\"},\"potentialAction\":[{\"@type\":\"SearchAction\",\"target\":{\"@type\":\"EntryPoint\",\"urlTemplate\":\"https:\\\/\\\/www.bellunopress.it\\\/?s={search_term_string}\"},\"query-input\":{\"@type\":\"PropertyValueSpecification\",\"valueRequired\":true,\"valueName\":\"search_term_string\"}}],\"inLanguage\":\"fr-FR\"},{\"@type\":\"Organization\",\"@id\":\"https:\\\/\\\/www.bellunopress.it\\\/#organization\",\"name\":\"Bellunopress\",\"url\":\"https:\\\/\\\/www.bellunopress.it\\\/\",\"logo\":{\"@type\":\"ImageObject\",\"inLanguage\":\"fr-FR\",\"@id\":\"https:\\\/\\\/www.bellunopress.it\\\/#\\\/schema\\\/logo\\\/image\\\/\",\"url\":\"https:\\\/\\\/www.bellunopress.it\\\/wp-content\\\/uploads\\\/2011\\\/05\\\/cropped-logo-bellunopress-.jpg\",\"contentUrl\":\"https:\\\/\\\/www.bellunopress.it\\\/wp-content\\\/uploads\\\/2011\\\/05\\\/cropped-logo-bellunopress-.jpg\",\"width\":512,\"height\":512,\"caption\":\"Bellunopress\"},\"image\":{\"@id\":\"https:\\\/\\\/www.bellunopress.it\\\/#\\\/schema\\\/logo\\\/image\\\/\"},\"sameAs\":[\"https:\\\/\\\/www.facebook.com\\\/profile.php?id=100008943462799\",\"https:\\\/\\\/x.com\\\/bellunopress\",\"https:\\\/\\\/www.linkedin.com\\\/hp\\\/?dnr=JBzUWaJfMUw8vbXJJ2tVW5-I3jZKvC4wsoxE&amp;amp;amp;amp;amp;amp;trk=nav_responsive_tab_home\",\"https:\\\/\\\/www.youtube.com\\\/channel\\\/UCxL0wu1uN0_3_7hGG0306cw\"]},{\"@type\":\"Person\",\"@id\":\"https:\\\/\\\/www.bellunopress.it\\\/#\\\/schema\\\/person\\\/79bb06722b37ece1c03d3e94beb30d73\",\"name\":\"redazione\",\"image\":{\"@type\":\"ImageObject\",\"inLanguage\":\"fr-FR\",\"@id\":\"https:\\\/\\\/secure.gravatar.com\\\/avatar\\\/37d968a2e67a6fd04c169c4bdef102d0bc5d31b2546345219e348575eb80e9a0?s=96&d=mm&r=g\",\"url\":\"https:\\\/\\\/secure.gravatar.com\\\/avatar\\\/37d968a2e67a6fd04c169c4bdef102d0bc5d31b2546345219e348575eb80e9a0?s=96&d=mm&r=g\",\"contentUrl\":\"https:\\\/\\\/secure.gravatar.com\\\/avatar\\\/37d968a2e67a6fd04c169c4bdef102d0bc5d31b2546345219e348575eb80e9a0?s=96&d=mm&r=g\",\"caption\":\"redazione\"},\"sameAs\":[\"http:\\\/\\\/www.bellunopress.it\",\"https:\\\/\\\/x.com\\\/bellunopress\"],\"url\":\"https:\\\/\\\/www.bellunopress.it\\\/fr\\\/author\\\/redazione\\\/\"}]}<\/script>\n<!-- \/ Yoast SEO plugin. -->","yoast_head_json":{"title":"Maria Cristina Zoleo: incontri ravvicinati con l'Udc - Bellunopress - Dolomiti","robots":{"index":"index","follow":"follow","max-snippet":"max-snippet:-1","max-image-preview":"max-image-preview:large","max-video-preview":"max-video-preview:-1"},"canonical":"https:\/\/www.bellunopress.it\/fr\/2009\/04\/26\/maria-cristina-zoleo-incontri-ravvicinati-con-ludc\/","og_locale":"fr_FR","og_type":"article","og_title":"Maria Cristina Zoleo: incontri ravvicinati con l'Udc - Bellunopress - Dolomiti","og_description":"Maria Cristina Zoleo potrebbe passare in quota all\u2019Udc. Gi\u00e0 da qualche tempo si era parlato di un avvicinamento tra Maria Cristina Zoleo, attualmente consigliere di minoranza del PD a Palazzo Rosso, e i vertici provinciali dell\u2019 Udc di Pierferdinando Casini, di cui segretario provinciale \u00e8 Marco Da Rin Zanco, e che potrebbe candidare Pierluigi De [&hellip;]","og_url":"https:\/\/www.bellunopress.it\/fr\/2009\/04\/26\/maria-cristina-zoleo-incontri-ravvicinati-con-ludc\/","og_site_name":"Bellunopress - Dolomiti","article_publisher":"https:\/\/www.facebook.com\/profile.php?id=100008943462799","article_published_time":"2009-04-26T11:22:20+00:00","article_modified_time":"2009-04-26T11:26:25+00:00","og_image":[{"url":"http:\/\/www.bellunopress.it\/wp-content\/uploads\/2012\/07\/logo-bellunopress-250x250-2012.jpg","type":"","width":"","height":""}],"author":"redazione","twitter_card":"summary_large_image","twitter_creator":"@bellunopress","twitter_site":"@bellunopress","twitter_misc":{"\u00c9crit par":"redazione","Dur\u00e9e de lecture estim\u00e9e":"1 minute"},"schema":{"@context":"https:\/\/schema.org","@graph":[{"@type":"Article","@id":"https:\/\/www.bellunopress.it\/2009\/04\/26\/maria-cristina-zoleo-incontri-ravvicinati-con-ludc\/#article","isPartOf":{"@id":"https:\/\/www.bellunopress.it\/2009\/04\/26\/maria-cristina-zoleo-incontri-ravvicinati-con-ludc\/"},"author":{"name":"redazione","@id":"https:\/\/www.bellunopress.it\/#\/schema\/person\/79bb06722b37ece1c03d3e94beb30d73"},"headline":"Maria Cristina Zoleo: incontri ravvicinati con l&#8217;Udc","datePublished":"2009-04-26T11:22:20+00:00","dateModified":"2009-04-26T11:26:25+00:00","mainEntityOfPage":{"@id":"https:\/\/www.bellunopress.it\/2009\/04\/26\/maria-cristina-zoleo-incontri-ravvicinati-con-ludc\/"},"wordCount":250,"publisher":{"@id":"https:\/\/www.bellunopress.it\/#organization"},"keywords":["Belluno"],"articleSection":["Cronaca\/Politica"],"inLanguage":"fr-FR"},{"@type":"WebPage","@id":"https:\/\/www.bellunopress.it\/2009\/04\/26\/maria-cristina-zoleo-incontri-ravvicinati-con-ludc\/","url":"https:\/\/www.bellunopress.it\/2009\/04\/26\/maria-cristina-zoleo-incontri-ravvicinati-con-ludc\/","name":"Maria Cristina Zoleo: incontri ravvicinati con l'Udc - Bellunopress - Dolomiti","isPartOf":{"@id":"https:\/\/www.bellunopress.it\/#website"},"datePublished":"2009-04-26T11:22:20+00:00","dateModified":"2009-04-26T11:26:25+00:00","breadcrumb":{"@id":"https:\/\/www.bellunopress.it\/2009\/04\/26\/maria-cristina-zoleo-incontri-ravvicinati-con-ludc\/#breadcrumb"},"inLanguage":"fr-FR","potentialAction":[{"@type":"ReadAction","target":["https:\/\/www.bellunopress.it\/2009\/04\/26\/maria-cristina-zoleo-incontri-ravvicinati-con-ludc\/"]}]},{"@type":"BreadcrumbList","@id":"https:\/\/www.bellunopress.it\/2009\/04\/26\/maria-cristina-zoleo-incontri-ravvicinati-con-ludc\/#breadcrumb","itemListElement":[{"@type":"ListItem","position":1,"name":"Home","item":"https:\/\/www.bellunopress.it\/"},{"@type":"ListItem","position":2,"name":"Maria Cristina Zoleo: incontri ravvicinati con l&#8217;Udc"}]},{"@type":"WebSite","@id":"https:\/\/www.bellunopress.it\/#website","url":"https:\/\/www.bellunopress.it\/","name":"Bellunopress - Dolomiti","description":"e-mail: redazione@bellunopress.it","publisher":{"@id":"https:\/\/www.bellunopress.it\/#organization"},"potentialAction":[{"@type":"SearchAction","target":{"@type":"EntryPoint","urlTemplate":"https:\/\/www.bellunopress.it\/?s={search_term_string}"},"query-input":{"@type":"PropertyValueSpecification","valueRequired":true,"valueName":"search_term_string"}}],"inLanguage":"fr-FR"},{"@type":"Organization","@id":"https:\/\/www.bellunopress.it\/#organization","name":"Bellunopress","url":"https:\/\/www.bellunopress.it\/","logo":{"@type":"ImageObject","inLanguage":"fr-FR","@id":"https:\/\/www.bellunopress.it\/#\/schema\/logo\/image\/","url":"https:\/\/www.bellunopress.it\/wp-content\/uploads\/2011\/05\/cropped-logo-bellunopress-.jpg","contentUrl":"https:\/\/www.bellunopress.it\/wp-content\/uploads\/2011\/05\/cropped-logo-bellunopress-.jpg","width":512,"height":512,"caption":"Bellunopress"},"image":{"@id":"https:\/\/www.bellunopress.it\/#\/schema\/logo\/image\/"},"sameAs":["https:\/\/www.facebook.com\/profile.php?id=100008943462799","https:\/\/x.com\/bellunopress","https:\/\/www.linkedin.com\/hp\/?dnr=JBzUWaJfMUw8vbXJJ2tVW5-I3jZKvC4wsoxE&amp;amp;amp;amp;amp;amp;trk=nav_responsive_tab_home","https:\/\/www.youtube.com\/channel\/UCxL0wu1uN0_3_7hGG0306cw"]},{"@type":"Person","@id":"https:\/\/www.bellunopress.it\/#\/schema\/person\/79bb06722b37ece1c03d3e94beb30d73","name":"r\u00e9daction","image":{"@type":"ImageObject","inLanguage":"fr-FR","@id":"https:\/\/secure.gravatar.com\/avatar\/37d968a2e67a6fd04c169c4bdef102d0bc5d31b2546345219e348575eb80e9a0?s=96&d=mm&r=g","url":"https:\/\/secure.gravatar.com\/avatar\/37d968a2e67a6fd04c169c4bdef102d0bc5d31b2546345219e348575eb80e9a0?s=96&d=mm&r=g","contentUrl":"https:\/\/secure.gravatar.com\/avatar\/37d968a2e67a6fd04c169c4bdef102d0bc5d31b2546345219e348575eb80e9a0?s=96&d=mm&r=g","caption":"redazione"},"sameAs":["http:\/\/www.bellunopress.it","https:\/\/x.com\/bellunopress"],"url":"https:\/\/www.bellunopress.it\/fr\/author\/redazione\/"}]}},"_links":{"self":[{"href":"https:\/\/www.bellunopress.it\/fr\/wp-json\/wp\/v2\/posts\/3099","targetHints":{"allow":["GET"]}}],"collection":[{"href":"https:\/\/www.bellunopress.it\/fr\/wp-json\/wp\/v2\/posts"}],"about":[{"href":"https:\/\/www.bellunopress.it\/fr\/wp-json\/wp\/v2\/types\/post"}],"author":[{"embeddable":true,"href":"https:\/\/www.bellunopress.it\/fr\/wp-json\/wp\/v2\/users\/2"}],"replies":[{"embeddable":true,"href":"https:\/\/www.bellunopress.it\/fr\/wp-json\/wp\/v2\/comments?post=3099"}],"version-history":[{"count":3,"href":"https:\/\/www.bellunopress.it\/fr\/wp-json\/wp\/v2\/posts\/3099\/revisions"}],"predecessor-version":[{"id":3102,"href":"https:\/\/www.bellunopress.it\/fr\/wp-json\/wp\/v2\/posts\/3099\/revisions\/3102"}],"wp:attachment":[{"href":"https:\/\/www.bellunopress.it\/fr\/wp-json\/wp\/v2\/media?parent=3099"}],"wp:term":[{"taxonomy":"category","embeddable":true,"href":"https:\/\/www.bellunopress.it\/fr\/wp-json\/wp\/v2\/categories?post=3099"},{"taxonomy":"post_tag","embeddable":true,"href":"https:\/\/www.bellunopress.it\/fr\/wp-json\/wp\/v2\/tags?post=3099"}],"curies":[{"name":"wp","href":"https:\/\/api.w.org\/{rel}","templated":true}]}}