{"id":30988,"date":"2011-09-28T20:23:34","date_gmt":"2011-09-28T19:23:34","guid":{"rendered":"http:\/\/www.bellunopress.it\/?p=30988"},"modified":"2011-09-28T20:23:34","modified_gmt":"2011-09-28T19:23:34","slug":"firmato-a-venezia-tra-il-vicepresidente-zorzato-e-il-vicesindaco-di-feltre-trento-laccordo-di-programma-sulla-cultura-feltrina","status":"publish","type":"post","link":"https:\/\/www.bellunopress.it\/fr\/2011\/09\/28\/firmato-a-venezia-tra-il-vicepresidente-zorzato-e-il-vicesindaco-di-feltre-trento-laccordo-di-programma-sulla-cultura-feltrina\/","title":{"rendered":"Firmato a Venezia tra il vicepresidente Zorzato e il vicesindaco di Feltre Trento, l&#8217;accordo di programma sulla cultura feltrina"},"content":{"rendered":"<figure id=\"attachment_30989\" aria-describedby=\"caption-attachment-30989\" style=\"width: 280px\" class=\"wp-caption alignleft\"><a href=\"http:\/\/www.bellunopress.it\/wp-content\/uploads\/2011\/09\/zorzato-e-trento.jpg\"><img loading=\"lazy\" decoding=\"async\" class=\"size-full wp-image-30989\" title=\"zorzato e trento\" src=\"http:\/\/www.bellunopress.it\/wp-content\/uploads\/2011\/09\/zorzato-e-trento.jpg\" alt=\"\" width=\"280\" height=\"210\" \/><\/a><figcaption id=\"caption-attachment-30989\" class=\"wp-caption-text\">Marino Zorzato e Ennio Trento<\/figcaption><\/figure>\n<p>Cinquantamila euro per la cultura feltrina. E\u2019 stato firmato ieri a Venezia l\u2019accordo di programma tra l\u2019amministrazione comunale di Feltre, rappresentata dal vicesindaco Ennio Trento, e la Regione Veneto con il vicepresidente e assessore alla cultura Marino Zorzato.<br \/>\n\u201cLa cifra servir\u00e0 a mettere al sicuro le manifestazioni culturali del 2011\u201d, spiega il consigliere regionale Dario Bond, tra i primi a credere nelle potenzialit\u00e0 di uno strumento come l\u2019accordo di programma. \u201cIn questo modo Regione e Comune collaborano fianco a fianco mettendo insieme idee e risorse. Una soluzione ideale in tempi di ristrettezze economiche\u201d.<br \/>\nSulla stessa lunghezza d\u2019onda il vicesindaco Trento: \u201cNonostante i tempi di crisi, Feltre pu\u00f2 contare su una programmazione di altissima qualit\u00e0. Questo significa innescare un circolo virtuoso anche ai fini turistici\u201d.<br \/>\nE grazie all\u2019accordo firmato a palazzo Balbi pu\u00f2 iniziare Ffortissimo, il festival che propone concerti di musica lirica, jazz e moderna con musicisti di fama internazionale. Il sipario si alzer\u00e0\u00a0 la prossima settimana con quattro eventi al teatro de la Sena e uno al Canossiano: \u201cOltre ad ascoltare buona musica, Ffortissimo nasce dalla volont\u00e0 di far conoscere ai feltrini e non solo i luoghi della nostra cultura\u201d, spiega Trento, soddisfatto anche per l\u2019andamento della stagione estiva. \u201cLa rassegna Voil\u00e0 e Figuriamoci hanno registrato numeri importanti, ma soprattutto si stanno radicando\u201d.<br \/>\nL\u2019accordo di programma coprir\u00e0 anche le spese per la pubblicazione dei cataloghi riguardanti la mostra-evento su Tancredi ospitata in Galleria Rizzarda.<br \/>\n\u201cLa cifra verr\u00e0 liquidata a fine anno non appena ogni iniziativa sar\u00e0 rendicontata\u201d, spiega Trento, che contemporaneamente ringrazia Bond e Zorzato.<br \/>\n\u201cFeltre deve andare avanti sulla strada della qualit\u00e0\u201d, afferma Bond. \u201cSolo cos\u00ec l\u2019accordo di programma potr\u00e0 essere rinnovato anche nei prossimi anni\u201d.<\/p>","protected":false},"excerpt":{"rendered":"<p>Cinquantamila euro per la cultura feltrina. E\u2019 stato firmato ieri a Venezia l\u2019accordo di programma tra l\u2019amministrazione comunale di Feltre, rappresentata dal vicesindaco Ennio Trento, e la Regione Veneto con il vicepresidente e assessore alla cultura Marino Zorzato. \u201cLa cifra servir\u00e0 a mettere al sicuro le manifestazioni culturali del 2011\u201d, spiega il consigliere regionale Dario [&hellip;]<\/p>\n","protected":false},"author":2,"featured_media":0,"comment_status":"closed","ping_status":"open","sticky":false,"template":"","format":"standard","meta":{"footnotes":""},"categories":[5,26],"tags":[],"class_list":["post-30988","post","type-post","status-publish","format-standard","category-cronaca","category-prima-pagina"],"yoast_head":"<!-- This site is optimized with the Yoast SEO plugin v28.4 - https:\/\/yoast.com\/product\/yoast-seo-wordpress\/ -->\n<title>Firmato a Venezia tra il vicepresidente Zorzato e il vicesindaco di Feltre Trento, l&#039;accordo di programma sulla cultura feltrina - Bellunopress - Dolomiti<\/title>\n<meta name=\"robots\" content=\"index, follow, max-snippet:-1, max-image-preview:large, max-video-preview:-1\" \/>\n<link rel=\"canonical\" href=\"https:\/\/www.bellunopress.it\/fr\/2011\/09\/28\/firmato-a-venezia-tra-il-vicepresidente-zorzato-e-il-vicesindaco-di-feltre-trento-laccordo-di-programma-sulla-cultura-feltrina\/\" \/>\n<meta property=\"og:locale\" content=\"fr_FR\" \/>\n<meta property=\"og:type\" content=\"article\" \/>\n<meta property=\"og:title\" content=\"Firmato a Venezia tra il vicepresidente Zorzato e il vicesindaco di Feltre Trento, l&#039;accordo di programma sulla cultura feltrina - Bellunopress - Dolomiti\" \/>\n<meta property=\"og:description\" content=\"Cinquantamila euro per la cultura feltrina. E\u2019 stato firmato ieri a Venezia l\u2019accordo di programma tra l\u2019amministrazione comunale di Feltre, rappresentata dal vicesindaco Ennio Trento, e la Regione Veneto con il vicepresidente e assessore alla cultura Marino Zorzato. \u201cLa cifra servir\u00e0 a mettere al sicuro le manifestazioni culturali del 2011\u201d, spiega il consigliere regionale Dario [&hellip;]\" \/>\n<meta property=\"og:url\" content=\"https:\/\/www.bellunopress.it\/fr\/2011\/09\/28\/firmato-a-venezia-tra-il-vicepresidente-zorzato-e-il-vicesindaco-di-feltre-trento-laccordo-di-programma-sulla-cultura-feltrina\/\" \/>\n<meta property=\"og:site_name\" content=\"Bellunopress - Dolomiti\" \/>\n<meta property=\"article:publisher\" content=\"https:\/\/www.facebook.com\/profile.php?id=100008943462799\" \/>\n<meta property=\"article:published_time\" content=\"2011-09-28T19:23:34+00:00\" \/>\n<meta property=\"og:image\" content=\"http:\/\/www.bellunopress.it\/wp-content\/uploads\/2011\/09\/zorzato-e-trento.jpg\" \/>\n<meta name=\"author\" content=\"redazione\" \/>\n<meta name=\"twitter:card\" content=\"summary_large_image\" \/>\n<meta name=\"twitter:creator\" content=\"@bellunopress\" \/>\n<meta name=\"twitter:site\" content=\"@bellunopress\" \/>\n<meta name=\"twitter:label1\" content=\"\u00c9crit par\" \/>\n\t<meta name=\"twitter:data1\" content=\"redazione\" \/>\n\t<meta name=\"twitter:label2\" content=\"Dur\u00e9e de lecture estim\u00e9e\" \/>\n\t<meta name=\"twitter:data2\" content=\"1 minute\" \/>\n<script type=\"application\/ld+json\" class=\"yoast-schema-graph\">{\"@context\":\"https:\\\/\\\/schema.org\",\"@graph\":[{\"@type\":\"Article\",\"@id\":\"https:\\\/\\\/www.bellunopress.it\\\/2011\\\/09\\\/28\\\/firmato-a-venezia-tra-il-vicepresidente-zorzato-e-il-vicesindaco-di-feltre-trento-laccordo-di-programma-sulla-cultura-feltrina\\\/#article\",\"isPartOf\":{\"@id\":\"https:\\\/\\\/www.bellunopress.it\\\/2011\\\/09\\\/28\\\/firmato-a-venezia-tra-il-vicepresidente-zorzato-e-il-vicesindaco-di-feltre-trento-laccordo-di-programma-sulla-cultura-feltrina\\\/\"},\"author\":{\"name\":\"redazione\",\"@id\":\"https:\\\/\\\/www.bellunopress.it\\\/#\\\/schema\\\/person\\\/79bb06722b37ece1c03d3e94beb30d73\"},\"headline\":\"Firmato a Venezia tra il vicepresidente Zorzato e il vicesindaco di Feltre Trento, l&#8217;accordo di programma sulla cultura feltrina\",\"datePublished\":\"2011-09-28T19:23:34+00:00\",\"mainEntityOfPage\":{\"@id\":\"https:\\\/\\\/www.bellunopress.it\\\/2011\\\/09\\\/28\\\/firmato-a-venezia-tra-il-vicepresidente-zorzato-e-il-vicesindaco-di-feltre-trento-laccordo-di-programma-sulla-cultura-feltrina\\\/\"},\"wordCount\":318,\"publisher\":{\"@id\":\"https:\\\/\\\/www.bellunopress.it\\\/#organization\"},\"image\":{\"@id\":\"https:\\\/\\\/www.bellunopress.it\\\/2011\\\/09\\\/28\\\/firmato-a-venezia-tra-il-vicepresidente-zorzato-e-il-vicesindaco-di-feltre-trento-laccordo-di-programma-sulla-cultura-feltrina\\\/#primaryimage\"},\"thumbnailUrl\":\"http:\\\/\\\/www.bellunopress.it\\\/wp-content\\\/uploads\\\/2011\\\/09\\\/zorzato-e-trento.jpg\",\"articleSection\":[\"Cronaca\\\/Politica\",\"Prima Pagina\"],\"inLanguage\":\"fr-FR\"},{\"@type\":\"WebPage\",\"@id\":\"https:\\\/\\\/www.bellunopress.it\\\/2011\\\/09\\\/28\\\/firmato-a-venezia-tra-il-vicepresidente-zorzato-e-il-vicesindaco-di-feltre-trento-laccordo-di-programma-sulla-cultura-feltrina\\\/\",\"url\":\"https:\\\/\\\/www.bellunopress.it\\\/2011\\\/09\\\/28\\\/firmato-a-venezia-tra-il-vicepresidente-zorzato-e-il-vicesindaco-di-feltre-trento-laccordo-di-programma-sulla-cultura-feltrina\\\/\",\"name\":\"Firmato a Venezia tra il vicepresidente Zorzato e il vicesindaco di Feltre Trento, l'accordo di programma sulla cultura feltrina - Bellunopress - Dolomiti\",\"isPartOf\":{\"@id\":\"https:\\\/\\\/www.bellunopress.it\\\/#website\"},\"primaryImageOfPage\":{\"@id\":\"https:\\\/\\\/www.bellunopress.it\\\/2011\\\/09\\\/28\\\/firmato-a-venezia-tra-il-vicepresidente-zorzato-e-il-vicesindaco-di-feltre-trento-laccordo-di-programma-sulla-cultura-feltrina\\\/#primaryimage\"},\"image\":{\"@id\":\"https:\\\/\\\/www.bellunopress.it\\\/2011\\\/09\\\/28\\\/firmato-a-venezia-tra-il-vicepresidente-zorzato-e-il-vicesindaco-di-feltre-trento-laccordo-di-programma-sulla-cultura-feltrina\\\/#primaryimage\"},\"thumbnailUrl\":\"http:\\\/\\\/www.bellunopress.it\\\/wp-content\\\/uploads\\\/2011\\\/09\\\/zorzato-e-trento.jpg\",\"datePublished\":\"2011-09-28T19:23:34+00:00\",\"breadcrumb\":{\"@id\":\"https:\\\/\\\/www.bellunopress.it\\\/2011\\\/09\\\/28\\\/firmato-a-venezia-tra-il-vicepresidente-zorzato-e-il-vicesindaco-di-feltre-trento-laccordo-di-programma-sulla-cultura-feltrina\\\/#breadcrumb\"},\"inLanguage\":\"fr-FR\",\"potentialAction\":[{\"@type\":\"ReadAction\",\"target\":[\"https:\\\/\\\/www.bellunopress.it\\\/2011\\\/09\\\/28\\\/firmato-a-venezia-tra-il-vicepresidente-zorzato-e-il-vicesindaco-di-feltre-trento-laccordo-di-programma-sulla-cultura-feltrina\\\/\"]}]},{\"@type\":\"ImageObject\",\"inLanguage\":\"fr-FR\",\"@id\":\"https:\\\/\\\/www.bellunopress.it\\\/2011\\\/09\\\/28\\\/firmato-a-venezia-tra-il-vicepresidente-zorzato-e-il-vicesindaco-di-feltre-trento-laccordo-di-programma-sulla-cultura-feltrina\\\/#primaryimage\",\"url\":\"http:\\\/\\\/www.bellunopress.it\\\/wp-content\\\/uploads\\\/2011\\\/09\\\/zorzato-e-trento.jpg\",\"contentUrl\":\"http:\\\/\\\/www.bellunopress.it\\\/wp-content\\\/uploads\\\/2011\\\/09\\\/zorzato-e-trento.jpg\"},{\"@type\":\"BreadcrumbList\",\"@id\":\"https:\\\/\\\/www.bellunopress.it\\\/2011\\\/09\\\/28\\\/firmato-a-venezia-tra-il-vicepresidente-zorzato-e-il-vicesindaco-di-feltre-trento-laccordo-di-programma-sulla-cultura-feltrina\\\/#breadcrumb\",\"itemListElement\":[{\"@type\":\"ListItem\",\"position\":1,\"name\":\"Home\",\"item\":\"https:\\\/\\\/www.bellunopress.it\\\/\"},{\"@type\":\"ListItem\",\"position\":2,\"name\":\"Firmato a Venezia tra il vicepresidente Zorzato e il vicesindaco di Feltre Trento, l&#8217;accordo di programma sulla cultura feltrina\"}]},{\"@type\":\"WebSite\",\"@id\":\"https:\\\/\\\/www.bellunopress.it\\\/#website\",\"url\":\"https:\\\/\\\/www.bellunopress.it\\\/\",\"name\":\"Bellunopress - Dolomiti\",\"description\":\"e-mail: redazione@bellunopress.it\",\"publisher\":{\"@id\":\"https:\\\/\\\/www.bellunopress.it\\\/#organization\"},\"potentialAction\":[{\"@type\":\"SearchAction\",\"target\":{\"@type\":\"EntryPoint\",\"urlTemplate\":\"https:\\\/\\\/www.bellunopress.it\\\/?s={search_term_string}\"},\"query-input\":{\"@type\":\"PropertyValueSpecification\",\"valueRequired\":true,\"valueName\":\"search_term_string\"}}],\"inLanguage\":\"fr-FR\"},{\"@type\":\"Organization\",\"@id\":\"https:\\\/\\\/www.bellunopress.it\\\/#organization\",\"name\":\"Bellunopress\",\"url\":\"https:\\\/\\\/www.bellunopress.it\\\/\",\"logo\":{\"@type\":\"ImageObject\",\"inLanguage\":\"fr-FR\",\"@id\":\"https:\\\/\\\/www.bellunopress.it\\\/#\\\/schema\\\/logo\\\/image\\\/\",\"url\":\"https:\\\/\\\/www.bellunopress.it\\\/wp-content\\\/uploads\\\/2011\\\/05\\\/cropped-logo-bellunopress-.jpg\",\"contentUrl\":\"https:\\\/\\\/www.bellunopress.it\\\/wp-content\\\/uploads\\\/2011\\\/05\\\/cropped-logo-bellunopress-.jpg\",\"width\":512,\"height\":512,\"caption\":\"Bellunopress\"},\"image\":{\"@id\":\"https:\\\/\\\/www.bellunopress.it\\\/#\\\/schema\\\/logo\\\/image\\\/\"},\"sameAs\":[\"https:\\\/\\\/www.facebook.com\\\/profile.php?id=100008943462799\",\"https:\\\/\\\/x.com\\\/bellunopress\",\"https:\\\/\\\/www.linkedin.com\\\/hp\\\/?dnr=JBzUWaJfMUw8vbXJJ2tVW5-I3jZKvC4wsoxE&amp;amp;amp;amp;amp;amp;trk=nav_responsive_tab_home\",\"https:\\\/\\\/www.youtube.com\\\/channel\\\/UCxL0wu1uN0_3_7hGG0306cw\"]},{\"@type\":\"Person\",\"@id\":\"https:\\\/\\\/www.bellunopress.it\\\/#\\\/schema\\\/person\\\/79bb06722b37ece1c03d3e94beb30d73\",\"name\":\"redazione\",\"image\":{\"@type\":\"ImageObject\",\"inLanguage\":\"fr-FR\",\"@id\":\"https:\\\/\\\/secure.gravatar.com\\\/avatar\\\/37d968a2e67a6fd04c169c4bdef102d0bc5d31b2546345219e348575eb80e9a0?s=96&d=mm&r=g\",\"url\":\"https:\\\/\\\/secure.gravatar.com\\\/avatar\\\/37d968a2e67a6fd04c169c4bdef102d0bc5d31b2546345219e348575eb80e9a0?s=96&d=mm&r=g\",\"contentUrl\":\"https:\\\/\\\/secure.gravatar.com\\\/avatar\\\/37d968a2e67a6fd04c169c4bdef102d0bc5d31b2546345219e348575eb80e9a0?s=96&d=mm&r=g\",\"caption\":\"redazione\"},\"sameAs\":[\"http:\\\/\\\/www.bellunopress.it\",\"https:\\\/\\\/x.com\\\/bellunopress\"],\"url\":\"https:\\\/\\\/www.bellunopress.it\\\/fr\\\/author\\\/redazione\\\/\"}]}<\/script>\n<!-- \/ Yoast SEO plugin. -->","yoast_head_json":{"title":"Firmato a Venezia tra il vicepresidente Zorzato e il vicesindaco di Feltre Trento, l'accordo di programma sulla cultura feltrina - Bellunopress - Dolomiti","robots":{"index":"index","follow":"follow","max-snippet":"max-snippet:-1","max-image-preview":"max-image-preview:large","max-video-preview":"max-video-preview:-1"},"canonical":"https:\/\/www.bellunopress.it\/fr\/2011\/09\/28\/firmato-a-venezia-tra-il-vicepresidente-zorzato-e-il-vicesindaco-di-feltre-trento-laccordo-di-programma-sulla-cultura-feltrina\/","og_locale":"fr_FR","og_type":"article","og_title":"Firmato a Venezia tra il vicepresidente Zorzato e il vicesindaco di Feltre Trento, l'accordo di programma sulla cultura feltrina - Bellunopress - Dolomiti","og_description":"Cinquantamila euro per la cultura feltrina. E\u2019 stato firmato ieri a Venezia l\u2019accordo di programma tra l\u2019amministrazione comunale di Feltre, rappresentata dal vicesindaco Ennio Trento, e la Regione Veneto con il vicepresidente e assessore alla cultura Marino Zorzato. \u201cLa cifra servir\u00e0 a mettere al sicuro le manifestazioni culturali del 2011\u201d, spiega il consigliere regionale Dario [&hellip;]","og_url":"https:\/\/www.bellunopress.it\/fr\/2011\/09\/28\/firmato-a-venezia-tra-il-vicepresidente-zorzato-e-il-vicesindaco-di-feltre-trento-laccordo-di-programma-sulla-cultura-feltrina\/","og_site_name":"Bellunopress - Dolomiti","article_publisher":"https:\/\/www.facebook.com\/profile.php?id=100008943462799","article_published_time":"2011-09-28T19:23:34+00:00","og_image":[{"url":"http:\/\/www.bellunopress.it\/wp-content\/uploads\/2011\/09\/zorzato-e-trento.jpg","type":"","width":"","height":""}],"author":"redazione","twitter_card":"summary_large_image","twitter_creator":"@bellunopress","twitter_site":"@bellunopress","twitter_misc":{"\u00c9crit par":"redazione","Dur\u00e9e de lecture estim\u00e9e":"1 minute"},"schema":{"@context":"https:\/\/schema.org","@graph":[{"@type":"Article","@id":"https:\/\/www.bellunopress.it\/2011\/09\/28\/firmato-a-venezia-tra-il-vicepresidente-zorzato-e-il-vicesindaco-di-feltre-trento-laccordo-di-programma-sulla-cultura-feltrina\/#article","isPartOf":{"@id":"https:\/\/www.bellunopress.it\/2011\/09\/28\/firmato-a-venezia-tra-il-vicepresidente-zorzato-e-il-vicesindaco-di-feltre-trento-laccordo-di-programma-sulla-cultura-feltrina\/"},"author":{"name":"redazione","@id":"https:\/\/www.bellunopress.it\/#\/schema\/person\/79bb06722b37ece1c03d3e94beb30d73"},"headline":"Firmato a Venezia tra il vicepresidente Zorzato e il vicesindaco di Feltre Trento, l&#8217;accordo di programma sulla cultura feltrina","datePublished":"2011-09-28T19:23:34+00:00","mainEntityOfPage":{"@id":"https:\/\/www.bellunopress.it\/2011\/09\/28\/firmato-a-venezia-tra-il-vicepresidente-zorzato-e-il-vicesindaco-di-feltre-trento-laccordo-di-programma-sulla-cultura-feltrina\/"},"wordCount":318,"publisher":{"@id":"https:\/\/www.bellunopress.it\/#organization"},"image":{"@id":"https:\/\/www.bellunopress.it\/2011\/09\/28\/firmato-a-venezia-tra-il-vicepresidente-zorzato-e-il-vicesindaco-di-feltre-trento-laccordo-di-programma-sulla-cultura-feltrina\/#primaryimage"},"thumbnailUrl":"http:\/\/www.bellunopress.it\/wp-content\/uploads\/2011\/09\/zorzato-e-trento.jpg","articleSection":["Cronaca\/Politica","Prima Pagina"],"inLanguage":"fr-FR"},{"@type":"WebPage","@id":"https:\/\/www.bellunopress.it\/2011\/09\/28\/firmato-a-venezia-tra-il-vicepresidente-zorzato-e-il-vicesindaco-di-feltre-trento-laccordo-di-programma-sulla-cultura-feltrina\/","url":"https:\/\/www.bellunopress.it\/2011\/09\/28\/firmato-a-venezia-tra-il-vicepresidente-zorzato-e-il-vicesindaco-di-feltre-trento-laccordo-di-programma-sulla-cultura-feltrina\/","name":"Firmato a Venezia tra il vicepresidente Zorzato e il vicesindaco di Feltre Trento, l'accordo di programma sulla cultura feltrina - Bellunopress - Dolomiti","isPartOf":{"@id":"https:\/\/www.bellunopress.it\/#website"},"primaryImageOfPage":{"@id":"https:\/\/www.bellunopress.it\/2011\/09\/28\/firmato-a-venezia-tra-il-vicepresidente-zorzato-e-il-vicesindaco-di-feltre-trento-laccordo-di-programma-sulla-cultura-feltrina\/#primaryimage"},"image":{"@id":"https:\/\/www.bellunopress.it\/2011\/09\/28\/firmato-a-venezia-tra-il-vicepresidente-zorzato-e-il-vicesindaco-di-feltre-trento-laccordo-di-programma-sulla-cultura-feltrina\/#primaryimage"},"thumbnailUrl":"http:\/\/www.bellunopress.it\/wp-content\/uploads\/2011\/09\/zorzato-e-trento.jpg","datePublished":"2011-09-28T19:23:34+00:00","breadcrumb":{"@id":"https:\/\/www.bellunopress.it\/2011\/09\/28\/firmato-a-venezia-tra-il-vicepresidente-zorzato-e-il-vicesindaco-di-feltre-trento-laccordo-di-programma-sulla-cultura-feltrina\/#breadcrumb"},"inLanguage":"fr-FR","potentialAction":[{"@type":"ReadAction","target":["https:\/\/www.bellunopress.it\/2011\/09\/28\/firmato-a-venezia-tra-il-vicepresidente-zorzato-e-il-vicesindaco-di-feltre-trento-laccordo-di-programma-sulla-cultura-feltrina\/"]}]},{"@type":"ImageObject","inLanguage":"fr-FR","@id":"https:\/\/www.bellunopress.it\/2011\/09\/28\/firmato-a-venezia-tra-il-vicepresidente-zorzato-e-il-vicesindaco-di-feltre-trento-laccordo-di-programma-sulla-cultura-feltrina\/#primaryimage","url":"http:\/\/www.bellunopress.it\/wp-content\/uploads\/2011\/09\/zorzato-e-trento.jpg","contentUrl":"http:\/\/www.bellunopress.it\/wp-content\/uploads\/2011\/09\/zorzato-e-trento.jpg"},{"@type":"BreadcrumbList","@id":"https:\/\/www.bellunopress.it\/2011\/09\/28\/firmato-a-venezia-tra-il-vicepresidente-zorzato-e-il-vicesindaco-di-feltre-trento-laccordo-di-programma-sulla-cultura-feltrina\/#breadcrumb","itemListElement":[{"@type":"ListItem","position":1,"name":"Home","item":"https:\/\/www.bellunopress.it\/"},{"@type":"ListItem","position":2,"name":"Firmato a Venezia tra il vicepresidente Zorzato e il vicesindaco di Feltre Trento, l&#8217;accordo di programma sulla cultura feltrina"}]},{"@type":"WebSite","@id":"https:\/\/www.bellunopress.it\/#website","url":"https:\/\/www.bellunopress.it\/","name":"Bellunopress - Dolomiti","description":"e-mail: redazione@bellunopress.it","publisher":{"@id":"https:\/\/www.bellunopress.it\/#organization"},"potentialAction":[{"@type":"SearchAction","target":{"@type":"EntryPoint","urlTemplate":"https:\/\/www.bellunopress.it\/?s={search_term_string}"},"query-input":{"@type":"PropertyValueSpecification","valueRequired":true,"valueName":"search_term_string"}}],"inLanguage":"fr-FR"},{"@type":"Organization","@id":"https:\/\/www.bellunopress.it\/#organization","name":"Bellunopress","url":"https:\/\/www.bellunopress.it\/","logo":{"@type":"ImageObject","inLanguage":"fr-FR","@id":"https:\/\/www.bellunopress.it\/#\/schema\/logo\/image\/","url":"https:\/\/www.bellunopress.it\/wp-content\/uploads\/2011\/05\/cropped-logo-bellunopress-.jpg","contentUrl":"https:\/\/www.bellunopress.it\/wp-content\/uploads\/2011\/05\/cropped-logo-bellunopress-.jpg","width":512,"height":512,"caption":"Bellunopress"},"image":{"@id":"https:\/\/www.bellunopress.it\/#\/schema\/logo\/image\/"},"sameAs":["https:\/\/www.facebook.com\/profile.php?id=100008943462799","https:\/\/x.com\/bellunopress","https:\/\/www.linkedin.com\/hp\/?dnr=JBzUWaJfMUw8vbXJJ2tVW5-I3jZKvC4wsoxE&amp;amp;amp;amp;amp;amp;trk=nav_responsive_tab_home","https:\/\/www.youtube.com\/channel\/UCxL0wu1uN0_3_7hGG0306cw"]},{"@type":"Person","@id":"https:\/\/www.bellunopress.it\/#\/schema\/person\/79bb06722b37ece1c03d3e94beb30d73","name":"r\u00e9daction","image":{"@type":"ImageObject","inLanguage":"fr-FR","@id":"https:\/\/secure.gravatar.com\/avatar\/37d968a2e67a6fd04c169c4bdef102d0bc5d31b2546345219e348575eb80e9a0?s=96&d=mm&r=g","url":"https:\/\/secure.gravatar.com\/avatar\/37d968a2e67a6fd04c169c4bdef102d0bc5d31b2546345219e348575eb80e9a0?s=96&d=mm&r=g","contentUrl":"https:\/\/secure.gravatar.com\/avatar\/37d968a2e67a6fd04c169c4bdef102d0bc5d31b2546345219e348575eb80e9a0?s=96&d=mm&r=g","caption":"redazione"},"sameAs":["http:\/\/www.bellunopress.it","https:\/\/x.com\/bellunopress"],"url":"https:\/\/www.bellunopress.it\/fr\/author\/redazione\/"}]}},"_links":{"self":[{"href":"https:\/\/www.bellunopress.it\/fr\/wp-json\/wp\/v2\/posts\/30988","targetHints":{"allow":["GET"]}}],"collection":[{"href":"https:\/\/www.bellunopress.it\/fr\/wp-json\/wp\/v2\/posts"}],"about":[{"href":"https:\/\/www.bellunopress.it\/fr\/wp-json\/wp\/v2\/types\/post"}],"author":[{"embeddable":true,"href":"https:\/\/www.bellunopress.it\/fr\/wp-json\/wp\/v2\/users\/2"}],"replies":[{"embeddable":true,"href":"https:\/\/www.bellunopress.it\/fr\/wp-json\/wp\/v2\/comments?post=30988"}],"version-history":[{"count":1,"href":"https:\/\/www.bellunopress.it\/fr\/wp-json\/wp\/v2\/posts\/30988\/revisions"}],"predecessor-version":[{"id":30990,"href":"https:\/\/www.bellunopress.it\/fr\/wp-json\/wp\/v2\/posts\/30988\/revisions\/30990"}],"wp:attachment":[{"href":"https:\/\/www.bellunopress.it\/fr\/wp-json\/wp\/v2\/media?parent=30988"}],"wp:term":[{"taxonomy":"category","embeddable":true,"href":"https:\/\/www.bellunopress.it\/fr\/wp-json\/wp\/v2\/categories?post=30988"},{"taxonomy":"post_tag","embeddable":true,"href":"https:\/\/www.bellunopress.it\/fr\/wp-json\/wp\/v2\/tags?post=30988"}],"curies":[{"name":"wp","href":"https:\/\/api.w.org\/{rel}","templated":true}]}}