{"id":30986,"date":"2011-09-28T20:14:42","date_gmt":"2011-09-28T19:14:42","guid":{"rendered":"http:\/\/www.bellunopress.it\/?p=30986"},"modified":"2011-09-28T20:14:42","modified_gmt":"2011-09-28T19:14:42","slug":"giornata-bellunese-per-marino-finozzi-assessore-regionale-allo-sviluppo-montano-del-veneto","status":"publish","type":"post","link":"https:\/\/www.bellunopress.it\/fr\/2011\/09\/28\/giornata-bellunese-per-marino-finozzi-assessore-regionale-allo-sviluppo-montano-del-veneto\/","title":{"rendered":"Giornata bellunese per Marino Finozzi, assessore regionale allo Sviluppo montano del Veneto"},"content":{"rendered":"<p><a href=\"http:\/\/www.bellunopress.it\/wp-content\/uploads\/2011\/06\/Finozzi-247x280.jpg\"><img loading=\"lazy\" decoding=\"async\" class=\"alignright size-full wp-image-28274\" title=\"Finozzi 247x280\" src=\"http:\/\/www.bellunopress.it\/wp-content\/uploads\/2011\/06\/Finozzi-247x280.jpg\" alt=\"\" width=\"247\" height=\"280\" \/><\/a>Giornata all\u2019insegna delle visite e degli incontri quella trascorsa l\u2019altro giorno a Belluno dall\u2019assessore regionale allo sviluppo montano Marino Finozzi. Il calendario degli appuntamenti si \u00e8 aperto con una visita agli stabilimenti di Lattebusche, nella quale l\u2019assessore \u00e8 stato accompagnato dal Consiglio di amministrazione e dalla direzione. \u201cSono rimasto positivamente colpito dall\u2019altissimo livello di organizzazione del lavoro e dalle tecnologie impiegate \u2013 ha affermato Finozzi \u2013 e ribadisco che lo stabilimento Lattebusche \u00e8 un grande esempio di seriet\u00e0, competenza e soprattutto di vasto impegno verso tutto il territorio, anche con iniziative di carattere sociale, che testimonia il forte legame che unisce questa latteria al contesto nel quale si \u00e8 sviluppata\u201d.<br \/>\nLa giornata \u00e8 proseguita con un incontro con Ivan De Min, assessore all\u2019Ambiente, allo Sport e all\u2019Agricoltura della Comunit\u00e0 Montana dell\u2019Alpago, che ha presentato all\u2019assessore regionale la ormai tradizionale gara di scialpinismo Transcavallo, giunta alla sua 29\u00aa edizione, che si terr\u00e0 nel febbraio 2012. Si \u00e8 inoltre parlato di un importante piano d\u2019area che interesser\u00e0 i cinque comuni alpagoti. \u201cSi \u00e8 trattato di un\u2019occasione per avere un contatto diretto con questo importante progetto in gestazione, che, mi auguro, possa trovare la propria via di realizzazione\u201d, ha detto Finozzi. L\u2019assessore ha successivamente preso visione del progetto per la realizzazione di un Centro Flora e Fauna Alpina delle Dolomiti, presentatogli da Luca Da Corte Croera, cittadino di Borca di Cadore, accompagnato dai tecnici che l\u2019hanno aiutato nella stesura. Si tratta di una iniziativa finalizzata a riproporre la storia delle Dolomiti attraverso la flora e la fauna, ospitando anche le varie specie di animali selvatici presente nell\u2019arco dolomitico in modo da avere uno spaccato dell\u2019immenso patrimonio naturalistico della zona.<br \/>\n\u201cQuesta giornata non \u00e8 la prima e non sar\u00e0 certo l\u2019ultima, per confrontarmi con gli amministratori e le comunit\u00e0 bellunesi \u2013 ha commentato Finozzi \u2013 e questo non solo per mantenere un impegno preso all\u2019inizio di questa legislatura, ma per sottolineare l\u2019attenzione e la considerazione che l\u2019intera Giunta regionale ha per tutto il territorio montano, e soprattutto per il benessere e la tutela dei suoi abitanti\u201d.<\/p>","protected":false},"excerpt":{"rendered":"<p>Giornata all\u2019insegna delle visite e degli incontri quella trascorsa l\u2019altro giorno a Belluno dall\u2019assessore regionale allo sviluppo montano Marino Finozzi. Il calendario degli appuntamenti si \u00e8 aperto con una visita agli stabilimenti di Lattebusche, nella quale l\u2019assessore \u00e8 stato accompagnato dal Consiglio di amministrazione e dalla direzione. \u201cSono rimasto positivamente colpito dall\u2019altissimo livello di organizzazione [&hellip;]<\/p>\n","protected":false},"author":2,"featured_media":0,"comment_status":"closed","ping_status":"open","sticky":false,"template":"","format":"standard","meta":{"footnotes":""},"categories":[5,26],"tags":[],"class_list":["post-30986","post","type-post","status-publish","format-standard","category-cronaca","category-prima-pagina"],"yoast_head":"<!-- This site is optimized with the Yoast SEO plugin v28.4 - https:\/\/yoast.com\/product\/yoast-seo-wordpress\/ -->\n<title>Giornata bellunese per Marino Finozzi, assessore regionale allo Sviluppo montano del Veneto - Bellunopress - Dolomiti<\/title>\n<meta name=\"robots\" content=\"index, follow, max-snippet:-1, max-image-preview:large, max-video-preview:-1\" \/>\n<link rel=\"canonical\" href=\"https:\/\/www.bellunopress.it\/fr\/2011\/09\/28\/giornata-bellunese-per-marino-finozzi-assessore-regionale-allo-sviluppo-montano-del-veneto\/\" \/>\n<meta property=\"og:locale\" content=\"fr_FR\" \/>\n<meta property=\"og:type\" content=\"article\" \/>\n<meta property=\"og:title\" content=\"Giornata bellunese per Marino Finozzi, assessore regionale allo Sviluppo montano del Veneto - Bellunopress - Dolomiti\" \/>\n<meta property=\"og:description\" content=\"Giornata all\u2019insegna delle visite e degli incontri quella trascorsa l\u2019altro giorno a Belluno dall\u2019assessore regionale allo sviluppo montano Marino Finozzi. Il calendario degli appuntamenti si \u00e8 aperto con una visita agli stabilimenti di Lattebusche, nella quale l\u2019assessore \u00e8 stato accompagnato dal Consiglio di amministrazione e dalla direzione. \u201cSono rimasto positivamente colpito dall\u2019altissimo livello di organizzazione [&hellip;]\" \/>\n<meta property=\"og:url\" content=\"https:\/\/www.bellunopress.it\/fr\/2011\/09\/28\/giornata-bellunese-per-marino-finozzi-assessore-regionale-allo-sviluppo-montano-del-veneto\/\" \/>\n<meta property=\"og:site_name\" content=\"Bellunopress - Dolomiti\" \/>\n<meta property=\"article:publisher\" content=\"https:\/\/www.facebook.com\/profile.php?id=100008943462799\" \/>\n<meta property=\"article:published_time\" content=\"2011-09-28T19:14:42+00:00\" \/>\n<meta property=\"og:image\" content=\"http:\/\/www.bellunopress.it\/wp-content\/uploads\/2011\/06\/Finozzi-247x280.jpg\" \/>\n<meta name=\"author\" content=\"redazione\" \/>\n<meta name=\"twitter:card\" content=\"summary_large_image\" \/>\n<meta name=\"twitter:creator\" content=\"@bellunopress\" \/>\n<meta name=\"twitter:site\" content=\"@bellunopress\" \/>\n<meta name=\"twitter:label1\" content=\"\u00c9crit par\" \/>\n\t<meta name=\"twitter:data1\" content=\"redazione\" \/>\n\t<meta name=\"twitter:label2\" content=\"Dur\u00e9e de lecture estim\u00e9e\" \/>\n\t<meta name=\"twitter:data2\" content=\"2 minutes\" \/>\n<script type=\"application\/ld+json\" class=\"yoast-schema-graph\">{\"@context\":\"https:\\\/\\\/schema.org\",\"@graph\":[{\"@type\":\"Article\",\"@id\":\"https:\\\/\\\/www.bellunopress.it\\\/2011\\\/09\\\/28\\\/giornata-bellunese-per-marino-finozzi-assessore-regionale-allo-sviluppo-montano-del-veneto\\\/#article\",\"isPartOf\":{\"@id\":\"https:\\\/\\\/www.bellunopress.it\\\/2011\\\/09\\\/28\\\/giornata-bellunese-per-marino-finozzi-assessore-regionale-allo-sviluppo-montano-del-veneto\\\/\"},\"author\":{\"name\":\"redazione\",\"@id\":\"https:\\\/\\\/www.bellunopress.it\\\/#\\\/schema\\\/person\\\/79bb06722b37ece1c03d3e94beb30d73\"},\"headline\":\"Giornata bellunese per Marino Finozzi, assessore regionale allo Sviluppo montano del Veneto\",\"datePublished\":\"2011-09-28T19:14:42+00:00\",\"mainEntityOfPage\":{\"@id\":\"https:\\\/\\\/www.bellunopress.it\\\/2011\\\/09\\\/28\\\/giornata-bellunese-per-marino-finozzi-assessore-regionale-allo-sviluppo-montano-del-veneto\\\/\"},\"wordCount\":359,\"publisher\":{\"@id\":\"https:\\\/\\\/www.bellunopress.it\\\/#organization\"},\"image\":{\"@id\":\"https:\\\/\\\/www.bellunopress.it\\\/2011\\\/09\\\/28\\\/giornata-bellunese-per-marino-finozzi-assessore-regionale-allo-sviluppo-montano-del-veneto\\\/#primaryimage\"},\"thumbnailUrl\":\"http:\\\/\\\/www.bellunopress.it\\\/wp-content\\\/uploads\\\/2011\\\/06\\\/Finozzi-247x280.jpg\",\"articleSection\":[\"Cronaca\\\/Politica\",\"Prima Pagina\"],\"inLanguage\":\"fr-FR\"},{\"@type\":\"WebPage\",\"@id\":\"https:\\\/\\\/www.bellunopress.it\\\/2011\\\/09\\\/28\\\/giornata-bellunese-per-marino-finozzi-assessore-regionale-allo-sviluppo-montano-del-veneto\\\/\",\"url\":\"https:\\\/\\\/www.bellunopress.it\\\/2011\\\/09\\\/28\\\/giornata-bellunese-per-marino-finozzi-assessore-regionale-allo-sviluppo-montano-del-veneto\\\/\",\"name\":\"Giornata bellunese per Marino Finozzi, assessore regionale allo Sviluppo montano del Veneto - Bellunopress - Dolomiti\",\"isPartOf\":{\"@id\":\"https:\\\/\\\/www.bellunopress.it\\\/#website\"},\"primaryImageOfPage\":{\"@id\":\"https:\\\/\\\/www.bellunopress.it\\\/2011\\\/09\\\/28\\\/giornata-bellunese-per-marino-finozzi-assessore-regionale-allo-sviluppo-montano-del-veneto\\\/#primaryimage\"},\"image\":{\"@id\":\"https:\\\/\\\/www.bellunopress.it\\\/2011\\\/09\\\/28\\\/giornata-bellunese-per-marino-finozzi-assessore-regionale-allo-sviluppo-montano-del-veneto\\\/#primaryimage\"},\"thumbnailUrl\":\"http:\\\/\\\/www.bellunopress.it\\\/wp-content\\\/uploads\\\/2011\\\/06\\\/Finozzi-247x280.jpg\",\"datePublished\":\"2011-09-28T19:14:42+00:00\",\"breadcrumb\":{\"@id\":\"https:\\\/\\\/www.bellunopress.it\\\/2011\\\/09\\\/28\\\/giornata-bellunese-per-marino-finozzi-assessore-regionale-allo-sviluppo-montano-del-veneto\\\/#breadcrumb\"},\"inLanguage\":\"fr-FR\",\"potentialAction\":[{\"@type\":\"ReadAction\",\"target\":[\"https:\\\/\\\/www.bellunopress.it\\\/2011\\\/09\\\/28\\\/giornata-bellunese-per-marino-finozzi-assessore-regionale-allo-sviluppo-montano-del-veneto\\\/\"]}]},{\"@type\":\"ImageObject\",\"inLanguage\":\"fr-FR\",\"@id\":\"https:\\\/\\\/www.bellunopress.it\\\/2011\\\/09\\\/28\\\/giornata-bellunese-per-marino-finozzi-assessore-regionale-allo-sviluppo-montano-del-veneto\\\/#primaryimage\",\"url\":\"http:\\\/\\\/www.bellunopress.it\\\/wp-content\\\/uploads\\\/2011\\\/06\\\/Finozzi-247x280.jpg\",\"contentUrl\":\"http:\\\/\\\/www.bellunopress.it\\\/wp-content\\\/uploads\\\/2011\\\/06\\\/Finozzi-247x280.jpg\"},{\"@type\":\"BreadcrumbList\",\"@id\":\"https:\\\/\\\/www.bellunopress.it\\\/2011\\\/09\\\/28\\\/giornata-bellunese-per-marino-finozzi-assessore-regionale-allo-sviluppo-montano-del-veneto\\\/#breadcrumb\",\"itemListElement\":[{\"@type\":\"ListItem\",\"position\":1,\"name\":\"Home\",\"item\":\"https:\\\/\\\/www.bellunopress.it\\\/\"},{\"@type\":\"ListItem\",\"position\":2,\"name\":\"Giornata bellunese per Marino Finozzi, assessore regionale allo Sviluppo montano del Veneto\"}]},{\"@type\":\"WebSite\",\"@id\":\"https:\\\/\\\/www.bellunopress.it\\\/#website\",\"url\":\"https:\\\/\\\/www.bellunopress.it\\\/\",\"name\":\"Bellunopress - Dolomiti\",\"description\":\"e-mail: redazione@bellunopress.it\",\"publisher\":{\"@id\":\"https:\\\/\\\/www.bellunopress.it\\\/#organization\"},\"potentialAction\":[{\"@type\":\"SearchAction\",\"target\":{\"@type\":\"EntryPoint\",\"urlTemplate\":\"https:\\\/\\\/www.bellunopress.it\\\/?s={search_term_string}\"},\"query-input\":{\"@type\":\"PropertyValueSpecification\",\"valueRequired\":true,\"valueName\":\"search_term_string\"}}],\"inLanguage\":\"fr-FR\"},{\"@type\":\"Organization\",\"@id\":\"https:\\\/\\\/www.bellunopress.it\\\/#organization\",\"name\":\"Bellunopress\",\"url\":\"https:\\\/\\\/www.bellunopress.it\\\/\",\"logo\":{\"@type\":\"ImageObject\",\"inLanguage\":\"fr-FR\",\"@id\":\"https:\\\/\\\/www.bellunopress.it\\\/#\\\/schema\\\/logo\\\/image\\\/\",\"url\":\"https:\\\/\\\/www.bellunopress.it\\\/wp-content\\\/uploads\\\/2011\\\/05\\\/cropped-logo-bellunopress-.jpg\",\"contentUrl\":\"https:\\\/\\\/www.bellunopress.it\\\/wp-content\\\/uploads\\\/2011\\\/05\\\/cropped-logo-bellunopress-.jpg\",\"width\":512,\"height\":512,\"caption\":\"Bellunopress\"},\"image\":{\"@id\":\"https:\\\/\\\/www.bellunopress.it\\\/#\\\/schema\\\/logo\\\/image\\\/\"},\"sameAs\":[\"https:\\\/\\\/www.facebook.com\\\/profile.php?id=100008943462799\",\"https:\\\/\\\/x.com\\\/bellunopress\",\"https:\\\/\\\/www.linkedin.com\\\/hp\\\/?dnr=JBzUWaJfMUw8vbXJJ2tVW5-I3jZKvC4wsoxE&amp;amp;amp;amp;amp;amp;trk=nav_responsive_tab_home\",\"https:\\\/\\\/www.youtube.com\\\/channel\\\/UCxL0wu1uN0_3_7hGG0306cw\"]},{\"@type\":\"Person\",\"@id\":\"https:\\\/\\\/www.bellunopress.it\\\/#\\\/schema\\\/person\\\/79bb06722b37ece1c03d3e94beb30d73\",\"name\":\"redazione\",\"image\":{\"@type\":\"ImageObject\",\"inLanguage\":\"fr-FR\",\"@id\":\"https:\\\/\\\/secure.gravatar.com\\\/avatar\\\/37d968a2e67a6fd04c169c4bdef102d0bc5d31b2546345219e348575eb80e9a0?s=96&d=mm&r=g\",\"url\":\"https:\\\/\\\/secure.gravatar.com\\\/avatar\\\/37d968a2e67a6fd04c169c4bdef102d0bc5d31b2546345219e348575eb80e9a0?s=96&d=mm&r=g\",\"contentUrl\":\"https:\\\/\\\/secure.gravatar.com\\\/avatar\\\/37d968a2e67a6fd04c169c4bdef102d0bc5d31b2546345219e348575eb80e9a0?s=96&d=mm&r=g\",\"caption\":\"redazione\"},\"sameAs\":[\"http:\\\/\\\/www.bellunopress.it\",\"https:\\\/\\\/x.com\\\/bellunopress\"],\"url\":\"https:\\\/\\\/www.bellunopress.it\\\/fr\\\/author\\\/redazione\\\/\"}]}<\/script>\n<!-- \/ Yoast SEO plugin. -->","yoast_head_json":{"title":"Giornata bellunese per Marino Finozzi, assessore regionale allo Sviluppo montano del Veneto - Bellunopress - Dolomiti","robots":{"index":"index","follow":"follow","max-snippet":"max-snippet:-1","max-image-preview":"max-image-preview:large","max-video-preview":"max-video-preview:-1"},"canonical":"https:\/\/www.bellunopress.it\/fr\/2011\/09\/28\/giornata-bellunese-per-marino-finozzi-assessore-regionale-allo-sviluppo-montano-del-veneto\/","og_locale":"fr_FR","og_type":"article","og_title":"Giornata bellunese per Marino Finozzi, assessore regionale allo Sviluppo montano del Veneto - Bellunopress - Dolomiti","og_description":"Giornata all\u2019insegna delle visite e degli incontri quella trascorsa l\u2019altro giorno a Belluno dall\u2019assessore regionale allo sviluppo montano Marino Finozzi. Il calendario degli appuntamenti si \u00e8 aperto con una visita agli stabilimenti di Lattebusche, nella quale l\u2019assessore \u00e8 stato accompagnato dal Consiglio di amministrazione e dalla direzione. \u201cSono rimasto positivamente colpito dall\u2019altissimo livello di organizzazione [&hellip;]","og_url":"https:\/\/www.bellunopress.it\/fr\/2011\/09\/28\/giornata-bellunese-per-marino-finozzi-assessore-regionale-allo-sviluppo-montano-del-veneto\/","og_site_name":"Bellunopress - Dolomiti","article_publisher":"https:\/\/www.facebook.com\/profile.php?id=100008943462799","article_published_time":"2011-09-28T19:14:42+00:00","og_image":[{"url":"http:\/\/www.bellunopress.it\/wp-content\/uploads\/2011\/06\/Finozzi-247x280.jpg","type":"","width":"","height":""}],"author":"redazione","twitter_card":"summary_large_image","twitter_creator":"@bellunopress","twitter_site":"@bellunopress","twitter_misc":{"\u00c9crit par":"redazione","Dur\u00e9e de lecture estim\u00e9e":"2 minutes"},"schema":{"@context":"https:\/\/schema.org","@graph":[{"@type":"Article","@id":"https:\/\/www.bellunopress.it\/2011\/09\/28\/giornata-bellunese-per-marino-finozzi-assessore-regionale-allo-sviluppo-montano-del-veneto\/#article","isPartOf":{"@id":"https:\/\/www.bellunopress.it\/2011\/09\/28\/giornata-bellunese-per-marino-finozzi-assessore-regionale-allo-sviluppo-montano-del-veneto\/"},"author":{"name":"redazione","@id":"https:\/\/www.bellunopress.it\/#\/schema\/person\/79bb06722b37ece1c03d3e94beb30d73"},"headline":"Giornata bellunese per Marino Finozzi, assessore regionale allo Sviluppo montano del Veneto","datePublished":"2011-09-28T19:14:42+00:00","mainEntityOfPage":{"@id":"https:\/\/www.bellunopress.it\/2011\/09\/28\/giornata-bellunese-per-marino-finozzi-assessore-regionale-allo-sviluppo-montano-del-veneto\/"},"wordCount":359,"publisher":{"@id":"https:\/\/www.bellunopress.it\/#organization"},"image":{"@id":"https:\/\/www.bellunopress.it\/2011\/09\/28\/giornata-bellunese-per-marino-finozzi-assessore-regionale-allo-sviluppo-montano-del-veneto\/#primaryimage"},"thumbnailUrl":"http:\/\/www.bellunopress.it\/wp-content\/uploads\/2011\/06\/Finozzi-247x280.jpg","articleSection":["Cronaca\/Politica","Prima Pagina"],"inLanguage":"fr-FR"},{"@type":"WebPage","@id":"https:\/\/www.bellunopress.it\/2011\/09\/28\/giornata-bellunese-per-marino-finozzi-assessore-regionale-allo-sviluppo-montano-del-veneto\/","url":"https:\/\/www.bellunopress.it\/2011\/09\/28\/giornata-bellunese-per-marino-finozzi-assessore-regionale-allo-sviluppo-montano-del-veneto\/","name":"Giornata bellunese per Marino Finozzi, assessore regionale allo Sviluppo montano del Veneto - Bellunopress - Dolomiti","isPartOf":{"@id":"https:\/\/www.bellunopress.it\/#website"},"primaryImageOfPage":{"@id":"https:\/\/www.bellunopress.it\/2011\/09\/28\/giornata-bellunese-per-marino-finozzi-assessore-regionale-allo-sviluppo-montano-del-veneto\/#primaryimage"},"image":{"@id":"https:\/\/www.bellunopress.it\/2011\/09\/28\/giornata-bellunese-per-marino-finozzi-assessore-regionale-allo-sviluppo-montano-del-veneto\/#primaryimage"},"thumbnailUrl":"http:\/\/www.bellunopress.it\/wp-content\/uploads\/2011\/06\/Finozzi-247x280.jpg","datePublished":"2011-09-28T19:14:42+00:00","breadcrumb":{"@id":"https:\/\/www.bellunopress.it\/2011\/09\/28\/giornata-bellunese-per-marino-finozzi-assessore-regionale-allo-sviluppo-montano-del-veneto\/#breadcrumb"},"inLanguage":"fr-FR","potentialAction":[{"@type":"ReadAction","target":["https:\/\/www.bellunopress.it\/2011\/09\/28\/giornata-bellunese-per-marino-finozzi-assessore-regionale-allo-sviluppo-montano-del-veneto\/"]}]},{"@type":"ImageObject","inLanguage":"fr-FR","@id":"https:\/\/www.bellunopress.it\/2011\/09\/28\/giornata-bellunese-per-marino-finozzi-assessore-regionale-allo-sviluppo-montano-del-veneto\/#primaryimage","url":"http:\/\/www.bellunopress.it\/wp-content\/uploads\/2011\/06\/Finozzi-247x280.jpg","contentUrl":"http:\/\/www.bellunopress.it\/wp-content\/uploads\/2011\/06\/Finozzi-247x280.jpg"},{"@type":"BreadcrumbList","@id":"https:\/\/www.bellunopress.it\/2011\/09\/28\/giornata-bellunese-per-marino-finozzi-assessore-regionale-allo-sviluppo-montano-del-veneto\/#breadcrumb","itemListElement":[{"@type":"ListItem","position":1,"name":"Home","item":"https:\/\/www.bellunopress.it\/"},{"@type":"ListItem","position":2,"name":"Giornata bellunese per Marino Finozzi, assessore regionale allo Sviluppo montano del Veneto"}]},{"@type":"WebSite","@id":"https:\/\/www.bellunopress.it\/#website","url":"https:\/\/www.bellunopress.it\/","name":"Bellunopress - Dolomiti","description":"e-mail: redazione@bellunopress.it","publisher":{"@id":"https:\/\/www.bellunopress.it\/#organization"},"potentialAction":[{"@type":"SearchAction","target":{"@type":"EntryPoint","urlTemplate":"https:\/\/www.bellunopress.it\/?s={search_term_string}"},"query-input":{"@type":"PropertyValueSpecification","valueRequired":true,"valueName":"search_term_string"}}],"inLanguage":"fr-FR"},{"@type":"Organization","@id":"https:\/\/www.bellunopress.it\/#organization","name":"Bellunopress","url":"https:\/\/www.bellunopress.it\/","logo":{"@type":"ImageObject","inLanguage":"fr-FR","@id":"https:\/\/www.bellunopress.it\/#\/schema\/logo\/image\/","url":"https:\/\/www.bellunopress.it\/wp-content\/uploads\/2011\/05\/cropped-logo-bellunopress-.jpg","contentUrl":"https:\/\/www.bellunopress.it\/wp-content\/uploads\/2011\/05\/cropped-logo-bellunopress-.jpg","width":512,"height":512,"caption":"Bellunopress"},"image":{"@id":"https:\/\/www.bellunopress.it\/#\/schema\/logo\/image\/"},"sameAs":["https:\/\/www.facebook.com\/profile.php?id=100008943462799","https:\/\/x.com\/bellunopress","https:\/\/www.linkedin.com\/hp\/?dnr=JBzUWaJfMUw8vbXJJ2tVW5-I3jZKvC4wsoxE&amp;amp;amp;amp;amp;amp;trk=nav_responsive_tab_home","https:\/\/www.youtube.com\/channel\/UCxL0wu1uN0_3_7hGG0306cw"]},{"@type":"Person","@id":"https:\/\/www.bellunopress.it\/#\/schema\/person\/79bb06722b37ece1c03d3e94beb30d73","name":"r\u00e9daction","image":{"@type":"ImageObject","inLanguage":"fr-FR","@id":"https:\/\/secure.gravatar.com\/avatar\/37d968a2e67a6fd04c169c4bdef102d0bc5d31b2546345219e348575eb80e9a0?s=96&d=mm&r=g","url":"https:\/\/secure.gravatar.com\/avatar\/37d968a2e67a6fd04c169c4bdef102d0bc5d31b2546345219e348575eb80e9a0?s=96&d=mm&r=g","contentUrl":"https:\/\/secure.gravatar.com\/avatar\/37d968a2e67a6fd04c169c4bdef102d0bc5d31b2546345219e348575eb80e9a0?s=96&d=mm&r=g","caption":"redazione"},"sameAs":["http:\/\/www.bellunopress.it","https:\/\/x.com\/bellunopress"],"url":"https:\/\/www.bellunopress.it\/fr\/author\/redazione\/"}]}},"_links":{"self":[{"href":"https:\/\/www.bellunopress.it\/fr\/wp-json\/wp\/v2\/posts\/30986","targetHints":{"allow":["GET"]}}],"collection":[{"href":"https:\/\/www.bellunopress.it\/fr\/wp-json\/wp\/v2\/posts"}],"about":[{"href":"https:\/\/www.bellunopress.it\/fr\/wp-json\/wp\/v2\/types\/post"}],"author":[{"embeddable":true,"href":"https:\/\/www.bellunopress.it\/fr\/wp-json\/wp\/v2\/users\/2"}],"replies":[{"embeddable":true,"href":"https:\/\/www.bellunopress.it\/fr\/wp-json\/wp\/v2\/comments?post=30986"}],"version-history":[{"count":1,"href":"https:\/\/www.bellunopress.it\/fr\/wp-json\/wp\/v2\/posts\/30986\/revisions"}],"predecessor-version":[{"id":30987,"href":"https:\/\/www.bellunopress.it\/fr\/wp-json\/wp\/v2\/posts\/30986\/revisions\/30987"}],"wp:attachment":[{"href":"https:\/\/www.bellunopress.it\/fr\/wp-json\/wp\/v2\/media?parent=30986"}],"wp:term":[{"taxonomy":"category","embeddable":true,"href":"https:\/\/www.bellunopress.it\/fr\/wp-json\/wp\/v2\/categories?post=30986"},{"taxonomy":"post_tag","embeddable":true,"href":"https:\/\/www.bellunopress.it\/fr\/wp-json\/wp\/v2\/tags?post=30986"}],"curies":[{"name":"wp","href":"https:\/\/api.w.org\/{rel}","templated":true}]}}