{"id":30980,"date":"2011-09-28T19:53:30","date_gmt":"2011-09-28T18:53:30","guid":{"rendered":"http:\/\/www.bellunopress.it\/?p=30980"},"modified":"2011-09-28T19:53:55","modified_gmt":"2011-09-28T18:53:55","slug":"longarone-fiere-il-programma-completo-di-expo-dolomiti","status":"publish","type":"post","link":"https:\/\/www.bellunopress.it\/fr\/2011\/09\/28\/longarone-fiere-il-programma-completo-di-expo-dolomiti\/","title":{"rendered":"Longarone fiere: il programma completo di Expo Dolomiti"},"content":{"rendered":"<p><strong>Expo delle Dolomiti Patrimonio dell\u2019Umanit\u00e0: la prima edizione a Longarone Fiere dal 30 settembre al 2 ottobre<\/strong><\/p>\n<p>Expo delle Dolomiti Patrimonio dell\u2019Umanit\u00e0 presenta due connotazioni: una emozionale, informativa ed educativa e un\u2019altra pi\u00f9 divulgativa e commerciale. Nel complesso, chi accede nei padiglioni viene arricchito prima da particolari sensazioni e poi, con queste nell\u2019animo, \u00e8 invitato ad approcciare con maggiore curiosit\u00e0 e passione le nozioni dell\u2019area informativa. Una sorta di viaggio non consueto fra le nostre montagne che permette ai fruitori dell\u2019Esposizione nuovi spunti e aperture di collaborazione fra le parti con un obiettivo condiviso: la corretta e generativa gestione del nostro Patrimonio.<br \/>\nLa parte introduttiva ha un carattere emozionale e cognitivo: una galleria di immagini, corredata da paesaggi sonori e parole chiave di luce. Vuole rappresentare la quotidianit\u00e0 in Dolomiti: \u00e8 il ciclo della giornata (alba, mattino, mezzogiorno, pomeriggio, tramonto, notte), ritmato da sequenze di paesaggi dolomitici nei diversi momenti ed intervallato da immagini relative alle attivit\u00e0 umane. Linee narrative che si fondono nel campo delle emozioni. Le immagini scelte descrivono momenti del presente e del passato: il passato risalta come fonte di ispirazione per le armoniche interazioni fra esseri umani e contesto ambientale; il presente racchiude le interazioni ma anche le interferenze che l\u2019essere umano ha perpetuato nell\u2019ambiente. Il futuro infine \u00e8 introdotto dalle parole chiave, che sono s\u00ec riferite\u00a0 al presente ed al passato, ma che soprattutto vogliono rappresentare spunti di riflessione ed introdurre auspici per un buon avvenire.<br \/>\nNell\u2019insieme, la rappresentazione risulta \u201cseriale\u201d, nel senso pi\u00f9 profondo di questo termine: la serialit\u00e0 \u00e8 stato un concetto vincente in fase di candidatura presso Unesco, quando si \u00e8 riusciti a determinare che le differenze in Dolomiti sono una ricchezza irrinunciabile e che di fatto le Dolomiti si sostengono solo se vissute come un unicum, nel quale i confini vengono intesi come confini comuni, luoghi dell\u2019incontro, e non come terre separate da confini geo-politici contesi.<br \/>\nTeli stampati che contengono informazioni sul Bene (foresta della conoscenza) corredano l\u2019area informativa: la linea d\u2019ispirazione\u00a0 \u00e8 data dalle caratteristiche contenute dai criteri per i quali \u00e8 stato ottenuto il prestigioso riconoscimento di\u00a0 Unesco (il VII\u00b0, estetica e paesaggio; e l\u2019VIII\u00b0, geologia e geomorfologia). Informazioni geologiche e paesaggistiche, dunque, rese attraverso un linguaggio agile e di immediata comprensione, con grafiche leggere e foto di Dario Ballodis di grande qualit\u00e0 e forte impatto, affiancate a parole di forte impatto e immediatezza.<br \/>\nDalla sala informativa, il visitatore passa poi al padiglione dedicato alla Geodiversit\u00e0, dove sono presenti tra gli altri i Parchi del comprensorio Dolomitico e Geoparchi del European Geoparks Network, insieme a diverse realt\u00e0 che si occupano della valorizzazione della Geodiversit\u00e0.\u00a0 E un\u2019area ludico-didattica interattiva, dove potranno essere realizzate diverse attivit\u00e0 laboratoriali utilizzando accumuli di materiale litico (sabbia, ghiaia, ciottoli) rielaborati dal Piave ed appartenenti al libro di rocce dolomitico.<br \/>\nExpo delle Dolomiti Patrimonio dell\u2019Umanit\u00e0\u00a0 racchiude anche una secondaanima, come detto, pi\u00f9 divulgativa e in une certo senso commerciale. La narrazione prosegue quindi con i Musei delle Dolomiti e alcune iniziative culturali legate allo sviluppo di un nuovo tipo di turismo, cos\u00ec come; e poi i piccoli editori di saggistica e narrativa di montagna, i protagonisti delle discipline sportive e i produttori di tecnologie, gli operatori del turismo, i pi\u00f9 bei nomi dell\u2019arte, dell\u2019artigianato e dei prodotti agro-alimentari DOP e IGP dei territori dolomitici. E il mondo dell\u2019associazionismo alpino.<br \/>\nUn compendio di quanto in Dolomiti si fa e si vive, una sintesi di argomenti che rappresentano prospettive e linee di sviluppo concrete e sostenibili per gli anni a venire nei territori dolomitici: passato, presente e futuro allora, a fondersi in un unicum narrativo integrato e di forte significato.<\/p>\n<p>&nbsp;<\/p>\n<p>orario di apertura al pubblico: Venerd\u00ec, Sabato e Domenica dalle 10 alle 18.30<\/p>\n<p>Venerd\u00ec 30 settembre 2011<\/p>\n<p>Ore 10.00\u00a0Apertura della mostra<br \/>\nOre 10.30\u00a0Sala Workshop<br \/>\nPresentazione del libro: \u201cLa montagna dietro l\u2019angolo\u201d di Giuliano Dal Mas &#8211; Incontro con l\u2019insolito nel Parco Nazionale delle Dolomiti Bellunesi<br \/>\na cura di: Panorama edizioni<br \/>\nOre 10.50\u00a0Saletta Geodiversit\u00e0 \u2013 Dolomiti Project<br \/>\nWorkshop: &#8220;LIVE DOLOMITI&#8221; \u2013 RICERCA PER TUTTI<br \/>\n\u201cIl Latemar, un atollo tropicale di 240 milioni di anni\u201d<br \/>\nRelatori: G. Gattolin, A. Marangon, M. Franceschi, N. Preto (Universit\u00e0 di Padova)<br \/>\n\u201cDalle Bahamas alle Maldive passando per le Dolomiti\u201d<br \/>\nRelatore: Marcello Caggiati (Universit\u00e0 di Ferrara)<br \/>\nOre 11.00\u00a0Padiglione D<br \/>\nWorkshop su: SkiProTech \u2013 Programma Interreg IV Italia-Austria 2007-2013: \u201cSulla prevenzione degli infortuni nello sci alpino: sicurezza come fattore di successo delle regioni alpine\u201d<br \/>\na cura di: Dolomiticert<br \/>\nOre 11.30\u00a0Sala Workshop<br \/>\nConferenza Stampa di presentazione della 1. edizione del Concorso internazionale di fotografia \u201cLa cartolina delle Dolomiti \u2013 premio Dino Buzzati\u201d<br \/>\na cura di: Provincia di Pordenone, in collaborazione con Fondazione Dolomiti Unesco, CRAF \u2013 Centro di Ricerca e Archiviazione della fotografia di Spilimbergo (PN), LABA &#8211; Libera Accademia di Belle Arti di Firenze e FIAF &#8211; Federazione Italiana Associazioni Fotografiche<br \/>\nOre 11.30\u00a0Saletta Geodiversit\u00e0 \u2013 Dolomiti Project<br \/>\nWorkshop: &#8220;LIVE DOLOMITI&#8221; \u2013 MONITORAGGIO E DATI TERRITORIALI<br \/>\n\u201cIl permafrost sulle Dolomiti venete: il progetto PermaNet\u201d<br \/>\nRelatore: Andrea Crepaz (Centro Meteorologico Valanghe Arabba)<br \/>\n\u201cChartagena: telerilevamento prossimale e fotogrammetria da drone per l\u2019analisi e la gestione del territorio\u201d<br \/>\nRelatore: Luca Bertoldi (Chartagena Srl)<br \/>\n\u201cAcqua e sorgenti: viaggio nelle Dolomiti\u201d<br \/>\nRelatore: Lucio D\u2019Alberto (Arpav e Cai)<br \/>\n\u201cL\u2019importanza della fotografia per la memoria e il senso dei luoghi\u201d<br \/>\nRelatore: Francesco Padovani (Biblioteca Civica di Pedavena \u2013 Archivio foto storico feltrino)<br \/>\n\u201cInnamorarsi fotografando: ritratti delle Dolomiti\u201d<br \/>\nRelatore: Dario Bellodis, fotografo professionista<br \/>\nOre 14.30\u00a0Sala Workshop<br \/>\nPresentazione 15. edizione rassegna culturale \u201cOltre Le vette 2011\u201d<br \/>\na cura di: Assessorato alla Cultura del Comune di Belluno<br \/>\nOre 14.45\u00a0Saletta Geodiversit\u00e0 \u2013 Dolomiti Project<br \/>\nWorkshop: &#8220;LIVE DOLOMITI&#8221; \u2013 RICERCA PER TUTTI \u2013 DIVULGAZIONE SCIENTIFICA<br \/>\n\u201cIl supervulcano della Val Sesia\u201d<br \/>\nRelatori: Giuseppe Sinigoi e Federico Ferrari (Universit\u00e0 di Trieste \u2013 Comune Borgosesia)<br \/>\n\u201cLe Dolomiti espressione del tempo\u201d<br \/>\nRelatore: Manuel Rigo (Universit\u00e0 di Padova)<br \/>\n\u201cDue passi con Dino: sulle tracce dei dinosauri delle Dolomiti\u201d<br \/>\nRelatore: Matteo Belvedere (Universit\u00e0 di Padova)<br \/>\nOre 15.00\u00a0Padiglione E<br \/>\nWorkshop \u201cBuy Dolomiti Montagna Veneta 2011\u201d<br \/>\na cura di: Consorzio Dolomiti, in collaborazione con Cralnetwork<\/p>\n<p>&nbsp;<\/p>\n<p>Ore 15.30\u00a0Sala Workshop<br \/>\nCerimonia ufficiale di inaugurazione dell\u2019Expo delle Dolomiti Patrimonio dell\u2019Umanit\u00e0<br \/>\nConsegna 16. Premio \u201cDolomiti Champion 2011\u201d<br \/>\nLa cerimonia sar\u00e0 allietata dall\u2019esibizione del Coro Minimo Bellunese e dal Coro Oio<br \/>\nOre 16.00\u00a0Centro Congressi<br \/>\nWorkshop sul tema: \u201cProgetto Alp Energy: prospettive future dei Virtual Power Systems\u201d<br \/>\na cura di: Consorzio Bim Piave<br \/>\nOre 16.20\u00a0Saletta Geodiversit\u00e0 \u2013 Dolomiti Project<br \/>\nWorkshop: &#8220;LIVE DOLOMITI&#8221; \u2013 EDITORIA, MUSEI, DIDATTICA<br \/>\n\u201cArmonia tra uomo e natura in Valle di San Lucano\u201d<br \/>\nRelatore: Barbara Aldighieri (CNR \u2013 IDPA)<br \/>\n\u201cIl museo incanta\u201d<br \/>\nRelatori: S. Z. Lacedelli, A. De Bigontina, C. Siorpaes (Museo delle Regole e Servizi educativi)<br \/>\n\u201cLe Dolomiti. Ecco come sono nate\u201d<br \/>\nRelatore: Margherita Pescholderung (Edizioni Fuori Citt\u00e0)<br \/>\n\u201cDolomiti d\u2019Ampezzo e leggendario 2011-2012\u201d<br \/>\nRelatore: Michele Da Pozzo, Direttore del Parco delle Dolomiti d\u2019Ampezzo<br \/>\nOre 17.30\u00a0Padiglione E<br \/>\nA seguire il Buy Dolomiti si terr\u00e0 l\u2019intervento: \u201cDolomitibus: viaggiamo insieme tra le Dolomiti e l\u2019Europa\u201d<br \/>\na cura di: Dolomitibus<br \/>\nOre 18.00\u00a0Padiglione A1<br \/>\nProiezione filmato: \u201cLa Grande Guerra nelle Dolomiti\u201d<br \/>\na cura di : Angelo Zangrando e Cristina Bacci<\/p>\n<p>Sabato 1 ottobre 2011<\/p>\n<p>Ore 10.30\u00a0Centro Congressi \u2013 Sala Barel<br \/>\nConferenza finale transfrontaliera: \u201cProgetto Interreg Drava Piave: fiumi e architetture. Lo sviluppo urbanistico lungo Piave e Drava\u201d<br \/>\na cura: Provincia di Belluno, Provincia di Treviso, Casa dell\u2019Architettura di Klagenfurt e Associazione Turistica di Dobbiaco<br \/>\nOre 10.30\u00a0Centro Congressi<br \/>\nConvegno\/Workshop su: \u201cSviluppo locale nel territorio delle Dolomiti: il ruolo dei Gruppi di Azione Locale\u201d<br \/>\na cura di: Inea<br \/>\nOre 10.30\u00a0Sala Workshop<br \/>\nWorkshop su: \u201cIl turismo diventa adulto: opportunit\u00e0 e problematiche del turismo dell\u2019et\u00e0 matura nelle Dolomiti patrimonio dell\u2019umanit\u00e0 Unesco\u201d<br \/>\na cura di: Federalberghi Belluno e Confcommercio Imprese per l\u2019Italia per Belluno<br \/>\nOre 10.30\u00a0Padiglione D<br \/>\nWorkshop sul tema: \u201cNascita delle Dolomiti\u201d<br \/>\na cura di: Dolomiti Channel<br \/>\nOre 10.30\u00a0Padiglione E<br \/>\nWorkshop su: \u201cSentieri, ferrate, rifugi e bivacchi: risorse dolomitiche a rischio\u201d<br \/>\na cura di: Cai sezioni di montagna<br \/>\nOre 10.30\u00a0Saletta Geodiversit\u00e0 \u2013 Dolomiti Project<br \/>\nWorkshop: &#8220;LIVE DOLOMITI&#8221; \u2013 GEOTURISMO E NUOVE FORME DI VALORIZZAZIONE DEL BENE UNESCO<br \/>\n\u201cGeoturismo in Dolomiti\u201d<br \/>\nRelatore: S. Furlanis, E. Oddone, G. Piccin (Dolomiti Project Srl)<br \/>\n\u201cIl ruolo dei sistemi informativi territoriali nella gestione dei geositi\u201d<br \/>\nRelatore: Stefano Furin (Geotema Srl)<br \/>\n\u201cDal rilievo 3D alla realt\u00e0 virtuale\u201d<\/p>\n<p>Relatore: Carlo Breganze (Terr.a.In)<br \/>\n\u201cGeovagando organizza: escursioni geoturistiche nelle Alpi\u201d<br \/>\nRelatore: Alessandro Canzian (Geovagando Ass.)<br \/>\n\u201cLa commissione geologia dell\u2019ordine dei geologi\u201d<br \/>\nRelatore: Federico Toffoletto (SG Veneto)<br \/>\n\u201cValutazione del potenziale geoturistico del catinaccio Rosengarten\u201d<br \/>\nRelatore: Fiammetta Alba (Universit\u00e0 di Ferrara)<br \/>\n\u201cGeoturismo in Val Vajont\u201d<br \/>\nRelatore: Emiliano Oddone (Dolomiti Project Srl)<br \/>\nOre 11.30\u00a0Padiglione D<br \/>\nPresentazione del libro: \u201cAnime screziate\u201d di Loredana Pra\u2019 Baldi sui 30 anni dei murales di Cibiana di Cadore<br \/>\na cura di: Edizioni Antony<br \/>\nOre 12.00\u00a0Sala Workshop<br \/>\nPresentazione del libro: \u201cLe orchidee spontanee della Provincia di Belluno\u201d di Isidoro Barattin<br \/>\na cura di: Aics Belluno<br \/>\nOre 12.00\u00a0Padiglione D<br \/>\nWorkshop su: \u201cValmontina, l\u2019area wilderness delle Dolomiti\u201d<br \/>\na cura di: Veneto Agricoltura<br \/>\nOre 12.30\u00a0Sala Workshop<br \/>\nPresentazione del libro: \u201cUomini, monti e animali\u201d di autori vari. Interviene Giulia Raffaelli<br \/>\na cura di: Casa Editrice Terraferma<br \/>\nOre 14.30\u00a0Centro Congressi \u2013 Sala Barel<br \/>\nWorkshop sul progetto \u201cTrova il Fil\u00f2\u201d \u2013 \u201cDimensione Piave: incontro\u2013confronto sugli spazi aggregativi contemporanei\u201d<br \/>\na cura di: Giovani Architetti di Belluno<br \/>\nOre 14.30\u00a0Sala Workshop<br \/>\nWorkshop su: \u201cUn progetto in Nepal per Giuliano De Marchi\u201d alla presenza del noto alpinista Fausto De Stefani<br \/>\na cura di: Simonetta Civran De Marchi<br \/>\nOre 14.45\u00a0Saletta Geodiversit\u00e0 \u2013 Dolomiti Project<br \/>\nWorkshop: &#8220;LIVE DOLOMITI&#8221; \u2013 COMUNICAZIONE E DIVULGAZIONE SCIENTIFICA<br \/>\n\u201cDolomiti partecipate?\u201d<br \/>\nRelatore: S. Furlanis, E. Oddone, G. Piccin (Dolomiti Project Srl)<br \/>\n\u201cLa geologia riscoperta. Percorsi e metodi di comunicazione delle geoscienze per persone con disabilit\u00e0 visive e uditive\u201d<br \/>\nRelatore: Rossana Todesco (Museo di Scienze di Trento)<br \/>\n\u201cInformazione per il pubblico e con il pubblico: gli strumenti del web 2.0\u201d<br \/>\nRelatore: Elisabetta Curzel (Giornalista scientifica Fondazione Ahref di Trento)<br \/>\n\u201cDue passi con Dino: sulle tracce dei dinosauri delle Dolomiti\u201d<br \/>\nRelatore: Matteo Belvedere (Universit\u00e0 di Padova)<br \/>\n\u201cGeomorfodiversit\u00e0\u201d<br \/>\nRelatore: Mario Panizza (Universit\u00e0 di Modena)<br \/>\n\u201c\u2026nebbie\u2026\u201d<br \/>\nRelatore: Danilo Giordano (Istituto Follador di Agordo)<br \/>\nOre 15.00\u00a0Padiglione D<br \/>\nCerimonia di consegna del 22. Premio \u201cFair Play\u201d. Presentazione squadre agonistiche 2011\/2012<br \/>\na cura di: Comitato Veneto Fisi<br \/>\nOre 15.30\u00a0Sala Workshop<br \/>\nWorkshop su: \u201cCamminare nel verde prima della roccia in luoghi ancora sconosciuti\u201d<br \/>\na cura di: Trekking Italia<br \/>\nOre 15.30\u00a0Centro Congressi<br \/>\nPresentazione risultati: \u201cProgetto Interreg IV Italia-Austria Transmuseum\u201d<br \/>\na cura di: Comunit\u00e0 Montana Centro Cadore<\/p>\n<p>&nbsp;<\/p>\n<p>Ore 16.20\u00a0Saletta Geodiversit\u00e0 \u2013 Dolomiti Project<br \/>\nWorkshop: &#8220;LIVE DOLOMITI&#8221;- GEOPARCHI EUROPEI (EGN) E ITALIANI<br \/>\n\u201cLa rete europea dei geoparchi EGN\u201d<br \/>\nRelatore: Carlos Neto de Carvalho (Geoparco Naturtejo \u2013 Portogallo)<br \/>\n\u201cAdamello Brenta Geopark nella rete europea e nel Forum italiano\u201d<br \/>\nRelatore: Giuseppe Alberti (Geopark Adamello Brenta)<br \/>\n\u201cIl Geopark Naturtejo una meraviglia da cui apprendere\u201d<br \/>\nRelatore: Carlos Neto de Carvalho (Geoparco Naturtejo \u2013 Portogallo)<br \/>\n\u201cLivingstone. Progetto interreg Italia Austria: geotrek tra Carinzia, Udine e Comelico \u201d<br \/>\nRelatore: Emiliano Oddone (Dolomiti Project Srl)<br \/>\nOre 16.00\u00a0Sala Workshop<br \/>\nPresentazione della collana: \u201cLa cucina di montagna: ricette e tradizioni delle Dolomiti\u201d di Andrea Bassetti, chef trentino<br \/>\na cura di: Valentina Trentini editore<br \/>\nOre 16.30\u00a0Centro Congressi \u2013 Sala Barel<br \/>\nWorkshop su: \u201cI nostri boschi nell\u2019Anno internazionale delle foreste\u201d<br \/>\na cura di: Cai Belluno<br \/>\nOre 17.00\u00a0Sala Workshop<br \/>\nIncontro con l\u2019autore: Matteo Corona, con presentazione del libro: \u201cNelle mani dell\u2019uomo corvo\u201d \u2013 Edizioni Biblioteca dell\u2019Immagine<br \/>\na cura di: Giulia Raffaelli, giornalista<\/p>\n<p>Domenica 2 ottobre 2011<\/p>\n<p>Ore 10.30\u00a0Sala Workshop<br \/>\nPresentazione del volume: \u201cEmozioni in cammino. In montagna con le famiglie: 50 itinerari dal Garda alle Dolomiti\u201d di Paolo Liserre e Marco Matteotti<br \/>\na cura di: Valentini Trentini editore<br \/>\nOre 10.30\u00a0Padiglione D<br \/>\nConvegno Nazionale Filatelici di Montagna<br \/>\na cura di: Filatelici di Montagna<br \/>\nOre 10.30\u00a0Saletta Geodiversit\u00e0 \u2013 Dolomiti Project<br \/>\nWorkshop: &#8220;LIVE DOLOMITI&#8221; \u2013 TURISMO NATURA E SVILUPPO SOSTENIBILE<br \/>\n\u201cForme di turismo integrato ed ecosostenibile\u201d<br \/>\nRelatore: Luca De Bortoli (Alpinia Itinera \u2013 Tour Operator)<br \/>\n\u201cEducazione ambientale ed ecoturismo nelle Dolomiti: esperienza del Mazarol\u201d<br \/>\nRelatore: Andrea Pasqualotto (Mazarol Cooperativa)<br \/>\n\u201cDolomites adventure\u201d<br \/>\nRelatore: Gianfranco Valagussa (Guida naturalistica)<br \/>\n\u201cIl turismo responsabile di comunit\u00e0:la Val di Rabbi\u201d<br \/>\nRelatore: Filippo Lenzerini (Punto 3 Srl)<br \/>\n\u201cSoggiorni di \u201ccultura attiva\u201d<br \/>\nRelatore: Luca De Bortoli (Alpinia Itinera \u2013 Tour Operator)<br \/>\n\u201cValorizzazione del territorio e sviluppo reddituale\u201d<br \/>\nRelatore: Antonella Tormen (Centro Consorzi &#8211; Sedico)<br \/>\n\u201cQui si mangia tipico, locale e tradizionale: tra agricoltura ricca e cucina povera\u201d<br \/>\nRelatore: Andrea Pasqualotto (Mazarol Cooperativa)<br \/>\n\u201cLa ristorazione incontra la sostenibilit\u00e0\u201d<br \/>\nRelatore: Filippo Lenzerini (Punto 3 Srl)<br \/>\nOre 11.00\u00a0Centro Congressi \u2013 Sala Barel<br \/>\nPresentazione: \u201cI musei delle Dolomiti\u201d<br \/>\na cura di: Reti dei Musei della Provincia di Belluno<br \/>\nOre 11.30\u00a0Sala Workshop<br \/>\nWorkshop su: \u201cVideodrones, controllo e sicurezza vengono dal cielo\u201d<br \/>\na cura di: Flight Tech<\/p>\n<p>&nbsp;<\/p>\n<p>Ore 12.30\u00a0Sala Workshop<br \/>\nSpazio dedicato al Soccorso Alpino Italiano: \u201cAmici \u2026 andati: un ricordo dei ragazzi del Pelmo\u201d<br \/>\na cura di: Soccorso Alpino Italiano<br \/>\nOre 14.30\u00a0Sala Workshop<br \/>\nPresentazione del libro: \u201cIn cava\u201d di Valentina Morassutti e Marco Tonon \u2013 Incontro con l\u2019autore e l\u2019editore<br \/>\na cura di: Campanotto Editore<br \/>\nOre 14.30\u00a0Padiglione D<br \/>\nConferenza Stampa: \u201cLe Maschere delle Dolomiti\u201d &#8211; Mostra itinerante che dal 1988, prima in Europa, porta una rassegna completa del carnevale arcaico dolomitico in giro per il mondo.<br \/>\na cura di: Gianluigi Secco<br \/>\nOre 14.45\u00a0Saletta Geodiversit\u00e0<br \/>\nWorkshop: &#8220;LIVE DOLOMITI&#8221; \u2013 RICERCA PER TUTTI E DIVULGAZIONE SCIENTIFICA<br \/>\n\u201cI segni della vita in Dolomiti nel record geologico\u201d<br \/>\nRelatore: Evelyn Kustatcher (Museo di Scienze naturali di Bolzano)<br \/>\n\u201cIl porfido atesino prodotto 275 Ma. Nell\u2019area vulcanica pi\u00f9 grande d\u2019Europa\u201d<br \/>\nRelatore: Giuseppe Bargossi (Universit\u00e0 di Bologna)<br \/>\n\u201cDue passi con Dino: sulle tracce dei dinosauri delle Dolomiti\u201d<br \/>\nRelatore: Matteo Belvedere (Universit\u00e0 di Padova)<br \/>\nOre 15.00\u00a0Sala Workshop<br \/>\nPresentazione Progetto \u201cDolomiti contemporanee\u201d<br \/>\na cura di: Dolomiti contemporanee<br \/>\nOre 16.00\u00a0Saletta Geodiversit\u00e0 \u2013 Dolomiti Project<br \/>\nWorkshop: &#8220;LIVE DOLOMITI&#8221; \u2013 GEOTURISMO E NUOVE FORME DI VALORIZZAZIONE DEL BENE \u201cCarta del potenziale geoturistico della Valle di San Lucano\u201d<br \/>\nRelatore: Giulia Pizzin (Universit\u00e0 di Ferrara)<br \/>\n\u201cItinerari geologici nel Triveneto\u201d<br \/>\nRelatore: Elena Manfr\u00e8 (Geologa illustratrice)<br \/>\n\u201cNuove opportunit\u00e0 in Dolomiti:il turismo scientifico per tecnici specializzati\u201d<br \/>\nRelatore: Alberto Riva (Geologo)<br \/>\nOre 16.00\u00a0Sala Workshop<br \/>\nWorkshop su: \u201cRuolo delle minoranze linguistiche storiche delle valli dolomitiche: cultura e tradizione verso uno sviluppo compatibile\u201d<br \/>\na cura di: Francesca Larese Filon<br \/>\nOre 17.00\u00a0Padiglione D<br \/>\nPresentazione del libro: \u201cIl Cristo pensante delle Dolomiti:la storia,il trekking e il nordic walking\u201d &#8211; Incontro con l\u2019autore Pino Dellasega<br \/>\na cura di: Valentina Trentini editore<br \/>\nOre 16.20\u00a0Saletta Geodiversit\u00e0 \u2013 Dolomiti Project<br \/>\nWorkshop: &#8220;LIVE DOLOMITI&#8221;- GEOPARCHI EUROPEI (EGN) E ITALIANI<br \/>\n\u201cLa rete europea dei geoparchi EGN\u201d<br \/>\nRelatore: Carlos Neto de Carvalho (Geoparco Naturtejo \u2013 Portogallo)<br \/>\n\u201cAdamello Brenta Geopark nella rete europea e nel Forum italiano\u201d<br \/>\nRelatore: Giuseppe Alberti (Geopark Adamello Brenta)<br \/>\n\u201cIl Geopark Naturtejo una meraviglia da cui apprendere\u201d<br \/>\nRelatore: Carlos Neto de Carvalho (Geoparco Naturtejo \u2013 Portogallo)<br \/>\nOre 18.30\u00a0Chiusura della mostra<\/p>\n<p>&nbsp;<\/p>\n<p>Nel corso della manifestazione si esibiranno cori, gruppi folkloristici e bande musicali secondo il seguente programma:<br \/>\nVenerd\u00ec 30 settembre\u00a0Coro Comelico, Gruppo Folk di Valle di Cadore, Coro Minimo Bellunese e Coro Oio.<br \/>\nSabato 1 ottobre\u00a0Fanfara Alpina di Borsoi, Coro Valboite, Coro Sot La Nape, Gruppo Folk Fodom, Gruppo Folk Ladin del Poi che Bala, Gruppo Folk di Valle di Cadore, Gruppo musicale Primiero.<br \/>\nDomenica 2 ottobre \u00a0Gruppo Folk Legar, Gruppo Folk Canazei, Gruppo Folk Ladini di Selva, Gruppo Folk di Valle di Cadore, Gruppo folokloristico \u201cIl Bassanello\u201d, Marching Band Udine, Coro Rualan di Valle di Cadore, Banda di Ovaro, Artugna Cantori e Danzerini del Friuli.<\/p>\n<p>Nel corso della manifestazione saranno attivi:<br \/>\nLaboratorio permanente di attivit\u00e0 manipolative e creative per grandi e piccini a cura di Vincenzina Dorigo Orio, autrice del libro &#8220;CREARE SULLE DOLOMITI ispirandosi a natura, leggenda e tradizione&#8221; Orio Editore. Il libro esce\u00a0e verr\u00e0 presentato per la prima volta in occasione della prima edizione dell&#8217;Expo delle Dolomiti patrimonio dell&#8217;umanit\u00e0 nel padiglione D.<br \/>\nLaboratorio permanente a cura dell\u2019Associazione Selaluna e della Biblioteca di Forno di Zoldo sul tema \u201cI boschi narranti\u201d.<br \/>\nNella saletta d\u2019ingresso si potr\u00e0, infine, apprezzare per tutti e tre i giorni la proiezione del film \u201cIl gigante delle Dolomiti\u201d, prima pellicola in cui si possono apprezzare i paesaggi delle Dolomiti.<\/p>\n<p>&nbsp;<\/p>\n<p>&nbsp;<\/p>\n<p>&nbsp;<\/p>","protected":false},"excerpt":{"rendered":"<p>Expo delle Dolomiti Patrimonio dell\u2019Umanit\u00e0: la prima edizione a Longarone Fiere dal 30 settembre al 2 ottobre Expo delle Dolomiti Patrimonio dell\u2019Umanit\u00e0 presenta due connotazioni: una emozionale, informativa ed educativa e un\u2019altra pi\u00f9 divulgativa e commerciale. Nel complesso, chi accede nei padiglioni viene arricchito prima da particolari sensazioni e poi, con queste nell\u2019animo, \u00e8 invitato [&hellip;]<\/p>\n","protected":false},"author":2,"featured_media":0,"comment_status":"closed","ping_status":"open","sticky":false,"template":"","format":"standard","meta":{"footnotes":""},"categories":[27,25],"tags":[],"class_list":["post-30980","post","type-post","status-publish","format-standard","category-appuntamenti","category-pausa-caffe"],"yoast_head":"<!-- This site is optimized with the Yoast SEO plugin v28.4 - https:\/\/yoast.com\/product\/yoast-seo-wordpress\/ -->\n<title>Longarone fiere: il programma completo di Expo Dolomiti  - Bellunopress - Dolomiti<\/title>\n<meta name=\"robots\" content=\"index, follow, max-snippet:-1, max-image-preview:large, max-video-preview:-1\" \/>\n<link rel=\"canonical\" href=\"https:\/\/www.bellunopress.it\/fr\/2011\/09\/28\/longarone-fiere-il-programma-completo-di-expo-dolomiti\/\" \/>\n<meta property=\"og:locale\" content=\"fr_FR\" \/>\n<meta property=\"og:type\" content=\"article\" \/>\n<meta property=\"og:title\" content=\"Longarone fiere: il programma completo di Expo Dolomiti  - Bellunopress - Dolomiti\" \/>\n<meta property=\"og:description\" content=\"Expo delle Dolomiti Patrimonio dell\u2019Umanit\u00e0: la prima edizione a Longarone Fiere dal 30 settembre al 2 ottobre Expo delle Dolomiti Patrimonio dell\u2019Umanit\u00e0 presenta due connotazioni: una emozionale, informativa ed educativa e un\u2019altra pi\u00f9 divulgativa e commerciale. Nel complesso, chi accede nei padiglioni viene arricchito prima da particolari sensazioni e poi, con queste nell\u2019animo, \u00e8 invitato [&hellip;]\" \/>\n<meta property=\"og:url\" content=\"https:\/\/www.bellunopress.it\/fr\/2011\/09\/28\/longarone-fiere-il-programma-completo-di-expo-dolomiti\/\" \/>\n<meta property=\"og:site_name\" content=\"Bellunopress - Dolomiti\" \/>\n<meta property=\"article:publisher\" content=\"https:\/\/www.facebook.com\/profile.php?id=100008943462799\" \/>\n<meta property=\"article:published_time\" content=\"2011-09-28T18:53:30+00:00\" \/>\n<meta property=\"article:modified_time\" content=\"2011-09-28T18:53:55+00:00\" \/>\n<meta property=\"og:image\" content=\"http:\/\/www.bellunopress.it\/wp-content\/uploads\/2012\/07\/logo-bellunopress-250x250-2012.jpg\" \/>\n<meta name=\"author\" content=\"redazione\" \/>\n<meta name=\"twitter:card\" content=\"summary_large_image\" \/>\n<meta name=\"twitter:creator\" content=\"@bellunopress\" \/>\n<meta name=\"twitter:site\" content=\"@bellunopress\" \/>\n<meta name=\"twitter:label1\" content=\"\u00c9crit par\" \/>\n\t<meta name=\"twitter:data1\" content=\"redazione\" \/>\n\t<meta name=\"twitter:label2\" content=\"Dur\u00e9e de lecture estim\u00e9e\" \/>\n\t<meta name=\"twitter:data2\" content=\"13 minutes\" \/>\n<script type=\"application\/ld+json\" class=\"yoast-schema-graph\">{\"@context\":\"https:\\\/\\\/schema.org\",\"@graph\":[{\"@type\":\"Article\",\"@id\":\"https:\\\/\\\/www.bellunopress.it\\\/2011\\\/09\\\/28\\\/longarone-fiere-il-programma-completo-di-expo-dolomiti\\\/#article\",\"isPartOf\":{\"@id\":\"https:\\\/\\\/www.bellunopress.it\\\/2011\\\/09\\\/28\\\/longarone-fiere-il-programma-completo-di-expo-dolomiti\\\/\"},\"author\":{\"name\":\"redazione\",\"@id\":\"https:\\\/\\\/www.bellunopress.it\\\/#\\\/schema\\\/person\\\/79bb06722b37ece1c03d3e94beb30d73\"},\"headline\":\"Longarone fiere: il programma completo di Expo Dolomiti\",\"datePublished\":\"2011-09-28T18:53:30+00:00\",\"dateModified\":\"2011-09-28T18:53:55+00:00\",\"mainEntityOfPage\":{\"@id\":\"https:\\\/\\\/www.bellunopress.it\\\/2011\\\/09\\\/28\\\/longarone-fiere-il-programma-completo-di-expo-dolomiti\\\/\"},\"wordCount\":2604,\"publisher\":{\"@id\":\"https:\\\/\\\/www.bellunopress.it\\\/#organization\"},\"articleSection\":[\"Appuntamenti, Eventi\",\"Pausa Caff\u00e8\"],\"inLanguage\":\"fr-FR\"},{\"@type\":\"WebPage\",\"@id\":\"https:\\\/\\\/www.bellunopress.it\\\/2011\\\/09\\\/28\\\/longarone-fiere-il-programma-completo-di-expo-dolomiti\\\/\",\"url\":\"https:\\\/\\\/www.bellunopress.it\\\/2011\\\/09\\\/28\\\/longarone-fiere-il-programma-completo-di-expo-dolomiti\\\/\",\"name\":\"Longarone fiere: il programma completo di Expo Dolomiti - Bellunopress - Dolomiti\",\"isPartOf\":{\"@id\":\"https:\\\/\\\/www.bellunopress.it\\\/#website\"},\"datePublished\":\"2011-09-28T18:53:30+00:00\",\"dateModified\":\"2011-09-28T18:53:55+00:00\",\"breadcrumb\":{\"@id\":\"https:\\\/\\\/www.bellunopress.it\\\/2011\\\/09\\\/28\\\/longarone-fiere-il-programma-completo-di-expo-dolomiti\\\/#breadcrumb\"},\"inLanguage\":\"fr-FR\",\"potentialAction\":[{\"@type\":\"ReadAction\",\"target\":[\"https:\\\/\\\/www.bellunopress.it\\\/2011\\\/09\\\/28\\\/longarone-fiere-il-programma-completo-di-expo-dolomiti\\\/\"]}]},{\"@type\":\"BreadcrumbList\",\"@id\":\"https:\\\/\\\/www.bellunopress.it\\\/2011\\\/09\\\/28\\\/longarone-fiere-il-programma-completo-di-expo-dolomiti\\\/#breadcrumb\",\"itemListElement\":[{\"@type\":\"ListItem\",\"position\":1,\"name\":\"Home\",\"item\":\"https:\\\/\\\/www.bellunopress.it\\\/\"},{\"@type\":\"ListItem\",\"position\":2,\"name\":\"Longarone fiere: il programma completo di Expo Dolomiti\"}]},{\"@type\":\"WebSite\",\"@id\":\"https:\\\/\\\/www.bellunopress.it\\\/#website\",\"url\":\"https:\\\/\\\/www.bellunopress.it\\\/\",\"name\":\"Bellunopress - Dolomiti\",\"description\":\"e-mail: redazione@bellunopress.it\",\"publisher\":{\"@id\":\"https:\\\/\\\/www.bellunopress.it\\\/#organization\"},\"potentialAction\":[{\"@type\":\"SearchAction\",\"target\":{\"@type\":\"EntryPoint\",\"urlTemplate\":\"https:\\\/\\\/www.bellunopress.it\\\/?s={search_term_string}\"},\"query-input\":{\"@type\":\"PropertyValueSpecification\",\"valueRequired\":true,\"valueName\":\"search_term_string\"}}],\"inLanguage\":\"fr-FR\"},{\"@type\":\"Organization\",\"@id\":\"https:\\\/\\\/www.bellunopress.it\\\/#organization\",\"name\":\"Bellunopress\",\"url\":\"https:\\\/\\\/www.bellunopress.it\\\/\",\"logo\":{\"@type\":\"ImageObject\",\"inLanguage\":\"fr-FR\",\"@id\":\"https:\\\/\\\/www.bellunopress.it\\\/#\\\/schema\\\/logo\\\/image\\\/\",\"url\":\"https:\\\/\\\/www.bellunopress.it\\\/wp-content\\\/uploads\\\/2011\\\/05\\\/cropped-logo-bellunopress-.jpg\",\"contentUrl\":\"https:\\\/\\\/www.bellunopress.it\\\/wp-content\\\/uploads\\\/2011\\\/05\\\/cropped-logo-bellunopress-.jpg\",\"width\":512,\"height\":512,\"caption\":\"Bellunopress\"},\"image\":{\"@id\":\"https:\\\/\\\/www.bellunopress.it\\\/#\\\/schema\\\/logo\\\/image\\\/\"},\"sameAs\":[\"https:\\\/\\\/www.facebook.com\\\/profile.php?id=100008943462799\",\"https:\\\/\\\/x.com\\\/bellunopress\",\"https:\\\/\\\/www.linkedin.com\\\/hp\\\/?dnr=JBzUWaJfMUw8vbXJJ2tVW5-I3jZKvC4wsoxE&amp;amp;amp;amp;amp;amp;trk=nav_responsive_tab_home\",\"https:\\\/\\\/www.youtube.com\\\/channel\\\/UCxL0wu1uN0_3_7hGG0306cw\"]},{\"@type\":\"Person\",\"@id\":\"https:\\\/\\\/www.bellunopress.it\\\/#\\\/schema\\\/person\\\/79bb06722b37ece1c03d3e94beb30d73\",\"name\":\"redazione\",\"image\":{\"@type\":\"ImageObject\",\"inLanguage\":\"fr-FR\",\"@id\":\"https:\\\/\\\/secure.gravatar.com\\\/avatar\\\/37d968a2e67a6fd04c169c4bdef102d0bc5d31b2546345219e348575eb80e9a0?s=96&d=mm&r=g\",\"url\":\"https:\\\/\\\/secure.gravatar.com\\\/avatar\\\/37d968a2e67a6fd04c169c4bdef102d0bc5d31b2546345219e348575eb80e9a0?s=96&d=mm&r=g\",\"contentUrl\":\"https:\\\/\\\/secure.gravatar.com\\\/avatar\\\/37d968a2e67a6fd04c169c4bdef102d0bc5d31b2546345219e348575eb80e9a0?s=96&d=mm&r=g\",\"caption\":\"redazione\"},\"sameAs\":[\"http:\\\/\\\/www.bellunopress.it\",\"https:\\\/\\\/x.com\\\/bellunopress\"],\"url\":\"https:\\\/\\\/www.bellunopress.it\\\/fr\\\/author\\\/redazione\\\/\"}]}<\/script>\n<!-- \/ Yoast SEO plugin. -->","yoast_head_json":{"title":"Longarone fiere: il programma completo di Expo Dolomiti  - Bellunopress - Dolomiti","robots":{"index":"index","follow":"follow","max-snippet":"max-snippet:-1","max-image-preview":"max-image-preview:large","max-video-preview":"max-video-preview:-1"},"canonical":"https:\/\/www.bellunopress.it\/fr\/2011\/09\/28\/longarone-fiere-il-programma-completo-di-expo-dolomiti\/","og_locale":"fr_FR","og_type":"article","og_title":"Longarone fiere: il programma completo di Expo Dolomiti  - Bellunopress - Dolomiti","og_description":"Expo delle Dolomiti Patrimonio dell\u2019Umanit\u00e0: la prima edizione a Longarone Fiere dal 30 settembre al 2 ottobre Expo delle Dolomiti Patrimonio dell\u2019Umanit\u00e0 presenta due connotazioni: una emozionale, informativa ed educativa e un\u2019altra pi\u00f9 divulgativa e commerciale. Nel complesso, chi accede nei padiglioni viene arricchito prima da particolari sensazioni e poi, con queste nell\u2019animo, \u00e8 invitato [&hellip;]","og_url":"https:\/\/www.bellunopress.it\/fr\/2011\/09\/28\/longarone-fiere-il-programma-completo-di-expo-dolomiti\/","og_site_name":"Bellunopress - Dolomiti","article_publisher":"https:\/\/www.facebook.com\/profile.php?id=100008943462799","article_published_time":"2011-09-28T18:53:30+00:00","article_modified_time":"2011-09-28T18:53:55+00:00","og_image":[{"url":"http:\/\/www.bellunopress.it\/wp-content\/uploads\/2012\/07\/logo-bellunopress-250x250-2012.jpg","type":"","width":"","height":""}],"author":"redazione","twitter_card":"summary_large_image","twitter_creator":"@bellunopress","twitter_site":"@bellunopress","twitter_misc":{"\u00c9crit par":"redazione","Dur\u00e9e de lecture estim\u00e9e":"13 minutes"},"schema":{"@context":"https:\/\/schema.org","@graph":[{"@type":"Article","@id":"https:\/\/www.bellunopress.it\/2011\/09\/28\/longarone-fiere-il-programma-completo-di-expo-dolomiti\/#article","isPartOf":{"@id":"https:\/\/www.bellunopress.it\/2011\/09\/28\/longarone-fiere-il-programma-completo-di-expo-dolomiti\/"},"author":{"name":"redazione","@id":"https:\/\/www.bellunopress.it\/#\/schema\/person\/79bb06722b37ece1c03d3e94beb30d73"},"headline":"Longarone fiere: il programma completo di Expo Dolomiti","datePublished":"2011-09-28T18:53:30+00:00","dateModified":"2011-09-28T18:53:55+00:00","mainEntityOfPage":{"@id":"https:\/\/www.bellunopress.it\/2011\/09\/28\/longarone-fiere-il-programma-completo-di-expo-dolomiti\/"},"wordCount":2604,"publisher":{"@id":"https:\/\/www.bellunopress.it\/#organization"},"articleSection":["Appuntamenti, Eventi","Pausa Caff\u00e8"],"inLanguage":"fr-FR"},{"@type":"WebPage","@id":"https:\/\/www.bellunopress.it\/2011\/09\/28\/longarone-fiere-il-programma-completo-di-expo-dolomiti\/","url":"https:\/\/www.bellunopress.it\/2011\/09\/28\/longarone-fiere-il-programma-completo-di-expo-dolomiti\/","name":"Longarone fiere: il programma completo di Expo Dolomiti - Bellunopress - Dolomiti","isPartOf":{"@id":"https:\/\/www.bellunopress.it\/#website"},"datePublished":"2011-09-28T18:53:30+00:00","dateModified":"2011-09-28T18:53:55+00:00","breadcrumb":{"@id":"https:\/\/www.bellunopress.it\/2011\/09\/28\/longarone-fiere-il-programma-completo-di-expo-dolomiti\/#breadcrumb"},"inLanguage":"fr-FR","potentialAction":[{"@type":"ReadAction","target":["https:\/\/www.bellunopress.it\/2011\/09\/28\/longarone-fiere-il-programma-completo-di-expo-dolomiti\/"]}]},{"@type":"BreadcrumbList","@id":"https:\/\/www.bellunopress.it\/2011\/09\/28\/longarone-fiere-il-programma-completo-di-expo-dolomiti\/#breadcrumb","itemListElement":[{"@type":"ListItem","position":1,"name":"Home","item":"https:\/\/www.bellunopress.it\/"},{"@type":"ListItem","position":2,"name":"Longarone fiere: il programma completo di Expo Dolomiti"}]},{"@type":"WebSite","@id":"https:\/\/www.bellunopress.it\/#website","url":"https:\/\/www.bellunopress.it\/","name":"Bellunopress - Dolomiti","description":"e-mail: redazione@bellunopress.it","publisher":{"@id":"https:\/\/www.bellunopress.it\/#organization"},"potentialAction":[{"@type":"SearchAction","target":{"@type":"EntryPoint","urlTemplate":"https:\/\/www.bellunopress.it\/?s={search_term_string}"},"query-input":{"@type":"PropertyValueSpecification","valueRequired":true,"valueName":"search_term_string"}}],"inLanguage":"fr-FR"},{"@type":"Organization","@id":"https:\/\/www.bellunopress.it\/#organization","name":"Bellunopress","url":"https:\/\/www.bellunopress.it\/","logo":{"@type":"ImageObject","inLanguage":"fr-FR","@id":"https:\/\/www.bellunopress.it\/#\/schema\/logo\/image\/","url":"https:\/\/www.bellunopress.it\/wp-content\/uploads\/2011\/05\/cropped-logo-bellunopress-.jpg","contentUrl":"https:\/\/www.bellunopress.it\/wp-content\/uploads\/2011\/05\/cropped-logo-bellunopress-.jpg","width":512,"height":512,"caption":"Bellunopress"},"image":{"@id":"https:\/\/www.bellunopress.it\/#\/schema\/logo\/image\/"},"sameAs":["https:\/\/www.facebook.com\/profile.php?id=100008943462799","https:\/\/x.com\/bellunopress","https:\/\/www.linkedin.com\/hp\/?dnr=JBzUWaJfMUw8vbXJJ2tVW5-I3jZKvC4wsoxE&amp;amp;amp;amp;amp;amp;trk=nav_responsive_tab_home","https:\/\/www.youtube.com\/channel\/UCxL0wu1uN0_3_7hGG0306cw"]},{"@type":"Person","@id":"https:\/\/www.bellunopress.it\/#\/schema\/person\/79bb06722b37ece1c03d3e94beb30d73","name":"r\u00e9daction","image":{"@type":"ImageObject","inLanguage":"fr-FR","@id":"https:\/\/secure.gravatar.com\/avatar\/37d968a2e67a6fd04c169c4bdef102d0bc5d31b2546345219e348575eb80e9a0?s=96&d=mm&r=g","url":"https:\/\/secure.gravatar.com\/avatar\/37d968a2e67a6fd04c169c4bdef102d0bc5d31b2546345219e348575eb80e9a0?s=96&d=mm&r=g","contentUrl":"https:\/\/secure.gravatar.com\/avatar\/37d968a2e67a6fd04c169c4bdef102d0bc5d31b2546345219e348575eb80e9a0?s=96&d=mm&r=g","caption":"redazione"},"sameAs":["http:\/\/www.bellunopress.it","https:\/\/x.com\/bellunopress"],"url":"https:\/\/www.bellunopress.it\/fr\/author\/redazione\/"}]}},"_links":{"self":[{"href":"https:\/\/www.bellunopress.it\/fr\/wp-json\/wp\/v2\/posts\/30980","targetHints":{"allow":["GET"]}}],"collection":[{"href":"https:\/\/www.bellunopress.it\/fr\/wp-json\/wp\/v2\/posts"}],"about":[{"href":"https:\/\/www.bellunopress.it\/fr\/wp-json\/wp\/v2\/types\/post"}],"author":[{"embeddable":true,"href":"https:\/\/www.bellunopress.it\/fr\/wp-json\/wp\/v2\/users\/2"}],"replies":[{"embeddable":true,"href":"https:\/\/www.bellunopress.it\/fr\/wp-json\/wp\/v2\/comments?post=30980"}],"version-history":[{"count":2,"href":"https:\/\/www.bellunopress.it\/fr\/wp-json\/wp\/v2\/posts\/30980\/revisions"}],"predecessor-version":[{"id":30982,"href":"https:\/\/www.bellunopress.it\/fr\/wp-json\/wp\/v2\/posts\/30980\/revisions\/30982"}],"wp:attachment":[{"href":"https:\/\/www.bellunopress.it\/fr\/wp-json\/wp\/v2\/media?parent=30980"}],"wp:term":[{"taxonomy":"category","embeddable":true,"href":"https:\/\/www.bellunopress.it\/fr\/wp-json\/wp\/v2\/categories?post=30980"},{"taxonomy":"post_tag","embeddable":true,"href":"https:\/\/www.bellunopress.it\/fr\/wp-json\/wp\/v2\/tags?post=30980"}],"curies":[{"name":"wp","href":"https:\/\/api.w.org\/{rel}","templated":true}]}}