{"id":30963,"date":"2011-09-28T20:07:27","date_gmt":"2011-09-28T19:07:27","guid":{"rendered":"http:\/\/www.bellunopress.it\/?p=30963"},"modified":"2011-09-27T20:10:52","modified_gmt":"2011-09-27T19:10:52","slug":"incontri-con-lautore-venerdi-lorella-de-bon-presenta-la-raccolta-di-poesie-il-sospetto-di-vivere","status":"publish","type":"post","link":"https:\/\/www.bellunopress.it\/fr\/2011\/09\/28\/incontri-con-lautore-venerdi-lorella-de-bon-presenta-la-raccolta-di-poesie-il-sospetto-di-vivere\/","title":{"rendered":"Incontri con l&#8217;autore. Venerd\u00ec Lorella De Bon presenta la raccolta di poesie &#8220;Il Sospetto di vivere&#8221;"},"content":{"rendered":"<p>Venerdi 30 settembre alle ore 18.30, alla Libreria Mondolibri di via Mezzaterra a Belluno, la poetessa bellunese Lorella De Bon presenter\u00e0 la sua raccolta di poesie , Il sospetto di vivere, (edizioni Albalibri).<\/p>\n<figure id=\"attachment_30964\" aria-describedby=\"caption-attachment-30964\" style=\"width: 111px\" class=\"wp-caption alignleft\"><a href=\"http:\/\/www.bellunopress.it\/wp-content\/uploads\/2011\/09\/Lorella-De-Bon.jpg\"><img loading=\"lazy\" decoding=\"async\" class=\"size-full wp-image-30964\" title=\"Lorella De Bon\" src=\"http:\/\/www.bellunopress.it\/wp-content\/uploads\/2011\/09\/Lorella-De-Bon.jpg\" alt=\"\" width=\"111\" height=\"170\" \/><\/a><figcaption id=\"caption-attachment-30964\" class=\"wp-caption-text\">Lorella De Bon<\/figcaption><\/figure>\n<p>L&#8217;incontro \u00e8\u00a0 organizzato dall&#8217;Associazione Culturale Verba Volant in collaborazione con la casa editrice Albalibri e la libreria Mondolibri.<br \/>\nDopo l&#8217;introduzione di Mirta Amanda Barbonetti, presidente dell&#8217;Associazione Verba Volant, seguiranno gli interventi dell&#8217;editore di Alba libri, il poeta albanese \u00c7lirim Mu\u00e7a\u00a0 ed il\u00a0 giornalista Alberto Figliolia.<br \/>\nIntermezzi musicali: Marco Valentino- Letture poetiche:Enrico Gasperi\u00a0 (associazione verba volant).<br \/>\nLorella De Bon, bellunese, dopo aver curato due antologie poetiche dedicate a Alda Merini, ha pubblicato nel 2010, con l&#8217;amico Patrizio Pacioni, Delitti e diletti, compilation di sette racconti gialli.\u00a0 Con il sospetto di vivere, \u00e8 alla sua prima raccolta di poesie, scritte in sette anni, tra il 2004 e il 2011, e pubblicate con Albalibri, casa editrice nata a Milano, nel 2005 da un&#8217;idea del poeta e scrittore albanese \u00c7lirim Mu\u00e7a. Scrive attualmente recensioni per il sito L&#8217;abile Traccia.<br \/>\nIL Sospetto di vivere, una raccolta dalle tematiche solo apparentemente legate alla vita\u00a0 quotidiana, espresse con una\u00a0 ricerca\u00a0 stilistica elaborata e raffinata con guizzi semantici originalissimi,dedicata a ricordi dell&#8217;infanzia, vita quotidiana,\u00a0 emozioni che la natura sempre riesce a darci.<\/p>\n<p>&nbsp;<\/p>","protected":false},"excerpt":{"rendered":"<p>Venerdi 30 settembre alle ore 18.30, alla Libreria Mondolibri di via Mezzaterra a Belluno, la poetessa bellunese Lorella De Bon presenter\u00e0 la sua raccolta di poesie , Il sospetto di vivere, (edizioni Albalibri). L&#8217;incontro \u00e8\u00a0 organizzato dall&#8217;Associazione Culturale Verba Volant in collaborazione con la casa editrice Albalibri e la libreria Mondolibri. Dopo l&#8217;introduzione di Mirta [&hellip;]<\/p>\n","protected":false},"author":2,"featured_media":0,"comment_status":"closed","ping_status":"open","sticky":false,"template":"","format":"standard","meta":{"footnotes":""},"categories":[27,3,25],"tags":[],"class_list":["post-30963","post","type-post","status-publish","format-standard","category-appuntamenti","category-arte-cultura-spettacoli-scienza-archivi","category-pausa-caffe"],"yoast_head":"<!-- This site is optimized with the Yoast SEO plugin v28.4 - https:\/\/yoast.com\/product\/yoast-seo-wordpress\/ -->\n<title>Incontri con l&#039;autore. Venerd\u00ec Lorella De Bon presenta la raccolta di poesie &quot;Il Sospetto di vivere&quot; - Bellunopress - Dolomiti<\/title>\n<meta name=\"robots\" content=\"index, follow, max-snippet:-1, max-image-preview:large, max-video-preview:-1\" \/>\n<link rel=\"canonical\" href=\"https:\/\/www.bellunopress.it\/fr\/2011\/09\/28\/incontri-con-lautore-venerdi-lorella-de-bon-presenta-la-raccolta-di-poesie-il-sospetto-di-vivere\/\" \/>\n<meta property=\"og:locale\" content=\"fr_FR\" \/>\n<meta property=\"og:type\" content=\"article\" \/>\n<meta property=\"og:title\" content=\"Incontri con l&#039;autore. Venerd\u00ec Lorella De Bon presenta la raccolta di poesie &quot;Il Sospetto di vivere&quot; - Bellunopress - Dolomiti\" \/>\n<meta property=\"og:description\" content=\"Venerdi 30 settembre alle ore 18.30, alla Libreria Mondolibri di via Mezzaterra a Belluno, la poetessa bellunese Lorella De Bon presenter\u00e0 la sua raccolta di poesie , Il sospetto di vivere, (edizioni Albalibri). L&#8217;incontro \u00e8\u00a0 organizzato dall&#8217;Associazione Culturale Verba Volant in collaborazione con la casa editrice Albalibri e la libreria Mondolibri. Dopo l&#8217;introduzione di Mirta [&hellip;]\" \/>\n<meta property=\"og:url\" content=\"https:\/\/www.bellunopress.it\/fr\/2011\/09\/28\/incontri-con-lautore-venerdi-lorella-de-bon-presenta-la-raccolta-di-poesie-il-sospetto-di-vivere\/\" \/>\n<meta property=\"og:site_name\" content=\"Bellunopress - Dolomiti\" \/>\n<meta property=\"article:publisher\" content=\"https:\/\/www.facebook.com\/profile.php?id=100008943462799\" \/>\n<meta property=\"article:published_time\" content=\"2011-09-28T19:07:27+00:00\" \/>\n<meta property=\"og:image\" content=\"http:\/\/www.bellunopress.it\/wp-content\/uploads\/2011\/09\/Lorella-De-Bon.jpg\" \/>\n<meta name=\"author\" content=\"redazione\" \/>\n<meta name=\"twitter:card\" content=\"summary_large_image\" \/>\n<meta name=\"twitter:creator\" content=\"@bellunopress\" \/>\n<meta name=\"twitter:site\" content=\"@bellunopress\" \/>\n<meta name=\"twitter:label1\" content=\"\u00c9crit par\" \/>\n\t<meta name=\"twitter:data1\" content=\"redazione\" \/>\n\t<meta name=\"twitter:label2\" content=\"Dur\u00e9e de lecture estim\u00e9e\" \/>\n\t<meta name=\"twitter:data2\" content=\"1 minute\" \/>\n<script type=\"application\/ld+json\" class=\"yoast-schema-graph\">{\"@context\":\"https:\\\/\\\/schema.org\",\"@graph\":[{\"@type\":\"Article\",\"@id\":\"https:\\\/\\\/www.bellunopress.it\\\/2011\\\/09\\\/28\\\/incontri-con-lautore-venerdi-lorella-de-bon-presenta-la-raccolta-di-poesie-il-sospetto-di-vivere\\\/#article\",\"isPartOf\":{\"@id\":\"https:\\\/\\\/www.bellunopress.it\\\/2011\\\/09\\\/28\\\/incontri-con-lautore-venerdi-lorella-de-bon-presenta-la-raccolta-di-poesie-il-sospetto-di-vivere\\\/\"},\"author\":{\"name\":\"redazione\",\"@id\":\"https:\\\/\\\/www.bellunopress.it\\\/#\\\/schema\\\/person\\\/79bb06722b37ece1c03d3e94beb30d73\"},\"headline\":\"Incontri con l&#8217;autore. Venerd\u00ec Lorella De Bon presenta la raccolta di poesie &#8220;Il Sospetto di vivere&#8221;\",\"datePublished\":\"2011-09-28T19:07:27+00:00\",\"mainEntityOfPage\":{\"@id\":\"https:\\\/\\\/www.bellunopress.it\\\/2011\\\/09\\\/28\\\/incontri-con-lautore-venerdi-lorella-de-bon-presenta-la-raccolta-di-poesie-il-sospetto-di-vivere\\\/\"},\"wordCount\":240,\"publisher\":{\"@id\":\"https:\\\/\\\/www.bellunopress.it\\\/#organization\"},\"image\":{\"@id\":\"https:\\\/\\\/www.bellunopress.it\\\/2011\\\/09\\\/28\\\/incontri-con-lautore-venerdi-lorella-de-bon-presenta-la-raccolta-di-poesie-il-sospetto-di-vivere\\\/#primaryimage\"},\"thumbnailUrl\":\"http:\\\/\\\/www.bellunopress.it\\\/wp-content\\\/uploads\\\/2011\\\/09\\\/Lorella-De-Bon.jpg\",\"articleSection\":[\"Appuntamenti, Eventi\",\"Arte, Cultura, Spettacoli, Scienza\",\"Pausa Caff\u00e8\"],\"inLanguage\":\"fr-FR\"},{\"@type\":\"WebPage\",\"@id\":\"https:\\\/\\\/www.bellunopress.it\\\/2011\\\/09\\\/28\\\/incontri-con-lautore-venerdi-lorella-de-bon-presenta-la-raccolta-di-poesie-il-sospetto-di-vivere\\\/\",\"url\":\"https:\\\/\\\/www.bellunopress.it\\\/2011\\\/09\\\/28\\\/incontri-con-lautore-venerdi-lorella-de-bon-presenta-la-raccolta-di-poesie-il-sospetto-di-vivere\\\/\",\"name\":\"Incontri con l'autore. Venerd\u00ec Lorella De Bon presenta la raccolta di poesie \\\"Il Sospetto di vivere\\\" - Bellunopress - Dolomiti\",\"isPartOf\":{\"@id\":\"https:\\\/\\\/www.bellunopress.it\\\/#website\"},\"primaryImageOfPage\":{\"@id\":\"https:\\\/\\\/www.bellunopress.it\\\/2011\\\/09\\\/28\\\/incontri-con-lautore-venerdi-lorella-de-bon-presenta-la-raccolta-di-poesie-il-sospetto-di-vivere\\\/#primaryimage\"},\"image\":{\"@id\":\"https:\\\/\\\/www.bellunopress.it\\\/2011\\\/09\\\/28\\\/incontri-con-lautore-venerdi-lorella-de-bon-presenta-la-raccolta-di-poesie-il-sospetto-di-vivere\\\/#primaryimage\"},\"thumbnailUrl\":\"http:\\\/\\\/www.bellunopress.it\\\/wp-content\\\/uploads\\\/2011\\\/09\\\/Lorella-De-Bon.jpg\",\"datePublished\":\"2011-09-28T19:07:27+00:00\",\"breadcrumb\":{\"@id\":\"https:\\\/\\\/www.bellunopress.it\\\/2011\\\/09\\\/28\\\/incontri-con-lautore-venerdi-lorella-de-bon-presenta-la-raccolta-di-poesie-il-sospetto-di-vivere\\\/#breadcrumb\"},\"inLanguage\":\"fr-FR\",\"potentialAction\":[{\"@type\":\"ReadAction\",\"target\":[\"https:\\\/\\\/www.bellunopress.it\\\/2011\\\/09\\\/28\\\/incontri-con-lautore-venerdi-lorella-de-bon-presenta-la-raccolta-di-poesie-il-sospetto-di-vivere\\\/\"]}]},{\"@type\":\"ImageObject\",\"inLanguage\":\"fr-FR\",\"@id\":\"https:\\\/\\\/www.bellunopress.it\\\/2011\\\/09\\\/28\\\/incontri-con-lautore-venerdi-lorella-de-bon-presenta-la-raccolta-di-poesie-il-sospetto-di-vivere\\\/#primaryimage\",\"url\":\"http:\\\/\\\/www.bellunopress.it\\\/wp-content\\\/uploads\\\/2011\\\/09\\\/Lorella-De-Bon.jpg\",\"contentUrl\":\"http:\\\/\\\/www.bellunopress.it\\\/wp-content\\\/uploads\\\/2011\\\/09\\\/Lorella-De-Bon.jpg\"},{\"@type\":\"BreadcrumbList\",\"@id\":\"https:\\\/\\\/www.bellunopress.it\\\/2011\\\/09\\\/28\\\/incontri-con-lautore-venerdi-lorella-de-bon-presenta-la-raccolta-di-poesie-il-sospetto-di-vivere\\\/#breadcrumb\",\"itemListElement\":[{\"@type\":\"ListItem\",\"position\":1,\"name\":\"Home\",\"item\":\"https:\\\/\\\/www.bellunopress.it\\\/\"},{\"@type\":\"ListItem\",\"position\":2,\"name\":\"Incontri con l&#8217;autore. Venerd\u00ec Lorella De Bon presenta la raccolta di poesie &#8220;Il Sospetto di vivere&#8221;\"}]},{\"@type\":\"WebSite\",\"@id\":\"https:\\\/\\\/www.bellunopress.it\\\/#website\",\"url\":\"https:\\\/\\\/www.bellunopress.it\\\/\",\"name\":\"Bellunopress - Dolomiti\",\"description\":\"e-mail: redazione@bellunopress.it\",\"publisher\":{\"@id\":\"https:\\\/\\\/www.bellunopress.it\\\/#organization\"},\"potentialAction\":[{\"@type\":\"SearchAction\",\"target\":{\"@type\":\"EntryPoint\",\"urlTemplate\":\"https:\\\/\\\/www.bellunopress.it\\\/?s={search_term_string}\"},\"query-input\":{\"@type\":\"PropertyValueSpecification\",\"valueRequired\":true,\"valueName\":\"search_term_string\"}}],\"inLanguage\":\"fr-FR\"},{\"@type\":\"Organization\",\"@id\":\"https:\\\/\\\/www.bellunopress.it\\\/#organization\",\"name\":\"Bellunopress\",\"url\":\"https:\\\/\\\/www.bellunopress.it\\\/\",\"logo\":{\"@type\":\"ImageObject\",\"inLanguage\":\"fr-FR\",\"@id\":\"https:\\\/\\\/www.bellunopress.it\\\/#\\\/schema\\\/logo\\\/image\\\/\",\"url\":\"https:\\\/\\\/www.bellunopress.it\\\/wp-content\\\/uploads\\\/2011\\\/05\\\/cropped-logo-bellunopress-.jpg\",\"contentUrl\":\"https:\\\/\\\/www.bellunopress.it\\\/wp-content\\\/uploads\\\/2011\\\/05\\\/cropped-logo-bellunopress-.jpg\",\"width\":512,\"height\":512,\"caption\":\"Bellunopress\"},\"image\":{\"@id\":\"https:\\\/\\\/www.bellunopress.it\\\/#\\\/schema\\\/logo\\\/image\\\/\"},\"sameAs\":[\"https:\\\/\\\/www.facebook.com\\\/profile.php?id=100008943462799\",\"https:\\\/\\\/x.com\\\/bellunopress\",\"https:\\\/\\\/www.linkedin.com\\\/hp\\\/?dnr=JBzUWaJfMUw8vbXJJ2tVW5-I3jZKvC4wsoxE&amp;amp;amp;amp;amp;amp;trk=nav_responsive_tab_home\",\"https:\\\/\\\/www.youtube.com\\\/channel\\\/UCxL0wu1uN0_3_7hGG0306cw\"]},{\"@type\":\"Person\",\"@id\":\"https:\\\/\\\/www.bellunopress.it\\\/#\\\/schema\\\/person\\\/79bb06722b37ece1c03d3e94beb30d73\",\"name\":\"redazione\",\"image\":{\"@type\":\"ImageObject\",\"inLanguage\":\"fr-FR\",\"@id\":\"https:\\\/\\\/secure.gravatar.com\\\/avatar\\\/37d968a2e67a6fd04c169c4bdef102d0bc5d31b2546345219e348575eb80e9a0?s=96&d=mm&r=g\",\"url\":\"https:\\\/\\\/secure.gravatar.com\\\/avatar\\\/37d968a2e67a6fd04c169c4bdef102d0bc5d31b2546345219e348575eb80e9a0?s=96&d=mm&r=g\",\"contentUrl\":\"https:\\\/\\\/secure.gravatar.com\\\/avatar\\\/37d968a2e67a6fd04c169c4bdef102d0bc5d31b2546345219e348575eb80e9a0?s=96&d=mm&r=g\",\"caption\":\"redazione\"},\"sameAs\":[\"http:\\\/\\\/www.bellunopress.it\",\"https:\\\/\\\/x.com\\\/bellunopress\"],\"url\":\"https:\\\/\\\/www.bellunopress.it\\\/fr\\\/author\\\/redazione\\\/\"}]}<\/script>\n<!-- \/ Yoast SEO plugin. -->","yoast_head_json":{"title":"Incontri con l'autore. Venerd\u00ec Lorella De Bon presenta la raccolta di poesie \"Il Sospetto di vivere\" - Bellunopress - Dolomiti","robots":{"index":"index","follow":"follow","max-snippet":"max-snippet:-1","max-image-preview":"max-image-preview:large","max-video-preview":"max-video-preview:-1"},"canonical":"https:\/\/www.bellunopress.it\/fr\/2011\/09\/28\/incontri-con-lautore-venerdi-lorella-de-bon-presenta-la-raccolta-di-poesie-il-sospetto-di-vivere\/","og_locale":"fr_FR","og_type":"article","og_title":"Incontri con l'autore. Venerd\u00ec Lorella De Bon presenta la raccolta di poesie \"Il Sospetto di vivere\" - Bellunopress - Dolomiti","og_description":"Venerdi 30 settembre alle ore 18.30, alla Libreria Mondolibri di via Mezzaterra a Belluno, la poetessa bellunese Lorella De Bon presenter\u00e0 la sua raccolta di poesie , Il sospetto di vivere, (edizioni Albalibri). L&#8217;incontro \u00e8\u00a0 organizzato dall&#8217;Associazione Culturale Verba Volant in collaborazione con la casa editrice Albalibri e la libreria Mondolibri. Dopo l&#8217;introduzione di Mirta [&hellip;]","og_url":"https:\/\/www.bellunopress.it\/fr\/2011\/09\/28\/incontri-con-lautore-venerdi-lorella-de-bon-presenta-la-raccolta-di-poesie-il-sospetto-di-vivere\/","og_site_name":"Bellunopress - Dolomiti","article_publisher":"https:\/\/www.facebook.com\/profile.php?id=100008943462799","article_published_time":"2011-09-28T19:07:27+00:00","og_image":[{"url":"http:\/\/www.bellunopress.it\/wp-content\/uploads\/2011\/09\/Lorella-De-Bon.jpg","type":"","width":"","height":""}],"author":"redazione","twitter_card":"summary_large_image","twitter_creator":"@bellunopress","twitter_site":"@bellunopress","twitter_misc":{"\u00c9crit par":"redazione","Dur\u00e9e de lecture estim\u00e9e":"1 minute"},"schema":{"@context":"https:\/\/schema.org","@graph":[{"@type":"Article","@id":"https:\/\/www.bellunopress.it\/2011\/09\/28\/incontri-con-lautore-venerdi-lorella-de-bon-presenta-la-raccolta-di-poesie-il-sospetto-di-vivere\/#article","isPartOf":{"@id":"https:\/\/www.bellunopress.it\/2011\/09\/28\/incontri-con-lautore-venerdi-lorella-de-bon-presenta-la-raccolta-di-poesie-il-sospetto-di-vivere\/"},"author":{"name":"redazione","@id":"https:\/\/www.bellunopress.it\/#\/schema\/person\/79bb06722b37ece1c03d3e94beb30d73"},"headline":"Incontri con l&#8217;autore. Venerd\u00ec Lorella De Bon presenta la raccolta di poesie &#8220;Il Sospetto di vivere&#8221;","datePublished":"2011-09-28T19:07:27+00:00","mainEntityOfPage":{"@id":"https:\/\/www.bellunopress.it\/2011\/09\/28\/incontri-con-lautore-venerdi-lorella-de-bon-presenta-la-raccolta-di-poesie-il-sospetto-di-vivere\/"},"wordCount":240,"publisher":{"@id":"https:\/\/www.bellunopress.it\/#organization"},"image":{"@id":"https:\/\/www.bellunopress.it\/2011\/09\/28\/incontri-con-lautore-venerdi-lorella-de-bon-presenta-la-raccolta-di-poesie-il-sospetto-di-vivere\/#primaryimage"},"thumbnailUrl":"http:\/\/www.bellunopress.it\/wp-content\/uploads\/2011\/09\/Lorella-De-Bon.jpg","articleSection":["Appuntamenti, Eventi","Arte, Cultura, Spettacoli, Scienza","Pausa Caff\u00e8"],"inLanguage":"fr-FR"},{"@type":"WebPage","@id":"https:\/\/www.bellunopress.it\/2011\/09\/28\/incontri-con-lautore-venerdi-lorella-de-bon-presenta-la-raccolta-di-poesie-il-sospetto-di-vivere\/","url":"https:\/\/www.bellunopress.it\/2011\/09\/28\/incontri-con-lautore-venerdi-lorella-de-bon-presenta-la-raccolta-di-poesie-il-sospetto-di-vivere\/","name":"Incontri con l'autore. Venerd\u00ec Lorella De Bon presenta la raccolta di poesie \"Il Sospetto di vivere\" - Bellunopress - Dolomiti","isPartOf":{"@id":"https:\/\/www.bellunopress.it\/#website"},"primaryImageOfPage":{"@id":"https:\/\/www.bellunopress.it\/2011\/09\/28\/incontri-con-lautore-venerdi-lorella-de-bon-presenta-la-raccolta-di-poesie-il-sospetto-di-vivere\/#primaryimage"},"image":{"@id":"https:\/\/www.bellunopress.it\/2011\/09\/28\/incontri-con-lautore-venerdi-lorella-de-bon-presenta-la-raccolta-di-poesie-il-sospetto-di-vivere\/#primaryimage"},"thumbnailUrl":"http:\/\/www.bellunopress.it\/wp-content\/uploads\/2011\/09\/Lorella-De-Bon.jpg","datePublished":"2011-09-28T19:07:27+00:00","breadcrumb":{"@id":"https:\/\/www.bellunopress.it\/2011\/09\/28\/incontri-con-lautore-venerdi-lorella-de-bon-presenta-la-raccolta-di-poesie-il-sospetto-di-vivere\/#breadcrumb"},"inLanguage":"fr-FR","potentialAction":[{"@type":"ReadAction","target":["https:\/\/www.bellunopress.it\/2011\/09\/28\/incontri-con-lautore-venerdi-lorella-de-bon-presenta-la-raccolta-di-poesie-il-sospetto-di-vivere\/"]}]},{"@type":"ImageObject","inLanguage":"fr-FR","@id":"https:\/\/www.bellunopress.it\/2011\/09\/28\/incontri-con-lautore-venerdi-lorella-de-bon-presenta-la-raccolta-di-poesie-il-sospetto-di-vivere\/#primaryimage","url":"http:\/\/www.bellunopress.it\/wp-content\/uploads\/2011\/09\/Lorella-De-Bon.jpg","contentUrl":"http:\/\/www.bellunopress.it\/wp-content\/uploads\/2011\/09\/Lorella-De-Bon.jpg"},{"@type":"BreadcrumbList","@id":"https:\/\/www.bellunopress.it\/2011\/09\/28\/incontri-con-lautore-venerdi-lorella-de-bon-presenta-la-raccolta-di-poesie-il-sospetto-di-vivere\/#breadcrumb","itemListElement":[{"@type":"ListItem","position":1,"name":"Home","item":"https:\/\/www.bellunopress.it\/"},{"@type":"ListItem","position":2,"name":"Incontri con l&#8217;autore. Venerd\u00ec Lorella De Bon presenta la raccolta di poesie &#8220;Il Sospetto di vivere&#8221;"}]},{"@type":"WebSite","@id":"https:\/\/www.bellunopress.it\/#website","url":"https:\/\/www.bellunopress.it\/","name":"Bellunopress - Dolomiti","description":"e-mail: redazione@bellunopress.it","publisher":{"@id":"https:\/\/www.bellunopress.it\/#organization"},"potentialAction":[{"@type":"SearchAction","target":{"@type":"EntryPoint","urlTemplate":"https:\/\/www.bellunopress.it\/?s={search_term_string}"},"query-input":{"@type":"PropertyValueSpecification","valueRequired":true,"valueName":"search_term_string"}}],"inLanguage":"fr-FR"},{"@type":"Organization","@id":"https:\/\/www.bellunopress.it\/#organization","name":"Bellunopress","url":"https:\/\/www.bellunopress.it\/","logo":{"@type":"ImageObject","inLanguage":"fr-FR","@id":"https:\/\/www.bellunopress.it\/#\/schema\/logo\/image\/","url":"https:\/\/www.bellunopress.it\/wp-content\/uploads\/2011\/05\/cropped-logo-bellunopress-.jpg","contentUrl":"https:\/\/www.bellunopress.it\/wp-content\/uploads\/2011\/05\/cropped-logo-bellunopress-.jpg","width":512,"height":512,"caption":"Bellunopress"},"image":{"@id":"https:\/\/www.bellunopress.it\/#\/schema\/logo\/image\/"},"sameAs":["https:\/\/www.facebook.com\/profile.php?id=100008943462799","https:\/\/x.com\/bellunopress","https:\/\/www.linkedin.com\/hp\/?dnr=JBzUWaJfMUw8vbXJJ2tVW5-I3jZKvC4wsoxE&amp;amp;amp;amp;amp;amp;trk=nav_responsive_tab_home","https:\/\/www.youtube.com\/channel\/UCxL0wu1uN0_3_7hGG0306cw"]},{"@type":"Person","@id":"https:\/\/www.bellunopress.it\/#\/schema\/person\/79bb06722b37ece1c03d3e94beb30d73","name":"r\u00e9daction","image":{"@type":"ImageObject","inLanguage":"fr-FR","@id":"https:\/\/secure.gravatar.com\/avatar\/37d968a2e67a6fd04c169c4bdef102d0bc5d31b2546345219e348575eb80e9a0?s=96&d=mm&r=g","url":"https:\/\/secure.gravatar.com\/avatar\/37d968a2e67a6fd04c169c4bdef102d0bc5d31b2546345219e348575eb80e9a0?s=96&d=mm&r=g","contentUrl":"https:\/\/secure.gravatar.com\/avatar\/37d968a2e67a6fd04c169c4bdef102d0bc5d31b2546345219e348575eb80e9a0?s=96&d=mm&r=g","caption":"redazione"},"sameAs":["http:\/\/www.bellunopress.it","https:\/\/x.com\/bellunopress"],"url":"https:\/\/www.bellunopress.it\/fr\/author\/redazione\/"}]}},"_links":{"self":[{"href":"https:\/\/www.bellunopress.it\/fr\/wp-json\/wp\/v2\/posts\/30963","targetHints":{"allow":["GET"]}}],"collection":[{"href":"https:\/\/www.bellunopress.it\/fr\/wp-json\/wp\/v2\/posts"}],"about":[{"href":"https:\/\/www.bellunopress.it\/fr\/wp-json\/wp\/v2\/types\/post"}],"author":[{"embeddable":true,"href":"https:\/\/www.bellunopress.it\/fr\/wp-json\/wp\/v2\/users\/2"}],"replies":[{"embeddable":true,"href":"https:\/\/www.bellunopress.it\/fr\/wp-json\/wp\/v2\/comments?post=30963"}],"version-history":[{"count":1,"href":"https:\/\/www.bellunopress.it\/fr\/wp-json\/wp\/v2\/posts\/30963\/revisions"}],"predecessor-version":[{"id":30965,"href":"https:\/\/www.bellunopress.it\/fr\/wp-json\/wp\/v2\/posts\/30963\/revisions\/30965"}],"wp:attachment":[{"href":"https:\/\/www.bellunopress.it\/fr\/wp-json\/wp\/v2\/media?parent=30963"}],"wp:term":[{"taxonomy":"category","embeddable":true,"href":"https:\/\/www.bellunopress.it\/fr\/wp-json\/wp\/v2\/categories?post=30963"},{"taxonomy":"post_tag","embeddable":true,"href":"https:\/\/www.bellunopress.it\/fr\/wp-json\/wp\/v2\/tags?post=30963"}],"curies":[{"name":"wp","href":"https:\/\/api.w.org\/{rel}","templated":true}]}}