{"id":30961,"date":"2011-09-30T19:59:02","date_gmt":"2011-09-30T18:59:02","guid":{"rendered":"http:\/\/www.bellunopress.it\/?p=30961"},"modified":"2011-09-27T20:00:23","modified_gmt":"2011-09-27T19:00:23","slug":"domenica-%e2%80%9corti-in-piazza%e2%80%9d-2-appuntamenti-sportivi","status":"publish","type":"post","link":"https:\/\/www.bellunopress.it\/fr\/2011\/09\/30\/domenica-%e2%80%9corti-in-piazza%e2%80%9d-2-appuntamenti-sportivi\/","title":{"rendered":"Domenica \u201cOrti in piazza\u201d, 2 appuntamenti sportivi"},"content":{"rendered":"<p>A contorno della mostra dei prodotti agricoli, La Proloco Pieve Castionese organizza una pedonata e una gara di nordic walking. Gli agricoltori della pieve castionese si danno appuntamento domenica 2 ottobre 2011\u00a0 nelle piazze delle frazione di Cirvoi, Faverga, Madeago, Castoi, Sossai, Caleipo, Pagagnoi.<br \/>\nL\u2019idea di estendere l\u2019iniziativa a tutta la Pieve, partita dall\u2019Associazione \u201cI cortivi\u201d di Civoi che fino l\u2019anno scorso organizzava la \u201cFesta d\u2019autunno\u201d, \u00e8 stata subito accolta con favore dalla Pro Loco Pieve Castionese e da tutte le altre associazioni che operano sul territorio.<br \/>\nIl percorso si snoder\u00e0 pertanto tra tutti i paesi del castionese coinvolgendo gli abitanti delle frazioni che avranno modo di esporre i loro prodotti agricoli.<br \/>\nA contorno della mostra mercato, la Pro Loco organizza la pedonata non competitiva \u201cdei campanili\u201d e Nordic Walking Sprint \u00a0\u201cLe Tour de l\u2019amour\u201d.<br \/>\nLa gara podistica, che parte alle ore 9.45 dal Campo sportivo di Castion, prevede due\u00a0 percorsi, uno lungo di 11 Km e uno corto di 4 Km.<br \/>\nI due precorsi attraverseranno le frazioni e i borghi protagonisti dell&#8217;evento. Le iscrizioni si apriranno al Campo Sportivo di Castion alle ore 8.30. La quota d&#8217;iscrizione \u00e8 fissata in 5 euro e comprende un omaggio.<br \/>\nLa camminata, anch\u2019essa non competitiva , di Nordic Walking\u00a0 si sviluppa invece su un percorso panoramico di 12 km.<br \/>\nL&#8217; itinerario si snoda su di un circuito dal percorso assai vario, che collega i paesi\u00a0 di Cirvoi, Faverga, Madeago, Castoi, Sossai, Caleipo e Pagognoi.<br \/>\nLa passeggiata prender\u00e0 il via alle 10.00 dalla piazza di Cirvoi,\u00a0 dove, a partire dalle\u00a0 8.30 al Centro Sportivo sano aperti gli accreditamenti. La quota d&#8217;iscrizione \u00e8 di 10 euro comprensiva di gadget, ristori e buono pasto.<br \/>\n\u201cOrti in piazza\u201d, oltre che stimolare il recupero della ruralit\u00e0, il valore dello \u201cstare insieme\u201d ricreando e recuperando una \u201cvita di frazione\u201d che spesso la freneticit\u00e0 quotidiana ci porta a trascurare, ha come obiettivo quello di creare una nuova occasione, per quanti vorranno far visita alla mostra, per scoprire o riscoprire la bellezza e la ricchezza del territorio castionese.<\/p>","protected":false},"excerpt":{"rendered":"<p>A contorno della mostra dei prodotti agricoli, La Proloco Pieve Castionese organizza una pedonata e una gara di nordic walking. Gli agricoltori della pieve castionese si danno appuntamento domenica 2 ottobre 2011\u00a0 nelle piazze delle frazione di Cirvoi, Faverga, Madeago, Castoi, Sossai, Caleipo, Pagagnoi. L\u2019idea di estendere l\u2019iniziativa a tutta la Pieve, partita dall\u2019Associazione \u201cI [&hellip;]<\/p>\n","protected":false},"author":2,"featured_media":0,"comment_status":"closed","ping_status":"open","sticky":false,"template":"","format":"standard","meta":{"footnotes":""},"categories":[27,25],"tags":[],"class_list":["post-30961","post","type-post","status-publish","format-standard","category-appuntamenti","category-pausa-caffe"],"yoast_head":"<!-- This site is optimized with the Yoast SEO plugin v28.4 - https:\/\/yoast.com\/product\/yoast-seo-wordpress\/ -->\n<title>Domenica \u201cOrti in piazza\u201d, 2 appuntamenti sportivi - Bellunopress - Dolomiti<\/title>\n<meta name=\"robots\" content=\"index, follow, max-snippet:-1, max-image-preview:large, max-video-preview:-1\" \/>\n<link rel=\"canonical\" href=\"https:\/\/www.bellunopress.it\/fr\/2011\/09\/30\/domenica-\u201corti-in-piazza\u201d-2-appuntamenti-sportivi\/\" \/>\n<meta property=\"og:locale\" content=\"fr_FR\" \/>\n<meta property=\"og:type\" content=\"article\" \/>\n<meta property=\"og:title\" content=\"Domenica \u201cOrti in piazza\u201d, 2 appuntamenti sportivi - Bellunopress - Dolomiti\" \/>\n<meta property=\"og:description\" content=\"A contorno della mostra dei prodotti agricoli, La Proloco Pieve Castionese organizza una pedonata e una gara di nordic walking. Gli agricoltori della pieve castionese si danno appuntamento domenica 2 ottobre 2011\u00a0 nelle piazze delle frazione di Cirvoi, Faverga, Madeago, Castoi, Sossai, Caleipo, Pagagnoi. L\u2019idea di estendere l\u2019iniziativa a tutta la Pieve, partita dall\u2019Associazione \u201cI [&hellip;]\" \/>\n<meta property=\"og:url\" content=\"https:\/\/www.bellunopress.it\/fr\/2011\/09\/30\/domenica-\u201corti-in-piazza\u201d-2-appuntamenti-sportivi\/\" \/>\n<meta property=\"og:site_name\" content=\"Bellunopress - Dolomiti\" \/>\n<meta property=\"article:publisher\" content=\"https:\/\/www.facebook.com\/profile.php?id=100008943462799\" \/>\n<meta property=\"article:published_time\" content=\"2011-09-30T18:59:02+00:00\" \/>\n<meta property=\"og:image\" content=\"http:\/\/www.bellunopress.it\/wp-content\/uploads\/2012\/07\/logo-bellunopress-250x250-2012.jpg\" \/>\n<meta name=\"author\" content=\"redazione\" \/>\n<meta name=\"twitter:card\" content=\"summary_large_image\" \/>\n<meta name=\"twitter:creator\" content=\"@bellunopress\" \/>\n<meta name=\"twitter:site\" content=\"@bellunopress\" \/>\n<meta name=\"twitter:label1\" content=\"\u00c9crit par\" \/>\n\t<meta name=\"twitter:data1\" content=\"redazione\" \/>\n\t<meta name=\"twitter:label2\" content=\"Dur\u00e9e de lecture estim\u00e9e\" \/>\n\t<meta name=\"twitter:data2\" content=\"2 minutes\" \/>\n<script type=\"application\/ld+json\" class=\"yoast-schema-graph\">{\"@context\":\"https:\\\/\\\/schema.org\",\"@graph\":[{\"@type\":\"Article\",\"@id\":\"https:\\\/\\\/www.bellunopress.it\\\/2011\\\/09\\\/30\\\/domenica-%e2%80%9corti-in-piazza%e2%80%9d-2-appuntamenti-sportivi\\\/#article\",\"isPartOf\":{\"@id\":\"https:\\\/\\\/www.bellunopress.it\\\/2011\\\/09\\\/30\\\/domenica-%e2%80%9corti-in-piazza%e2%80%9d-2-appuntamenti-sportivi\\\/\"},\"author\":{\"name\":\"redazione\",\"@id\":\"https:\\\/\\\/www.bellunopress.it\\\/#\\\/schema\\\/person\\\/79bb06722b37ece1c03d3e94beb30d73\"},\"headline\":\"Domenica \u201cOrti in piazza\u201d, 2 appuntamenti sportivi\",\"datePublished\":\"2011-09-30T18:59:02+00:00\",\"mainEntityOfPage\":{\"@id\":\"https:\\\/\\\/www.bellunopress.it\\\/2011\\\/09\\\/30\\\/domenica-%e2%80%9corti-in-piazza%e2%80%9d-2-appuntamenti-sportivi\\\/\"},\"wordCount\":338,\"publisher\":{\"@id\":\"https:\\\/\\\/www.bellunopress.it\\\/#organization\"},\"articleSection\":[\"Appuntamenti, Eventi\",\"Pausa Caff\u00e8\"],\"inLanguage\":\"fr-FR\"},{\"@type\":\"WebPage\",\"@id\":\"https:\\\/\\\/www.bellunopress.it\\\/2011\\\/09\\\/30\\\/domenica-%e2%80%9corti-in-piazza%e2%80%9d-2-appuntamenti-sportivi\\\/\",\"url\":\"https:\\\/\\\/www.bellunopress.it\\\/2011\\\/09\\\/30\\\/domenica-%e2%80%9corti-in-piazza%e2%80%9d-2-appuntamenti-sportivi\\\/\",\"name\":\"Domenica \u201cOrti in piazza\u201d, 2 appuntamenti sportivi - Bellunopress - Dolomiti\",\"isPartOf\":{\"@id\":\"https:\\\/\\\/www.bellunopress.it\\\/#website\"},\"datePublished\":\"2011-09-30T18:59:02+00:00\",\"breadcrumb\":{\"@id\":\"https:\\\/\\\/www.bellunopress.it\\\/2011\\\/09\\\/30\\\/domenica-%e2%80%9corti-in-piazza%e2%80%9d-2-appuntamenti-sportivi\\\/#breadcrumb\"},\"inLanguage\":\"fr-FR\",\"potentialAction\":[{\"@type\":\"ReadAction\",\"target\":[\"https:\\\/\\\/www.bellunopress.it\\\/2011\\\/09\\\/30\\\/domenica-%e2%80%9corti-in-piazza%e2%80%9d-2-appuntamenti-sportivi\\\/\"]}]},{\"@type\":\"BreadcrumbList\",\"@id\":\"https:\\\/\\\/www.bellunopress.it\\\/2011\\\/09\\\/30\\\/domenica-%e2%80%9corti-in-piazza%e2%80%9d-2-appuntamenti-sportivi\\\/#breadcrumb\",\"itemListElement\":[{\"@type\":\"ListItem\",\"position\":1,\"name\":\"Home\",\"item\":\"https:\\\/\\\/www.bellunopress.it\\\/\"},{\"@type\":\"ListItem\",\"position\":2,\"name\":\"Domenica \u201cOrti in piazza\u201d, 2 appuntamenti sportivi\"}]},{\"@type\":\"WebSite\",\"@id\":\"https:\\\/\\\/www.bellunopress.it\\\/#website\",\"url\":\"https:\\\/\\\/www.bellunopress.it\\\/\",\"name\":\"Bellunopress - Dolomiti\",\"description\":\"e-mail: redazione@bellunopress.it\",\"publisher\":{\"@id\":\"https:\\\/\\\/www.bellunopress.it\\\/#organization\"},\"potentialAction\":[{\"@type\":\"SearchAction\",\"target\":{\"@type\":\"EntryPoint\",\"urlTemplate\":\"https:\\\/\\\/www.bellunopress.it\\\/?s={search_term_string}\"},\"query-input\":{\"@type\":\"PropertyValueSpecification\",\"valueRequired\":true,\"valueName\":\"search_term_string\"}}],\"inLanguage\":\"fr-FR\"},{\"@type\":\"Organization\",\"@id\":\"https:\\\/\\\/www.bellunopress.it\\\/#organization\",\"name\":\"Bellunopress\",\"url\":\"https:\\\/\\\/www.bellunopress.it\\\/\",\"logo\":{\"@type\":\"ImageObject\",\"inLanguage\":\"fr-FR\",\"@id\":\"https:\\\/\\\/www.bellunopress.it\\\/#\\\/schema\\\/logo\\\/image\\\/\",\"url\":\"https:\\\/\\\/www.bellunopress.it\\\/wp-content\\\/uploads\\\/2011\\\/05\\\/cropped-logo-bellunopress-.jpg\",\"contentUrl\":\"https:\\\/\\\/www.bellunopress.it\\\/wp-content\\\/uploads\\\/2011\\\/05\\\/cropped-logo-bellunopress-.jpg\",\"width\":512,\"height\":512,\"caption\":\"Bellunopress\"},\"image\":{\"@id\":\"https:\\\/\\\/www.bellunopress.it\\\/#\\\/schema\\\/logo\\\/image\\\/\"},\"sameAs\":[\"https:\\\/\\\/www.facebook.com\\\/profile.php?id=100008943462799\",\"https:\\\/\\\/x.com\\\/bellunopress\",\"https:\\\/\\\/www.linkedin.com\\\/hp\\\/?dnr=JBzUWaJfMUw8vbXJJ2tVW5-I3jZKvC4wsoxE&amp;amp;amp;amp;amp;amp;trk=nav_responsive_tab_home\",\"https:\\\/\\\/www.youtube.com\\\/channel\\\/UCxL0wu1uN0_3_7hGG0306cw\"]},{\"@type\":\"Person\",\"@id\":\"https:\\\/\\\/www.bellunopress.it\\\/#\\\/schema\\\/person\\\/79bb06722b37ece1c03d3e94beb30d73\",\"name\":\"redazione\",\"image\":{\"@type\":\"ImageObject\",\"inLanguage\":\"fr-FR\",\"@id\":\"https:\\\/\\\/secure.gravatar.com\\\/avatar\\\/37d968a2e67a6fd04c169c4bdef102d0bc5d31b2546345219e348575eb80e9a0?s=96&d=mm&r=g\",\"url\":\"https:\\\/\\\/secure.gravatar.com\\\/avatar\\\/37d968a2e67a6fd04c169c4bdef102d0bc5d31b2546345219e348575eb80e9a0?s=96&d=mm&r=g\",\"contentUrl\":\"https:\\\/\\\/secure.gravatar.com\\\/avatar\\\/37d968a2e67a6fd04c169c4bdef102d0bc5d31b2546345219e348575eb80e9a0?s=96&d=mm&r=g\",\"caption\":\"redazione\"},\"sameAs\":[\"http:\\\/\\\/www.bellunopress.it\",\"https:\\\/\\\/x.com\\\/bellunopress\"],\"url\":\"https:\\\/\\\/www.bellunopress.it\\\/fr\\\/author\\\/redazione\\\/\"}]}<\/script>\n<!-- \/ Yoast SEO plugin. -->","yoast_head_json":{"title":"Domenica \u201cOrti in piazza\u201d, 2 appuntamenti sportivi - Bellunopress - Dolomiti","robots":{"index":"index","follow":"follow","max-snippet":"max-snippet:-1","max-image-preview":"max-image-preview:large","max-video-preview":"max-video-preview:-1"},"canonical":"https:\/\/www.bellunopress.it\/fr\/2011\/09\/30\/domenica-\u201corti-in-piazza\u201d-2-appuntamenti-sportivi\/","og_locale":"fr_FR","og_type":"article","og_title":"Domenica \u201cOrti in piazza\u201d, 2 appuntamenti sportivi - Bellunopress - Dolomiti","og_description":"A contorno della mostra dei prodotti agricoli, La Proloco Pieve Castionese organizza una pedonata e una gara di nordic walking. Gli agricoltori della pieve castionese si danno appuntamento domenica 2 ottobre 2011\u00a0 nelle piazze delle frazione di Cirvoi, Faverga, Madeago, Castoi, Sossai, Caleipo, Pagagnoi. L\u2019idea di estendere l\u2019iniziativa a tutta la Pieve, partita dall\u2019Associazione \u201cI [&hellip;]","og_url":"https:\/\/www.bellunopress.it\/fr\/2011\/09\/30\/domenica-\u201corti-in-piazza\u201d-2-appuntamenti-sportivi\/","og_site_name":"Bellunopress - Dolomiti","article_publisher":"https:\/\/www.facebook.com\/profile.php?id=100008943462799","article_published_time":"2011-09-30T18:59:02+00:00","og_image":[{"url":"http:\/\/www.bellunopress.it\/wp-content\/uploads\/2012\/07\/logo-bellunopress-250x250-2012.jpg","type":"","width":"","height":""}],"author":"redazione","twitter_card":"summary_large_image","twitter_creator":"@bellunopress","twitter_site":"@bellunopress","twitter_misc":{"\u00c9crit par":"redazione","Dur\u00e9e de lecture estim\u00e9e":"2 minutes"},"schema":{"@context":"https:\/\/schema.org","@graph":[{"@type":"Article","@id":"https:\/\/www.bellunopress.it\/2011\/09\/30\/domenica-%e2%80%9corti-in-piazza%e2%80%9d-2-appuntamenti-sportivi\/#article","isPartOf":{"@id":"https:\/\/www.bellunopress.it\/2011\/09\/30\/domenica-%e2%80%9corti-in-piazza%e2%80%9d-2-appuntamenti-sportivi\/"},"author":{"name":"redazione","@id":"https:\/\/www.bellunopress.it\/#\/schema\/person\/79bb06722b37ece1c03d3e94beb30d73"},"headline":"Domenica \u201cOrti in piazza\u201d, 2 appuntamenti sportivi","datePublished":"2011-09-30T18:59:02+00:00","mainEntityOfPage":{"@id":"https:\/\/www.bellunopress.it\/2011\/09\/30\/domenica-%e2%80%9corti-in-piazza%e2%80%9d-2-appuntamenti-sportivi\/"},"wordCount":338,"publisher":{"@id":"https:\/\/www.bellunopress.it\/#organization"},"articleSection":["Appuntamenti, Eventi","Pausa Caff\u00e8"],"inLanguage":"fr-FR"},{"@type":"WebPage","@id":"https:\/\/www.bellunopress.it\/2011\/09\/30\/domenica-%e2%80%9corti-in-piazza%e2%80%9d-2-appuntamenti-sportivi\/","url":"https:\/\/www.bellunopress.it\/2011\/09\/30\/domenica-%e2%80%9corti-in-piazza%e2%80%9d-2-appuntamenti-sportivi\/","name":"Domenica \u201cOrti in piazza\u201d, 2 appuntamenti sportivi - Bellunopress - Dolomiti","isPartOf":{"@id":"https:\/\/www.bellunopress.it\/#website"},"datePublished":"2011-09-30T18:59:02+00:00","breadcrumb":{"@id":"https:\/\/www.bellunopress.it\/2011\/09\/30\/domenica-%e2%80%9corti-in-piazza%e2%80%9d-2-appuntamenti-sportivi\/#breadcrumb"},"inLanguage":"fr-FR","potentialAction":[{"@type":"ReadAction","target":["https:\/\/www.bellunopress.it\/2011\/09\/30\/domenica-%e2%80%9corti-in-piazza%e2%80%9d-2-appuntamenti-sportivi\/"]}]},{"@type":"BreadcrumbList","@id":"https:\/\/www.bellunopress.it\/2011\/09\/30\/domenica-%e2%80%9corti-in-piazza%e2%80%9d-2-appuntamenti-sportivi\/#breadcrumb","itemListElement":[{"@type":"ListItem","position":1,"name":"Home","item":"https:\/\/www.bellunopress.it\/"},{"@type":"ListItem","position":2,"name":"Domenica \u201cOrti in piazza\u201d, 2 appuntamenti sportivi"}]},{"@type":"WebSite","@id":"https:\/\/www.bellunopress.it\/#website","url":"https:\/\/www.bellunopress.it\/","name":"Bellunopress - Dolomiti","description":"e-mail: redazione@bellunopress.it","publisher":{"@id":"https:\/\/www.bellunopress.it\/#organization"},"potentialAction":[{"@type":"SearchAction","target":{"@type":"EntryPoint","urlTemplate":"https:\/\/www.bellunopress.it\/?s={search_term_string}"},"query-input":{"@type":"PropertyValueSpecification","valueRequired":true,"valueName":"search_term_string"}}],"inLanguage":"fr-FR"},{"@type":"Organization","@id":"https:\/\/www.bellunopress.it\/#organization","name":"Bellunopress","url":"https:\/\/www.bellunopress.it\/","logo":{"@type":"ImageObject","inLanguage":"fr-FR","@id":"https:\/\/www.bellunopress.it\/#\/schema\/logo\/image\/","url":"https:\/\/www.bellunopress.it\/wp-content\/uploads\/2011\/05\/cropped-logo-bellunopress-.jpg","contentUrl":"https:\/\/www.bellunopress.it\/wp-content\/uploads\/2011\/05\/cropped-logo-bellunopress-.jpg","width":512,"height":512,"caption":"Bellunopress"},"image":{"@id":"https:\/\/www.bellunopress.it\/#\/schema\/logo\/image\/"},"sameAs":["https:\/\/www.facebook.com\/profile.php?id=100008943462799","https:\/\/x.com\/bellunopress","https:\/\/www.linkedin.com\/hp\/?dnr=JBzUWaJfMUw8vbXJJ2tVW5-I3jZKvC4wsoxE&amp;amp;amp;amp;amp;amp;trk=nav_responsive_tab_home","https:\/\/www.youtube.com\/channel\/UCxL0wu1uN0_3_7hGG0306cw"]},{"@type":"Person","@id":"https:\/\/www.bellunopress.it\/#\/schema\/person\/79bb06722b37ece1c03d3e94beb30d73","name":"r\u00e9daction","image":{"@type":"ImageObject","inLanguage":"fr-FR","@id":"https:\/\/secure.gravatar.com\/avatar\/37d968a2e67a6fd04c169c4bdef102d0bc5d31b2546345219e348575eb80e9a0?s=96&d=mm&r=g","url":"https:\/\/secure.gravatar.com\/avatar\/37d968a2e67a6fd04c169c4bdef102d0bc5d31b2546345219e348575eb80e9a0?s=96&d=mm&r=g","contentUrl":"https:\/\/secure.gravatar.com\/avatar\/37d968a2e67a6fd04c169c4bdef102d0bc5d31b2546345219e348575eb80e9a0?s=96&d=mm&r=g","caption":"redazione"},"sameAs":["http:\/\/www.bellunopress.it","https:\/\/x.com\/bellunopress"],"url":"https:\/\/www.bellunopress.it\/fr\/author\/redazione\/"}]}},"_links":{"self":[{"href":"https:\/\/www.bellunopress.it\/fr\/wp-json\/wp\/v2\/posts\/30961","targetHints":{"allow":["GET"]}}],"collection":[{"href":"https:\/\/www.bellunopress.it\/fr\/wp-json\/wp\/v2\/posts"}],"about":[{"href":"https:\/\/www.bellunopress.it\/fr\/wp-json\/wp\/v2\/types\/post"}],"author":[{"embeddable":true,"href":"https:\/\/www.bellunopress.it\/fr\/wp-json\/wp\/v2\/users\/2"}],"replies":[{"embeddable":true,"href":"https:\/\/www.bellunopress.it\/fr\/wp-json\/wp\/v2\/comments?post=30961"}],"version-history":[{"count":1,"href":"https:\/\/www.bellunopress.it\/fr\/wp-json\/wp\/v2\/posts\/30961\/revisions"}],"predecessor-version":[{"id":30962,"href":"https:\/\/www.bellunopress.it\/fr\/wp-json\/wp\/v2\/posts\/30961\/revisions\/30962"}],"wp:attachment":[{"href":"https:\/\/www.bellunopress.it\/fr\/wp-json\/wp\/v2\/media?parent=30961"}],"wp:term":[{"taxonomy":"category","embeddable":true,"href":"https:\/\/www.bellunopress.it\/fr\/wp-json\/wp\/v2\/categories?post=30961"},{"taxonomy":"post_tag","embeddable":true,"href":"https:\/\/www.bellunopress.it\/fr\/wp-json\/wp\/v2\/tags?post=30961"}],"curies":[{"name":"wp","href":"https:\/\/api.w.org\/{rel}","templated":true}]}}