{"id":3095,"date":"2009-04-26T11:45:49","date_gmt":"2009-04-26T10:45:49","guid":{"rendered":"http:\/\/www.bellunopress.it\/?p=3095"},"modified":"2009-04-26T11:45:49","modified_gmt":"2009-04-26T10:45:49","slug":"%e2%80%9clautonomia-dipende-da-noi%e2%80%9d-sergio-reolon-punta-sugli-stati-generali-per-vincere-la-battaglia-dello-statuto","status":"publish","type":"post","link":"https:\/\/www.bellunopress.it\/fr\/2009\/04\/26\/%e2%80%9clautonomia-dipende-da-noi%e2%80%9d-sergio-reolon-punta-sugli-stati-generali-per-vincere-la-battaglia-dello-statuto\/","title":{"rendered":"\u201cL&#8217;autonomia dipende da noi\u201d. Sergio Reolon punta sugli Stati generali per vincere la battaglia dello Statuto"},"content":{"rendered":"<p>\u201cUn grande patto unitario tra istituzioni, forze sociali, economiche e politiche bellunesi. Da questa unit\u00e0 e da noi in primo luogo dipende l&#8217;autonomia\u201d. Sergio Reolon, candidato alla presidenza della Provincia di Belluno, lo ha detto ieri pomeriggio a Belluno davanti a oltre 250 persone e lo ribadisce oggi: \u201cSubito dopo le elezioni convocher\u00f2 gli stati generali della Provincia. Perch\u00e9 il riconoscimento dell&#8217;autonomia nello statuto veneto \u00e8 la condizione vitale per continuare ad abitare la nostra provincia. Ci vogliono grande determinazione e un percorso fortemente unitario, come quello fatto per la proposta di legge sull&#8217;autonomia, sottoscritta tre anni fa da tutti, compreso il vescovo\u201d. Come in passato, afferma Reolon, \u201cdobbiamo costruire una grande alleanza per una azione unitaria. Ci siamo riusciti per l&#8217;acqua e il demanio idrico, sono certo ci riusciremo anche questa volta. Lo statuto dovr\u00e0 prevedere esplicitamente l&#8217;autonomia della Provincia di Belluno e non un generico riconoscimento alla specificit\u00e0 della montagna veneta\u201d. Non solo, prosegue Reolon, \u201cdovranno essere indicate le materie che vengono trasferite alla Provincia di Belluno in termini di competenze e risorse economiche. Se a Venezia continueranno a essere sordi e a negare la possibilit\u00e0 di autogoverno per la Provincia di Belluno chiamer\u00f2 i Bellunesi a presenziare il Consiglio regionale. La realt\u00e0 \u00e8 che non ne possiamo pi\u00f9. Non siamo la periferia di Venezia e rivendichiamo la possibilit\u00e0 di autogoverno rispetto alla citt\u00e0 metropolitana veneta. Anche perch\u00e9 ci scontriamo con una Regione incapace di governare e che nega le differenze\u201d<\/p>","protected":false},"excerpt":{"rendered":"<p>\u201cUn grande patto unitario tra istituzioni, forze sociali, economiche e politiche bellunesi. Da questa unit\u00e0 e da noi in primo luogo dipende l&#8217;autonomia\u201d. Sergio Reolon, candidato alla presidenza della Provincia di Belluno, lo ha detto ieri pomeriggio a Belluno davanti a oltre 250 persone e lo ribadisce oggi: \u201cSubito dopo le elezioni convocher\u00f2 gli stati [&hellip;]<\/p>\n","protected":false},"author":2,"featured_media":0,"comment_status":"closed","ping_status":"open","sticky":false,"template":"","format":"standard","meta":{"footnotes":""},"categories":[5,26],"tags":[139],"class_list":["post-3095","post","type-post","status-publish","format-standard","category-cronaca","category-prima-pagina","tag-belluno"],"yoast_head":"<!-- This site is optimized with the Yoast SEO plugin v28.4 - https:\/\/yoast.com\/product\/yoast-seo-wordpress\/ -->\n<title>\u201cL&#039;autonomia dipende da noi\u201d. Sergio Reolon punta sugli Stati generali per vincere la battaglia dello Statuto - Bellunopress - Dolomiti<\/title>\n<meta name=\"robots\" content=\"index, follow, max-snippet:-1, max-image-preview:large, max-video-preview:-1\" \/>\n<link rel=\"canonical\" href=\"https:\/\/www.bellunopress.it\/fr\/2009\/04\/26\/\u201clautonomia-dipende-da-noi\u201d-sergio-reolon-punta-sugli-stati-generali-per-vincere-la-battaglia-dello-statuto\/\" \/>\n<meta property=\"og:locale\" content=\"fr_FR\" \/>\n<meta property=\"og:type\" content=\"article\" \/>\n<meta property=\"og:title\" content=\"\u201cL&#039;autonomia dipende da noi\u201d. Sergio Reolon punta sugli Stati generali per vincere la battaglia dello Statuto - Bellunopress - Dolomiti\" \/>\n<meta property=\"og:description\" content=\"\u201cUn grande patto unitario tra istituzioni, forze sociali, economiche e politiche bellunesi. Da questa unit\u00e0 e da noi in primo luogo dipende l&#8217;autonomia\u201d. Sergio Reolon, candidato alla presidenza della Provincia di Belluno, lo ha detto ieri pomeriggio a Belluno davanti a oltre 250 persone e lo ribadisce oggi: \u201cSubito dopo le elezioni convocher\u00f2 gli stati [&hellip;]\" \/>\n<meta property=\"og:url\" content=\"https:\/\/www.bellunopress.it\/fr\/2009\/04\/26\/\u201clautonomia-dipende-da-noi\u201d-sergio-reolon-punta-sugli-stati-generali-per-vincere-la-battaglia-dello-statuto\/\" \/>\n<meta property=\"og:site_name\" content=\"Bellunopress - Dolomiti\" \/>\n<meta property=\"article:publisher\" content=\"https:\/\/www.facebook.com\/profile.php?id=100008943462799\" \/>\n<meta property=\"article:published_time\" content=\"2009-04-26T10:45:49+00:00\" \/>\n<meta property=\"og:image\" content=\"http:\/\/www.bellunopress.it\/wp-content\/uploads\/2012\/07\/logo-bellunopress-250x250-2012.jpg\" \/>\n<meta name=\"author\" content=\"redazione\" \/>\n<meta name=\"twitter:card\" content=\"summary_large_image\" \/>\n<meta name=\"twitter:creator\" content=\"@bellunopress\" \/>\n<meta name=\"twitter:site\" content=\"@bellunopress\" \/>\n<meta name=\"twitter:label1\" content=\"\u00c9crit par\" \/>\n\t<meta name=\"twitter:data1\" content=\"redazione\" \/>\n\t<meta name=\"twitter:label2\" content=\"Dur\u00e9e de lecture estim\u00e9e\" \/>\n\t<meta name=\"twitter:data2\" content=\"1 minute\" \/>\n<script type=\"application\/ld+json\" class=\"yoast-schema-graph\">{\"@context\":\"https:\\\/\\\/schema.org\",\"@graph\":[{\"@type\":\"Article\",\"@id\":\"https:\\\/\\\/www.bellunopress.it\\\/2009\\\/04\\\/26\\\/%e2%80%9clautonomia-dipende-da-noi%e2%80%9d-sergio-reolon-punta-sugli-stati-generali-per-vincere-la-battaglia-dello-statuto\\\/#article\",\"isPartOf\":{\"@id\":\"https:\\\/\\\/www.bellunopress.it\\\/2009\\\/04\\\/26\\\/%e2%80%9clautonomia-dipende-da-noi%e2%80%9d-sergio-reolon-punta-sugli-stati-generali-per-vincere-la-battaglia-dello-statuto\\\/\"},\"author\":{\"name\":\"redazione\",\"@id\":\"https:\\\/\\\/www.bellunopress.it\\\/#\\\/schema\\\/person\\\/79bb06722b37ece1c03d3e94beb30d73\"},\"headline\":\"\u201cL&#8217;autonomia dipende da noi\u201d. Sergio Reolon punta sugli Stati generali per vincere la battaglia dello Statuto\",\"datePublished\":\"2009-04-26T10:45:49+00:00\",\"mainEntityOfPage\":{\"@id\":\"https:\\\/\\\/www.bellunopress.it\\\/2009\\\/04\\\/26\\\/%e2%80%9clautonomia-dipende-da-noi%e2%80%9d-sergio-reolon-punta-sugli-stati-generali-per-vincere-la-battaglia-dello-statuto\\\/\"},\"wordCount\":262,\"publisher\":{\"@id\":\"https:\\\/\\\/www.bellunopress.it\\\/#organization\"},\"keywords\":[\"Belluno\"],\"articleSection\":[\"Cronaca\\\/Politica\",\"Prima Pagina\"],\"inLanguage\":\"fr-FR\"},{\"@type\":\"WebPage\",\"@id\":\"https:\\\/\\\/www.bellunopress.it\\\/2009\\\/04\\\/26\\\/%e2%80%9clautonomia-dipende-da-noi%e2%80%9d-sergio-reolon-punta-sugli-stati-generali-per-vincere-la-battaglia-dello-statuto\\\/\",\"url\":\"https:\\\/\\\/www.bellunopress.it\\\/2009\\\/04\\\/26\\\/%e2%80%9clautonomia-dipende-da-noi%e2%80%9d-sergio-reolon-punta-sugli-stati-generali-per-vincere-la-battaglia-dello-statuto\\\/\",\"name\":\"\u201cL'autonomia dipende da noi\u201d. Sergio Reolon punta sugli Stati generali per vincere la battaglia dello Statuto - Bellunopress - Dolomiti\",\"isPartOf\":{\"@id\":\"https:\\\/\\\/www.bellunopress.it\\\/#website\"},\"datePublished\":\"2009-04-26T10:45:49+00:00\",\"breadcrumb\":{\"@id\":\"https:\\\/\\\/www.bellunopress.it\\\/2009\\\/04\\\/26\\\/%e2%80%9clautonomia-dipende-da-noi%e2%80%9d-sergio-reolon-punta-sugli-stati-generali-per-vincere-la-battaglia-dello-statuto\\\/#breadcrumb\"},\"inLanguage\":\"fr-FR\",\"potentialAction\":[{\"@type\":\"ReadAction\",\"target\":[\"https:\\\/\\\/www.bellunopress.it\\\/2009\\\/04\\\/26\\\/%e2%80%9clautonomia-dipende-da-noi%e2%80%9d-sergio-reolon-punta-sugli-stati-generali-per-vincere-la-battaglia-dello-statuto\\\/\"]}]},{\"@type\":\"BreadcrumbList\",\"@id\":\"https:\\\/\\\/www.bellunopress.it\\\/2009\\\/04\\\/26\\\/%e2%80%9clautonomia-dipende-da-noi%e2%80%9d-sergio-reolon-punta-sugli-stati-generali-per-vincere-la-battaglia-dello-statuto\\\/#breadcrumb\",\"itemListElement\":[{\"@type\":\"ListItem\",\"position\":1,\"name\":\"Home\",\"item\":\"https:\\\/\\\/www.bellunopress.it\\\/\"},{\"@type\":\"ListItem\",\"position\":2,\"name\":\"\u201cL&#8217;autonomia dipende da noi\u201d. Sergio Reolon punta sugli Stati generali per vincere la battaglia dello Statuto\"}]},{\"@type\":\"WebSite\",\"@id\":\"https:\\\/\\\/www.bellunopress.it\\\/#website\",\"url\":\"https:\\\/\\\/www.bellunopress.it\\\/\",\"name\":\"Bellunopress - Dolomiti\",\"description\":\"e-mail: redazione@bellunopress.it\",\"publisher\":{\"@id\":\"https:\\\/\\\/www.bellunopress.it\\\/#organization\"},\"potentialAction\":[{\"@type\":\"SearchAction\",\"target\":{\"@type\":\"EntryPoint\",\"urlTemplate\":\"https:\\\/\\\/www.bellunopress.it\\\/?s={search_term_string}\"},\"query-input\":{\"@type\":\"PropertyValueSpecification\",\"valueRequired\":true,\"valueName\":\"search_term_string\"}}],\"inLanguage\":\"fr-FR\"},{\"@type\":\"Organization\",\"@id\":\"https:\\\/\\\/www.bellunopress.it\\\/#organization\",\"name\":\"Bellunopress\",\"url\":\"https:\\\/\\\/www.bellunopress.it\\\/\",\"logo\":{\"@type\":\"ImageObject\",\"inLanguage\":\"fr-FR\",\"@id\":\"https:\\\/\\\/www.bellunopress.it\\\/#\\\/schema\\\/logo\\\/image\\\/\",\"url\":\"https:\\\/\\\/www.bellunopress.it\\\/wp-content\\\/uploads\\\/2011\\\/05\\\/cropped-logo-bellunopress-.jpg\",\"contentUrl\":\"https:\\\/\\\/www.bellunopress.it\\\/wp-content\\\/uploads\\\/2011\\\/05\\\/cropped-logo-bellunopress-.jpg\",\"width\":512,\"height\":512,\"caption\":\"Bellunopress\"},\"image\":{\"@id\":\"https:\\\/\\\/www.bellunopress.it\\\/#\\\/schema\\\/logo\\\/image\\\/\"},\"sameAs\":[\"https:\\\/\\\/www.facebook.com\\\/profile.php?id=100008943462799\",\"https:\\\/\\\/x.com\\\/bellunopress\",\"https:\\\/\\\/www.linkedin.com\\\/hp\\\/?dnr=JBzUWaJfMUw8vbXJJ2tVW5-I3jZKvC4wsoxE&amp;amp;amp;amp;amp;amp;trk=nav_responsive_tab_home\",\"https:\\\/\\\/www.youtube.com\\\/channel\\\/UCxL0wu1uN0_3_7hGG0306cw\"]},{\"@type\":\"Person\",\"@id\":\"https:\\\/\\\/www.bellunopress.it\\\/#\\\/schema\\\/person\\\/79bb06722b37ece1c03d3e94beb30d73\",\"name\":\"redazione\",\"image\":{\"@type\":\"ImageObject\",\"inLanguage\":\"fr-FR\",\"@id\":\"https:\\\/\\\/secure.gravatar.com\\\/avatar\\\/37d968a2e67a6fd04c169c4bdef102d0bc5d31b2546345219e348575eb80e9a0?s=96&d=mm&r=g\",\"url\":\"https:\\\/\\\/secure.gravatar.com\\\/avatar\\\/37d968a2e67a6fd04c169c4bdef102d0bc5d31b2546345219e348575eb80e9a0?s=96&d=mm&r=g\",\"contentUrl\":\"https:\\\/\\\/secure.gravatar.com\\\/avatar\\\/37d968a2e67a6fd04c169c4bdef102d0bc5d31b2546345219e348575eb80e9a0?s=96&d=mm&r=g\",\"caption\":\"redazione\"},\"sameAs\":[\"http:\\\/\\\/www.bellunopress.it\",\"https:\\\/\\\/x.com\\\/bellunopress\"],\"url\":\"https:\\\/\\\/www.bellunopress.it\\\/fr\\\/author\\\/redazione\\\/\"}]}<\/script>\n<!-- \/ Yoast SEO plugin. -->","yoast_head_json":{"title":"\u201cL'autonomia dipende da noi\u201d. Sergio Reolon punta sugli Stati generali per vincere la battaglia dello Statuto - Bellunopress - Dolomiti","robots":{"index":"index","follow":"follow","max-snippet":"max-snippet:-1","max-image-preview":"max-image-preview:large","max-video-preview":"max-video-preview:-1"},"canonical":"https:\/\/www.bellunopress.it\/fr\/2009\/04\/26\/\u201clautonomia-dipende-da-noi\u201d-sergio-reolon-punta-sugli-stati-generali-per-vincere-la-battaglia-dello-statuto\/","og_locale":"fr_FR","og_type":"article","og_title":"\u201cL'autonomia dipende da noi\u201d. Sergio Reolon punta sugli Stati generali per vincere la battaglia dello Statuto - Bellunopress - Dolomiti","og_description":"\u201cUn grande patto unitario tra istituzioni, forze sociali, economiche e politiche bellunesi. Da questa unit\u00e0 e da noi in primo luogo dipende l&#8217;autonomia\u201d. Sergio Reolon, candidato alla presidenza della Provincia di Belluno, lo ha detto ieri pomeriggio a Belluno davanti a oltre 250 persone e lo ribadisce oggi: \u201cSubito dopo le elezioni convocher\u00f2 gli stati [&hellip;]","og_url":"https:\/\/www.bellunopress.it\/fr\/2009\/04\/26\/\u201clautonomia-dipende-da-noi\u201d-sergio-reolon-punta-sugli-stati-generali-per-vincere-la-battaglia-dello-statuto\/","og_site_name":"Bellunopress - Dolomiti","article_publisher":"https:\/\/www.facebook.com\/profile.php?id=100008943462799","article_published_time":"2009-04-26T10:45:49+00:00","og_image":[{"url":"http:\/\/www.bellunopress.it\/wp-content\/uploads\/2012\/07\/logo-bellunopress-250x250-2012.jpg","type":"","width":"","height":""}],"author":"redazione","twitter_card":"summary_large_image","twitter_creator":"@bellunopress","twitter_site":"@bellunopress","twitter_misc":{"\u00c9crit par":"redazione","Dur\u00e9e de lecture estim\u00e9e":"1 minute"},"schema":{"@context":"https:\/\/schema.org","@graph":[{"@type":"Article","@id":"https:\/\/www.bellunopress.it\/2009\/04\/26\/%e2%80%9clautonomia-dipende-da-noi%e2%80%9d-sergio-reolon-punta-sugli-stati-generali-per-vincere-la-battaglia-dello-statuto\/#article","isPartOf":{"@id":"https:\/\/www.bellunopress.it\/2009\/04\/26\/%e2%80%9clautonomia-dipende-da-noi%e2%80%9d-sergio-reolon-punta-sugli-stati-generali-per-vincere-la-battaglia-dello-statuto\/"},"author":{"name":"redazione","@id":"https:\/\/www.bellunopress.it\/#\/schema\/person\/79bb06722b37ece1c03d3e94beb30d73"},"headline":"\u201cL&#8217;autonomia dipende da noi\u201d. Sergio Reolon punta sugli Stati generali per vincere la battaglia dello Statuto","datePublished":"2009-04-26T10:45:49+00:00","mainEntityOfPage":{"@id":"https:\/\/www.bellunopress.it\/2009\/04\/26\/%e2%80%9clautonomia-dipende-da-noi%e2%80%9d-sergio-reolon-punta-sugli-stati-generali-per-vincere-la-battaglia-dello-statuto\/"},"wordCount":262,"publisher":{"@id":"https:\/\/www.bellunopress.it\/#organization"},"keywords":["Belluno"],"articleSection":["Cronaca\/Politica","Prima Pagina"],"inLanguage":"fr-FR"},{"@type":"WebPage","@id":"https:\/\/www.bellunopress.it\/2009\/04\/26\/%e2%80%9clautonomia-dipende-da-noi%e2%80%9d-sergio-reolon-punta-sugli-stati-generali-per-vincere-la-battaglia-dello-statuto\/","url":"https:\/\/www.bellunopress.it\/2009\/04\/26\/%e2%80%9clautonomia-dipende-da-noi%e2%80%9d-sergio-reolon-punta-sugli-stati-generali-per-vincere-la-battaglia-dello-statuto\/","name":"\u201cL'autonomia dipende da noi\u201d. Sergio Reolon punta sugli Stati generali per vincere la battaglia dello Statuto - Bellunopress - Dolomiti","isPartOf":{"@id":"https:\/\/www.bellunopress.it\/#website"},"datePublished":"2009-04-26T10:45:49+00:00","breadcrumb":{"@id":"https:\/\/www.bellunopress.it\/2009\/04\/26\/%e2%80%9clautonomia-dipende-da-noi%e2%80%9d-sergio-reolon-punta-sugli-stati-generali-per-vincere-la-battaglia-dello-statuto\/#breadcrumb"},"inLanguage":"fr-FR","potentialAction":[{"@type":"ReadAction","target":["https:\/\/www.bellunopress.it\/2009\/04\/26\/%e2%80%9clautonomia-dipende-da-noi%e2%80%9d-sergio-reolon-punta-sugli-stati-generali-per-vincere-la-battaglia-dello-statuto\/"]}]},{"@type":"BreadcrumbList","@id":"https:\/\/www.bellunopress.it\/2009\/04\/26\/%e2%80%9clautonomia-dipende-da-noi%e2%80%9d-sergio-reolon-punta-sugli-stati-generali-per-vincere-la-battaglia-dello-statuto\/#breadcrumb","itemListElement":[{"@type":"ListItem","position":1,"name":"Home","item":"https:\/\/www.bellunopress.it\/"},{"@type":"ListItem","position":2,"name":"\u201cL&#8217;autonomia dipende da noi\u201d. Sergio Reolon punta sugli Stati generali per vincere la battaglia dello Statuto"}]},{"@type":"WebSite","@id":"https:\/\/www.bellunopress.it\/#website","url":"https:\/\/www.bellunopress.it\/","name":"Bellunopress - Dolomiti","description":"e-mail: redazione@bellunopress.it","publisher":{"@id":"https:\/\/www.bellunopress.it\/#organization"},"potentialAction":[{"@type":"SearchAction","target":{"@type":"EntryPoint","urlTemplate":"https:\/\/www.bellunopress.it\/?s={search_term_string}"},"query-input":{"@type":"PropertyValueSpecification","valueRequired":true,"valueName":"search_term_string"}}],"inLanguage":"fr-FR"},{"@type":"Organization","@id":"https:\/\/www.bellunopress.it\/#organization","name":"Bellunopress","url":"https:\/\/www.bellunopress.it\/","logo":{"@type":"ImageObject","inLanguage":"fr-FR","@id":"https:\/\/www.bellunopress.it\/#\/schema\/logo\/image\/","url":"https:\/\/www.bellunopress.it\/wp-content\/uploads\/2011\/05\/cropped-logo-bellunopress-.jpg","contentUrl":"https:\/\/www.bellunopress.it\/wp-content\/uploads\/2011\/05\/cropped-logo-bellunopress-.jpg","width":512,"height":512,"caption":"Bellunopress"},"image":{"@id":"https:\/\/www.bellunopress.it\/#\/schema\/logo\/image\/"},"sameAs":["https:\/\/www.facebook.com\/profile.php?id=100008943462799","https:\/\/x.com\/bellunopress","https:\/\/www.linkedin.com\/hp\/?dnr=JBzUWaJfMUw8vbXJJ2tVW5-I3jZKvC4wsoxE&amp;amp;amp;amp;amp;amp;trk=nav_responsive_tab_home","https:\/\/www.youtube.com\/channel\/UCxL0wu1uN0_3_7hGG0306cw"]},{"@type":"Person","@id":"https:\/\/www.bellunopress.it\/#\/schema\/person\/79bb06722b37ece1c03d3e94beb30d73","name":"r\u00e9daction","image":{"@type":"ImageObject","inLanguage":"fr-FR","@id":"https:\/\/secure.gravatar.com\/avatar\/37d968a2e67a6fd04c169c4bdef102d0bc5d31b2546345219e348575eb80e9a0?s=96&d=mm&r=g","url":"https:\/\/secure.gravatar.com\/avatar\/37d968a2e67a6fd04c169c4bdef102d0bc5d31b2546345219e348575eb80e9a0?s=96&d=mm&r=g","contentUrl":"https:\/\/secure.gravatar.com\/avatar\/37d968a2e67a6fd04c169c4bdef102d0bc5d31b2546345219e348575eb80e9a0?s=96&d=mm&r=g","caption":"redazione"},"sameAs":["http:\/\/www.bellunopress.it","https:\/\/x.com\/bellunopress"],"url":"https:\/\/www.bellunopress.it\/fr\/author\/redazione\/"}]}},"_links":{"self":[{"href":"https:\/\/www.bellunopress.it\/fr\/wp-json\/wp\/v2\/posts\/3095","targetHints":{"allow":["GET"]}}],"collection":[{"href":"https:\/\/www.bellunopress.it\/fr\/wp-json\/wp\/v2\/posts"}],"about":[{"href":"https:\/\/www.bellunopress.it\/fr\/wp-json\/wp\/v2\/types\/post"}],"author":[{"embeddable":true,"href":"https:\/\/www.bellunopress.it\/fr\/wp-json\/wp\/v2\/users\/2"}],"replies":[{"embeddable":true,"href":"https:\/\/www.bellunopress.it\/fr\/wp-json\/wp\/v2\/comments?post=3095"}],"version-history":[{"count":1,"href":"https:\/\/www.bellunopress.it\/fr\/wp-json\/wp\/v2\/posts\/3095\/revisions"}],"predecessor-version":[{"id":3096,"href":"https:\/\/www.bellunopress.it\/fr\/wp-json\/wp\/v2\/posts\/3095\/revisions\/3096"}],"wp:attachment":[{"href":"https:\/\/www.bellunopress.it\/fr\/wp-json\/wp\/v2\/media?parent=3095"}],"wp:term":[{"taxonomy":"category","embeddable":true,"href":"https:\/\/www.bellunopress.it\/fr\/wp-json\/wp\/v2\/categories?post=3095"},{"taxonomy":"post_tag","embeddable":true,"href":"https:\/\/www.bellunopress.it\/fr\/wp-json\/wp\/v2\/tags?post=3095"}],"curies":[{"name":"wp","href":"https:\/\/api.w.org\/{rel}","templated":true}]}}