{"id":30906,"date":"2011-09-26T16:27:39","date_gmt":"2011-09-26T15:27:39","guid":{"rendered":"http:\/\/www.bellunopress.it\/?p=30906"},"modified":"2011-09-26T16:27:39","modified_gmt":"2011-09-26T15:27:39","slug":"giovedi-il-centro-studi-bellunese-lancia-due-convegni-rivolti-alla-manovra-estiva","status":"publish","type":"post","link":"https:\/\/www.bellunopress.it\/fr\/2011\/09\/26\/giovedi-il-centro-studi-bellunese-lancia-due-convegni-rivolti-alla-manovra-estiva\/","title":{"rendered":"Gioved\u00ec il Centro Studi Bellunese lancia due convegni rivolti alla Manovra Estiva"},"content":{"rendered":"<p>Sono due gli appuntamenti che il Centro Studi Bellunese propone a dirigenti ed amministratori\u00a0 della Pubblica Amministrazione nella giornata del 29 settembre presso la sede dell\u2019Hotel Villa Carpenada. <a href=\"http:\/\/www.bellunopress.it\/wp-content\/uploads\/2009\/09\/centro-studi-bellunese.jpg\"><img loading=\"lazy\" decoding=\"async\" class=\"alignleft size-full wp-image-8276\" title=\"centro-studi-bellunese\" src=\"http:\/\/www.bellunopress.it\/wp-content\/uploads\/2009\/09\/centro-studi-bellunese.jpg\" alt=\"\" width=\"120\" height=\"113\" \/><\/a>\u201cLa manovra estiva\u00a0 e le novit\u00e0 per gli enti locali\u201d saranno le tematiche di fondamentale importanza discusse nella mattinata del gioved\u00ec, l\u2019esposizione del dott. Mauro Bellesia, dirigente del Comune di Vicenza e componente dell\u2019Osservatorio per la Finanza e la Contabilit\u00e0 degli Enti Locali presso il Ministero dell\u2019 Interno, approfondir\u00e0 le tematiche relative ai cambiamenti in materia di contabilit\u00e0 di bilancio in relazione alle regole dei patti di stabilit\u00e0 all\u2019interno dei piccoli Comuni, alla compartecipazione IVA\u00a0 ed ai provvedimenti emanati nell\u2019ambito del federalismo. (gioved\u00ec 29 settembre 2011 ore 9.30 \u2013 12.30)<br \/>\nNel pomeriggio la discussione relative alle tematiche della Manovra Finanziaria proseguir\u00e0, sempre con la presenza del dott. Bellesia, facendo il punto relativamente a \u201c La Manovra Estiva e le ripercussioni sulla gestione dei Comuni e dei servizi pubblici locali\u201d, l\u2019approfondimento tratter\u00e0 l\u2019impatto della Manovra sugli Enti Pubblici locali e le novit\u00e0 apportate alla loro organizzazione cos\u00ec come le possibili ripercussioni sulla gestione nei Comuni pi\u00f9 piccoli. Novit\u00e0 dell\u2019incontro saranno rappresentate dall\u2019 esposizione delle opportunit\u00e0 connesse alla lotta contro l\u2019evasione e dalle novit\u00e0 relative ai temi dei controlli fiscali.\u00a0 (gioved\u00ec 29 settembre 2011 ore 14.00 \u2013 17.30)<br \/>\n\u201cQuesti convegni, che vedono la presenza di un relatore preparato e qualificato- dichiara Antonio Barattin, Presidente del Centro Studi Bellunese, &#8211; vanno a collocarsi in un contesto storico ed economico che vede l\u2019applicazione di normative complesse che prevedono anche una riorganizzazione strutturale ed organizzativa delle Pubbliche Amministrazioni; il ruolo del Centro Studi Bellunese \u00e8, da sempre, quello di proporre momenti di confronto e di aggiornamento ponendosi al servizio delle Pubbliche Amministrazioni\u00a0 alla luce delle disposizioni di legge da attuarsi.\u201d.<br \/>\nInformazioni ed iscrizioni si possono richiedere presso la segreteria del Centro Studi Bellunese (0437 933736) &#8211; fax (0437 \u2013 933 738) o internet (<a href=\"http:\/\/www.centrostudibellunese.it\">www.centrostudibellunese.it<\/a>).<br \/>\nLa partecipazione per gli amministratori degli enti locali della provincia di Belluno \u00e8, come di consueto, gratuita.<\/p>","protected":false},"excerpt":{"rendered":"<p>Sono due gli appuntamenti che il Centro Studi Bellunese propone a dirigenti ed amministratori\u00a0 della Pubblica Amministrazione nella giornata del 29 settembre presso la sede dell\u2019Hotel Villa Carpenada. \u201cLa manovra estiva\u00a0 e le novit\u00e0 per gli enti locali\u201d saranno le tematiche di fondamentale importanza discusse nella mattinata del gioved\u00ec, l\u2019esposizione del dott. Mauro Bellesia, dirigente [&hellip;]<\/p>\n","protected":false},"author":2,"featured_media":0,"comment_status":"closed","ping_status":"open","sticky":false,"template":"","format":"standard","meta":{"footnotes":""},"categories":[27,25],"tags":[],"class_list":["post-30906","post","type-post","status-publish","format-standard","category-appuntamenti","category-pausa-caffe"],"yoast_head":"<!-- This site is optimized with the Yoast SEO plugin v28.4 - https:\/\/yoast.com\/product\/yoast-seo-wordpress\/ -->\n<title>Gioved\u00ec il Centro Studi Bellunese lancia due convegni rivolti alla Manovra Estiva - Bellunopress - Dolomiti<\/title>\n<meta name=\"robots\" content=\"index, follow, max-snippet:-1, max-image-preview:large, max-video-preview:-1\" \/>\n<link rel=\"canonical\" href=\"https:\/\/www.bellunopress.it\/fr\/2011\/09\/26\/giovedi-il-centro-studi-bellunese-lancia-due-convegni-rivolti-alla-manovra-estiva\/\" \/>\n<meta property=\"og:locale\" content=\"fr_FR\" \/>\n<meta property=\"og:type\" content=\"article\" \/>\n<meta property=\"og:title\" content=\"Gioved\u00ec il Centro Studi Bellunese lancia due convegni rivolti alla Manovra Estiva - Bellunopress - Dolomiti\" \/>\n<meta property=\"og:description\" content=\"Sono due gli appuntamenti che il Centro Studi Bellunese propone a dirigenti ed amministratori\u00a0 della Pubblica Amministrazione nella giornata del 29 settembre presso la sede dell\u2019Hotel Villa Carpenada. \u201cLa manovra estiva\u00a0 e le novit\u00e0 per gli enti locali\u201d saranno le tematiche di fondamentale importanza discusse nella mattinata del gioved\u00ec, l\u2019esposizione del dott. Mauro Bellesia, dirigente [&hellip;]\" \/>\n<meta property=\"og:url\" content=\"https:\/\/www.bellunopress.it\/fr\/2011\/09\/26\/giovedi-il-centro-studi-bellunese-lancia-due-convegni-rivolti-alla-manovra-estiva\/\" \/>\n<meta property=\"og:site_name\" content=\"Bellunopress - Dolomiti\" \/>\n<meta property=\"article:publisher\" content=\"https:\/\/www.facebook.com\/profile.php?id=100008943462799\" \/>\n<meta property=\"article:published_time\" content=\"2011-09-26T15:27:39+00:00\" \/>\n<meta property=\"og:image\" content=\"http:\/\/www.bellunopress.it\/wp-content\/uploads\/2009\/09\/centro-studi-bellunese.jpg\" \/>\n<meta name=\"author\" content=\"redazione\" \/>\n<meta name=\"twitter:card\" content=\"summary_large_image\" \/>\n<meta name=\"twitter:creator\" content=\"@bellunopress\" \/>\n<meta name=\"twitter:site\" content=\"@bellunopress\" \/>\n<meta name=\"twitter:label1\" content=\"\u00c9crit par\" \/>\n\t<meta name=\"twitter:data1\" content=\"redazione\" \/>\n\t<meta name=\"twitter:label2\" content=\"Dur\u00e9e de lecture estim\u00e9e\" \/>\n\t<meta name=\"twitter:data2\" content=\"2 minutes\" \/>\n<script type=\"application\/ld+json\" class=\"yoast-schema-graph\">{\"@context\":\"https:\\\/\\\/schema.org\",\"@graph\":[{\"@type\":\"Article\",\"@id\":\"https:\\\/\\\/www.bellunopress.it\\\/2011\\\/09\\\/26\\\/giovedi-il-centro-studi-bellunese-lancia-due-convegni-rivolti-alla-manovra-estiva\\\/#article\",\"isPartOf\":{\"@id\":\"https:\\\/\\\/www.bellunopress.it\\\/2011\\\/09\\\/26\\\/giovedi-il-centro-studi-bellunese-lancia-due-convegni-rivolti-alla-manovra-estiva\\\/\"},\"author\":{\"name\":\"redazione\",\"@id\":\"https:\\\/\\\/www.bellunopress.it\\\/#\\\/schema\\\/person\\\/79bb06722b37ece1c03d3e94beb30d73\"},\"headline\":\"Gioved\u00ec il Centro Studi Bellunese lancia due convegni rivolti alla Manovra Estiva\",\"datePublished\":\"2011-09-26T15:27:39+00:00\",\"mainEntityOfPage\":{\"@id\":\"https:\\\/\\\/www.bellunopress.it\\\/2011\\\/09\\\/26\\\/giovedi-il-centro-studi-bellunese-lancia-due-convegni-rivolti-alla-manovra-estiva\\\/\"},\"wordCount\":338,\"publisher\":{\"@id\":\"https:\\\/\\\/www.bellunopress.it\\\/#organization\"},\"image\":{\"@id\":\"https:\\\/\\\/www.bellunopress.it\\\/2011\\\/09\\\/26\\\/giovedi-il-centro-studi-bellunese-lancia-due-convegni-rivolti-alla-manovra-estiva\\\/#primaryimage\"},\"thumbnailUrl\":\"http:\\\/\\\/www.bellunopress.it\\\/wp-content\\\/uploads\\\/2009\\\/09\\\/centro-studi-bellunese.jpg\",\"articleSection\":[\"Appuntamenti, Eventi\",\"Pausa Caff\u00e8\"],\"inLanguage\":\"fr-FR\"},{\"@type\":\"WebPage\",\"@id\":\"https:\\\/\\\/www.bellunopress.it\\\/2011\\\/09\\\/26\\\/giovedi-il-centro-studi-bellunese-lancia-due-convegni-rivolti-alla-manovra-estiva\\\/\",\"url\":\"https:\\\/\\\/www.bellunopress.it\\\/2011\\\/09\\\/26\\\/giovedi-il-centro-studi-bellunese-lancia-due-convegni-rivolti-alla-manovra-estiva\\\/\",\"name\":\"Gioved\u00ec il Centro Studi Bellunese lancia due convegni rivolti alla Manovra Estiva - Bellunopress - Dolomiti\",\"isPartOf\":{\"@id\":\"https:\\\/\\\/www.bellunopress.it\\\/#website\"},\"primaryImageOfPage\":{\"@id\":\"https:\\\/\\\/www.bellunopress.it\\\/2011\\\/09\\\/26\\\/giovedi-il-centro-studi-bellunese-lancia-due-convegni-rivolti-alla-manovra-estiva\\\/#primaryimage\"},\"image\":{\"@id\":\"https:\\\/\\\/www.bellunopress.it\\\/2011\\\/09\\\/26\\\/giovedi-il-centro-studi-bellunese-lancia-due-convegni-rivolti-alla-manovra-estiva\\\/#primaryimage\"},\"thumbnailUrl\":\"http:\\\/\\\/www.bellunopress.it\\\/wp-content\\\/uploads\\\/2009\\\/09\\\/centro-studi-bellunese.jpg\",\"datePublished\":\"2011-09-26T15:27:39+00:00\",\"breadcrumb\":{\"@id\":\"https:\\\/\\\/www.bellunopress.it\\\/2011\\\/09\\\/26\\\/giovedi-il-centro-studi-bellunese-lancia-due-convegni-rivolti-alla-manovra-estiva\\\/#breadcrumb\"},\"inLanguage\":\"fr-FR\",\"potentialAction\":[{\"@type\":\"ReadAction\",\"target\":[\"https:\\\/\\\/www.bellunopress.it\\\/2011\\\/09\\\/26\\\/giovedi-il-centro-studi-bellunese-lancia-due-convegni-rivolti-alla-manovra-estiva\\\/\"]}]},{\"@type\":\"ImageObject\",\"inLanguage\":\"fr-FR\",\"@id\":\"https:\\\/\\\/www.bellunopress.it\\\/2011\\\/09\\\/26\\\/giovedi-il-centro-studi-bellunese-lancia-due-convegni-rivolti-alla-manovra-estiva\\\/#primaryimage\",\"url\":\"http:\\\/\\\/www.bellunopress.it\\\/wp-content\\\/uploads\\\/2009\\\/09\\\/centro-studi-bellunese.jpg\",\"contentUrl\":\"http:\\\/\\\/www.bellunopress.it\\\/wp-content\\\/uploads\\\/2009\\\/09\\\/centro-studi-bellunese.jpg\"},{\"@type\":\"BreadcrumbList\",\"@id\":\"https:\\\/\\\/www.bellunopress.it\\\/2011\\\/09\\\/26\\\/giovedi-il-centro-studi-bellunese-lancia-due-convegni-rivolti-alla-manovra-estiva\\\/#breadcrumb\",\"itemListElement\":[{\"@type\":\"ListItem\",\"position\":1,\"name\":\"Home\",\"item\":\"https:\\\/\\\/www.bellunopress.it\\\/\"},{\"@type\":\"ListItem\",\"position\":2,\"name\":\"Gioved\u00ec il Centro Studi Bellunese lancia due convegni rivolti alla Manovra Estiva\"}]},{\"@type\":\"WebSite\",\"@id\":\"https:\\\/\\\/www.bellunopress.it\\\/#website\",\"url\":\"https:\\\/\\\/www.bellunopress.it\\\/\",\"name\":\"Bellunopress - Dolomiti\",\"description\":\"e-mail: redazione@bellunopress.it\",\"publisher\":{\"@id\":\"https:\\\/\\\/www.bellunopress.it\\\/#organization\"},\"potentialAction\":[{\"@type\":\"SearchAction\",\"target\":{\"@type\":\"EntryPoint\",\"urlTemplate\":\"https:\\\/\\\/www.bellunopress.it\\\/?s={search_term_string}\"},\"query-input\":{\"@type\":\"PropertyValueSpecification\",\"valueRequired\":true,\"valueName\":\"search_term_string\"}}],\"inLanguage\":\"fr-FR\"},{\"@type\":\"Organization\",\"@id\":\"https:\\\/\\\/www.bellunopress.it\\\/#organization\",\"name\":\"Bellunopress\",\"url\":\"https:\\\/\\\/www.bellunopress.it\\\/\",\"logo\":{\"@type\":\"ImageObject\",\"inLanguage\":\"fr-FR\",\"@id\":\"https:\\\/\\\/www.bellunopress.it\\\/#\\\/schema\\\/logo\\\/image\\\/\",\"url\":\"https:\\\/\\\/www.bellunopress.it\\\/wp-content\\\/uploads\\\/2011\\\/05\\\/cropped-logo-bellunopress-.jpg\",\"contentUrl\":\"https:\\\/\\\/www.bellunopress.it\\\/wp-content\\\/uploads\\\/2011\\\/05\\\/cropped-logo-bellunopress-.jpg\",\"width\":512,\"height\":512,\"caption\":\"Bellunopress\"},\"image\":{\"@id\":\"https:\\\/\\\/www.bellunopress.it\\\/#\\\/schema\\\/logo\\\/image\\\/\"},\"sameAs\":[\"https:\\\/\\\/www.facebook.com\\\/profile.php?id=100008943462799\",\"https:\\\/\\\/x.com\\\/bellunopress\",\"https:\\\/\\\/www.linkedin.com\\\/hp\\\/?dnr=JBzUWaJfMUw8vbXJJ2tVW5-I3jZKvC4wsoxE&amp;amp;amp;amp;amp;amp;trk=nav_responsive_tab_home\",\"https:\\\/\\\/www.youtube.com\\\/channel\\\/UCxL0wu1uN0_3_7hGG0306cw\"]},{\"@type\":\"Person\",\"@id\":\"https:\\\/\\\/www.bellunopress.it\\\/#\\\/schema\\\/person\\\/79bb06722b37ece1c03d3e94beb30d73\",\"name\":\"redazione\",\"image\":{\"@type\":\"ImageObject\",\"inLanguage\":\"fr-FR\",\"@id\":\"https:\\\/\\\/secure.gravatar.com\\\/avatar\\\/37d968a2e67a6fd04c169c4bdef102d0bc5d31b2546345219e348575eb80e9a0?s=96&d=mm&r=g\",\"url\":\"https:\\\/\\\/secure.gravatar.com\\\/avatar\\\/37d968a2e67a6fd04c169c4bdef102d0bc5d31b2546345219e348575eb80e9a0?s=96&d=mm&r=g\",\"contentUrl\":\"https:\\\/\\\/secure.gravatar.com\\\/avatar\\\/37d968a2e67a6fd04c169c4bdef102d0bc5d31b2546345219e348575eb80e9a0?s=96&d=mm&r=g\",\"caption\":\"redazione\"},\"sameAs\":[\"http:\\\/\\\/www.bellunopress.it\",\"https:\\\/\\\/x.com\\\/bellunopress\"],\"url\":\"https:\\\/\\\/www.bellunopress.it\\\/fr\\\/author\\\/redazione\\\/\"}]}<\/script>\n<!-- \/ Yoast SEO plugin. -->","yoast_head_json":{"title":"Gioved\u00ec il Centro Studi Bellunese lancia due convegni rivolti alla Manovra Estiva - Bellunopress - Dolomiti","robots":{"index":"index","follow":"follow","max-snippet":"max-snippet:-1","max-image-preview":"max-image-preview:large","max-video-preview":"max-video-preview:-1"},"canonical":"https:\/\/www.bellunopress.it\/fr\/2011\/09\/26\/giovedi-il-centro-studi-bellunese-lancia-due-convegni-rivolti-alla-manovra-estiva\/","og_locale":"fr_FR","og_type":"article","og_title":"Gioved\u00ec il Centro Studi Bellunese lancia due convegni rivolti alla Manovra Estiva - Bellunopress - Dolomiti","og_description":"Sono due gli appuntamenti che il Centro Studi Bellunese propone a dirigenti ed amministratori\u00a0 della Pubblica Amministrazione nella giornata del 29 settembre presso la sede dell\u2019Hotel Villa Carpenada. \u201cLa manovra estiva\u00a0 e le novit\u00e0 per gli enti locali\u201d saranno le tematiche di fondamentale importanza discusse nella mattinata del gioved\u00ec, l\u2019esposizione del dott. Mauro Bellesia, dirigente [&hellip;]","og_url":"https:\/\/www.bellunopress.it\/fr\/2011\/09\/26\/giovedi-il-centro-studi-bellunese-lancia-due-convegni-rivolti-alla-manovra-estiva\/","og_site_name":"Bellunopress - Dolomiti","article_publisher":"https:\/\/www.facebook.com\/profile.php?id=100008943462799","article_published_time":"2011-09-26T15:27:39+00:00","og_image":[{"url":"http:\/\/www.bellunopress.it\/wp-content\/uploads\/2009\/09\/centro-studi-bellunese.jpg","type":"","width":"","height":""}],"author":"redazione","twitter_card":"summary_large_image","twitter_creator":"@bellunopress","twitter_site":"@bellunopress","twitter_misc":{"\u00c9crit par":"redazione","Dur\u00e9e de lecture estim\u00e9e":"2 minutes"},"schema":{"@context":"https:\/\/schema.org","@graph":[{"@type":"Article","@id":"https:\/\/www.bellunopress.it\/2011\/09\/26\/giovedi-il-centro-studi-bellunese-lancia-due-convegni-rivolti-alla-manovra-estiva\/#article","isPartOf":{"@id":"https:\/\/www.bellunopress.it\/2011\/09\/26\/giovedi-il-centro-studi-bellunese-lancia-due-convegni-rivolti-alla-manovra-estiva\/"},"author":{"name":"redazione","@id":"https:\/\/www.bellunopress.it\/#\/schema\/person\/79bb06722b37ece1c03d3e94beb30d73"},"headline":"Gioved\u00ec il Centro Studi Bellunese lancia due convegni rivolti alla Manovra Estiva","datePublished":"2011-09-26T15:27:39+00:00","mainEntityOfPage":{"@id":"https:\/\/www.bellunopress.it\/2011\/09\/26\/giovedi-il-centro-studi-bellunese-lancia-due-convegni-rivolti-alla-manovra-estiva\/"},"wordCount":338,"publisher":{"@id":"https:\/\/www.bellunopress.it\/#organization"},"image":{"@id":"https:\/\/www.bellunopress.it\/2011\/09\/26\/giovedi-il-centro-studi-bellunese-lancia-due-convegni-rivolti-alla-manovra-estiva\/#primaryimage"},"thumbnailUrl":"http:\/\/www.bellunopress.it\/wp-content\/uploads\/2009\/09\/centro-studi-bellunese.jpg","articleSection":["Appuntamenti, Eventi","Pausa Caff\u00e8"],"inLanguage":"fr-FR"},{"@type":"WebPage","@id":"https:\/\/www.bellunopress.it\/2011\/09\/26\/giovedi-il-centro-studi-bellunese-lancia-due-convegni-rivolti-alla-manovra-estiva\/","url":"https:\/\/www.bellunopress.it\/2011\/09\/26\/giovedi-il-centro-studi-bellunese-lancia-due-convegni-rivolti-alla-manovra-estiva\/","name":"Gioved\u00ec il Centro Studi Bellunese lancia due convegni rivolti alla Manovra Estiva - Bellunopress - Dolomiti","isPartOf":{"@id":"https:\/\/www.bellunopress.it\/#website"},"primaryImageOfPage":{"@id":"https:\/\/www.bellunopress.it\/2011\/09\/26\/giovedi-il-centro-studi-bellunese-lancia-due-convegni-rivolti-alla-manovra-estiva\/#primaryimage"},"image":{"@id":"https:\/\/www.bellunopress.it\/2011\/09\/26\/giovedi-il-centro-studi-bellunese-lancia-due-convegni-rivolti-alla-manovra-estiva\/#primaryimage"},"thumbnailUrl":"http:\/\/www.bellunopress.it\/wp-content\/uploads\/2009\/09\/centro-studi-bellunese.jpg","datePublished":"2011-09-26T15:27:39+00:00","breadcrumb":{"@id":"https:\/\/www.bellunopress.it\/2011\/09\/26\/giovedi-il-centro-studi-bellunese-lancia-due-convegni-rivolti-alla-manovra-estiva\/#breadcrumb"},"inLanguage":"fr-FR","potentialAction":[{"@type":"ReadAction","target":["https:\/\/www.bellunopress.it\/2011\/09\/26\/giovedi-il-centro-studi-bellunese-lancia-due-convegni-rivolti-alla-manovra-estiva\/"]}]},{"@type":"ImageObject","inLanguage":"fr-FR","@id":"https:\/\/www.bellunopress.it\/2011\/09\/26\/giovedi-il-centro-studi-bellunese-lancia-due-convegni-rivolti-alla-manovra-estiva\/#primaryimage","url":"http:\/\/www.bellunopress.it\/wp-content\/uploads\/2009\/09\/centro-studi-bellunese.jpg","contentUrl":"http:\/\/www.bellunopress.it\/wp-content\/uploads\/2009\/09\/centro-studi-bellunese.jpg"},{"@type":"BreadcrumbList","@id":"https:\/\/www.bellunopress.it\/2011\/09\/26\/giovedi-il-centro-studi-bellunese-lancia-due-convegni-rivolti-alla-manovra-estiva\/#breadcrumb","itemListElement":[{"@type":"ListItem","position":1,"name":"Home","item":"https:\/\/www.bellunopress.it\/"},{"@type":"ListItem","position":2,"name":"Gioved\u00ec il Centro Studi Bellunese lancia due convegni rivolti alla Manovra Estiva"}]},{"@type":"WebSite","@id":"https:\/\/www.bellunopress.it\/#website","url":"https:\/\/www.bellunopress.it\/","name":"Bellunopress - Dolomiti","description":"e-mail: redazione@bellunopress.it","publisher":{"@id":"https:\/\/www.bellunopress.it\/#organization"},"potentialAction":[{"@type":"SearchAction","target":{"@type":"EntryPoint","urlTemplate":"https:\/\/www.bellunopress.it\/?s={search_term_string}"},"query-input":{"@type":"PropertyValueSpecification","valueRequired":true,"valueName":"search_term_string"}}],"inLanguage":"fr-FR"},{"@type":"Organization","@id":"https:\/\/www.bellunopress.it\/#organization","name":"Bellunopress","url":"https:\/\/www.bellunopress.it\/","logo":{"@type":"ImageObject","inLanguage":"fr-FR","@id":"https:\/\/www.bellunopress.it\/#\/schema\/logo\/image\/","url":"https:\/\/www.bellunopress.it\/wp-content\/uploads\/2011\/05\/cropped-logo-bellunopress-.jpg","contentUrl":"https:\/\/www.bellunopress.it\/wp-content\/uploads\/2011\/05\/cropped-logo-bellunopress-.jpg","width":512,"height":512,"caption":"Bellunopress"},"image":{"@id":"https:\/\/www.bellunopress.it\/#\/schema\/logo\/image\/"},"sameAs":["https:\/\/www.facebook.com\/profile.php?id=100008943462799","https:\/\/x.com\/bellunopress","https:\/\/www.linkedin.com\/hp\/?dnr=JBzUWaJfMUw8vbXJJ2tVW5-I3jZKvC4wsoxE&amp;amp;amp;amp;amp;amp;trk=nav_responsive_tab_home","https:\/\/www.youtube.com\/channel\/UCxL0wu1uN0_3_7hGG0306cw"]},{"@type":"Person","@id":"https:\/\/www.bellunopress.it\/#\/schema\/person\/79bb06722b37ece1c03d3e94beb30d73","name":"r\u00e9daction","image":{"@type":"ImageObject","inLanguage":"fr-FR","@id":"https:\/\/secure.gravatar.com\/avatar\/37d968a2e67a6fd04c169c4bdef102d0bc5d31b2546345219e348575eb80e9a0?s=96&d=mm&r=g","url":"https:\/\/secure.gravatar.com\/avatar\/37d968a2e67a6fd04c169c4bdef102d0bc5d31b2546345219e348575eb80e9a0?s=96&d=mm&r=g","contentUrl":"https:\/\/secure.gravatar.com\/avatar\/37d968a2e67a6fd04c169c4bdef102d0bc5d31b2546345219e348575eb80e9a0?s=96&d=mm&r=g","caption":"redazione"},"sameAs":["http:\/\/www.bellunopress.it","https:\/\/x.com\/bellunopress"],"url":"https:\/\/www.bellunopress.it\/fr\/author\/redazione\/"}]}},"_links":{"self":[{"href":"https:\/\/www.bellunopress.it\/fr\/wp-json\/wp\/v2\/posts\/30906","targetHints":{"allow":["GET"]}}],"collection":[{"href":"https:\/\/www.bellunopress.it\/fr\/wp-json\/wp\/v2\/posts"}],"about":[{"href":"https:\/\/www.bellunopress.it\/fr\/wp-json\/wp\/v2\/types\/post"}],"author":[{"embeddable":true,"href":"https:\/\/www.bellunopress.it\/fr\/wp-json\/wp\/v2\/users\/2"}],"replies":[{"embeddable":true,"href":"https:\/\/www.bellunopress.it\/fr\/wp-json\/wp\/v2\/comments?post=30906"}],"version-history":[{"count":1,"href":"https:\/\/www.bellunopress.it\/fr\/wp-json\/wp\/v2\/posts\/30906\/revisions"}],"predecessor-version":[{"id":30907,"href":"https:\/\/www.bellunopress.it\/fr\/wp-json\/wp\/v2\/posts\/30906\/revisions\/30907"}],"wp:attachment":[{"href":"https:\/\/www.bellunopress.it\/fr\/wp-json\/wp\/v2\/media?parent=30906"}],"wp:term":[{"taxonomy":"category","embeddable":true,"href":"https:\/\/www.bellunopress.it\/fr\/wp-json\/wp\/v2\/categories?post=30906"},{"taxonomy":"post_tag","embeddable":true,"href":"https:\/\/www.bellunopress.it\/fr\/wp-json\/wp\/v2\/tags?post=30906"}],"curies":[{"name":"wp","href":"https:\/\/api.w.org\/{rel}","templated":true}]}}