{"id":30821,"date":"2011-09-23T12:50:34","date_gmt":"2011-09-23T11:50:34","guid":{"rendered":"http:\/\/www.bellunopress.it\/?p=30821"},"modified":"2011-09-22T20:52:10","modified_gmt":"2011-09-22T19:52:10","slug":"a-sass-muss-di-sospirolo-sabato-sera-musica-live","status":"publish","type":"post","link":"https:\/\/www.bellunopress.it\/fr\/2011\/09\/23\/a-sass-muss-di-sospirolo-sabato-sera-musica-live\/","title":{"rendered":"A Sass Muss di Sospirolo sabato sera musica live"},"content":{"rendered":"<p>Sabato 24 settembre dalle ore 22 si esibiranno sotto i portici industriali del padiglione Schiara &#8220;Il moro e il quasi biondo &#8211; elettronica\/trip-hop &#8211; Udine<br \/>\nElettronici e acustici insieme? Funziona davvero solo se si ha l&#8217;anima sperimentale. Udinesi e vicini di casa da un sacco di tempo, Il Moro E Il Quasi Biondo maturano nella scena indie italiana che, ognuno per conto proprio, frequentano sin dagli anni Novanta.<br \/>\nDiversamente da quel che suggerisce il nome, in realt\u00e0 il gruppo (o progetto musicale, come preferiscono definirsi) \u00e8 composto da tre persone: Lorenzo Commisso (laptop, chitarra, voci), Roberto D&#8217;Agostin (batteria, chitarra, clarinetto, glockenspiel) e Mario Ruggiero (laptop, chitarra).<br \/>\nPresente spesso dal vivo c&#8217;\u00e8 pure il batterista Matteo Danese, che grazie alla sua Matteite Records produce l&#8217;album d&#8217;esordio &#8220;Questa \u00c8 Una Parentesi: )&#8221;, uscito all&#8217;inizio di maggio del 2008 e occasione di una breve tourn\u00e9e in giro per l&#8217;Italia.<br \/>\nAndando a spulciare nei curricola dei musicisti, si scopre che la loro formazione \u00e8 decisamente eclettica e abbraccia le pi\u00f9 varie forme espressive, dal cinema al cruciverba. Si capisce dunque come nasca il loro sound orgogliosamente sperimentale, meditativo e intellettuale.<br \/>\n<a href=\"http:\/\/www.myspace.com\/ilmoroeilquasibiondoHH\">www.myspace.com\/ilmoroeilquasibiondo<\/a><\/p>\n<p>HH &#8211; post-punk &#8211; Belluno<br \/>\nDue creature di questo mondo, che qualche anno orsono si incontrarono nelle fredde lande Bellunesi, notando che con il minimo sforzo si pu\u00f2 avere il massimo risultato. Partendo da questo presupposto, H0 e H1, decisero di mettere insieme i loro minimi sforzi per arrivare ad un risultato eccelso, ovvero la conquista del Mondo.<br \/>\nVerr\u00e0 il giorno, prima o poi, in cui HH sar\u00e0.<br \/>\n<a href=\"http:\/\/www.myspace.com\/calamitihh\">http:\/\/www.myspace.com\/calamitihh<\/a><\/p>","protected":false},"excerpt":{"rendered":"<p>Sabato 24 settembre dalle ore 22 si esibiranno sotto i portici industriali del padiglione Schiara &#8220;Il moro e il quasi biondo &#8211; elettronica\/trip-hop &#8211; Udine Elettronici e acustici insieme? Funziona davvero solo se si ha l&#8217;anima sperimentale. Udinesi e vicini di casa da un sacco di tempo, Il Moro E Il Quasi Biondo maturano nella [&hellip;]<\/p>\n","protected":false},"author":2,"featured_media":0,"comment_status":"closed","ping_status":"open","sticky":false,"template":"","format":"standard","meta":{"footnotes":""},"categories":[27,25],"tags":[],"class_list":["post-30821","post","type-post","status-publish","format-standard","category-appuntamenti","category-pausa-caffe"],"yoast_head":"<!-- This site is optimized with the Yoast SEO plugin v28.4 - https:\/\/yoast.com\/product\/yoast-seo-wordpress\/ -->\n<title>A Sass Muss di Sospirolo sabato sera musica live - Bellunopress - Dolomiti<\/title>\n<meta name=\"robots\" content=\"index, follow, max-snippet:-1, max-image-preview:large, max-video-preview:-1\" \/>\n<link rel=\"canonical\" href=\"https:\/\/www.bellunopress.it\/fr\/2011\/09\/23\/a-sass-muss-di-sospirolo-sabato-sera-musica-live\/\" \/>\n<meta property=\"og:locale\" content=\"fr_FR\" \/>\n<meta property=\"og:type\" content=\"article\" \/>\n<meta property=\"og:title\" content=\"A Sass Muss di Sospirolo sabato sera musica live - Bellunopress - Dolomiti\" \/>\n<meta property=\"og:description\" content=\"Sabato 24 settembre dalle ore 22 si esibiranno sotto i portici industriali del padiglione Schiara &#8220;Il moro e il quasi biondo &#8211; elettronica\/trip-hop &#8211; Udine Elettronici e acustici insieme? Funziona davvero solo se si ha l&#8217;anima sperimentale. Udinesi e vicini di casa da un sacco di tempo, Il Moro E Il Quasi Biondo maturano nella [&hellip;]\" \/>\n<meta property=\"og:url\" content=\"https:\/\/www.bellunopress.it\/fr\/2011\/09\/23\/a-sass-muss-di-sospirolo-sabato-sera-musica-live\/\" \/>\n<meta property=\"og:site_name\" content=\"Bellunopress - Dolomiti\" \/>\n<meta property=\"article:publisher\" content=\"https:\/\/www.facebook.com\/profile.php?id=100008943462799\" \/>\n<meta property=\"article:published_time\" content=\"2011-09-23T11:50:34+00:00\" \/>\n<meta property=\"og:image\" content=\"http:\/\/www.bellunopress.it\/wp-content\/uploads\/2012\/07\/logo-bellunopress-250x250-2012.jpg\" \/>\n<meta name=\"author\" content=\"redazione\" \/>\n<meta name=\"twitter:card\" content=\"summary_large_image\" \/>\n<meta name=\"twitter:creator\" content=\"@bellunopress\" \/>\n<meta name=\"twitter:site\" content=\"@bellunopress\" \/>\n<meta name=\"twitter:label1\" content=\"\u00c9crit par\" \/>\n\t<meta name=\"twitter:data1\" content=\"redazione\" \/>\n\t<meta name=\"twitter:label2\" content=\"Dur\u00e9e de lecture estim\u00e9e\" \/>\n\t<meta name=\"twitter:data2\" content=\"1 minute\" \/>\n<script type=\"application\/ld+json\" class=\"yoast-schema-graph\">{\"@context\":\"https:\\\/\\\/schema.org\",\"@graph\":[{\"@type\":\"Article\",\"@id\":\"https:\\\/\\\/www.bellunopress.it\\\/2011\\\/09\\\/23\\\/a-sass-muss-di-sospirolo-sabato-sera-musica-live\\\/#article\",\"isPartOf\":{\"@id\":\"https:\\\/\\\/www.bellunopress.it\\\/2011\\\/09\\\/23\\\/a-sass-muss-di-sospirolo-sabato-sera-musica-live\\\/\"},\"author\":{\"name\":\"redazione\",\"@id\":\"https:\\\/\\\/www.bellunopress.it\\\/#\\\/schema\\\/person\\\/79bb06722b37ece1c03d3e94beb30d73\"},\"headline\":\"A Sass Muss di Sospirolo sabato sera musica live\",\"datePublished\":\"2011-09-23T11:50:34+00:00\",\"mainEntityOfPage\":{\"@id\":\"https:\\\/\\\/www.bellunopress.it\\\/2011\\\/09\\\/23\\\/a-sass-muss-di-sospirolo-sabato-sera-musica-live\\\/\"},\"wordCount\":273,\"publisher\":{\"@id\":\"https:\\\/\\\/www.bellunopress.it\\\/#organization\"},\"articleSection\":[\"Appuntamenti, Eventi\",\"Pausa Caff\u00e8\"],\"inLanguage\":\"fr-FR\"},{\"@type\":\"WebPage\",\"@id\":\"https:\\\/\\\/www.bellunopress.it\\\/2011\\\/09\\\/23\\\/a-sass-muss-di-sospirolo-sabato-sera-musica-live\\\/\",\"url\":\"https:\\\/\\\/www.bellunopress.it\\\/2011\\\/09\\\/23\\\/a-sass-muss-di-sospirolo-sabato-sera-musica-live\\\/\",\"name\":\"A Sass Muss di Sospirolo sabato sera musica live - Bellunopress - Dolomiti\",\"isPartOf\":{\"@id\":\"https:\\\/\\\/www.bellunopress.it\\\/#website\"},\"datePublished\":\"2011-09-23T11:50:34+00:00\",\"breadcrumb\":{\"@id\":\"https:\\\/\\\/www.bellunopress.it\\\/2011\\\/09\\\/23\\\/a-sass-muss-di-sospirolo-sabato-sera-musica-live\\\/#breadcrumb\"},\"inLanguage\":\"fr-FR\",\"potentialAction\":[{\"@type\":\"ReadAction\",\"target\":[\"https:\\\/\\\/www.bellunopress.it\\\/2011\\\/09\\\/23\\\/a-sass-muss-di-sospirolo-sabato-sera-musica-live\\\/\"]}]},{\"@type\":\"BreadcrumbList\",\"@id\":\"https:\\\/\\\/www.bellunopress.it\\\/2011\\\/09\\\/23\\\/a-sass-muss-di-sospirolo-sabato-sera-musica-live\\\/#breadcrumb\",\"itemListElement\":[{\"@type\":\"ListItem\",\"position\":1,\"name\":\"Home\",\"item\":\"https:\\\/\\\/www.bellunopress.it\\\/\"},{\"@type\":\"ListItem\",\"position\":2,\"name\":\"A Sass Muss di Sospirolo sabato sera musica live\"}]},{\"@type\":\"WebSite\",\"@id\":\"https:\\\/\\\/www.bellunopress.it\\\/#website\",\"url\":\"https:\\\/\\\/www.bellunopress.it\\\/\",\"name\":\"Bellunopress - Dolomiti\",\"description\":\"e-mail: redazione@bellunopress.it\",\"publisher\":{\"@id\":\"https:\\\/\\\/www.bellunopress.it\\\/#organization\"},\"potentialAction\":[{\"@type\":\"SearchAction\",\"target\":{\"@type\":\"EntryPoint\",\"urlTemplate\":\"https:\\\/\\\/www.bellunopress.it\\\/?s={search_term_string}\"},\"query-input\":{\"@type\":\"PropertyValueSpecification\",\"valueRequired\":true,\"valueName\":\"search_term_string\"}}],\"inLanguage\":\"fr-FR\"},{\"@type\":\"Organization\",\"@id\":\"https:\\\/\\\/www.bellunopress.it\\\/#organization\",\"name\":\"Bellunopress\",\"url\":\"https:\\\/\\\/www.bellunopress.it\\\/\",\"logo\":{\"@type\":\"ImageObject\",\"inLanguage\":\"fr-FR\",\"@id\":\"https:\\\/\\\/www.bellunopress.it\\\/#\\\/schema\\\/logo\\\/image\\\/\",\"url\":\"https:\\\/\\\/www.bellunopress.it\\\/wp-content\\\/uploads\\\/2011\\\/05\\\/cropped-logo-bellunopress-.jpg\",\"contentUrl\":\"https:\\\/\\\/www.bellunopress.it\\\/wp-content\\\/uploads\\\/2011\\\/05\\\/cropped-logo-bellunopress-.jpg\",\"width\":512,\"height\":512,\"caption\":\"Bellunopress\"},\"image\":{\"@id\":\"https:\\\/\\\/www.bellunopress.it\\\/#\\\/schema\\\/logo\\\/image\\\/\"},\"sameAs\":[\"https:\\\/\\\/www.facebook.com\\\/profile.php?id=100008943462799\",\"https:\\\/\\\/x.com\\\/bellunopress\",\"https:\\\/\\\/www.linkedin.com\\\/hp\\\/?dnr=JBzUWaJfMUw8vbXJJ2tVW5-I3jZKvC4wsoxE&amp;amp;amp;amp;amp;amp;trk=nav_responsive_tab_home\",\"https:\\\/\\\/www.youtube.com\\\/channel\\\/UCxL0wu1uN0_3_7hGG0306cw\"]},{\"@type\":\"Person\",\"@id\":\"https:\\\/\\\/www.bellunopress.it\\\/#\\\/schema\\\/person\\\/79bb06722b37ece1c03d3e94beb30d73\",\"name\":\"redazione\",\"image\":{\"@type\":\"ImageObject\",\"inLanguage\":\"fr-FR\",\"@id\":\"https:\\\/\\\/secure.gravatar.com\\\/avatar\\\/37d968a2e67a6fd04c169c4bdef102d0bc5d31b2546345219e348575eb80e9a0?s=96&d=mm&r=g\",\"url\":\"https:\\\/\\\/secure.gravatar.com\\\/avatar\\\/37d968a2e67a6fd04c169c4bdef102d0bc5d31b2546345219e348575eb80e9a0?s=96&d=mm&r=g\",\"contentUrl\":\"https:\\\/\\\/secure.gravatar.com\\\/avatar\\\/37d968a2e67a6fd04c169c4bdef102d0bc5d31b2546345219e348575eb80e9a0?s=96&d=mm&r=g\",\"caption\":\"redazione\"},\"sameAs\":[\"http:\\\/\\\/www.bellunopress.it\",\"https:\\\/\\\/x.com\\\/bellunopress\"],\"url\":\"https:\\\/\\\/www.bellunopress.it\\\/fr\\\/author\\\/redazione\\\/\"}]}<\/script>\n<!-- \/ Yoast SEO plugin. -->","yoast_head_json":{"title":"A Sass Muss di Sospirolo sabato sera musica live - Bellunopress - Dolomiti","robots":{"index":"index","follow":"follow","max-snippet":"max-snippet:-1","max-image-preview":"max-image-preview:large","max-video-preview":"max-video-preview:-1"},"canonical":"https:\/\/www.bellunopress.it\/fr\/2011\/09\/23\/a-sass-muss-di-sospirolo-sabato-sera-musica-live\/","og_locale":"fr_FR","og_type":"article","og_title":"A Sass Muss di Sospirolo sabato sera musica live - Bellunopress - Dolomiti","og_description":"Sabato 24 settembre dalle ore 22 si esibiranno sotto i portici industriali del padiglione Schiara &#8220;Il moro e il quasi biondo &#8211; elettronica\/trip-hop &#8211; Udine Elettronici e acustici insieme? Funziona davvero solo se si ha l&#8217;anima sperimentale. Udinesi e vicini di casa da un sacco di tempo, Il Moro E Il Quasi Biondo maturano nella [&hellip;]","og_url":"https:\/\/www.bellunopress.it\/fr\/2011\/09\/23\/a-sass-muss-di-sospirolo-sabato-sera-musica-live\/","og_site_name":"Bellunopress - Dolomiti","article_publisher":"https:\/\/www.facebook.com\/profile.php?id=100008943462799","article_published_time":"2011-09-23T11:50:34+00:00","og_image":[{"url":"http:\/\/www.bellunopress.it\/wp-content\/uploads\/2012\/07\/logo-bellunopress-250x250-2012.jpg","type":"","width":"","height":""}],"author":"redazione","twitter_card":"summary_large_image","twitter_creator":"@bellunopress","twitter_site":"@bellunopress","twitter_misc":{"\u00c9crit par":"redazione","Dur\u00e9e de lecture estim\u00e9e":"1 minute"},"schema":{"@context":"https:\/\/schema.org","@graph":[{"@type":"Article","@id":"https:\/\/www.bellunopress.it\/2011\/09\/23\/a-sass-muss-di-sospirolo-sabato-sera-musica-live\/#article","isPartOf":{"@id":"https:\/\/www.bellunopress.it\/2011\/09\/23\/a-sass-muss-di-sospirolo-sabato-sera-musica-live\/"},"author":{"name":"redazione","@id":"https:\/\/www.bellunopress.it\/#\/schema\/person\/79bb06722b37ece1c03d3e94beb30d73"},"headline":"A Sass Muss di Sospirolo sabato sera musica live","datePublished":"2011-09-23T11:50:34+00:00","mainEntityOfPage":{"@id":"https:\/\/www.bellunopress.it\/2011\/09\/23\/a-sass-muss-di-sospirolo-sabato-sera-musica-live\/"},"wordCount":273,"publisher":{"@id":"https:\/\/www.bellunopress.it\/#organization"},"articleSection":["Appuntamenti, Eventi","Pausa Caff\u00e8"],"inLanguage":"fr-FR"},{"@type":"WebPage","@id":"https:\/\/www.bellunopress.it\/2011\/09\/23\/a-sass-muss-di-sospirolo-sabato-sera-musica-live\/","url":"https:\/\/www.bellunopress.it\/2011\/09\/23\/a-sass-muss-di-sospirolo-sabato-sera-musica-live\/","name":"A Sass Muss di Sospirolo sabato sera musica live - Bellunopress - Dolomiti","isPartOf":{"@id":"https:\/\/www.bellunopress.it\/#website"},"datePublished":"2011-09-23T11:50:34+00:00","breadcrumb":{"@id":"https:\/\/www.bellunopress.it\/2011\/09\/23\/a-sass-muss-di-sospirolo-sabato-sera-musica-live\/#breadcrumb"},"inLanguage":"fr-FR","potentialAction":[{"@type":"ReadAction","target":["https:\/\/www.bellunopress.it\/2011\/09\/23\/a-sass-muss-di-sospirolo-sabato-sera-musica-live\/"]}]},{"@type":"BreadcrumbList","@id":"https:\/\/www.bellunopress.it\/2011\/09\/23\/a-sass-muss-di-sospirolo-sabato-sera-musica-live\/#breadcrumb","itemListElement":[{"@type":"ListItem","position":1,"name":"Home","item":"https:\/\/www.bellunopress.it\/"},{"@type":"ListItem","position":2,"name":"A Sass Muss di Sospirolo sabato sera musica live"}]},{"@type":"WebSite","@id":"https:\/\/www.bellunopress.it\/#website","url":"https:\/\/www.bellunopress.it\/","name":"Bellunopress - Dolomiti","description":"e-mail: redazione@bellunopress.it","publisher":{"@id":"https:\/\/www.bellunopress.it\/#organization"},"potentialAction":[{"@type":"SearchAction","target":{"@type":"EntryPoint","urlTemplate":"https:\/\/www.bellunopress.it\/?s={search_term_string}"},"query-input":{"@type":"PropertyValueSpecification","valueRequired":true,"valueName":"search_term_string"}}],"inLanguage":"fr-FR"},{"@type":"Organization","@id":"https:\/\/www.bellunopress.it\/#organization","name":"Bellunopress","url":"https:\/\/www.bellunopress.it\/","logo":{"@type":"ImageObject","inLanguage":"fr-FR","@id":"https:\/\/www.bellunopress.it\/#\/schema\/logo\/image\/","url":"https:\/\/www.bellunopress.it\/wp-content\/uploads\/2011\/05\/cropped-logo-bellunopress-.jpg","contentUrl":"https:\/\/www.bellunopress.it\/wp-content\/uploads\/2011\/05\/cropped-logo-bellunopress-.jpg","width":512,"height":512,"caption":"Bellunopress"},"image":{"@id":"https:\/\/www.bellunopress.it\/#\/schema\/logo\/image\/"},"sameAs":["https:\/\/www.facebook.com\/profile.php?id=100008943462799","https:\/\/x.com\/bellunopress","https:\/\/www.linkedin.com\/hp\/?dnr=JBzUWaJfMUw8vbXJJ2tVW5-I3jZKvC4wsoxE&amp;amp;amp;amp;amp;amp;trk=nav_responsive_tab_home","https:\/\/www.youtube.com\/channel\/UCxL0wu1uN0_3_7hGG0306cw"]},{"@type":"Person","@id":"https:\/\/www.bellunopress.it\/#\/schema\/person\/79bb06722b37ece1c03d3e94beb30d73","name":"r\u00e9daction","image":{"@type":"ImageObject","inLanguage":"fr-FR","@id":"https:\/\/secure.gravatar.com\/avatar\/37d968a2e67a6fd04c169c4bdef102d0bc5d31b2546345219e348575eb80e9a0?s=96&d=mm&r=g","url":"https:\/\/secure.gravatar.com\/avatar\/37d968a2e67a6fd04c169c4bdef102d0bc5d31b2546345219e348575eb80e9a0?s=96&d=mm&r=g","contentUrl":"https:\/\/secure.gravatar.com\/avatar\/37d968a2e67a6fd04c169c4bdef102d0bc5d31b2546345219e348575eb80e9a0?s=96&d=mm&r=g","caption":"redazione"},"sameAs":["http:\/\/www.bellunopress.it","https:\/\/x.com\/bellunopress"],"url":"https:\/\/www.bellunopress.it\/fr\/author\/redazione\/"}]}},"_links":{"self":[{"href":"https:\/\/www.bellunopress.it\/fr\/wp-json\/wp\/v2\/posts\/30821","targetHints":{"allow":["GET"]}}],"collection":[{"href":"https:\/\/www.bellunopress.it\/fr\/wp-json\/wp\/v2\/posts"}],"about":[{"href":"https:\/\/www.bellunopress.it\/fr\/wp-json\/wp\/v2\/types\/post"}],"author":[{"embeddable":true,"href":"https:\/\/www.bellunopress.it\/fr\/wp-json\/wp\/v2\/users\/2"}],"replies":[{"embeddable":true,"href":"https:\/\/www.bellunopress.it\/fr\/wp-json\/wp\/v2\/comments?post=30821"}],"version-history":[{"count":1,"href":"https:\/\/www.bellunopress.it\/fr\/wp-json\/wp\/v2\/posts\/30821\/revisions"}],"predecessor-version":[{"id":30822,"href":"https:\/\/www.bellunopress.it\/fr\/wp-json\/wp\/v2\/posts\/30821\/revisions\/30822"}],"wp:attachment":[{"href":"https:\/\/www.bellunopress.it\/fr\/wp-json\/wp\/v2\/media?parent=30821"}],"wp:term":[{"taxonomy":"category","embeddable":true,"href":"https:\/\/www.bellunopress.it\/fr\/wp-json\/wp\/v2\/categories?post=30821"},{"taxonomy":"post_tag","embeddable":true,"href":"https:\/\/www.bellunopress.it\/fr\/wp-json\/wp\/v2\/tags?post=30821"}],"curies":[{"name":"wp","href":"https:\/\/api.w.org\/{rel}","templated":true}]}}