{"id":30819,"date":"2011-09-25T06:41:38","date_gmt":"2011-09-25T05:41:38","guid":{"rendered":"http:\/\/www.bellunopress.it\/?p=30819"},"modified":"2011-09-22T20:43:06","modified_gmt":"2011-09-22T19:43:06","slug":"lunedi-in-sala-bianchi-presentazione-del-libro-%e2%80%9ctsunami-nucleare%e2%80%9d-di-pio-d%e2%80%99emilia","status":"publish","type":"post","link":"https:\/\/www.bellunopress.it\/fr\/2011\/09\/25\/lunedi-in-sala-bianchi-presentazione-del-libro-%e2%80%9ctsunami-nucleare%e2%80%9d-di-pio-d%e2%80%99emilia\/","title":{"rendered":"Luned\u00ec in Sala Bianchi, presentazione del libro \u201cTsunami nucleare\u201d di Pio d\u2019Emilia"},"content":{"rendered":"<p>Luned\u00ec 26 settembre alle ore 18.00 presso la sala Eliseo Dal Pont \u201cBianchi\u201d di viale Fantuzzi a Belluno, si svolger\u00e0 la presentazione del libro \u201cTsunami nucleare\u201d di Pio d\u2019Emilia. Introdurr\u00e0 la serata l\u2019Assessore alla Cultura del Comune Maria Grazia Passuello e presenter\u00e0 il libro il giornalista Marco Perale. L\u2019evento \u00e8 curato dalla Biblioteca civica di Belluno. L\u201911 marzo 2011, un sisma di magnitudo 9.0, seguito da uno tsunami, ha sconvolto il Giappone. In un diario di trenta giorni trascorsi al \u201cfronte\u201d, Pio d\u2019Emilia, corrispondente da Tokyo per SKY TG24 e firma storica de Il Manifesto, \u00e8 uno dei pochi che, armato di mascherina d\u2019ordinanza e con in mano il calcola sievert, il dispositivo che misura i livelli delle radiazioni, ha osato quello che la maggior parte dei corrispondenti ha preferito evitare: oltrepassare la cintura maledetta, quella che circonda a un raggio di 20 km la centrale di Fukushima, per mostrare al pubblico i reattori che stanno tenendo il mondo con il fiato sospeso.<br \/>\nLa cronaca del giornalista si alterna a quella dell\u2019uomo che si interroga a proposito delle prospettive di un paese totalmente da ricostruire e al contempo minacciato da un altro possibile \u201ctsunami\u201d, quello nucleare, i cui danni sono tutt\u2019ora imprevedibili.<br \/>\nTsunami Nucleare \u00e8 anche, ad un terzo livello di lettura, la riflessione sul modo in cui si \u00e8 parlato del terremoto sui media internazionali, e italiani in ispecie. In appendice al volume, una serie di interviste offrono diversi punti di vista su quanto accaduto: dal politico allo scrittore, dall\u2019esperto nucleare al cittadino comune. E un esempio di \u201cmuro della vergogna\u201d, un accurato elenco, elaborato da un think tank statunitense, delle notizie infondate sullo tsunami apparse sulla stampa internazionale. A testimoniare il cambiamento, anche una serie di fotografie scattate dopo la catastrofe.<br \/>\nPio d\u2019Emilia, giornalista, si \u00e8 occupato di Giappone e sud est asiatico per circa trent\u2019anni, collaborando con il Messaggero, il Manifesto, l\u2019Espresso, la Rai. Dal 2005 \u00e8 corrispondente per l\u2019Estremo Oriente di SKY TG24, per cui ha coperto gli scontri nel Tibet e in Birmania, le elezioni a Taiwan, la crisi coreana anche da Pyong Yang, la guerra in Georgia. E ora lo tsunami giapponese.<br \/>\nVisto l\u2019argomento di estrema attualit\u00e0 ed interesse, tutti sono invitati a partecipare.<\/p>","protected":false},"excerpt":{"rendered":"<p>Luned\u00ec 26 settembre alle ore 18.00 presso la sala Eliseo Dal Pont \u201cBianchi\u201d di viale Fantuzzi a Belluno, si svolger\u00e0 la presentazione del libro \u201cTsunami nucleare\u201d di Pio d\u2019Emilia. Introdurr\u00e0 la serata l\u2019Assessore alla Cultura del Comune Maria Grazia Passuello e presenter\u00e0 il libro il giornalista Marco Perale. L\u2019evento \u00e8 curato dalla Biblioteca civica di [&hellip;]<\/p>\n","protected":false},"author":2,"featured_media":0,"comment_status":"closed","ping_status":"open","sticky":false,"template":"","format":"standard","meta":{"footnotes":""},"categories":[27,3,25],"tags":[],"class_list":["post-30819","post","type-post","status-publish","format-standard","category-appuntamenti","category-arte-cultura-spettacoli-scienza-archivi","category-pausa-caffe"],"yoast_head":"<!-- This site is optimized with the Yoast SEO plugin v28.4 - https:\/\/yoast.com\/product\/yoast-seo-wordpress\/ -->\n<title>Luned\u00ec in Sala Bianchi, presentazione del libro \u201cTsunami nucleare\u201d di Pio d\u2019Emilia - Bellunopress - Dolomiti<\/title>\n<meta name=\"robots\" content=\"index, follow, max-snippet:-1, max-image-preview:large, max-video-preview:-1\" \/>\n<link rel=\"canonical\" href=\"https:\/\/www.bellunopress.it\/fr\/2011\/09\/25\/lunedi-in-sala-bianchi-presentazione-del-libro-\u201ctsunami-nucleare\u201d-di-pio-d\u2019emilia\/\" \/>\n<meta property=\"og:locale\" content=\"fr_FR\" \/>\n<meta property=\"og:type\" content=\"article\" \/>\n<meta property=\"og:title\" content=\"Luned\u00ec in Sala Bianchi, presentazione del libro \u201cTsunami nucleare\u201d di Pio d\u2019Emilia - Bellunopress - Dolomiti\" \/>\n<meta property=\"og:description\" content=\"Luned\u00ec 26 settembre alle ore 18.00 presso la sala Eliseo Dal Pont \u201cBianchi\u201d di viale Fantuzzi a Belluno, si svolger\u00e0 la presentazione del libro \u201cTsunami nucleare\u201d di Pio d\u2019Emilia. Introdurr\u00e0 la serata l\u2019Assessore alla Cultura del Comune Maria Grazia Passuello e presenter\u00e0 il libro il giornalista Marco Perale. L\u2019evento \u00e8 curato dalla Biblioteca civica di [&hellip;]\" \/>\n<meta property=\"og:url\" content=\"https:\/\/www.bellunopress.it\/fr\/2011\/09\/25\/lunedi-in-sala-bianchi-presentazione-del-libro-\u201ctsunami-nucleare\u201d-di-pio-d\u2019emilia\/\" \/>\n<meta property=\"og:site_name\" content=\"Bellunopress - Dolomiti\" \/>\n<meta property=\"article:publisher\" content=\"https:\/\/www.facebook.com\/profile.php?id=100008943462799\" \/>\n<meta property=\"article:published_time\" content=\"2011-09-25T05:41:38+00:00\" \/>\n<meta property=\"og:image\" content=\"http:\/\/www.bellunopress.it\/wp-content\/uploads\/2012\/07\/logo-bellunopress-250x250-2012.jpg\" \/>\n<meta name=\"author\" content=\"redazione\" \/>\n<meta name=\"twitter:card\" content=\"summary_large_image\" \/>\n<meta name=\"twitter:creator\" content=\"@bellunopress\" \/>\n<meta name=\"twitter:site\" content=\"@bellunopress\" \/>\n<meta name=\"twitter:label1\" content=\"\u00c9crit par\" \/>\n\t<meta name=\"twitter:data1\" content=\"redazione\" \/>\n\t<meta name=\"twitter:label2\" content=\"Dur\u00e9e de lecture estim\u00e9e\" \/>\n\t<meta name=\"twitter:data2\" content=\"2 minutes\" \/>\n<script type=\"application\/ld+json\" class=\"yoast-schema-graph\">{\"@context\":\"https:\\\/\\\/schema.org\",\"@graph\":[{\"@type\":\"Article\",\"@id\":\"https:\\\/\\\/www.bellunopress.it\\\/2011\\\/09\\\/25\\\/lunedi-in-sala-bianchi-presentazione-del-libro-%e2%80%9ctsunami-nucleare%e2%80%9d-di-pio-d%e2%80%99emilia\\\/#article\",\"isPartOf\":{\"@id\":\"https:\\\/\\\/www.bellunopress.it\\\/2011\\\/09\\\/25\\\/lunedi-in-sala-bianchi-presentazione-del-libro-%e2%80%9ctsunami-nucleare%e2%80%9d-di-pio-d%e2%80%99emilia\\\/\"},\"author\":{\"name\":\"redazione\",\"@id\":\"https:\\\/\\\/www.bellunopress.it\\\/#\\\/schema\\\/person\\\/79bb06722b37ece1c03d3e94beb30d73\"},\"headline\":\"Luned\u00ec in Sala Bianchi, presentazione del libro \u201cTsunami nucleare\u201d di Pio d\u2019Emilia\",\"datePublished\":\"2011-09-25T05:41:38+00:00\",\"mainEntityOfPage\":{\"@id\":\"https:\\\/\\\/www.bellunopress.it\\\/2011\\\/09\\\/25\\\/lunedi-in-sala-bianchi-presentazione-del-libro-%e2%80%9ctsunami-nucleare%e2%80%9d-di-pio-d%e2%80%99emilia\\\/\"},\"wordCount\":384,\"publisher\":{\"@id\":\"https:\\\/\\\/www.bellunopress.it\\\/#organization\"},\"articleSection\":[\"Appuntamenti, Eventi\",\"Arte, Cultura, Spettacoli, Scienza\",\"Pausa Caff\u00e8\"],\"inLanguage\":\"fr-FR\"},{\"@type\":\"WebPage\",\"@id\":\"https:\\\/\\\/www.bellunopress.it\\\/2011\\\/09\\\/25\\\/lunedi-in-sala-bianchi-presentazione-del-libro-%e2%80%9ctsunami-nucleare%e2%80%9d-di-pio-d%e2%80%99emilia\\\/\",\"url\":\"https:\\\/\\\/www.bellunopress.it\\\/2011\\\/09\\\/25\\\/lunedi-in-sala-bianchi-presentazione-del-libro-%e2%80%9ctsunami-nucleare%e2%80%9d-di-pio-d%e2%80%99emilia\\\/\",\"name\":\"Luned\u00ec in Sala Bianchi, presentazione del libro \u201cTsunami nucleare\u201d di Pio d\u2019Emilia - Bellunopress - Dolomiti\",\"isPartOf\":{\"@id\":\"https:\\\/\\\/www.bellunopress.it\\\/#website\"},\"datePublished\":\"2011-09-25T05:41:38+00:00\",\"breadcrumb\":{\"@id\":\"https:\\\/\\\/www.bellunopress.it\\\/2011\\\/09\\\/25\\\/lunedi-in-sala-bianchi-presentazione-del-libro-%e2%80%9ctsunami-nucleare%e2%80%9d-di-pio-d%e2%80%99emilia\\\/#breadcrumb\"},\"inLanguage\":\"fr-FR\",\"potentialAction\":[{\"@type\":\"ReadAction\",\"target\":[\"https:\\\/\\\/www.bellunopress.it\\\/2011\\\/09\\\/25\\\/lunedi-in-sala-bianchi-presentazione-del-libro-%e2%80%9ctsunami-nucleare%e2%80%9d-di-pio-d%e2%80%99emilia\\\/\"]}]},{\"@type\":\"BreadcrumbList\",\"@id\":\"https:\\\/\\\/www.bellunopress.it\\\/2011\\\/09\\\/25\\\/lunedi-in-sala-bianchi-presentazione-del-libro-%e2%80%9ctsunami-nucleare%e2%80%9d-di-pio-d%e2%80%99emilia\\\/#breadcrumb\",\"itemListElement\":[{\"@type\":\"ListItem\",\"position\":1,\"name\":\"Home\",\"item\":\"https:\\\/\\\/www.bellunopress.it\\\/\"},{\"@type\":\"ListItem\",\"position\":2,\"name\":\"Luned\u00ec in Sala Bianchi, presentazione del libro \u201cTsunami nucleare\u201d di Pio d\u2019Emilia\"}]},{\"@type\":\"WebSite\",\"@id\":\"https:\\\/\\\/www.bellunopress.it\\\/#website\",\"url\":\"https:\\\/\\\/www.bellunopress.it\\\/\",\"name\":\"Bellunopress - Dolomiti\",\"description\":\"e-mail: redazione@bellunopress.it\",\"publisher\":{\"@id\":\"https:\\\/\\\/www.bellunopress.it\\\/#organization\"},\"potentialAction\":[{\"@type\":\"SearchAction\",\"target\":{\"@type\":\"EntryPoint\",\"urlTemplate\":\"https:\\\/\\\/www.bellunopress.it\\\/?s={search_term_string}\"},\"query-input\":{\"@type\":\"PropertyValueSpecification\",\"valueRequired\":true,\"valueName\":\"search_term_string\"}}],\"inLanguage\":\"fr-FR\"},{\"@type\":\"Organization\",\"@id\":\"https:\\\/\\\/www.bellunopress.it\\\/#organization\",\"name\":\"Bellunopress\",\"url\":\"https:\\\/\\\/www.bellunopress.it\\\/\",\"logo\":{\"@type\":\"ImageObject\",\"inLanguage\":\"fr-FR\",\"@id\":\"https:\\\/\\\/www.bellunopress.it\\\/#\\\/schema\\\/logo\\\/image\\\/\",\"url\":\"https:\\\/\\\/www.bellunopress.it\\\/wp-content\\\/uploads\\\/2011\\\/05\\\/cropped-logo-bellunopress-.jpg\",\"contentUrl\":\"https:\\\/\\\/www.bellunopress.it\\\/wp-content\\\/uploads\\\/2011\\\/05\\\/cropped-logo-bellunopress-.jpg\",\"width\":512,\"height\":512,\"caption\":\"Bellunopress\"},\"image\":{\"@id\":\"https:\\\/\\\/www.bellunopress.it\\\/#\\\/schema\\\/logo\\\/image\\\/\"},\"sameAs\":[\"https:\\\/\\\/www.facebook.com\\\/profile.php?id=100008943462799\",\"https:\\\/\\\/x.com\\\/bellunopress\",\"https:\\\/\\\/www.linkedin.com\\\/hp\\\/?dnr=JBzUWaJfMUw8vbXJJ2tVW5-I3jZKvC4wsoxE&amp;amp;amp;amp;amp;amp;trk=nav_responsive_tab_home\",\"https:\\\/\\\/www.youtube.com\\\/channel\\\/UCxL0wu1uN0_3_7hGG0306cw\"]},{\"@type\":\"Person\",\"@id\":\"https:\\\/\\\/www.bellunopress.it\\\/#\\\/schema\\\/person\\\/79bb06722b37ece1c03d3e94beb30d73\",\"name\":\"redazione\",\"image\":{\"@type\":\"ImageObject\",\"inLanguage\":\"fr-FR\",\"@id\":\"https:\\\/\\\/secure.gravatar.com\\\/avatar\\\/37d968a2e67a6fd04c169c4bdef102d0bc5d31b2546345219e348575eb80e9a0?s=96&d=mm&r=g\",\"url\":\"https:\\\/\\\/secure.gravatar.com\\\/avatar\\\/37d968a2e67a6fd04c169c4bdef102d0bc5d31b2546345219e348575eb80e9a0?s=96&d=mm&r=g\",\"contentUrl\":\"https:\\\/\\\/secure.gravatar.com\\\/avatar\\\/37d968a2e67a6fd04c169c4bdef102d0bc5d31b2546345219e348575eb80e9a0?s=96&d=mm&r=g\",\"caption\":\"redazione\"},\"sameAs\":[\"http:\\\/\\\/www.bellunopress.it\",\"https:\\\/\\\/x.com\\\/bellunopress\"],\"url\":\"https:\\\/\\\/www.bellunopress.it\\\/fr\\\/author\\\/redazione\\\/\"}]}<\/script>\n<!-- \/ Yoast SEO plugin. -->","yoast_head_json":{"title":"Luned\u00ec in Sala Bianchi, presentazione del libro \u201cTsunami nucleare\u201d di Pio d\u2019Emilia - Bellunopress - Dolomiti","robots":{"index":"index","follow":"follow","max-snippet":"max-snippet:-1","max-image-preview":"max-image-preview:large","max-video-preview":"max-video-preview:-1"},"canonical":"https:\/\/www.bellunopress.it\/fr\/2011\/09\/25\/lunedi-in-sala-bianchi-presentazione-del-libro-\u201ctsunami-nucleare\u201d-di-pio-d\u2019emilia\/","og_locale":"fr_FR","og_type":"article","og_title":"Luned\u00ec in Sala Bianchi, presentazione del libro \u201cTsunami nucleare\u201d di Pio d\u2019Emilia - Bellunopress - Dolomiti","og_description":"Luned\u00ec 26 settembre alle ore 18.00 presso la sala Eliseo Dal Pont \u201cBianchi\u201d di viale Fantuzzi a Belluno, si svolger\u00e0 la presentazione del libro \u201cTsunami nucleare\u201d di Pio d\u2019Emilia. Introdurr\u00e0 la serata l\u2019Assessore alla Cultura del Comune Maria Grazia Passuello e presenter\u00e0 il libro il giornalista Marco Perale. L\u2019evento \u00e8 curato dalla Biblioteca civica di [&hellip;]","og_url":"https:\/\/www.bellunopress.it\/fr\/2011\/09\/25\/lunedi-in-sala-bianchi-presentazione-del-libro-\u201ctsunami-nucleare\u201d-di-pio-d\u2019emilia\/","og_site_name":"Bellunopress - Dolomiti","article_publisher":"https:\/\/www.facebook.com\/profile.php?id=100008943462799","article_published_time":"2011-09-25T05:41:38+00:00","og_image":[{"url":"http:\/\/www.bellunopress.it\/wp-content\/uploads\/2012\/07\/logo-bellunopress-250x250-2012.jpg","type":"","width":"","height":""}],"author":"redazione","twitter_card":"summary_large_image","twitter_creator":"@bellunopress","twitter_site":"@bellunopress","twitter_misc":{"\u00c9crit par":"redazione","Dur\u00e9e de lecture estim\u00e9e":"2 minutes"},"schema":{"@context":"https:\/\/schema.org","@graph":[{"@type":"Article","@id":"https:\/\/www.bellunopress.it\/2011\/09\/25\/lunedi-in-sala-bianchi-presentazione-del-libro-%e2%80%9ctsunami-nucleare%e2%80%9d-di-pio-d%e2%80%99emilia\/#article","isPartOf":{"@id":"https:\/\/www.bellunopress.it\/2011\/09\/25\/lunedi-in-sala-bianchi-presentazione-del-libro-%e2%80%9ctsunami-nucleare%e2%80%9d-di-pio-d%e2%80%99emilia\/"},"author":{"name":"redazione","@id":"https:\/\/www.bellunopress.it\/#\/schema\/person\/79bb06722b37ece1c03d3e94beb30d73"},"headline":"Luned\u00ec in Sala Bianchi, presentazione del libro \u201cTsunami nucleare\u201d di Pio d\u2019Emilia","datePublished":"2011-09-25T05:41:38+00:00","mainEntityOfPage":{"@id":"https:\/\/www.bellunopress.it\/2011\/09\/25\/lunedi-in-sala-bianchi-presentazione-del-libro-%e2%80%9ctsunami-nucleare%e2%80%9d-di-pio-d%e2%80%99emilia\/"},"wordCount":384,"publisher":{"@id":"https:\/\/www.bellunopress.it\/#organization"},"articleSection":["Appuntamenti, Eventi","Arte, Cultura, Spettacoli, Scienza","Pausa Caff\u00e8"],"inLanguage":"fr-FR"},{"@type":"WebPage","@id":"https:\/\/www.bellunopress.it\/2011\/09\/25\/lunedi-in-sala-bianchi-presentazione-del-libro-%e2%80%9ctsunami-nucleare%e2%80%9d-di-pio-d%e2%80%99emilia\/","url":"https:\/\/www.bellunopress.it\/2011\/09\/25\/lunedi-in-sala-bianchi-presentazione-del-libro-%e2%80%9ctsunami-nucleare%e2%80%9d-di-pio-d%e2%80%99emilia\/","name":"Luned\u00ec in Sala Bianchi, presentazione del libro \u201cTsunami nucleare\u201d di Pio d\u2019Emilia - Bellunopress - Dolomiti","isPartOf":{"@id":"https:\/\/www.bellunopress.it\/#website"},"datePublished":"2011-09-25T05:41:38+00:00","breadcrumb":{"@id":"https:\/\/www.bellunopress.it\/2011\/09\/25\/lunedi-in-sala-bianchi-presentazione-del-libro-%e2%80%9ctsunami-nucleare%e2%80%9d-di-pio-d%e2%80%99emilia\/#breadcrumb"},"inLanguage":"fr-FR","potentialAction":[{"@type":"ReadAction","target":["https:\/\/www.bellunopress.it\/2011\/09\/25\/lunedi-in-sala-bianchi-presentazione-del-libro-%e2%80%9ctsunami-nucleare%e2%80%9d-di-pio-d%e2%80%99emilia\/"]}]},{"@type":"BreadcrumbList","@id":"https:\/\/www.bellunopress.it\/2011\/09\/25\/lunedi-in-sala-bianchi-presentazione-del-libro-%e2%80%9ctsunami-nucleare%e2%80%9d-di-pio-d%e2%80%99emilia\/#breadcrumb","itemListElement":[{"@type":"ListItem","position":1,"name":"Home","item":"https:\/\/www.bellunopress.it\/"},{"@type":"ListItem","position":2,"name":"Luned\u00ec in Sala Bianchi, presentazione del libro \u201cTsunami nucleare\u201d di Pio d\u2019Emilia"}]},{"@type":"WebSite","@id":"https:\/\/www.bellunopress.it\/#website","url":"https:\/\/www.bellunopress.it\/","name":"Bellunopress - Dolomiti","description":"e-mail: redazione@bellunopress.it","publisher":{"@id":"https:\/\/www.bellunopress.it\/#organization"},"potentialAction":[{"@type":"SearchAction","target":{"@type":"EntryPoint","urlTemplate":"https:\/\/www.bellunopress.it\/?s={search_term_string}"},"query-input":{"@type":"PropertyValueSpecification","valueRequired":true,"valueName":"search_term_string"}}],"inLanguage":"fr-FR"},{"@type":"Organization","@id":"https:\/\/www.bellunopress.it\/#organization","name":"Bellunopress","url":"https:\/\/www.bellunopress.it\/","logo":{"@type":"ImageObject","inLanguage":"fr-FR","@id":"https:\/\/www.bellunopress.it\/#\/schema\/logo\/image\/","url":"https:\/\/www.bellunopress.it\/wp-content\/uploads\/2011\/05\/cropped-logo-bellunopress-.jpg","contentUrl":"https:\/\/www.bellunopress.it\/wp-content\/uploads\/2011\/05\/cropped-logo-bellunopress-.jpg","width":512,"height":512,"caption":"Bellunopress"},"image":{"@id":"https:\/\/www.bellunopress.it\/#\/schema\/logo\/image\/"},"sameAs":["https:\/\/www.facebook.com\/profile.php?id=100008943462799","https:\/\/x.com\/bellunopress","https:\/\/www.linkedin.com\/hp\/?dnr=JBzUWaJfMUw8vbXJJ2tVW5-I3jZKvC4wsoxE&amp;amp;amp;amp;amp;amp;trk=nav_responsive_tab_home","https:\/\/www.youtube.com\/channel\/UCxL0wu1uN0_3_7hGG0306cw"]},{"@type":"Person","@id":"https:\/\/www.bellunopress.it\/#\/schema\/person\/79bb06722b37ece1c03d3e94beb30d73","name":"r\u00e9daction","image":{"@type":"ImageObject","inLanguage":"fr-FR","@id":"https:\/\/secure.gravatar.com\/avatar\/37d968a2e67a6fd04c169c4bdef102d0bc5d31b2546345219e348575eb80e9a0?s=96&d=mm&r=g","url":"https:\/\/secure.gravatar.com\/avatar\/37d968a2e67a6fd04c169c4bdef102d0bc5d31b2546345219e348575eb80e9a0?s=96&d=mm&r=g","contentUrl":"https:\/\/secure.gravatar.com\/avatar\/37d968a2e67a6fd04c169c4bdef102d0bc5d31b2546345219e348575eb80e9a0?s=96&d=mm&r=g","caption":"redazione"},"sameAs":["http:\/\/www.bellunopress.it","https:\/\/x.com\/bellunopress"],"url":"https:\/\/www.bellunopress.it\/fr\/author\/redazione\/"}]}},"_links":{"self":[{"href":"https:\/\/www.bellunopress.it\/fr\/wp-json\/wp\/v2\/posts\/30819","targetHints":{"allow":["GET"]}}],"collection":[{"href":"https:\/\/www.bellunopress.it\/fr\/wp-json\/wp\/v2\/posts"}],"about":[{"href":"https:\/\/www.bellunopress.it\/fr\/wp-json\/wp\/v2\/types\/post"}],"author":[{"embeddable":true,"href":"https:\/\/www.bellunopress.it\/fr\/wp-json\/wp\/v2\/users\/2"}],"replies":[{"embeddable":true,"href":"https:\/\/www.bellunopress.it\/fr\/wp-json\/wp\/v2\/comments?post=30819"}],"version-history":[{"count":1,"href":"https:\/\/www.bellunopress.it\/fr\/wp-json\/wp\/v2\/posts\/30819\/revisions"}],"predecessor-version":[{"id":30820,"href":"https:\/\/www.bellunopress.it\/fr\/wp-json\/wp\/v2\/posts\/30819\/revisions\/30820"}],"wp:attachment":[{"href":"https:\/\/www.bellunopress.it\/fr\/wp-json\/wp\/v2\/media?parent=30819"}],"wp:term":[{"taxonomy":"category","embeddable":true,"href":"https:\/\/www.bellunopress.it\/fr\/wp-json\/wp\/v2\/categories?post=30819"},{"taxonomy":"post_tag","embeddable":true,"href":"https:\/\/www.bellunopress.it\/fr\/wp-json\/wp\/v2\/tags?post=30819"}],"curies":[{"name":"wp","href":"https:\/\/api.w.org\/{rel}","templated":true}]}}