{"id":30814,"date":"2011-09-22T20:22:59","date_gmt":"2011-09-22T19:22:59","guid":{"rendered":"http:\/\/www.bellunopress.it\/?p=30814"},"modified":"2011-09-22T20:22:59","modified_gmt":"2011-09-22T19:22:59","slug":"ulss-n-1-belluno-nuovi-tagli-per-9-milioni-reolon-bond-e-toscani-smentiti-clamorosamente","status":"publish","type":"post","link":"https:\/\/www.bellunopress.it\/fr\/2011\/09\/22\/ulss-n-1-belluno-nuovi-tagli-per-9-milioni-reolon-bond-e-toscani-smentiti-clamorosamente\/","title":{"rendered":"Ulss n.1 Belluno: nuovi tagli per 9 milioni. Reolon: &#8220;Bond e Toscani smentiti clamorosamente"},"content":{"rendered":"<p><a href=\"http:\/\/www.bellunopress.it\/wp-content\/uploads\/2010\/01\/ospedale-belluno.jpg\"><img loading=\"lazy\" decoding=\"async\" class=\"alignleft size-full wp-image-11238\" title=\"ospedale-belluno\" src=\"http:\/\/www.bellunopress.it\/wp-content\/uploads\/2010\/01\/ospedale-belluno.jpg\" alt=\"\" width=\"280\" height=\"210\" \/><\/a>\u201cDopo che con l\u2019ultimo riparto le nostre Ulss sono uscite con le ossa rotte, visto che sono state le uniche a non ricevere un aumento di risorse del 3% rispetto al 2010, ora arriva il colpo di grazia. Con l\u2019obbligo di tetti di spesa che se non verranno rispettati porteranno addirittura alla rimozione del direttore generale. Le ingiustizie ai danni del nostro territorio proseguono dunque inarrestabili\u201d.<br \/>\nAd affermarlo \u00e8 il consigliere regionale del Pd, Sergio Reolon, che entra cos\u00ec nel merito della notizia di nuovi tagli imposti dalla Giunta regionale all\u2019Ulss 1. E chiede provocatoriamente: \u201cSarebbe questa la delibera che i consiglieri regionali del centrodestra Bond e Toscani avevano promesso per dare maggiori risorse alle Ulss bellunesi? Spiace dirlo, ma nell\u2019aprile scorso sono stato facile profeta: gli esponenti bellunesi di PdL e Lega sono stati clamorosamente smentiti\u201d.<\/p>","protected":false},"excerpt":{"rendered":"<p>\u201cDopo che con l\u2019ultimo riparto le nostre Ulss sono uscite con le ossa rotte, visto che sono state le uniche a non ricevere un aumento di risorse del 3% rispetto al 2010, ora arriva il colpo di grazia. Con l\u2019obbligo di tetti di spesa che se non verranno rispettati porteranno addirittura alla rimozione del direttore [&hellip;]<\/p>\n","protected":false},"author":2,"featured_media":0,"comment_status":"closed","ping_status":"open","sticky":false,"template":"","format":"standard","meta":{"footnotes":""},"categories":[5,26,17],"tags":[],"class_list":["post-30814","post","type-post","status-publish","format-standard","category-cronaca","category-prima-pagina","category-sanita"],"yoast_head":"<!-- This site is optimized with the Yoast SEO plugin v28.4 - https:\/\/yoast.com\/product\/yoast-seo-wordpress\/ -->\n<title>Ulss n.1 Belluno: nuovi tagli per 9 milioni. Reolon: &quot;Bond e Toscani smentiti clamorosamente - Bellunopress - Dolomiti<\/title>\n<meta name=\"robots\" content=\"index, follow, max-snippet:-1, max-image-preview:large, max-video-preview:-1\" \/>\n<link rel=\"canonical\" href=\"https:\/\/www.bellunopress.it\/fr\/2011\/09\/22\/ulss-n-1-belluno-nuovi-tagli-per-9-milioni-reolon-bond-e-toscani-smentiti-clamorosamente\/\" \/>\n<meta property=\"og:locale\" content=\"fr_FR\" \/>\n<meta property=\"og:type\" content=\"article\" \/>\n<meta property=\"og:title\" content=\"Ulss n.1 Belluno: nuovi tagli per 9 milioni. Reolon: &quot;Bond e Toscani smentiti clamorosamente - Bellunopress - Dolomiti\" \/>\n<meta property=\"og:description\" content=\"\u201cDopo che con l\u2019ultimo riparto le nostre Ulss sono uscite con le ossa rotte, visto che sono state le uniche a non ricevere un aumento di risorse del 3% rispetto al 2010, ora arriva il colpo di grazia. Con l\u2019obbligo di tetti di spesa che se non verranno rispettati porteranno addirittura alla rimozione del direttore [&hellip;]\" \/>\n<meta property=\"og:url\" content=\"https:\/\/www.bellunopress.it\/fr\/2011\/09\/22\/ulss-n-1-belluno-nuovi-tagli-per-9-milioni-reolon-bond-e-toscani-smentiti-clamorosamente\/\" \/>\n<meta property=\"og:site_name\" content=\"Bellunopress - Dolomiti\" \/>\n<meta property=\"article:publisher\" content=\"https:\/\/www.facebook.com\/profile.php?id=100008943462799\" \/>\n<meta property=\"article:published_time\" content=\"2011-09-22T19:22:59+00:00\" \/>\n<meta property=\"og:image\" content=\"http:\/\/www.bellunopress.it\/wp-content\/uploads\/2010\/01\/ospedale-belluno.jpg\" \/>\n<meta name=\"author\" content=\"redazione\" \/>\n<meta name=\"twitter:card\" content=\"summary_large_image\" \/>\n<meta name=\"twitter:creator\" content=\"@bellunopress\" \/>\n<meta name=\"twitter:site\" content=\"@bellunopress\" \/>\n<meta name=\"twitter:label1\" content=\"\u00c9crit par\" \/>\n\t<meta name=\"twitter:data1\" content=\"redazione\" \/>\n\t<meta name=\"twitter:label2\" content=\"Dur\u00e9e de lecture estim\u00e9e\" \/>\n\t<meta name=\"twitter:data2\" content=\"1 minute\" \/>\n<script type=\"application\/ld+json\" class=\"yoast-schema-graph\">{\"@context\":\"https:\\\/\\\/schema.org\",\"@graph\":[{\"@type\":\"Article\",\"@id\":\"https:\\\/\\\/www.bellunopress.it\\\/2011\\\/09\\\/22\\\/ulss-n-1-belluno-nuovi-tagli-per-9-milioni-reolon-bond-e-toscani-smentiti-clamorosamente\\\/#article\",\"isPartOf\":{\"@id\":\"https:\\\/\\\/www.bellunopress.it\\\/2011\\\/09\\\/22\\\/ulss-n-1-belluno-nuovi-tagli-per-9-milioni-reolon-bond-e-toscani-smentiti-clamorosamente\\\/\"},\"author\":{\"name\":\"redazione\",\"@id\":\"https:\\\/\\\/www.bellunopress.it\\\/#\\\/schema\\\/person\\\/79bb06722b37ece1c03d3e94beb30d73\"},\"headline\":\"Ulss n.1 Belluno: nuovi tagli per 9 milioni. Reolon: &#8220;Bond e Toscani smentiti clamorosamente\",\"datePublished\":\"2011-09-22T19:22:59+00:00\",\"mainEntityOfPage\":{\"@id\":\"https:\\\/\\\/www.bellunopress.it\\\/2011\\\/09\\\/22\\\/ulss-n-1-belluno-nuovi-tagli-per-9-milioni-reolon-bond-e-toscani-smentiti-clamorosamente\\\/\"},\"wordCount\":150,\"publisher\":{\"@id\":\"https:\\\/\\\/www.bellunopress.it\\\/#organization\"},\"image\":{\"@id\":\"https:\\\/\\\/www.bellunopress.it\\\/2011\\\/09\\\/22\\\/ulss-n-1-belluno-nuovi-tagli-per-9-milioni-reolon-bond-e-toscani-smentiti-clamorosamente\\\/#primaryimage\"},\"thumbnailUrl\":\"http:\\\/\\\/www.bellunopress.it\\\/wp-content\\\/uploads\\\/2010\\\/01\\\/ospedale-belluno.jpg\",\"articleSection\":[\"Cronaca\\\/Politica\",\"Prima Pagina\",\"Sanit\u00e0 Medicina\"],\"inLanguage\":\"fr-FR\"},{\"@type\":\"WebPage\",\"@id\":\"https:\\\/\\\/www.bellunopress.it\\\/2011\\\/09\\\/22\\\/ulss-n-1-belluno-nuovi-tagli-per-9-milioni-reolon-bond-e-toscani-smentiti-clamorosamente\\\/\",\"url\":\"https:\\\/\\\/www.bellunopress.it\\\/2011\\\/09\\\/22\\\/ulss-n-1-belluno-nuovi-tagli-per-9-milioni-reolon-bond-e-toscani-smentiti-clamorosamente\\\/\",\"name\":\"Ulss n.1 Belluno: nuovi tagli per 9 milioni. Reolon: \\\"Bond e Toscani smentiti clamorosamente - Bellunopress - Dolomiti\",\"isPartOf\":{\"@id\":\"https:\\\/\\\/www.bellunopress.it\\\/#website\"},\"primaryImageOfPage\":{\"@id\":\"https:\\\/\\\/www.bellunopress.it\\\/2011\\\/09\\\/22\\\/ulss-n-1-belluno-nuovi-tagli-per-9-milioni-reolon-bond-e-toscani-smentiti-clamorosamente\\\/#primaryimage\"},\"image\":{\"@id\":\"https:\\\/\\\/www.bellunopress.it\\\/2011\\\/09\\\/22\\\/ulss-n-1-belluno-nuovi-tagli-per-9-milioni-reolon-bond-e-toscani-smentiti-clamorosamente\\\/#primaryimage\"},\"thumbnailUrl\":\"http:\\\/\\\/www.bellunopress.it\\\/wp-content\\\/uploads\\\/2010\\\/01\\\/ospedale-belluno.jpg\",\"datePublished\":\"2011-09-22T19:22:59+00:00\",\"breadcrumb\":{\"@id\":\"https:\\\/\\\/www.bellunopress.it\\\/2011\\\/09\\\/22\\\/ulss-n-1-belluno-nuovi-tagli-per-9-milioni-reolon-bond-e-toscani-smentiti-clamorosamente\\\/#breadcrumb\"},\"inLanguage\":\"fr-FR\",\"potentialAction\":[{\"@type\":\"ReadAction\",\"target\":[\"https:\\\/\\\/www.bellunopress.it\\\/2011\\\/09\\\/22\\\/ulss-n-1-belluno-nuovi-tagli-per-9-milioni-reolon-bond-e-toscani-smentiti-clamorosamente\\\/\"]}]},{\"@type\":\"ImageObject\",\"inLanguage\":\"fr-FR\",\"@id\":\"https:\\\/\\\/www.bellunopress.it\\\/2011\\\/09\\\/22\\\/ulss-n-1-belluno-nuovi-tagli-per-9-milioni-reolon-bond-e-toscani-smentiti-clamorosamente\\\/#primaryimage\",\"url\":\"http:\\\/\\\/www.bellunopress.it\\\/wp-content\\\/uploads\\\/2010\\\/01\\\/ospedale-belluno.jpg\",\"contentUrl\":\"http:\\\/\\\/www.bellunopress.it\\\/wp-content\\\/uploads\\\/2010\\\/01\\\/ospedale-belluno.jpg\"},{\"@type\":\"BreadcrumbList\",\"@id\":\"https:\\\/\\\/www.bellunopress.it\\\/2011\\\/09\\\/22\\\/ulss-n-1-belluno-nuovi-tagli-per-9-milioni-reolon-bond-e-toscani-smentiti-clamorosamente\\\/#breadcrumb\",\"itemListElement\":[{\"@type\":\"ListItem\",\"position\":1,\"name\":\"Home\",\"item\":\"https:\\\/\\\/www.bellunopress.it\\\/\"},{\"@type\":\"ListItem\",\"position\":2,\"name\":\"Ulss n.1 Belluno: nuovi tagli per 9 milioni. Reolon: &#8220;Bond e Toscani smentiti clamorosamente\"}]},{\"@type\":\"WebSite\",\"@id\":\"https:\\\/\\\/www.bellunopress.it\\\/#website\",\"url\":\"https:\\\/\\\/www.bellunopress.it\\\/\",\"name\":\"Bellunopress - Dolomiti\",\"description\":\"e-mail: redazione@bellunopress.it\",\"publisher\":{\"@id\":\"https:\\\/\\\/www.bellunopress.it\\\/#organization\"},\"potentialAction\":[{\"@type\":\"SearchAction\",\"target\":{\"@type\":\"EntryPoint\",\"urlTemplate\":\"https:\\\/\\\/www.bellunopress.it\\\/?s={search_term_string}\"},\"query-input\":{\"@type\":\"PropertyValueSpecification\",\"valueRequired\":true,\"valueName\":\"search_term_string\"}}],\"inLanguage\":\"fr-FR\"},{\"@type\":\"Organization\",\"@id\":\"https:\\\/\\\/www.bellunopress.it\\\/#organization\",\"name\":\"Bellunopress\",\"url\":\"https:\\\/\\\/www.bellunopress.it\\\/\",\"logo\":{\"@type\":\"ImageObject\",\"inLanguage\":\"fr-FR\",\"@id\":\"https:\\\/\\\/www.bellunopress.it\\\/#\\\/schema\\\/logo\\\/image\\\/\",\"url\":\"https:\\\/\\\/www.bellunopress.it\\\/wp-content\\\/uploads\\\/2011\\\/05\\\/cropped-logo-bellunopress-.jpg\",\"contentUrl\":\"https:\\\/\\\/www.bellunopress.it\\\/wp-content\\\/uploads\\\/2011\\\/05\\\/cropped-logo-bellunopress-.jpg\",\"width\":512,\"height\":512,\"caption\":\"Bellunopress\"},\"image\":{\"@id\":\"https:\\\/\\\/www.bellunopress.it\\\/#\\\/schema\\\/logo\\\/image\\\/\"},\"sameAs\":[\"https:\\\/\\\/www.facebook.com\\\/profile.php?id=100008943462799\",\"https:\\\/\\\/x.com\\\/bellunopress\",\"https:\\\/\\\/www.linkedin.com\\\/hp\\\/?dnr=JBzUWaJfMUw8vbXJJ2tVW5-I3jZKvC4wsoxE&amp;amp;amp;amp;amp;amp;trk=nav_responsive_tab_home\",\"https:\\\/\\\/www.youtube.com\\\/channel\\\/UCxL0wu1uN0_3_7hGG0306cw\"]},{\"@type\":\"Person\",\"@id\":\"https:\\\/\\\/www.bellunopress.it\\\/#\\\/schema\\\/person\\\/79bb06722b37ece1c03d3e94beb30d73\",\"name\":\"redazione\",\"image\":{\"@type\":\"ImageObject\",\"inLanguage\":\"fr-FR\",\"@id\":\"https:\\\/\\\/secure.gravatar.com\\\/avatar\\\/37d968a2e67a6fd04c169c4bdef102d0bc5d31b2546345219e348575eb80e9a0?s=96&d=mm&r=g\",\"url\":\"https:\\\/\\\/secure.gravatar.com\\\/avatar\\\/37d968a2e67a6fd04c169c4bdef102d0bc5d31b2546345219e348575eb80e9a0?s=96&d=mm&r=g\",\"contentUrl\":\"https:\\\/\\\/secure.gravatar.com\\\/avatar\\\/37d968a2e67a6fd04c169c4bdef102d0bc5d31b2546345219e348575eb80e9a0?s=96&d=mm&r=g\",\"caption\":\"redazione\"},\"sameAs\":[\"http:\\\/\\\/www.bellunopress.it\",\"https:\\\/\\\/x.com\\\/bellunopress\"],\"url\":\"https:\\\/\\\/www.bellunopress.it\\\/fr\\\/author\\\/redazione\\\/\"}]}<\/script>\n<!-- \/ Yoast SEO plugin. -->","yoast_head_json":{"title":"Ulss n.1 Belluno: nuovi tagli per 9 milioni. Reolon: \"Bond e Toscani smentiti clamorosamente - Bellunopress - Dolomiti","robots":{"index":"index","follow":"follow","max-snippet":"max-snippet:-1","max-image-preview":"max-image-preview:large","max-video-preview":"max-video-preview:-1"},"canonical":"https:\/\/www.bellunopress.it\/fr\/2011\/09\/22\/ulss-n-1-belluno-nuovi-tagli-per-9-milioni-reolon-bond-e-toscani-smentiti-clamorosamente\/","og_locale":"fr_FR","og_type":"article","og_title":"Ulss n.1 Belluno: nuovi tagli per 9 milioni. Reolon: \"Bond e Toscani smentiti clamorosamente - Bellunopress - Dolomiti","og_description":"\u201cDopo che con l\u2019ultimo riparto le nostre Ulss sono uscite con le ossa rotte, visto che sono state le uniche a non ricevere un aumento di risorse del 3% rispetto al 2010, ora arriva il colpo di grazia. Con l\u2019obbligo di tetti di spesa che se non verranno rispettati porteranno addirittura alla rimozione del direttore [&hellip;]","og_url":"https:\/\/www.bellunopress.it\/fr\/2011\/09\/22\/ulss-n-1-belluno-nuovi-tagli-per-9-milioni-reolon-bond-e-toscani-smentiti-clamorosamente\/","og_site_name":"Bellunopress - Dolomiti","article_publisher":"https:\/\/www.facebook.com\/profile.php?id=100008943462799","article_published_time":"2011-09-22T19:22:59+00:00","og_image":[{"url":"http:\/\/www.bellunopress.it\/wp-content\/uploads\/2010\/01\/ospedale-belluno.jpg","type":"","width":"","height":""}],"author":"redazione","twitter_card":"summary_large_image","twitter_creator":"@bellunopress","twitter_site":"@bellunopress","twitter_misc":{"\u00c9crit par":"redazione","Dur\u00e9e de lecture estim\u00e9e":"1 minute"},"schema":{"@context":"https:\/\/schema.org","@graph":[{"@type":"Article","@id":"https:\/\/www.bellunopress.it\/2011\/09\/22\/ulss-n-1-belluno-nuovi-tagli-per-9-milioni-reolon-bond-e-toscani-smentiti-clamorosamente\/#article","isPartOf":{"@id":"https:\/\/www.bellunopress.it\/2011\/09\/22\/ulss-n-1-belluno-nuovi-tagli-per-9-milioni-reolon-bond-e-toscani-smentiti-clamorosamente\/"},"author":{"name":"redazione","@id":"https:\/\/www.bellunopress.it\/#\/schema\/person\/79bb06722b37ece1c03d3e94beb30d73"},"headline":"Ulss n.1 Belluno: nuovi tagli per 9 milioni. Reolon: &#8220;Bond e Toscani smentiti clamorosamente","datePublished":"2011-09-22T19:22:59+00:00","mainEntityOfPage":{"@id":"https:\/\/www.bellunopress.it\/2011\/09\/22\/ulss-n-1-belluno-nuovi-tagli-per-9-milioni-reolon-bond-e-toscani-smentiti-clamorosamente\/"},"wordCount":150,"publisher":{"@id":"https:\/\/www.bellunopress.it\/#organization"},"image":{"@id":"https:\/\/www.bellunopress.it\/2011\/09\/22\/ulss-n-1-belluno-nuovi-tagli-per-9-milioni-reolon-bond-e-toscani-smentiti-clamorosamente\/#primaryimage"},"thumbnailUrl":"http:\/\/www.bellunopress.it\/wp-content\/uploads\/2010\/01\/ospedale-belluno.jpg","articleSection":["Cronaca\/Politica","Prima Pagina","Sanit\u00e0 Medicina"],"inLanguage":"fr-FR"},{"@type":"WebPage","@id":"https:\/\/www.bellunopress.it\/2011\/09\/22\/ulss-n-1-belluno-nuovi-tagli-per-9-milioni-reolon-bond-e-toscani-smentiti-clamorosamente\/","url":"https:\/\/www.bellunopress.it\/2011\/09\/22\/ulss-n-1-belluno-nuovi-tagli-per-9-milioni-reolon-bond-e-toscani-smentiti-clamorosamente\/","name":"Ulss n.1 Belluno: nuovi tagli per 9 milioni. Reolon: \"Bond e Toscani smentiti clamorosamente - Bellunopress - Dolomiti","isPartOf":{"@id":"https:\/\/www.bellunopress.it\/#website"},"primaryImageOfPage":{"@id":"https:\/\/www.bellunopress.it\/2011\/09\/22\/ulss-n-1-belluno-nuovi-tagli-per-9-milioni-reolon-bond-e-toscani-smentiti-clamorosamente\/#primaryimage"},"image":{"@id":"https:\/\/www.bellunopress.it\/2011\/09\/22\/ulss-n-1-belluno-nuovi-tagli-per-9-milioni-reolon-bond-e-toscani-smentiti-clamorosamente\/#primaryimage"},"thumbnailUrl":"http:\/\/www.bellunopress.it\/wp-content\/uploads\/2010\/01\/ospedale-belluno.jpg","datePublished":"2011-09-22T19:22:59+00:00","breadcrumb":{"@id":"https:\/\/www.bellunopress.it\/2011\/09\/22\/ulss-n-1-belluno-nuovi-tagli-per-9-milioni-reolon-bond-e-toscani-smentiti-clamorosamente\/#breadcrumb"},"inLanguage":"fr-FR","potentialAction":[{"@type":"ReadAction","target":["https:\/\/www.bellunopress.it\/2011\/09\/22\/ulss-n-1-belluno-nuovi-tagli-per-9-milioni-reolon-bond-e-toscani-smentiti-clamorosamente\/"]}]},{"@type":"ImageObject","inLanguage":"fr-FR","@id":"https:\/\/www.bellunopress.it\/2011\/09\/22\/ulss-n-1-belluno-nuovi-tagli-per-9-milioni-reolon-bond-e-toscani-smentiti-clamorosamente\/#primaryimage","url":"http:\/\/www.bellunopress.it\/wp-content\/uploads\/2010\/01\/ospedale-belluno.jpg","contentUrl":"http:\/\/www.bellunopress.it\/wp-content\/uploads\/2010\/01\/ospedale-belluno.jpg"},{"@type":"BreadcrumbList","@id":"https:\/\/www.bellunopress.it\/2011\/09\/22\/ulss-n-1-belluno-nuovi-tagli-per-9-milioni-reolon-bond-e-toscani-smentiti-clamorosamente\/#breadcrumb","itemListElement":[{"@type":"ListItem","position":1,"name":"Home","item":"https:\/\/www.bellunopress.it\/"},{"@type":"ListItem","position":2,"name":"Ulss n.1 Belluno: nuovi tagli per 9 milioni. Reolon: &#8220;Bond e Toscani smentiti clamorosamente"}]},{"@type":"WebSite","@id":"https:\/\/www.bellunopress.it\/#website","url":"https:\/\/www.bellunopress.it\/","name":"Bellunopress - Dolomiti","description":"e-mail: redazione@bellunopress.it","publisher":{"@id":"https:\/\/www.bellunopress.it\/#organization"},"potentialAction":[{"@type":"SearchAction","target":{"@type":"EntryPoint","urlTemplate":"https:\/\/www.bellunopress.it\/?s={search_term_string}"},"query-input":{"@type":"PropertyValueSpecification","valueRequired":true,"valueName":"search_term_string"}}],"inLanguage":"fr-FR"},{"@type":"Organization","@id":"https:\/\/www.bellunopress.it\/#organization","name":"Bellunopress","url":"https:\/\/www.bellunopress.it\/","logo":{"@type":"ImageObject","inLanguage":"fr-FR","@id":"https:\/\/www.bellunopress.it\/#\/schema\/logo\/image\/","url":"https:\/\/www.bellunopress.it\/wp-content\/uploads\/2011\/05\/cropped-logo-bellunopress-.jpg","contentUrl":"https:\/\/www.bellunopress.it\/wp-content\/uploads\/2011\/05\/cropped-logo-bellunopress-.jpg","width":512,"height":512,"caption":"Bellunopress"},"image":{"@id":"https:\/\/www.bellunopress.it\/#\/schema\/logo\/image\/"},"sameAs":["https:\/\/www.facebook.com\/profile.php?id=100008943462799","https:\/\/x.com\/bellunopress","https:\/\/www.linkedin.com\/hp\/?dnr=JBzUWaJfMUw8vbXJJ2tVW5-I3jZKvC4wsoxE&amp;amp;amp;amp;amp;amp;trk=nav_responsive_tab_home","https:\/\/www.youtube.com\/channel\/UCxL0wu1uN0_3_7hGG0306cw"]},{"@type":"Person","@id":"https:\/\/www.bellunopress.it\/#\/schema\/person\/79bb06722b37ece1c03d3e94beb30d73","name":"r\u00e9daction","image":{"@type":"ImageObject","inLanguage":"fr-FR","@id":"https:\/\/secure.gravatar.com\/avatar\/37d968a2e67a6fd04c169c4bdef102d0bc5d31b2546345219e348575eb80e9a0?s=96&d=mm&r=g","url":"https:\/\/secure.gravatar.com\/avatar\/37d968a2e67a6fd04c169c4bdef102d0bc5d31b2546345219e348575eb80e9a0?s=96&d=mm&r=g","contentUrl":"https:\/\/secure.gravatar.com\/avatar\/37d968a2e67a6fd04c169c4bdef102d0bc5d31b2546345219e348575eb80e9a0?s=96&d=mm&r=g","caption":"redazione"},"sameAs":["http:\/\/www.bellunopress.it","https:\/\/x.com\/bellunopress"],"url":"https:\/\/www.bellunopress.it\/fr\/author\/redazione\/"}]}},"_links":{"self":[{"href":"https:\/\/www.bellunopress.it\/fr\/wp-json\/wp\/v2\/posts\/30814","targetHints":{"allow":["GET"]}}],"collection":[{"href":"https:\/\/www.bellunopress.it\/fr\/wp-json\/wp\/v2\/posts"}],"about":[{"href":"https:\/\/www.bellunopress.it\/fr\/wp-json\/wp\/v2\/types\/post"}],"author":[{"embeddable":true,"href":"https:\/\/www.bellunopress.it\/fr\/wp-json\/wp\/v2\/users\/2"}],"replies":[{"embeddable":true,"href":"https:\/\/www.bellunopress.it\/fr\/wp-json\/wp\/v2\/comments?post=30814"}],"version-history":[{"count":1,"href":"https:\/\/www.bellunopress.it\/fr\/wp-json\/wp\/v2\/posts\/30814\/revisions"}],"predecessor-version":[{"id":30815,"href":"https:\/\/www.bellunopress.it\/fr\/wp-json\/wp\/v2\/posts\/30814\/revisions\/30815"}],"wp:attachment":[{"href":"https:\/\/www.bellunopress.it\/fr\/wp-json\/wp\/v2\/media?parent=30814"}],"wp:term":[{"taxonomy":"category","embeddable":true,"href":"https:\/\/www.bellunopress.it\/fr\/wp-json\/wp\/v2\/categories?post=30814"},{"taxonomy":"post_tag","embeddable":true,"href":"https:\/\/www.bellunopress.it\/fr\/wp-json\/wp\/v2\/tags?post=30814"}],"curies":[{"name":"wp","href":"https:\/\/api.w.org\/{rel}","templated":true}]}}