{"id":30771,"date":"2011-09-22T20:55:49","date_gmt":"2011-09-22T19:55:49","guid":{"rendered":"http:\/\/www.bellunopress.it\/?p=30771"},"modified":"2011-09-21T20:56:44","modified_gmt":"2011-09-21T19:56:44","slug":"prevendite-per-la-prima-di-campionato-sisley-belluno-andreoli-latina-di-domenica-ore-18","status":"publish","type":"post","link":"https:\/\/www.bellunopress.it\/fr\/2011\/09\/22\/prevendite-per-la-prima-di-campionato-sisley-belluno-andreoli-latina-di-domenica-ore-18\/","title":{"rendered":"Prevendite per la prima di campionato Sisley Belluno &#8211; Andreoli Latina di Domenica ore 18"},"content":{"rendered":"<p>Per il debutto della Sisley Volley Belluno, questa domenica 25 settembre alle ore 18.00 alla Spes Arena (arbitri Zucca e Rapisarda) nella prima giornata di Serie A1 Sustenium contro l\u2019Andreoli Latina, le prevendite dei biglietti saranno:<br \/>\nda domani, gioved\u00ec presso la Piscina Comunale solo per biglietti NON numerati, quindi Curva Zanella (6 euro) e Tribuna (10 euro). Gli orari di apertura saranno gioved\u00ec, venerd\u00ec e sabato dalle 8.00 alle 20.00, domenica al mattino.<br \/>\nLe prevendite dei biglietti numerati (Distinti 15 euro, Centrali 20 euro, Gold 40 euro) invece si effettueranno durante gli allenamenti della squadra questa settimana alla Spes Arena, nei giorni di venerd\u00ec con orario 17-19.30 e sabato con orario 17-19. In questi orari \u00e8 possibile anche, per chi l\u2019ha acquistato, ritirare l\u2019abbonamento e la t-shirt che viene consegnata a ciascun abbonato per tifare Sisley Belluno in maniera coreografica al palasport. Gli allenamenti saranno aperti al pubblico e alla stampa locale.<br \/>\nDomenica i botteghini della Spes Arena invece apriranno alle 16.45, disponibili i biglietti per qualsiasi ordine di posto. Informazioni su biglietti e abbonamenti allo 0422 324227 e <a href=\"http:\/\/www.sisleyvolley.it\">www.sisleyvolley.it<\/a>, proprio sul sito della Sisley c\u2019e\u2019 anche la possibilit\u00e0 di prenotare i biglietti (sezione biglietteria) da ritirare alle casse della Spes Arena.<\/p>\n<p>&nbsp;<\/p>","protected":false},"excerpt":{"rendered":"<p>Per il debutto della Sisley Volley Belluno, questa domenica 25 settembre alle ore 18.00 alla Spes Arena (arbitri Zucca e Rapisarda) nella prima giornata di Serie A1 Sustenium contro l\u2019Andreoli Latina, le prevendite dei biglietti saranno: da domani, gioved\u00ec presso la Piscina Comunale solo per biglietti NON numerati, quindi Curva Zanella (6 euro) e Tribuna [&hellip;]<\/p>\n","protected":false},"author":2,"featured_media":0,"comment_status":"closed","ping_status":"open","sticky":false,"template":"","format":"standard","meta":{"footnotes":""},"categories":[25,4],"tags":[],"class_list":["post-30771","post","type-post","status-publish","format-standard","category-pausa-caffe","category-sport"],"yoast_head":"<!-- This site is optimized with the Yoast SEO plugin v28.4 - https:\/\/yoast.com\/product\/yoast-seo-wordpress\/ -->\n<title>Prevendite per la prima di campionato Sisley Belluno - Andreoli Latina di Domenica ore 18 - Bellunopress - Dolomiti<\/title>\n<meta name=\"robots\" content=\"index, follow, max-snippet:-1, max-image-preview:large, max-video-preview:-1\" \/>\n<link rel=\"canonical\" href=\"https:\/\/www.bellunopress.it\/fr\/2011\/09\/22\/prevendite-per-la-prima-di-campionato-sisley-belluno-andreoli-latina-di-domenica-ore-18\/\" \/>\n<meta property=\"og:locale\" content=\"fr_FR\" \/>\n<meta property=\"og:type\" content=\"article\" \/>\n<meta property=\"og:title\" content=\"Prevendite per la prima di campionato Sisley Belluno - Andreoli Latina di Domenica ore 18 - Bellunopress - Dolomiti\" \/>\n<meta property=\"og:description\" content=\"Per il debutto della Sisley Volley Belluno, questa domenica 25 settembre alle ore 18.00 alla Spes Arena (arbitri Zucca e Rapisarda) nella prima giornata di Serie A1 Sustenium contro l\u2019Andreoli Latina, le prevendite dei biglietti saranno: da domani, gioved\u00ec presso la Piscina Comunale solo per biglietti NON numerati, quindi Curva Zanella (6 euro) e Tribuna [&hellip;]\" \/>\n<meta property=\"og:url\" content=\"https:\/\/www.bellunopress.it\/fr\/2011\/09\/22\/prevendite-per-la-prima-di-campionato-sisley-belluno-andreoli-latina-di-domenica-ore-18\/\" \/>\n<meta property=\"og:site_name\" content=\"Bellunopress - Dolomiti\" \/>\n<meta property=\"article:publisher\" content=\"https:\/\/www.facebook.com\/profile.php?id=100008943462799\" \/>\n<meta property=\"article:published_time\" content=\"2011-09-22T19:55:49+00:00\" \/>\n<meta property=\"og:image\" content=\"http:\/\/www.bellunopress.it\/wp-content\/uploads\/2012\/07\/logo-bellunopress-250x250-2012.jpg\" \/>\n<meta name=\"author\" content=\"redazione\" \/>\n<meta name=\"twitter:card\" content=\"summary_large_image\" \/>\n<meta name=\"twitter:creator\" content=\"@bellunopress\" \/>\n<meta name=\"twitter:site\" content=\"@bellunopress\" \/>\n<meta name=\"twitter:label1\" content=\"\u00c9crit par\" \/>\n\t<meta name=\"twitter:data1\" content=\"redazione\" \/>\n\t<meta name=\"twitter:label2\" content=\"Dur\u00e9e de lecture estim\u00e9e\" \/>\n\t<meta name=\"twitter:data2\" content=\"1 minute\" \/>\n<script type=\"application\/ld+json\" class=\"yoast-schema-graph\">{\"@context\":\"https:\\\/\\\/schema.org\",\"@graph\":[{\"@type\":\"Article\",\"@id\":\"https:\\\/\\\/www.bellunopress.it\\\/2011\\\/09\\\/22\\\/prevendite-per-la-prima-di-campionato-sisley-belluno-andreoli-latina-di-domenica-ore-18\\\/#article\",\"isPartOf\":{\"@id\":\"https:\\\/\\\/www.bellunopress.it\\\/2011\\\/09\\\/22\\\/prevendite-per-la-prima-di-campionato-sisley-belluno-andreoli-latina-di-domenica-ore-18\\\/\"},\"author\":{\"name\":\"redazione\",\"@id\":\"https:\\\/\\\/www.bellunopress.it\\\/#\\\/schema\\\/person\\\/79bb06722b37ece1c03d3e94beb30d73\"},\"headline\":\"Prevendite per la prima di campionato Sisley Belluno &#8211; Andreoli Latina di Domenica ore 18\",\"datePublished\":\"2011-09-22T19:55:49+00:00\",\"mainEntityOfPage\":{\"@id\":\"https:\\\/\\\/www.bellunopress.it\\\/2011\\\/09\\\/22\\\/prevendite-per-la-prima-di-campionato-sisley-belluno-andreoli-latina-di-domenica-ore-18\\\/\"},\"wordCount\":210,\"publisher\":{\"@id\":\"https:\\\/\\\/www.bellunopress.it\\\/#organization\"},\"articleSection\":[\"Pausa Caff\u00e8\",\"Sport, tempo libero\"],\"inLanguage\":\"fr-FR\"},{\"@type\":\"WebPage\",\"@id\":\"https:\\\/\\\/www.bellunopress.it\\\/2011\\\/09\\\/22\\\/prevendite-per-la-prima-di-campionato-sisley-belluno-andreoli-latina-di-domenica-ore-18\\\/\",\"url\":\"https:\\\/\\\/www.bellunopress.it\\\/2011\\\/09\\\/22\\\/prevendite-per-la-prima-di-campionato-sisley-belluno-andreoli-latina-di-domenica-ore-18\\\/\",\"name\":\"Prevendite per la prima di campionato Sisley Belluno - Andreoli Latina di Domenica ore 18 - Bellunopress - Dolomiti\",\"isPartOf\":{\"@id\":\"https:\\\/\\\/www.bellunopress.it\\\/#website\"},\"datePublished\":\"2011-09-22T19:55:49+00:00\",\"breadcrumb\":{\"@id\":\"https:\\\/\\\/www.bellunopress.it\\\/2011\\\/09\\\/22\\\/prevendite-per-la-prima-di-campionato-sisley-belluno-andreoli-latina-di-domenica-ore-18\\\/#breadcrumb\"},\"inLanguage\":\"fr-FR\",\"potentialAction\":[{\"@type\":\"ReadAction\",\"target\":[\"https:\\\/\\\/www.bellunopress.it\\\/2011\\\/09\\\/22\\\/prevendite-per-la-prima-di-campionato-sisley-belluno-andreoli-latina-di-domenica-ore-18\\\/\"]}]},{\"@type\":\"BreadcrumbList\",\"@id\":\"https:\\\/\\\/www.bellunopress.it\\\/2011\\\/09\\\/22\\\/prevendite-per-la-prima-di-campionato-sisley-belluno-andreoli-latina-di-domenica-ore-18\\\/#breadcrumb\",\"itemListElement\":[{\"@type\":\"ListItem\",\"position\":1,\"name\":\"Home\",\"item\":\"https:\\\/\\\/www.bellunopress.it\\\/\"},{\"@type\":\"ListItem\",\"position\":2,\"name\":\"Prevendite per la prima di campionato Sisley Belluno &#8211; Andreoli Latina di Domenica ore 18\"}]},{\"@type\":\"WebSite\",\"@id\":\"https:\\\/\\\/www.bellunopress.it\\\/#website\",\"url\":\"https:\\\/\\\/www.bellunopress.it\\\/\",\"name\":\"Bellunopress - Dolomiti\",\"description\":\"e-mail: redazione@bellunopress.it\",\"publisher\":{\"@id\":\"https:\\\/\\\/www.bellunopress.it\\\/#organization\"},\"potentialAction\":[{\"@type\":\"SearchAction\",\"target\":{\"@type\":\"EntryPoint\",\"urlTemplate\":\"https:\\\/\\\/www.bellunopress.it\\\/?s={search_term_string}\"},\"query-input\":{\"@type\":\"PropertyValueSpecification\",\"valueRequired\":true,\"valueName\":\"search_term_string\"}}],\"inLanguage\":\"fr-FR\"},{\"@type\":\"Organization\",\"@id\":\"https:\\\/\\\/www.bellunopress.it\\\/#organization\",\"name\":\"Bellunopress\",\"url\":\"https:\\\/\\\/www.bellunopress.it\\\/\",\"logo\":{\"@type\":\"ImageObject\",\"inLanguage\":\"fr-FR\",\"@id\":\"https:\\\/\\\/www.bellunopress.it\\\/#\\\/schema\\\/logo\\\/image\\\/\",\"url\":\"https:\\\/\\\/www.bellunopress.it\\\/wp-content\\\/uploads\\\/2011\\\/05\\\/cropped-logo-bellunopress-.jpg\",\"contentUrl\":\"https:\\\/\\\/www.bellunopress.it\\\/wp-content\\\/uploads\\\/2011\\\/05\\\/cropped-logo-bellunopress-.jpg\",\"width\":512,\"height\":512,\"caption\":\"Bellunopress\"},\"image\":{\"@id\":\"https:\\\/\\\/www.bellunopress.it\\\/#\\\/schema\\\/logo\\\/image\\\/\"},\"sameAs\":[\"https:\\\/\\\/www.facebook.com\\\/profile.php?id=100008943462799\",\"https:\\\/\\\/x.com\\\/bellunopress\",\"https:\\\/\\\/www.linkedin.com\\\/hp\\\/?dnr=JBzUWaJfMUw8vbXJJ2tVW5-I3jZKvC4wsoxE&amp;amp;amp;amp;amp;amp;trk=nav_responsive_tab_home\",\"https:\\\/\\\/www.youtube.com\\\/channel\\\/UCxL0wu1uN0_3_7hGG0306cw\"]},{\"@type\":\"Person\",\"@id\":\"https:\\\/\\\/www.bellunopress.it\\\/#\\\/schema\\\/person\\\/79bb06722b37ece1c03d3e94beb30d73\",\"name\":\"redazione\",\"image\":{\"@type\":\"ImageObject\",\"inLanguage\":\"fr-FR\",\"@id\":\"https:\\\/\\\/secure.gravatar.com\\\/avatar\\\/37d968a2e67a6fd04c169c4bdef102d0bc5d31b2546345219e348575eb80e9a0?s=96&d=mm&r=g\",\"url\":\"https:\\\/\\\/secure.gravatar.com\\\/avatar\\\/37d968a2e67a6fd04c169c4bdef102d0bc5d31b2546345219e348575eb80e9a0?s=96&d=mm&r=g\",\"contentUrl\":\"https:\\\/\\\/secure.gravatar.com\\\/avatar\\\/37d968a2e67a6fd04c169c4bdef102d0bc5d31b2546345219e348575eb80e9a0?s=96&d=mm&r=g\",\"caption\":\"redazione\"},\"sameAs\":[\"http:\\\/\\\/www.bellunopress.it\",\"https:\\\/\\\/x.com\\\/bellunopress\"],\"url\":\"https:\\\/\\\/www.bellunopress.it\\\/fr\\\/author\\\/redazione\\\/\"}]}<\/script>\n<!-- \/ Yoast SEO plugin. -->","yoast_head_json":{"title":"Prevendite per la prima di campionato Sisley Belluno - Andreoli Latina di Domenica ore 18 - Bellunopress - Dolomiti","robots":{"index":"index","follow":"follow","max-snippet":"max-snippet:-1","max-image-preview":"max-image-preview:large","max-video-preview":"max-video-preview:-1"},"canonical":"https:\/\/www.bellunopress.it\/fr\/2011\/09\/22\/prevendite-per-la-prima-di-campionato-sisley-belluno-andreoli-latina-di-domenica-ore-18\/","og_locale":"fr_FR","og_type":"article","og_title":"Prevendite per la prima di campionato Sisley Belluno - Andreoli Latina di Domenica ore 18 - Bellunopress - Dolomiti","og_description":"Per il debutto della Sisley Volley Belluno, questa domenica 25 settembre alle ore 18.00 alla Spes Arena (arbitri Zucca e Rapisarda) nella prima giornata di Serie A1 Sustenium contro l\u2019Andreoli Latina, le prevendite dei biglietti saranno: da domani, gioved\u00ec presso la Piscina Comunale solo per biglietti NON numerati, quindi Curva Zanella (6 euro) e Tribuna [&hellip;]","og_url":"https:\/\/www.bellunopress.it\/fr\/2011\/09\/22\/prevendite-per-la-prima-di-campionato-sisley-belluno-andreoli-latina-di-domenica-ore-18\/","og_site_name":"Bellunopress - Dolomiti","article_publisher":"https:\/\/www.facebook.com\/profile.php?id=100008943462799","article_published_time":"2011-09-22T19:55:49+00:00","og_image":[{"url":"http:\/\/www.bellunopress.it\/wp-content\/uploads\/2012\/07\/logo-bellunopress-250x250-2012.jpg","type":"","width":"","height":""}],"author":"redazione","twitter_card":"summary_large_image","twitter_creator":"@bellunopress","twitter_site":"@bellunopress","twitter_misc":{"\u00c9crit par":"redazione","Dur\u00e9e de lecture estim\u00e9e":"1 minute"},"schema":{"@context":"https:\/\/schema.org","@graph":[{"@type":"Article","@id":"https:\/\/www.bellunopress.it\/2011\/09\/22\/prevendite-per-la-prima-di-campionato-sisley-belluno-andreoli-latina-di-domenica-ore-18\/#article","isPartOf":{"@id":"https:\/\/www.bellunopress.it\/2011\/09\/22\/prevendite-per-la-prima-di-campionato-sisley-belluno-andreoli-latina-di-domenica-ore-18\/"},"author":{"name":"redazione","@id":"https:\/\/www.bellunopress.it\/#\/schema\/person\/79bb06722b37ece1c03d3e94beb30d73"},"headline":"Prevendite per la prima di campionato Sisley Belluno &#8211; Andreoli Latina di Domenica ore 18","datePublished":"2011-09-22T19:55:49+00:00","mainEntityOfPage":{"@id":"https:\/\/www.bellunopress.it\/2011\/09\/22\/prevendite-per-la-prima-di-campionato-sisley-belluno-andreoli-latina-di-domenica-ore-18\/"},"wordCount":210,"publisher":{"@id":"https:\/\/www.bellunopress.it\/#organization"},"articleSection":["Pausa Caff\u00e8","Sport, tempo libero"],"inLanguage":"fr-FR"},{"@type":"WebPage","@id":"https:\/\/www.bellunopress.it\/2011\/09\/22\/prevendite-per-la-prima-di-campionato-sisley-belluno-andreoli-latina-di-domenica-ore-18\/","url":"https:\/\/www.bellunopress.it\/2011\/09\/22\/prevendite-per-la-prima-di-campionato-sisley-belluno-andreoli-latina-di-domenica-ore-18\/","name":"Prevendite per la prima di campionato Sisley Belluno - Andreoli Latina di Domenica ore 18 - Bellunopress - Dolomiti","isPartOf":{"@id":"https:\/\/www.bellunopress.it\/#website"},"datePublished":"2011-09-22T19:55:49+00:00","breadcrumb":{"@id":"https:\/\/www.bellunopress.it\/2011\/09\/22\/prevendite-per-la-prima-di-campionato-sisley-belluno-andreoli-latina-di-domenica-ore-18\/#breadcrumb"},"inLanguage":"fr-FR","potentialAction":[{"@type":"ReadAction","target":["https:\/\/www.bellunopress.it\/2011\/09\/22\/prevendite-per-la-prima-di-campionato-sisley-belluno-andreoli-latina-di-domenica-ore-18\/"]}]},{"@type":"BreadcrumbList","@id":"https:\/\/www.bellunopress.it\/2011\/09\/22\/prevendite-per-la-prima-di-campionato-sisley-belluno-andreoli-latina-di-domenica-ore-18\/#breadcrumb","itemListElement":[{"@type":"ListItem","position":1,"name":"Home","item":"https:\/\/www.bellunopress.it\/"},{"@type":"ListItem","position":2,"name":"Prevendite per la prima di campionato Sisley Belluno &#8211; Andreoli Latina di Domenica ore 18"}]},{"@type":"WebSite","@id":"https:\/\/www.bellunopress.it\/#website","url":"https:\/\/www.bellunopress.it\/","name":"Bellunopress - Dolomiti","description":"e-mail: redazione@bellunopress.it","publisher":{"@id":"https:\/\/www.bellunopress.it\/#organization"},"potentialAction":[{"@type":"SearchAction","target":{"@type":"EntryPoint","urlTemplate":"https:\/\/www.bellunopress.it\/?s={search_term_string}"},"query-input":{"@type":"PropertyValueSpecification","valueRequired":true,"valueName":"search_term_string"}}],"inLanguage":"fr-FR"},{"@type":"Organization","@id":"https:\/\/www.bellunopress.it\/#organization","name":"Bellunopress","url":"https:\/\/www.bellunopress.it\/","logo":{"@type":"ImageObject","inLanguage":"fr-FR","@id":"https:\/\/www.bellunopress.it\/#\/schema\/logo\/image\/","url":"https:\/\/www.bellunopress.it\/wp-content\/uploads\/2011\/05\/cropped-logo-bellunopress-.jpg","contentUrl":"https:\/\/www.bellunopress.it\/wp-content\/uploads\/2011\/05\/cropped-logo-bellunopress-.jpg","width":512,"height":512,"caption":"Bellunopress"},"image":{"@id":"https:\/\/www.bellunopress.it\/#\/schema\/logo\/image\/"},"sameAs":["https:\/\/www.facebook.com\/profile.php?id=100008943462799","https:\/\/x.com\/bellunopress","https:\/\/www.linkedin.com\/hp\/?dnr=JBzUWaJfMUw8vbXJJ2tVW5-I3jZKvC4wsoxE&amp;amp;amp;amp;amp;amp;trk=nav_responsive_tab_home","https:\/\/www.youtube.com\/channel\/UCxL0wu1uN0_3_7hGG0306cw"]},{"@type":"Person","@id":"https:\/\/www.bellunopress.it\/#\/schema\/person\/79bb06722b37ece1c03d3e94beb30d73","name":"r\u00e9daction","image":{"@type":"ImageObject","inLanguage":"fr-FR","@id":"https:\/\/secure.gravatar.com\/avatar\/37d968a2e67a6fd04c169c4bdef102d0bc5d31b2546345219e348575eb80e9a0?s=96&d=mm&r=g","url":"https:\/\/secure.gravatar.com\/avatar\/37d968a2e67a6fd04c169c4bdef102d0bc5d31b2546345219e348575eb80e9a0?s=96&d=mm&r=g","contentUrl":"https:\/\/secure.gravatar.com\/avatar\/37d968a2e67a6fd04c169c4bdef102d0bc5d31b2546345219e348575eb80e9a0?s=96&d=mm&r=g","caption":"redazione"},"sameAs":["http:\/\/www.bellunopress.it","https:\/\/x.com\/bellunopress"],"url":"https:\/\/www.bellunopress.it\/fr\/author\/redazione\/"}]}},"_links":{"self":[{"href":"https:\/\/www.bellunopress.it\/fr\/wp-json\/wp\/v2\/posts\/30771","targetHints":{"allow":["GET"]}}],"collection":[{"href":"https:\/\/www.bellunopress.it\/fr\/wp-json\/wp\/v2\/posts"}],"about":[{"href":"https:\/\/www.bellunopress.it\/fr\/wp-json\/wp\/v2\/types\/post"}],"author":[{"embeddable":true,"href":"https:\/\/www.bellunopress.it\/fr\/wp-json\/wp\/v2\/users\/2"}],"replies":[{"embeddable":true,"href":"https:\/\/www.bellunopress.it\/fr\/wp-json\/wp\/v2\/comments?post=30771"}],"version-history":[{"count":1,"href":"https:\/\/www.bellunopress.it\/fr\/wp-json\/wp\/v2\/posts\/30771\/revisions"}],"predecessor-version":[{"id":30772,"href":"https:\/\/www.bellunopress.it\/fr\/wp-json\/wp\/v2\/posts\/30771\/revisions\/30772"}],"wp:attachment":[{"href":"https:\/\/www.bellunopress.it\/fr\/wp-json\/wp\/v2\/media?parent=30771"}],"wp:term":[{"taxonomy":"category","embeddable":true,"href":"https:\/\/www.bellunopress.it\/fr\/wp-json\/wp\/v2\/categories?post=30771"},{"taxonomy":"post_tag","embeddable":true,"href":"https:\/\/www.bellunopress.it\/fr\/wp-json\/wp\/v2\/tags?post=30771"}],"curies":[{"name":"wp","href":"https:\/\/api.w.org\/{rel}","templated":true}]}}