{"id":30769,"date":"2011-09-21T20:00:58","date_gmt":"2011-09-21T19:00:58","guid":{"rendered":"http:\/\/www.bellunopress.it\/?p=30769"},"modified":"2011-09-21T20:00:58","modified_gmt":"2011-09-21T19:00:58","slug":"revisione-orari-dei-treni-regionali-chisso-propone-una-commissione-reolon-serve-impegno-massiccio-non-un-brodino-caldo","status":"publish","type":"post","link":"https:\/\/www.bellunopress.it\/fr\/2011\/09\/21\/revisione-orari-dei-treni-regionali-chisso-propone-una-commissione-reolon-serve-impegno-massiccio-non-un-brodino-caldo\/","title":{"rendered":"Revisione orari dei treni regionali. Chisso propone una commissione. Reolon &#8220;Serve impegno massiccio, non un brodino caldo&#8221;"},"content":{"rendered":"<p><a href=\"http:\/\/www.bellunopress.it\/wp-content\/uploads\/2010\/06\/sergio-reolon-130x130.jpg\"><img loading=\"lazy\" decoding=\"async\" class=\"alignleft size-full wp-image-16387\" title=\"sergio-reolon-130x130\" src=\"http:\/\/www.bellunopress.it\/wp-content\/uploads\/2010\/06\/sergio-reolon-130x130.jpg\" alt=\"\" width=\"130\" height=\"130\" \/><\/a>\u201cChisso propone l\u2019ennesima commissione di studio che rischia di essere un brodino caldo del tutto insufficiente a risolvere i problemi di una mobilit\u00e0 ferroviaria regionale in stato comatoso\u201d.<br \/>\nIl giudizio \u00e8 del consigliere regionale del PD, Sergio Reolon, che commenta cos\u00ec la proposta dell\u2019assessore regionale alla mobilit\u00e0 Renato Chisso (contenuta in una delibera di Giunta) di istituire una commissione per la revisione del sistema orario nel trasporto ferroviario veneto.<br \/>\n\u201cDal governo veneto mi aspetterei semmai un impegno massiccio per la realizzazione completa della metropolitana regionale di superficie e dell\u2019introduzione di un sistema tariffario integrato che \u00e8 atteso da anni.\u00a0 A proposito di commissioni, faccio notare che stiamo ancora aspettando il rapporto conclusivo dell\u2019organismo che doveva elaborare i costi standard per i trasporti\u201d.<br \/>\nReolon conclude osservando come\u201csarebbe insopportabile se quest\u2019ulteriore commissione servisse solo per rinviare nel tempo questa una annosa situazione di disagio. Gli utenti dei nostri treni chiedono invece decisioni ed interventi rapidi e concreti. Spero almeno che questo tavolo di lavoro congiunto serva ad avviare subito un orario cadenzato con treni ogni ora e con certezza che arrivino all\u2019orario previsto\u201d.<\/p>","protected":false},"excerpt":{"rendered":"<p>\u201cChisso propone l\u2019ennesima commissione di studio che rischia di essere un brodino caldo del tutto insufficiente a risolvere i problemi di una mobilit\u00e0 ferroviaria regionale in stato comatoso\u201d. Il giudizio \u00e8 del consigliere regionale del PD, Sergio Reolon, che commenta cos\u00ec la proposta dell\u2019assessore regionale alla mobilit\u00e0 Renato Chisso (contenuta in una delibera di Giunta) [&hellip;]<\/p>\n","protected":false},"author":2,"featured_media":0,"comment_status":"closed","ping_status":"open","sticky":false,"template":"","format":"standard","meta":{"footnotes":""},"categories":[5,26],"tags":[],"class_list":["post-30769","post","type-post","status-publish","format-standard","category-cronaca","category-prima-pagina"],"yoast_head":"<!-- This site is optimized with the Yoast SEO plugin v28.4 - https:\/\/yoast.com\/product\/yoast-seo-wordpress\/ -->\n<title>Revisione orari dei treni regionali. Chisso propone una commissione. Reolon &quot;Serve impegno massiccio, non un brodino caldo&quot; - Bellunopress - Dolomiti<\/title>\n<meta name=\"robots\" content=\"index, follow, max-snippet:-1, max-image-preview:large, max-video-preview:-1\" \/>\n<link rel=\"canonical\" href=\"https:\/\/www.bellunopress.it\/fr\/2011\/09\/21\/revisione-orari-dei-treni-regionali-chisso-propone-una-commissione-reolon-serve-impegno-massiccio-non-un-brodino-caldo\/\" \/>\n<meta property=\"og:locale\" content=\"fr_FR\" \/>\n<meta property=\"og:type\" content=\"article\" \/>\n<meta property=\"og:title\" content=\"Revisione orari dei treni regionali. Chisso propone una commissione. Reolon &quot;Serve impegno massiccio, non un brodino caldo&quot; - Bellunopress - Dolomiti\" \/>\n<meta property=\"og:description\" content=\"\u201cChisso propone l\u2019ennesima commissione di studio che rischia di essere un brodino caldo del tutto insufficiente a risolvere i problemi di una mobilit\u00e0 ferroviaria regionale in stato comatoso\u201d. Il giudizio \u00e8 del consigliere regionale del PD, Sergio Reolon, che commenta cos\u00ec la proposta dell\u2019assessore regionale alla mobilit\u00e0 Renato Chisso (contenuta in una delibera di Giunta) [&hellip;]\" \/>\n<meta property=\"og:url\" content=\"https:\/\/www.bellunopress.it\/fr\/2011\/09\/21\/revisione-orari-dei-treni-regionali-chisso-propone-una-commissione-reolon-serve-impegno-massiccio-non-un-brodino-caldo\/\" \/>\n<meta property=\"og:site_name\" content=\"Bellunopress - Dolomiti\" \/>\n<meta property=\"article:publisher\" content=\"https:\/\/www.facebook.com\/profile.php?id=100008943462799\" \/>\n<meta property=\"article:published_time\" content=\"2011-09-21T19:00:58+00:00\" \/>\n<meta property=\"og:image\" content=\"http:\/\/www.bellunopress.it\/wp-content\/uploads\/2010\/06\/sergio-reolon-130x130.jpg\" \/>\n<meta name=\"author\" content=\"redazione\" \/>\n<meta name=\"twitter:card\" content=\"summary_large_image\" \/>\n<meta name=\"twitter:creator\" content=\"@bellunopress\" \/>\n<meta name=\"twitter:site\" content=\"@bellunopress\" \/>\n<meta name=\"twitter:label1\" content=\"\u00c9crit par\" \/>\n\t<meta name=\"twitter:data1\" content=\"redazione\" \/>\n\t<meta name=\"twitter:label2\" content=\"Dur\u00e9e de lecture estim\u00e9e\" \/>\n\t<meta name=\"twitter:data2\" content=\"1 minute\" \/>\n<script type=\"application\/ld+json\" class=\"yoast-schema-graph\">{\"@context\":\"https:\\\/\\\/schema.org\",\"@graph\":[{\"@type\":\"Article\",\"@id\":\"https:\\\/\\\/www.bellunopress.it\\\/2011\\\/09\\\/21\\\/revisione-orari-dei-treni-regionali-chisso-propone-una-commissione-reolon-serve-impegno-massiccio-non-un-brodino-caldo\\\/#article\",\"isPartOf\":{\"@id\":\"https:\\\/\\\/www.bellunopress.it\\\/2011\\\/09\\\/21\\\/revisione-orari-dei-treni-regionali-chisso-propone-una-commissione-reolon-serve-impegno-massiccio-non-un-brodino-caldo\\\/\"},\"author\":{\"name\":\"redazione\",\"@id\":\"https:\\\/\\\/www.bellunopress.it\\\/#\\\/schema\\\/person\\\/79bb06722b37ece1c03d3e94beb30d73\"},\"headline\":\"Revisione orari dei treni regionali. Chisso propone una commissione. Reolon &#8220;Serve impegno massiccio, non un brodino caldo&#8221;\",\"datePublished\":\"2011-09-21T19:00:58+00:00\",\"mainEntityOfPage\":{\"@id\":\"https:\\\/\\\/www.bellunopress.it\\\/2011\\\/09\\\/21\\\/revisione-orari-dei-treni-regionali-chisso-propone-una-commissione-reolon-serve-impegno-massiccio-non-un-brodino-caldo\\\/\"},\"wordCount\":203,\"publisher\":{\"@id\":\"https:\\\/\\\/www.bellunopress.it\\\/#organization\"},\"image\":{\"@id\":\"https:\\\/\\\/www.bellunopress.it\\\/2011\\\/09\\\/21\\\/revisione-orari-dei-treni-regionali-chisso-propone-una-commissione-reolon-serve-impegno-massiccio-non-un-brodino-caldo\\\/#primaryimage\"},\"thumbnailUrl\":\"http:\\\/\\\/www.bellunopress.it\\\/wp-content\\\/uploads\\\/2010\\\/06\\\/sergio-reolon-130x130.jpg\",\"articleSection\":[\"Cronaca\\\/Politica\",\"Prima Pagina\"],\"inLanguage\":\"fr-FR\"},{\"@type\":\"WebPage\",\"@id\":\"https:\\\/\\\/www.bellunopress.it\\\/2011\\\/09\\\/21\\\/revisione-orari-dei-treni-regionali-chisso-propone-una-commissione-reolon-serve-impegno-massiccio-non-un-brodino-caldo\\\/\",\"url\":\"https:\\\/\\\/www.bellunopress.it\\\/2011\\\/09\\\/21\\\/revisione-orari-dei-treni-regionali-chisso-propone-una-commissione-reolon-serve-impegno-massiccio-non-un-brodino-caldo\\\/\",\"name\":\"Revisione orari dei treni regionali. Chisso propone una commissione. Reolon \\\"Serve impegno massiccio, non un brodino caldo\\\" - Bellunopress - Dolomiti\",\"isPartOf\":{\"@id\":\"https:\\\/\\\/www.bellunopress.it\\\/#website\"},\"primaryImageOfPage\":{\"@id\":\"https:\\\/\\\/www.bellunopress.it\\\/2011\\\/09\\\/21\\\/revisione-orari-dei-treni-regionali-chisso-propone-una-commissione-reolon-serve-impegno-massiccio-non-un-brodino-caldo\\\/#primaryimage\"},\"image\":{\"@id\":\"https:\\\/\\\/www.bellunopress.it\\\/2011\\\/09\\\/21\\\/revisione-orari-dei-treni-regionali-chisso-propone-una-commissione-reolon-serve-impegno-massiccio-non-un-brodino-caldo\\\/#primaryimage\"},\"thumbnailUrl\":\"http:\\\/\\\/www.bellunopress.it\\\/wp-content\\\/uploads\\\/2010\\\/06\\\/sergio-reolon-130x130.jpg\",\"datePublished\":\"2011-09-21T19:00:58+00:00\",\"breadcrumb\":{\"@id\":\"https:\\\/\\\/www.bellunopress.it\\\/2011\\\/09\\\/21\\\/revisione-orari-dei-treni-regionali-chisso-propone-una-commissione-reolon-serve-impegno-massiccio-non-un-brodino-caldo\\\/#breadcrumb\"},\"inLanguage\":\"fr-FR\",\"potentialAction\":[{\"@type\":\"ReadAction\",\"target\":[\"https:\\\/\\\/www.bellunopress.it\\\/2011\\\/09\\\/21\\\/revisione-orari-dei-treni-regionali-chisso-propone-una-commissione-reolon-serve-impegno-massiccio-non-un-brodino-caldo\\\/\"]}]},{\"@type\":\"ImageObject\",\"inLanguage\":\"fr-FR\",\"@id\":\"https:\\\/\\\/www.bellunopress.it\\\/2011\\\/09\\\/21\\\/revisione-orari-dei-treni-regionali-chisso-propone-una-commissione-reolon-serve-impegno-massiccio-non-un-brodino-caldo\\\/#primaryimage\",\"url\":\"http:\\\/\\\/www.bellunopress.it\\\/wp-content\\\/uploads\\\/2010\\\/06\\\/sergio-reolon-130x130.jpg\",\"contentUrl\":\"http:\\\/\\\/www.bellunopress.it\\\/wp-content\\\/uploads\\\/2010\\\/06\\\/sergio-reolon-130x130.jpg\"},{\"@type\":\"BreadcrumbList\",\"@id\":\"https:\\\/\\\/www.bellunopress.it\\\/2011\\\/09\\\/21\\\/revisione-orari-dei-treni-regionali-chisso-propone-una-commissione-reolon-serve-impegno-massiccio-non-un-brodino-caldo\\\/#breadcrumb\",\"itemListElement\":[{\"@type\":\"ListItem\",\"position\":1,\"name\":\"Home\",\"item\":\"https:\\\/\\\/www.bellunopress.it\\\/\"},{\"@type\":\"ListItem\",\"position\":2,\"name\":\"Revisione orari dei treni regionali. Chisso propone una commissione. Reolon &#8220;Serve impegno massiccio, non un brodino caldo&#8221;\"}]},{\"@type\":\"WebSite\",\"@id\":\"https:\\\/\\\/www.bellunopress.it\\\/#website\",\"url\":\"https:\\\/\\\/www.bellunopress.it\\\/\",\"name\":\"Bellunopress - Dolomiti\",\"description\":\"e-mail: redazione@bellunopress.it\",\"publisher\":{\"@id\":\"https:\\\/\\\/www.bellunopress.it\\\/#organization\"},\"potentialAction\":[{\"@type\":\"SearchAction\",\"target\":{\"@type\":\"EntryPoint\",\"urlTemplate\":\"https:\\\/\\\/www.bellunopress.it\\\/?s={search_term_string}\"},\"query-input\":{\"@type\":\"PropertyValueSpecification\",\"valueRequired\":true,\"valueName\":\"search_term_string\"}}],\"inLanguage\":\"fr-FR\"},{\"@type\":\"Organization\",\"@id\":\"https:\\\/\\\/www.bellunopress.it\\\/#organization\",\"name\":\"Bellunopress\",\"url\":\"https:\\\/\\\/www.bellunopress.it\\\/\",\"logo\":{\"@type\":\"ImageObject\",\"inLanguage\":\"fr-FR\",\"@id\":\"https:\\\/\\\/www.bellunopress.it\\\/#\\\/schema\\\/logo\\\/image\\\/\",\"url\":\"https:\\\/\\\/www.bellunopress.it\\\/wp-content\\\/uploads\\\/2011\\\/05\\\/cropped-logo-bellunopress-.jpg\",\"contentUrl\":\"https:\\\/\\\/www.bellunopress.it\\\/wp-content\\\/uploads\\\/2011\\\/05\\\/cropped-logo-bellunopress-.jpg\",\"width\":512,\"height\":512,\"caption\":\"Bellunopress\"},\"image\":{\"@id\":\"https:\\\/\\\/www.bellunopress.it\\\/#\\\/schema\\\/logo\\\/image\\\/\"},\"sameAs\":[\"https:\\\/\\\/www.facebook.com\\\/profile.php?id=100008943462799\",\"https:\\\/\\\/x.com\\\/bellunopress\",\"https:\\\/\\\/www.linkedin.com\\\/hp\\\/?dnr=JBzUWaJfMUw8vbXJJ2tVW5-I3jZKvC4wsoxE&amp;amp;amp;amp;amp;amp;trk=nav_responsive_tab_home\",\"https:\\\/\\\/www.youtube.com\\\/channel\\\/UCxL0wu1uN0_3_7hGG0306cw\"]},{\"@type\":\"Person\",\"@id\":\"https:\\\/\\\/www.bellunopress.it\\\/#\\\/schema\\\/person\\\/79bb06722b37ece1c03d3e94beb30d73\",\"name\":\"redazione\",\"image\":{\"@type\":\"ImageObject\",\"inLanguage\":\"fr-FR\",\"@id\":\"https:\\\/\\\/secure.gravatar.com\\\/avatar\\\/37d968a2e67a6fd04c169c4bdef102d0bc5d31b2546345219e348575eb80e9a0?s=96&d=mm&r=g\",\"url\":\"https:\\\/\\\/secure.gravatar.com\\\/avatar\\\/37d968a2e67a6fd04c169c4bdef102d0bc5d31b2546345219e348575eb80e9a0?s=96&d=mm&r=g\",\"contentUrl\":\"https:\\\/\\\/secure.gravatar.com\\\/avatar\\\/37d968a2e67a6fd04c169c4bdef102d0bc5d31b2546345219e348575eb80e9a0?s=96&d=mm&r=g\",\"caption\":\"redazione\"},\"sameAs\":[\"http:\\\/\\\/www.bellunopress.it\",\"https:\\\/\\\/x.com\\\/bellunopress\"],\"url\":\"https:\\\/\\\/www.bellunopress.it\\\/fr\\\/author\\\/redazione\\\/\"}]}<\/script>\n<!-- \/ Yoast SEO plugin. -->","yoast_head_json":{"title":"Revisione orari dei treni regionali. Chisso propone una commissione. Reolon \"Serve impegno massiccio, non un brodino caldo\" - Bellunopress - Dolomiti","robots":{"index":"index","follow":"follow","max-snippet":"max-snippet:-1","max-image-preview":"max-image-preview:large","max-video-preview":"max-video-preview:-1"},"canonical":"https:\/\/www.bellunopress.it\/fr\/2011\/09\/21\/revisione-orari-dei-treni-regionali-chisso-propone-una-commissione-reolon-serve-impegno-massiccio-non-un-brodino-caldo\/","og_locale":"fr_FR","og_type":"article","og_title":"Revisione orari dei treni regionali. Chisso propone una commissione. Reolon \"Serve impegno massiccio, non un brodino caldo\" - Bellunopress - Dolomiti","og_description":"\u201cChisso propone l\u2019ennesima commissione di studio che rischia di essere un brodino caldo del tutto insufficiente a risolvere i problemi di una mobilit\u00e0 ferroviaria regionale in stato comatoso\u201d. Il giudizio \u00e8 del consigliere regionale del PD, Sergio Reolon, che commenta cos\u00ec la proposta dell\u2019assessore regionale alla mobilit\u00e0 Renato Chisso (contenuta in una delibera di Giunta) [&hellip;]","og_url":"https:\/\/www.bellunopress.it\/fr\/2011\/09\/21\/revisione-orari-dei-treni-regionali-chisso-propone-una-commissione-reolon-serve-impegno-massiccio-non-un-brodino-caldo\/","og_site_name":"Bellunopress - Dolomiti","article_publisher":"https:\/\/www.facebook.com\/profile.php?id=100008943462799","article_published_time":"2011-09-21T19:00:58+00:00","og_image":[{"url":"http:\/\/www.bellunopress.it\/wp-content\/uploads\/2010\/06\/sergio-reolon-130x130.jpg","type":"","width":"","height":""}],"author":"redazione","twitter_card":"summary_large_image","twitter_creator":"@bellunopress","twitter_site":"@bellunopress","twitter_misc":{"\u00c9crit par":"redazione","Dur\u00e9e de lecture estim\u00e9e":"1 minute"},"schema":{"@context":"https:\/\/schema.org","@graph":[{"@type":"Article","@id":"https:\/\/www.bellunopress.it\/2011\/09\/21\/revisione-orari-dei-treni-regionali-chisso-propone-una-commissione-reolon-serve-impegno-massiccio-non-un-brodino-caldo\/#article","isPartOf":{"@id":"https:\/\/www.bellunopress.it\/2011\/09\/21\/revisione-orari-dei-treni-regionali-chisso-propone-una-commissione-reolon-serve-impegno-massiccio-non-un-brodino-caldo\/"},"author":{"name":"redazione","@id":"https:\/\/www.bellunopress.it\/#\/schema\/person\/79bb06722b37ece1c03d3e94beb30d73"},"headline":"Revisione orari dei treni regionali. Chisso propone una commissione. Reolon &#8220;Serve impegno massiccio, non un brodino caldo&#8221;","datePublished":"2011-09-21T19:00:58+00:00","mainEntityOfPage":{"@id":"https:\/\/www.bellunopress.it\/2011\/09\/21\/revisione-orari-dei-treni-regionali-chisso-propone-una-commissione-reolon-serve-impegno-massiccio-non-un-brodino-caldo\/"},"wordCount":203,"publisher":{"@id":"https:\/\/www.bellunopress.it\/#organization"},"image":{"@id":"https:\/\/www.bellunopress.it\/2011\/09\/21\/revisione-orari-dei-treni-regionali-chisso-propone-una-commissione-reolon-serve-impegno-massiccio-non-un-brodino-caldo\/#primaryimage"},"thumbnailUrl":"http:\/\/www.bellunopress.it\/wp-content\/uploads\/2010\/06\/sergio-reolon-130x130.jpg","articleSection":["Cronaca\/Politica","Prima Pagina"],"inLanguage":"fr-FR"},{"@type":"WebPage","@id":"https:\/\/www.bellunopress.it\/2011\/09\/21\/revisione-orari-dei-treni-regionali-chisso-propone-una-commissione-reolon-serve-impegno-massiccio-non-un-brodino-caldo\/","url":"https:\/\/www.bellunopress.it\/2011\/09\/21\/revisione-orari-dei-treni-regionali-chisso-propone-una-commissione-reolon-serve-impegno-massiccio-non-un-brodino-caldo\/","name":"Revisione orari dei treni regionali. Chisso propone una commissione. Reolon \"Serve impegno massiccio, non un brodino caldo\" - Bellunopress - Dolomiti","isPartOf":{"@id":"https:\/\/www.bellunopress.it\/#website"},"primaryImageOfPage":{"@id":"https:\/\/www.bellunopress.it\/2011\/09\/21\/revisione-orari-dei-treni-regionali-chisso-propone-una-commissione-reolon-serve-impegno-massiccio-non-un-brodino-caldo\/#primaryimage"},"image":{"@id":"https:\/\/www.bellunopress.it\/2011\/09\/21\/revisione-orari-dei-treni-regionali-chisso-propone-una-commissione-reolon-serve-impegno-massiccio-non-un-brodino-caldo\/#primaryimage"},"thumbnailUrl":"http:\/\/www.bellunopress.it\/wp-content\/uploads\/2010\/06\/sergio-reolon-130x130.jpg","datePublished":"2011-09-21T19:00:58+00:00","breadcrumb":{"@id":"https:\/\/www.bellunopress.it\/2011\/09\/21\/revisione-orari-dei-treni-regionali-chisso-propone-una-commissione-reolon-serve-impegno-massiccio-non-un-brodino-caldo\/#breadcrumb"},"inLanguage":"fr-FR","potentialAction":[{"@type":"ReadAction","target":["https:\/\/www.bellunopress.it\/2011\/09\/21\/revisione-orari-dei-treni-regionali-chisso-propone-una-commissione-reolon-serve-impegno-massiccio-non-un-brodino-caldo\/"]}]},{"@type":"ImageObject","inLanguage":"fr-FR","@id":"https:\/\/www.bellunopress.it\/2011\/09\/21\/revisione-orari-dei-treni-regionali-chisso-propone-una-commissione-reolon-serve-impegno-massiccio-non-un-brodino-caldo\/#primaryimage","url":"http:\/\/www.bellunopress.it\/wp-content\/uploads\/2010\/06\/sergio-reolon-130x130.jpg","contentUrl":"http:\/\/www.bellunopress.it\/wp-content\/uploads\/2010\/06\/sergio-reolon-130x130.jpg"},{"@type":"BreadcrumbList","@id":"https:\/\/www.bellunopress.it\/2011\/09\/21\/revisione-orari-dei-treni-regionali-chisso-propone-una-commissione-reolon-serve-impegno-massiccio-non-un-brodino-caldo\/#breadcrumb","itemListElement":[{"@type":"ListItem","position":1,"name":"Home","item":"https:\/\/www.bellunopress.it\/"},{"@type":"ListItem","position":2,"name":"Revisione orari dei treni regionali. Chisso propone una commissione. Reolon &#8220;Serve impegno massiccio, non un brodino caldo&#8221;"}]},{"@type":"WebSite","@id":"https:\/\/www.bellunopress.it\/#website","url":"https:\/\/www.bellunopress.it\/","name":"Bellunopress - Dolomiti","description":"e-mail: redazione@bellunopress.it","publisher":{"@id":"https:\/\/www.bellunopress.it\/#organization"},"potentialAction":[{"@type":"SearchAction","target":{"@type":"EntryPoint","urlTemplate":"https:\/\/www.bellunopress.it\/?s={search_term_string}"},"query-input":{"@type":"PropertyValueSpecification","valueRequired":true,"valueName":"search_term_string"}}],"inLanguage":"fr-FR"},{"@type":"Organization","@id":"https:\/\/www.bellunopress.it\/#organization","name":"Bellunopress","url":"https:\/\/www.bellunopress.it\/","logo":{"@type":"ImageObject","inLanguage":"fr-FR","@id":"https:\/\/www.bellunopress.it\/#\/schema\/logo\/image\/","url":"https:\/\/www.bellunopress.it\/wp-content\/uploads\/2011\/05\/cropped-logo-bellunopress-.jpg","contentUrl":"https:\/\/www.bellunopress.it\/wp-content\/uploads\/2011\/05\/cropped-logo-bellunopress-.jpg","width":512,"height":512,"caption":"Bellunopress"},"image":{"@id":"https:\/\/www.bellunopress.it\/#\/schema\/logo\/image\/"},"sameAs":["https:\/\/www.facebook.com\/profile.php?id=100008943462799","https:\/\/x.com\/bellunopress","https:\/\/www.linkedin.com\/hp\/?dnr=JBzUWaJfMUw8vbXJJ2tVW5-I3jZKvC4wsoxE&amp;amp;amp;amp;amp;amp;trk=nav_responsive_tab_home","https:\/\/www.youtube.com\/channel\/UCxL0wu1uN0_3_7hGG0306cw"]},{"@type":"Person","@id":"https:\/\/www.bellunopress.it\/#\/schema\/person\/79bb06722b37ece1c03d3e94beb30d73","name":"r\u00e9daction","image":{"@type":"ImageObject","inLanguage":"fr-FR","@id":"https:\/\/secure.gravatar.com\/avatar\/37d968a2e67a6fd04c169c4bdef102d0bc5d31b2546345219e348575eb80e9a0?s=96&d=mm&r=g","url":"https:\/\/secure.gravatar.com\/avatar\/37d968a2e67a6fd04c169c4bdef102d0bc5d31b2546345219e348575eb80e9a0?s=96&d=mm&r=g","contentUrl":"https:\/\/secure.gravatar.com\/avatar\/37d968a2e67a6fd04c169c4bdef102d0bc5d31b2546345219e348575eb80e9a0?s=96&d=mm&r=g","caption":"redazione"},"sameAs":["http:\/\/www.bellunopress.it","https:\/\/x.com\/bellunopress"],"url":"https:\/\/www.bellunopress.it\/fr\/author\/redazione\/"}]}},"_links":{"self":[{"href":"https:\/\/www.bellunopress.it\/fr\/wp-json\/wp\/v2\/posts\/30769","targetHints":{"allow":["GET"]}}],"collection":[{"href":"https:\/\/www.bellunopress.it\/fr\/wp-json\/wp\/v2\/posts"}],"about":[{"href":"https:\/\/www.bellunopress.it\/fr\/wp-json\/wp\/v2\/types\/post"}],"author":[{"embeddable":true,"href":"https:\/\/www.bellunopress.it\/fr\/wp-json\/wp\/v2\/users\/2"}],"replies":[{"embeddable":true,"href":"https:\/\/www.bellunopress.it\/fr\/wp-json\/wp\/v2\/comments?post=30769"}],"version-history":[{"count":1,"href":"https:\/\/www.bellunopress.it\/fr\/wp-json\/wp\/v2\/posts\/30769\/revisions"}],"predecessor-version":[{"id":30770,"href":"https:\/\/www.bellunopress.it\/fr\/wp-json\/wp\/v2\/posts\/30769\/revisions\/30770"}],"wp:attachment":[{"href":"https:\/\/www.bellunopress.it\/fr\/wp-json\/wp\/v2\/media?parent=30769"}],"wp:term":[{"taxonomy":"category","embeddable":true,"href":"https:\/\/www.bellunopress.it\/fr\/wp-json\/wp\/v2\/categories?post=30769"},{"taxonomy":"post_tag","embeddable":true,"href":"https:\/\/www.bellunopress.it\/fr\/wp-json\/wp\/v2\/tags?post=30769"}],"curies":[{"name":"wp","href":"https:\/\/api.w.org\/{rel}","templated":true}]}}