{"id":30765,"date":"2011-09-21T19:30:12","date_gmt":"2011-09-21T18:30:12","guid":{"rendered":"http:\/\/www.bellunopress.it\/?p=30765"},"modified":"2011-09-21T19:30:12","modified_gmt":"2011-09-21T18:30:12","slug":"giornate-europee-del-patrimonio-entrata-gratuita-a-palazzo-crepadona-e-al-museo-civico-il-24-e-25-settembre","status":"publish","type":"post","link":"https:\/\/www.bellunopress.it\/fr\/2011\/09\/21\/giornate-europee-del-patrimonio-entrata-gratuita-a-palazzo-crepadona-e-al-museo-civico-il-24-e-25-settembre\/","title":{"rendered":"Giornate Europee del Patrimonio.Entrata gratuita a Palazzo Crepadona e al Museo civico il 24 e 25 settembre"},"content":{"rendered":"<p>L\u2019Italia aderisce, insieme ad altri 49 Stati Europei, alle Giornate Europee del Patrimonio 2011 che avranno luogo nel nostro Paese il 24 e il 25 settembre, con lo slogan, ormai consolidato: \u201cL\u2019Italia tesoro d\u2019Europa\u201d.<br \/>\nL&#8217;iniziativa, mirata a far conoscere ai cittadini i tesori artistici della propria nazione, coinvolge i singoli territori che possono aderire con eventi particolari.<br \/>\nBelluno, quest&#8217;anno, mette in gioco la mostra sulle collezioni del &#8216;900 della Fondazione Cariverona e dalla Fondazione Domus, allestita a Palazzo Crepadona e al Museo civico. Entrambi i siti saranno aperti gratuitamente nelle giornate di sabato 24 e domenica 25 settembre.<br \/>\nSar\u00e0 l&#8217;occasione, per chi non l&#8217;avesse ancora fatto, di visitare le oltre 70 opere &#8211; selezionate dalla prestigiosa collezione delle due fondazioni &#8211; di pittori e scultori che hanno segnato l&#8217;arte del Novecento tra cui: Balla, Birolli, Casorati, Rossi, Boccioni, Martini, Savinio, Morandi, Manz\u00f9, Schifano e Vedova.<br \/>\nOltre alle molte opere presentate per la prima volta al pubblico, la mostra \u00e8 arricchita da tre momenti espositivi dedicati alla citt\u00e0 di Belluno e alle sue peculiarit\u00e0. Una prima sala, tra cui spicca un inedito Sebastiano Ricci, \u00e8 consacrata all&#8217;arte antica; un nucleo di opere di pittori tra cui Ciardi svela poi la magia della montagna innevata, mentre una terza sala \u00e8 riservata alla rappresentazione dei fiori con uno splendido Afro mai esposto prima.<br \/>\n\u201cCi siamo sempre impegnati per mantenere un alto livello di qualit\u00e0 nelle proposte espositive presentate in Citt\u00e0\u201d &#8211; commenta l&#8217;assessore alla Cultura, Maria Grazia Passuello &#8211; \u201cArte del Novecento \u00e8 oggi tra i protagonisti delle giornate europee del Patrimonio, assieme a importanti eventi presenti sul bel depliant realizzato dal Ministero dei Beni Culturali. Si tratta di un&#8217;occasione che non potevamo perdere e che ci consente di avere una visibilit\u00e0 eccezionale. Invito tutti, in particolare i concittadini, a visitare l&#8217;esposizione di Palazzo Crepadona e il nostro bellissimo Museo, per rendersi conto delle bellezze che custodiamo\u201d.<\/p>\n<figure id=\"attachment_10610\" aria-describedby=\"caption-attachment-10610\" style=\"width: 270px\" class=\"wp-caption alignleft\"><a href=\"http:\/\/www.bellunopress.it\/wp-content\/uploads\/2009\/12\/crepadona.jpg\"><img loading=\"lazy\" decoding=\"async\" class=\"size-full wp-image-10610\" title=\"crepadona\" src=\"http:\/\/www.bellunopress.it\/wp-content\/uploads\/2009\/12\/crepadona.jpg\" alt=\"\" width=\"270\" height=\"202\" \/><\/a><figcaption id=\"caption-attachment-10610\" class=\"wp-caption-text\">Palazzo Crepadona via Ripa Belluno<\/figcaption><\/figure>\n<p>L\u2019Italia aderisce, insieme ad altri 49 Stati Europei, alle Giornate Europee del Patrimonio 2011 che avranno luogo nel nostro Paese il 24 e il 25 settembre, con lo slogan, ormai consolidato: \u201cL\u2019Italia tesoro d\u2019Europa\u201d.<br \/>\nLe Giornate, fin dalla loro istituzione nel 1954, sono state apprezzate da tutti i cittadini che, attraverso questo momento di grande partecipazione, hanno avuto l\u2019opportunit\u00e0 di conoscere lo straordinario patrimonio culturale europeo.<br \/>\nL\u2019iniziativa, nel corso degli anni, ha assunto una tale rilevanza che nel 1999 il Consiglio d\u2019Europa e la Commissione Europea ne hanno fatto un\u2019azione comune, con l\u2019intento di potenziare e favorire il dialogo e lo scambio culturale, al fine di aumentare la consapevolezza dei cittadini nei confronti della grande ricchezza che la diversit\u00e0 culturale genera all\u2019interno dell&#8217;Europa.<br \/>\nOccorre quindi riaffermare, insieme agli altri Paesi europei, radici culturali e storiche comuni, fondamentali per elaborare progetti e strategie condivise, atte a salvaguardare, tutelare, far conoscere e tramandare, anche nei momenti di crisi, il grande patrimonio culturale del nostro Paese e di tutta l\u2019Unione.<\/p>\n<p>La recente iscrizione di due nuovi siti italiani nel Patrimonio mondiale dell\u2019Unesco, Italia Langobardorum e Siti palafitticoli dell\u2019arco alpino, si colloca proprio nello spirito delle Giornate Europee. La serie dei siti palafitticoli preistorici dell\u2019arco alpino si estende sui territori di sei paesi &#8211; Svizzera, Austria, Francia, Italia, Germania e Slovenia &#8211; e comprende ben 111 villaggi palafitticoli: \u00e8 la testimonianza dell\u2019esistenza di un forte legame comune nelle tradizioni culturali del vecchio continente.<\/p>\n<p>A questa grande festa europea, il MiBAC partecipa con tutti i suoi Istituti centrali e territoriali che, oltre ad organizzare eventi per l\u2019occasione,aprono gratuitamente al pubblico tutti i luoghi d\u2019arte statali che comprendono il patrimonio archeologico, artistico e storico, architettonico, archivistico e librario, cinematografico, teatrale e musicale.<br \/>\nIn sinergia con il MiBAC aderiscono all\u2019iniziativa il Ministero dell\u2019Istruzione dell\u2019Universit\u00e0 e della Ricerca, il Ministero per gli Affari Esteri con gli Istituti Italiani di Cultura all\u2019estero, Regioni e Province autonome, Comuni e Istituzioni culturali a carattere pubblico e privato, che danno un valore aggiunto all\u2019iniziativa, aprendo gratuitamente i loro luoghi d\u2019arte ed organizzando eventi.<br \/>\nCon l\u2019ingresso gratuito nei luoghi d\u2019arte e i molti eventi organizzati, si permette ai cittadini di scoprire o riscoprire liberamente musei, monumenti o siti archeologici noti e meno noti offrendo lo spunto per una riflessione sulle fondamenta della nostra storia. \u00c8 necessario per\u00f2 uno sforzo ulteriore di comunicazione perch\u00e9 questa diventi un\u2019opportunit\u00e0 per i cittadini dei singoli Stati europei di conoscere il patrimonio culturale delle altre realt\u00e0 dell\u2019Unione, apprezzare le differenze, cogliere le assonanze e comprendere cos\u00ec il senso di un\u2019Europa comune, che non potr\u00e0 essere tale senza la consapevolezza di idee, valori e sentimenti comuni.<br \/>\nIn queste \u201cGiornate\u201d \u00e8 l\u2019intero patrimonio artistico e culturale europeo ad aprirsi al mondo.<\/p>\n<p>Il link alla brochure relativa al Veneto.<br \/>\n<a href=\"http:\/\/www.beniculturali.it\/mibac\/multimedia\/MiBAC\/documents\/1315215241971_Veneto_GEP11_web.pdf\">http:\/\/www.beniculturali.it\/mibac\/multimedia\/MiBAC\/documents\/1315215241971_Veneto_GEP11_web.pdf<\/a><\/p>","protected":false},"excerpt":{"rendered":"<p>L\u2019Italia aderisce, insieme ad altri 49 Stati Europei, alle Giornate Europee del Patrimonio 2011 che avranno luogo nel nostro Paese il 24 e il 25 settembre, con lo slogan, ormai consolidato: \u201cL\u2019Italia tesoro d\u2019Europa\u201d. L&#8217;iniziativa, mirata a far conoscere ai cittadini i tesori artistici della propria nazione, coinvolge i singoli territori che possono aderire con [&hellip;]<\/p>\n","protected":false},"author":2,"featured_media":0,"comment_status":"closed","ping_status":"open","sticky":false,"template":"","format":"standard","meta":{"footnotes":""},"categories":[27,3,25],"tags":[],"class_list":["post-30765","post","type-post","status-publish","format-standard","category-appuntamenti","category-arte-cultura-spettacoli-scienza-archivi","category-pausa-caffe"],"yoast_head":"<!-- This site is optimized with the Yoast SEO plugin v28.4 - https:\/\/yoast.com\/product\/yoast-seo-wordpress\/ -->\n<title>Giornate Europee del Patrimonio.Entrata gratuita a Palazzo Crepadona e al Museo civico il 24 e 25 settembre - Bellunopress - Dolomiti<\/title>\n<meta name=\"robots\" content=\"index, follow, max-snippet:-1, max-image-preview:large, max-video-preview:-1\" \/>\n<link rel=\"canonical\" href=\"https:\/\/www.bellunopress.it\/fr\/2011\/09\/21\/giornate-europee-del-patrimonio-entrata-gratuita-a-palazzo-crepadona-e-al-museo-civico-il-24-e-25-settembre\/\" \/>\n<meta property=\"og:locale\" content=\"fr_FR\" \/>\n<meta property=\"og:type\" content=\"article\" \/>\n<meta property=\"og:title\" content=\"Giornate Europee del Patrimonio.Entrata gratuita a Palazzo Crepadona e al Museo civico il 24 e 25 settembre - Bellunopress - Dolomiti\" \/>\n<meta property=\"og:description\" content=\"L\u2019Italia aderisce, insieme ad altri 49 Stati Europei, alle Giornate Europee del Patrimonio 2011 che avranno luogo nel nostro Paese il 24 e il 25 settembre, con lo slogan, ormai consolidato: \u201cL\u2019Italia tesoro d\u2019Europa\u201d. L&#8217;iniziativa, mirata a far conoscere ai cittadini i tesori artistici della propria nazione, coinvolge i singoli territori che possono aderire con [&hellip;]\" \/>\n<meta property=\"og:url\" content=\"https:\/\/www.bellunopress.it\/fr\/2011\/09\/21\/giornate-europee-del-patrimonio-entrata-gratuita-a-palazzo-crepadona-e-al-museo-civico-il-24-e-25-settembre\/\" \/>\n<meta property=\"og:site_name\" content=\"Bellunopress - Dolomiti\" \/>\n<meta property=\"article:publisher\" content=\"https:\/\/www.facebook.com\/profile.php?id=100008943462799\" \/>\n<meta property=\"article:published_time\" content=\"2011-09-21T18:30:12+00:00\" \/>\n<meta property=\"og:image\" content=\"http:\/\/www.bellunopress.it\/wp-content\/uploads\/2009\/12\/crepadona.jpg\" \/>\n<meta name=\"author\" content=\"redazione\" \/>\n<meta name=\"twitter:card\" content=\"summary_large_image\" \/>\n<meta name=\"twitter:creator\" content=\"@bellunopress\" \/>\n<meta name=\"twitter:site\" content=\"@bellunopress\" \/>\n<meta name=\"twitter:label1\" content=\"\u00c9crit par\" \/>\n\t<meta name=\"twitter:data1\" content=\"redazione\" \/>\n\t<meta name=\"twitter:label2\" content=\"Dur\u00e9e de lecture estim\u00e9e\" \/>\n\t<meta name=\"twitter:data2\" content=\"4 minutes\" \/>\n<script type=\"application\/ld+json\" class=\"yoast-schema-graph\">{\"@context\":\"https:\\\/\\\/schema.org\",\"@graph\":[{\"@type\":\"Article\",\"@id\":\"https:\\\/\\\/www.bellunopress.it\\\/2011\\\/09\\\/21\\\/giornate-europee-del-patrimonio-entrata-gratuita-a-palazzo-crepadona-e-al-museo-civico-il-24-e-25-settembre\\\/#article\",\"isPartOf\":{\"@id\":\"https:\\\/\\\/www.bellunopress.it\\\/2011\\\/09\\\/21\\\/giornate-europee-del-patrimonio-entrata-gratuita-a-palazzo-crepadona-e-al-museo-civico-il-24-e-25-settembre\\\/\"},\"author\":{\"name\":\"redazione\",\"@id\":\"https:\\\/\\\/www.bellunopress.it\\\/#\\\/schema\\\/person\\\/79bb06722b37ece1c03d3e94beb30d73\"},\"headline\":\"Giornate Europee del Patrimonio.Entrata gratuita a Palazzo Crepadona e al Museo civico il 24 e 25 settembre\",\"datePublished\":\"2011-09-21T18:30:12+00:00\",\"mainEntityOfPage\":{\"@id\":\"https:\\\/\\\/www.bellunopress.it\\\/2011\\\/09\\\/21\\\/giornate-europee-del-patrimonio-entrata-gratuita-a-palazzo-crepadona-e-al-museo-civico-il-24-e-25-settembre\\\/\"},\"wordCount\":833,\"publisher\":{\"@id\":\"https:\\\/\\\/www.bellunopress.it\\\/#organization\"},\"image\":{\"@id\":\"https:\\\/\\\/www.bellunopress.it\\\/2011\\\/09\\\/21\\\/giornate-europee-del-patrimonio-entrata-gratuita-a-palazzo-crepadona-e-al-museo-civico-il-24-e-25-settembre\\\/#primaryimage\"},\"thumbnailUrl\":\"http:\\\/\\\/www.bellunopress.it\\\/wp-content\\\/uploads\\\/2009\\\/12\\\/crepadona.jpg\",\"articleSection\":[\"Appuntamenti, Eventi\",\"Arte, Cultura, Spettacoli, Scienza\",\"Pausa Caff\u00e8\"],\"inLanguage\":\"fr-FR\"},{\"@type\":\"WebPage\",\"@id\":\"https:\\\/\\\/www.bellunopress.it\\\/2011\\\/09\\\/21\\\/giornate-europee-del-patrimonio-entrata-gratuita-a-palazzo-crepadona-e-al-museo-civico-il-24-e-25-settembre\\\/\",\"url\":\"https:\\\/\\\/www.bellunopress.it\\\/2011\\\/09\\\/21\\\/giornate-europee-del-patrimonio-entrata-gratuita-a-palazzo-crepadona-e-al-museo-civico-il-24-e-25-settembre\\\/\",\"name\":\"Giornate Europee del Patrimonio.Entrata gratuita a Palazzo Crepadona e al Museo civico il 24 e 25 settembre - Bellunopress - Dolomiti\",\"isPartOf\":{\"@id\":\"https:\\\/\\\/www.bellunopress.it\\\/#website\"},\"primaryImageOfPage\":{\"@id\":\"https:\\\/\\\/www.bellunopress.it\\\/2011\\\/09\\\/21\\\/giornate-europee-del-patrimonio-entrata-gratuita-a-palazzo-crepadona-e-al-museo-civico-il-24-e-25-settembre\\\/#primaryimage\"},\"image\":{\"@id\":\"https:\\\/\\\/www.bellunopress.it\\\/2011\\\/09\\\/21\\\/giornate-europee-del-patrimonio-entrata-gratuita-a-palazzo-crepadona-e-al-museo-civico-il-24-e-25-settembre\\\/#primaryimage\"},\"thumbnailUrl\":\"http:\\\/\\\/www.bellunopress.it\\\/wp-content\\\/uploads\\\/2009\\\/12\\\/crepadona.jpg\",\"datePublished\":\"2011-09-21T18:30:12+00:00\",\"breadcrumb\":{\"@id\":\"https:\\\/\\\/www.bellunopress.it\\\/2011\\\/09\\\/21\\\/giornate-europee-del-patrimonio-entrata-gratuita-a-palazzo-crepadona-e-al-museo-civico-il-24-e-25-settembre\\\/#breadcrumb\"},\"inLanguage\":\"fr-FR\",\"potentialAction\":[{\"@type\":\"ReadAction\",\"target\":[\"https:\\\/\\\/www.bellunopress.it\\\/2011\\\/09\\\/21\\\/giornate-europee-del-patrimonio-entrata-gratuita-a-palazzo-crepadona-e-al-museo-civico-il-24-e-25-settembre\\\/\"]}]},{\"@type\":\"ImageObject\",\"inLanguage\":\"fr-FR\",\"@id\":\"https:\\\/\\\/www.bellunopress.it\\\/2011\\\/09\\\/21\\\/giornate-europee-del-patrimonio-entrata-gratuita-a-palazzo-crepadona-e-al-museo-civico-il-24-e-25-settembre\\\/#primaryimage\",\"url\":\"http:\\\/\\\/www.bellunopress.it\\\/wp-content\\\/uploads\\\/2009\\\/12\\\/crepadona.jpg\",\"contentUrl\":\"http:\\\/\\\/www.bellunopress.it\\\/wp-content\\\/uploads\\\/2009\\\/12\\\/crepadona.jpg\"},{\"@type\":\"BreadcrumbList\",\"@id\":\"https:\\\/\\\/www.bellunopress.it\\\/2011\\\/09\\\/21\\\/giornate-europee-del-patrimonio-entrata-gratuita-a-palazzo-crepadona-e-al-museo-civico-il-24-e-25-settembre\\\/#breadcrumb\",\"itemListElement\":[{\"@type\":\"ListItem\",\"position\":1,\"name\":\"Home\",\"item\":\"https:\\\/\\\/www.bellunopress.it\\\/\"},{\"@type\":\"ListItem\",\"position\":2,\"name\":\"Giornate Europee del Patrimonio.Entrata gratuita a Palazzo Crepadona e al Museo civico il 24 e 25 settembre\"}]},{\"@type\":\"WebSite\",\"@id\":\"https:\\\/\\\/www.bellunopress.it\\\/#website\",\"url\":\"https:\\\/\\\/www.bellunopress.it\\\/\",\"name\":\"Bellunopress - Dolomiti\",\"description\":\"e-mail: redazione@bellunopress.it\",\"publisher\":{\"@id\":\"https:\\\/\\\/www.bellunopress.it\\\/#organization\"},\"potentialAction\":[{\"@type\":\"SearchAction\",\"target\":{\"@type\":\"EntryPoint\",\"urlTemplate\":\"https:\\\/\\\/www.bellunopress.it\\\/?s={search_term_string}\"},\"query-input\":{\"@type\":\"PropertyValueSpecification\",\"valueRequired\":true,\"valueName\":\"search_term_string\"}}],\"inLanguage\":\"fr-FR\"},{\"@type\":\"Organization\",\"@id\":\"https:\\\/\\\/www.bellunopress.it\\\/#organization\",\"name\":\"Bellunopress\",\"url\":\"https:\\\/\\\/www.bellunopress.it\\\/\",\"logo\":{\"@type\":\"ImageObject\",\"inLanguage\":\"fr-FR\",\"@id\":\"https:\\\/\\\/www.bellunopress.it\\\/#\\\/schema\\\/logo\\\/image\\\/\",\"url\":\"https:\\\/\\\/www.bellunopress.it\\\/wp-content\\\/uploads\\\/2011\\\/05\\\/cropped-logo-bellunopress-.jpg\",\"contentUrl\":\"https:\\\/\\\/www.bellunopress.it\\\/wp-content\\\/uploads\\\/2011\\\/05\\\/cropped-logo-bellunopress-.jpg\",\"width\":512,\"height\":512,\"caption\":\"Bellunopress\"},\"image\":{\"@id\":\"https:\\\/\\\/www.bellunopress.it\\\/#\\\/schema\\\/logo\\\/image\\\/\"},\"sameAs\":[\"https:\\\/\\\/www.facebook.com\\\/profile.php?id=100008943462799\",\"https:\\\/\\\/x.com\\\/bellunopress\",\"https:\\\/\\\/www.linkedin.com\\\/hp\\\/?dnr=JBzUWaJfMUw8vbXJJ2tVW5-I3jZKvC4wsoxE&amp;amp;amp;amp;amp;amp;trk=nav_responsive_tab_home\",\"https:\\\/\\\/www.youtube.com\\\/channel\\\/UCxL0wu1uN0_3_7hGG0306cw\"]},{\"@type\":\"Person\",\"@id\":\"https:\\\/\\\/www.bellunopress.it\\\/#\\\/schema\\\/person\\\/79bb06722b37ece1c03d3e94beb30d73\",\"name\":\"redazione\",\"image\":{\"@type\":\"ImageObject\",\"inLanguage\":\"fr-FR\",\"@id\":\"https:\\\/\\\/secure.gravatar.com\\\/avatar\\\/37d968a2e67a6fd04c169c4bdef102d0bc5d31b2546345219e348575eb80e9a0?s=96&d=mm&r=g\",\"url\":\"https:\\\/\\\/secure.gravatar.com\\\/avatar\\\/37d968a2e67a6fd04c169c4bdef102d0bc5d31b2546345219e348575eb80e9a0?s=96&d=mm&r=g\",\"contentUrl\":\"https:\\\/\\\/secure.gravatar.com\\\/avatar\\\/37d968a2e67a6fd04c169c4bdef102d0bc5d31b2546345219e348575eb80e9a0?s=96&d=mm&r=g\",\"caption\":\"redazione\"},\"sameAs\":[\"http:\\\/\\\/www.bellunopress.it\",\"https:\\\/\\\/x.com\\\/bellunopress\"],\"url\":\"https:\\\/\\\/www.bellunopress.it\\\/fr\\\/author\\\/redazione\\\/\"}]}<\/script>\n<!-- \/ Yoast SEO plugin. -->","yoast_head_json":{"title":"Giornate Europee del Patrimonio.Entrata gratuita a Palazzo Crepadona e al Museo civico il 24 e 25 settembre - Bellunopress - Dolomiti","robots":{"index":"index","follow":"follow","max-snippet":"max-snippet:-1","max-image-preview":"max-image-preview:large","max-video-preview":"max-video-preview:-1"},"canonical":"https:\/\/www.bellunopress.it\/fr\/2011\/09\/21\/giornate-europee-del-patrimonio-entrata-gratuita-a-palazzo-crepadona-e-al-museo-civico-il-24-e-25-settembre\/","og_locale":"fr_FR","og_type":"article","og_title":"Giornate Europee del Patrimonio.Entrata gratuita a Palazzo Crepadona e al Museo civico il 24 e 25 settembre - Bellunopress - Dolomiti","og_description":"L\u2019Italia aderisce, insieme ad altri 49 Stati Europei, alle Giornate Europee del Patrimonio 2011 che avranno luogo nel nostro Paese il 24 e il 25 settembre, con lo slogan, ormai consolidato: \u201cL\u2019Italia tesoro d\u2019Europa\u201d. L&#8217;iniziativa, mirata a far conoscere ai cittadini i tesori artistici della propria nazione, coinvolge i singoli territori che possono aderire con [&hellip;]","og_url":"https:\/\/www.bellunopress.it\/fr\/2011\/09\/21\/giornate-europee-del-patrimonio-entrata-gratuita-a-palazzo-crepadona-e-al-museo-civico-il-24-e-25-settembre\/","og_site_name":"Bellunopress - Dolomiti","article_publisher":"https:\/\/www.facebook.com\/profile.php?id=100008943462799","article_published_time":"2011-09-21T18:30:12+00:00","og_image":[{"url":"http:\/\/www.bellunopress.it\/wp-content\/uploads\/2009\/12\/crepadona.jpg","type":"","width":"","height":""}],"author":"redazione","twitter_card":"summary_large_image","twitter_creator":"@bellunopress","twitter_site":"@bellunopress","twitter_misc":{"\u00c9crit par":"redazione","Dur\u00e9e de lecture estim\u00e9e":"4 minutes"},"schema":{"@context":"https:\/\/schema.org","@graph":[{"@type":"Article","@id":"https:\/\/www.bellunopress.it\/2011\/09\/21\/giornate-europee-del-patrimonio-entrata-gratuita-a-palazzo-crepadona-e-al-museo-civico-il-24-e-25-settembre\/#article","isPartOf":{"@id":"https:\/\/www.bellunopress.it\/2011\/09\/21\/giornate-europee-del-patrimonio-entrata-gratuita-a-palazzo-crepadona-e-al-museo-civico-il-24-e-25-settembre\/"},"author":{"name":"redazione","@id":"https:\/\/www.bellunopress.it\/#\/schema\/person\/79bb06722b37ece1c03d3e94beb30d73"},"headline":"Giornate Europee del Patrimonio.Entrata gratuita a Palazzo Crepadona e al Museo civico il 24 e 25 settembre","datePublished":"2011-09-21T18:30:12+00:00","mainEntityOfPage":{"@id":"https:\/\/www.bellunopress.it\/2011\/09\/21\/giornate-europee-del-patrimonio-entrata-gratuita-a-palazzo-crepadona-e-al-museo-civico-il-24-e-25-settembre\/"},"wordCount":833,"publisher":{"@id":"https:\/\/www.bellunopress.it\/#organization"},"image":{"@id":"https:\/\/www.bellunopress.it\/2011\/09\/21\/giornate-europee-del-patrimonio-entrata-gratuita-a-palazzo-crepadona-e-al-museo-civico-il-24-e-25-settembre\/#primaryimage"},"thumbnailUrl":"http:\/\/www.bellunopress.it\/wp-content\/uploads\/2009\/12\/crepadona.jpg","articleSection":["Appuntamenti, Eventi","Arte, Cultura, Spettacoli, Scienza","Pausa Caff\u00e8"],"inLanguage":"fr-FR"},{"@type":"WebPage","@id":"https:\/\/www.bellunopress.it\/2011\/09\/21\/giornate-europee-del-patrimonio-entrata-gratuita-a-palazzo-crepadona-e-al-museo-civico-il-24-e-25-settembre\/","url":"https:\/\/www.bellunopress.it\/2011\/09\/21\/giornate-europee-del-patrimonio-entrata-gratuita-a-palazzo-crepadona-e-al-museo-civico-il-24-e-25-settembre\/","name":"Giornate Europee del Patrimonio.Entrata gratuita a Palazzo Crepadona e al Museo civico il 24 e 25 settembre - Bellunopress - Dolomiti","isPartOf":{"@id":"https:\/\/www.bellunopress.it\/#website"},"primaryImageOfPage":{"@id":"https:\/\/www.bellunopress.it\/2011\/09\/21\/giornate-europee-del-patrimonio-entrata-gratuita-a-palazzo-crepadona-e-al-museo-civico-il-24-e-25-settembre\/#primaryimage"},"image":{"@id":"https:\/\/www.bellunopress.it\/2011\/09\/21\/giornate-europee-del-patrimonio-entrata-gratuita-a-palazzo-crepadona-e-al-museo-civico-il-24-e-25-settembre\/#primaryimage"},"thumbnailUrl":"http:\/\/www.bellunopress.it\/wp-content\/uploads\/2009\/12\/crepadona.jpg","datePublished":"2011-09-21T18:30:12+00:00","breadcrumb":{"@id":"https:\/\/www.bellunopress.it\/2011\/09\/21\/giornate-europee-del-patrimonio-entrata-gratuita-a-palazzo-crepadona-e-al-museo-civico-il-24-e-25-settembre\/#breadcrumb"},"inLanguage":"fr-FR","potentialAction":[{"@type":"ReadAction","target":["https:\/\/www.bellunopress.it\/2011\/09\/21\/giornate-europee-del-patrimonio-entrata-gratuita-a-palazzo-crepadona-e-al-museo-civico-il-24-e-25-settembre\/"]}]},{"@type":"ImageObject","inLanguage":"fr-FR","@id":"https:\/\/www.bellunopress.it\/2011\/09\/21\/giornate-europee-del-patrimonio-entrata-gratuita-a-palazzo-crepadona-e-al-museo-civico-il-24-e-25-settembre\/#primaryimage","url":"http:\/\/www.bellunopress.it\/wp-content\/uploads\/2009\/12\/crepadona.jpg","contentUrl":"http:\/\/www.bellunopress.it\/wp-content\/uploads\/2009\/12\/crepadona.jpg"},{"@type":"BreadcrumbList","@id":"https:\/\/www.bellunopress.it\/2011\/09\/21\/giornate-europee-del-patrimonio-entrata-gratuita-a-palazzo-crepadona-e-al-museo-civico-il-24-e-25-settembre\/#breadcrumb","itemListElement":[{"@type":"ListItem","position":1,"name":"Home","item":"https:\/\/www.bellunopress.it\/"},{"@type":"ListItem","position":2,"name":"Giornate Europee del Patrimonio.Entrata gratuita a Palazzo Crepadona e al Museo civico il 24 e 25 settembre"}]},{"@type":"WebSite","@id":"https:\/\/www.bellunopress.it\/#website","url":"https:\/\/www.bellunopress.it\/","name":"Bellunopress - Dolomiti","description":"e-mail: redazione@bellunopress.it","publisher":{"@id":"https:\/\/www.bellunopress.it\/#organization"},"potentialAction":[{"@type":"SearchAction","target":{"@type":"EntryPoint","urlTemplate":"https:\/\/www.bellunopress.it\/?s={search_term_string}"},"query-input":{"@type":"PropertyValueSpecification","valueRequired":true,"valueName":"search_term_string"}}],"inLanguage":"fr-FR"},{"@type":"Organization","@id":"https:\/\/www.bellunopress.it\/#organization","name":"Bellunopress","url":"https:\/\/www.bellunopress.it\/","logo":{"@type":"ImageObject","inLanguage":"fr-FR","@id":"https:\/\/www.bellunopress.it\/#\/schema\/logo\/image\/","url":"https:\/\/www.bellunopress.it\/wp-content\/uploads\/2011\/05\/cropped-logo-bellunopress-.jpg","contentUrl":"https:\/\/www.bellunopress.it\/wp-content\/uploads\/2011\/05\/cropped-logo-bellunopress-.jpg","width":512,"height":512,"caption":"Bellunopress"},"image":{"@id":"https:\/\/www.bellunopress.it\/#\/schema\/logo\/image\/"},"sameAs":["https:\/\/www.facebook.com\/profile.php?id=100008943462799","https:\/\/x.com\/bellunopress","https:\/\/www.linkedin.com\/hp\/?dnr=JBzUWaJfMUw8vbXJJ2tVW5-I3jZKvC4wsoxE&amp;amp;amp;amp;amp;amp;trk=nav_responsive_tab_home","https:\/\/www.youtube.com\/channel\/UCxL0wu1uN0_3_7hGG0306cw"]},{"@type":"Person","@id":"https:\/\/www.bellunopress.it\/#\/schema\/person\/79bb06722b37ece1c03d3e94beb30d73","name":"r\u00e9daction","image":{"@type":"ImageObject","inLanguage":"fr-FR","@id":"https:\/\/secure.gravatar.com\/avatar\/37d968a2e67a6fd04c169c4bdef102d0bc5d31b2546345219e348575eb80e9a0?s=96&d=mm&r=g","url":"https:\/\/secure.gravatar.com\/avatar\/37d968a2e67a6fd04c169c4bdef102d0bc5d31b2546345219e348575eb80e9a0?s=96&d=mm&r=g","contentUrl":"https:\/\/secure.gravatar.com\/avatar\/37d968a2e67a6fd04c169c4bdef102d0bc5d31b2546345219e348575eb80e9a0?s=96&d=mm&r=g","caption":"redazione"},"sameAs":["http:\/\/www.bellunopress.it","https:\/\/x.com\/bellunopress"],"url":"https:\/\/www.bellunopress.it\/fr\/author\/redazione\/"}]}},"_links":{"self":[{"href":"https:\/\/www.bellunopress.it\/fr\/wp-json\/wp\/v2\/posts\/30765","targetHints":{"allow":["GET"]}}],"collection":[{"href":"https:\/\/www.bellunopress.it\/fr\/wp-json\/wp\/v2\/posts"}],"about":[{"href":"https:\/\/www.bellunopress.it\/fr\/wp-json\/wp\/v2\/types\/post"}],"author":[{"embeddable":true,"href":"https:\/\/www.bellunopress.it\/fr\/wp-json\/wp\/v2\/users\/2"}],"replies":[{"embeddable":true,"href":"https:\/\/www.bellunopress.it\/fr\/wp-json\/wp\/v2\/comments?post=30765"}],"version-history":[{"count":1,"href":"https:\/\/www.bellunopress.it\/fr\/wp-json\/wp\/v2\/posts\/30765\/revisions"}],"predecessor-version":[{"id":30766,"href":"https:\/\/www.bellunopress.it\/fr\/wp-json\/wp\/v2\/posts\/30765\/revisions\/30766"}],"wp:attachment":[{"href":"https:\/\/www.bellunopress.it\/fr\/wp-json\/wp\/v2\/media?parent=30765"}],"wp:term":[{"taxonomy":"category","embeddable":true,"href":"https:\/\/www.bellunopress.it\/fr\/wp-json\/wp\/v2\/categories?post=30765"},{"taxonomy":"post_tag","embeddable":true,"href":"https:\/\/www.bellunopress.it\/fr\/wp-json\/wp\/v2\/tags?post=30765"}],"curies":[{"name":"wp","href":"https:\/\/api.w.org\/{rel}","templated":true}]}}