{"id":30491,"date":"2011-09-12T16:28:25","date_gmt":"2011-09-12T15:28:25","guid":{"rendered":"http:\/\/www.bellunopress.it\/?p=30491"},"modified":"2011-09-12T16:28:25","modified_gmt":"2011-09-12T15:28:25","slug":"abbonamento-unico-studenti-de-zolt-%c2%abi-sindaci-sapevano-da-luglio-ho-le-loro-firme-sul-documento%c2%bb","status":"publish","type":"post","link":"https:\/\/www.bellunopress.it\/fr\/2011\/09\/12\/abbonamento-unico-studenti-de-zolt-%c2%abi-sindaci-sapevano-da-luglio-ho-le-loro-firme-sul-documento%c2%bb\/","title":{"rendered":"Abbonamento Unico Studenti. De Zolt: \u00abI sindaci sapevano da luglio, ho le loro firme sul documento\u00bb"},"content":{"rendered":"<figure id=\"attachment_6979\" aria-describedby=\"caption-attachment-6979\" style=\"width: 208px\" class=\"wp-caption alignleft\"><a href=\"http:\/\/www.bellunopress.it\/wp-content\/uploads\/2009\/08\/silver-de-zolt.jpg\"><img loading=\"lazy\" decoding=\"async\" class=\"size-full wp-image-6979\" title=\"silver-de-zolt\" src=\"http:\/\/www.bellunopress.it\/wp-content\/uploads\/2009\/08\/silver-de-zolt.jpg\" alt=\"\" width=\"208\" height=\"240\" \/><\/a><figcaption id=\"caption-attachment-6979\" class=\"wp-caption-text\">Silver De Zolt assessore provinciale ai Trasporti<\/figcaption><\/figure>\n<p>L\u2019assessore ai Trasporti della Provincia di Belluno, Silver De Zolt, non ci sta alle polemiche scatenate recentemente da qualche sindaco in merito all\u2019Unico Studenti: \u00abLa polemica esplode solamente ora, all\u2019approssimarsi dell\u2019apertura del nuovo anno scolastico, ma i sindaci sapevano gi\u00e0 tutto fin dallo scorso luglio\u00bb.<br \/>\n\u00abNon cadano dalle nuvole alcuni primi-cittadini che ora fingono di scoprire che non ci sono i soldi per finanziare l\u2019Unico Studenti &#8211; ha commentato De Zolt &#8211; . A luglio, a soli pochi giorni dall\u2019approvazione del bilancio previsionale 2011 della Provincia, hanno firmato un documento in cui prendevano visione del quadro che si sarebbe delineato\u00bb.<br \/>\nHa spiegato ancora l\u2019assessore di Palazzo Piloni: \u00abAlcuni di loro, proprio in questo senso, si erano gi\u00e0 mossi e avevano iniziato per primi a tagliare le corse degli autobus locali, segno che si erano resi consapevoli del venir meno \u2013 almeno in un primo momento \u2013 delle risorse economiche disponibili. Eppure proprio alcuni di loro, adesso criticano la Provincia, come se dipendesse da noi il venir meno dei trasferimenti statali\u00bb.<br \/>\n\u00abQuello che ho letto nelle ultime settimane \u00e8 un attacco strumentale da parte di alcuni politici, mentre quella delle famiglie \u00e8 una preoccupazione fondata, ma per la valenza sociale che ha assunto il servizio dell\u2019Unico Studenti \u2013 ripeto \u2013 i Comuni avrebbero potuto agire con buon anticipo nel tentativo di trovare soluzioni alternative\u00bb, ha proseguito De Zolt.<br \/>\n\u00abOra attendiamo nuovi sviluppi da Venezia, dove il Consiglio regionale dovr\u00e0 farci sapere come intende procedere con i trasferimenti che potranno arrivare nei prossimi mesi e che potranno garantire il rimborso per le spese sostenute dalle famiglie\u00bb, ha concluso De Zolt.<\/p>","protected":false},"excerpt":{"rendered":"<p>L\u2019assessore ai Trasporti della Provincia di Belluno, Silver De Zolt, non ci sta alle polemiche scatenate recentemente da qualche sindaco in merito all\u2019Unico Studenti: \u00abLa polemica esplode solamente ora, all\u2019approssimarsi dell\u2019apertura del nuovo anno scolastico, ma i sindaci sapevano gi\u00e0 tutto fin dallo scorso luglio\u00bb. \u00abNon cadano dalle nuvole alcuni primi-cittadini che ora fingono di [&hellip;]<\/p>\n","protected":false},"author":2,"featured_media":0,"comment_status":"closed","ping_status":"open","sticky":false,"template":"","format":"standard","meta":{"footnotes":""},"categories":[1],"tags":[],"class_list":["post-30491","post","type-post","status-publish","format-standard","category-leo"],"yoast_head":"<!-- This site is optimized with the Yoast SEO plugin v28.4 - https:\/\/yoast.com\/product\/yoast-seo-wordpress\/ -->\n<title>Abbonamento Unico Studenti. De Zolt: \u00abI sindaci sapevano da luglio, ho le loro firme sul documento\u00bb - Bellunopress - Dolomiti<\/title>\n<meta name=\"robots\" content=\"index, follow, max-snippet:-1, max-image-preview:large, max-video-preview:-1\" \/>\n<link rel=\"canonical\" href=\"https:\/\/www.bellunopress.it\/fr\/2011\/09\/12\/abbonamento-unico-studenti-de-zolt-\u00abi-sindaci-sapevano-da-luglio-ho-le-loro-firme-sul-documento\u00bb\/\" \/>\n<meta property=\"og:locale\" content=\"fr_FR\" \/>\n<meta property=\"og:type\" content=\"article\" \/>\n<meta property=\"og:title\" content=\"Abbonamento Unico Studenti. De Zolt: \u00abI sindaci sapevano da luglio, ho le loro firme sul documento\u00bb - Bellunopress - Dolomiti\" \/>\n<meta property=\"og:description\" content=\"L\u2019assessore ai Trasporti della Provincia di Belluno, Silver De Zolt, non ci sta alle polemiche scatenate recentemente da qualche sindaco in merito all\u2019Unico Studenti: \u00abLa polemica esplode solamente ora, all\u2019approssimarsi dell\u2019apertura del nuovo anno scolastico, ma i sindaci sapevano gi\u00e0 tutto fin dallo scorso luglio\u00bb. \u00abNon cadano dalle nuvole alcuni primi-cittadini che ora fingono di [&hellip;]\" \/>\n<meta property=\"og:url\" content=\"https:\/\/www.bellunopress.it\/fr\/2011\/09\/12\/abbonamento-unico-studenti-de-zolt-\u00abi-sindaci-sapevano-da-luglio-ho-le-loro-firme-sul-documento\u00bb\/\" \/>\n<meta property=\"og:site_name\" content=\"Bellunopress - Dolomiti\" \/>\n<meta property=\"article:publisher\" content=\"https:\/\/www.facebook.com\/profile.php?id=100008943462799\" \/>\n<meta property=\"article:published_time\" content=\"2011-09-12T15:28:25+00:00\" \/>\n<meta property=\"og:image\" content=\"http:\/\/www.bellunopress.it\/wp-content\/uploads\/2009\/08\/silver-de-zolt.jpg\" \/>\n<meta name=\"author\" content=\"redazione\" \/>\n<meta name=\"twitter:card\" content=\"summary_large_image\" \/>\n<meta name=\"twitter:creator\" content=\"@bellunopress\" \/>\n<meta name=\"twitter:site\" content=\"@bellunopress\" \/>\n<meta name=\"twitter:label1\" content=\"\u00c9crit par\" \/>\n\t<meta name=\"twitter:data1\" content=\"redazione\" \/>\n\t<meta name=\"twitter:label2\" content=\"Dur\u00e9e de lecture estim\u00e9e\" \/>\n\t<meta name=\"twitter:data2\" content=\"1 minute\" \/>\n<script type=\"application\/ld+json\" class=\"yoast-schema-graph\">{\"@context\":\"https:\\\/\\\/schema.org\",\"@graph\":[{\"@type\":\"Article\",\"@id\":\"https:\\\/\\\/www.bellunopress.it\\\/2011\\\/09\\\/12\\\/abbonamento-unico-studenti-de-zolt-%c2%abi-sindaci-sapevano-da-luglio-ho-le-loro-firme-sul-documento%c2%bb\\\/#article\",\"isPartOf\":{\"@id\":\"https:\\\/\\\/www.bellunopress.it\\\/2011\\\/09\\\/12\\\/abbonamento-unico-studenti-de-zolt-%c2%abi-sindaci-sapevano-da-luglio-ho-le-loro-firme-sul-documento%c2%bb\\\/\"},\"author\":{\"name\":\"redazione\",\"@id\":\"https:\\\/\\\/www.bellunopress.it\\\/#\\\/schema\\\/person\\\/79bb06722b37ece1c03d3e94beb30d73\"},\"headline\":\"Abbonamento Unico Studenti. De Zolt: \u00abI sindaci sapevano da luglio, ho le loro firme sul documento\u00bb\",\"datePublished\":\"2011-09-12T15:28:25+00:00\",\"mainEntityOfPage\":{\"@id\":\"https:\\\/\\\/www.bellunopress.it\\\/2011\\\/09\\\/12\\\/abbonamento-unico-studenti-de-zolt-%c2%abi-sindaci-sapevano-da-luglio-ho-le-loro-firme-sul-documento%c2%bb\\\/\"},\"wordCount\":299,\"publisher\":{\"@id\":\"https:\\\/\\\/www.bellunopress.it\\\/#organization\"},\"image\":{\"@id\":\"https:\\\/\\\/www.bellunopress.it\\\/2011\\\/09\\\/12\\\/abbonamento-unico-studenti-de-zolt-%c2%abi-sindaci-sapevano-da-luglio-ho-le-loro-firme-sul-documento%c2%bb\\\/#primaryimage\"},\"thumbnailUrl\":\"http:\\\/\\\/www.bellunopress.it\\\/wp-content\\\/uploads\\\/2009\\\/08\\\/silver-de-zolt.jpg\",\"articleSection\":[\"Lettere Opinioni\"],\"inLanguage\":\"fr-FR\"},{\"@type\":\"WebPage\",\"@id\":\"https:\\\/\\\/www.bellunopress.it\\\/2011\\\/09\\\/12\\\/abbonamento-unico-studenti-de-zolt-%c2%abi-sindaci-sapevano-da-luglio-ho-le-loro-firme-sul-documento%c2%bb\\\/\",\"url\":\"https:\\\/\\\/www.bellunopress.it\\\/2011\\\/09\\\/12\\\/abbonamento-unico-studenti-de-zolt-%c2%abi-sindaci-sapevano-da-luglio-ho-le-loro-firme-sul-documento%c2%bb\\\/\",\"name\":\"Abbonamento Unico Studenti. De Zolt: \u00abI sindaci sapevano da luglio, ho le loro firme sul documento\u00bb - Bellunopress - Dolomiti\",\"isPartOf\":{\"@id\":\"https:\\\/\\\/www.bellunopress.it\\\/#website\"},\"primaryImageOfPage\":{\"@id\":\"https:\\\/\\\/www.bellunopress.it\\\/2011\\\/09\\\/12\\\/abbonamento-unico-studenti-de-zolt-%c2%abi-sindaci-sapevano-da-luglio-ho-le-loro-firme-sul-documento%c2%bb\\\/#primaryimage\"},\"image\":{\"@id\":\"https:\\\/\\\/www.bellunopress.it\\\/2011\\\/09\\\/12\\\/abbonamento-unico-studenti-de-zolt-%c2%abi-sindaci-sapevano-da-luglio-ho-le-loro-firme-sul-documento%c2%bb\\\/#primaryimage\"},\"thumbnailUrl\":\"http:\\\/\\\/www.bellunopress.it\\\/wp-content\\\/uploads\\\/2009\\\/08\\\/silver-de-zolt.jpg\",\"datePublished\":\"2011-09-12T15:28:25+00:00\",\"breadcrumb\":{\"@id\":\"https:\\\/\\\/www.bellunopress.it\\\/2011\\\/09\\\/12\\\/abbonamento-unico-studenti-de-zolt-%c2%abi-sindaci-sapevano-da-luglio-ho-le-loro-firme-sul-documento%c2%bb\\\/#breadcrumb\"},\"inLanguage\":\"fr-FR\",\"potentialAction\":[{\"@type\":\"ReadAction\",\"target\":[\"https:\\\/\\\/www.bellunopress.it\\\/2011\\\/09\\\/12\\\/abbonamento-unico-studenti-de-zolt-%c2%abi-sindaci-sapevano-da-luglio-ho-le-loro-firme-sul-documento%c2%bb\\\/\"]}]},{\"@type\":\"ImageObject\",\"inLanguage\":\"fr-FR\",\"@id\":\"https:\\\/\\\/www.bellunopress.it\\\/2011\\\/09\\\/12\\\/abbonamento-unico-studenti-de-zolt-%c2%abi-sindaci-sapevano-da-luglio-ho-le-loro-firme-sul-documento%c2%bb\\\/#primaryimage\",\"url\":\"http:\\\/\\\/www.bellunopress.it\\\/wp-content\\\/uploads\\\/2009\\\/08\\\/silver-de-zolt.jpg\",\"contentUrl\":\"http:\\\/\\\/www.bellunopress.it\\\/wp-content\\\/uploads\\\/2009\\\/08\\\/silver-de-zolt.jpg\"},{\"@type\":\"BreadcrumbList\",\"@id\":\"https:\\\/\\\/www.bellunopress.it\\\/2011\\\/09\\\/12\\\/abbonamento-unico-studenti-de-zolt-%c2%abi-sindaci-sapevano-da-luglio-ho-le-loro-firme-sul-documento%c2%bb\\\/#breadcrumb\",\"itemListElement\":[{\"@type\":\"ListItem\",\"position\":1,\"name\":\"Home\",\"item\":\"https:\\\/\\\/www.bellunopress.it\\\/\"},{\"@type\":\"ListItem\",\"position\":2,\"name\":\"Abbonamento Unico Studenti. De Zolt: \u00abI sindaci sapevano da luglio, ho le loro firme sul documento\u00bb\"}]},{\"@type\":\"WebSite\",\"@id\":\"https:\\\/\\\/www.bellunopress.it\\\/#website\",\"url\":\"https:\\\/\\\/www.bellunopress.it\\\/\",\"name\":\"Bellunopress - Dolomiti\",\"description\":\"e-mail: redazione@bellunopress.it\",\"publisher\":{\"@id\":\"https:\\\/\\\/www.bellunopress.it\\\/#organization\"},\"potentialAction\":[{\"@type\":\"SearchAction\",\"target\":{\"@type\":\"EntryPoint\",\"urlTemplate\":\"https:\\\/\\\/www.bellunopress.it\\\/?s={search_term_string}\"},\"query-input\":{\"@type\":\"PropertyValueSpecification\",\"valueRequired\":true,\"valueName\":\"search_term_string\"}}],\"inLanguage\":\"fr-FR\"},{\"@type\":\"Organization\",\"@id\":\"https:\\\/\\\/www.bellunopress.it\\\/#organization\",\"name\":\"Bellunopress\",\"url\":\"https:\\\/\\\/www.bellunopress.it\\\/\",\"logo\":{\"@type\":\"ImageObject\",\"inLanguage\":\"fr-FR\",\"@id\":\"https:\\\/\\\/www.bellunopress.it\\\/#\\\/schema\\\/logo\\\/image\\\/\",\"url\":\"https:\\\/\\\/www.bellunopress.it\\\/wp-content\\\/uploads\\\/2011\\\/05\\\/cropped-logo-bellunopress-.jpg\",\"contentUrl\":\"https:\\\/\\\/www.bellunopress.it\\\/wp-content\\\/uploads\\\/2011\\\/05\\\/cropped-logo-bellunopress-.jpg\",\"width\":512,\"height\":512,\"caption\":\"Bellunopress\"},\"image\":{\"@id\":\"https:\\\/\\\/www.bellunopress.it\\\/#\\\/schema\\\/logo\\\/image\\\/\"},\"sameAs\":[\"https:\\\/\\\/www.facebook.com\\\/profile.php?id=100008943462799\",\"https:\\\/\\\/x.com\\\/bellunopress\",\"https:\\\/\\\/www.linkedin.com\\\/hp\\\/?dnr=JBzUWaJfMUw8vbXJJ2tVW5-I3jZKvC4wsoxE&amp;amp;amp;amp;amp;amp;trk=nav_responsive_tab_home\",\"https:\\\/\\\/www.youtube.com\\\/channel\\\/UCxL0wu1uN0_3_7hGG0306cw\"]},{\"@type\":\"Person\",\"@id\":\"https:\\\/\\\/www.bellunopress.it\\\/#\\\/schema\\\/person\\\/79bb06722b37ece1c03d3e94beb30d73\",\"name\":\"redazione\",\"image\":{\"@type\":\"ImageObject\",\"inLanguage\":\"fr-FR\",\"@id\":\"https:\\\/\\\/secure.gravatar.com\\\/avatar\\\/37d968a2e67a6fd04c169c4bdef102d0bc5d31b2546345219e348575eb80e9a0?s=96&d=mm&r=g\",\"url\":\"https:\\\/\\\/secure.gravatar.com\\\/avatar\\\/37d968a2e67a6fd04c169c4bdef102d0bc5d31b2546345219e348575eb80e9a0?s=96&d=mm&r=g\",\"contentUrl\":\"https:\\\/\\\/secure.gravatar.com\\\/avatar\\\/37d968a2e67a6fd04c169c4bdef102d0bc5d31b2546345219e348575eb80e9a0?s=96&d=mm&r=g\",\"caption\":\"redazione\"},\"sameAs\":[\"http:\\\/\\\/www.bellunopress.it\",\"https:\\\/\\\/x.com\\\/bellunopress\"],\"url\":\"https:\\\/\\\/www.bellunopress.it\\\/fr\\\/author\\\/redazione\\\/\"}]}<\/script>\n<!-- \/ Yoast SEO plugin. -->","yoast_head_json":{"title":"Abbonamento Unico Studenti. De Zolt: \u00abI sindaci sapevano da luglio, ho le loro firme sul documento\u00bb - Bellunopress - Dolomiti","robots":{"index":"index","follow":"follow","max-snippet":"max-snippet:-1","max-image-preview":"max-image-preview:large","max-video-preview":"max-video-preview:-1"},"canonical":"https:\/\/www.bellunopress.it\/fr\/2011\/09\/12\/abbonamento-unico-studenti-de-zolt-\u00abi-sindaci-sapevano-da-luglio-ho-le-loro-firme-sul-documento\u00bb\/","og_locale":"fr_FR","og_type":"article","og_title":"Abbonamento Unico Studenti. De Zolt: \u00abI sindaci sapevano da luglio, ho le loro firme sul documento\u00bb - Bellunopress - Dolomiti","og_description":"L\u2019assessore ai Trasporti della Provincia di Belluno, Silver De Zolt, non ci sta alle polemiche scatenate recentemente da qualche sindaco in merito all\u2019Unico Studenti: \u00abLa polemica esplode solamente ora, all\u2019approssimarsi dell\u2019apertura del nuovo anno scolastico, ma i sindaci sapevano gi\u00e0 tutto fin dallo scorso luglio\u00bb. \u00abNon cadano dalle nuvole alcuni primi-cittadini che ora fingono di [&hellip;]","og_url":"https:\/\/www.bellunopress.it\/fr\/2011\/09\/12\/abbonamento-unico-studenti-de-zolt-\u00abi-sindaci-sapevano-da-luglio-ho-le-loro-firme-sul-documento\u00bb\/","og_site_name":"Bellunopress - Dolomiti","article_publisher":"https:\/\/www.facebook.com\/profile.php?id=100008943462799","article_published_time":"2011-09-12T15:28:25+00:00","og_image":[{"url":"http:\/\/www.bellunopress.it\/wp-content\/uploads\/2009\/08\/silver-de-zolt.jpg","type":"","width":"","height":""}],"author":"redazione","twitter_card":"summary_large_image","twitter_creator":"@bellunopress","twitter_site":"@bellunopress","twitter_misc":{"\u00c9crit par":"redazione","Dur\u00e9e de lecture estim\u00e9e":"1 minute"},"schema":{"@context":"https:\/\/schema.org","@graph":[{"@type":"Article","@id":"https:\/\/www.bellunopress.it\/2011\/09\/12\/abbonamento-unico-studenti-de-zolt-%c2%abi-sindaci-sapevano-da-luglio-ho-le-loro-firme-sul-documento%c2%bb\/#article","isPartOf":{"@id":"https:\/\/www.bellunopress.it\/2011\/09\/12\/abbonamento-unico-studenti-de-zolt-%c2%abi-sindaci-sapevano-da-luglio-ho-le-loro-firme-sul-documento%c2%bb\/"},"author":{"name":"redazione","@id":"https:\/\/www.bellunopress.it\/#\/schema\/person\/79bb06722b37ece1c03d3e94beb30d73"},"headline":"Abbonamento Unico Studenti. De Zolt: \u00abI sindaci sapevano da luglio, ho le loro firme sul documento\u00bb","datePublished":"2011-09-12T15:28:25+00:00","mainEntityOfPage":{"@id":"https:\/\/www.bellunopress.it\/2011\/09\/12\/abbonamento-unico-studenti-de-zolt-%c2%abi-sindaci-sapevano-da-luglio-ho-le-loro-firme-sul-documento%c2%bb\/"},"wordCount":299,"publisher":{"@id":"https:\/\/www.bellunopress.it\/#organization"},"image":{"@id":"https:\/\/www.bellunopress.it\/2011\/09\/12\/abbonamento-unico-studenti-de-zolt-%c2%abi-sindaci-sapevano-da-luglio-ho-le-loro-firme-sul-documento%c2%bb\/#primaryimage"},"thumbnailUrl":"http:\/\/www.bellunopress.it\/wp-content\/uploads\/2009\/08\/silver-de-zolt.jpg","articleSection":["Lettere Opinioni"],"inLanguage":"fr-FR"},{"@type":"WebPage","@id":"https:\/\/www.bellunopress.it\/2011\/09\/12\/abbonamento-unico-studenti-de-zolt-%c2%abi-sindaci-sapevano-da-luglio-ho-le-loro-firme-sul-documento%c2%bb\/","url":"https:\/\/www.bellunopress.it\/2011\/09\/12\/abbonamento-unico-studenti-de-zolt-%c2%abi-sindaci-sapevano-da-luglio-ho-le-loro-firme-sul-documento%c2%bb\/","name":"Abbonamento Unico Studenti. De Zolt: \u00abI sindaci sapevano da luglio, ho le loro firme sul documento\u00bb - Bellunopress - Dolomiti","isPartOf":{"@id":"https:\/\/www.bellunopress.it\/#website"},"primaryImageOfPage":{"@id":"https:\/\/www.bellunopress.it\/2011\/09\/12\/abbonamento-unico-studenti-de-zolt-%c2%abi-sindaci-sapevano-da-luglio-ho-le-loro-firme-sul-documento%c2%bb\/#primaryimage"},"image":{"@id":"https:\/\/www.bellunopress.it\/2011\/09\/12\/abbonamento-unico-studenti-de-zolt-%c2%abi-sindaci-sapevano-da-luglio-ho-le-loro-firme-sul-documento%c2%bb\/#primaryimage"},"thumbnailUrl":"http:\/\/www.bellunopress.it\/wp-content\/uploads\/2009\/08\/silver-de-zolt.jpg","datePublished":"2011-09-12T15:28:25+00:00","breadcrumb":{"@id":"https:\/\/www.bellunopress.it\/2011\/09\/12\/abbonamento-unico-studenti-de-zolt-%c2%abi-sindaci-sapevano-da-luglio-ho-le-loro-firme-sul-documento%c2%bb\/#breadcrumb"},"inLanguage":"fr-FR","potentialAction":[{"@type":"ReadAction","target":["https:\/\/www.bellunopress.it\/2011\/09\/12\/abbonamento-unico-studenti-de-zolt-%c2%abi-sindaci-sapevano-da-luglio-ho-le-loro-firme-sul-documento%c2%bb\/"]}]},{"@type":"ImageObject","inLanguage":"fr-FR","@id":"https:\/\/www.bellunopress.it\/2011\/09\/12\/abbonamento-unico-studenti-de-zolt-%c2%abi-sindaci-sapevano-da-luglio-ho-le-loro-firme-sul-documento%c2%bb\/#primaryimage","url":"http:\/\/www.bellunopress.it\/wp-content\/uploads\/2009\/08\/silver-de-zolt.jpg","contentUrl":"http:\/\/www.bellunopress.it\/wp-content\/uploads\/2009\/08\/silver-de-zolt.jpg"},{"@type":"BreadcrumbList","@id":"https:\/\/www.bellunopress.it\/2011\/09\/12\/abbonamento-unico-studenti-de-zolt-%c2%abi-sindaci-sapevano-da-luglio-ho-le-loro-firme-sul-documento%c2%bb\/#breadcrumb","itemListElement":[{"@type":"ListItem","position":1,"name":"Home","item":"https:\/\/www.bellunopress.it\/"},{"@type":"ListItem","position":2,"name":"Abbonamento Unico Studenti. De Zolt: \u00abI sindaci sapevano da luglio, ho le loro firme sul documento\u00bb"}]},{"@type":"WebSite","@id":"https:\/\/www.bellunopress.it\/#website","url":"https:\/\/www.bellunopress.it\/","name":"Bellunopress - Dolomiti","description":"e-mail: redazione@bellunopress.it","publisher":{"@id":"https:\/\/www.bellunopress.it\/#organization"},"potentialAction":[{"@type":"SearchAction","target":{"@type":"EntryPoint","urlTemplate":"https:\/\/www.bellunopress.it\/?s={search_term_string}"},"query-input":{"@type":"PropertyValueSpecification","valueRequired":true,"valueName":"search_term_string"}}],"inLanguage":"fr-FR"},{"@type":"Organization","@id":"https:\/\/www.bellunopress.it\/#organization","name":"Bellunopress","url":"https:\/\/www.bellunopress.it\/","logo":{"@type":"ImageObject","inLanguage":"fr-FR","@id":"https:\/\/www.bellunopress.it\/#\/schema\/logo\/image\/","url":"https:\/\/www.bellunopress.it\/wp-content\/uploads\/2011\/05\/cropped-logo-bellunopress-.jpg","contentUrl":"https:\/\/www.bellunopress.it\/wp-content\/uploads\/2011\/05\/cropped-logo-bellunopress-.jpg","width":512,"height":512,"caption":"Bellunopress"},"image":{"@id":"https:\/\/www.bellunopress.it\/#\/schema\/logo\/image\/"},"sameAs":["https:\/\/www.facebook.com\/profile.php?id=100008943462799","https:\/\/x.com\/bellunopress","https:\/\/www.linkedin.com\/hp\/?dnr=JBzUWaJfMUw8vbXJJ2tVW5-I3jZKvC4wsoxE&amp;amp;amp;amp;amp;amp;trk=nav_responsive_tab_home","https:\/\/www.youtube.com\/channel\/UCxL0wu1uN0_3_7hGG0306cw"]},{"@type":"Person","@id":"https:\/\/www.bellunopress.it\/#\/schema\/person\/79bb06722b37ece1c03d3e94beb30d73","name":"r\u00e9daction","image":{"@type":"ImageObject","inLanguage":"fr-FR","@id":"https:\/\/secure.gravatar.com\/avatar\/37d968a2e67a6fd04c169c4bdef102d0bc5d31b2546345219e348575eb80e9a0?s=96&d=mm&r=g","url":"https:\/\/secure.gravatar.com\/avatar\/37d968a2e67a6fd04c169c4bdef102d0bc5d31b2546345219e348575eb80e9a0?s=96&d=mm&r=g","contentUrl":"https:\/\/secure.gravatar.com\/avatar\/37d968a2e67a6fd04c169c4bdef102d0bc5d31b2546345219e348575eb80e9a0?s=96&d=mm&r=g","caption":"redazione"},"sameAs":["http:\/\/www.bellunopress.it","https:\/\/x.com\/bellunopress"],"url":"https:\/\/www.bellunopress.it\/fr\/author\/redazione\/"}]}},"_links":{"self":[{"href":"https:\/\/www.bellunopress.it\/fr\/wp-json\/wp\/v2\/posts\/30491","targetHints":{"allow":["GET"]}}],"collection":[{"href":"https:\/\/www.bellunopress.it\/fr\/wp-json\/wp\/v2\/posts"}],"about":[{"href":"https:\/\/www.bellunopress.it\/fr\/wp-json\/wp\/v2\/types\/post"}],"author":[{"embeddable":true,"href":"https:\/\/www.bellunopress.it\/fr\/wp-json\/wp\/v2\/users\/2"}],"replies":[{"embeddable":true,"href":"https:\/\/www.bellunopress.it\/fr\/wp-json\/wp\/v2\/comments?post=30491"}],"version-history":[{"count":2,"href":"https:\/\/www.bellunopress.it\/fr\/wp-json\/wp\/v2\/posts\/30491\/revisions"}],"predecessor-version":[{"id":30493,"href":"https:\/\/www.bellunopress.it\/fr\/wp-json\/wp\/v2\/posts\/30491\/revisions\/30493"}],"wp:attachment":[{"href":"https:\/\/www.bellunopress.it\/fr\/wp-json\/wp\/v2\/media?parent=30491"}],"wp:term":[{"taxonomy":"category","embeddable":true,"href":"https:\/\/www.bellunopress.it\/fr\/wp-json\/wp\/v2\/categories?post=30491"},{"taxonomy":"post_tag","embeddable":true,"href":"https:\/\/www.bellunopress.it\/fr\/wp-json\/wp\/v2\/tags?post=30491"}],"curies":[{"name":"wp","href":"https:\/\/api.w.org\/{rel}","templated":true}]}}