{"id":30488,"date":"2011-09-12T14:33:04","date_gmt":"2011-09-12T13:33:04","guid":{"rendered":"http:\/\/www.bellunopress.it\/?p=30488"},"modified":"2011-09-12T14:33:04","modified_gmt":"2011-09-12T13:33:04","slug":"welcome-lambretta-alla-tecnosport-di-belluno-e-ritornato-il-leggendario-scooter-che-ha-fatto-sognare-due-generazioni","status":"publish","type":"post","link":"https:\/\/www.bellunopress.it\/fr\/2011\/09\/12\/welcome-lambretta-alla-tecnosport-di-belluno-e-ritornato-il-leggendario-scooter-che-ha-fatto-sognare-due-generazioni\/","title":{"rendered":"Welcome Lambretta: alla Tecnosport di Belluno \u00e8 ritornato il leggendario scooter che ha fatto sognare due generazioni"},"content":{"rendered":"<p><a href=\"http:\/\/www.bellunopress.it\/wp-content\/uploads\/2011\/09\/lambretta-ln-125-151.jpg\"><img loading=\"lazy\" decoding=\"async\" class=\"alignright size-full wp-image-30489\" title=\"lambretta-ln-125-151\" src=\"http:\/\/www.bellunopress.it\/wp-content\/uploads\/2011\/09\/lambretta-ln-125-151.jpg\" alt=\"\" width=\"350\" height=\"184\" \/><\/a>In origine gli scooter si chiamavano solo Vespa o Lambretta. Oggi la sfida, che era iniziata nell&#8217;immediato dopoguerra, pu\u00f2 ancora proseguire. La leggendaria Lambretta LN 125, infatti, \u00e8 rinata con un cuore nuovo, motore a 4 tempi euro 3 e motorizzazioni 125 e 150 cc. Lo scooter \u00e8 gi\u00e0 in vetrina alla Concessionaria Tecno Sport di Belluno, in via Vittorio veneto n. 258. Il marchio Lambretta, \u00e8 stato ceduto nel 1972 dalla Innocenti alla societ\u00e0 indiana SIL, che a sua volta ha ceduto la licenza d&#8217;uso del marchio nel 2006 alla britannica FWL. Finch\u00e9 nel 2010 il marchio Lambretta viene concesso in sub licenza d&#8217;uso all&#8217;italiana MEG e all&#8217;irlandese CLAG. Distribuita per l&#8217;Italia dalla K2 OIL, la nuova Lambretta \u00e8 interamente prodotta a Taiwan, conserva il look originale con motore anch&#8217;esso prodotto della Sym di Taiwan. Oltre alle attuali motorizzazioni 125 e 150, \u00e8 prevista una prossima versione sportiva con motore 200. Cos\u00ec la sfida con la sua eterna rivale Vespa potr\u00e0 continuare ad armi pari. La nuova Lambretta \u00e8 realizzata con carrozzeria interamente in metallo, ad eccezione del parafango anteriore in plastica. E&#8217; dotata di freno a disco anteriore, un telaio moderno e sospensioni irrobustite per reggere le buche delle nostre strade.<\/p>\n<p>La scheda<\/p>\n<p>Motore<br \/>\nTipo : 4 tempi Euro 3<br \/>\nCilindrata 124.6 cc \/ 151.0 cc<br \/>\nAlesaggio x corsa : 52,4 x 57,8 mm \/ 57,4 x 58,2 mm<br \/>\nAccensione elettronica C. D. I.<br \/>\nRaffreddamento aria<br \/>\nAvviamento elettrico<br \/>\nPotenza : 6,5 kW a 8000 giri \/ 7,7 kW a 7000 giri<br \/>\nCoppia : 8,33 Nm a 6500 giri \/ 10,8 Nm a 6000 giri<br \/>\nTrasmissione : variatore automatico a cinghia<\/p>\n<p>Telaio<br \/>\nFreno anteriore : disco idraulico 190mm<br \/>\nFreno posteriore : tamburo<br \/>\nSospensione anteriore : forcella telescopica<br \/>\nSospensione posteriore : monoammortizzatore<br \/>\nPneu Ant. : 110 \/ 70\u00a0 &#8211;\u00a0 12<br \/>\nPneu Post. : 120 \/ 70\u00a0 &#8211;\u00a0 12<br \/>\nLunghezza : 1930 mm<br \/>\nLarghezza : 530 mm<br \/>\nAltezza : 1380 mm<br \/>\nAltezza sella : 790 mm<br \/>\nCapacit\u00e0 serbatoio : 6 L<\/p>\n<p>Colori<br \/>\nBicolore : Bianco-Azzurro, Bianco-Rosso, Bianco-Giallo, Bianco-Salmone, Crema-Verde<br \/>\nMonocolore : in via di definizione<\/p>","protected":false},"excerpt":{"rendered":"<p>In origine gli scooter si chiamavano solo Vespa o Lambretta. Oggi la sfida, che era iniziata nell&#8217;immediato dopoguerra, pu\u00f2 ancora proseguire. La leggendaria Lambretta LN 125, infatti, \u00e8 rinata con un cuore nuovo, motore a 4 tempi euro 3 e motorizzazioni 125 e 150 cc. Lo scooter \u00e8 gi\u00e0 in vetrina alla Concessionaria Tecno Sport [&hellip;]<\/p>\n","protected":false},"author":2,"featured_media":0,"comment_status":"closed","ping_status":"open","sticky":false,"template":"","format":"standard","meta":{"footnotes":""},"categories":[25,50],"tags":[],"class_list":["post-30488","post","type-post","status-publish","format-standard","category-pausa-caffe","category-pubbliredazionali"],"yoast_head":"<!-- This site is optimized with the Yoast SEO plugin v28.4 - https:\/\/yoast.com\/product\/yoast-seo-wordpress\/ -->\n<title>Welcome Lambretta: alla Tecnosport di Belluno \u00e8 ritornato il leggendario scooter che ha fatto sognare due generazioni - Bellunopress - Dolomiti<\/title>\n<meta name=\"robots\" content=\"index, follow, max-snippet:-1, max-image-preview:large, max-video-preview:-1\" \/>\n<link rel=\"canonical\" href=\"https:\/\/www.bellunopress.it\/fr\/2011\/09\/12\/welcome-lambretta-alla-tecnosport-di-belluno-e-ritornato-il-leggendario-scooter-che-ha-fatto-sognare-due-generazioni\/\" \/>\n<meta property=\"og:locale\" content=\"fr_FR\" \/>\n<meta property=\"og:type\" content=\"article\" \/>\n<meta property=\"og:title\" content=\"Welcome Lambretta: alla Tecnosport di Belluno \u00e8 ritornato il leggendario scooter che ha fatto sognare due generazioni - Bellunopress - Dolomiti\" \/>\n<meta property=\"og:description\" content=\"In origine gli scooter si chiamavano solo Vespa o Lambretta. Oggi la sfida, che era iniziata nell&#8217;immediato dopoguerra, pu\u00f2 ancora proseguire. La leggendaria Lambretta LN 125, infatti, \u00e8 rinata con un cuore nuovo, motore a 4 tempi euro 3 e motorizzazioni 125 e 150 cc. Lo scooter \u00e8 gi\u00e0 in vetrina alla Concessionaria Tecno Sport [&hellip;]\" \/>\n<meta property=\"og:url\" content=\"https:\/\/www.bellunopress.it\/fr\/2011\/09\/12\/welcome-lambretta-alla-tecnosport-di-belluno-e-ritornato-il-leggendario-scooter-che-ha-fatto-sognare-due-generazioni\/\" \/>\n<meta property=\"og:site_name\" content=\"Bellunopress - Dolomiti\" \/>\n<meta property=\"article:publisher\" content=\"https:\/\/www.facebook.com\/profile.php?id=100008943462799\" \/>\n<meta property=\"article:published_time\" content=\"2011-09-12T13:33:04+00:00\" \/>\n<meta property=\"og:image\" content=\"http:\/\/www.bellunopress.it\/wp-content\/uploads\/2011\/09\/lambretta-ln-125-151.jpg\" \/>\n<meta name=\"author\" content=\"redazione\" \/>\n<meta name=\"twitter:card\" content=\"summary_large_image\" \/>\n<meta name=\"twitter:creator\" content=\"@bellunopress\" \/>\n<meta name=\"twitter:site\" content=\"@bellunopress\" \/>\n<meta name=\"twitter:label1\" content=\"\u00c9crit par\" \/>\n\t<meta name=\"twitter:data1\" content=\"redazione\" \/>\n\t<meta name=\"twitter:label2\" content=\"Dur\u00e9e de lecture estim\u00e9e\" \/>\n\t<meta name=\"twitter:data2\" content=\"1 minute\" \/>\n<script type=\"application\/ld+json\" class=\"yoast-schema-graph\">{\"@context\":\"https:\\\/\\\/schema.org\",\"@graph\":[{\"@type\":\"Article\",\"@id\":\"https:\\\/\\\/www.bellunopress.it\\\/2011\\\/09\\\/12\\\/welcome-lambretta-alla-tecnosport-di-belluno-e-ritornato-il-leggendario-scooter-che-ha-fatto-sognare-due-generazioni\\\/#article\",\"isPartOf\":{\"@id\":\"https:\\\/\\\/www.bellunopress.it\\\/2011\\\/09\\\/12\\\/welcome-lambretta-alla-tecnosport-di-belluno-e-ritornato-il-leggendario-scooter-che-ha-fatto-sognare-due-generazioni\\\/\"},\"author\":{\"name\":\"redazione\",\"@id\":\"https:\\\/\\\/www.bellunopress.it\\\/#\\\/schema\\\/person\\\/79bb06722b37ece1c03d3e94beb30d73\"},\"headline\":\"Welcome Lambretta: alla Tecnosport di Belluno \u00e8 ritornato il leggendario scooter che ha fatto sognare due generazioni\",\"datePublished\":\"2011-09-12T13:33:04+00:00\",\"mainEntityOfPage\":{\"@id\":\"https:\\\/\\\/www.bellunopress.it\\\/2011\\\/09\\\/12\\\/welcome-lambretta-alla-tecnosport-di-belluno-e-ritornato-il-leggendario-scooter-che-ha-fatto-sognare-due-generazioni\\\/\"},\"wordCount\":298,\"publisher\":{\"@id\":\"https:\\\/\\\/www.bellunopress.it\\\/#organization\"},\"image\":{\"@id\":\"https:\\\/\\\/www.bellunopress.it\\\/2011\\\/09\\\/12\\\/welcome-lambretta-alla-tecnosport-di-belluno-e-ritornato-il-leggendario-scooter-che-ha-fatto-sognare-due-generazioni\\\/#primaryimage\"},\"thumbnailUrl\":\"http:\\\/\\\/www.bellunopress.it\\\/wp-content\\\/uploads\\\/2011\\\/09\\\/lambretta-ln-125-151.jpg\",\"articleSection\":[\"Pausa Caff\u00e8\",\"Pubbliredazionali\"],\"inLanguage\":\"fr-FR\"},{\"@type\":\"WebPage\",\"@id\":\"https:\\\/\\\/www.bellunopress.it\\\/2011\\\/09\\\/12\\\/welcome-lambretta-alla-tecnosport-di-belluno-e-ritornato-il-leggendario-scooter-che-ha-fatto-sognare-due-generazioni\\\/\",\"url\":\"https:\\\/\\\/www.bellunopress.it\\\/2011\\\/09\\\/12\\\/welcome-lambretta-alla-tecnosport-di-belluno-e-ritornato-il-leggendario-scooter-che-ha-fatto-sognare-due-generazioni\\\/\",\"name\":\"Welcome Lambretta: alla Tecnosport di Belluno \u00e8 ritornato il leggendario scooter che ha fatto sognare due generazioni - Bellunopress - Dolomiti\",\"isPartOf\":{\"@id\":\"https:\\\/\\\/www.bellunopress.it\\\/#website\"},\"primaryImageOfPage\":{\"@id\":\"https:\\\/\\\/www.bellunopress.it\\\/2011\\\/09\\\/12\\\/welcome-lambretta-alla-tecnosport-di-belluno-e-ritornato-il-leggendario-scooter-che-ha-fatto-sognare-due-generazioni\\\/#primaryimage\"},\"image\":{\"@id\":\"https:\\\/\\\/www.bellunopress.it\\\/2011\\\/09\\\/12\\\/welcome-lambretta-alla-tecnosport-di-belluno-e-ritornato-il-leggendario-scooter-che-ha-fatto-sognare-due-generazioni\\\/#primaryimage\"},\"thumbnailUrl\":\"http:\\\/\\\/www.bellunopress.it\\\/wp-content\\\/uploads\\\/2011\\\/09\\\/lambretta-ln-125-151.jpg\",\"datePublished\":\"2011-09-12T13:33:04+00:00\",\"breadcrumb\":{\"@id\":\"https:\\\/\\\/www.bellunopress.it\\\/2011\\\/09\\\/12\\\/welcome-lambretta-alla-tecnosport-di-belluno-e-ritornato-il-leggendario-scooter-che-ha-fatto-sognare-due-generazioni\\\/#breadcrumb\"},\"inLanguage\":\"fr-FR\",\"potentialAction\":[{\"@type\":\"ReadAction\",\"target\":[\"https:\\\/\\\/www.bellunopress.it\\\/2011\\\/09\\\/12\\\/welcome-lambretta-alla-tecnosport-di-belluno-e-ritornato-il-leggendario-scooter-che-ha-fatto-sognare-due-generazioni\\\/\"]}]},{\"@type\":\"ImageObject\",\"inLanguage\":\"fr-FR\",\"@id\":\"https:\\\/\\\/www.bellunopress.it\\\/2011\\\/09\\\/12\\\/welcome-lambretta-alla-tecnosport-di-belluno-e-ritornato-il-leggendario-scooter-che-ha-fatto-sognare-due-generazioni\\\/#primaryimage\",\"url\":\"http:\\\/\\\/www.bellunopress.it\\\/wp-content\\\/uploads\\\/2011\\\/09\\\/lambretta-ln-125-151.jpg\",\"contentUrl\":\"http:\\\/\\\/www.bellunopress.it\\\/wp-content\\\/uploads\\\/2011\\\/09\\\/lambretta-ln-125-151.jpg\"},{\"@type\":\"BreadcrumbList\",\"@id\":\"https:\\\/\\\/www.bellunopress.it\\\/2011\\\/09\\\/12\\\/welcome-lambretta-alla-tecnosport-di-belluno-e-ritornato-il-leggendario-scooter-che-ha-fatto-sognare-due-generazioni\\\/#breadcrumb\",\"itemListElement\":[{\"@type\":\"ListItem\",\"position\":1,\"name\":\"Home\",\"item\":\"https:\\\/\\\/www.bellunopress.it\\\/\"},{\"@type\":\"ListItem\",\"position\":2,\"name\":\"Welcome Lambretta: alla Tecnosport di Belluno \u00e8 ritornato il leggendario scooter che ha fatto sognare due generazioni\"}]},{\"@type\":\"WebSite\",\"@id\":\"https:\\\/\\\/www.bellunopress.it\\\/#website\",\"url\":\"https:\\\/\\\/www.bellunopress.it\\\/\",\"name\":\"Bellunopress - Dolomiti\",\"description\":\"e-mail: redazione@bellunopress.it\",\"publisher\":{\"@id\":\"https:\\\/\\\/www.bellunopress.it\\\/#organization\"},\"potentialAction\":[{\"@type\":\"SearchAction\",\"target\":{\"@type\":\"EntryPoint\",\"urlTemplate\":\"https:\\\/\\\/www.bellunopress.it\\\/?s={search_term_string}\"},\"query-input\":{\"@type\":\"PropertyValueSpecification\",\"valueRequired\":true,\"valueName\":\"search_term_string\"}}],\"inLanguage\":\"fr-FR\"},{\"@type\":\"Organization\",\"@id\":\"https:\\\/\\\/www.bellunopress.it\\\/#organization\",\"name\":\"Bellunopress\",\"url\":\"https:\\\/\\\/www.bellunopress.it\\\/\",\"logo\":{\"@type\":\"ImageObject\",\"inLanguage\":\"fr-FR\",\"@id\":\"https:\\\/\\\/www.bellunopress.it\\\/#\\\/schema\\\/logo\\\/image\\\/\",\"url\":\"https:\\\/\\\/www.bellunopress.it\\\/wp-content\\\/uploads\\\/2011\\\/05\\\/cropped-logo-bellunopress-.jpg\",\"contentUrl\":\"https:\\\/\\\/www.bellunopress.it\\\/wp-content\\\/uploads\\\/2011\\\/05\\\/cropped-logo-bellunopress-.jpg\",\"width\":512,\"height\":512,\"caption\":\"Bellunopress\"},\"image\":{\"@id\":\"https:\\\/\\\/www.bellunopress.it\\\/#\\\/schema\\\/logo\\\/image\\\/\"},\"sameAs\":[\"https:\\\/\\\/www.facebook.com\\\/profile.php?id=100008943462799\",\"https:\\\/\\\/x.com\\\/bellunopress\",\"https:\\\/\\\/www.linkedin.com\\\/hp\\\/?dnr=JBzUWaJfMUw8vbXJJ2tVW5-I3jZKvC4wsoxE&amp;amp;amp;amp;amp;amp;trk=nav_responsive_tab_home\",\"https:\\\/\\\/www.youtube.com\\\/channel\\\/UCxL0wu1uN0_3_7hGG0306cw\"]},{\"@type\":\"Person\",\"@id\":\"https:\\\/\\\/www.bellunopress.it\\\/#\\\/schema\\\/person\\\/79bb06722b37ece1c03d3e94beb30d73\",\"name\":\"redazione\",\"image\":{\"@type\":\"ImageObject\",\"inLanguage\":\"fr-FR\",\"@id\":\"https:\\\/\\\/secure.gravatar.com\\\/avatar\\\/37d968a2e67a6fd04c169c4bdef102d0bc5d31b2546345219e348575eb80e9a0?s=96&d=mm&r=g\",\"url\":\"https:\\\/\\\/secure.gravatar.com\\\/avatar\\\/37d968a2e67a6fd04c169c4bdef102d0bc5d31b2546345219e348575eb80e9a0?s=96&d=mm&r=g\",\"contentUrl\":\"https:\\\/\\\/secure.gravatar.com\\\/avatar\\\/37d968a2e67a6fd04c169c4bdef102d0bc5d31b2546345219e348575eb80e9a0?s=96&d=mm&r=g\",\"caption\":\"redazione\"},\"sameAs\":[\"http:\\\/\\\/www.bellunopress.it\",\"https:\\\/\\\/x.com\\\/bellunopress\"],\"url\":\"https:\\\/\\\/www.bellunopress.it\\\/fr\\\/author\\\/redazione\\\/\"}]}<\/script>\n<!-- \/ Yoast SEO plugin. -->","yoast_head_json":{"title":"Welcome Lambretta: alla Tecnosport di Belluno \u00e8 ritornato il leggendario scooter che ha fatto sognare due generazioni - Bellunopress - Dolomiti","robots":{"index":"index","follow":"follow","max-snippet":"max-snippet:-1","max-image-preview":"max-image-preview:large","max-video-preview":"max-video-preview:-1"},"canonical":"https:\/\/www.bellunopress.it\/fr\/2011\/09\/12\/welcome-lambretta-alla-tecnosport-di-belluno-e-ritornato-il-leggendario-scooter-che-ha-fatto-sognare-due-generazioni\/","og_locale":"fr_FR","og_type":"article","og_title":"Welcome Lambretta: alla Tecnosport di Belluno \u00e8 ritornato il leggendario scooter che ha fatto sognare due generazioni - Bellunopress - Dolomiti","og_description":"In origine gli scooter si chiamavano solo Vespa o Lambretta. Oggi la sfida, che era iniziata nell&#8217;immediato dopoguerra, pu\u00f2 ancora proseguire. La leggendaria Lambretta LN 125, infatti, \u00e8 rinata con un cuore nuovo, motore a 4 tempi euro 3 e motorizzazioni 125 e 150 cc. Lo scooter \u00e8 gi\u00e0 in vetrina alla Concessionaria Tecno Sport [&hellip;]","og_url":"https:\/\/www.bellunopress.it\/fr\/2011\/09\/12\/welcome-lambretta-alla-tecnosport-di-belluno-e-ritornato-il-leggendario-scooter-che-ha-fatto-sognare-due-generazioni\/","og_site_name":"Bellunopress - Dolomiti","article_publisher":"https:\/\/www.facebook.com\/profile.php?id=100008943462799","article_published_time":"2011-09-12T13:33:04+00:00","og_image":[{"url":"http:\/\/www.bellunopress.it\/wp-content\/uploads\/2011\/09\/lambretta-ln-125-151.jpg","type":"","width":"","height":""}],"author":"redazione","twitter_card":"summary_large_image","twitter_creator":"@bellunopress","twitter_site":"@bellunopress","twitter_misc":{"\u00c9crit par":"redazione","Dur\u00e9e de lecture estim\u00e9e":"1 minute"},"schema":{"@context":"https:\/\/schema.org","@graph":[{"@type":"Article","@id":"https:\/\/www.bellunopress.it\/2011\/09\/12\/welcome-lambretta-alla-tecnosport-di-belluno-e-ritornato-il-leggendario-scooter-che-ha-fatto-sognare-due-generazioni\/#article","isPartOf":{"@id":"https:\/\/www.bellunopress.it\/2011\/09\/12\/welcome-lambretta-alla-tecnosport-di-belluno-e-ritornato-il-leggendario-scooter-che-ha-fatto-sognare-due-generazioni\/"},"author":{"name":"redazione","@id":"https:\/\/www.bellunopress.it\/#\/schema\/person\/79bb06722b37ece1c03d3e94beb30d73"},"headline":"Welcome Lambretta: alla Tecnosport di Belluno \u00e8 ritornato il leggendario scooter che ha fatto sognare due generazioni","datePublished":"2011-09-12T13:33:04+00:00","mainEntityOfPage":{"@id":"https:\/\/www.bellunopress.it\/2011\/09\/12\/welcome-lambretta-alla-tecnosport-di-belluno-e-ritornato-il-leggendario-scooter-che-ha-fatto-sognare-due-generazioni\/"},"wordCount":298,"publisher":{"@id":"https:\/\/www.bellunopress.it\/#organization"},"image":{"@id":"https:\/\/www.bellunopress.it\/2011\/09\/12\/welcome-lambretta-alla-tecnosport-di-belluno-e-ritornato-il-leggendario-scooter-che-ha-fatto-sognare-due-generazioni\/#primaryimage"},"thumbnailUrl":"http:\/\/www.bellunopress.it\/wp-content\/uploads\/2011\/09\/lambretta-ln-125-151.jpg","articleSection":["Pausa Caff\u00e8","Pubbliredazionali"],"inLanguage":"fr-FR"},{"@type":"WebPage","@id":"https:\/\/www.bellunopress.it\/2011\/09\/12\/welcome-lambretta-alla-tecnosport-di-belluno-e-ritornato-il-leggendario-scooter-che-ha-fatto-sognare-due-generazioni\/","url":"https:\/\/www.bellunopress.it\/2011\/09\/12\/welcome-lambretta-alla-tecnosport-di-belluno-e-ritornato-il-leggendario-scooter-che-ha-fatto-sognare-due-generazioni\/","name":"Welcome Lambretta: alla Tecnosport di Belluno \u00e8 ritornato il leggendario scooter che ha fatto sognare due generazioni - Bellunopress - Dolomiti","isPartOf":{"@id":"https:\/\/www.bellunopress.it\/#website"},"primaryImageOfPage":{"@id":"https:\/\/www.bellunopress.it\/2011\/09\/12\/welcome-lambretta-alla-tecnosport-di-belluno-e-ritornato-il-leggendario-scooter-che-ha-fatto-sognare-due-generazioni\/#primaryimage"},"image":{"@id":"https:\/\/www.bellunopress.it\/2011\/09\/12\/welcome-lambretta-alla-tecnosport-di-belluno-e-ritornato-il-leggendario-scooter-che-ha-fatto-sognare-due-generazioni\/#primaryimage"},"thumbnailUrl":"http:\/\/www.bellunopress.it\/wp-content\/uploads\/2011\/09\/lambretta-ln-125-151.jpg","datePublished":"2011-09-12T13:33:04+00:00","breadcrumb":{"@id":"https:\/\/www.bellunopress.it\/2011\/09\/12\/welcome-lambretta-alla-tecnosport-di-belluno-e-ritornato-il-leggendario-scooter-che-ha-fatto-sognare-due-generazioni\/#breadcrumb"},"inLanguage":"fr-FR","potentialAction":[{"@type":"ReadAction","target":["https:\/\/www.bellunopress.it\/2011\/09\/12\/welcome-lambretta-alla-tecnosport-di-belluno-e-ritornato-il-leggendario-scooter-che-ha-fatto-sognare-due-generazioni\/"]}]},{"@type":"ImageObject","inLanguage":"fr-FR","@id":"https:\/\/www.bellunopress.it\/2011\/09\/12\/welcome-lambretta-alla-tecnosport-di-belluno-e-ritornato-il-leggendario-scooter-che-ha-fatto-sognare-due-generazioni\/#primaryimage","url":"http:\/\/www.bellunopress.it\/wp-content\/uploads\/2011\/09\/lambretta-ln-125-151.jpg","contentUrl":"http:\/\/www.bellunopress.it\/wp-content\/uploads\/2011\/09\/lambretta-ln-125-151.jpg"},{"@type":"BreadcrumbList","@id":"https:\/\/www.bellunopress.it\/2011\/09\/12\/welcome-lambretta-alla-tecnosport-di-belluno-e-ritornato-il-leggendario-scooter-che-ha-fatto-sognare-due-generazioni\/#breadcrumb","itemListElement":[{"@type":"ListItem","position":1,"name":"Home","item":"https:\/\/www.bellunopress.it\/"},{"@type":"ListItem","position":2,"name":"Welcome Lambretta: alla Tecnosport di Belluno \u00e8 ritornato il leggendario scooter che ha fatto sognare due generazioni"}]},{"@type":"WebSite","@id":"https:\/\/www.bellunopress.it\/#website","url":"https:\/\/www.bellunopress.it\/","name":"Bellunopress - Dolomiti","description":"e-mail: redazione@bellunopress.it","publisher":{"@id":"https:\/\/www.bellunopress.it\/#organization"},"potentialAction":[{"@type":"SearchAction","target":{"@type":"EntryPoint","urlTemplate":"https:\/\/www.bellunopress.it\/?s={search_term_string}"},"query-input":{"@type":"PropertyValueSpecification","valueRequired":true,"valueName":"search_term_string"}}],"inLanguage":"fr-FR"},{"@type":"Organization","@id":"https:\/\/www.bellunopress.it\/#organization","name":"Bellunopress","url":"https:\/\/www.bellunopress.it\/","logo":{"@type":"ImageObject","inLanguage":"fr-FR","@id":"https:\/\/www.bellunopress.it\/#\/schema\/logo\/image\/","url":"https:\/\/www.bellunopress.it\/wp-content\/uploads\/2011\/05\/cropped-logo-bellunopress-.jpg","contentUrl":"https:\/\/www.bellunopress.it\/wp-content\/uploads\/2011\/05\/cropped-logo-bellunopress-.jpg","width":512,"height":512,"caption":"Bellunopress"},"image":{"@id":"https:\/\/www.bellunopress.it\/#\/schema\/logo\/image\/"},"sameAs":["https:\/\/www.facebook.com\/profile.php?id=100008943462799","https:\/\/x.com\/bellunopress","https:\/\/www.linkedin.com\/hp\/?dnr=JBzUWaJfMUw8vbXJJ2tVW5-I3jZKvC4wsoxE&amp;amp;amp;amp;amp;amp;trk=nav_responsive_tab_home","https:\/\/www.youtube.com\/channel\/UCxL0wu1uN0_3_7hGG0306cw"]},{"@type":"Person","@id":"https:\/\/www.bellunopress.it\/#\/schema\/person\/79bb06722b37ece1c03d3e94beb30d73","name":"r\u00e9daction","image":{"@type":"ImageObject","inLanguage":"fr-FR","@id":"https:\/\/secure.gravatar.com\/avatar\/37d968a2e67a6fd04c169c4bdef102d0bc5d31b2546345219e348575eb80e9a0?s=96&d=mm&r=g","url":"https:\/\/secure.gravatar.com\/avatar\/37d968a2e67a6fd04c169c4bdef102d0bc5d31b2546345219e348575eb80e9a0?s=96&d=mm&r=g","contentUrl":"https:\/\/secure.gravatar.com\/avatar\/37d968a2e67a6fd04c169c4bdef102d0bc5d31b2546345219e348575eb80e9a0?s=96&d=mm&r=g","caption":"redazione"},"sameAs":["http:\/\/www.bellunopress.it","https:\/\/x.com\/bellunopress"],"url":"https:\/\/www.bellunopress.it\/fr\/author\/redazione\/"}]}},"_links":{"self":[{"href":"https:\/\/www.bellunopress.it\/fr\/wp-json\/wp\/v2\/posts\/30488","targetHints":{"allow":["GET"]}}],"collection":[{"href":"https:\/\/www.bellunopress.it\/fr\/wp-json\/wp\/v2\/posts"}],"about":[{"href":"https:\/\/www.bellunopress.it\/fr\/wp-json\/wp\/v2\/types\/post"}],"author":[{"embeddable":true,"href":"https:\/\/www.bellunopress.it\/fr\/wp-json\/wp\/v2\/users\/2"}],"replies":[{"embeddable":true,"href":"https:\/\/www.bellunopress.it\/fr\/wp-json\/wp\/v2\/comments?post=30488"}],"version-history":[{"count":1,"href":"https:\/\/www.bellunopress.it\/fr\/wp-json\/wp\/v2\/posts\/30488\/revisions"}],"predecessor-version":[{"id":30490,"href":"https:\/\/www.bellunopress.it\/fr\/wp-json\/wp\/v2\/posts\/30488\/revisions\/30490"}],"wp:attachment":[{"href":"https:\/\/www.bellunopress.it\/fr\/wp-json\/wp\/v2\/media?parent=30488"}],"wp:term":[{"taxonomy":"category","embeddable":true,"href":"https:\/\/www.bellunopress.it\/fr\/wp-json\/wp\/v2\/categories?post=30488"},{"taxonomy":"post_tag","embeddable":true,"href":"https:\/\/www.bellunopress.it\/fr\/wp-json\/wp\/v2\/tags?post=30488"}],"curies":[{"name":"wp","href":"https:\/\/api.w.org\/{rel}","templated":true}]}}