{"id":2981,"date":"2009-04-23T00:08:42","date_gmt":"2009-04-22T23:08:42","guid":{"rendered":"http:\/\/www.bellunopress.it\/?p=2981"},"modified":"2009-04-23T00:08:42","modified_gmt":"2009-04-22T23:08:42","slug":"la-storia-dell%e2%80%99emigrazione-italiana-in-germania-entra-in-classe","status":"publish","type":"post","link":"https:\/\/www.bellunopress.it\/fr\/2009\/04\/23\/la-storia-dell%e2%80%99emigrazione-italiana-in-germania-entra-in-classe\/","title":{"rendered":"La storia dell\u2019emigrazione italiana in Germania entra in classe"},"content":{"rendered":"<p><a href=\"http:\/\/www.bellunopress.it\/wp-content\/uploads\/2009\/04\/de-bona-in-germania-leggera.jpg\"><img loading=\"lazy\" decoding=\"async\" class=\"alignleft size-medium wp-image-2982\" title=\"de-bona-in-germania-leggera\" src=\"http:\/\/www.bellunopress.it\/wp-content\/uploads\/2009\/04\/de-bona-in-germania-leggera.jpg\" alt=\"\" width=\"270\" height=\"203\" \/><\/a> L\u2019assessore De Bona ad Hagen per presentare il quaderno \u201cCi conosciamo da tanto\u201d. Davanti ad un auditorio attento ed emozionato, l\u2019assessore regionale ai Flussi migratori, Oscar De Bona, ieri (mercoled\u00ec 22 aprile) ha salutato autorit\u00e0 e pubblico convenuti nel teatro della Gesamtschule Fritz Steinhoff di Hagen, una citt\u00e0 di circa 200 mila abitanti alle porte di Dormund, per la presentazione ufficiale del quaderno \u201cCi consociamo da tanto\u201d.\u00a0 \u00abSono onorato \u2013 ha detto De Bona \u2013 di portare il saluto mio personale,\u00a0 del governatore Giancarlo Galan e della Giunta regionale del Veneto che ha appoggiato questa iniziativa. Ma soprattutto saluto questo volume con l\u2019orgoglio dell\u2019appartenenza. E\u2019 per me un\u2019emozione partecipare alla presentazione di questo quaderno che raccoglie i temi fondamentali della nostra civilt\u00e0 come la circolazione delle persone e delle idee. La Germania ha dato molto alla nostra emigrazione, sia a quella \u201cclassica\u201d e sia a quella di settore come la gelateria. Da bellunese mi piace sottolineare che in questo Paese, dove hanno trovato lavoro numerosi miei concittadini, \u00e8 costituita l\u2019importante associazione dei Bellunesi nel mondo \u201cNord Reno Vestfalia\u201d ed esiste la prestigiosa Uniteis composta dagli imprenditori del gelato di Belluno e di Treviso\u00bb.\u00a0 Alla cerimonia erano presenti anche il borgomastro della citt\u00e0 di Hagen, il console d\u2019Italia a Dormund, un rappresentante della Regione del Nord Reno Vestfalia, il preside della Gesamtschule Steinhoff, il presidente dei Comites di Dormund, insegnati, studenti e cittadini italiani e tedeschi. \u201cCi conosciamo da tanto\u201d \u00e8 una pubblicazione pensata e realizzata da due italiani di Bochum: il bellunese Aduo Vio, imprenditore, operatore culturale e scrittore che si occupa in modo particolare del mondo della scuola e della formazione, e il rodigino Luigi Rossi, insegnante di italiano alla Gesamtschule Steinhoff di Hagen. E\u2019 questo un istituto scolastico\u00a0 frequentato da 1.400 studenti che da 30 anni ha la cattedra di lingua e cultura italiana. Cos\u00ec, con il quaderno \u201cCi conosciamo da tanto\u201d, la storia dell\u2019emigrazione italiana entra in classe. Si tratta di una sorta di album didattico che raccoglie vent\u2019anni di ricerche e sperimentazioni per raccontare della presenza italiana, italica e latina nell\u2019area di lingua tedesca negli ultimi due millenni. Si narra di personaggi poco noti o addirittura sconosciuti ai pi\u00f9, ma sicuramente affascinanti interpreti che con l\u2019avventura dell\u2019espatrio hanno vissuto drammi e tragedie, periodi epici e straordinari. Si parla di grandi nomi come Francesco\u00a0 Petrarca che nel 1333 compie un viaggio attraverso Francia, Fiandre e Germania, o come Tommaso d\u2019Aquino che tra il 1248 e il 1252 \u00e8 discepolo di Alberto Magno a Colonia. Ma vengono citati anche gli ancor pi\u00f9 famosi personaggi del nostro tempo come Rivera, Mazzola, Facchetti e i memorabili incontri di calcio tra Italia e Germania o tra le squadre dei grandi club dei due Paesi. Ogni facciata comprende un \u201cfoglio di lavoro\u201d con domande e commenti sul personaggio descritto o sull\u2019argomento trattato nella pagina accanto.<\/p>","protected":false},"excerpt":{"rendered":"<p>L\u2019assessore De Bona ad Hagen per presentare il quaderno \u201cCi conosciamo da tanto\u201d. Davanti ad un auditorio attento ed emozionato, l\u2019assessore regionale ai Flussi migratori, Oscar De Bona, ieri (mercoled\u00ec 22 aprile) ha salutato autorit\u00e0 e pubblico convenuti nel teatro della Gesamtschule Fritz Steinhoff di Hagen, una citt\u00e0 di circa 200 mila abitanti alle porte [&hellip;]<\/p>\n","protected":false},"author":2,"featured_media":0,"comment_status":"closed","ping_status":"open","sticky":false,"template":"","format":"standard","meta":{"footnotes":""},"categories":[5],"tags":[139],"class_list":["post-2981","post","type-post","status-publish","format-standard","category-cronaca","tag-belluno"],"yoast_head":"<!-- This site is optimized with the Yoast SEO plugin v28.4 - https:\/\/yoast.com\/product\/yoast-seo-wordpress\/ -->\n<title>La storia dell\u2019emigrazione italiana in Germania entra in classe - Bellunopress - Dolomiti<\/title>\n<meta name=\"robots\" content=\"index, follow, max-snippet:-1, max-image-preview:large, max-video-preview:-1\" \/>\n<link rel=\"canonical\" href=\"https:\/\/www.bellunopress.it\/fr\/2009\/04\/23\/la-storia-dell\u2019emigrazione-italiana-in-germania-entra-in-classe\/\" \/>\n<meta property=\"og:locale\" content=\"fr_FR\" \/>\n<meta property=\"og:type\" content=\"article\" \/>\n<meta property=\"og:title\" content=\"La storia dell\u2019emigrazione italiana in Germania entra in classe - Bellunopress - Dolomiti\" \/>\n<meta property=\"og:description\" content=\"L\u2019assessore De Bona ad Hagen per presentare il quaderno \u201cCi conosciamo da tanto\u201d. Davanti ad un auditorio attento ed emozionato, l\u2019assessore regionale ai Flussi migratori, Oscar De Bona, ieri (mercoled\u00ec 22 aprile) ha salutato autorit\u00e0 e pubblico convenuti nel teatro della Gesamtschule Fritz Steinhoff di Hagen, una citt\u00e0 di circa 200 mila abitanti alle porte [&hellip;]\" \/>\n<meta property=\"og:url\" content=\"https:\/\/www.bellunopress.it\/fr\/2009\/04\/23\/la-storia-dell\u2019emigrazione-italiana-in-germania-entra-in-classe\/\" \/>\n<meta property=\"og:site_name\" content=\"Bellunopress - Dolomiti\" \/>\n<meta property=\"article:publisher\" content=\"https:\/\/www.facebook.com\/profile.php?id=100008943462799\" \/>\n<meta property=\"article:published_time\" content=\"2009-04-22T23:08:42+00:00\" \/>\n<meta property=\"og:image\" content=\"http:\/\/www.bellunopress.it\/wp-content\/uploads\/2009\/04\/de-bona-in-germania-leggera.jpg\" \/>\n<meta name=\"author\" content=\"redazione\" \/>\n<meta name=\"twitter:card\" content=\"summary_large_image\" \/>\n<meta name=\"twitter:creator\" content=\"@bellunopress\" \/>\n<meta name=\"twitter:site\" content=\"@bellunopress\" \/>\n<meta name=\"twitter:label1\" content=\"\u00c9crit par\" \/>\n\t<meta name=\"twitter:data1\" content=\"redazione\" \/>\n\t<meta name=\"twitter:label2\" content=\"Dur\u00e9e de lecture estim\u00e9e\" \/>\n\t<meta name=\"twitter:data2\" content=\"2 minutes\" \/>\n<script type=\"application\/ld+json\" class=\"yoast-schema-graph\">{\"@context\":\"https:\\\/\\\/schema.org\",\"@graph\":[{\"@type\":\"Article\",\"@id\":\"https:\\\/\\\/www.bellunopress.it\\\/2009\\\/04\\\/23\\\/la-storia-dell%e2%80%99emigrazione-italiana-in-germania-entra-in-classe\\\/#article\",\"isPartOf\":{\"@id\":\"https:\\\/\\\/www.bellunopress.it\\\/2009\\\/04\\\/23\\\/la-storia-dell%e2%80%99emigrazione-italiana-in-germania-entra-in-classe\\\/\"},\"author\":{\"name\":\"redazione\",\"@id\":\"https:\\\/\\\/www.bellunopress.it\\\/#\\\/schema\\\/person\\\/79bb06722b37ece1c03d3e94beb30d73\"},\"headline\":\"La storia dell\u2019emigrazione italiana in Germania entra in classe\",\"datePublished\":\"2009-04-22T23:08:42+00:00\",\"mainEntityOfPage\":{\"@id\":\"https:\\\/\\\/www.bellunopress.it\\\/2009\\\/04\\\/23\\\/la-storia-dell%e2%80%99emigrazione-italiana-in-germania-entra-in-classe\\\/\"},\"wordCount\":485,\"publisher\":{\"@id\":\"https:\\\/\\\/www.bellunopress.it\\\/#organization\"},\"image\":{\"@id\":\"https:\\\/\\\/www.bellunopress.it\\\/2009\\\/04\\\/23\\\/la-storia-dell%e2%80%99emigrazione-italiana-in-germania-entra-in-classe\\\/#primaryimage\"},\"thumbnailUrl\":\"http:\\\/\\\/www.bellunopress.it\\\/wp-content\\\/uploads\\\/2009\\\/04\\\/de-bona-in-germania-leggera.jpg\",\"keywords\":[\"Belluno\"],\"articleSection\":[\"Cronaca\\\/Politica\"],\"inLanguage\":\"fr-FR\"},{\"@type\":\"WebPage\",\"@id\":\"https:\\\/\\\/www.bellunopress.it\\\/2009\\\/04\\\/23\\\/la-storia-dell%e2%80%99emigrazione-italiana-in-germania-entra-in-classe\\\/\",\"url\":\"https:\\\/\\\/www.bellunopress.it\\\/2009\\\/04\\\/23\\\/la-storia-dell%e2%80%99emigrazione-italiana-in-germania-entra-in-classe\\\/\",\"name\":\"La storia dell\u2019emigrazione italiana in Germania entra in classe - Bellunopress - Dolomiti\",\"isPartOf\":{\"@id\":\"https:\\\/\\\/www.bellunopress.it\\\/#website\"},\"primaryImageOfPage\":{\"@id\":\"https:\\\/\\\/www.bellunopress.it\\\/2009\\\/04\\\/23\\\/la-storia-dell%e2%80%99emigrazione-italiana-in-germania-entra-in-classe\\\/#primaryimage\"},\"image\":{\"@id\":\"https:\\\/\\\/www.bellunopress.it\\\/2009\\\/04\\\/23\\\/la-storia-dell%e2%80%99emigrazione-italiana-in-germania-entra-in-classe\\\/#primaryimage\"},\"thumbnailUrl\":\"http:\\\/\\\/www.bellunopress.it\\\/wp-content\\\/uploads\\\/2009\\\/04\\\/de-bona-in-germania-leggera.jpg\",\"datePublished\":\"2009-04-22T23:08:42+00:00\",\"breadcrumb\":{\"@id\":\"https:\\\/\\\/www.bellunopress.it\\\/2009\\\/04\\\/23\\\/la-storia-dell%e2%80%99emigrazione-italiana-in-germania-entra-in-classe\\\/#breadcrumb\"},\"inLanguage\":\"fr-FR\",\"potentialAction\":[{\"@type\":\"ReadAction\",\"target\":[\"https:\\\/\\\/www.bellunopress.it\\\/2009\\\/04\\\/23\\\/la-storia-dell%e2%80%99emigrazione-italiana-in-germania-entra-in-classe\\\/\"]}]},{\"@type\":\"ImageObject\",\"inLanguage\":\"fr-FR\",\"@id\":\"https:\\\/\\\/www.bellunopress.it\\\/2009\\\/04\\\/23\\\/la-storia-dell%e2%80%99emigrazione-italiana-in-germania-entra-in-classe\\\/#primaryimage\",\"url\":\"http:\\\/\\\/www.bellunopress.it\\\/wp-content\\\/uploads\\\/2009\\\/04\\\/de-bona-in-germania-leggera.jpg\",\"contentUrl\":\"http:\\\/\\\/www.bellunopress.it\\\/wp-content\\\/uploads\\\/2009\\\/04\\\/de-bona-in-germania-leggera.jpg\"},{\"@type\":\"BreadcrumbList\",\"@id\":\"https:\\\/\\\/www.bellunopress.it\\\/2009\\\/04\\\/23\\\/la-storia-dell%e2%80%99emigrazione-italiana-in-germania-entra-in-classe\\\/#breadcrumb\",\"itemListElement\":[{\"@type\":\"ListItem\",\"position\":1,\"name\":\"Home\",\"item\":\"https:\\\/\\\/www.bellunopress.it\\\/\"},{\"@type\":\"ListItem\",\"position\":2,\"name\":\"La storia dell\u2019emigrazione italiana in Germania entra in classe\"}]},{\"@type\":\"WebSite\",\"@id\":\"https:\\\/\\\/www.bellunopress.it\\\/#website\",\"url\":\"https:\\\/\\\/www.bellunopress.it\\\/\",\"name\":\"Bellunopress - Dolomiti\",\"description\":\"e-mail: redazione@bellunopress.it\",\"publisher\":{\"@id\":\"https:\\\/\\\/www.bellunopress.it\\\/#organization\"},\"potentialAction\":[{\"@type\":\"SearchAction\",\"target\":{\"@type\":\"EntryPoint\",\"urlTemplate\":\"https:\\\/\\\/www.bellunopress.it\\\/?s={search_term_string}\"},\"query-input\":{\"@type\":\"PropertyValueSpecification\",\"valueRequired\":true,\"valueName\":\"search_term_string\"}}],\"inLanguage\":\"fr-FR\"},{\"@type\":\"Organization\",\"@id\":\"https:\\\/\\\/www.bellunopress.it\\\/#organization\",\"name\":\"Bellunopress\",\"url\":\"https:\\\/\\\/www.bellunopress.it\\\/\",\"logo\":{\"@type\":\"ImageObject\",\"inLanguage\":\"fr-FR\",\"@id\":\"https:\\\/\\\/www.bellunopress.it\\\/#\\\/schema\\\/logo\\\/image\\\/\",\"url\":\"https:\\\/\\\/www.bellunopress.it\\\/wp-content\\\/uploads\\\/2011\\\/05\\\/cropped-logo-bellunopress-.jpg\",\"contentUrl\":\"https:\\\/\\\/www.bellunopress.it\\\/wp-content\\\/uploads\\\/2011\\\/05\\\/cropped-logo-bellunopress-.jpg\",\"width\":512,\"height\":512,\"caption\":\"Bellunopress\"},\"image\":{\"@id\":\"https:\\\/\\\/www.bellunopress.it\\\/#\\\/schema\\\/logo\\\/image\\\/\"},\"sameAs\":[\"https:\\\/\\\/www.facebook.com\\\/profile.php?id=100008943462799\",\"https:\\\/\\\/x.com\\\/bellunopress\",\"https:\\\/\\\/www.linkedin.com\\\/hp\\\/?dnr=JBzUWaJfMUw8vbXJJ2tVW5-I3jZKvC4wsoxE&amp;amp;amp;amp;amp;amp;trk=nav_responsive_tab_home\",\"https:\\\/\\\/www.youtube.com\\\/channel\\\/UCxL0wu1uN0_3_7hGG0306cw\"]},{\"@type\":\"Person\",\"@id\":\"https:\\\/\\\/www.bellunopress.it\\\/#\\\/schema\\\/person\\\/79bb06722b37ece1c03d3e94beb30d73\",\"name\":\"redazione\",\"image\":{\"@type\":\"ImageObject\",\"inLanguage\":\"fr-FR\",\"@id\":\"https:\\\/\\\/secure.gravatar.com\\\/avatar\\\/37d968a2e67a6fd04c169c4bdef102d0bc5d31b2546345219e348575eb80e9a0?s=96&d=mm&r=g\",\"url\":\"https:\\\/\\\/secure.gravatar.com\\\/avatar\\\/37d968a2e67a6fd04c169c4bdef102d0bc5d31b2546345219e348575eb80e9a0?s=96&d=mm&r=g\",\"contentUrl\":\"https:\\\/\\\/secure.gravatar.com\\\/avatar\\\/37d968a2e67a6fd04c169c4bdef102d0bc5d31b2546345219e348575eb80e9a0?s=96&d=mm&r=g\",\"caption\":\"redazione\"},\"sameAs\":[\"http:\\\/\\\/www.bellunopress.it\",\"https:\\\/\\\/x.com\\\/bellunopress\"],\"url\":\"https:\\\/\\\/www.bellunopress.it\\\/fr\\\/author\\\/redazione\\\/\"}]}<\/script>\n<!-- \/ Yoast SEO plugin. -->","yoast_head_json":{"title":"La storia dell\u2019emigrazione italiana in Germania entra in classe - Bellunopress - Dolomiti","robots":{"index":"index","follow":"follow","max-snippet":"max-snippet:-1","max-image-preview":"max-image-preview:large","max-video-preview":"max-video-preview:-1"},"canonical":"https:\/\/www.bellunopress.it\/fr\/2009\/04\/23\/la-storia-dell\u2019emigrazione-italiana-in-germania-entra-in-classe\/","og_locale":"fr_FR","og_type":"article","og_title":"La storia dell\u2019emigrazione italiana in Germania entra in classe - Bellunopress - Dolomiti","og_description":"L\u2019assessore De Bona ad Hagen per presentare il quaderno \u201cCi conosciamo da tanto\u201d. Davanti ad un auditorio attento ed emozionato, l\u2019assessore regionale ai Flussi migratori, Oscar De Bona, ieri (mercoled\u00ec 22 aprile) ha salutato autorit\u00e0 e pubblico convenuti nel teatro della Gesamtschule Fritz Steinhoff di Hagen, una citt\u00e0 di circa 200 mila abitanti alle porte [&hellip;]","og_url":"https:\/\/www.bellunopress.it\/fr\/2009\/04\/23\/la-storia-dell\u2019emigrazione-italiana-in-germania-entra-in-classe\/","og_site_name":"Bellunopress - Dolomiti","article_publisher":"https:\/\/www.facebook.com\/profile.php?id=100008943462799","article_published_time":"2009-04-22T23:08:42+00:00","og_image":[{"url":"http:\/\/www.bellunopress.it\/wp-content\/uploads\/2009\/04\/de-bona-in-germania-leggera.jpg","type":"","width":"","height":""}],"author":"redazione","twitter_card":"summary_large_image","twitter_creator":"@bellunopress","twitter_site":"@bellunopress","twitter_misc":{"\u00c9crit par":"redazione","Dur\u00e9e de lecture estim\u00e9e":"2 minutes"},"schema":{"@context":"https:\/\/schema.org","@graph":[{"@type":"Article","@id":"https:\/\/www.bellunopress.it\/2009\/04\/23\/la-storia-dell%e2%80%99emigrazione-italiana-in-germania-entra-in-classe\/#article","isPartOf":{"@id":"https:\/\/www.bellunopress.it\/2009\/04\/23\/la-storia-dell%e2%80%99emigrazione-italiana-in-germania-entra-in-classe\/"},"author":{"name":"redazione","@id":"https:\/\/www.bellunopress.it\/#\/schema\/person\/79bb06722b37ece1c03d3e94beb30d73"},"headline":"La storia dell\u2019emigrazione italiana in Germania entra in classe","datePublished":"2009-04-22T23:08:42+00:00","mainEntityOfPage":{"@id":"https:\/\/www.bellunopress.it\/2009\/04\/23\/la-storia-dell%e2%80%99emigrazione-italiana-in-germania-entra-in-classe\/"},"wordCount":485,"publisher":{"@id":"https:\/\/www.bellunopress.it\/#organization"},"image":{"@id":"https:\/\/www.bellunopress.it\/2009\/04\/23\/la-storia-dell%e2%80%99emigrazione-italiana-in-germania-entra-in-classe\/#primaryimage"},"thumbnailUrl":"http:\/\/www.bellunopress.it\/wp-content\/uploads\/2009\/04\/de-bona-in-germania-leggera.jpg","keywords":["Belluno"],"articleSection":["Cronaca\/Politica"],"inLanguage":"fr-FR"},{"@type":"WebPage","@id":"https:\/\/www.bellunopress.it\/2009\/04\/23\/la-storia-dell%e2%80%99emigrazione-italiana-in-germania-entra-in-classe\/","url":"https:\/\/www.bellunopress.it\/2009\/04\/23\/la-storia-dell%e2%80%99emigrazione-italiana-in-germania-entra-in-classe\/","name":"La storia dell\u2019emigrazione italiana in Germania entra in classe - Bellunopress - Dolomiti","isPartOf":{"@id":"https:\/\/www.bellunopress.it\/#website"},"primaryImageOfPage":{"@id":"https:\/\/www.bellunopress.it\/2009\/04\/23\/la-storia-dell%e2%80%99emigrazione-italiana-in-germania-entra-in-classe\/#primaryimage"},"image":{"@id":"https:\/\/www.bellunopress.it\/2009\/04\/23\/la-storia-dell%e2%80%99emigrazione-italiana-in-germania-entra-in-classe\/#primaryimage"},"thumbnailUrl":"http:\/\/www.bellunopress.it\/wp-content\/uploads\/2009\/04\/de-bona-in-germania-leggera.jpg","datePublished":"2009-04-22T23:08:42+00:00","breadcrumb":{"@id":"https:\/\/www.bellunopress.it\/2009\/04\/23\/la-storia-dell%e2%80%99emigrazione-italiana-in-germania-entra-in-classe\/#breadcrumb"},"inLanguage":"fr-FR","potentialAction":[{"@type":"ReadAction","target":["https:\/\/www.bellunopress.it\/2009\/04\/23\/la-storia-dell%e2%80%99emigrazione-italiana-in-germania-entra-in-classe\/"]}]},{"@type":"ImageObject","inLanguage":"fr-FR","@id":"https:\/\/www.bellunopress.it\/2009\/04\/23\/la-storia-dell%e2%80%99emigrazione-italiana-in-germania-entra-in-classe\/#primaryimage","url":"http:\/\/www.bellunopress.it\/wp-content\/uploads\/2009\/04\/de-bona-in-germania-leggera.jpg","contentUrl":"http:\/\/www.bellunopress.it\/wp-content\/uploads\/2009\/04\/de-bona-in-germania-leggera.jpg"},{"@type":"BreadcrumbList","@id":"https:\/\/www.bellunopress.it\/2009\/04\/23\/la-storia-dell%e2%80%99emigrazione-italiana-in-germania-entra-in-classe\/#breadcrumb","itemListElement":[{"@type":"ListItem","position":1,"name":"Home","item":"https:\/\/www.bellunopress.it\/"},{"@type":"ListItem","position":2,"name":"La storia dell\u2019emigrazione italiana in Germania entra in classe"}]},{"@type":"WebSite","@id":"https:\/\/www.bellunopress.it\/#website","url":"https:\/\/www.bellunopress.it\/","name":"Bellunopress - Dolomiti","description":"e-mail: redazione@bellunopress.it","publisher":{"@id":"https:\/\/www.bellunopress.it\/#organization"},"potentialAction":[{"@type":"SearchAction","target":{"@type":"EntryPoint","urlTemplate":"https:\/\/www.bellunopress.it\/?s={search_term_string}"},"query-input":{"@type":"PropertyValueSpecification","valueRequired":true,"valueName":"search_term_string"}}],"inLanguage":"fr-FR"},{"@type":"Organization","@id":"https:\/\/www.bellunopress.it\/#organization","name":"Bellunopress","url":"https:\/\/www.bellunopress.it\/","logo":{"@type":"ImageObject","inLanguage":"fr-FR","@id":"https:\/\/www.bellunopress.it\/#\/schema\/logo\/image\/","url":"https:\/\/www.bellunopress.it\/wp-content\/uploads\/2011\/05\/cropped-logo-bellunopress-.jpg","contentUrl":"https:\/\/www.bellunopress.it\/wp-content\/uploads\/2011\/05\/cropped-logo-bellunopress-.jpg","width":512,"height":512,"caption":"Bellunopress"},"image":{"@id":"https:\/\/www.bellunopress.it\/#\/schema\/logo\/image\/"},"sameAs":["https:\/\/www.facebook.com\/profile.php?id=100008943462799","https:\/\/x.com\/bellunopress","https:\/\/www.linkedin.com\/hp\/?dnr=JBzUWaJfMUw8vbXJJ2tVW5-I3jZKvC4wsoxE&amp;amp;amp;amp;amp;amp;trk=nav_responsive_tab_home","https:\/\/www.youtube.com\/channel\/UCxL0wu1uN0_3_7hGG0306cw"]},{"@type":"Person","@id":"https:\/\/www.bellunopress.it\/#\/schema\/person\/79bb06722b37ece1c03d3e94beb30d73","name":"r\u00e9daction","image":{"@type":"ImageObject","inLanguage":"fr-FR","@id":"https:\/\/secure.gravatar.com\/avatar\/37d968a2e67a6fd04c169c4bdef102d0bc5d31b2546345219e348575eb80e9a0?s=96&d=mm&r=g","url":"https:\/\/secure.gravatar.com\/avatar\/37d968a2e67a6fd04c169c4bdef102d0bc5d31b2546345219e348575eb80e9a0?s=96&d=mm&r=g","contentUrl":"https:\/\/secure.gravatar.com\/avatar\/37d968a2e67a6fd04c169c4bdef102d0bc5d31b2546345219e348575eb80e9a0?s=96&d=mm&r=g","caption":"redazione"},"sameAs":["http:\/\/www.bellunopress.it","https:\/\/x.com\/bellunopress"],"url":"https:\/\/www.bellunopress.it\/fr\/author\/redazione\/"}]}},"_links":{"self":[{"href":"https:\/\/www.bellunopress.it\/fr\/wp-json\/wp\/v2\/posts\/2981","targetHints":{"allow":["GET"]}}],"collection":[{"href":"https:\/\/www.bellunopress.it\/fr\/wp-json\/wp\/v2\/posts"}],"about":[{"href":"https:\/\/www.bellunopress.it\/fr\/wp-json\/wp\/v2\/types\/post"}],"author":[{"embeddable":true,"href":"https:\/\/www.bellunopress.it\/fr\/wp-json\/wp\/v2\/users\/2"}],"replies":[{"embeddable":true,"href":"https:\/\/www.bellunopress.it\/fr\/wp-json\/wp\/v2\/comments?post=2981"}],"version-history":[{"count":1,"href":"https:\/\/www.bellunopress.it\/fr\/wp-json\/wp\/v2\/posts\/2981\/revisions"}],"predecessor-version":[{"id":2983,"href":"https:\/\/www.bellunopress.it\/fr\/wp-json\/wp\/v2\/posts\/2981\/revisions\/2983"}],"wp:attachment":[{"href":"https:\/\/www.bellunopress.it\/fr\/wp-json\/wp\/v2\/media?parent=2981"}],"wp:term":[{"taxonomy":"category","embeddable":true,"href":"https:\/\/www.bellunopress.it\/fr\/wp-json\/wp\/v2\/categories?post=2981"},{"taxonomy":"post_tag","embeddable":true,"href":"https:\/\/www.bellunopress.it\/fr\/wp-json\/wp\/v2\/tags?post=2981"}],"curies":[{"name":"wp","href":"https:\/\/api.w.org\/{rel}","templated":true}]}}