{"id":2972,"date":"2009-04-22T23:55:09","date_gmt":"2009-04-22T22:55:09","guid":{"rendered":"http:\/\/www.bellunopress.it\/?p=2972"},"modified":"2009-04-22T23:55:09","modified_gmt":"2009-04-22T22:55:09","slug":"la-festa-della-liberazione-a-feltre-e-a-belluno","status":"publish","type":"post","link":"https:\/\/www.bellunopress.it\/fr\/2009\/04\/22\/la-festa-della-liberazione-a-feltre-e-a-belluno\/","title":{"rendered":"La Festa della Liberazione a Feltre e a Belluno"},"content":{"rendered":"<p><strong>A Feltre si terranno come di consueto nella mattinata del 25 aprile le celebrazioni per il 64\u00b0 anniversario della Festa della Liberazione,<\/strong> con qualche sostanziale novit\u00e0 rispetto al recente passato. Infatti, il programma elaborato per la ricorrenza dall&#8217;Amministrazione Comunale di Feltre nel corso di una riunione con le Associazioni Combattentistiche e d\u2019Arma prevede, per le 9.30 il ritrovo dei partecipanti (ai quali sar\u00e0 riservato uno spazio per parcheggiare in Via Campogiorgio onde salire in Cittadella con l\u2019ascensore) in Piazza Maggiore nella quale, alle ore 9.45, si terr\u00e0 l\u2019alzabandiera. Da qui, alle ore 10.00, partir\u00e0 il corteo che si snoder\u00e0 lungo Via Mezzaterra, Porta Imperiale, Via XXXI Ottobre, Via Tezze e Via C. Battisti, con accompagnamento della Banda \u201cCitt\u00e0 di Feltre\u201d, fino al Monumento ai Caduti, dove, dalle ore 10.30, si succederanno un momento di preghiera, la deposizione di una corona d\u2019alloro, l\u2019indirizzo di saluto del Sindaco, Sen. Gianvittore Vaccari, ed un\u2019allocuzione del Presidente dell\u2019ANPI, rag. Gianni Faronato.<br \/>\nAlle 11.00, a cura della sezione feltrina dell\u2019ANPI, nell\u2019Aula Magna dell\u2019Istituto Carenzoni, il prof. Giovanni Perenzin presenter\u00e0 il libro in corso di stampa \u201cStoria di Rico, un partigiano pavese nelle montagne del Veneto\u201d, autobiografia di Livio Longhi \u201cRico\u201d, che fu partigiano a Feltre e in provincia di Belluno.<br \/>\nAlle 17.30, in Piazza Trento e Trieste, la Banda \u201cCitt\u00e0 di Feltre\u201d, diretta dal Maestro Andrea Gasperin, terr\u00e0 un concerto che, in caso di maltempo, avr\u00e0 luogo nel loggiato palladiano del Palazzo Municipale.<\/p>\n<p><strong>25 aprile e 1\u00b0 maggio 2009: le Cerimonie per l&#8217;Anniversario della Liberazione a Belluno<\/strong><br \/>\nIl corteo del 25 aprile partir\u00e0 dalla Caserma Tasso<br \/>\nSi terr\u00e0 venerd\u00ec 24 aprile, alle 18, nella Sala Affreschi di Palazzo Piloni, in via S. Andrea (e non in Auditorium, come indicato nell&#8217;invito), il primo appuntamento del programma di celebrazioni organizzate per la ricorrenza del 64\u00b0 Anniversario della Liberazione.<br \/>\nLa tradizionale conferenza culturale proposta dall&#8217;ISBREC, che, assieme all\u2019Associazione Nazionale Partigiani d\u2019Italia, alla Federazione Italiana Volontari della Libert\u00e0, al Comitato Onoranze Caduti dell&#8217;Oltrardo e all&#8217;Associazione Nazionale Famiglie Caduti e Dispersi in Guerra, collabora alla programmazione del calendario di eventi, sar\u00e0 dedicata alla presentazione degli atti dell&#8217;importante convegno \u201cLa zona d&#8217;Operazioni delle Prealpi nella Seconda Guerra Mondiale\u201d.<br \/>\nSabato 25 aprile si entrer\u00e0 nel vivo delle Celebrazioni, con l&#8217;alzabandiera e la deposizione di una corona al Monumento alla Resistenza di Piazza dei Martiri.<br \/>\nQuest&#8217;anno il corteo partir\u00e0 dal cortile interno della Caserma Tasso, con ingresso in via Tissi. La caserma, rientrata da poco nella disponibilit\u00e0 del Comune, era all&#8217;epoca sede della gendarmeria tedesca e luogo di tortura: sar\u00e0, quindi, particolarmente significativo partire proprio da l\u00ec per dirigersi verso piazza dei Martiri. Il ritrovo nel cortile \u00e8 fissato per le 9.30.<br \/>\nToccher\u00e0, com&#8217;\u00e8 tradizione, alla banda cittadina aprire il corteo, dirigendosi verso piazza dei Martiri per l&#8217;alzabandiera e, successivamente, per la deposizione di una corona al Monumento alla Resistenza. Seguiranno l&#8217;intervento delle autorit\u00e0 civili cittadine e il saluto del Presidente dell&#8217;A.N.P.I.<br \/>\nAlle 10.30, all\u2019Auditorium Comunale, si terr\u00e0 la premiazione della tesi di laurea vincitrice della borsa di studio dell&#8217;ISBREC intitolata a &#8220;Aldo e Albina Praloran&#8221;.<br \/>\nA completare le Celebrazioni, venerd\u00ec 1\u00b0 maggio, ci saranno due importanti appuntamenti:<br \/>\n* alle 8.30, ci sar\u00e0 la deposizione di una corona d\u2019alloro presso la lapide di Piazzale Marconi, a ricordo dei caduti, in collaborazione con l\u2019Associazione Famiglie Caduti e Dispersi in Guerra, cui seguir\u00e0 la S. Messa nella Chiesetta dell&#8217;Istituto Sperti.<br \/>\n* A seguire, alle 9.30, in localit\u00e0 \u201cLa Rossa\u201d, ci sar\u00e0 la celebrazione della S. Messa nella locale chiesetta, la deposizione di una corona d\u2019alloro a ricordo dei Caduti dell\u2019Oltrardo, a nome del Comitato locale, con il saluto del Sindaco.<br \/>\nConcluder\u00e0 le celebrazioni un momento commemorativo presso le Scuole Elementari di Fiammoi, con l&#8217;intervento del professor Massimo Facchin, Reduce di Guerra, e con una recita a cura degli studenti della classe III della Scuola Media &#8220;I. Nievo&#8221; e della classe V elementare della Scuola di Fiammoi.<br \/>\nViabilit\u00e0<br \/>\nPer consentire il regolare svolgimento delle cerimonie, il 25 aprile si render\u00e0 necessario spostare le bancarelle del mercato dalla zona fronte ASVI al lato sud dei Giardini della stessa Piazza dei Martiri; il 1\u00b0 maggio, per la cerimonia di Piazzale Marconi, verr\u00e0 istituito il divieto di sosta nell&#8217;area di parcheggio situata in via Feltre, compresa tra la chiesetta dell&#8217;Istituto Sperti e piazzale Marconi, fino alla lapide dei Caduti, dalle ore 7.00<\/p>","protected":false},"excerpt":{"rendered":"<p>A Feltre si terranno come di consueto nella mattinata del 25 aprile le celebrazioni per il 64\u00b0 anniversario della Festa della Liberazione, con qualche sostanziale novit\u00e0 rispetto al recente passato. Infatti, il programma elaborato per la ricorrenza dall&#8217;Amministrazione Comunale di Feltre nel corso di una riunione con le Associazioni Combattentistiche e d\u2019Arma prevede, per le [&hellip;]<\/p>\n","protected":false},"author":2,"featured_media":0,"comment_status":"closed","ping_status":"open","sticky":false,"template":"","format":"standard","meta":{"footnotes":""},"categories":[5],"tags":[139,302],"class_list":["post-2972","post","type-post","status-publish","format-standard","category-cronaca","tag-belluno","tag-feltre"],"yoast_head":"<!-- This site is optimized with the Yoast SEO plugin v28.4 - https:\/\/yoast.com\/product\/yoast-seo-wordpress\/ -->\n<title>La Festa della Liberazione a Feltre e a Belluno - Bellunopress - Dolomiti<\/title>\n<meta name=\"robots\" content=\"index, follow, max-snippet:-1, max-image-preview:large, max-video-preview:-1\" \/>\n<link rel=\"canonical\" href=\"https:\/\/www.bellunopress.it\/fr\/2009\/04\/22\/la-festa-della-liberazione-a-feltre-e-a-belluno\/\" \/>\n<meta property=\"og:locale\" content=\"fr_FR\" \/>\n<meta property=\"og:type\" content=\"article\" \/>\n<meta property=\"og:title\" content=\"La Festa della Liberazione a Feltre e a Belluno - Bellunopress - Dolomiti\" \/>\n<meta property=\"og:description\" content=\"A Feltre si terranno come di consueto nella mattinata del 25 aprile le celebrazioni per il 64\u00b0 anniversario della Festa della Liberazione, con qualche sostanziale novit\u00e0 rispetto al recente passato. Infatti, il programma elaborato per la ricorrenza dall&#8217;Amministrazione Comunale di Feltre nel corso di una riunione con le Associazioni Combattentistiche e d\u2019Arma prevede, per le [&hellip;]\" \/>\n<meta property=\"og:url\" content=\"https:\/\/www.bellunopress.it\/fr\/2009\/04\/22\/la-festa-della-liberazione-a-feltre-e-a-belluno\/\" \/>\n<meta property=\"og:site_name\" content=\"Bellunopress - Dolomiti\" \/>\n<meta property=\"article:publisher\" content=\"https:\/\/www.facebook.com\/profile.php?id=100008943462799\" \/>\n<meta property=\"article:published_time\" content=\"2009-04-22T22:55:09+00:00\" \/>\n<meta property=\"og:image\" content=\"http:\/\/www.bellunopress.it\/wp-content\/uploads\/2012\/07\/logo-bellunopress-250x250-2012.jpg\" \/>\n<meta name=\"author\" content=\"redazione\" \/>\n<meta name=\"twitter:card\" content=\"summary_large_image\" \/>\n<meta name=\"twitter:creator\" content=\"@bellunopress\" \/>\n<meta name=\"twitter:site\" content=\"@bellunopress\" \/>\n<meta name=\"twitter:label1\" content=\"\u00c9crit par\" \/>\n\t<meta name=\"twitter:data1\" content=\"redazione\" \/>\n\t<meta name=\"twitter:label2\" content=\"Dur\u00e9e de lecture estim\u00e9e\" \/>\n\t<meta name=\"twitter:data2\" content=\"4 minutes\" \/>\n<script type=\"application\/ld+json\" class=\"yoast-schema-graph\">{\"@context\":\"https:\\\/\\\/schema.org\",\"@graph\":[{\"@type\":\"Article\",\"@id\":\"https:\\\/\\\/www.bellunopress.it\\\/2009\\\/04\\\/22\\\/la-festa-della-liberazione-a-feltre-e-a-belluno\\\/#article\",\"isPartOf\":{\"@id\":\"https:\\\/\\\/www.bellunopress.it\\\/2009\\\/04\\\/22\\\/la-festa-della-liberazione-a-feltre-e-a-belluno\\\/\"},\"author\":{\"name\":\"redazione\",\"@id\":\"https:\\\/\\\/www.bellunopress.it\\\/#\\\/schema\\\/person\\\/79bb06722b37ece1c03d3e94beb30d73\"},\"headline\":\"La Festa della Liberazione a Feltre e a Belluno\",\"datePublished\":\"2009-04-22T22:55:09+00:00\",\"mainEntityOfPage\":{\"@id\":\"https:\\\/\\\/www.bellunopress.it\\\/2009\\\/04\\\/22\\\/la-festa-della-liberazione-a-feltre-e-a-belluno\\\/\"},\"wordCount\":734,\"publisher\":{\"@id\":\"https:\\\/\\\/www.bellunopress.it\\\/#organization\"},\"keywords\":[\"Belluno\",\"Feltre\"],\"articleSection\":[\"Cronaca\\\/Politica\"],\"inLanguage\":\"fr-FR\"},{\"@type\":\"WebPage\",\"@id\":\"https:\\\/\\\/www.bellunopress.it\\\/2009\\\/04\\\/22\\\/la-festa-della-liberazione-a-feltre-e-a-belluno\\\/\",\"url\":\"https:\\\/\\\/www.bellunopress.it\\\/2009\\\/04\\\/22\\\/la-festa-della-liberazione-a-feltre-e-a-belluno\\\/\",\"name\":\"La Festa della Liberazione a Feltre e a Belluno - Bellunopress - Dolomiti\",\"isPartOf\":{\"@id\":\"https:\\\/\\\/www.bellunopress.it\\\/#website\"},\"datePublished\":\"2009-04-22T22:55:09+00:00\",\"breadcrumb\":{\"@id\":\"https:\\\/\\\/www.bellunopress.it\\\/2009\\\/04\\\/22\\\/la-festa-della-liberazione-a-feltre-e-a-belluno\\\/#breadcrumb\"},\"inLanguage\":\"fr-FR\",\"potentialAction\":[{\"@type\":\"ReadAction\",\"target\":[\"https:\\\/\\\/www.bellunopress.it\\\/2009\\\/04\\\/22\\\/la-festa-della-liberazione-a-feltre-e-a-belluno\\\/\"]}]},{\"@type\":\"BreadcrumbList\",\"@id\":\"https:\\\/\\\/www.bellunopress.it\\\/2009\\\/04\\\/22\\\/la-festa-della-liberazione-a-feltre-e-a-belluno\\\/#breadcrumb\",\"itemListElement\":[{\"@type\":\"ListItem\",\"position\":1,\"name\":\"Home\",\"item\":\"https:\\\/\\\/www.bellunopress.it\\\/\"},{\"@type\":\"ListItem\",\"position\":2,\"name\":\"La Festa della Liberazione a Feltre e a Belluno\"}]},{\"@type\":\"WebSite\",\"@id\":\"https:\\\/\\\/www.bellunopress.it\\\/#website\",\"url\":\"https:\\\/\\\/www.bellunopress.it\\\/\",\"name\":\"Bellunopress - Dolomiti\",\"description\":\"e-mail: redazione@bellunopress.it\",\"publisher\":{\"@id\":\"https:\\\/\\\/www.bellunopress.it\\\/#organization\"},\"potentialAction\":[{\"@type\":\"SearchAction\",\"target\":{\"@type\":\"EntryPoint\",\"urlTemplate\":\"https:\\\/\\\/www.bellunopress.it\\\/?s={search_term_string}\"},\"query-input\":{\"@type\":\"PropertyValueSpecification\",\"valueRequired\":true,\"valueName\":\"search_term_string\"}}],\"inLanguage\":\"fr-FR\"},{\"@type\":\"Organization\",\"@id\":\"https:\\\/\\\/www.bellunopress.it\\\/#organization\",\"name\":\"Bellunopress\",\"url\":\"https:\\\/\\\/www.bellunopress.it\\\/\",\"logo\":{\"@type\":\"ImageObject\",\"inLanguage\":\"fr-FR\",\"@id\":\"https:\\\/\\\/www.bellunopress.it\\\/#\\\/schema\\\/logo\\\/image\\\/\",\"url\":\"https:\\\/\\\/www.bellunopress.it\\\/wp-content\\\/uploads\\\/2011\\\/05\\\/cropped-logo-bellunopress-.jpg\",\"contentUrl\":\"https:\\\/\\\/www.bellunopress.it\\\/wp-content\\\/uploads\\\/2011\\\/05\\\/cropped-logo-bellunopress-.jpg\",\"width\":512,\"height\":512,\"caption\":\"Bellunopress\"},\"image\":{\"@id\":\"https:\\\/\\\/www.bellunopress.it\\\/#\\\/schema\\\/logo\\\/image\\\/\"},\"sameAs\":[\"https:\\\/\\\/www.facebook.com\\\/profile.php?id=100008943462799\",\"https:\\\/\\\/x.com\\\/bellunopress\",\"https:\\\/\\\/www.linkedin.com\\\/hp\\\/?dnr=JBzUWaJfMUw8vbXJJ2tVW5-I3jZKvC4wsoxE&amp;amp;amp;amp;amp;amp;trk=nav_responsive_tab_home\",\"https:\\\/\\\/www.youtube.com\\\/channel\\\/UCxL0wu1uN0_3_7hGG0306cw\"]},{\"@type\":\"Person\",\"@id\":\"https:\\\/\\\/www.bellunopress.it\\\/#\\\/schema\\\/person\\\/79bb06722b37ece1c03d3e94beb30d73\",\"name\":\"redazione\",\"image\":{\"@type\":\"ImageObject\",\"inLanguage\":\"fr-FR\",\"@id\":\"https:\\\/\\\/secure.gravatar.com\\\/avatar\\\/37d968a2e67a6fd04c169c4bdef102d0bc5d31b2546345219e348575eb80e9a0?s=96&d=mm&r=g\",\"url\":\"https:\\\/\\\/secure.gravatar.com\\\/avatar\\\/37d968a2e67a6fd04c169c4bdef102d0bc5d31b2546345219e348575eb80e9a0?s=96&d=mm&r=g\",\"contentUrl\":\"https:\\\/\\\/secure.gravatar.com\\\/avatar\\\/37d968a2e67a6fd04c169c4bdef102d0bc5d31b2546345219e348575eb80e9a0?s=96&d=mm&r=g\",\"caption\":\"redazione\"},\"sameAs\":[\"http:\\\/\\\/www.bellunopress.it\",\"https:\\\/\\\/x.com\\\/bellunopress\"],\"url\":\"https:\\\/\\\/www.bellunopress.it\\\/fr\\\/author\\\/redazione\\\/\"}]}<\/script>\n<!-- \/ Yoast SEO plugin. -->","yoast_head_json":{"title":"La Festa della Liberazione a Feltre e a Belluno - Bellunopress - Dolomiti","robots":{"index":"index","follow":"follow","max-snippet":"max-snippet:-1","max-image-preview":"max-image-preview:large","max-video-preview":"max-video-preview:-1"},"canonical":"https:\/\/www.bellunopress.it\/fr\/2009\/04\/22\/la-festa-della-liberazione-a-feltre-e-a-belluno\/","og_locale":"fr_FR","og_type":"article","og_title":"La Festa della Liberazione a Feltre e a Belluno - Bellunopress - Dolomiti","og_description":"A Feltre si terranno come di consueto nella mattinata del 25 aprile le celebrazioni per il 64\u00b0 anniversario della Festa della Liberazione, con qualche sostanziale novit\u00e0 rispetto al recente passato. Infatti, il programma elaborato per la ricorrenza dall&#8217;Amministrazione Comunale di Feltre nel corso di una riunione con le Associazioni Combattentistiche e d\u2019Arma prevede, per le [&hellip;]","og_url":"https:\/\/www.bellunopress.it\/fr\/2009\/04\/22\/la-festa-della-liberazione-a-feltre-e-a-belluno\/","og_site_name":"Bellunopress - Dolomiti","article_publisher":"https:\/\/www.facebook.com\/profile.php?id=100008943462799","article_published_time":"2009-04-22T22:55:09+00:00","og_image":[{"url":"http:\/\/www.bellunopress.it\/wp-content\/uploads\/2012\/07\/logo-bellunopress-250x250-2012.jpg","type":"","width":"","height":""}],"author":"redazione","twitter_card":"summary_large_image","twitter_creator":"@bellunopress","twitter_site":"@bellunopress","twitter_misc":{"\u00c9crit par":"redazione","Dur\u00e9e de lecture estim\u00e9e":"4 minutes"},"schema":{"@context":"https:\/\/schema.org","@graph":[{"@type":"Article","@id":"https:\/\/www.bellunopress.it\/2009\/04\/22\/la-festa-della-liberazione-a-feltre-e-a-belluno\/#article","isPartOf":{"@id":"https:\/\/www.bellunopress.it\/2009\/04\/22\/la-festa-della-liberazione-a-feltre-e-a-belluno\/"},"author":{"name":"redazione","@id":"https:\/\/www.bellunopress.it\/#\/schema\/person\/79bb06722b37ece1c03d3e94beb30d73"},"headline":"La Festa della Liberazione a Feltre e a Belluno","datePublished":"2009-04-22T22:55:09+00:00","mainEntityOfPage":{"@id":"https:\/\/www.bellunopress.it\/2009\/04\/22\/la-festa-della-liberazione-a-feltre-e-a-belluno\/"},"wordCount":734,"publisher":{"@id":"https:\/\/www.bellunopress.it\/#organization"},"keywords":["Belluno","Feltre"],"articleSection":["Cronaca\/Politica"],"inLanguage":"fr-FR"},{"@type":"WebPage","@id":"https:\/\/www.bellunopress.it\/2009\/04\/22\/la-festa-della-liberazione-a-feltre-e-a-belluno\/","url":"https:\/\/www.bellunopress.it\/2009\/04\/22\/la-festa-della-liberazione-a-feltre-e-a-belluno\/","name":"La Festa della Liberazione a Feltre e a Belluno - Bellunopress - Dolomiti","isPartOf":{"@id":"https:\/\/www.bellunopress.it\/#website"},"datePublished":"2009-04-22T22:55:09+00:00","breadcrumb":{"@id":"https:\/\/www.bellunopress.it\/2009\/04\/22\/la-festa-della-liberazione-a-feltre-e-a-belluno\/#breadcrumb"},"inLanguage":"fr-FR","potentialAction":[{"@type":"ReadAction","target":["https:\/\/www.bellunopress.it\/2009\/04\/22\/la-festa-della-liberazione-a-feltre-e-a-belluno\/"]}]},{"@type":"BreadcrumbList","@id":"https:\/\/www.bellunopress.it\/2009\/04\/22\/la-festa-della-liberazione-a-feltre-e-a-belluno\/#breadcrumb","itemListElement":[{"@type":"ListItem","position":1,"name":"Home","item":"https:\/\/www.bellunopress.it\/"},{"@type":"ListItem","position":2,"name":"La Festa della Liberazione a Feltre e a Belluno"}]},{"@type":"WebSite","@id":"https:\/\/www.bellunopress.it\/#website","url":"https:\/\/www.bellunopress.it\/","name":"Bellunopress - Dolomiti","description":"e-mail: redazione@bellunopress.it","publisher":{"@id":"https:\/\/www.bellunopress.it\/#organization"},"potentialAction":[{"@type":"SearchAction","target":{"@type":"EntryPoint","urlTemplate":"https:\/\/www.bellunopress.it\/?s={search_term_string}"},"query-input":{"@type":"PropertyValueSpecification","valueRequired":true,"valueName":"search_term_string"}}],"inLanguage":"fr-FR"},{"@type":"Organization","@id":"https:\/\/www.bellunopress.it\/#organization","name":"Bellunopress","url":"https:\/\/www.bellunopress.it\/","logo":{"@type":"ImageObject","inLanguage":"fr-FR","@id":"https:\/\/www.bellunopress.it\/#\/schema\/logo\/image\/","url":"https:\/\/www.bellunopress.it\/wp-content\/uploads\/2011\/05\/cropped-logo-bellunopress-.jpg","contentUrl":"https:\/\/www.bellunopress.it\/wp-content\/uploads\/2011\/05\/cropped-logo-bellunopress-.jpg","width":512,"height":512,"caption":"Bellunopress"},"image":{"@id":"https:\/\/www.bellunopress.it\/#\/schema\/logo\/image\/"},"sameAs":["https:\/\/www.facebook.com\/profile.php?id=100008943462799","https:\/\/x.com\/bellunopress","https:\/\/www.linkedin.com\/hp\/?dnr=JBzUWaJfMUw8vbXJJ2tVW5-I3jZKvC4wsoxE&amp;amp;amp;amp;amp;amp;trk=nav_responsive_tab_home","https:\/\/www.youtube.com\/channel\/UCxL0wu1uN0_3_7hGG0306cw"]},{"@type":"Person","@id":"https:\/\/www.bellunopress.it\/#\/schema\/person\/79bb06722b37ece1c03d3e94beb30d73","name":"r\u00e9daction","image":{"@type":"ImageObject","inLanguage":"fr-FR","@id":"https:\/\/secure.gravatar.com\/avatar\/37d968a2e67a6fd04c169c4bdef102d0bc5d31b2546345219e348575eb80e9a0?s=96&d=mm&r=g","url":"https:\/\/secure.gravatar.com\/avatar\/37d968a2e67a6fd04c169c4bdef102d0bc5d31b2546345219e348575eb80e9a0?s=96&d=mm&r=g","contentUrl":"https:\/\/secure.gravatar.com\/avatar\/37d968a2e67a6fd04c169c4bdef102d0bc5d31b2546345219e348575eb80e9a0?s=96&d=mm&r=g","caption":"redazione"},"sameAs":["http:\/\/www.bellunopress.it","https:\/\/x.com\/bellunopress"],"url":"https:\/\/www.bellunopress.it\/fr\/author\/redazione\/"}]}},"_links":{"self":[{"href":"https:\/\/www.bellunopress.it\/fr\/wp-json\/wp\/v2\/posts\/2972","targetHints":{"allow":["GET"]}}],"collection":[{"href":"https:\/\/www.bellunopress.it\/fr\/wp-json\/wp\/v2\/posts"}],"about":[{"href":"https:\/\/www.bellunopress.it\/fr\/wp-json\/wp\/v2\/types\/post"}],"author":[{"embeddable":true,"href":"https:\/\/www.bellunopress.it\/fr\/wp-json\/wp\/v2\/users\/2"}],"replies":[{"embeddable":true,"href":"https:\/\/www.bellunopress.it\/fr\/wp-json\/wp\/v2\/comments?post=2972"}],"version-history":[{"count":1,"href":"https:\/\/www.bellunopress.it\/fr\/wp-json\/wp\/v2\/posts\/2972\/revisions"}],"predecessor-version":[{"id":2974,"href":"https:\/\/www.bellunopress.it\/fr\/wp-json\/wp\/v2\/posts\/2972\/revisions\/2974"}],"wp:attachment":[{"href":"https:\/\/www.bellunopress.it\/fr\/wp-json\/wp\/v2\/media?parent=2972"}],"wp:term":[{"taxonomy":"category","embeddable":true,"href":"https:\/\/www.bellunopress.it\/fr\/wp-json\/wp\/v2\/categories?post=2972"},{"taxonomy":"post_tag","embeddable":true,"href":"https:\/\/www.bellunopress.it\/fr\/wp-json\/wp\/v2\/tags?post=2972"}],"curies":[{"name":"wp","href":"https:\/\/api.w.org\/{rel}","templated":true}]}}