{"id":29653,"date":"2011-08-16T05:30:37","date_gmt":"2011-08-16T04:30:37","guid":{"rendered":"http:\/\/www.bellunopress.it\/?p=29653"},"modified":"2011-08-16T05:30:37","modified_gmt":"2011-08-16T04:30:37","slug":"un-corso-per-imparare-a-parlare-in-pubblico-con-lattore-e-regista-loris-tormen","status":"publish","type":"post","link":"https:\/\/www.bellunopress.it\/fr\/2011\/08\/16\/un-corso-per-imparare-a-parlare-in-pubblico-con-lattore-e-regista-loris-tormen\/","title":{"rendered":"Un corso per imparare a parlare in pubblico, con l&#8217;attore e regista Loris Tormen"},"content":{"rendered":"<p><a href=\"http:\/\/www.bellunopress.it\/wp-content\/uploads\/2009\/03\/loris-tormen-leggera.jpg\"><img loading=\"lazy\" decoding=\"async\" class=\"alignleft size-full wp-image-1779\" title=\"loris-tormen-leggera\" src=\"http:\/\/www.bellunopress.it\/wp-content\/uploads\/2009\/03\/loris-tormen-leggera.jpg\" alt=\"\" width=\"180\" height=\"188\" \/><\/a>Quando leggi a voce alta\u00a0tutti\u00a0sbadigliano? L&#8217;idea di parlare in pubblico ti blocca? Allora questo\u00a0corso \u00e8 per te:<br \/>\n&#8220;L&#8217;uso della voce&#8221;, leggere e parlare in pubblico, con\u00a0 Loris Tormen, attore, esperto di lettura espressiva.<br \/>\nIl corso \u00e8 rivolto a tutte le persone che per lavoro o per passione parlano e\/o leggono in pubblico e si propone, attraverso la pratica di alcune tecniche, di aiutare ciascuno ad una conoscenza pi\u00f9 profonda della propria voce per poterla rendere gradevole, convincente ed interessante ai propri ascoltatori.<\/p>\n<p>PROGRAMMA<br \/>\nCome gestire l\u2019emozione<br \/>\nCome la presenza degli altri condiziona corpo e mente<br \/>\nEsercizi di respirazione, uso del diaframma e di coordinazione motoria<br \/>\nCorpo coscienza come pratica per un uso consapevole della voce<br \/>\nElementi di dizione e fonetica<br \/>\nIl rapporto corpo-voce<br \/>\nConsapevolezza della propria voce nello spazio<br \/>\nLa parola e i suoi colori<br \/>\nEsercizi di educazione all\u2019ascolto<br \/>\nLettura collettiva,\u00a0 analisi ed interpretazione vocale di un testo (prosa e o poesia)<\/p>\n<p>DOVE E QUANDO:<br \/>\nAl Rifugio Col di Roanza (Belluno), 6 incontri dalle 20.00 alle 22.30 (15,22,29 settembre e 6,13,20 ottobre)<\/p>\n<p>INFORMAZIONI ED ISCRIZIONI:<br \/>\nAnna Frezza-Rifugio Col di Roanza: 0437930778 &#8211; cell 3880461433<br \/>\n<a href=\"mailto:frezzaanna@virgilio.it\">frezzaanna@virgilio.it<\/a><br \/>\nLoris Tormen: 043732595\u2014cell. 3281820754 <a href=\"mailto:loris.tormen@libero.it\">loris.tormen@libero.it<\/a><\/p>\n<p>LORIS TORMEN esordisce come attore nel 1982 con la regista Paola Polesso. Successivamente entra a far parte della compagnia &#8220;Bretelle lasche&#8221; interpretando diversi ruoli nella messa in scena di opere di Fo,\u00a0 Shakespeare, Campana e\u00a0 Buchner\u00a0 dirette, tra gli altri, da Eugenio Allegri e Beppe Di Mauro.<br \/>\nFirma la sua prima regia nel 1987 con la messa in scena di &#8220;Male di luna&#8221; di Luigi Pirandello.\u00a0 Negli anni seguenti dirige &#8220;l&#8217;Anniversario e l&#8217;Orso&#8221; di A. Cecov.<br \/>\nNel 1994, dopo uno stage con l&#8217;attore Marco Baliani nell&#8217;ambito della manifestazione VOLTERRA-TEATRO, guida un gruppo di detenuti del carcere di Baldenich (BL) nella messa in scena, all&#8217;interno dell&#8217;istituto penitenziario, di\u00a0 &#8220;Cristoforo Colombo: viaggio in America e ritorno&#8221;.<br \/>\nE&#8217; di scena ancora come attore nel 1996 assieme al sax soprano di Luciano Caruso in una trasposizione teatrale delle poesie di Boris Vian.<br \/>\nFrequenta la 4. e 6. sessione dell&#8217;Universit\u00e0 del Teatro Euroasiano sul tema dell&#8217;antropologia teatrale con il regista Eugenio Barba.<br \/>\nCon la trasposizione teatrale de &#8220;La trib\u00f9 con gli occhi al cielo&#8221; di Italo Calvino, vince, con gli allievi del Liceo scientifico &#8220;Galilei&#8221; di Belluno, il primo premio nell&#8217;ambito di una\u00a0 rassegna regionale di teatro per la scuola (Concordia Sagittaria, giugno 1998).<br \/>\nDal 1991 Loris Tormen tiene corsi di lettura espressiva e tecnica teatrale rivolti a tutte le persone che per lavoro o per passione leggono e parlano in pubblico oltrech\u00e8 ad insegnanti ed allievi di scuole\u00a0 medie e superiori; presso l\u2019universit\u00e0 Ca\u2019 Foscari di Venezia; per biblioteche e gruppi teatrali. In particolare affrontando il tema della lettura con persone disagiate: nelle carceri, con i tossicodipendenti e pazienti psichiatrici<br \/>\nIn occasione delle sue numerose collaborazioni con associazioni culturali e biblioteche porta in scena letture-teatrali di diversi autori tra i quali negli ultimi anni Dino Buzzati, George Amado, Jos\u00e8 Saramago, George Orwell, Beppe Sebaste, Vitaliano Trevisan, Gianatonio Stella.<br \/>\nCon la lettura de \u201cUn mondo meraviglioso\u201d di Vitaliano Trevisan vince il\u00a0 1. premio al festival Nazionale Narrazioni\u00a0 2009 \u201cLibera i libri\u201d di Poggibonsi (SI).<br \/>\nE\u2019 del 2010 la\u00a0 sua ultima produzione dal titolo \u201cCarmine Pasci\u00e0 che nacque buttero e mor\u00ec beduino\u201d tratto dal racconto di Gianantonio Stella.<\/p>","protected":false},"excerpt":{"rendered":"<p>Quando leggi a voce alta\u00a0tutti\u00a0sbadigliano? L&#8217;idea di parlare in pubblico ti blocca? Allora questo\u00a0corso \u00e8 per te: &#8220;L&#8217;uso della voce&#8221;, leggere e parlare in pubblico, con\u00a0 Loris Tormen, attore, esperto di lettura espressiva. Il corso \u00e8 rivolto a tutte le persone che per lavoro o per passione parlano e\/o leggono in pubblico e si propone, [&hellip;]<\/p>\n","protected":false},"author":2,"featured_media":0,"comment_status":"closed","ping_status":"open","sticky":false,"template":"","format":"standard","meta":{"footnotes":""},"categories":[3,25],"tags":[],"class_list":["post-29653","post","type-post","status-publish","format-standard","category-arte-cultura-spettacoli-scienza-archivi","category-pausa-caffe"],"yoast_head":"<!-- This site is optimized with the Yoast SEO plugin v28.4 - https:\/\/yoast.com\/product\/yoast-seo-wordpress\/ -->\n<title>Un corso per imparare a parlare in pubblico, con l&#039;attore e regista Loris Tormen - Bellunopress - Dolomiti<\/title>\n<meta name=\"robots\" content=\"index, follow, max-snippet:-1, max-image-preview:large, max-video-preview:-1\" \/>\n<link rel=\"canonical\" href=\"https:\/\/www.bellunopress.it\/fr\/2011\/08\/16\/un-corso-per-imparare-a-parlare-in-pubblico-con-lattore-e-regista-loris-tormen\/\" \/>\n<meta property=\"og:locale\" content=\"fr_FR\" \/>\n<meta property=\"og:type\" content=\"article\" \/>\n<meta property=\"og:title\" content=\"Un corso per imparare a parlare in pubblico, con l&#039;attore e regista Loris Tormen - Bellunopress - Dolomiti\" \/>\n<meta property=\"og:description\" content=\"Quando leggi a voce alta\u00a0tutti\u00a0sbadigliano? L&#8217;idea di parlare in pubblico ti blocca? Allora questo\u00a0corso \u00e8 per te: &#8220;L&#8217;uso della voce&#8221;, leggere e parlare in pubblico, con\u00a0 Loris Tormen, attore, esperto di lettura espressiva. Il corso \u00e8 rivolto a tutte le persone che per lavoro o per passione parlano e\/o leggono in pubblico e si propone, [&hellip;]\" \/>\n<meta property=\"og:url\" content=\"https:\/\/www.bellunopress.it\/fr\/2011\/08\/16\/un-corso-per-imparare-a-parlare-in-pubblico-con-lattore-e-regista-loris-tormen\/\" \/>\n<meta property=\"og:site_name\" content=\"Bellunopress - Dolomiti\" \/>\n<meta property=\"article:publisher\" content=\"https:\/\/www.facebook.com\/profile.php?id=100008943462799\" \/>\n<meta property=\"article:published_time\" content=\"2011-08-16T04:30:37+00:00\" \/>\n<meta property=\"og:image\" content=\"http:\/\/www.bellunopress.it\/wp-content\/uploads\/2009\/03\/loris-tormen-leggera.jpg\" \/>\n<meta name=\"author\" content=\"redazione\" \/>\n<meta name=\"twitter:card\" content=\"summary_large_image\" \/>\n<meta name=\"twitter:creator\" content=\"@bellunopress\" \/>\n<meta name=\"twitter:site\" content=\"@bellunopress\" \/>\n<meta name=\"twitter:label1\" content=\"\u00c9crit par\" \/>\n\t<meta name=\"twitter:data1\" content=\"redazione\" \/>\n\t<meta name=\"twitter:label2\" content=\"Dur\u00e9e de lecture estim\u00e9e\" \/>\n\t<meta name=\"twitter:data2\" content=\"3 minutes\" \/>\n<script type=\"application\/ld+json\" class=\"yoast-schema-graph\">{\"@context\":\"https:\\\/\\\/schema.org\",\"@graph\":[{\"@type\":\"Article\",\"@id\":\"https:\\\/\\\/www.bellunopress.it\\\/2011\\\/08\\\/16\\\/un-corso-per-imparare-a-parlare-in-pubblico-con-lattore-e-regista-loris-tormen\\\/#article\",\"isPartOf\":{\"@id\":\"https:\\\/\\\/www.bellunopress.it\\\/2011\\\/08\\\/16\\\/un-corso-per-imparare-a-parlare-in-pubblico-con-lattore-e-regista-loris-tormen\\\/\"},\"author\":{\"name\":\"redazione\",\"@id\":\"https:\\\/\\\/www.bellunopress.it\\\/#\\\/schema\\\/person\\\/79bb06722b37ece1c03d3e94beb30d73\"},\"headline\":\"Un corso per imparare a parlare in pubblico, con l&#8217;attore e regista Loris Tormen\",\"datePublished\":\"2011-08-16T04:30:37+00:00\",\"mainEntityOfPage\":{\"@id\":\"https:\\\/\\\/www.bellunopress.it\\\/2011\\\/08\\\/16\\\/un-corso-per-imparare-a-parlare-in-pubblico-con-lattore-e-regista-loris-tormen\\\/\"},\"wordCount\":559,\"publisher\":{\"@id\":\"https:\\\/\\\/www.bellunopress.it\\\/#organization\"},\"image\":{\"@id\":\"https:\\\/\\\/www.bellunopress.it\\\/2011\\\/08\\\/16\\\/un-corso-per-imparare-a-parlare-in-pubblico-con-lattore-e-regista-loris-tormen\\\/#primaryimage\"},\"thumbnailUrl\":\"http:\\\/\\\/www.bellunopress.it\\\/wp-content\\\/uploads\\\/2009\\\/03\\\/loris-tormen-leggera.jpg\",\"articleSection\":[\"Arte, Cultura, Spettacoli, Scienza\",\"Pausa Caff\u00e8\"],\"inLanguage\":\"fr-FR\"},{\"@type\":\"WebPage\",\"@id\":\"https:\\\/\\\/www.bellunopress.it\\\/2011\\\/08\\\/16\\\/un-corso-per-imparare-a-parlare-in-pubblico-con-lattore-e-regista-loris-tormen\\\/\",\"url\":\"https:\\\/\\\/www.bellunopress.it\\\/2011\\\/08\\\/16\\\/un-corso-per-imparare-a-parlare-in-pubblico-con-lattore-e-regista-loris-tormen\\\/\",\"name\":\"Un corso per imparare a parlare in pubblico, con l'attore e regista Loris Tormen - Bellunopress - Dolomiti\",\"isPartOf\":{\"@id\":\"https:\\\/\\\/www.bellunopress.it\\\/#website\"},\"primaryImageOfPage\":{\"@id\":\"https:\\\/\\\/www.bellunopress.it\\\/2011\\\/08\\\/16\\\/un-corso-per-imparare-a-parlare-in-pubblico-con-lattore-e-regista-loris-tormen\\\/#primaryimage\"},\"image\":{\"@id\":\"https:\\\/\\\/www.bellunopress.it\\\/2011\\\/08\\\/16\\\/un-corso-per-imparare-a-parlare-in-pubblico-con-lattore-e-regista-loris-tormen\\\/#primaryimage\"},\"thumbnailUrl\":\"http:\\\/\\\/www.bellunopress.it\\\/wp-content\\\/uploads\\\/2009\\\/03\\\/loris-tormen-leggera.jpg\",\"datePublished\":\"2011-08-16T04:30:37+00:00\",\"breadcrumb\":{\"@id\":\"https:\\\/\\\/www.bellunopress.it\\\/2011\\\/08\\\/16\\\/un-corso-per-imparare-a-parlare-in-pubblico-con-lattore-e-regista-loris-tormen\\\/#breadcrumb\"},\"inLanguage\":\"fr-FR\",\"potentialAction\":[{\"@type\":\"ReadAction\",\"target\":[\"https:\\\/\\\/www.bellunopress.it\\\/2011\\\/08\\\/16\\\/un-corso-per-imparare-a-parlare-in-pubblico-con-lattore-e-regista-loris-tormen\\\/\"]}]},{\"@type\":\"ImageObject\",\"inLanguage\":\"fr-FR\",\"@id\":\"https:\\\/\\\/www.bellunopress.it\\\/2011\\\/08\\\/16\\\/un-corso-per-imparare-a-parlare-in-pubblico-con-lattore-e-regista-loris-tormen\\\/#primaryimage\",\"url\":\"http:\\\/\\\/www.bellunopress.it\\\/wp-content\\\/uploads\\\/2009\\\/03\\\/loris-tormen-leggera.jpg\",\"contentUrl\":\"http:\\\/\\\/www.bellunopress.it\\\/wp-content\\\/uploads\\\/2009\\\/03\\\/loris-tormen-leggera.jpg\"},{\"@type\":\"BreadcrumbList\",\"@id\":\"https:\\\/\\\/www.bellunopress.it\\\/2011\\\/08\\\/16\\\/un-corso-per-imparare-a-parlare-in-pubblico-con-lattore-e-regista-loris-tormen\\\/#breadcrumb\",\"itemListElement\":[{\"@type\":\"ListItem\",\"position\":1,\"name\":\"Home\",\"item\":\"https:\\\/\\\/www.bellunopress.it\\\/\"},{\"@type\":\"ListItem\",\"position\":2,\"name\":\"Un corso per imparare a parlare in pubblico, con l&#8217;attore e regista Loris Tormen\"}]},{\"@type\":\"WebSite\",\"@id\":\"https:\\\/\\\/www.bellunopress.it\\\/#website\",\"url\":\"https:\\\/\\\/www.bellunopress.it\\\/\",\"name\":\"Bellunopress - Dolomiti\",\"description\":\"e-mail: redazione@bellunopress.it\",\"publisher\":{\"@id\":\"https:\\\/\\\/www.bellunopress.it\\\/#organization\"},\"potentialAction\":[{\"@type\":\"SearchAction\",\"target\":{\"@type\":\"EntryPoint\",\"urlTemplate\":\"https:\\\/\\\/www.bellunopress.it\\\/?s={search_term_string}\"},\"query-input\":{\"@type\":\"PropertyValueSpecification\",\"valueRequired\":true,\"valueName\":\"search_term_string\"}}],\"inLanguage\":\"fr-FR\"},{\"@type\":\"Organization\",\"@id\":\"https:\\\/\\\/www.bellunopress.it\\\/#organization\",\"name\":\"Bellunopress\",\"url\":\"https:\\\/\\\/www.bellunopress.it\\\/\",\"logo\":{\"@type\":\"ImageObject\",\"inLanguage\":\"fr-FR\",\"@id\":\"https:\\\/\\\/www.bellunopress.it\\\/#\\\/schema\\\/logo\\\/image\\\/\",\"url\":\"https:\\\/\\\/www.bellunopress.it\\\/wp-content\\\/uploads\\\/2011\\\/05\\\/cropped-logo-bellunopress-.jpg\",\"contentUrl\":\"https:\\\/\\\/www.bellunopress.it\\\/wp-content\\\/uploads\\\/2011\\\/05\\\/cropped-logo-bellunopress-.jpg\",\"width\":512,\"height\":512,\"caption\":\"Bellunopress\"},\"image\":{\"@id\":\"https:\\\/\\\/www.bellunopress.it\\\/#\\\/schema\\\/logo\\\/image\\\/\"},\"sameAs\":[\"https:\\\/\\\/www.facebook.com\\\/profile.php?id=100008943462799\",\"https:\\\/\\\/x.com\\\/bellunopress\",\"https:\\\/\\\/www.linkedin.com\\\/hp\\\/?dnr=JBzUWaJfMUw8vbXJJ2tVW5-I3jZKvC4wsoxE&amp;amp;amp;amp;amp;amp;trk=nav_responsive_tab_home\",\"https:\\\/\\\/www.youtube.com\\\/channel\\\/UCxL0wu1uN0_3_7hGG0306cw\"]},{\"@type\":\"Person\",\"@id\":\"https:\\\/\\\/www.bellunopress.it\\\/#\\\/schema\\\/person\\\/79bb06722b37ece1c03d3e94beb30d73\",\"name\":\"redazione\",\"image\":{\"@type\":\"ImageObject\",\"inLanguage\":\"fr-FR\",\"@id\":\"https:\\\/\\\/secure.gravatar.com\\\/avatar\\\/37d968a2e67a6fd04c169c4bdef102d0bc5d31b2546345219e348575eb80e9a0?s=96&d=mm&r=g\",\"url\":\"https:\\\/\\\/secure.gravatar.com\\\/avatar\\\/37d968a2e67a6fd04c169c4bdef102d0bc5d31b2546345219e348575eb80e9a0?s=96&d=mm&r=g\",\"contentUrl\":\"https:\\\/\\\/secure.gravatar.com\\\/avatar\\\/37d968a2e67a6fd04c169c4bdef102d0bc5d31b2546345219e348575eb80e9a0?s=96&d=mm&r=g\",\"caption\":\"redazione\"},\"sameAs\":[\"http:\\\/\\\/www.bellunopress.it\",\"https:\\\/\\\/x.com\\\/bellunopress\"],\"url\":\"https:\\\/\\\/www.bellunopress.it\\\/fr\\\/author\\\/redazione\\\/\"}]}<\/script>\n<!-- \/ Yoast SEO plugin. -->","yoast_head_json":{"title":"Un corso per imparare a parlare in pubblico, con l'attore e regista Loris Tormen - Bellunopress - Dolomiti","robots":{"index":"index","follow":"follow","max-snippet":"max-snippet:-1","max-image-preview":"max-image-preview:large","max-video-preview":"max-video-preview:-1"},"canonical":"https:\/\/www.bellunopress.it\/fr\/2011\/08\/16\/un-corso-per-imparare-a-parlare-in-pubblico-con-lattore-e-regista-loris-tormen\/","og_locale":"fr_FR","og_type":"article","og_title":"Un corso per imparare a parlare in pubblico, con l'attore e regista Loris Tormen - Bellunopress - Dolomiti","og_description":"Quando leggi a voce alta\u00a0tutti\u00a0sbadigliano? L&#8217;idea di parlare in pubblico ti blocca? Allora questo\u00a0corso \u00e8 per te: &#8220;L&#8217;uso della voce&#8221;, leggere e parlare in pubblico, con\u00a0 Loris Tormen, attore, esperto di lettura espressiva. Il corso \u00e8 rivolto a tutte le persone che per lavoro o per passione parlano e\/o leggono in pubblico e si propone, [&hellip;]","og_url":"https:\/\/www.bellunopress.it\/fr\/2011\/08\/16\/un-corso-per-imparare-a-parlare-in-pubblico-con-lattore-e-regista-loris-tormen\/","og_site_name":"Bellunopress - Dolomiti","article_publisher":"https:\/\/www.facebook.com\/profile.php?id=100008943462799","article_published_time":"2011-08-16T04:30:37+00:00","og_image":[{"url":"http:\/\/www.bellunopress.it\/wp-content\/uploads\/2009\/03\/loris-tormen-leggera.jpg","type":"","width":"","height":""}],"author":"redazione","twitter_card":"summary_large_image","twitter_creator":"@bellunopress","twitter_site":"@bellunopress","twitter_misc":{"\u00c9crit par":"redazione","Dur\u00e9e de lecture estim\u00e9e":"3 minutes"},"schema":{"@context":"https:\/\/schema.org","@graph":[{"@type":"Article","@id":"https:\/\/www.bellunopress.it\/2011\/08\/16\/un-corso-per-imparare-a-parlare-in-pubblico-con-lattore-e-regista-loris-tormen\/#article","isPartOf":{"@id":"https:\/\/www.bellunopress.it\/2011\/08\/16\/un-corso-per-imparare-a-parlare-in-pubblico-con-lattore-e-regista-loris-tormen\/"},"author":{"name":"redazione","@id":"https:\/\/www.bellunopress.it\/#\/schema\/person\/79bb06722b37ece1c03d3e94beb30d73"},"headline":"Un corso per imparare a parlare in pubblico, con l&#8217;attore e regista Loris Tormen","datePublished":"2011-08-16T04:30:37+00:00","mainEntityOfPage":{"@id":"https:\/\/www.bellunopress.it\/2011\/08\/16\/un-corso-per-imparare-a-parlare-in-pubblico-con-lattore-e-regista-loris-tormen\/"},"wordCount":559,"publisher":{"@id":"https:\/\/www.bellunopress.it\/#organization"},"image":{"@id":"https:\/\/www.bellunopress.it\/2011\/08\/16\/un-corso-per-imparare-a-parlare-in-pubblico-con-lattore-e-regista-loris-tormen\/#primaryimage"},"thumbnailUrl":"http:\/\/www.bellunopress.it\/wp-content\/uploads\/2009\/03\/loris-tormen-leggera.jpg","articleSection":["Arte, Cultura, Spettacoli, Scienza","Pausa Caff\u00e8"],"inLanguage":"fr-FR"},{"@type":"WebPage","@id":"https:\/\/www.bellunopress.it\/2011\/08\/16\/un-corso-per-imparare-a-parlare-in-pubblico-con-lattore-e-regista-loris-tormen\/","url":"https:\/\/www.bellunopress.it\/2011\/08\/16\/un-corso-per-imparare-a-parlare-in-pubblico-con-lattore-e-regista-loris-tormen\/","name":"Un corso per imparare a parlare in pubblico, con l'attore e regista Loris Tormen - Bellunopress - Dolomiti","isPartOf":{"@id":"https:\/\/www.bellunopress.it\/#website"},"primaryImageOfPage":{"@id":"https:\/\/www.bellunopress.it\/2011\/08\/16\/un-corso-per-imparare-a-parlare-in-pubblico-con-lattore-e-regista-loris-tormen\/#primaryimage"},"image":{"@id":"https:\/\/www.bellunopress.it\/2011\/08\/16\/un-corso-per-imparare-a-parlare-in-pubblico-con-lattore-e-regista-loris-tormen\/#primaryimage"},"thumbnailUrl":"http:\/\/www.bellunopress.it\/wp-content\/uploads\/2009\/03\/loris-tormen-leggera.jpg","datePublished":"2011-08-16T04:30:37+00:00","breadcrumb":{"@id":"https:\/\/www.bellunopress.it\/2011\/08\/16\/un-corso-per-imparare-a-parlare-in-pubblico-con-lattore-e-regista-loris-tormen\/#breadcrumb"},"inLanguage":"fr-FR","potentialAction":[{"@type":"ReadAction","target":["https:\/\/www.bellunopress.it\/2011\/08\/16\/un-corso-per-imparare-a-parlare-in-pubblico-con-lattore-e-regista-loris-tormen\/"]}]},{"@type":"ImageObject","inLanguage":"fr-FR","@id":"https:\/\/www.bellunopress.it\/2011\/08\/16\/un-corso-per-imparare-a-parlare-in-pubblico-con-lattore-e-regista-loris-tormen\/#primaryimage","url":"http:\/\/www.bellunopress.it\/wp-content\/uploads\/2009\/03\/loris-tormen-leggera.jpg","contentUrl":"http:\/\/www.bellunopress.it\/wp-content\/uploads\/2009\/03\/loris-tormen-leggera.jpg"},{"@type":"BreadcrumbList","@id":"https:\/\/www.bellunopress.it\/2011\/08\/16\/un-corso-per-imparare-a-parlare-in-pubblico-con-lattore-e-regista-loris-tormen\/#breadcrumb","itemListElement":[{"@type":"ListItem","position":1,"name":"Home","item":"https:\/\/www.bellunopress.it\/"},{"@type":"ListItem","position":2,"name":"Un corso per imparare a parlare in pubblico, con l&#8217;attore e regista Loris Tormen"}]},{"@type":"WebSite","@id":"https:\/\/www.bellunopress.it\/#website","url":"https:\/\/www.bellunopress.it\/","name":"Bellunopress - Dolomiti","description":"e-mail: redazione@bellunopress.it","publisher":{"@id":"https:\/\/www.bellunopress.it\/#organization"},"potentialAction":[{"@type":"SearchAction","target":{"@type":"EntryPoint","urlTemplate":"https:\/\/www.bellunopress.it\/?s={search_term_string}"},"query-input":{"@type":"PropertyValueSpecification","valueRequired":true,"valueName":"search_term_string"}}],"inLanguage":"fr-FR"},{"@type":"Organization","@id":"https:\/\/www.bellunopress.it\/#organization","name":"Bellunopress","url":"https:\/\/www.bellunopress.it\/","logo":{"@type":"ImageObject","inLanguage":"fr-FR","@id":"https:\/\/www.bellunopress.it\/#\/schema\/logo\/image\/","url":"https:\/\/www.bellunopress.it\/wp-content\/uploads\/2011\/05\/cropped-logo-bellunopress-.jpg","contentUrl":"https:\/\/www.bellunopress.it\/wp-content\/uploads\/2011\/05\/cropped-logo-bellunopress-.jpg","width":512,"height":512,"caption":"Bellunopress"},"image":{"@id":"https:\/\/www.bellunopress.it\/#\/schema\/logo\/image\/"},"sameAs":["https:\/\/www.facebook.com\/profile.php?id=100008943462799","https:\/\/x.com\/bellunopress","https:\/\/www.linkedin.com\/hp\/?dnr=JBzUWaJfMUw8vbXJJ2tVW5-I3jZKvC4wsoxE&amp;amp;amp;amp;amp;amp;trk=nav_responsive_tab_home","https:\/\/www.youtube.com\/channel\/UCxL0wu1uN0_3_7hGG0306cw"]},{"@type":"Person","@id":"https:\/\/www.bellunopress.it\/#\/schema\/person\/79bb06722b37ece1c03d3e94beb30d73","name":"r\u00e9daction","image":{"@type":"ImageObject","inLanguage":"fr-FR","@id":"https:\/\/secure.gravatar.com\/avatar\/37d968a2e67a6fd04c169c4bdef102d0bc5d31b2546345219e348575eb80e9a0?s=96&d=mm&r=g","url":"https:\/\/secure.gravatar.com\/avatar\/37d968a2e67a6fd04c169c4bdef102d0bc5d31b2546345219e348575eb80e9a0?s=96&d=mm&r=g","contentUrl":"https:\/\/secure.gravatar.com\/avatar\/37d968a2e67a6fd04c169c4bdef102d0bc5d31b2546345219e348575eb80e9a0?s=96&d=mm&r=g","caption":"redazione"},"sameAs":["http:\/\/www.bellunopress.it","https:\/\/x.com\/bellunopress"],"url":"https:\/\/www.bellunopress.it\/fr\/author\/redazione\/"}]}},"_links":{"self":[{"href":"https:\/\/www.bellunopress.it\/fr\/wp-json\/wp\/v2\/posts\/29653","targetHints":{"allow":["GET"]}}],"collection":[{"href":"https:\/\/www.bellunopress.it\/fr\/wp-json\/wp\/v2\/posts"}],"about":[{"href":"https:\/\/www.bellunopress.it\/fr\/wp-json\/wp\/v2\/types\/post"}],"author":[{"embeddable":true,"href":"https:\/\/www.bellunopress.it\/fr\/wp-json\/wp\/v2\/users\/2"}],"replies":[{"embeddable":true,"href":"https:\/\/www.bellunopress.it\/fr\/wp-json\/wp\/v2\/comments?post=29653"}],"version-history":[{"count":1,"href":"https:\/\/www.bellunopress.it\/fr\/wp-json\/wp\/v2\/posts\/29653\/revisions"}],"predecessor-version":[{"id":29654,"href":"https:\/\/www.bellunopress.it\/fr\/wp-json\/wp\/v2\/posts\/29653\/revisions\/29654"}],"wp:attachment":[{"href":"https:\/\/www.bellunopress.it\/fr\/wp-json\/wp\/v2\/media?parent=29653"}],"wp:term":[{"taxonomy":"category","embeddable":true,"href":"https:\/\/www.bellunopress.it\/fr\/wp-json\/wp\/v2\/categories?post=29653"},{"taxonomy":"post_tag","embeddable":true,"href":"https:\/\/www.bellunopress.it\/fr\/wp-json\/wp\/v2\/tags?post=29653"}],"curies":[{"name":"wp","href":"https:\/\/api.w.org\/{rel}","templated":true}]}}