{"id":29647,"date":"2011-08-15T21:56:49","date_gmt":"2011-08-15T20:56:49","guid":{"rendered":"http:\/\/www.bellunopress.it\/?p=29647"},"modified":"2011-08-15T22:04:28","modified_gmt":"2011-08-15T21:04:28","slug":"la-stagione-non-e-a-rischio-la-politica-faccia-un-passo-indietro-e-lasci-libera-la-cultura-lassessore-alla-cultura-ha-tolto-ogni-finanziamento-alla-cultura","status":"publish","type":"post","link":"https:\/\/www.bellunopress.it\/fr\/2011\/08\/15\/la-stagione-non-e-a-rischio-la-politica-faccia-un-passo-indietro-e-lasci-libera-la-cultura-lassessore-alla-cultura-ha-tolto-ogni-finanziamento-alla-cultura\/","title":{"rendered":"Tib Teatro: la stagione non \u00e8 a rischio, la politica faccia un passo indietro e lasci libera la cultura. L&#8217;assessore alla Cultura ha tolto ogni finanziamento alla cultura"},"content":{"rendered":"<figure id=\"attachment_25958\" aria-describedby=\"caption-attachment-25958\" style=\"width: 280px\" class=\"wp-caption alignleft\"><a href=\"http:\/\/www.bellunopress.it\/wp-content\/uploads\/2011\/04\/teatro-comunale-280x198.jpg\"><img loading=\"lazy\" decoding=\"async\" class=\"size-full wp-image-25958\" title=\"teatro comunale 280x198\" src=\"http:\/\/www.bellunopress.it\/wp-content\/uploads\/2011\/04\/teatro-comunale-280x198.jpg\" alt=\"\" width=\"280\" height=\"198\" \/><\/a><figcaption id=\"caption-attachment-25958\" class=\"wp-caption-text\">Teatro Comunale di Belluno<\/figcaption><\/figure>\n<p>La Stagione di prosa 2011-2012 non \u00e8 a rischio perch\u00e9 il Tib se n\u0092\u00e9 assunto interamente i costi, al fine di garantire ai bellunesi il diritto ad una stagione teatrale di ottimo livello unitamente a quello di andare a Teatro in piena serenit\u00e0.<\/p>\n<p>Preoccupati dalle sconcertanti dichiarazioni dell\u0092&#8217;Assessore Passuello, che anzich\u00e9 ringraziarci per questo impegno nei confronti della citt\u00e0, alla presentazione del cartellone si \u00e8 definita \u0093amareggiata\u0094, &#8211;\u00a0si legge in una nota di Tib Teatro &#8211;\u00a0\u00a0abbiamo chiesto al Sindaco in una lettera ufficiale, cui \u00e8 seguito un incontro, che l&#8217;\u0092Amministrazione, nella Sua persona, si faccia garante della tutela della Stagione di Prosa, gi\u00e0 presentata, rispetto a qualsiasi ingerenza e strumentalizzazione politica, volta a gettare discredito sulla Stagione stessa, valorizzandone invece il principio di sussidariet\u00e0 da cui \u00e8 mossa, in nome del pluralismo culturale dell\u0092offerta teatrale per la citt\u00e0.<\/p>\n<p>Un Assessore che fa simili affermazioni (accompagnate da fuorvianti dichiarazione per gli spettatori quali \u0093stagione a rischio\u0094) perch\u00e9 un soggetto culturale della sua citt\u00e0 si \u00e8 assunto in proprio tutto l&#8217;\u0092onere di assicurare alla citt\u00e0 stessa un importante servizio; un Assessore che continua a recitare \u0093che il Tib ha gestito il Teatro in regime di monopolio\u0094 manifesta di non sapere o di non voler sapere, di non aver ancora capito:<\/p>\n<p>\u00b7\u00a0\u00a0\u00a0\u00a0\u00a0\u00a0 che i teatri si gestiscono con professionalit\u00e0 specifiche, in quanto luoghi pubblici, la cui gestione comporta responsabilit\u00e0 anche di carattere penale ed \u00e8 sottoposta a certificazioni<\/p>\n<p>\u00b7\u00a0\u00a0\u00a0\u00a0\u00a0\u00a0 che nella sua citt\u00e0 esiste una struttura, cio\u00e8 un\u0092impresa teatrale professionale, riconosciuta come tale dal Ministero per i Beni e le Attivit\u00e0 Culturali, cio\u00e8 una struttura che fa questo di mestiere, il Tib, che la Passuello, animata da cos\u00ec sani principi, dovrebbe tutelare e considerare una risorsa al servizio del Teatro della citt\u00e0<\/p>\n<p>\u00b7\u00a0\u00a0\u00a0\u00a0\u00a0\u00a0 che in questi anni il Teatro Comunale \u00e8 stato aperto (200 giorni l\u0092anno) a tutte le Associazioni senza alcuna esclusione, tanto da avere, unico in Italia, persino due cartelloni di prosa: uno della Fondazione Teatri delle Dolomiti, di cui il Comune \u00e8 Socio, e uno, concorrente, del Circolo Cultura e Stampa e Fondazione Atlantide di Verona. E\u0092 questa la mancanza di pluralismo? E\u0092 questo il monopolio?<\/p>\n<p>E ora che alla Fondazione Teatri, viene in soccorso il Tib, lei si dichiara amareggiata?<\/p>\n<p>Le affermazioni dell&#8217;\u0092Assessore, manifestano una pesante ingerenza della politica nella libert\u00e0 culturale di questa citt\u00e0, sono frutto, queste s\u00ec, di partigianerie. Ricordiamo che al Tib, l\u0092&#8217;Assessore ha tolto ogni finanziamento: \u00e8 sparito il Filo d&#8217;\u0092Arianna, la Stagione di Teatro Contemporaneo Doc, e non c\u0092&#8217;\u00e8 nulla in bilancio nemmeno per la stagione per le Scuole e le Famiglie \u0093Comincio dai 3\u0094, anch&#8217;\u0092essa a rischio di sparizione, al di l\u00e0\u0092 delle dichiarazioni di plauso fatte dell&#8217;\u0092Assessore stesso, davanti ad un Teatro pieno di bambini e famiglie. Ci\u00f2 che \u00e8 pi\u00f9 grave \u00e8 il fatto che l&#8217;\u0092Assessore Passuello, in questo modo, ha privato la citt\u00e0 di progetti culturali, pur di perseguitare il Tib, in nome del \u0093pluralismo\u0094.<\/p>\n<p>C\u0092\u00e8 spazio per tutti, ma ognuno faccia il suo mestiere. Noi siamo sempre pronti a fare la nostra parte, il nostro lavoro, e l\u0092impegno per la Stagione 2011-2012, dimostra che il Tib, ancora una volta, si \u00e8 proposto quale fattivo collaboratore di questa Amministrazione e della Fondazione Teatri, per il bene della vita culturale della citt\u00e0.<\/p>\n<p>In quanto alle ultime dichiarazioni di Aurelio Rota &#8211; conclude la nota di Tib Teatro -, abbiamo dato mandato ai nostri legali di prenderle in esame.<\/p>","protected":false},"excerpt":{"rendered":"<p>La Stagione di prosa 2011-2012 non \u00e8 a rischio perch\u00e9 il Tib se n\u0092\u00e9 assunto interamente i costi, al fine di garantire ai bellunesi il diritto ad una stagione teatrale di ottimo livello unitamente a quello di andare a Teatro in piena serenit\u00e0. Preoccupati dalle sconcertanti dichiarazioni dell\u0092&#8217;Assessore Passuello, che anzich\u00e9 ringraziarci per questo impegno [&hellip;]<\/p>\n","protected":false},"author":2,"featured_media":0,"comment_status":"closed","ping_status":"open","sticky":false,"template":"","format":"standard","meta":{"footnotes":""},"categories":[3,5],"tags":[],"class_list":["post-29647","post","type-post","status-publish","format-standard","category-arte-cultura-spettacoli-scienza-archivi","category-cronaca"],"yoast_head":"<!-- This site is optimized with the Yoast SEO plugin v28.4 - https:\/\/yoast.com\/product\/yoast-seo-wordpress\/ -->\n<title>Tib Teatro: la stagione non \u00e8 a rischio, la politica faccia un passo indietro e lasci libera la cultura. L&#039;assessore alla Cultura ha tolto ogni finanziamento alla cultura  - Bellunopress - Dolomiti<\/title>\n<meta name=\"robots\" content=\"index, follow, max-snippet:-1, max-image-preview:large, max-video-preview:-1\" \/>\n<link rel=\"canonical\" href=\"https:\/\/www.bellunopress.it\/fr\/2011\/08\/15\/la-stagione-non-e-a-rischio-la-politica-faccia-un-passo-indietro-e-lasci-libera-la-cultura-lassessore-alla-cultura-ha-tolto-ogni-finanziamento-alla-cultura\/\" \/>\n<meta property=\"og:locale\" content=\"fr_FR\" \/>\n<meta property=\"og:type\" content=\"article\" \/>\n<meta property=\"og:title\" content=\"Tib Teatro: la stagione non \u00e8 a rischio, la politica faccia un passo indietro e lasci libera la cultura. L&#039;assessore alla Cultura ha tolto ogni finanziamento alla cultura  - Bellunopress - Dolomiti\" \/>\n<meta property=\"og:description\" content=\"La Stagione di prosa 2011-2012 non \u00e8 a rischio perch\u00e9 il Tib se n\u0092\u00e9 assunto interamente i costi, al fine di garantire ai bellunesi il diritto ad una stagione teatrale di ottimo livello unitamente a quello di andare a Teatro in piena serenit\u00e0. Preoccupati dalle sconcertanti dichiarazioni dell\u0092&#8217;Assessore Passuello, che anzich\u00e9 ringraziarci per questo impegno [&hellip;]\" \/>\n<meta property=\"og:url\" content=\"https:\/\/www.bellunopress.it\/fr\/2011\/08\/15\/la-stagione-non-e-a-rischio-la-politica-faccia-un-passo-indietro-e-lasci-libera-la-cultura-lassessore-alla-cultura-ha-tolto-ogni-finanziamento-alla-cultura\/\" \/>\n<meta property=\"og:site_name\" content=\"Bellunopress - Dolomiti\" \/>\n<meta property=\"article:publisher\" content=\"https:\/\/www.facebook.com\/profile.php?id=100008943462799\" \/>\n<meta property=\"article:published_time\" content=\"2011-08-15T20:56:49+00:00\" \/>\n<meta property=\"article:modified_time\" content=\"2011-08-15T21:04:28+00:00\" \/>\n<meta property=\"og:image\" content=\"http:\/\/www.bellunopress.it\/wp-content\/uploads\/2011\/04\/teatro-comunale-280x198.jpg\" \/>\n<meta name=\"author\" content=\"redazione\" \/>\n<meta name=\"twitter:card\" content=\"summary_large_image\" \/>\n<meta name=\"twitter:creator\" content=\"@bellunopress\" \/>\n<meta name=\"twitter:site\" content=\"@bellunopress\" \/>\n<meta name=\"twitter:label1\" content=\"Written by\" \/>\n\t<meta name=\"twitter:data1\" content=\"redazione\" \/>\n\t<meta name=\"twitter:label2\" content=\"Est. reading time\" \/>\n\t<meta name=\"twitter:data2\" content=\"3 minutes\" \/>\n<script type=\"application\/ld+json\" class=\"yoast-schema-graph\">{\"@context\":\"https:\\\/\\\/schema.org\",\"@graph\":[{\"@type\":\"Article\",\"@id\":\"https:\\\/\\\/www.bellunopress.it\\\/2011\\\/08\\\/15\\\/la-stagione-non-e-a-rischio-la-politica-faccia-un-passo-indietro-e-lasci-libera-la-cultura-lassessore-alla-cultura-ha-tolto-ogni-finanziamento-alla-cultura\\\/#article\",\"isPartOf\":{\"@id\":\"https:\\\/\\\/www.bellunopress.it\\\/2011\\\/08\\\/15\\\/la-stagione-non-e-a-rischio-la-politica-faccia-un-passo-indietro-e-lasci-libera-la-cultura-lassessore-alla-cultura-ha-tolto-ogni-finanziamento-alla-cultura\\\/\"},\"author\":{\"name\":\"redazione\",\"@id\":\"https:\\\/\\\/www.bellunopress.it\\\/#\\\/schema\\\/person\\\/79bb06722b37ece1c03d3e94beb30d73\"},\"headline\":\"Tib Teatro: la stagione non \u00e8 a rischio, la politica faccia un passo indietro e lasci libera la cultura. L&#8217;assessore alla Cultura ha tolto ogni finanziamento alla cultura\",\"datePublished\":\"2011-08-15T20:56:49+00:00\",\"dateModified\":\"2011-08-15T21:04:28+00:00\",\"mainEntityOfPage\":{\"@id\":\"https:\\\/\\\/www.bellunopress.it\\\/2011\\\/08\\\/15\\\/la-stagione-non-e-a-rischio-la-politica-faccia-un-passo-indietro-e-lasci-libera-la-cultura-lassessore-alla-cultura-ha-tolto-ogni-finanziamento-alla-cultura\\\/\"},\"wordCount\":605,\"publisher\":{\"@id\":\"https:\\\/\\\/www.bellunopress.it\\\/#organization\"},\"image\":{\"@id\":\"https:\\\/\\\/www.bellunopress.it\\\/2011\\\/08\\\/15\\\/la-stagione-non-e-a-rischio-la-politica-faccia-un-passo-indietro-e-lasci-libera-la-cultura-lassessore-alla-cultura-ha-tolto-ogni-finanziamento-alla-cultura\\\/#primaryimage\"},\"thumbnailUrl\":\"http:\\\/\\\/www.bellunopress.it\\\/wp-content\\\/uploads\\\/2011\\\/04\\\/teatro-comunale-280x198.jpg\",\"articleSection\":[\"Arte, Cultura, Spettacoli, Scienza\",\"Cronaca\\\/Politica\"],\"inLanguage\":\"fr-FR\"},{\"@type\":\"WebPage\",\"@id\":\"https:\\\/\\\/www.bellunopress.it\\\/2011\\\/08\\\/15\\\/la-stagione-non-e-a-rischio-la-politica-faccia-un-passo-indietro-e-lasci-libera-la-cultura-lassessore-alla-cultura-ha-tolto-ogni-finanziamento-alla-cultura\\\/\",\"url\":\"https:\\\/\\\/www.bellunopress.it\\\/2011\\\/08\\\/15\\\/la-stagione-non-e-a-rischio-la-politica-faccia-un-passo-indietro-e-lasci-libera-la-cultura-lassessore-alla-cultura-ha-tolto-ogni-finanziamento-alla-cultura\\\/\",\"name\":\"Tib Teatro: la stagione non \u00e8 a rischio, la politica faccia un passo indietro e lasci libera la cultura. L'assessore alla Cultura ha tolto ogni finanziamento alla cultura - Bellunopress - Dolomiti\",\"isPartOf\":{\"@id\":\"https:\\\/\\\/www.bellunopress.it\\\/#website\"},\"primaryImageOfPage\":{\"@id\":\"https:\\\/\\\/www.bellunopress.it\\\/2011\\\/08\\\/15\\\/la-stagione-non-e-a-rischio-la-politica-faccia-un-passo-indietro-e-lasci-libera-la-cultura-lassessore-alla-cultura-ha-tolto-ogni-finanziamento-alla-cultura\\\/#primaryimage\"},\"image\":{\"@id\":\"https:\\\/\\\/www.bellunopress.it\\\/2011\\\/08\\\/15\\\/la-stagione-non-e-a-rischio-la-politica-faccia-un-passo-indietro-e-lasci-libera-la-cultura-lassessore-alla-cultura-ha-tolto-ogni-finanziamento-alla-cultura\\\/#primaryimage\"},\"thumbnailUrl\":\"http:\\\/\\\/www.bellunopress.it\\\/wp-content\\\/uploads\\\/2011\\\/04\\\/teatro-comunale-280x198.jpg\",\"datePublished\":\"2011-08-15T20:56:49+00:00\",\"dateModified\":\"2011-08-15T21:04:28+00:00\",\"breadcrumb\":{\"@id\":\"https:\\\/\\\/www.bellunopress.it\\\/2011\\\/08\\\/15\\\/la-stagione-non-e-a-rischio-la-politica-faccia-un-passo-indietro-e-lasci-libera-la-cultura-lassessore-alla-cultura-ha-tolto-ogni-finanziamento-alla-cultura\\\/#breadcrumb\"},\"inLanguage\":\"fr-FR\",\"potentialAction\":[{\"@type\":\"ReadAction\",\"target\":[\"https:\\\/\\\/www.bellunopress.it\\\/2011\\\/08\\\/15\\\/la-stagione-non-e-a-rischio-la-politica-faccia-un-passo-indietro-e-lasci-libera-la-cultura-lassessore-alla-cultura-ha-tolto-ogni-finanziamento-alla-cultura\\\/\"]}]},{\"@type\":\"ImageObject\",\"inLanguage\":\"fr-FR\",\"@id\":\"https:\\\/\\\/www.bellunopress.it\\\/2011\\\/08\\\/15\\\/la-stagione-non-e-a-rischio-la-politica-faccia-un-passo-indietro-e-lasci-libera-la-cultura-lassessore-alla-cultura-ha-tolto-ogni-finanziamento-alla-cultura\\\/#primaryimage\",\"url\":\"http:\\\/\\\/www.bellunopress.it\\\/wp-content\\\/uploads\\\/2011\\\/04\\\/teatro-comunale-280x198.jpg\",\"contentUrl\":\"http:\\\/\\\/www.bellunopress.it\\\/wp-content\\\/uploads\\\/2011\\\/04\\\/teatro-comunale-280x198.jpg\"},{\"@type\":\"BreadcrumbList\",\"@id\":\"https:\\\/\\\/www.bellunopress.it\\\/2011\\\/08\\\/15\\\/la-stagione-non-e-a-rischio-la-politica-faccia-un-passo-indietro-e-lasci-libera-la-cultura-lassessore-alla-cultura-ha-tolto-ogni-finanziamento-alla-cultura\\\/#breadcrumb\",\"itemListElement\":[{\"@type\":\"ListItem\",\"position\":1,\"name\":\"Home\",\"item\":\"https:\\\/\\\/www.bellunopress.it\\\/\"},{\"@type\":\"ListItem\",\"position\":2,\"name\":\"Tib Teatro: la stagione non \u00e8 a rischio, la politica faccia un passo indietro e lasci libera la cultura. L&#8217;assessore alla Cultura ha tolto ogni finanziamento alla cultura\"}]},{\"@type\":\"WebSite\",\"@id\":\"https:\\\/\\\/www.bellunopress.it\\\/#website\",\"url\":\"https:\\\/\\\/www.bellunopress.it\\\/\",\"name\":\"Bellunopress - Dolomiti\",\"description\":\"e-mail: redazione@bellunopress.it\",\"publisher\":{\"@id\":\"https:\\\/\\\/www.bellunopress.it\\\/#organization\"},\"potentialAction\":[{\"@type\":\"SearchAction\",\"target\":{\"@type\":\"EntryPoint\",\"urlTemplate\":\"https:\\\/\\\/www.bellunopress.it\\\/?s={search_term_string}\"},\"query-input\":{\"@type\":\"PropertyValueSpecification\",\"valueRequired\":true,\"valueName\":\"search_term_string\"}}],\"inLanguage\":\"fr-FR\"},{\"@type\":\"Organization\",\"@id\":\"https:\\\/\\\/www.bellunopress.it\\\/#organization\",\"name\":\"Bellunopress\",\"url\":\"https:\\\/\\\/www.bellunopress.it\\\/\",\"logo\":{\"@type\":\"ImageObject\",\"inLanguage\":\"fr-FR\",\"@id\":\"https:\\\/\\\/www.bellunopress.it\\\/#\\\/schema\\\/logo\\\/image\\\/\",\"url\":\"https:\\\/\\\/www.bellunopress.it\\\/wp-content\\\/uploads\\\/2011\\\/05\\\/cropped-logo-bellunopress-.jpg\",\"contentUrl\":\"https:\\\/\\\/www.bellunopress.it\\\/wp-content\\\/uploads\\\/2011\\\/05\\\/cropped-logo-bellunopress-.jpg\",\"width\":512,\"height\":512,\"caption\":\"Bellunopress\"},\"image\":{\"@id\":\"https:\\\/\\\/www.bellunopress.it\\\/#\\\/schema\\\/logo\\\/image\\\/\"},\"sameAs\":[\"https:\\\/\\\/www.facebook.com\\\/profile.php?id=100008943462799\",\"https:\\\/\\\/x.com\\\/bellunopress\",\"https:\\\/\\\/www.linkedin.com\\\/hp\\\/?dnr=JBzUWaJfMUw8vbXJJ2tVW5-I3jZKvC4wsoxE&amp;amp;amp;amp;amp;amp;trk=nav_responsive_tab_home\",\"https:\\\/\\\/www.youtube.com\\\/channel\\\/UCxL0wu1uN0_3_7hGG0306cw\"]},{\"@type\":\"Person\",\"@id\":\"https:\\\/\\\/www.bellunopress.it\\\/#\\\/schema\\\/person\\\/79bb06722b37ece1c03d3e94beb30d73\",\"name\":\"redazione\",\"image\":{\"@type\":\"ImageObject\",\"inLanguage\":\"fr-FR\",\"@id\":\"https:\\\/\\\/secure.gravatar.com\\\/avatar\\\/37d968a2e67a6fd04c169c4bdef102d0bc5d31b2546345219e348575eb80e9a0?s=96&d=mm&r=g\",\"url\":\"https:\\\/\\\/secure.gravatar.com\\\/avatar\\\/37d968a2e67a6fd04c169c4bdef102d0bc5d31b2546345219e348575eb80e9a0?s=96&d=mm&r=g\",\"contentUrl\":\"https:\\\/\\\/secure.gravatar.com\\\/avatar\\\/37d968a2e67a6fd04c169c4bdef102d0bc5d31b2546345219e348575eb80e9a0?s=96&d=mm&r=g\",\"caption\":\"redazione\"},\"sameAs\":[\"http:\\\/\\\/www.bellunopress.it\",\"https:\\\/\\\/x.com\\\/bellunopress\"],\"url\":\"https:\\\/\\\/www.bellunopress.it\\\/fr\\\/author\\\/redazione\\\/\"}]}<\/script>\n<!-- \/ Yoast SEO plugin. -->","yoast_head_json":{"title":"Tib Teatro: la stagione non \u00e8 a rischio, la politica faccia un passo indietro e lasci libera la cultura. L'assessore alla Cultura ha tolto ogni finanziamento alla cultura  - Bellunopress - Dolomiti","robots":{"index":"index","follow":"follow","max-snippet":"max-snippet:-1","max-image-preview":"max-image-preview:large","max-video-preview":"max-video-preview:-1"},"canonical":"https:\/\/www.bellunopress.it\/fr\/2011\/08\/15\/la-stagione-non-e-a-rischio-la-politica-faccia-un-passo-indietro-e-lasci-libera-la-cultura-lassessore-alla-cultura-ha-tolto-ogni-finanziamento-alla-cultura\/","og_locale":"fr_FR","og_type":"article","og_title":"Tib Teatro: la stagione non \u00e8 a rischio, la politica faccia un passo indietro e lasci libera la cultura. L'assessore alla Cultura ha tolto ogni finanziamento alla cultura  - Bellunopress - Dolomiti","og_description":"La Stagione di prosa 2011-2012 non \u00e8 a rischio perch\u00e9 il Tib se n\u0092\u00e9 assunto interamente i costi, al fine di garantire ai bellunesi il diritto ad una stagione teatrale di ottimo livello unitamente a quello di andare a Teatro in piena serenit\u00e0. Preoccupati dalle sconcertanti dichiarazioni dell\u0092&#8217;Assessore Passuello, che anzich\u00e9 ringraziarci per questo impegno [&hellip;]","og_url":"https:\/\/www.bellunopress.it\/fr\/2011\/08\/15\/la-stagione-non-e-a-rischio-la-politica-faccia-un-passo-indietro-e-lasci-libera-la-cultura-lassessore-alla-cultura-ha-tolto-ogni-finanziamento-alla-cultura\/","og_site_name":"Bellunopress - Dolomiti","article_publisher":"https:\/\/www.facebook.com\/profile.php?id=100008943462799","article_published_time":"2011-08-15T20:56:49+00:00","article_modified_time":"2011-08-15T21:04:28+00:00","og_image":[{"url":"http:\/\/www.bellunopress.it\/wp-content\/uploads\/2011\/04\/teatro-comunale-280x198.jpg","type":"","width":"","height":""}],"author":"redazione","twitter_card":"summary_large_image","twitter_creator":"@bellunopress","twitter_site":"@bellunopress","twitter_misc":{"Written by":"redazione","Est. reading time":"3 minutes"},"schema":{"@context":"https:\/\/schema.org","@graph":[{"@type":"Article","@id":"https:\/\/www.bellunopress.it\/2011\/08\/15\/la-stagione-non-e-a-rischio-la-politica-faccia-un-passo-indietro-e-lasci-libera-la-cultura-lassessore-alla-cultura-ha-tolto-ogni-finanziamento-alla-cultura\/#article","isPartOf":{"@id":"https:\/\/www.bellunopress.it\/2011\/08\/15\/la-stagione-non-e-a-rischio-la-politica-faccia-un-passo-indietro-e-lasci-libera-la-cultura-lassessore-alla-cultura-ha-tolto-ogni-finanziamento-alla-cultura\/"},"author":{"name":"redazione","@id":"https:\/\/www.bellunopress.it\/#\/schema\/person\/79bb06722b37ece1c03d3e94beb30d73"},"headline":"Tib Teatro: la stagione non \u00e8 a rischio, la politica faccia un passo indietro e lasci libera la cultura. L&#8217;assessore alla Cultura ha tolto ogni finanziamento alla cultura","datePublished":"2011-08-15T20:56:49+00:00","dateModified":"2011-08-15T21:04:28+00:00","mainEntityOfPage":{"@id":"https:\/\/www.bellunopress.it\/2011\/08\/15\/la-stagione-non-e-a-rischio-la-politica-faccia-un-passo-indietro-e-lasci-libera-la-cultura-lassessore-alla-cultura-ha-tolto-ogni-finanziamento-alla-cultura\/"},"wordCount":605,"publisher":{"@id":"https:\/\/www.bellunopress.it\/#organization"},"image":{"@id":"https:\/\/www.bellunopress.it\/2011\/08\/15\/la-stagione-non-e-a-rischio-la-politica-faccia-un-passo-indietro-e-lasci-libera-la-cultura-lassessore-alla-cultura-ha-tolto-ogni-finanziamento-alla-cultura\/#primaryimage"},"thumbnailUrl":"http:\/\/www.bellunopress.it\/wp-content\/uploads\/2011\/04\/teatro-comunale-280x198.jpg","articleSection":["Arte, Cultura, Spettacoli, Scienza","Cronaca\/Politica"],"inLanguage":"fr-FR"},{"@type":"WebPage","@id":"https:\/\/www.bellunopress.it\/2011\/08\/15\/la-stagione-non-e-a-rischio-la-politica-faccia-un-passo-indietro-e-lasci-libera-la-cultura-lassessore-alla-cultura-ha-tolto-ogni-finanziamento-alla-cultura\/","url":"https:\/\/www.bellunopress.it\/2011\/08\/15\/la-stagione-non-e-a-rischio-la-politica-faccia-un-passo-indietro-e-lasci-libera-la-cultura-lassessore-alla-cultura-ha-tolto-ogni-finanziamento-alla-cultura\/","name":"Tib Teatro: la stagione non \u00e8 a rischio, la politica faccia un passo indietro e lasci libera la cultura. L'assessore alla Cultura ha tolto ogni finanziamento alla cultura - Bellunopress - Dolomiti","isPartOf":{"@id":"https:\/\/www.bellunopress.it\/#website"},"primaryImageOfPage":{"@id":"https:\/\/www.bellunopress.it\/2011\/08\/15\/la-stagione-non-e-a-rischio-la-politica-faccia-un-passo-indietro-e-lasci-libera-la-cultura-lassessore-alla-cultura-ha-tolto-ogni-finanziamento-alla-cultura\/#primaryimage"},"image":{"@id":"https:\/\/www.bellunopress.it\/2011\/08\/15\/la-stagione-non-e-a-rischio-la-politica-faccia-un-passo-indietro-e-lasci-libera-la-cultura-lassessore-alla-cultura-ha-tolto-ogni-finanziamento-alla-cultura\/#primaryimage"},"thumbnailUrl":"http:\/\/www.bellunopress.it\/wp-content\/uploads\/2011\/04\/teatro-comunale-280x198.jpg","datePublished":"2011-08-15T20:56:49+00:00","dateModified":"2011-08-15T21:04:28+00:00","breadcrumb":{"@id":"https:\/\/www.bellunopress.it\/2011\/08\/15\/la-stagione-non-e-a-rischio-la-politica-faccia-un-passo-indietro-e-lasci-libera-la-cultura-lassessore-alla-cultura-ha-tolto-ogni-finanziamento-alla-cultura\/#breadcrumb"},"inLanguage":"fr-FR","potentialAction":[{"@type":"ReadAction","target":["https:\/\/www.bellunopress.it\/2011\/08\/15\/la-stagione-non-e-a-rischio-la-politica-faccia-un-passo-indietro-e-lasci-libera-la-cultura-lassessore-alla-cultura-ha-tolto-ogni-finanziamento-alla-cultura\/"]}]},{"@type":"ImageObject","inLanguage":"fr-FR","@id":"https:\/\/www.bellunopress.it\/2011\/08\/15\/la-stagione-non-e-a-rischio-la-politica-faccia-un-passo-indietro-e-lasci-libera-la-cultura-lassessore-alla-cultura-ha-tolto-ogni-finanziamento-alla-cultura\/#primaryimage","url":"http:\/\/www.bellunopress.it\/wp-content\/uploads\/2011\/04\/teatro-comunale-280x198.jpg","contentUrl":"http:\/\/www.bellunopress.it\/wp-content\/uploads\/2011\/04\/teatro-comunale-280x198.jpg"},{"@type":"BreadcrumbList","@id":"https:\/\/www.bellunopress.it\/2011\/08\/15\/la-stagione-non-e-a-rischio-la-politica-faccia-un-passo-indietro-e-lasci-libera-la-cultura-lassessore-alla-cultura-ha-tolto-ogni-finanziamento-alla-cultura\/#breadcrumb","itemListElement":[{"@type":"ListItem","position":1,"name":"Home","item":"https:\/\/www.bellunopress.it\/"},{"@type":"ListItem","position":2,"name":"Tib Teatro: la stagione non \u00e8 a rischio, la politica faccia un passo indietro e lasci libera la cultura. L&#8217;assessore alla Cultura ha tolto ogni finanziamento alla cultura"}]},{"@type":"WebSite","@id":"https:\/\/www.bellunopress.it\/#website","url":"https:\/\/www.bellunopress.it\/","name":"Bellunopress - Dolomiti","description":"e-mail: redazione@bellunopress.it","publisher":{"@id":"https:\/\/www.bellunopress.it\/#organization"},"potentialAction":[{"@type":"SearchAction","target":{"@type":"EntryPoint","urlTemplate":"https:\/\/www.bellunopress.it\/?s={search_term_string}"},"query-input":{"@type":"PropertyValueSpecification","valueRequired":true,"valueName":"search_term_string"}}],"inLanguage":"fr-FR"},{"@type":"Organization","@id":"https:\/\/www.bellunopress.it\/#organization","name":"Bellunopress","url":"https:\/\/www.bellunopress.it\/","logo":{"@type":"ImageObject","inLanguage":"fr-FR","@id":"https:\/\/www.bellunopress.it\/#\/schema\/logo\/image\/","url":"https:\/\/www.bellunopress.it\/wp-content\/uploads\/2011\/05\/cropped-logo-bellunopress-.jpg","contentUrl":"https:\/\/www.bellunopress.it\/wp-content\/uploads\/2011\/05\/cropped-logo-bellunopress-.jpg","width":512,"height":512,"caption":"Bellunopress"},"image":{"@id":"https:\/\/www.bellunopress.it\/#\/schema\/logo\/image\/"},"sameAs":["https:\/\/www.facebook.com\/profile.php?id=100008943462799","https:\/\/x.com\/bellunopress","https:\/\/www.linkedin.com\/hp\/?dnr=JBzUWaJfMUw8vbXJJ2tVW5-I3jZKvC4wsoxE&amp;amp;amp;amp;amp;amp;trk=nav_responsive_tab_home","https:\/\/www.youtube.com\/channel\/UCxL0wu1uN0_3_7hGG0306cw"]},{"@type":"Person","@id":"https:\/\/www.bellunopress.it\/#\/schema\/person\/79bb06722b37ece1c03d3e94beb30d73","name":"r\u00e9daction","image":{"@type":"ImageObject","inLanguage":"fr-FR","@id":"https:\/\/secure.gravatar.com\/avatar\/37d968a2e67a6fd04c169c4bdef102d0bc5d31b2546345219e348575eb80e9a0?s=96&d=mm&r=g","url":"https:\/\/secure.gravatar.com\/avatar\/37d968a2e67a6fd04c169c4bdef102d0bc5d31b2546345219e348575eb80e9a0?s=96&d=mm&r=g","contentUrl":"https:\/\/secure.gravatar.com\/avatar\/37d968a2e67a6fd04c169c4bdef102d0bc5d31b2546345219e348575eb80e9a0?s=96&d=mm&r=g","caption":"redazione"},"sameAs":["http:\/\/www.bellunopress.it","https:\/\/x.com\/bellunopress"],"url":"https:\/\/www.bellunopress.it\/fr\/author\/redazione\/"}]}},"_links":{"self":[{"href":"https:\/\/www.bellunopress.it\/fr\/wp-json\/wp\/v2\/posts\/29647","targetHints":{"allow":["GET"]}}],"collection":[{"href":"https:\/\/www.bellunopress.it\/fr\/wp-json\/wp\/v2\/posts"}],"about":[{"href":"https:\/\/www.bellunopress.it\/fr\/wp-json\/wp\/v2\/types\/post"}],"author":[{"embeddable":true,"href":"https:\/\/www.bellunopress.it\/fr\/wp-json\/wp\/v2\/users\/2"}],"replies":[{"embeddable":true,"href":"https:\/\/www.bellunopress.it\/fr\/wp-json\/wp\/v2\/comments?post=29647"}],"version-history":[{"count":2,"href":"https:\/\/www.bellunopress.it\/fr\/wp-json\/wp\/v2\/posts\/29647\/revisions"}],"predecessor-version":[{"id":29652,"href":"https:\/\/www.bellunopress.it\/fr\/wp-json\/wp\/v2\/posts\/29647\/revisions\/29652"}],"wp:attachment":[{"href":"https:\/\/www.bellunopress.it\/fr\/wp-json\/wp\/v2\/media?parent=29647"}],"wp:term":[{"taxonomy":"category","embeddable":true,"href":"https:\/\/www.bellunopress.it\/fr\/wp-json\/wp\/v2\/categories?post=29647"},{"taxonomy":"post_tag","embeddable":true,"href":"https:\/\/www.bellunopress.it\/fr\/wp-json\/wp\/v2\/tags?post=29647"}],"curies":[{"name":"wp","href":"https:\/\/api.w.org\/{rel}","templated":true}]}}