{"id":29645,"date":"2011-08-15T21:42:24","date_gmt":"2011-08-15T20:42:24","guid":{"rendered":"http:\/\/www.bellunopress.it\/?p=29645"},"modified":"2011-08-15T21:42:24","modified_gmt":"2011-08-15T20:42:24","slug":"cura-dimagrante-ai-comuni-ma-anche-allo-stato-centrale-di-angelo-levis","status":"publish","type":"post","link":"https:\/\/www.bellunopress.it\/fr\/2011\/08\/15\/cura-dimagrante-ai-comuni-ma-anche-allo-stato-centrale-di-angelo-levis\/","title":{"rendered":"Cura dimagrante ai Comuni, ma anche allo Stato centrale    * di Angelo Levis"},"content":{"rendered":"<figure id=\"attachment_28093\" aria-describedby=\"caption-attachment-28093\" style=\"width: 140px\" class=\"wp-caption alignleft\"><a href=\"http:\/\/www.bellunopress.it\/wp-content\/uploads\/2011\/06\/angelo-levis-140x140.jpg\"><img loading=\"lazy\" decoding=\"async\" class=\"size-full wp-image-28093\" title=\"angelo levis 140x140\" src=\"http:\/\/www.bellunopress.it\/wp-content\/uploads\/2011\/06\/angelo-levis-140x140.jpg\" alt=\"\" width=\"140\" height=\"140\" \/><\/a><figcaption id=\"caption-attachment-28093\" class=\"wp-caption-text\">Angelo Levis<\/figcaption><\/figure>\n<p>I sindaci colpiti dalla seconda manovra estiva sono gi\u00e0 insorti. Molte le argomentazioni portate: \u201cLo spreco non \u00e8 in queste piccole amministrazioni\u201d, \u201cIl piccolo paese di montagna non sar\u00e0 pi\u00f9 rappresentato\u201d, \u201cI pi\u00f9 grossi mangeranno i pi\u00f9 piccoli\u201d.<br \/>\nMolti non ricordano i decreti gi\u00e0 in vigore che impongono nei prossimi due anni l\u2019associazione delle funzioni amministrative. Risparmiare il gettone del singolo consigliere o l\u2019indennit\u00e0 e i rimborsi spese degli assessori non faranno fare il salto di qualit\u00e0. Ma vista la strada intrapresa che senso ha tenere distinte le cariche politiche?<br \/>\nPer non parlare delle Comunit\u00e0 Montane il cui scopo viene gradualmente sostituito dalle unioni. Il mio partito ed io riteniamo che l\u2019idea di creare economie di scala doveva essere ancor pi\u00f9 marcata. L\u2019unico miglioramento che ritengo utile \u00e8, nel caso della montagna bellunese, una certa elasticit\u00e0 nel requisito del numero minimo di abitanti per non scontrarsi con l\u2019olografia delle vallate. La strada delle riduzioni e associazioni di funzione la stanno percorrendo anche le vicine province autonome di Trento e Bolzano bench\u00e9 pi\u00f9 ricche.<br \/>\nMi pare per\u00f2 che la categoria pi\u00f9 preoccupata da questo specifico provvedimento sia proprio quella dei politici. Non ci saranno scenari funesti, e non mi pare che ad oggi la montagna sia poi cos\u00ec rappresentata con questa molteplicit\u00e0 di comuni..<br \/>\nPersonalmente e a nome di I.D.V. non abbiamo timore a sostenere i tagli dei costi della politica e non credo che la cancellazione di un ente possa eliminare la memoria e l\u2019identit\u00e0 locale<br \/>\nAnzi, avremmo sperato che fosse stato proprio il territorio a sostenere questa necessit\u00e0.<br \/>\nAltro discorso sono i trasferimenti che lo Stato deve erogare affinch\u00e9 si possano e debbano fornire i servizi ai cittadini. Su questo abbiamo politicamente soluzioni diverse da quelle proposte da questo governo. Riteniamo che l\u2019ente locale non debba sostenere i tagli prospettati, ma che sia anche lo stato centrale a fare la sua parte con una pi\u00f9 incisiva cura dimagrante.<\/p>\n<p>Angelo Levis &#8211; Capogruppo I.D.V. consiglio provinciale<\/p>","protected":false},"excerpt":{"rendered":"<p>I sindaci colpiti dalla seconda manovra estiva sono gi\u00e0 insorti. Molte le argomentazioni portate: \u201cLo spreco non \u00e8 in queste piccole amministrazioni\u201d, \u201cIl piccolo paese di montagna non sar\u00e0 pi\u00f9 rappresentato\u201d, \u201cI pi\u00f9 grossi mangeranno i pi\u00f9 piccoli\u201d. Molti non ricordano i decreti gi\u00e0 in vigore che impongono nei prossimi due anni l\u2019associazione delle funzioni [&hellip;]<\/p>\n","protected":false},"author":2,"featured_media":0,"comment_status":"closed","ping_status":"open","sticky":false,"template":"","format":"standard","meta":{"footnotes":""},"categories":[5,26],"tags":[],"class_list":["post-29645","post","type-post","status-publish","format-standard","category-cronaca","category-prima-pagina"],"yoast_head":"<!-- This site is optimized with the Yoast SEO plugin v28.4 - https:\/\/yoast.com\/product\/yoast-seo-wordpress\/ -->\n<title>Cura dimagrante ai Comuni, ma anche allo Stato centrale  * di Angelo Levis - Bellunopress - Dolomiti<\/title>\n<meta name=\"robots\" content=\"index, follow, max-snippet:-1, max-image-preview:large, max-video-preview:-1\" \/>\n<link rel=\"canonical\" href=\"https:\/\/www.bellunopress.it\/fr\/2011\/08\/15\/cura-dimagrante-ai-comuni-ma-anche-allo-stato-centrale-di-angelo-levis\/\" \/>\n<meta property=\"og:locale\" content=\"fr_FR\" \/>\n<meta property=\"og:type\" content=\"article\" \/>\n<meta property=\"og:title\" content=\"Cura dimagrante ai Comuni, ma anche allo Stato centrale  * di Angelo Levis - Bellunopress - Dolomiti\" \/>\n<meta property=\"og:description\" content=\"I sindaci colpiti dalla seconda manovra estiva sono gi\u00e0 insorti. Molte le argomentazioni portate: \u201cLo spreco non \u00e8 in queste piccole amministrazioni\u201d, \u201cIl piccolo paese di montagna non sar\u00e0 pi\u00f9 rappresentato\u201d, \u201cI pi\u00f9 grossi mangeranno i pi\u00f9 piccoli\u201d. Molti non ricordano i decreti gi\u00e0 in vigore che impongono nei prossimi due anni l\u2019associazione delle funzioni [&hellip;]\" \/>\n<meta property=\"og:url\" content=\"https:\/\/www.bellunopress.it\/fr\/2011\/08\/15\/cura-dimagrante-ai-comuni-ma-anche-allo-stato-centrale-di-angelo-levis\/\" \/>\n<meta property=\"og:site_name\" content=\"Bellunopress - Dolomiti\" \/>\n<meta property=\"article:publisher\" content=\"https:\/\/www.facebook.com\/profile.php?id=100008943462799\" \/>\n<meta property=\"article:published_time\" content=\"2011-08-15T20:42:24+00:00\" \/>\n<meta property=\"og:image\" content=\"http:\/\/www.bellunopress.it\/wp-content\/uploads\/2011\/06\/angelo-levis-140x140.jpg\" \/>\n<meta name=\"author\" content=\"redazione\" \/>\n<meta name=\"twitter:card\" content=\"summary_large_image\" \/>\n<meta name=\"twitter:creator\" content=\"@bellunopress\" \/>\n<meta name=\"twitter:site\" content=\"@bellunopress\" \/>\n<meta name=\"twitter:label1\" content=\"\u00c9crit par\" \/>\n\t<meta name=\"twitter:data1\" content=\"redazione\" \/>\n\t<meta name=\"twitter:label2\" content=\"Dur\u00e9e de lecture estim\u00e9e\" \/>\n\t<meta name=\"twitter:data2\" content=\"2 minutes\" \/>\n<script type=\"application\/ld+json\" class=\"yoast-schema-graph\">{\"@context\":\"https:\\\/\\\/schema.org\",\"@graph\":[{\"@type\":\"Article\",\"@id\":\"https:\\\/\\\/www.bellunopress.it\\\/2011\\\/08\\\/15\\\/cura-dimagrante-ai-comuni-ma-anche-allo-stato-centrale-di-angelo-levis\\\/#article\",\"isPartOf\":{\"@id\":\"https:\\\/\\\/www.bellunopress.it\\\/2011\\\/08\\\/15\\\/cura-dimagrante-ai-comuni-ma-anche-allo-stato-centrale-di-angelo-levis\\\/\"},\"author\":{\"name\":\"redazione\",\"@id\":\"https:\\\/\\\/www.bellunopress.it\\\/#\\\/schema\\\/person\\\/79bb06722b37ece1c03d3e94beb30d73\"},\"headline\":\"Cura dimagrante ai Comuni, ma anche allo Stato centrale * di Angelo Levis\",\"datePublished\":\"2011-08-15T20:42:24+00:00\",\"mainEntityOfPage\":{\"@id\":\"https:\\\/\\\/www.bellunopress.it\\\/2011\\\/08\\\/15\\\/cura-dimagrante-ai-comuni-ma-anche-allo-stato-centrale-di-angelo-levis\\\/\"},\"wordCount\":357,\"publisher\":{\"@id\":\"https:\\\/\\\/www.bellunopress.it\\\/#organization\"},\"image\":{\"@id\":\"https:\\\/\\\/www.bellunopress.it\\\/2011\\\/08\\\/15\\\/cura-dimagrante-ai-comuni-ma-anche-allo-stato-centrale-di-angelo-levis\\\/#primaryimage\"},\"thumbnailUrl\":\"http:\\\/\\\/www.bellunopress.it\\\/wp-content\\\/uploads\\\/2011\\\/06\\\/angelo-levis-140x140.jpg\",\"articleSection\":[\"Cronaca\\\/Politica\",\"Prima Pagina\"],\"inLanguage\":\"fr-FR\"},{\"@type\":\"WebPage\",\"@id\":\"https:\\\/\\\/www.bellunopress.it\\\/2011\\\/08\\\/15\\\/cura-dimagrante-ai-comuni-ma-anche-allo-stato-centrale-di-angelo-levis\\\/\",\"url\":\"https:\\\/\\\/www.bellunopress.it\\\/2011\\\/08\\\/15\\\/cura-dimagrante-ai-comuni-ma-anche-allo-stato-centrale-di-angelo-levis\\\/\",\"name\":\"Cura dimagrante ai Comuni, ma anche allo Stato centrale * di Angelo Levis - Bellunopress - Dolomiti\",\"isPartOf\":{\"@id\":\"https:\\\/\\\/www.bellunopress.it\\\/#website\"},\"primaryImageOfPage\":{\"@id\":\"https:\\\/\\\/www.bellunopress.it\\\/2011\\\/08\\\/15\\\/cura-dimagrante-ai-comuni-ma-anche-allo-stato-centrale-di-angelo-levis\\\/#primaryimage\"},\"image\":{\"@id\":\"https:\\\/\\\/www.bellunopress.it\\\/2011\\\/08\\\/15\\\/cura-dimagrante-ai-comuni-ma-anche-allo-stato-centrale-di-angelo-levis\\\/#primaryimage\"},\"thumbnailUrl\":\"http:\\\/\\\/www.bellunopress.it\\\/wp-content\\\/uploads\\\/2011\\\/06\\\/angelo-levis-140x140.jpg\",\"datePublished\":\"2011-08-15T20:42:24+00:00\",\"breadcrumb\":{\"@id\":\"https:\\\/\\\/www.bellunopress.it\\\/2011\\\/08\\\/15\\\/cura-dimagrante-ai-comuni-ma-anche-allo-stato-centrale-di-angelo-levis\\\/#breadcrumb\"},\"inLanguage\":\"fr-FR\",\"potentialAction\":[{\"@type\":\"ReadAction\",\"target\":[\"https:\\\/\\\/www.bellunopress.it\\\/2011\\\/08\\\/15\\\/cura-dimagrante-ai-comuni-ma-anche-allo-stato-centrale-di-angelo-levis\\\/\"]}]},{\"@type\":\"ImageObject\",\"inLanguage\":\"fr-FR\",\"@id\":\"https:\\\/\\\/www.bellunopress.it\\\/2011\\\/08\\\/15\\\/cura-dimagrante-ai-comuni-ma-anche-allo-stato-centrale-di-angelo-levis\\\/#primaryimage\",\"url\":\"http:\\\/\\\/www.bellunopress.it\\\/wp-content\\\/uploads\\\/2011\\\/06\\\/angelo-levis-140x140.jpg\",\"contentUrl\":\"http:\\\/\\\/www.bellunopress.it\\\/wp-content\\\/uploads\\\/2011\\\/06\\\/angelo-levis-140x140.jpg\"},{\"@type\":\"BreadcrumbList\",\"@id\":\"https:\\\/\\\/www.bellunopress.it\\\/2011\\\/08\\\/15\\\/cura-dimagrante-ai-comuni-ma-anche-allo-stato-centrale-di-angelo-levis\\\/#breadcrumb\",\"itemListElement\":[{\"@type\":\"ListItem\",\"position\":1,\"name\":\"Home\",\"item\":\"https:\\\/\\\/www.bellunopress.it\\\/\"},{\"@type\":\"ListItem\",\"position\":2,\"name\":\"Cura dimagrante ai Comuni, ma anche allo Stato centrale * di Angelo Levis\"}]},{\"@type\":\"WebSite\",\"@id\":\"https:\\\/\\\/www.bellunopress.it\\\/#website\",\"url\":\"https:\\\/\\\/www.bellunopress.it\\\/\",\"name\":\"Bellunopress - Dolomiti\",\"description\":\"e-mail: redazione@bellunopress.it\",\"publisher\":{\"@id\":\"https:\\\/\\\/www.bellunopress.it\\\/#organization\"},\"potentialAction\":[{\"@type\":\"SearchAction\",\"target\":{\"@type\":\"EntryPoint\",\"urlTemplate\":\"https:\\\/\\\/www.bellunopress.it\\\/?s={search_term_string}\"},\"query-input\":{\"@type\":\"PropertyValueSpecification\",\"valueRequired\":true,\"valueName\":\"search_term_string\"}}],\"inLanguage\":\"fr-FR\"},{\"@type\":\"Organization\",\"@id\":\"https:\\\/\\\/www.bellunopress.it\\\/#organization\",\"name\":\"Bellunopress\",\"url\":\"https:\\\/\\\/www.bellunopress.it\\\/\",\"logo\":{\"@type\":\"ImageObject\",\"inLanguage\":\"fr-FR\",\"@id\":\"https:\\\/\\\/www.bellunopress.it\\\/#\\\/schema\\\/logo\\\/image\\\/\",\"url\":\"https:\\\/\\\/www.bellunopress.it\\\/wp-content\\\/uploads\\\/2011\\\/05\\\/cropped-logo-bellunopress-.jpg\",\"contentUrl\":\"https:\\\/\\\/www.bellunopress.it\\\/wp-content\\\/uploads\\\/2011\\\/05\\\/cropped-logo-bellunopress-.jpg\",\"width\":512,\"height\":512,\"caption\":\"Bellunopress\"},\"image\":{\"@id\":\"https:\\\/\\\/www.bellunopress.it\\\/#\\\/schema\\\/logo\\\/image\\\/\"},\"sameAs\":[\"https:\\\/\\\/www.facebook.com\\\/profile.php?id=100008943462799\",\"https:\\\/\\\/x.com\\\/bellunopress\",\"https:\\\/\\\/www.linkedin.com\\\/hp\\\/?dnr=JBzUWaJfMUw8vbXJJ2tVW5-I3jZKvC4wsoxE&amp;amp;amp;amp;amp;amp;trk=nav_responsive_tab_home\",\"https:\\\/\\\/www.youtube.com\\\/channel\\\/UCxL0wu1uN0_3_7hGG0306cw\"]},{\"@type\":\"Person\",\"@id\":\"https:\\\/\\\/www.bellunopress.it\\\/#\\\/schema\\\/person\\\/79bb06722b37ece1c03d3e94beb30d73\",\"name\":\"redazione\",\"image\":{\"@type\":\"ImageObject\",\"inLanguage\":\"fr-FR\",\"@id\":\"https:\\\/\\\/secure.gravatar.com\\\/avatar\\\/37d968a2e67a6fd04c169c4bdef102d0bc5d31b2546345219e348575eb80e9a0?s=96&d=mm&r=g\",\"url\":\"https:\\\/\\\/secure.gravatar.com\\\/avatar\\\/37d968a2e67a6fd04c169c4bdef102d0bc5d31b2546345219e348575eb80e9a0?s=96&d=mm&r=g\",\"contentUrl\":\"https:\\\/\\\/secure.gravatar.com\\\/avatar\\\/37d968a2e67a6fd04c169c4bdef102d0bc5d31b2546345219e348575eb80e9a0?s=96&d=mm&r=g\",\"caption\":\"redazione\"},\"sameAs\":[\"http:\\\/\\\/www.bellunopress.it\",\"https:\\\/\\\/x.com\\\/bellunopress\"],\"url\":\"https:\\\/\\\/www.bellunopress.it\\\/fr\\\/author\\\/redazione\\\/\"}]}<\/script>\n<!-- \/ Yoast SEO plugin. -->","yoast_head_json":{"title":"Cura dimagrante ai Comuni, ma anche allo Stato centrale  * di Angelo Levis - Bellunopress - Dolomiti","robots":{"index":"index","follow":"follow","max-snippet":"max-snippet:-1","max-image-preview":"max-image-preview:large","max-video-preview":"max-video-preview:-1"},"canonical":"https:\/\/www.bellunopress.it\/fr\/2011\/08\/15\/cura-dimagrante-ai-comuni-ma-anche-allo-stato-centrale-di-angelo-levis\/","og_locale":"fr_FR","og_type":"article","og_title":"Cura dimagrante ai Comuni, ma anche allo Stato centrale  * di Angelo Levis - Bellunopress - Dolomiti","og_description":"I sindaci colpiti dalla seconda manovra estiva sono gi\u00e0 insorti. Molte le argomentazioni portate: \u201cLo spreco non \u00e8 in queste piccole amministrazioni\u201d, \u201cIl piccolo paese di montagna non sar\u00e0 pi\u00f9 rappresentato\u201d, \u201cI pi\u00f9 grossi mangeranno i pi\u00f9 piccoli\u201d. Molti non ricordano i decreti gi\u00e0 in vigore che impongono nei prossimi due anni l\u2019associazione delle funzioni [&hellip;]","og_url":"https:\/\/www.bellunopress.it\/fr\/2011\/08\/15\/cura-dimagrante-ai-comuni-ma-anche-allo-stato-centrale-di-angelo-levis\/","og_site_name":"Bellunopress - Dolomiti","article_publisher":"https:\/\/www.facebook.com\/profile.php?id=100008943462799","article_published_time":"2011-08-15T20:42:24+00:00","og_image":[{"url":"http:\/\/www.bellunopress.it\/wp-content\/uploads\/2011\/06\/angelo-levis-140x140.jpg","type":"","width":"","height":""}],"author":"redazione","twitter_card":"summary_large_image","twitter_creator":"@bellunopress","twitter_site":"@bellunopress","twitter_misc":{"\u00c9crit par":"redazione","Dur\u00e9e de lecture estim\u00e9e":"2 minutes"},"schema":{"@context":"https:\/\/schema.org","@graph":[{"@type":"Article","@id":"https:\/\/www.bellunopress.it\/2011\/08\/15\/cura-dimagrante-ai-comuni-ma-anche-allo-stato-centrale-di-angelo-levis\/#article","isPartOf":{"@id":"https:\/\/www.bellunopress.it\/2011\/08\/15\/cura-dimagrante-ai-comuni-ma-anche-allo-stato-centrale-di-angelo-levis\/"},"author":{"name":"redazione","@id":"https:\/\/www.bellunopress.it\/#\/schema\/person\/79bb06722b37ece1c03d3e94beb30d73"},"headline":"Cura dimagrante ai Comuni, ma anche allo Stato centrale * di Angelo Levis","datePublished":"2011-08-15T20:42:24+00:00","mainEntityOfPage":{"@id":"https:\/\/www.bellunopress.it\/2011\/08\/15\/cura-dimagrante-ai-comuni-ma-anche-allo-stato-centrale-di-angelo-levis\/"},"wordCount":357,"publisher":{"@id":"https:\/\/www.bellunopress.it\/#organization"},"image":{"@id":"https:\/\/www.bellunopress.it\/2011\/08\/15\/cura-dimagrante-ai-comuni-ma-anche-allo-stato-centrale-di-angelo-levis\/#primaryimage"},"thumbnailUrl":"http:\/\/www.bellunopress.it\/wp-content\/uploads\/2011\/06\/angelo-levis-140x140.jpg","articleSection":["Cronaca\/Politica","Prima Pagina"],"inLanguage":"fr-FR"},{"@type":"WebPage","@id":"https:\/\/www.bellunopress.it\/2011\/08\/15\/cura-dimagrante-ai-comuni-ma-anche-allo-stato-centrale-di-angelo-levis\/","url":"https:\/\/www.bellunopress.it\/2011\/08\/15\/cura-dimagrante-ai-comuni-ma-anche-allo-stato-centrale-di-angelo-levis\/","name":"Cura dimagrante ai Comuni, ma anche allo Stato centrale * di Angelo Levis - Bellunopress - Dolomiti","isPartOf":{"@id":"https:\/\/www.bellunopress.it\/#website"},"primaryImageOfPage":{"@id":"https:\/\/www.bellunopress.it\/2011\/08\/15\/cura-dimagrante-ai-comuni-ma-anche-allo-stato-centrale-di-angelo-levis\/#primaryimage"},"image":{"@id":"https:\/\/www.bellunopress.it\/2011\/08\/15\/cura-dimagrante-ai-comuni-ma-anche-allo-stato-centrale-di-angelo-levis\/#primaryimage"},"thumbnailUrl":"http:\/\/www.bellunopress.it\/wp-content\/uploads\/2011\/06\/angelo-levis-140x140.jpg","datePublished":"2011-08-15T20:42:24+00:00","breadcrumb":{"@id":"https:\/\/www.bellunopress.it\/2011\/08\/15\/cura-dimagrante-ai-comuni-ma-anche-allo-stato-centrale-di-angelo-levis\/#breadcrumb"},"inLanguage":"fr-FR","potentialAction":[{"@type":"ReadAction","target":["https:\/\/www.bellunopress.it\/2011\/08\/15\/cura-dimagrante-ai-comuni-ma-anche-allo-stato-centrale-di-angelo-levis\/"]}]},{"@type":"ImageObject","inLanguage":"fr-FR","@id":"https:\/\/www.bellunopress.it\/2011\/08\/15\/cura-dimagrante-ai-comuni-ma-anche-allo-stato-centrale-di-angelo-levis\/#primaryimage","url":"http:\/\/www.bellunopress.it\/wp-content\/uploads\/2011\/06\/angelo-levis-140x140.jpg","contentUrl":"http:\/\/www.bellunopress.it\/wp-content\/uploads\/2011\/06\/angelo-levis-140x140.jpg"},{"@type":"BreadcrumbList","@id":"https:\/\/www.bellunopress.it\/2011\/08\/15\/cura-dimagrante-ai-comuni-ma-anche-allo-stato-centrale-di-angelo-levis\/#breadcrumb","itemListElement":[{"@type":"ListItem","position":1,"name":"Home","item":"https:\/\/www.bellunopress.it\/"},{"@type":"ListItem","position":2,"name":"Cura dimagrante ai Comuni, ma anche allo Stato centrale * di Angelo Levis"}]},{"@type":"WebSite","@id":"https:\/\/www.bellunopress.it\/#website","url":"https:\/\/www.bellunopress.it\/","name":"Bellunopress - Dolomiti","description":"e-mail: redazione@bellunopress.it","publisher":{"@id":"https:\/\/www.bellunopress.it\/#organization"},"potentialAction":[{"@type":"SearchAction","target":{"@type":"EntryPoint","urlTemplate":"https:\/\/www.bellunopress.it\/?s={search_term_string}"},"query-input":{"@type":"PropertyValueSpecification","valueRequired":true,"valueName":"search_term_string"}}],"inLanguage":"fr-FR"},{"@type":"Organization","@id":"https:\/\/www.bellunopress.it\/#organization","name":"Bellunopress","url":"https:\/\/www.bellunopress.it\/","logo":{"@type":"ImageObject","inLanguage":"fr-FR","@id":"https:\/\/www.bellunopress.it\/#\/schema\/logo\/image\/","url":"https:\/\/www.bellunopress.it\/wp-content\/uploads\/2011\/05\/cropped-logo-bellunopress-.jpg","contentUrl":"https:\/\/www.bellunopress.it\/wp-content\/uploads\/2011\/05\/cropped-logo-bellunopress-.jpg","width":512,"height":512,"caption":"Bellunopress"},"image":{"@id":"https:\/\/www.bellunopress.it\/#\/schema\/logo\/image\/"},"sameAs":["https:\/\/www.facebook.com\/profile.php?id=100008943462799","https:\/\/x.com\/bellunopress","https:\/\/www.linkedin.com\/hp\/?dnr=JBzUWaJfMUw8vbXJJ2tVW5-I3jZKvC4wsoxE&amp;amp;amp;amp;amp;amp;trk=nav_responsive_tab_home","https:\/\/www.youtube.com\/channel\/UCxL0wu1uN0_3_7hGG0306cw"]},{"@type":"Person","@id":"https:\/\/www.bellunopress.it\/#\/schema\/person\/79bb06722b37ece1c03d3e94beb30d73","name":"r\u00e9daction","image":{"@type":"ImageObject","inLanguage":"fr-FR","@id":"https:\/\/secure.gravatar.com\/avatar\/37d968a2e67a6fd04c169c4bdef102d0bc5d31b2546345219e348575eb80e9a0?s=96&d=mm&r=g","url":"https:\/\/secure.gravatar.com\/avatar\/37d968a2e67a6fd04c169c4bdef102d0bc5d31b2546345219e348575eb80e9a0?s=96&d=mm&r=g","contentUrl":"https:\/\/secure.gravatar.com\/avatar\/37d968a2e67a6fd04c169c4bdef102d0bc5d31b2546345219e348575eb80e9a0?s=96&d=mm&r=g","caption":"redazione"},"sameAs":["http:\/\/www.bellunopress.it","https:\/\/x.com\/bellunopress"],"url":"https:\/\/www.bellunopress.it\/fr\/author\/redazione\/"}]}},"_links":{"self":[{"href":"https:\/\/www.bellunopress.it\/fr\/wp-json\/wp\/v2\/posts\/29645","targetHints":{"allow":["GET"]}}],"collection":[{"href":"https:\/\/www.bellunopress.it\/fr\/wp-json\/wp\/v2\/posts"}],"about":[{"href":"https:\/\/www.bellunopress.it\/fr\/wp-json\/wp\/v2\/types\/post"}],"author":[{"embeddable":true,"href":"https:\/\/www.bellunopress.it\/fr\/wp-json\/wp\/v2\/users\/2"}],"replies":[{"embeddable":true,"href":"https:\/\/www.bellunopress.it\/fr\/wp-json\/wp\/v2\/comments?post=29645"}],"version-history":[{"count":1,"href":"https:\/\/www.bellunopress.it\/fr\/wp-json\/wp\/v2\/posts\/29645\/revisions"}],"predecessor-version":[{"id":29646,"href":"https:\/\/www.bellunopress.it\/fr\/wp-json\/wp\/v2\/posts\/29645\/revisions\/29646"}],"wp:attachment":[{"href":"https:\/\/www.bellunopress.it\/fr\/wp-json\/wp\/v2\/media?parent=29645"}],"wp:term":[{"taxonomy":"category","embeddable":true,"href":"https:\/\/www.bellunopress.it\/fr\/wp-json\/wp\/v2\/categories?post=29645"},{"taxonomy":"post_tag","embeddable":true,"href":"https:\/\/www.bellunopress.it\/fr\/wp-json\/wp\/v2\/tags?post=29645"}],"curies":[{"name":"wp","href":"https:\/\/api.w.org\/{rel}","templated":true}]}}