{"id":29641,"date":"2011-08-15T21:34:55","date_gmt":"2011-08-15T20:34:55","guid":{"rendered":"http:\/\/www.bellunopress.it\/?p=29641"},"modified":"2011-08-15T21:35:30","modified_gmt":"2011-08-15T20:35:30","slug":"soccorsi-tre-escursionisti-in-difficolta","status":"publish","type":"post","link":"https:\/\/www.bellunopress.it\/fr\/2011\/08\/15\/soccorsi-tre-escursionisti-in-difficolta\/","title":{"rendered":"Soccorsi tre escursionisti in difficolt\u00e0"},"content":{"rendered":"<p><a href=\"http:\/\/www.bellunopress.it\/wp-content\/uploads\/2011\/06\/soccorso-alpino-140x137.jpg\"><img loading=\"lazy\" decoding=\"async\" class=\"alignleft size-full wp-image-28204\" title=\"soccorso alpino 140x137\" src=\"http:\/\/www.bellunopress.it\/wp-content\/uploads\/2011\/06\/soccorso-alpino-140x137.jpg\" alt=\"\" width=\"128\" height=\"140\" \/><\/a>Pieve di Cadore (BL), 15-08-11\u00a0 In tarda mattinata tre escursionisti hanno sbagliato sentiero e si sono persi scendendo dalla Val Montina. In loro aiuto il 118 ha mandato due squadre del Soccorso alpino di Pieve di Cadore che, sotto il temporale, li hanno individuati e riaccompagnati a valle. I tre, dopo aver passato la notte al bivacco Greselin, sulla Cima dei Preti, erano partiti questa mattina per raggiungere bivacco Baroni. Sotto Forcella dei Frati sono scesi verso la Val Montina, ma hanno perso la traccia del sentiero e, proseguendo lungo la vallata, sono arrivati in un punto difficile, incapaci di proseguire, e hanno chiesto l&#8217;intervento del 118. I soccorritori dopo aver ritrovato i tre, L.D.L., 40 anni, M.D.L., 37 anni, e N.P., 33 anni, di Maniago (PN), li hanno riportati sul sentiero e riaccompagnati a valle.<\/p>","protected":false},"excerpt":{"rendered":"<p>Pieve di Cadore (BL), 15-08-11\u00a0 In tarda mattinata tre escursionisti hanno sbagliato sentiero e si sono persi scendendo dalla Val Montina. In loro aiuto il 118 ha mandato due squadre del Soccorso alpino di Pieve di Cadore che, sotto il temporale, li hanno individuati e riaccompagnati a valle. I tre, dopo aver passato la notte [&hellip;]<\/p>\n","protected":false},"author":2,"featured_media":0,"comment_status":"closed","ping_status":"open","sticky":false,"template":"","format":"standard","meta":{"footnotes":""},"categories":[5,26],"tags":[],"class_list":["post-29641","post","type-post","status-publish","format-standard","category-cronaca","category-prima-pagina"],"yoast_head":"<!-- This site is optimized with the Yoast SEO plugin v28.4 - https:\/\/yoast.com\/product\/yoast-seo-wordpress\/ -->\n<title>Soccorsi tre escursionisti in difficolt\u00e0 - Bellunopress - Dolomiti<\/title>\n<meta name=\"robots\" content=\"index, follow, max-snippet:-1, max-image-preview:large, max-video-preview:-1\" \/>\n<link rel=\"canonical\" href=\"https:\/\/www.bellunopress.it\/fr\/2011\/08\/15\/soccorsi-tre-escursionisti-in-difficolta\/\" \/>\n<meta property=\"og:locale\" content=\"fr_FR\" \/>\n<meta property=\"og:type\" content=\"article\" \/>\n<meta property=\"og:title\" content=\"Soccorsi tre escursionisti in difficolt\u00e0 - Bellunopress - Dolomiti\" \/>\n<meta property=\"og:description\" content=\"Pieve di Cadore (BL), 15-08-11\u00a0 In tarda mattinata tre escursionisti hanno sbagliato sentiero e si sono persi scendendo dalla Val Montina. In loro aiuto il 118 ha mandato due squadre del Soccorso alpino di Pieve di Cadore che, sotto il temporale, li hanno individuati e riaccompagnati a valle. I tre, dopo aver passato la notte [&hellip;]\" \/>\n<meta property=\"og:url\" content=\"https:\/\/www.bellunopress.it\/fr\/2011\/08\/15\/soccorsi-tre-escursionisti-in-difficolta\/\" \/>\n<meta property=\"og:site_name\" content=\"Bellunopress - Dolomiti\" \/>\n<meta property=\"article:publisher\" content=\"https:\/\/www.facebook.com\/profile.php?id=100008943462799\" \/>\n<meta property=\"article:published_time\" content=\"2011-08-15T20:34:55+00:00\" \/>\n<meta property=\"article:modified_time\" content=\"2011-08-15T20:35:30+00:00\" \/>\n<meta property=\"og:image\" content=\"http:\/\/www.bellunopress.it\/wp-content\/uploads\/2011\/06\/soccorso-alpino-140x137.jpg\" \/>\n<meta name=\"author\" content=\"redazione\" \/>\n<meta name=\"twitter:card\" content=\"summary_large_image\" \/>\n<meta name=\"twitter:creator\" content=\"@bellunopress\" \/>\n<meta name=\"twitter:site\" content=\"@bellunopress\" \/>\n<meta name=\"twitter:label1\" content=\"\u00c9crit par\" \/>\n\t<meta name=\"twitter:data1\" content=\"redazione\" \/>\n\t<meta name=\"twitter:label2\" content=\"Dur\u00e9e de lecture estim\u00e9e\" \/>\n\t<meta name=\"twitter:data2\" content=\"1 minute\" \/>\n<script type=\"application\/ld+json\" class=\"yoast-schema-graph\">{\"@context\":\"https:\\\/\\\/schema.org\",\"@graph\":[{\"@type\":\"Article\",\"@id\":\"https:\\\/\\\/www.bellunopress.it\\\/2011\\\/08\\\/15\\\/soccorsi-tre-escursionisti-in-difficolta\\\/#article\",\"isPartOf\":{\"@id\":\"https:\\\/\\\/www.bellunopress.it\\\/2011\\\/08\\\/15\\\/soccorsi-tre-escursionisti-in-difficolta\\\/\"},\"author\":{\"name\":\"redazione\",\"@id\":\"https:\\\/\\\/www.bellunopress.it\\\/#\\\/schema\\\/person\\\/79bb06722b37ece1c03d3e94beb30d73\"},\"headline\":\"Soccorsi tre escursionisti in difficolt\u00e0\",\"datePublished\":\"2011-08-15T20:34:55+00:00\",\"dateModified\":\"2011-08-15T20:35:30+00:00\",\"mainEntityOfPage\":{\"@id\":\"https:\\\/\\\/www.bellunopress.it\\\/2011\\\/08\\\/15\\\/soccorsi-tre-escursionisti-in-difficolta\\\/\"},\"wordCount\":143,\"publisher\":{\"@id\":\"https:\\\/\\\/www.bellunopress.it\\\/#organization\"},\"image\":{\"@id\":\"https:\\\/\\\/www.bellunopress.it\\\/2011\\\/08\\\/15\\\/soccorsi-tre-escursionisti-in-difficolta\\\/#primaryimage\"},\"thumbnailUrl\":\"http:\\\/\\\/www.bellunopress.it\\\/wp-content\\\/uploads\\\/2011\\\/06\\\/soccorso-alpino-140x137.jpg\",\"articleSection\":[\"Cronaca\\\/Politica\",\"Prima Pagina\"],\"inLanguage\":\"fr-FR\"},{\"@type\":\"WebPage\",\"@id\":\"https:\\\/\\\/www.bellunopress.it\\\/2011\\\/08\\\/15\\\/soccorsi-tre-escursionisti-in-difficolta\\\/\",\"url\":\"https:\\\/\\\/www.bellunopress.it\\\/2011\\\/08\\\/15\\\/soccorsi-tre-escursionisti-in-difficolta\\\/\",\"name\":\"Soccorsi tre escursionisti in difficolt\u00e0 - Bellunopress - Dolomiti\",\"isPartOf\":{\"@id\":\"https:\\\/\\\/www.bellunopress.it\\\/#website\"},\"primaryImageOfPage\":{\"@id\":\"https:\\\/\\\/www.bellunopress.it\\\/2011\\\/08\\\/15\\\/soccorsi-tre-escursionisti-in-difficolta\\\/#primaryimage\"},\"image\":{\"@id\":\"https:\\\/\\\/www.bellunopress.it\\\/2011\\\/08\\\/15\\\/soccorsi-tre-escursionisti-in-difficolta\\\/#primaryimage\"},\"thumbnailUrl\":\"http:\\\/\\\/www.bellunopress.it\\\/wp-content\\\/uploads\\\/2011\\\/06\\\/soccorso-alpino-140x137.jpg\",\"datePublished\":\"2011-08-15T20:34:55+00:00\",\"dateModified\":\"2011-08-15T20:35:30+00:00\",\"breadcrumb\":{\"@id\":\"https:\\\/\\\/www.bellunopress.it\\\/2011\\\/08\\\/15\\\/soccorsi-tre-escursionisti-in-difficolta\\\/#breadcrumb\"},\"inLanguage\":\"fr-FR\",\"potentialAction\":[{\"@type\":\"ReadAction\",\"target\":[\"https:\\\/\\\/www.bellunopress.it\\\/2011\\\/08\\\/15\\\/soccorsi-tre-escursionisti-in-difficolta\\\/\"]}]},{\"@type\":\"ImageObject\",\"inLanguage\":\"fr-FR\",\"@id\":\"https:\\\/\\\/www.bellunopress.it\\\/2011\\\/08\\\/15\\\/soccorsi-tre-escursionisti-in-difficolta\\\/#primaryimage\",\"url\":\"http:\\\/\\\/www.bellunopress.it\\\/wp-content\\\/uploads\\\/2011\\\/06\\\/soccorso-alpino-140x137.jpg\",\"contentUrl\":\"http:\\\/\\\/www.bellunopress.it\\\/wp-content\\\/uploads\\\/2011\\\/06\\\/soccorso-alpino-140x137.jpg\"},{\"@type\":\"BreadcrumbList\",\"@id\":\"https:\\\/\\\/www.bellunopress.it\\\/2011\\\/08\\\/15\\\/soccorsi-tre-escursionisti-in-difficolta\\\/#breadcrumb\",\"itemListElement\":[{\"@type\":\"ListItem\",\"position\":1,\"name\":\"Home\",\"item\":\"https:\\\/\\\/www.bellunopress.it\\\/\"},{\"@type\":\"ListItem\",\"position\":2,\"name\":\"Soccorsi tre escursionisti in difficolt\u00e0\"}]},{\"@type\":\"WebSite\",\"@id\":\"https:\\\/\\\/www.bellunopress.it\\\/#website\",\"url\":\"https:\\\/\\\/www.bellunopress.it\\\/\",\"name\":\"Bellunopress - Dolomiti\",\"description\":\"e-mail: redazione@bellunopress.it\",\"publisher\":{\"@id\":\"https:\\\/\\\/www.bellunopress.it\\\/#organization\"},\"potentialAction\":[{\"@type\":\"SearchAction\",\"target\":{\"@type\":\"EntryPoint\",\"urlTemplate\":\"https:\\\/\\\/www.bellunopress.it\\\/?s={search_term_string}\"},\"query-input\":{\"@type\":\"PropertyValueSpecification\",\"valueRequired\":true,\"valueName\":\"search_term_string\"}}],\"inLanguage\":\"fr-FR\"},{\"@type\":\"Organization\",\"@id\":\"https:\\\/\\\/www.bellunopress.it\\\/#organization\",\"name\":\"Bellunopress\",\"url\":\"https:\\\/\\\/www.bellunopress.it\\\/\",\"logo\":{\"@type\":\"ImageObject\",\"inLanguage\":\"fr-FR\",\"@id\":\"https:\\\/\\\/www.bellunopress.it\\\/#\\\/schema\\\/logo\\\/image\\\/\",\"url\":\"https:\\\/\\\/www.bellunopress.it\\\/wp-content\\\/uploads\\\/2011\\\/05\\\/cropped-logo-bellunopress-.jpg\",\"contentUrl\":\"https:\\\/\\\/www.bellunopress.it\\\/wp-content\\\/uploads\\\/2011\\\/05\\\/cropped-logo-bellunopress-.jpg\",\"width\":512,\"height\":512,\"caption\":\"Bellunopress\"},\"image\":{\"@id\":\"https:\\\/\\\/www.bellunopress.it\\\/#\\\/schema\\\/logo\\\/image\\\/\"},\"sameAs\":[\"https:\\\/\\\/www.facebook.com\\\/profile.php?id=100008943462799\",\"https:\\\/\\\/x.com\\\/bellunopress\",\"https:\\\/\\\/www.linkedin.com\\\/hp\\\/?dnr=JBzUWaJfMUw8vbXJJ2tVW5-I3jZKvC4wsoxE&amp;amp;amp;amp;amp;amp;trk=nav_responsive_tab_home\",\"https:\\\/\\\/www.youtube.com\\\/channel\\\/UCxL0wu1uN0_3_7hGG0306cw\"]},{\"@type\":\"Person\",\"@id\":\"https:\\\/\\\/www.bellunopress.it\\\/#\\\/schema\\\/person\\\/79bb06722b37ece1c03d3e94beb30d73\",\"name\":\"redazione\",\"image\":{\"@type\":\"ImageObject\",\"inLanguage\":\"fr-FR\",\"@id\":\"https:\\\/\\\/secure.gravatar.com\\\/avatar\\\/37d968a2e67a6fd04c169c4bdef102d0bc5d31b2546345219e348575eb80e9a0?s=96&d=mm&r=g\",\"url\":\"https:\\\/\\\/secure.gravatar.com\\\/avatar\\\/37d968a2e67a6fd04c169c4bdef102d0bc5d31b2546345219e348575eb80e9a0?s=96&d=mm&r=g\",\"contentUrl\":\"https:\\\/\\\/secure.gravatar.com\\\/avatar\\\/37d968a2e67a6fd04c169c4bdef102d0bc5d31b2546345219e348575eb80e9a0?s=96&d=mm&r=g\",\"caption\":\"redazione\"},\"sameAs\":[\"http:\\\/\\\/www.bellunopress.it\",\"https:\\\/\\\/x.com\\\/bellunopress\"],\"url\":\"https:\\\/\\\/www.bellunopress.it\\\/fr\\\/author\\\/redazione\\\/\"}]}<\/script>\n<!-- \/ Yoast SEO plugin. -->","yoast_head_json":{"title":"Soccorsi tre escursionisti in difficolt\u00e0 - Bellunopress - Dolomiti","robots":{"index":"index","follow":"follow","max-snippet":"max-snippet:-1","max-image-preview":"max-image-preview:large","max-video-preview":"max-video-preview:-1"},"canonical":"https:\/\/www.bellunopress.it\/fr\/2011\/08\/15\/soccorsi-tre-escursionisti-in-difficolta\/","og_locale":"fr_FR","og_type":"article","og_title":"Soccorsi tre escursionisti in difficolt\u00e0 - Bellunopress - Dolomiti","og_description":"Pieve di Cadore (BL), 15-08-11\u00a0 In tarda mattinata tre escursionisti hanno sbagliato sentiero e si sono persi scendendo dalla Val Montina. In loro aiuto il 118 ha mandato due squadre del Soccorso alpino di Pieve di Cadore che, sotto il temporale, li hanno individuati e riaccompagnati a valle. I tre, dopo aver passato la notte [&hellip;]","og_url":"https:\/\/www.bellunopress.it\/fr\/2011\/08\/15\/soccorsi-tre-escursionisti-in-difficolta\/","og_site_name":"Bellunopress - Dolomiti","article_publisher":"https:\/\/www.facebook.com\/profile.php?id=100008943462799","article_published_time":"2011-08-15T20:34:55+00:00","article_modified_time":"2011-08-15T20:35:30+00:00","og_image":[{"url":"http:\/\/www.bellunopress.it\/wp-content\/uploads\/2011\/06\/soccorso-alpino-140x137.jpg","type":"","width":"","height":""}],"author":"redazione","twitter_card":"summary_large_image","twitter_creator":"@bellunopress","twitter_site":"@bellunopress","twitter_misc":{"\u00c9crit par":"redazione","Dur\u00e9e de lecture estim\u00e9e":"1 minute"},"schema":{"@context":"https:\/\/schema.org","@graph":[{"@type":"Article","@id":"https:\/\/www.bellunopress.it\/2011\/08\/15\/soccorsi-tre-escursionisti-in-difficolta\/#article","isPartOf":{"@id":"https:\/\/www.bellunopress.it\/2011\/08\/15\/soccorsi-tre-escursionisti-in-difficolta\/"},"author":{"name":"redazione","@id":"https:\/\/www.bellunopress.it\/#\/schema\/person\/79bb06722b37ece1c03d3e94beb30d73"},"headline":"Soccorsi tre escursionisti in difficolt\u00e0","datePublished":"2011-08-15T20:34:55+00:00","dateModified":"2011-08-15T20:35:30+00:00","mainEntityOfPage":{"@id":"https:\/\/www.bellunopress.it\/2011\/08\/15\/soccorsi-tre-escursionisti-in-difficolta\/"},"wordCount":143,"publisher":{"@id":"https:\/\/www.bellunopress.it\/#organization"},"image":{"@id":"https:\/\/www.bellunopress.it\/2011\/08\/15\/soccorsi-tre-escursionisti-in-difficolta\/#primaryimage"},"thumbnailUrl":"http:\/\/www.bellunopress.it\/wp-content\/uploads\/2011\/06\/soccorso-alpino-140x137.jpg","articleSection":["Cronaca\/Politica","Prima Pagina"],"inLanguage":"fr-FR"},{"@type":"WebPage","@id":"https:\/\/www.bellunopress.it\/2011\/08\/15\/soccorsi-tre-escursionisti-in-difficolta\/","url":"https:\/\/www.bellunopress.it\/2011\/08\/15\/soccorsi-tre-escursionisti-in-difficolta\/","name":"Soccorsi tre escursionisti in difficolt\u00e0 - Bellunopress - Dolomiti","isPartOf":{"@id":"https:\/\/www.bellunopress.it\/#website"},"primaryImageOfPage":{"@id":"https:\/\/www.bellunopress.it\/2011\/08\/15\/soccorsi-tre-escursionisti-in-difficolta\/#primaryimage"},"image":{"@id":"https:\/\/www.bellunopress.it\/2011\/08\/15\/soccorsi-tre-escursionisti-in-difficolta\/#primaryimage"},"thumbnailUrl":"http:\/\/www.bellunopress.it\/wp-content\/uploads\/2011\/06\/soccorso-alpino-140x137.jpg","datePublished":"2011-08-15T20:34:55+00:00","dateModified":"2011-08-15T20:35:30+00:00","breadcrumb":{"@id":"https:\/\/www.bellunopress.it\/2011\/08\/15\/soccorsi-tre-escursionisti-in-difficolta\/#breadcrumb"},"inLanguage":"fr-FR","potentialAction":[{"@type":"ReadAction","target":["https:\/\/www.bellunopress.it\/2011\/08\/15\/soccorsi-tre-escursionisti-in-difficolta\/"]}]},{"@type":"ImageObject","inLanguage":"fr-FR","@id":"https:\/\/www.bellunopress.it\/2011\/08\/15\/soccorsi-tre-escursionisti-in-difficolta\/#primaryimage","url":"http:\/\/www.bellunopress.it\/wp-content\/uploads\/2011\/06\/soccorso-alpino-140x137.jpg","contentUrl":"http:\/\/www.bellunopress.it\/wp-content\/uploads\/2011\/06\/soccorso-alpino-140x137.jpg"},{"@type":"BreadcrumbList","@id":"https:\/\/www.bellunopress.it\/2011\/08\/15\/soccorsi-tre-escursionisti-in-difficolta\/#breadcrumb","itemListElement":[{"@type":"ListItem","position":1,"name":"Home","item":"https:\/\/www.bellunopress.it\/"},{"@type":"ListItem","position":2,"name":"Soccorsi tre escursionisti in difficolt\u00e0"}]},{"@type":"WebSite","@id":"https:\/\/www.bellunopress.it\/#website","url":"https:\/\/www.bellunopress.it\/","name":"Bellunopress - Dolomiti","description":"e-mail: redazione@bellunopress.it","publisher":{"@id":"https:\/\/www.bellunopress.it\/#organization"},"potentialAction":[{"@type":"SearchAction","target":{"@type":"EntryPoint","urlTemplate":"https:\/\/www.bellunopress.it\/?s={search_term_string}"},"query-input":{"@type":"PropertyValueSpecification","valueRequired":true,"valueName":"search_term_string"}}],"inLanguage":"fr-FR"},{"@type":"Organization","@id":"https:\/\/www.bellunopress.it\/#organization","name":"Bellunopress","url":"https:\/\/www.bellunopress.it\/","logo":{"@type":"ImageObject","inLanguage":"fr-FR","@id":"https:\/\/www.bellunopress.it\/#\/schema\/logo\/image\/","url":"https:\/\/www.bellunopress.it\/wp-content\/uploads\/2011\/05\/cropped-logo-bellunopress-.jpg","contentUrl":"https:\/\/www.bellunopress.it\/wp-content\/uploads\/2011\/05\/cropped-logo-bellunopress-.jpg","width":512,"height":512,"caption":"Bellunopress"},"image":{"@id":"https:\/\/www.bellunopress.it\/#\/schema\/logo\/image\/"},"sameAs":["https:\/\/www.facebook.com\/profile.php?id=100008943462799","https:\/\/x.com\/bellunopress","https:\/\/www.linkedin.com\/hp\/?dnr=JBzUWaJfMUw8vbXJJ2tVW5-I3jZKvC4wsoxE&amp;amp;amp;amp;amp;amp;trk=nav_responsive_tab_home","https:\/\/www.youtube.com\/channel\/UCxL0wu1uN0_3_7hGG0306cw"]},{"@type":"Person","@id":"https:\/\/www.bellunopress.it\/#\/schema\/person\/79bb06722b37ece1c03d3e94beb30d73","name":"r\u00e9daction","image":{"@type":"ImageObject","inLanguage":"fr-FR","@id":"https:\/\/secure.gravatar.com\/avatar\/37d968a2e67a6fd04c169c4bdef102d0bc5d31b2546345219e348575eb80e9a0?s=96&d=mm&r=g","url":"https:\/\/secure.gravatar.com\/avatar\/37d968a2e67a6fd04c169c4bdef102d0bc5d31b2546345219e348575eb80e9a0?s=96&d=mm&r=g","contentUrl":"https:\/\/secure.gravatar.com\/avatar\/37d968a2e67a6fd04c169c4bdef102d0bc5d31b2546345219e348575eb80e9a0?s=96&d=mm&r=g","caption":"redazione"},"sameAs":["http:\/\/www.bellunopress.it","https:\/\/x.com\/bellunopress"],"url":"https:\/\/www.bellunopress.it\/fr\/author\/redazione\/"}]}},"_links":{"self":[{"href":"https:\/\/www.bellunopress.it\/fr\/wp-json\/wp\/v2\/posts\/29641","targetHints":{"allow":["GET"]}}],"collection":[{"href":"https:\/\/www.bellunopress.it\/fr\/wp-json\/wp\/v2\/posts"}],"about":[{"href":"https:\/\/www.bellunopress.it\/fr\/wp-json\/wp\/v2\/types\/post"}],"author":[{"embeddable":true,"href":"https:\/\/www.bellunopress.it\/fr\/wp-json\/wp\/v2\/users\/2"}],"replies":[{"embeddable":true,"href":"https:\/\/www.bellunopress.it\/fr\/wp-json\/wp\/v2\/comments?post=29641"}],"version-history":[{"count":3,"href":"https:\/\/www.bellunopress.it\/fr\/wp-json\/wp\/v2\/posts\/29641\/revisions"}],"predecessor-version":[{"id":29643,"href":"https:\/\/www.bellunopress.it\/fr\/wp-json\/wp\/v2\/posts\/29641\/revisions\/29643"}],"wp:attachment":[{"href":"https:\/\/www.bellunopress.it\/fr\/wp-json\/wp\/v2\/media?parent=29641"}],"wp:term":[{"taxonomy":"category","embeddable":true,"href":"https:\/\/www.bellunopress.it\/fr\/wp-json\/wp\/v2\/categories?post=29641"},{"taxonomy":"post_tag","embeddable":true,"href":"https:\/\/www.bellunopress.it\/fr\/wp-json\/wp\/v2\/tags?post=29641"}],"curies":[{"name":"wp","href":"https:\/\/api.w.org\/{rel}","templated":true}]}}