{"id":29638,"date":"2011-08-15T05:52:54","date_gmt":"2011-08-15T04:52:54","guid":{"rendered":"http:\/\/www.bellunopress.it\/?p=29638"},"modified":"2011-08-15T05:52:54","modified_gmt":"2011-08-15T04:52:54","slug":"mercoledi-ad-auronzo-la-regista-giovanna-taviani-presenta-fughe-e-approdi","status":"publish","type":"post","link":"https:\/\/www.bellunopress.it\/fr\/2011\/08\/15\/mercoledi-ad-auronzo-la-regista-giovanna-taviani-presenta-fughe-e-approdi\/","title":{"rendered":"Mercoled\u00ec ad Auronzo la regista Giovanna Taviani presenta &#8220;Fughe e approdi&#8221;"},"content":{"rendered":"<p>Appuntamento da non perdere per la rassegna \u201cAuronzo Attualit\u00e0\u201d, curata dall\u2019Assessorato alla Cultura di Auronzo: mercoled\u00ec 17 agosto, ore 21, (entrata libera), nella sala del Teatro Kursaal di Auronzo, verr\u00e0 presentato il documentario \u201cFughe e Approdi: ritorno alle Eolie tra cinema e realt\u00e0\u201d, della durata di un ora e venti minuti, alla presenza della regista Giovanna Taviani, e del Sindaco di Lipari Mariano Bruno.<\/p>\n<p>Il film ha gi\u00e0 vinto numerosi premi: premio come miglior documentario al \u201cSicilianFilmFestival\u201d di Miami, Premio Speciale Sezione documentari \u201cFederico II\u201d, il Premio Speciale Documentari \u201cNastri D\u2019Argento 2011\u201d. Ha inoltre avuto la Nomination come miglior documentario ai \u201cGlobi d\u2019oro 2011\u201d.<\/p>\n<p>Il film si presenta come un viaggio su una tartana dalla vela rossa attraverso le isole Eolie, luoghi di espatri e emigrazioni tra Ottocento e Novecento, per raccontare le fughe e gli approdi tra immaginario e realt\u00e0: dalle Isole Eolie fuggivano infatti i cavatori di pietra, gli isolani che emigravano, i confinati politici; ma qui approdavano anche i grandi maestri del cinema, come Roberto Rossellini ( Stromboli, Terra di Dio), Michelangelo Antonioni (L\u2019Avventura), i fratelli Taviani (Kaos), Mieterle (Vulcano), fino al Troisi di Il Postino e al Moretti di Caro Diario.<\/p>\n<p>Nel documentario, che ha per protagonista un pescatore di Lipari Franco \u201cFigliodoro\u201d, si ripercorrono quei film e quei luoghi attraverso le testimonianze della gente che partecip\u00f2 alla guerra dei due vulcani tra Ingrid Bergman e Anna Magnani, che vide Monica Vitti perdersi sullo scoglio di Liscia bianca,\u00a0 in un susseguirsi di immagini del viaggio che si dissolvono nelle immagini del film, in un unico impasto tra realt\u00e0 e finzione.<\/p>\n<p>La serata sar\u00e0 una bellissima occasione anche per suggellare il gemellaggio culturale tra le Dolomiti e le Eolie, in particolare tra le amministrazioni comunali di Auronzo e Lipari, con i rispettivi sindaci Bruno Zandegiacomo Orsolina e Mariano Bruno, e tra gli studenti del Liceo Linguistico \u201cCadore\u201d e quelli dell\u2019Istituto Vainicher di Lipari.<\/p>\n<p>L\u2019idea di organizzare una serata culturale estiva dedicata al gemellaggio \u00e8 nata durante l\u2019ultima visita degli studenti cadorini alle Eolie; l\u2019Assessore alla cultura Tatiana Pais Becher ricorda: \u201cSiamo stati invitati a pranzo dal Sindaco di Lipari Mariano Bruno, sempre pi\u00f9 entusiasta dell\u2019iniziativa, tanto da avere addirittura appeso nel suo ufficio in municipio un quadro raffigurante le Tre Cime di Lavaredo, e insieme abbiamo iniziato a progettare un percorso comune per poter continuare a sviluppare questo bellissimo progetto dal punto di vista della formazione, cultura e anche turismo. Il Sindaco mi ha cos\u00ec proposto la presentazione di questo documentario di Giovanna Taviani ad Auronzo e ha immediatamente telefonato alla regista che ci ha confermato la sua disponibilit\u00e0. Contemporaneamente siamo stati contattati dal presidente di Longarone Fiere, Oscar De Bona, che chiedeva la disponibilit\u00e0 ad essere presenti con uno stand dedicato alle Isole Eolie alla fiera dedicata all\u2019Unesco e alle Dolomiti che si terr\u00e0 a Longarone ai primi di ottobre\u201d.<\/p>\n<p>&nbsp;<\/p>\n<p>Il progetto di gemellaggio culturale fra le Eolie e le Dolomiti, gi\u00e0 legate dalla figura del geologo francese Dolomieu, nasce dalla volont\u00e0 di rendere le nuove generazioni consapevoli della \u201cinscindibilit\u00e0 del patrimonio ambientale italiano da Nord a Sud\u201d: queste\u00a0 le parole del Presidente della Repubblica Napolitano, in occasione della cerimonia di consegna del riconoscimento Unesco alle Dolomiti (Auronzo 2009) che, nel farsi garante dell\u2019unit\u00e0 nazionale \u201cdal mare ai monti\u201d, ha sollecitato alla responsabilit\u00e0 nella \u201csalvaguardia della ricchezza comune\u201d, devono costituire uno stimolo per i giovani, futuri cittadini, e un impegno per le istituzioni alla tutela ed alla valorizzazione del proprio territorio come bene prezioso di cui essere orgogliosi.<br \/>\nIl progetto di gemellaggio ha ottenuto il finanziamento e patrocinio del Ministero dell\u2019Ambiente;\u00a0 \u00e8 inoltre tra i vincitori per l\u2019anno scolastico 2010-2011 del concorso \u201cAlla Scoperta del tuo Paese\u201d indetto dal Ministero dell\u2019Istruzione e dal Ministero dei Beni Culturali.<\/p>\n<p>&nbsp;<\/p>\n<p>&nbsp;<\/p>","protected":false},"excerpt":{"rendered":"<p>Appuntamento da non perdere per la rassegna \u201cAuronzo Attualit\u00e0\u201d, curata dall\u2019Assessorato alla Cultura di Auronzo: mercoled\u00ec 17 agosto, ore 21, (entrata libera), nella sala del Teatro Kursaal di Auronzo, verr\u00e0 presentato il documentario \u201cFughe e Approdi: ritorno alle Eolie tra cinema e realt\u00e0\u201d, della durata di un ora e venti minuti, alla presenza della regista [&hellip;]<\/p>\n","protected":false},"author":2,"featured_media":0,"comment_status":"closed","ping_status":"open","sticky":false,"template":"","format":"standard","meta":{"footnotes":""},"categories":[27,3,25],"tags":[],"class_list":["post-29638","post","type-post","status-publish","format-standard","category-appuntamenti","category-arte-cultura-spettacoli-scienza-archivi","category-pausa-caffe"],"yoast_head":"<!-- This site is optimized with the Yoast SEO plugin v28.4 - https:\/\/yoast.com\/product\/yoast-seo-wordpress\/ -->\n<title>Mercoled\u00ec ad Auronzo la regista Giovanna Taviani presenta &quot;Fughe e approdi&quot; - Bellunopress - Dolomiti<\/title>\n<meta name=\"robots\" content=\"index, follow, max-snippet:-1, max-image-preview:large, max-video-preview:-1\" \/>\n<link rel=\"canonical\" href=\"https:\/\/www.bellunopress.it\/fr\/2011\/08\/15\/mercoledi-ad-auronzo-la-regista-giovanna-taviani-presenta-fughe-e-approdi\/\" \/>\n<meta property=\"og:locale\" content=\"fr_FR\" \/>\n<meta property=\"og:type\" content=\"article\" \/>\n<meta property=\"og:title\" content=\"Mercoled\u00ec ad Auronzo la regista Giovanna Taviani presenta &quot;Fughe e approdi&quot; - Bellunopress - Dolomiti\" \/>\n<meta property=\"og:description\" content=\"Appuntamento da non perdere per la rassegna \u201cAuronzo Attualit\u00e0\u201d, curata dall\u2019Assessorato alla Cultura di Auronzo: mercoled\u00ec 17 agosto, ore 21, (entrata libera), nella sala del Teatro Kursaal di Auronzo, verr\u00e0 presentato il documentario \u201cFughe e Approdi: ritorno alle Eolie tra cinema e realt\u00e0\u201d, della durata di un ora e venti minuti, alla presenza della regista [&hellip;]\" \/>\n<meta property=\"og:url\" content=\"https:\/\/www.bellunopress.it\/fr\/2011\/08\/15\/mercoledi-ad-auronzo-la-regista-giovanna-taviani-presenta-fughe-e-approdi\/\" \/>\n<meta property=\"og:site_name\" content=\"Bellunopress - Dolomiti\" \/>\n<meta property=\"article:publisher\" content=\"https:\/\/www.facebook.com\/profile.php?id=100008943462799\" \/>\n<meta property=\"article:published_time\" content=\"2011-08-15T04:52:54+00:00\" \/>\n<meta property=\"og:image\" content=\"http:\/\/www.bellunopress.it\/wp-content\/uploads\/2012\/07\/logo-bellunopress-250x250-2012.jpg\" \/>\n<meta name=\"author\" content=\"redazione\" \/>\n<meta name=\"twitter:card\" content=\"summary_large_image\" \/>\n<meta name=\"twitter:creator\" content=\"@bellunopress\" \/>\n<meta name=\"twitter:site\" content=\"@bellunopress\" \/>\n<meta name=\"twitter:label1\" content=\"\u00c9crit par\" \/>\n\t<meta name=\"twitter:data1\" content=\"redazione\" \/>\n\t<meta name=\"twitter:label2\" content=\"Dur\u00e9e de lecture estim\u00e9e\" \/>\n\t<meta name=\"twitter:data2\" content=\"3 minutes\" \/>\n<script type=\"application\/ld+json\" class=\"yoast-schema-graph\">{\"@context\":\"https:\\\/\\\/schema.org\",\"@graph\":[{\"@type\":\"Article\",\"@id\":\"https:\\\/\\\/www.bellunopress.it\\\/2011\\\/08\\\/15\\\/mercoledi-ad-auronzo-la-regista-giovanna-taviani-presenta-fughe-e-approdi\\\/#article\",\"isPartOf\":{\"@id\":\"https:\\\/\\\/www.bellunopress.it\\\/2011\\\/08\\\/15\\\/mercoledi-ad-auronzo-la-regista-giovanna-taviani-presenta-fughe-e-approdi\\\/\"},\"author\":{\"name\":\"redazione\",\"@id\":\"https:\\\/\\\/www.bellunopress.it\\\/#\\\/schema\\\/person\\\/79bb06722b37ece1c03d3e94beb30d73\"},\"headline\":\"Mercoled\u00ec ad Auronzo la regista Giovanna Taviani presenta &#8220;Fughe e approdi&#8221;\",\"datePublished\":\"2011-08-15T04:52:54+00:00\",\"mainEntityOfPage\":{\"@id\":\"https:\\\/\\\/www.bellunopress.it\\\/2011\\\/08\\\/15\\\/mercoledi-ad-auronzo-la-regista-giovanna-taviani-presenta-fughe-e-approdi\\\/\"},\"wordCount\":641,\"publisher\":{\"@id\":\"https:\\\/\\\/www.bellunopress.it\\\/#organization\"},\"articleSection\":[\"Appuntamenti, Eventi\",\"Arte, Cultura, Spettacoli, Scienza\",\"Pausa Caff\u00e8\"],\"inLanguage\":\"fr-FR\"},{\"@type\":\"WebPage\",\"@id\":\"https:\\\/\\\/www.bellunopress.it\\\/2011\\\/08\\\/15\\\/mercoledi-ad-auronzo-la-regista-giovanna-taviani-presenta-fughe-e-approdi\\\/\",\"url\":\"https:\\\/\\\/www.bellunopress.it\\\/2011\\\/08\\\/15\\\/mercoledi-ad-auronzo-la-regista-giovanna-taviani-presenta-fughe-e-approdi\\\/\",\"name\":\"Mercoled\u00ec ad Auronzo la regista Giovanna Taviani presenta \\\"Fughe e approdi\\\" - Bellunopress - Dolomiti\",\"isPartOf\":{\"@id\":\"https:\\\/\\\/www.bellunopress.it\\\/#website\"},\"datePublished\":\"2011-08-15T04:52:54+00:00\",\"breadcrumb\":{\"@id\":\"https:\\\/\\\/www.bellunopress.it\\\/2011\\\/08\\\/15\\\/mercoledi-ad-auronzo-la-regista-giovanna-taviani-presenta-fughe-e-approdi\\\/#breadcrumb\"},\"inLanguage\":\"fr-FR\",\"potentialAction\":[{\"@type\":\"ReadAction\",\"target\":[\"https:\\\/\\\/www.bellunopress.it\\\/2011\\\/08\\\/15\\\/mercoledi-ad-auronzo-la-regista-giovanna-taviani-presenta-fughe-e-approdi\\\/\"]}]},{\"@type\":\"BreadcrumbList\",\"@id\":\"https:\\\/\\\/www.bellunopress.it\\\/2011\\\/08\\\/15\\\/mercoledi-ad-auronzo-la-regista-giovanna-taviani-presenta-fughe-e-approdi\\\/#breadcrumb\",\"itemListElement\":[{\"@type\":\"ListItem\",\"position\":1,\"name\":\"Home\",\"item\":\"https:\\\/\\\/www.bellunopress.it\\\/\"},{\"@type\":\"ListItem\",\"position\":2,\"name\":\"Mercoled\u00ec ad Auronzo la regista Giovanna Taviani presenta &#8220;Fughe e approdi&#8221;\"}]},{\"@type\":\"WebSite\",\"@id\":\"https:\\\/\\\/www.bellunopress.it\\\/#website\",\"url\":\"https:\\\/\\\/www.bellunopress.it\\\/\",\"name\":\"Bellunopress - Dolomiti\",\"description\":\"e-mail: redazione@bellunopress.it\",\"publisher\":{\"@id\":\"https:\\\/\\\/www.bellunopress.it\\\/#organization\"},\"potentialAction\":[{\"@type\":\"SearchAction\",\"target\":{\"@type\":\"EntryPoint\",\"urlTemplate\":\"https:\\\/\\\/www.bellunopress.it\\\/?s={search_term_string}\"},\"query-input\":{\"@type\":\"PropertyValueSpecification\",\"valueRequired\":true,\"valueName\":\"search_term_string\"}}],\"inLanguage\":\"fr-FR\"},{\"@type\":\"Organization\",\"@id\":\"https:\\\/\\\/www.bellunopress.it\\\/#organization\",\"name\":\"Bellunopress\",\"url\":\"https:\\\/\\\/www.bellunopress.it\\\/\",\"logo\":{\"@type\":\"ImageObject\",\"inLanguage\":\"fr-FR\",\"@id\":\"https:\\\/\\\/www.bellunopress.it\\\/#\\\/schema\\\/logo\\\/image\\\/\",\"url\":\"https:\\\/\\\/www.bellunopress.it\\\/wp-content\\\/uploads\\\/2011\\\/05\\\/cropped-logo-bellunopress-.jpg\",\"contentUrl\":\"https:\\\/\\\/www.bellunopress.it\\\/wp-content\\\/uploads\\\/2011\\\/05\\\/cropped-logo-bellunopress-.jpg\",\"width\":512,\"height\":512,\"caption\":\"Bellunopress\"},\"image\":{\"@id\":\"https:\\\/\\\/www.bellunopress.it\\\/#\\\/schema\\\/logo\\\/image\\\/\"},\"sameAs\":[\"https:\\\/\\\/www.facebook.com\\\/profile.php?id=100008943462799\",\"https:\\\/\\\/x.com\\\/bellunopress\",\"https:\\\/\\\/www.linkedin.com\\\/hp\\\/?dnr=JBzUWaJfMUw8vbXJJ2tVW5-I3jZKvC4wsoxE&amp;amp;amp;amp;amp;amp;trk=nav_responsive_tab_home\",\"https:\\\/\\\/www.youtube.com\\\/channel\\\/UCxL0wu1uN0_3_7hGG0306cw\"]},{\"@type\":\"Person\",\"@id\":\"https:\\\/\\\/www.bellunopress.it\\\/#\\\/schema\\\/person\\\/79bb06722b37ece1c03d3e94beb30d73\",\"name\":\"redazione\",\"image\":{\"@type\":\"ImageObject\",\"inLanguage\":\"fr-FR\",\"@id\":\"https:\\\/\\\/secure.gravatar.com\\\/avatar\\\/37d968a2e67a6fd04c169c4bdef102d0bc5d31b2546345219e348575eb80e9a0?s=96&d=mm&r=g\",\"url\":\"https:\\\/\\\/secure.gravatar.com\\\/avatar\\\/37d968a2e67a6fd04c169c4bdef102d0bc5d31b2546345219e348575eb80e9a0?s=96&d=mm&r=g\",\"contentUrl\":\"https:\\\/\\\/secure.gravatar.com\\\/avatar\\\/37d968a2e67a6fd04c169c4bdef102d0bc5d31b2546345219e348575eb80e9a0?s=96&d=mm&r=g\",\"caption\":\"redazione\"},\"sameAs\":[\"http:\\\/\\\/www.bellunopress.it\",\"https:\\\/\\\/x.com\\\/bellunopress\"],\"url\":\"https:\\\/\\\/www.bellunopress.it\\\/fr\\\/author\\\/redazione\\\/\"}]}<\/script>\n<!-- \/ Yoast SEO plugin. -->","yoast_head_json":{"title":"Mercoled\u00ec ad Auronzo la regista Giovanna Taviani presenta \"Fughe e approdi\" - Bellunopress - Dolomiti","robots":{"index":"index","follow":"follow","max-snippet":"max-snippet:-1","max-image-preview":"max-image-preview:large","max-video-preview":"max-video-preview:-1"},"canonical":"https:\/\/www.bellunopress.it\/fr\/2011\/08\/15\/mercoledi-ad-auronzo-la-regista-giovanna-taviani-presenta-fughe-e-approdi\/","og_locale":"fr_FR","og_type":"article","og_title":"Mercoled\u00ec ad Auronzo la regista Giovanna Taviani presenta \"Fughe e approdi\" - Bellunopress - Dolomiti","og_description":"Appuntamento da non perdere per la rassegna \u201cAuronzo Attualit\u00e0\u201d, curata dall\u2019Assessorato alla Cultura di Auronzo: mercoled\u00ec 17 agosto, ore 21, (entrata libera), nella sala del Teatro Kursaal di Auronzo, verr\u00e0 presentato il documentario \u201cFughe e Approdi: ritorno alle Eolie tra cinema e realt\u00e0\u201d, della durata di un ora e venti minuti, alla presenza della regista [&hellip;]","og_url":"https:\/\/www.bellunopress.it\/fr\/2011\/08\/15\/mercoledi-ad-auronzo-la-regista-giovanna-taviani-presenta-fughe-e-approdi\/","og_site_name":"Bellunopress - Dolomiti","article_publisher":"https:\/\/www.facebook.com\/profile.php?id=100008943462799","article_published_time":"2011-08-15T04:52:54+00:00","og_image":[{"url":"http:\/\/www.bellunopress.it\/wp-content\/uploads\/2012\/07\/logo-bellunopress-250x250-2012.jpg","type":"","width":"","height":""}],"author":"redazione","twitter_card":"summary_large_image","twitter_creator":"@bellunopress","twitter_site":"@bellunopress","twitter_misc":{"\u00c9crit par":"redazione","Dur\u00e9e de lecture estim\u00e9e":"3 minutes"},"schema":{"@context":"https:\/\/schema.org","@graph":[{"@type":"Article","@id":"https:\/\/www.bellunopress.it\/2011\/08\/15\/mercoledi-ad-auronzo-la-regista-giovanna-taviani-presenta-fughe-e-approdi\/#article","isPartOf":{"@id":"https:\/\/www.bellunopress.it\/2011\/08\/15\/mercoledi-ad-auronzo-la-regista-giovanna-taviani-presenta-fughe-e-approdi\/"},"author":{"name":"redazione","@id":"https:\/\/www.bellunopress.it\/#\/schema\/person\/79bb06722b37ece1c03d3e94beb30d73"},"headline":"Mercoled\u00ec ad Auronzo la regista Giovanna Taviani presenta &#8220;Fughe e approdi&#8221;","datePublished":"2011-08-15T04:52:54+00:00","mainEntityOfPage":{"@id":"https:\/\/www.bellunopress.it\/2011\/08\/15\/mercoledi-ad-auronzo-la-regista-giovanna-taviani-presenta-fughe-e-approdi\/"},"wordCount":641,"publisher":{"@id":"https:\/\/www.bellunopress.it\/#organization"},"articleSection":["Appuntamenti, Eventi","Arte, Cultura, Spettacoli, Scienza","Pausa Caff\u00e8"],"inLanguage":"fr-FR"},{"@type":"WebPage","@id":"https:\/\/www.bellunopress.it\/2011\/08\/15\/mercoledi-ad-auronzo-la-regista-giovanna-taviani-presenta-fughe-e-approdi\/","url":"https:\/\/www.bellunopress.it\/2011\/08\/15\/mercoledi-ad-auronzo-la-regista-giovanna-taviani-presenta-fughe-e-approdi\/","name":"Mercoled\u00ec ad Auronzo la regista Giovanna Taviani presenta \"Fughe e approdi\" - Bellunopress - Dolomiti","isPartOf":{"@id":"https:\/\/www.bellunopress.it\/#website"},"datePublished":"2011-08-15T04:52:54+00:00","breadcrumb":{"@id":"https:\/\/www.bellunopress.it\/2011\/08\/15\/mercoledi-ad-auronzo-la-regista-giovanna-taviani-presenta-fughe-e-approdi\/#breadcrumb"},"inLanguage":"fr-FR","potentialAction":[{"@type":"ReadAction","target":["https:\/\/www.bellunopress.it\/2011\/08\/15\/mercoledi-ad-auronzo-la-regista-giovanna-taviani-presenta-fughe-e-approdi\/"]}]},{"@type":"BreadcrumbList","@id":"https:\/\/www.bellunopress.it\/2011\/08\/15\/mercoledi-ad-auronzo-la-regista-giovanna-taviani-presenta-fughe-e-approdi\/#breadcrumb","itemListElement":[{"@type":"ListItem","position":1,"name":"Home","item":"https:\/\/www.bellunopress.it\/"},{"@type":"ListItem","position":2,"name":"Mercoled\u00ec ad Auronzo la regista Giovanna Taviani presenta &#8220;Fughe e approdi&#8221;"}]},{"@type":"WebSite","@id":"https:\/\/www.bellunopress.it\/#website","url":"https:\/\/www.bellunopress.it\/","name":"Bellunopress - Dolomiti","description":"e-mail: redazione@bellunopress.it","publisher":{"@id":"https:\/\/www.bellunopress.it\/#organization"},"potentialAction":[{"@type":"SearchAction","target":{"@type":"EntryPoint","urlTemplate":"https:\/\/www.bellunopress.it\/?s={search_term_string}"},"query-input":{"@type":"PropertyValueSpecification","valueRequired":true,"valueName":"search_term_string"}}],"inLanguage":"fr-FR"},{"@type":"Organization","@id":"https:\/\/www.bellunopress.it\/#organization","name":"Bellunopress","url":"https:\/\/www.bellunopress.it\/","logo":{"@type":"ImageObject","inLanguage":"fr-FR","@id":"https:\/\/www.bellunopress.it\/#\/schema\/logo\/image\/","url":"https:\/\/www.bellunopress.it\/wp-content\/uploads\/2011\/05\/cropped-logo-bellunopress-.jpg","contentUrl":"https:\/\/www.bellunopress.it\/wp-content\/uploads\/2011\/05\/cropped-logo-bellunopress-.jpg","width":512,"height":512,"caption":"Bellunopress"},"image":{"@id":"https:\/\/www.bellunopress.it\/#\/schema\/logo\/image\/"},"sameAs":["https:\/\/www.facebook.com\/profile.php?id=100008943462799","https:\/\/x.com\/bellunopress","https:\/\/www.linkedin.com\/hp\/?dnr=JBzUWaJfMUw8vbXJJ2tVW5-I3jZKvC4wsoxE&amp;amp;amp;amp;amp;amp;trk=nav_responsive_tab_home","https:\/\/www.youtube.com\/channel\/UCxL0wu1uN0_3_7hGG0306cw"]},{"@type":"Person","@id":"https:\/\/www.bellunopress.it\/#\/schema\/person\/79bb06722b37ece1c03d3e94beb30d73","name":"r\u00e9daction","image":{"@type":"ImageObject","inLanguage":"fr-FR","@id":"https:\/\/secure.gravatar.com\/avatar\/37d968a2e67a6fd04c169c4bdef102d0bc5d31b2546345219e348575eb80e9a0?s=96&d=mm&r=g","url":"https:\/\/secure.gravatar.com\/avatar\/37d968a2e67a6fd04c169c4bdef102d0bc5d31b2546345219e348575eb80e9a0?s=96&d=mm&r=g","contentUrl":"https:\/\/secure.gravatar.com\/avatar\/37d968a2e67a6fd04c169c4bdef102d0bc5d31b2546345219e348575eb80e9a0?s=96&d=mm&r=g","caption":"redazione"},"sameAs":["http:\/\/www.bellunopress.it","https:\/\/x.com\/bellunopress"],"url":"https:\/\/www.bellunopress.it\/fr\/author\/redazione\/"}]}},"_links":{"self":[{"href":"https:\/\/www.bellunopress.it\/fr\/wp-json\/wp\/v2\/posts\/29638","targetHints":{"allow":["GET"]}}],"collection":[{"href":"https:\/\/www.bellunopress.it\/fr\/wp-json\/wp\/v2\/posts"}],"about":[{"href":"https:\/\/www.bellunopress.it\/fr\/wp-json\/wp\/v2\/types\/post"}],"author":[{"embeddable":true,"href":"https:\/\/www.bellunopress.it\/fr\/wp-json\/wp\/v2\/users\/2"}],"replies":[{"embeddable":true,"href":"https:\/\/www.bellunopress.it\/fr\/wp-json\/wp\/v2\/comments?post=29638"}],"version-history":[{"count":1,"href":"https:\/\/www.bellunopress.it\/fr\/wp-json\/wp\/v2\/posts\/29638\/revisions"}],"predecessor-version":[{"id":29639,"href":"https:\/\/www.bellunopress.it\/fr\/wp-json\/wp\/v2\/posts\/29638\/revisions\/29639"}],"wp:attachment":[{"href":"https:\/\/www.bellunopress.it\/fr\/wp-json\/wp\/v2\/media?parent=29638"}],"wp:term":[{"taxonomy":"category","embeddable":true,"href":"https:\/\/www.bellunopress.it\/fr\/wp-json\/wp\/v2\/categories?post=29638"},{"taxonomy":"post_tag","embeddable":true,"href":"https:\/\/www.bellunopress.it\/fr\/wp-json\/wp\/v2\/tags?post=29638"}],"curies":[{"name":"wp","href":"https:\/\/api.w.org\/{rel}","templated":true}]}}