{"id":29633,"date":"2011-08-14T20:21:11","date_gmt":"2011-08-14T19:21:11","guid":{"rendered":"http:\/\/www.bellunopress.it\/?p=29633"},"modified":"2011-08-15T05:48:49","modified_gmt":"2011-08-15T04:48:49","slug":"muore-dopo-un-volo-di-30-metri-dallagner","status":"publish","type":"post","link":"https:\/\/www.bellunopress.it\/fr\/2011\/08\/14\/muore-dopo-un-volo-di-30-metri-dallagner\/","title":{"rendered":"58enne trevigiana muore dopo un volo di 30 metri dall&#8217;Agner"},"content":{"rendered":"<p><a href=\"http:\/\/www.bellunopress.it\/wp-content\/uploads\/2011\/06\/soccorso-alpino-140x140.jpg\"><img loading=\"lazy\" decoding=\"async\" class=\"alignleft size-full wp-image-28205\" title=\"soccorso alpino 140x140\" src=\"http:\/\/www.bellunopress.it\/wp-content\/uploads\/2011\/06\/soccorso-alpino-140x140.jpg\" alt=\"\" width=\"140\" height=\"140\" \/><\/a>Belluno, 14-08-11\u00a0 \u00c9 volata per qualche decina di metri e ha perso la vita per i traumi riportati un&#8217;escurionista che stava scendendo dalla normale all&#8217;Agner con il marito. Non appena l&#8217;uomo ha lanciato l&#8217;allarme al 118, nel pomeriggio, l&#8217;elicottero del Suem di Pieve di Cadore ha cercato di avvicinarsi alla montagna, ma la nebbia ha impedito il suo intervento. Sono quindi state trasportate in quota le squadre del Soccorso alpino di Agordo, fin dove la visibilit\u00e0 lo ha permesso, che adesso stanno provvedendo al recupero della salma, reso difficile anche dal luogo in cui \u00e8 avvenuto l&#8217;incidente. Sono arrivate a valle poco prima delle 22 le squadre del Soccorso alpino di Agordo, che si sono alternate nel trasporto del corpo dell&#8217;escursionista precipitata nel pomeriggio sul monte Agner. Quando \u00e8 avvenuto l&#8217;incidente, la donna, I.S., 58 anni, di Treviso, stava scendendo con il marito dalla normale, dopo aver raggiunto il bivacco Biasin. Si trovava a circa tre quarti del percorso di rientro quando \u00e8 inciampata a 1.900 metri di quota. Scivolata per alcune decine di metri, \u00e8 poi precipitata per altri 30 da un salto di roccia, perdendo la vita. Il marito ha lanciato l&#8217;allarme al 118 e subito l&#8217;elicottero del Suem di Pieve di Cadore ha tentato di avvicinarsi, ostacolato per\u00f2 dalla nebbia. L&#8217;eliambulanza ha quindi trasportato i soccorritori pi\u00f9 in alto possibile. Le squadre si sono calate per 50 metri fino a raggiungere il corpo dall&#8217;alto sulla verticale, mentre il marito, sotto shock, veniva accompagnato a valle. Dopo aver ricomposto la salma, la hanno imbarellata, spostata di altri 10 metri oltre un salto di roccia e portata a spalla fino a Malga Agner, a 1.500 metri di altitudine lungo il sentiero. Affidata al carro funebre, \u00e8 stata poi portata alla camera mortuaria di Agordo.<\/p>\n<p><strong><br \/>\nAltri due interventi sulle Dolomiti<\/strong><\/p>\n<p>Belluno, 14-08-11\u00a0 Un escursionista \u00e8 volato per qualche metro sulla ferrata Dibona sul Cristallo questo pomeriggio, recuperato dall&#8217;elicottero del Suem di Pieve di Cadore \u00e8 stato trasportato all&#8217;ospedale di Belluno con sospetti politraumi. Attorno alle 19.30, il 118 \u00e8 stato allertato da due turisti, una trentanovenne di Trento e un trentaseienne di Padova, che a causa della nebbia avevano smarrito il sentiero scendendo dal monte Comedon, a Santa Giustina. Quando l&#8217;eliambulanza stava trasportando una squadra del Soccorso alpino di Feltre in quota, i due hanno avvertito che erano riusciti a orientarsi e l&#8217;allarme \u00e8 rientrato. I soccorritori della Val Biois, invece, verso le 20 hanno iniziato la ricerca di un ottantenne che si era perso, mentre scendeva da Passo Valles con il figlio. Poco fa la notizia che l&#8217;anziano \u00e8 stato ritrovato e sta bene.<\/p>","protected":false},"excerpt":{"rendered":"<p>Belluno, 14-08-11\u00a0 \u00c9 volata per qualche decina di metri e ha perso la vita per i traumi riportati un&#8217;escurionista che stava scendendo dalla normale all&#8217;Agner con il marito. Non appena l&#8217;uomo ha lanciato l&#8217;allarme al 118, nel pomeriggio, l&#8217;elicottero del Suem di Pieve di Cadore ha cercato di avvicinarsi alla montagna, ma la nebbia ha [&hellip;]<\/p>\n","protected":false},"author":2,"featured_media":0,"comment_status":"closed","ping_status":"open","sticky":false,"template":"","format":"standard","meta":{"footnotes":""},"categories":[5,26],"tags":[],"class_list":["post-29633","post","type-post","status-publish","format-standard","category-cronaca","category-prima-pagina"],"yoast_head":"<!-- This site is optimized with the Yoast SEO plugin v28.4 - https:\/\/yoast.com\/product\/yoast-seo-wordpress\/ -->\n<title>58enne trevigiana muore dopo un volo di 30 metri dall&#039;Agner - Bellunopress - Dolomiti<\/title>\n<meta name=\"robots\" content=\"index, follow, max-snippet:-1, max-image-preview:large, max-video-preview:-1\" \/>\n<link rel=\"canonical\" href=\"https:\/\/www.bellunopress.it\/fr\/2011\/08\/14\/muore-dopo-un-volo-di-30-metri-dallagner\/\" \/>\n<meta property=\"og:locale\" content=\"fr_FR\" \/>\n<meta property=\"og:type\" content=\"article\" \/>\n<meta property=\"og:title\" content=\"58enne trevigiana muore dopo un volo di 30 metri dall&#039;Agner - Bellunopress - Dolomiti\" \/>\n<meta property=\"og:description\" content=\"Belluno, 14-08-11\u00a0 \u00c9 volata per qualche decina di metri e ha perso la vita per i traumi riportati un&#8217;escurionista che stava scendendo dalla normale all&#8217;Agner con il marito. Non appena l&#8217;uomo ha lanciato l&#8217;allarme al 118, nel pomeriggio, l&#8217;elicottero del Suem di Pieve di Cadore ha cercato di avvicinarsi alla montagna, ma la nebbia ha [&hellip;]\" \/>\n<meta property=\"og:url\" content=\"https:\/\/www.bellunopress.it\/fr\/2011\/08\/14\/muore-dopo-un-volo-di-30-metri-dallagner\/\" \/>\n<meta property=\"og:site_name\" content=\"Bellunopress - Dolomiti\" \/>\n<meta property=\"article:publisher\" content=\"https:\/\/www.facebook.com\/profile.php?id=100008943462799\" \/>\n<meta property=\"article:published_time\" content=\"2011-08-14T19:21:11+00:00\" \/>\n<meta property=\"article:modified_time\" content=\"2011-08-15T04:48:49+00:00\" \/>\n<meta property=\"og:image\" content=\"http:\/\/www.bellunopress.it\/wp-content\/uploads\/2011\/06\/soccorso-alpino-140x140.jpg\" \/>\n<meta name=\"author\" content=\"redazione\" \/>\n<meta name=\"twitter:card\" content=\"summary_large_image\" \/>\n<meta name=\"twitter:creator\" content=\"@bellunopress\" \/>\n<meta name=\"twitter:site\" content=\"@bellunopress\" \/>\n<meta name=\"twitter:label1\" content=\"\u00c9crit par\" \/>\n\t<meta name=\"twitter:data1\" content=\"redazione\" \/>\n\t<meta name=\"twitter:label2\" content=\"Dur\u00e9e de lecture estim\u00e9e\" \/>\n\t<meta name=\"twitter:data2\" content=\"2 minutes\" \/>\n<script type=\"application\/ld+json\" class=\"yoast-schema-graph\">{\"@context\":\"https:\\\/\\\/schema.org\",\"@graph\":[{\"@type\":\"Article\",\"@id\":\"https:\\\/\\\/www.bellunopress.it\\\/2011\\\/08\\\/14\\\/muore-dopo-un-volo-di-30-metri-dallagner\\\/#article\",\"isPartOf\":{\"@id\":\"https:\\\/\\\/www.bellunopress.it\\\/2011\\\/08\\\/14\\\/muore-dopo-un-volo-di-30-metri-dallagner\\\/\"},\"author\":{\"name\":\"redazione\",\"@id\":\"https:\\\/\\\/www.bellunopress.it\\\/#\\\/schema\\\/person\\\/79bb06722b37ece1c03d3e94beb30d73\"},\"headline\":\"58enne trevigiana muore dopo un volo di 30 metri dall&#8217;Agner\",\"datePublished\":\"2011-08-14T19:21:11+00:00\",\"dateModified\":\"2011-08-15T04:48:49+00:00\",\"mainEntityOfPage\":{\"@id\":\"https:\\\/\\\/www.bellunopress.it\\\/2011\\\/08\\\/14\\\/muore-dopo-un-volo-di-30-metri-dallagner\\\/\"},\"wordCount\":442,\"publisher\":{\"@id\":\"https:\\\/\\\/www.bellunopress.it\\\/#organization\"},\"image\":{\"@id\":\"https:\\\/\\\/www.bellunopress.it\\\/2011\\\/08\\\/14\\\/muore-dopo-un-volo-di-30-metri-dallagner\\\/#primaryimage\"},\"thumbnailUrl\":\"http:\\\/\\\/www.bellunopress.it\\\/wp-content\\\/uploads\\\/2011\\\/06\\\/soccorso-alpino-140x140.jpg\",\"articleSection\":[\"Cronaca\\\/Politica\",\"Prima Pagina\"],\"inLanguage\":\"fr-FR\"},{\"@type\":\"WebPage\",\"@id\":\"https:\\\/\\\/www.bellunopress.it\\\/2011\\\/08\\\/14\\\/muore-dopo-un-volo-di-30-metri-dallagner\\\/\",\"url\":\"https:\\\/\\\/www.bellunopress.it\\\/2011\\\/08\\\/14\\\/muore-dopo-un-volo-di-30-metri-dallagner\\\/\",\"name\":\"58enne trevigiana muore dopo un volo di 30 metri dall'Agner - Bellunopress - Dolomiti\",\"isPartOf\":{\"@id\":\"https:\\\/\\\/www.bellunopress.it\\\/#website\"},\"primaryImageOfPage\":{\"@id\":\"https:\\\/\\\/www.bellunopress.it\\\/2011\\\/08\\\/14\\\/muore-dopo-un-volo-di-30-metri-dallagner\\\/#primaryimage\"},\"image\":{\"@id\":\"https:\\\/\\\/www.bellunopress.it\\\/2011\\\/08\\\/14\\\/muore-dopo-un-volo-di-30-metri-dallagner\\\/#primaryimage\"},\"thumbnailUrl\":\"http:\\\/\\\/www.bellunopress.it\\\/wp-content\\\/uploads\\\/2011\\\/06\\\/soccorso-alpino-140x140.jpg\",\"datePublished\":\"2011-08-14T19:21:11+00:00\",\"dateModified\":\"2011-08-15T04:48:49+00:00\",\"breadcrumb\":{\"@id\":\"https:\\\/\\\/www.bellunopress.it\\\/2011\\\/08\\\/14\\\/muore-dopo-un-volo-di-30-metri-dallagner\\\/#breadcrumb\"},\"inLanguage\":\"fr-FR\",\"potentialAction\":[{\"@type\":\"ReadAction\",\"target\":[\"https:\\\/\\\/www.bellunopress.it\\\/2011\\\/08\\\/14\\\/muore-dopo-un-volo-di-30-metri-dallagner\\\/\"]}]},{\"@type\":\"ImageObject\",\"inLanguage\":\"fr-FR\",\"@id\":\"https:\\\/\\\/www.bellunopress.it\\\/2011\\\/08\\\/14\\\/muore-dopo-un-volo-di-30-metri-dallagner\\\/#primaryimage\",\"url\":\"http:\\\/\\\/www.bellunopress.it\\\/wp-content\\\/uploads\\\/2011\\\/06\\\/soccorso-alpino-140x140.jpg\",\"contentUrl\":\"http:\\\/\\\/www.bellunopress.it\\\/wp-content\\\/uploads\\\/2011\\\/06\\\/soccorso-alpino-140x140.jpg\"},{\"@type\":\"BreadcrumbList\",\"@id\":\"https:\\\/\\\/www.bellunopress.it\\\/2011\\\/08\\\/14\\\/muore-dopo-un-volo-di-30-metri-dallagner\\\/#breadcrumb\",\"itemListElement\":[{\"@type\":\"ListItem\",\"position\":1,\"name\":\"Home\",\"item\":\"https:\\\/\\\/www.bellunopress.it\\\/\"},{\"@type\":\"ListItem\",\"position\":2,\"name\":\"58enne trevigiana muore dopo un volo di 30 metri dall&#8217;Agner\"}]},{\"@type\":\"WebSite\",\"@id\":\"https:\\\/\\\/www.bellunopress.it\\\/#website\",\"url\":\"https:\\\/\\\/www.bellunopress.it\\\/\",\"name\":\"Bellunopress - Dolomiti\",\"description\":\"e-mail: redazione@bellunopress.it\",\"publisher\":{\"@id\":\"https:\\\/\\\/www.bellunopress.it\\\/#organization\"},\"potentialAction\":[{\"@type\":\"SearchAction\",\"target\":{\"@type\":\"EntryPoint\",\"urlTemplate\":\"https:\\\/\\\/www.bellunopress.it\\\/?s={search_term_string}\"},\"query-input\":{\"@type\":\"PropertyValueSpecification\",\"valueRequired\":true,\"valueName\":\"search_term_string\"}}],\"inLanguage\":\"fr-FR\"},{\"@type\":\"Organization\",\"@id\":\"https:\\\/\\\/www.bellunopress.it\\\/#organization\",\"name\":\"Bellunopress\",\"url\":\"https:\\\/\\\/www.bellunopress.it\\\/\",\"logo\":{\"@type\":\"ImageObject\",\"inLanguage\":\"fr-FR\",\"@id\":\"https:\\\/\\\/www.bellunopress.it\\\/#\\\/schema\\\/logo\\\/image\\\/\",\"url\":\"https:\\\/\\\/www.bellunopress.it\\\/wp-content\\\/uploads\\\/2011\\\/05\\\/cropped-logo-bellunopress-.jpg\",\"contentUrl\":\"https:\\\/\\\/www.bellunopress.it\\\/wp-content\\\/uploads\\\/2011\\\/05\\\/cropped-logo-bellunopress-.jpg\",\"width\":512,\"height\":512,\"caption\":\"Bellunopress\"},\"image\":{\"@id\":\"https:\\\/\\\/www.bellunopress.it\\\/#\\\/schema\\\/logo\\\/image\\\/\"},\"sameAs\":[\"https:\\\/\\\/www.facebook.com\\\/profile.php?id=100008943462799\",\"https:\\\/\\\/x.com\\\/bellunopress\",\"https:\\\/\\\/www.linkedin.com\\\/hp\\\/?dnr=JBzUWaJfMUw8vbXJJ2tVW5-I3jZKvC4wsoxE&amp;amp;amp;amp;amp;amp;trk=nav_responsive_tab_home\",\"https:\\\/\\\/www.youtube.com\\\/channel\\\/UCxL0wu1uN0_3_7hGG0306cw\"]},{\"@type\":\"Person\",\"@id\":\"https:\\\/\\\/www.bellunopress.it\\\/#\\\/schema\\\/person\\\/79bb06722b37ece1c03d3e94beb30d73\",\"name\":\"redazione\",\"image\":{\"@type\":\"ImageObject\",\"inLanguage\":\"fr-FR\",\"@id\":\"https:\\\/\\\/secure.gravatar.com\\\/avatar\\\/37d968a2e67a6fd04c169c4bdef102d0bc5d31b2546345219e348575eb80e9a0?s=96&d=mm&r=g\",\"url\":\"https:\\\/\\\/secure.gravatar.com\\\/avatar\\\/37d968a2e67a6fd04c169c4bdef102d0bc5d31b2546345219e348575eb80e9a0?s=96&d=mm&r=g\",\"contentUrl\":\"https:\\\/\\\/secure.gravatar.com\\\/avatar\\\/37d968a2e67a6fd04c169c4bdef102d0bc5d31b2546345219e348575eb80e9a0?s=96&d=mm&r=g\",\"caption\":\"redazione\"},\"sameAs\":[\"http:\\\/\\\/www.bellunopress.it\",\"https:\\\/\\\/x.com\\\/bellunopress\"],\"url\":\"https:\\\/\\\/www.bellunopress.it\\\/fr\\\/author\\\/redazione\\\/\"}]}<\/script>\n<!-- \/ Yoast SEO plugin. -->","yoast_head_json":{"title":"58enne trevigiana muore dopo un volo di 30 metri dall'Agner - Bellunopress - Dolomiti","robots":{"index":"index","follow":"follow","max-snippet":"max-snippet:-1","max-image-preview":"max-image-preview:large","max-video-preview":"max-video-preview:-1"},"canonical":"https:\/\/www.bellunopress.it\/fr\/2011\/08\/14\/muore-dopo-un-volo-di-30-metri-dallagner\/","og_locale":"fr_FR","og_type":"article","og_title":"58enne trevigiana muore dopo un volo di 30 metri dall'Agner - Bellunopress - Dolomiti","og_description":"Belluno, 14-08-11\u00a0 \u00c9 volata per qualche decina di metri e ha perso la vita per i traumi riportati un&#8217;escurionista che stava scendendo dalla normale all&#8217;Agner con il marito. Non appena l&#8217;uomo ha lanciato l&#8217;allarme al 118, nel pomeriggio, l&#8217;elicottero del Suem di Pieve di Cadore ha cercato di avvicinarsi alla montagna, ma la nebbia ha [&hellip;]","og_url":"https:\/\/www.bellunopress.it\/fr\/2011\/08\/14\/muore-dopo-un-volo-di-30-metri-dallagner\/","og_site_name":"Bellunopress - Dolomiti","article_publisher":"https:\/\/www.facebook.com\/profile.php?id=100008943462799","article_published_time":"2011-08-14T19:21:11+00:00","article_modified_time":"2011-08-15T04:48:49+00:00","og_image":[{"url":"http:\/\/www.bellunopress.it\/wp-content\/uploads\/2011\/06\/soccorso-alpino-140x140.jpg","type":"","width":"","height":""}],"author":"redazione","twitter_card":"summary_large_image","twitter_creator":"@bellunopress","twitter_site":"@bellunopress","twitter_misc":{"\u00c9crit par":"redazione","Dur\u00e9e de lecture estim\u00e9e":"2 minutes"},"schema":{"@context":"https:\/\/schema.org","@graph":[{"@type":"Article","@id":"https:\/\/www.bellunopress.it\/2011\/08\/14\/muore-dopo-un-volo-di-30-metri-dallagner\/#article","isPartOf":{"@id":"https:\/\/www.bellunopress.it\/2011\/08\/14\/muore-dopo-un-volo-di-30-metri-dallagner\/"},"author":{"name":"redazione","@id":"https:\/\/www.bellunopress.it\/#\/schema\/person\/79bb06722b37ece1c03d3e94beb30d73"},"headline":"58enne trevigiana muore dopo un volo di 30 metri dall&#8217;Agner","datePublished":"2011-08-14T19:21:11+00:00","dateModified":"2011-08-15T04:48:49+00:00","mainEntityOfPage":{"@id":"https:\/\/www.bellunopress.it\/2011\/08\/14\/muore-dopo-un-volo-di-30-metri-dallagner\/"},"wordCount":442,"publisher":{"@id":"https:\/\/www.bellunopress.it\/#organization"},"image":{"@id":"https:\/\/www.bellunopress.it\/2011\/08\/14\/muore-dopo-un-volo-di-30-metri-dallagner\/#primaryimage"},"thumbnailUrl":"http:\/\/www.bellunopress.it\/wp-content\/uploads\/2011\/06\/soccorso-alpino-140x140.jpg","articleSection":["Cronaca\/Politica","Prima Pagina"],"inLanguage":"fr-FR"},{"@type":"WebPage","@id":"https:\/\/www.bellunopress.it\/2011\/08\/14\/muore-dopo-un-volo-di-30-metri-dallagner\/","url":"https:\/\/www.bellunopress.it\/2011\/08\/14\/muore-dopo-un-volo-di-30-metri-dallagner\/","name":"58enne trevigiana muore dopo un volo di 30 metri dall'Agner - Bellunopress - Dolomiti","isPartOf":{"@id":"https:\/\/www.bellunopress.it\/#website"},"primaryImageOfPage":{"@id":"https:\/\/www.bellunopress.it\/2011\/08\/14\/muore-dopo-un-volo-di-30-metri-dallagner\/#primaryimage"},"image":{"@id":"https:\/\/www.bellunopress.it\/2011\/08\/14\/muore-dopo-un-volo-di-30-metri-dallagner\/#primaryimage"},"thumbnailUrl":"http:\/\/www.bellunopress.it\/wp-content\/uploads\/2011\/06\/soccorso-alpino-140x140.jpg","datePublished":"2011-08-14T19:21:11+00:00","dateModified":"2011-08-15T04:48:49+00:00","breadcrumb":{"@id":"https:\/\/www.bellunopress.it\/2011\/08\/14\/muore-dopo-un-volo-di-30-metri-dallagner\/#breadcrumb"},"inLanguage":"fr-FR","potentialAction":[{"@type":"ReadAction","target":["https:\/\/www.bellunopress.it\/2011\/08\/14\/muore-dopo-un-volo-di-30-metri-dallagner\/"]}]},{"@type":"ImageObject","inLanguage":"fr-FR","@id":"https:\/\/www.bellunopress.it\/2011\/08\/14\/muore-dopo-un-volo-di-30-metri-dallagner\/#primaryimage","url":"http:\/\/www.bellunopress.it\/wp-content\/uploads\/2011\/06\/soccorso-alpino-140x140.jpg","contentUrl":"http:\/\/www.bellunopress.it\/wp-content\/uploads\/2011\/06\/soccorso-alpino-140x140.jpg"},{"@type":"BreadcrumbList","@id":"https:\/\/www.bellunopress.it\/2011\/08\/14\/muore-dopo-un-volo-di-30-metri-dallagner\/#breadcrumb","itemListElement":[{"@type":"ListItem","position":1,"name":"Home","item":"https:\/\/www.bellunopress.it\/"},{"@type":"ListItem","position":2,"name":"58enne trevigiana muore dopo un volo di 30 metri dall&#8217;Agner"}]},{"@type":"WebSite","@id":"https:\/\/www.bellunopress.it\/#website","url":"https:\/\/www.bellunopress.it\/","name":"Bellunopress - Dolomiti","description":"e-mail: redazione@bellunopress.it","publisher":{"@id":"https:\/\/www.bellunopress.it\/#organization"},"potentialAction":[{"@type":"SearchAction","target":{"@type":"EntryPoint","urlTemplate":"https:\/\/www.bellunopress.it\/?s={search_term_string}"},"query-input":{"@type":"PropertyValueSpecification","valueRequired":true,"valueName":"search_term_string"}}],"inLanguage":"fr-FR"},{"@type":"Organization","@id":"https:\/\/www.bellunopress.it\/#organization","name":"Bellunopress","url":"https:\/\/www.bellunopress.it\/","logo":{"@type":"ImageObject","inLanguage":"fr-FR","@id":"https:\/\/www.bellunopress.it\/#\/schema\/logo\/image\/","url":"https:\/\/www.bellunopress.it\/wp-content\/uploads\/2011\/05\/cropped-logo-bellunopress-.jpg","contentUrl":"https:\/\/www.bellunopress.it\/wp-content\/uploads\/2011\/05\/cropped-logo-bellunopress-.jpg","width":512,"height":512,"caption":"Bellunopress"},"image":{"@id":"https:\/\/www.bellunopress.it\/#\/schema\/logo\/image\/"},"sameAs":["https:\/\/www.facebook.com\/profile.php?id=100008943462799","https:\/\/x.com\/bellunopress","https:\/\/www.linkedin.com\/hp\/?dnr=JBzUWaJfMUw8vbXJJ2tVW5-I3jZKvC4wsoxE&amp;amp;amp;amp;amp;amp;trk=nav_responsive_tab_home","https:\/\/www.youtube.com\/channel\/UCxL0wu1uN0_3_7hGG0306cw"]},{"@type":"Person","@id":"https:\/\/www.bellunopress.it\/#\/schema\/person\/79bb06722b37ece1c03d3e94beb30d73","name":"r\u00e9daction","image":{"@type":"ImageObject","inLanguage":"fr-FR","@id":"https:\/\/secure.gravatar.com\/avatar\/37d968a2e67a6fd04c169c4bdef102d0bc5d31b2546345219e348575eb80e9a0?s=96&d=mm&r=g","url":"https:\/\/secure.gravatar.com\/avatar\/37d968a2e67a6fd04c169c4bdef102d0bc5d31b2546345219e348575eb80e9a0?s=96&d=mm&r=g","contentUrl":"https:\/\/secure.gravatar.com\/avatar\/37d968a2e67a6fd04c169c4bdef102d0bc5d31b2546345219e348575eb80e9a0?s=96&d=mm&r=g","caption":"redazione"},"sameAs":["http:\/\/www.bellunopress.it","https:\/\/x.com\/bellunopress"],"url":"https:\/\/www.bellunopress.it\/fr\/author\/redazione\/"}]}},"_links":{"self":[{"href":"https:\/\/www.bellunopress.it\/fr\/wp-json\/wp\/v2\/posts\/29633","targetHints":{"allow":["GET"]}}],"collection":[{"href":"https:\/\/www.bellunopress.it\/fr\/wp-json\/wp\/v2\/posts"}],"about":[{"href":"https:\/\/www.bellunopress.it\/fr\/wp-json\/wp\/v2\/types\/post"}],"author":[{"embeddable":true,"href":"https:\/\/www.bellunopress.it\/fr\/wp-json\/wp\/v2\/users\/2"}],"replies":[{"embeddable":true,"href":"https:\/\/www.bellunopress.it\/fr\/wp-json\/wp\/v2\/comments?post=29633"}],"version-history":[{"count":4,"href":"https:\/\/www.bellunopress.it\/fr\/wp-json\/wp\/v2\/posts\/29633\/revisions"}],"predecessor-version":[{"id":29637,"href":"https:\/\/www.bellunopress.it\/fr\/wp-json\/wp\/v2\/posts\/29633\/revisions\/29637"}],"wp:attachment":[{"href":"https:\/\/www.bellunopress.it\/fr\/wp-json\/wp\/v2\/media?parent=29633"}],"wp:term":[{"taxonomy":"category","embeddable":true,"href":"https:\/\/www.bellunopress.it\/fr\/wp-json\/wp\/v2\/categories?post=29633"},{"taxonomy":"post_tag","embeddable":true,"href":"https:\/\/www.bellunopress.it\/fr\/wp-json\/wp\/v2\/tags?post=29633"}],"curies":[{"name":"wp","href":"https:\/\/api.w.org\/{rel}","templated":true}]}}