{"id":2943,"date":"2009-04-22T11:40:42","date_gmt":"2009-04-22T10:40:42","guid":{"rendered":"http:\/\/www.bellunopress.it\/?p=2943"},"modified":"2009-04-22T11:53:17","modified_gmt":"2009-04-22T10:53:17","slug":"dietrofront-del-sindaco-vaccari-sull-patrocinio-allassociazione-di-tiziano-motti","status":"publish","type":"post","link":"https:\/\/www.bellunopress.it\/fr\/2009\/04\/22\/dietrofront-del-sindaco-vaccari-sull-patrocinio-allassociazione-di-tiziano-motti\/","title":{"rendered":"Dietrofront del sindaco Vaccari sul patrocinio all&#8217;associazione di Tiziano Motti"},"content":{"rendered":"<p>I cartelloni pubblicitari con l&#8221;immagine di Motti, reggiano, auto-candidato alle Europee, oggi riempiono vie e piazze dell&#8217;Emilia e del Veneto. Ma nessuno sa chi sia politicamente. A Reggio Emilia c&#8217;\u00e8 perfino un autobus che gira con la faccia di Motti. La Regione Emilia Romagna e la Provincia di Reggio Emilia si sono affrettate a precisare con comunicati che non hanno mai consesso alcun patrocinio al signor Motti. Internet e blog sono ricchi di informazioni\u00a0 sul signor Motti. Anche il Sindaco di Feltre, senatore, Gianvittore Vaccari, ha fatto un passo indietro ed\u00a0 ha revocato il patrocinio concesso in data 15 settembre 2008 al Gruppo Guide Italia S.r.l. di Castelfranco Veneto ed all&#8217;Associazione senza fini di lucro &#8220;Europa dei diritti&#8221; di Reggio Emilia per la realizzazione della pubblicazione &#8220;Progetto Prevenzione e Sicurezza &#8212; Guida del Cittadino&#8221;, riferita specificamente al Comune di Feltre. &#8220;Con questa operazione &#8211; fa sapere il senatore Vaccari &#8211;\u00a0 l&#8217;Amministrazione Comunale voleva fornire ai cittadini uno strumento di conoscenza incentrato in particolare su &#8220;Prevenzione Sicurezza&#8221;, muovendo dal presupposto che la sicurezza costituisce un vero e proprio bene della societ\u00e0 ed un diritto primario dei cittadini, sottoscrivendo un&#8217;apposita lettera di presentazione del Progetto da sottoporre agli operatori economici interessati a sostenere la pubblicazione acquisendo spazi pubblicitari. Su tale foglio di presentazione erano contenute la foto ed il testo elaborato da parte del signor Tiziano Motti, presidente dell&#8217;Associazione senza fini di lucro &#8220;Europa dei diritti&#8221; e del sindaco che, riconoscendo il valore civico e morale dell&#8217;iniziativa, comunicava di aver concesso il patrocinio della Citt\u00e0 di Feltre. Accertato che dall&#8217;epoca in cui l&#8217;Amministrazione Comunale aveva aderito, si sono venute modificando alcune condizioni essenziali rispetto all&#8217;originale spirito di compartecipazione intrapreso che ne minano grandemente l&#8217;aspetto fiduciario della concessione ed, in particolare, che l&#8217;immagine del Signor Tiziano Motti, quale candidato al Parlamento Europeo in qualit\u00e0 di presidente dell&#8217;Europa dei Diritti, campeggia da mesi negli spazi pubblicitari del Comune di Feltre e sulle pagine delle principali testate giornalistiche locali, si \u00e8 deciso per il provvedimento di revoca del patrocinio, in quanto l&#8217;uso fattone \u00e8 fuorviante e scorretto, ricollegandosi ad un&#8217;iniziativa elettorale personale, oltre che di danno per l&#8217;immagine della stessa Citt\u00e0 di Feltre. Nel risolvere, pertanto, qualsiasi legame di collaborazione per detta pubblicazione, l&#8217;Amministrazione Comunale attraverso il decreto ha chiesto la totale ed integrale restituzione dei testi, immagini e quant&#8217;altro trasmesso, diffidando il Gruppo Guide Italia S.r.l. e l&#8217;Associazione senza fini di lucro &#8220;Europa dei diritti&#8221; a farne uso ed intimando agli stessi di cessare con effetto immediato ogni campagna promozionale della rivista utilizzando il modulo a suo tempo convenuto. L&#8217;Amministrazione, inoltre, si riserva di adire le vie legali qualora non venga ottemperato a quanto sopra ed in ogni caso con ampia facolt\u00e0 <a href=\"http:\/\/www.bellunopress.it\/wp-content\/uploads\/2009\/04\/gianvittore-vaccari-leggerissima.jpg\"><img loading=\"lazy\" decoding=\"async\" class=\"alignleft size-medium wp-image-2772\" title=\"gianvittore-vaccari-leggerissima\" src=\"http:\/\/www.bellunopress.it\/wp-content\/uploads\/2009\/04\/gianvittore-vaccari-leggerissima.jpg\" alt=\"\" width=\"85\" height=\"113\" \/><\/a>di prova della lesivit\u00e0 dei diritti della pubblica amministrazione, di cui \u00e8 stata carpita la buona fede.<\/p>","protected":false},"excerpt":{"rendered":"<p>I cartelloni pubblicitari con l&#8221;immagine di Motti, reggiano, auto-candidato alle Europee, oggi riempiono vie e piazze dell&#8217;Emilia e del Veneto. Ma nessuno sa chi sia politicamente. A Reggio Emilia c&#8217;\u00e8 perfino un autobus che gira con la faccia di Motti. La Regione Emilia Romagna e la Provincia di Reggio Emilia si sono affrettate a precisare [&hellip;]<\/p>\n","protected":false},"author":2,"featured_media":0,"comment_status":"closed","ping_status":"open","sticky":false,"template":"","format":"standard","meta":{"footnotes":""},"categories":[5,26],"tags":[139,302],"class_list":["post-2943","post","type-post","status-publish","format-standard","category-cronaca","category-prima-pagina","tag-belluno","tag-feltre"],"yoast_head":"<!-- This site is optimized with the Yoast SEO plugin v28.4 - https:\/\/yoast.com\/product\/yoast-seo-wordpress\/ -->\n<title>Dietrofront del sindaco Vaccari sul patrocinio all&#039;associazione di Tiziano Motti - Bellunopress - Dolomiti<\/title>\n<meta name=\"robots\" content=\"index, follow, max-snippet:-1, max-image-preview:large, max-video-preview:-1\" \/>\n<link rel=\"canonical\" href=\"https:\/\/www.bellunopress.it\/fr\/2009\/04\/22\/dietrofront-del-sindaco-vaccari-sull-patrocinio-allassociazione-di-tiziano-motti\/\" \/>\n<meta property=\"og:locale\" content=\"fr_FR\" \/>\n<meta property=\"og:type\" content=\"article\" \/>\n<meta property=\"og:title\" content=\"Dietrofront del sindaco Vaccari sul patrocinio all&#039;associazione di Tiziano Motti - Bellunopress - Dolomiti\" \/>\n<meta property=\"og:description\" content=\"I cartelloni pubblicitari con l&#8221;immagine di Motti, reggiano, auto-candidato alle Europee, oggi riempiono vie e piazze dell&#8217;Emilia e del Veneto. Ma nessuno sa chi sia politicamente. A Reggio Emilia c&#8217;\u00e8 perfino un autobus che gira con la faccia di Motti. La Regione Emilia Romagna e la Provincia di Reggio Emilia si sono affrettate a precisare [&hellip;]\" \/>\n<meta property=\"og:url\" content=\"https:\/\/www.bellunopress.it\/fr\/2009\/04\/22\/dietrofront-del-sindaco-vaccari-sull-patrocinio-allassociazione-di-tiziano-motti\/\" \/>\n<meta property=\"og:site_name\" content=\"Bellunopress - Dolomiti\" \/>\n<meta property=\"article:publisher\" content=\"https:\/\/www.facebook.com\/profile.php?id=100008943462799\" \/>\n<meta property=\"article:published_time\" content=\"2009-04-22T10:40:42+00:00\" \/>\n<meta property=\"article:modified_time\" content=\"2009-04-22T10:53:17+00:00\" \/>\n<meta property=\"og:image\" content=\"http:\/\/www.bellunopress.it\/wp-content\/uploads\/2009\/04\/gianvittore-vaccari-leggerissima.jpg\" \/>\n<meta name=\"author\" content=\"redazione\" \/>\n<meta name=\"twitter:card\" content=\"summary_large_image\" \/>\n<meta name=\"twitter:creator\" content=\"@bellunopress\" \/>\n<meta name=\"twitter:site\" content=\"@bellunopress\" \/>\n<meta name=\"twitter:label1\" content=\"\u00c9crit par\" \/>\n\t<meta name=\"twitter:data1\" content=\"redazione\" \/>\n\t<meta name=\"twitter:label2\" content=\"Dur\u00e9e de lecture estim\u00e9e\" \/>\n\t<meta name=\"twitter:data2\" content=\"2 minutes\" \/>\n<script type=\"application\/ld+json\" class=\"yoast-schema-graph\">{\"@context\":\"https:\\\/\\\/schema.org\",\"@graph\":[{\"@type\":\"Article\",\"@id\":\"https:\\\/\\\/www.bellunopress.it\\\/2009\\\/04\\\/22\\\/dietrofront-del-sindaco-vaccari-sull-patrocinio-allassociazione-di-tiziano-motti\\\/#article\",\"isPartOf\":{\"@id\":\"https:\\\/\\\/www.bellunopress.it\\\/2009\\\/04\\\/22\\\/dietrofront-del-sindaco-vaccari-sull-patrocinio-allassociazione-di-tiziano-motti\\\/\"},\"author\":{\"name\":\"redazione\",\"@id\":\"https:\\\/\\\/www.bellunopress.it\\\/#\\\/schema\\\/person\\\/79bb06722b37ece1c03d3e94beb30d73\"},\"headline\":\"Dietrofront del sindaco Vaccari sul patrocinio all&#8217;associazione di Tiziano Motti\",\"datePublished\":\"2009-04-22T10:40:42+00:00\",\"dateModified\":\"2009-04-22T10:53:17+00:00\",\"mainEntityOfPage\":{\"@id\":\"https:\\\/\\\/www.bellunopress.it\\\/2009\\\/04\\\/22\\\/dietrofront-del-sindaco-vaccari-sull-patrocinio-allassociazione-di-tiziano-motti\\\/\"},\"wordCount\":495,\"publisher\":{\"@id\":\"https:\\\/\\\/www.bellunopress.it\\\/#organization\"},\"image\":{\"@id\":\"https:\\\/\\\/www.bellunopress.it\\\/2009\\\/04\\\/22\\\/dietrofront-del-sindaco-vaccari-sull-patrocinio-allassociazione-di-tiziano-motti\\\/#primaryimage\"},\"thumbnailUrl\":\"http:\\\/\\\/www.bellunopress.it\\\/wp-content\\\/uploads\\\/2009\\\/04\\\/gianvittore-vaccari-leggerissima.jpg\",\"keywords\":[\"Belluno\",\"Feltre\"],\"articleSection\":[\"Cronaca\\\/Politica\",\"Prima Pagina\"],\"inLanguage\":\"fr-FR\"},{\"@type\":\"WebPage\",\"@id\":\"https:\\\/\\\/www.bellunopress.it\\\/2009\\\/04\\\/22\\\/dietrofront-del-sindaco-vaccari-sull-patrocinio-allassociazione-di-tiziano-motti\\\/\",\"url\":\"https:\\\/\\\/www.bellunopress.it\\\/2009\\\/04\\\/22\\\/dietrofront-del-sindaco-vaccari-sull-patrocinio-allassociazione-di-tiziano-motti\\\/\",\"name\":\"Dietrofront del sindaco Vaccari sul patrocinio all'associazione di Tiziano Motti - Bellunopress - Dolomiti\",\"isPartOf\":{\"@id\":\"https:\\\/\\\/www.bellunopress.it\\\/#website\"},\"primaryImageOfPage\":{\"@id\":\"https:\\\/\\\/www.bellunopress.it\\\/2009\\\/04\\\/22\\\/dietrofront-del-sindaco-vaccari-sull-patrocinio-allassociazione-di-tiziano-motti\\\/#primaryimage\"},\"image\":{\"@id\":\"https:\\\/\\\/www.bellunopress.it\\\/2009\\\/04\\\/22\\\/dietrofront-del-sindaco-vaccari-sull-patrocinio-allassociazione-di-tiziano-motti\\\/#primaryimage\"},\"thumbnailUrl\":\"http:\\\/\\\/www.bellunopress.it\\\/wp-content\\\/uploads\\\/2009\\\/04\\\/gianvittore-vaccari-leggerissima.jpg\",\"datePublished\":\"2009-04-22T10:40:42+00:00\",\"dateModified\":\"2009-04-22T10:53:17+00:00\",\"breadcrumb\":{\"@id\":\"https:\\\/\\\/www.bellunopress.it\\\/2009\\\/04\\\/22\\\/dietrofront-del-sindaco-vaccari-sull-patrocinio-allassociazione-di-tiziano-motti\\\/#breadcrumb\"},\"inLanguage\":\"fr-FR\",\"potentialAction\":[{\"@type\":\"ReadAction\",\"target\":[\"https:\\\/\\\/www.bellunopress.it\\\/2009\\\/04\\\/22\\\/dietrofront-del-sindaco-vaccari-sull-patrocinio-allassociazione-di-tiziano-motti\\\/\"]}]},{\"@type\":\"ImageObject\",\"inLanguage\":\"fr-FR\",\"@id\":\"https:\\\/\\\/www.bellunopress.it\\\/2009\\\/04\\\/22\\\/dietrofront-del-sindaco-vaccari-sull-patrocinio-allassociazione-di-tiziano-motti\\\/#primaryimage\",\"url\":\"http:\\\/\\\/www.bellunopress.it\\\/wp-content\\\/uploads\\\/2009\\\/04\\\/gianvittore-vaccari-leggerissima.jpg\",\"contentUrl\":\"http:\\\/\\\/www.bellunopress.it\\\/wp-content\\\/uploads\\\/2009\\\/04\\\/gianvittore-vaccari-leggerissima.jpg\"},{\"@type\":\"BreadcrumbList\",\"@id\":\"https:\\\/\\\/www.bellunopress.it\\\/2009\\\/04\\\/22\\\/dietrofront-del-sindaco-vaccari-sull-patrocinio-allassociazione-di-tiziano-motti\\\/#breadcrumb\",\"itemListElement\":[{\"@type\":\"ListItem\",\"position\":1,\"name\":\"Home\",\"item\":\"https:\\\/\\\/www.bellunopress.it\\\/\"},{\"@type\":\"ListItem\",\"position\":2,\"name\":\"Dietrofront del sindaco Vaccari sul patrocinio all&#8217;associazione di Tiziano Motti\"}]},{\"@type\":\"WebSite\",\"@id\":\"https:\\\/\\\/www.bellunopress.it\\\/#website\",\"url\":\"https:\\\/\\\/www.bellunopress.it\\\/\",\"name\":\"Bellunopress - Dolomiti\",\"description\":\"e-mail: redazione@bellunopress.it\",\"publisher\":{\"@id\":\"https:\\\/\\\/www.bellunopress.it\\\/#organization\"},\"potentialAction\":[{\"@type\":\"SearchAction\",\"target\":{\"@type\":\"EntryPoint\",\"urlTemplate\":\"https:\\\/\\\/www.bellunopress.it\\\/?s={search_term_string}\"},\"query-input\":{\"@type\":\"PropertyValueSpecification\",\"valueRequired\":true,\"valueName\":\"search_term_string\"}}],\"inLanguage\":\"fr-FR\"},{\"@type\":\"Organization\",\"@id\":\"https:\\\/\\\/www.bellunopress.it\\\/#organization\",\"name\":\"Bellunopress\",\"url\":\"https:\\\/\\\/www.bellunopress.it\\\/\",\"logo\":{\"@type\":\"ImageObject\",\"inLanguage\":\"fr-FR\",\"@id\":\"https:\\\/\\\/www.bellunopress.it\\\/#\\\/schema\\\/logo\\\/image\\\/\",\"url\":\"https:\\\/\\\/www.bellunopress.it\\\/wp-content\\\/uploads\\\/2011\\\/05\\\/cropped-logo-bellunopress-.jpg\",\"contentUrl\":\"https:\\\/\\\/www.bellunopress.it\\\/wp-content\\\/uploads\\\/2011\\\/05\\\/cropped-logo-bellunopress-.jpg\",\"width\":512,\"height\":512,\"caption\":\"Bellunopress\"},\"image\":{\"@id\":\"https:\\\/\\\/www.bellunopress.it\\\/#\\\/schema\\\/logo\\\/image\\\/\"},\"sameAs\":[\"https:\\\/\\\/www.facebook.com\\\/profile.php?id=100008943462799\",\"https:\\\/\\\/x.com\\\/bellunopress\",\"https:\\\/\\\/www.linkedin.com\\\/hp\\\/?dnr=JBzUWaJfMUw8vbXJJ2tVW5-I3jZKvC4wsoxE&amp;amp;amp;amp;amp;amp;trk=nav_responsive_tab_home\",\"https:\\\/\\\/www.youtube.com\\\/channel\\\/UCxL0wu1uN0_3_7hGG0306cw\"]},{\"@type\":\"Person\",\"@id\":\"https:\\\/\\\/www.bellunopress.it\\\/#\\\/schema\\\/person\\\/79bb06722b37ece1c03d3e94beb30d73\",\"name\":\"redazione\",\"image\":{\"@type\":\"ImageObject\",\"inLanguage\":\"fr-FR\",\"@id\":\"https:\\\/\\\/secure.gravatar.com\\\/avatar\\\/37d968a2e67a6fd04c169c4bdef102d0bc5d31b2546345219e348575eb80e9a0?s=96&d=mm&r=g\",\"url\":\"https:\\\/\\\/secure.gravatar.com\\\/avatar\\\/37d968a2e67a6fd04c169c4bdef102d0bc5d31b2546345219e348575eb80e9a0?s=96&d=mm&r=g\",\"contentUrl\":\"https:\\\/\\\/secure.gravatar.com\\\/avatar\\\/37d968a2e67a6fd04c169c4bdef102d0bc5d31b2546345219e348575eb80e9a0?s=96&d=mm&r=g\",\"caption\":\"redazione\"},\"sameAs\":[\"http:\\\/\\\/www.bellunopress.it\",\"https:\\\/\\\/x.com\\\/bellunopress\"],\"url\":\"https:\\\/\\\/www.bellunopress.it\\\/fr\\\/author\\\/redazione\\\/\"}]}<\/script>\n<!-- \/ Yoast SEO plugin. -->","yoast_head_json":{"title":"Dietrofront del sindaco Vaccari sul patrocinio all'associazione di Tiziano Motti - Bellunopress - Dolomiti","robots":{"index":"index","follow":"follow","max-snippet":"max-snippet:-1","max-image-preview":"max-image-preview:large","max-video-preview":"max-video-preview:-1"},"canonical":"https:\/\/www.bellunopress.it\/fr\/2009\/04\/22\/dietrofront-del-sindaco-vaccari-sull-patrocinio-allassociazione-di-tiziano-motti\/","og_locale":"fr_FR","og_type":"article","og_title":"Dietrofront del sindaco Vaccari sul patrocinio all'associazione di Tiziano Motti - Bellunopress - Dolomiti","og_description":"I cartelloni pubblicitari con l&#8221;immagine di Motti, reggiano, auto-candidato alle Europee, oggi riempiono vie e piazze dell&#8217;Emilia e del Veneto. Ma nessuno sa chi sia politicamente. A Reggio Emilia c&#8217;\u00e8 perfino un autobus che gira con la faccia di Motti. La Regione Emilia Romagna e la Provincia di Reggio Emilia si sono affrettate a precisare [&hellip;]","og_url":"https:\/\/www.bellunopress.it\/fr\/2009\/04\/22\/dietrofront-del-sindaco-vaccari-sull-patrocinio-allassociazione-di-tiziano-motti\/","og_site_name":"Bellunopress - Dolomiti","article_publisher":"https:\/\/www.facebook.com\/profile.php?id=100008943462799","article_published_time":"2009-04-22T10:40:42+00:00","article_modified_time":"2009-04-22T10:53:17+00:00","og_image":[{"url":"http:\/\/www.bellunopress.it\/wp-content\/uploads\/2009\/04\/gianvittore-vaccari-leggerissima.jpg","type":"","width":"","height":""}],"author":"redazione","twitter_card":"summary_large_image","twitter_creator":"@bellunopress","twitter_site":"@bellunopress","twitter_misc":{"\u00c9crit par":"redazione","Dur\u00e9e de lecture estim\u00e9e":"2 minutes"},"schema":{"@context":"https:\/\/schema.org","@graph":[{"@type":"Article","@id":"https:\/\/www.bellunopress.it\/2009\/04\/22\/dietrofront-del-sindaco-vaccari-sull-patrocinio-allassociazione-di-tiziano-motti\/#article","isPartOf":{"@id":"https:\/\/www.bellunopress.it\/2009\/04\/22\/dietrofront-del-sindaco-vaccari-sull-patrocinio-allassociazione-di-tiziano-motti\/"},"author":{"name":"redazione","@id":"https:\/\/www.bellunopress.it\/#\/schema\/person\/79bb06722b37ece1c03d3e94beb30d73"},"headline":"Dietrofront del sindaco Vaccari sul patrocinio all&#8217;associazione di Tiziano Motti","datePublished":"2009-04-22T10:40:42+00:00","dateModified":"2009-04-22T10:53:17+00:00","mainEntityOfPage":{"@id":"https:\/\/www.bellunopress.it\/2009\/04\/22\/dietrofront-del-sindaco-vaccari-sull-patrocinio-allassociazione-di-tiziano-motti\/"},"wordCount":495,"publisher":{"@id":"https:\/\/www.bellunopress.it\/#organization"},"image":{"@id":"https:\/\/www.bellunopress.it\/2009\/04\/22\/dietrofront-del-sindaco-vaccari-sull-patrocinio-allassociazione-di-tiziano-motti\/#primaryimage"},"thumbnailUrl":"http:\/\/www.bellunopress.it\/wp-content\/uploads\/2009\/04\/gianvittore-vaccari-leggerissima.jpg","keywords":["Belluno","Feltre"],"articleSection":["Cronaca\/Politica","Prima Pagina"],"inLanguage":"fr-FR"},{"@type":"WebPage","@id":"https:\/\/www.bellunopress.it\/2009\/04\/22\/dietrofront-del-sindaco-vaccari-sull-patrocinio-allassociazione-di-tiziano-motti\/","url":"https:\/\/www.bellunopress.it\/2009\/04\/22\/dietrofront-del-sindaco-vaccari-sull-patrocinio-allassociazione-di-tiziano-motti\/","name":"Dietrofront del sindaco Vaccari sul patrocinio all'associazione di Tiziano Motti - Bellunopress - Dolomiti","isPartOf":{"@id":"https:\/\/www.bellunopress.it\/#website"},"primaryImageOfPage":{"@id":"https:\/\/www.bellunopress.it\/2009\/04\/22\/dietrofront-del-sindaco-vaccari-sull-patrocinio-allassociazione-di-tiziano-motti\/#primaryimage"},"image":{"@id":"https:\/\/www.bellunopress.it\/2009\/04\/22\/dietrofront-del-sindaco-vaccari-sull-patrocinio-allassociazione-di-tiziano-motti\/#primaryimage"},"thumbnailUrl":"http:\/\/www.bellunopress.it\/wp-content\/uploads\/2009\/04\/gianvittore-vaccari-leggerissima.jpg","datePublished":"2009-04-22T10:40:42+00:00","dateModified":"2009-04-22T10:53:17+00:00","breadcrumb":{"@id":"https:\/\/www.bellunopress.it\/2009\/04\/22\/dietrofront-del-sindaco-vaccari-sull-patrocinio-allassociazione-di-tiziano-motti\/#breadcrumb"},"inLanguage":"fr-FR","potentialAction":[{"@type":"ReadAction","target":["https:\/\/www.bellunopress.it\/2009\/04\/22\/dietrofront-del-sindaco-vaccari-sull-patrocinio-allassociazione-di-tiziano-motti\/"]}]},{"@type":"ImageObject","inLanguage":"fr-FR","@id":"https:\/\/www.bellunopress.it\/2009\/04\/22\/dietrofront-del-sindaco-vaccari-sull-patrocinio-allassociazione-di-tiziano-motti\/#primaryimage","url":"http:\/\/www.bellunopress.it\/wp-content\/uploads\/2009\/04\/gianvittore-vaccari-leggerissima.jpg","contentUrl":"http:\/\/www.bellunopress.it\/wp-content\/uploads\/2009\/04\/gianvittore-vaccari-leggerissima.jpg"},{"@type":"BreadcrumbList","@id":"https:\/\/www.bellunopress.it\/2009\/04\/22\/dietrofront-del-sindaco-vaccari-sull-patrocinio-allassociazione-di-tiziano-motti\/#breadcrumb","itemListElement":[{"@type":"ListItem","position":1,"name":"Home","item":"https:\/\/www.bellunopress.it\/"},{"@type":"ListItem","position":2,"name":"Dietrofront del sindaco Vaccari sul patrocinio all&#8217;associazione di Tiziano Motti"}]},{"@type":"WebSite","@id":"https:\/\/www.bellunopress.it\/#website","url":"https:\/\/www.bellunopress.it\/","name":"Bellunopress - Dolomiti","description":"e-mail: redazione@bellunopress.it","publisher":{"@id":"https:\/\/www.bellunopress.it\/#organization"},"potentialAction":[{"@type":"SearchAction","target":{"@type":"EntryPoint","urlTemplate":"https:\/\/www.bellunopress.it\/?s={search_term_string}"},"query-input":{"@type":"PropertyValueSpecification","valueRequired":true,"valueName":"search_term_string"}}],"inLanguage":"fr-FR"},{"@type":"Organization","@id":"https:\/\/www.bellunopress.it\/#organization","name":"Bellunopress","url":"https:\/\/www.bellunopress.it\/","logo":{"@type":"ImageObject","inLanguage":"fr-FR","@id":"https:\/\/www.bellunopress.it\/#\/schema\/logo\/image\/","url":"https:\/\/www.bellunopress.it\/wp-content\/uploads\/2011\/05\/cropped-logo-bellunopress-.jpg","contentUrl":"https:\/\/www.bellunopress.it\/wp-content\/uploads\/2011\/05\/cropped-logo-bellunopress-.jpg","width":512,"height":512,"caption":"Bellunopress"},"image":{"@id":"https:\/\/www.bellunopress.it\/#\/schema\/logo\/image\/"},"sameAs":["https:\/\/www.facebook.com\/profile.php?id=100008943462799","https:\/\/x.com\/bellunopress","https:\/\/www.linkedin.com\/hp\/?dnr=JBzUWaJfMUw8vbXJJ2tVW5-I3jZKvC4wsoxE&amp;amp;amp;amp;amp;amp;trk=nav_responsive_tab_home","https:\/\/www.youtube.com\/channel\/UCxL0wu1uN0_3_7hGG0306cw"]},{"@type":"Person","@id":"https:\/\/www.bellunopress.it\/#\/schema\/person\/79bb06722b37ece1c03d3e94beb30d73","name":"r\u00e9daction","image":{"@type":"ImageObject","inLanguage":"fr-FR","@id":"https:\/\/secure.gravatar.com\/avatar\/37d968a2e67a6fd04c169c4bdef102d0bc5d31b2546345219e348575eb80e9a0?s=96&d=mm&r=g","url":"https:\/\/secure.gravatar.com\/avatar\/37d968a2e67a6fd04c169c4bdef102d0bc5d31b2546345219e348575eb80e9a0?s=96&d=mm&r=g","contentUrl":"https:\/\/secure.gravatar.com\/avatar\/37d968a2e67a6fd04c169c4bdef102d0bc5d31b2546345219e348575eb80e9a0?s=96&d=mm&r=g","caption":"redazione"},"sameAs":["http:\/\/www.bellunopress.it","https:\/\/x.com\/bellunopress"],"url":"https:\/\/www.bellunopress.it\/fr\/author\/redazione\/"}]}},"_links":{"self":[{"href":"https:\/\/www.bellunopress.it\/fr\/wp-json\/wp\/v2\/posts\/2943","targetHints":{"allow":["GET"]}}],"collection":[{"href":"https:\/\/www.bellunopress.it\/fr\/wp-json\/wp\/v2\/posts"}],"about":[{"href":"https:\/\/www.bellunopress.it\/fr\/wp-json\/wp\/v2\/types\/post"}],"author":[{"embeddable":true,"href":"https:\/\/www.bellunopress.it\/fr\/wp-json\/wp\/v2\/users\/2"}],"replies":[{"embeddable":true,"href":"https:\/\/www.bellunopress.it\/fr\/wp-json\/wp\/v2\/comments?post=2943"}],"version-history":[{"count":2,"href":"https:\/\/www.bellunopress.it\/fr\/wp-json\/wp\/v2\/posts\/2943\/revisions"}],"predecessor-version":[{"id":2945,"href":"https:\/\/www.bellunopress.it\/fr\/wp-json\/wp\/v2\/posts\/2943\/revisions\/2945"}],"wp:attachment":[{"href":"https:\/\/www.bellunopress.it\/fr\/wp-json\/wp\/v2\/media?parent=2943"}],"wp:term":[{"taxonomy":"category","embeddable":true,"href":"https:\/\/www.bellunopress.it\/fr\/wp-json\/wp\/v2\/categories?post=2943"},{"taxonomy":"post_tag","embeddable":true,"href":"https:\/\/www.bellunopress.it\/fr\/wp-json\/wp\/v2\/tags?post=2943"}],"curies":[{"name":"wp","href":"https:\/\/api.w.org\/{rel}","templated":true}]}}