{"id":293,"date":"2009-02-08T17:40:57","date_gmt":"2009-02-08T16:40:57","guid":{"rendered":"http:\/\/www.bellunopress.it\/?p=293"},"modified":"2009-02-09T03:21:42","modified_gmt":"2009-02-09T02:21:42","slug":"uno-degli-economisti-piu-bravi-dice-che-la-crisi-e-colpa-della-stampa","status":"publish","type":"post","link":"https:\/\/www.bellunopress.it\/fr\/2009\/02\/08\/uno-degli-economisti-piu-bravi-dice-che-la-crisi-e-colpa-della-stampa\/","title":{"rendered":"&#8220;Uno degli economisti pi\u00f9 bravi&#8221; dice che la crisi \u00e8 colpa della stampa"},"content":{"rendered":"<p><a href=\"http:\/\/www.bellunopress.it\/wp-content\/uploads\/2009\/02\/brunetta-026.jpg\"><img loading=\"lazy\" decoding=\"async\" class=\"alignleft size-medium wp-image-294\" title=\"brunetta-026\" src=\"http:\/\/www.bellunopress.it\/wp-content\/uploads\/2009\/02\/brunetta-026.jpg\" alt=\"\" width=\"270\" height=\"180\" \/><\/a>BELLUNO. Sorridente, cordiale, con la battuta sempre pronta, dotato di una buona dose di autoironia, ama dire di s\u00e9 che \u00e8 figlio di ambulanti, che ha studiato molto, \u00e8 diventato professore universitario, parlamentare europeo, ministro ed \u00e8 uno dei pi\u00f9 bravi economisti al mondo. Manca poco che gli si possa dare una pacca sulla spalla dandogli del tu. Almeno apparentemente. Perch\u00e9 se qualcuno prova a intavolare l&#8217;argomento delle sue assenze al Parlamento europeo il ministro lo ferma ed avvisa che pu\u00f2 querelare. Come \u00e8 successo alla giornalista del Corriere delle Alpi che ha osato chiedere spiegazioni su quell&#8217;articolo dell&#8217;Espresso che non lo dipingeva esattamente come il primo della classe. A parte questo fastidiosissimo tallone d&#8217;Achille il ministro Renato Brunetta, intervenuto all&#8217;incontro promosso dal Lions Club, \u00e8 stato molto applaudito dal pubblico, che ha riempito il Teatro comunale di Belluno sabato pomeriggio. L&#8217;incontro inizia col saluto del sindaco Prade e del presidente della provincia Reolon. Poi la parola al delegato del Lions, Janiro e quindi al giornalista Luigi Bacialli che apre con un&#8217;infelice domanda sul caso di Eluana Englaro, che provoca il brusio e qualche fischio dal pubblico. Quindi un Brunetta che va a ruota libera per un&#8217;ora e mezza con un pubblico accondiscendente. E porta argomenti convincenti, come la sua lotta ai fannulloni che ha ridotto le assenze nel pubblico impiego del 45% nei primi 6 mesi. Un&#8217;Italia fatta di formiche e cicale dove leggi assurde hanno premiato le cicale. Altre questioni molto meno credibili. Ad esempio quando attribuisce alla stampa la responsabilit\u00e0 della crisi economica, quando dice via tutti i privilegi delle Regioni a Statuto speciale. E quando dice a una dipendente del Comune che le ha dato la fotocopia del suo stipendio di 1.160 euro al mese che se non le va pu\u00f2 cambiare lavoro. Ma nessuno replica. Solo un professore di liceo si alza dalla galleria per dire al ministro \u00abLei offende un\u2019intera categoria\u00bb, peccato che non dia le sue generalit\u00e0 e questo vanifica il suo intervento.<\/p>","protected":false},"excerpt":{"rendered":"<p>BELLUNO. Sorridente, cordiale, con la battuta sempre pronta, dotato di una buona dose di autoironia, ama dire di s\u00e9 che \u00e8 figlio di ambulanti, che ha studiato molto, \u00e8 diventato professore universitario, parlamentare europeo, ministro ed \u00e8 uno dei pi\u00f9 bravi economisti al mondo. Manca poco che gli si possa dare una pacca sulla spalla [&hellip;]<\/p>\n","protected":false},"author":2,"featured_media":0,"comment_status":"closed","ping_status":"open","sticky":false,"template":"","format":"standard","meta":{"footnotes":""},"categories":[1],"tags":[139],"class_list":["post-293","post","type-post","status-publish","format-standard","category-leo","tag-belluno"],"yoast_head":"<!-- This site is optimized with the Yoast SEO plugin v28.4 - https:\/\/yoast.com\/product\/yoast-seo-wordpress\/ -->\n<title>&quot;Uno degli economisti pi\u00f9 bravi&quot; dice che la crisi \u00e8 colpa della stampa  - Bellunopress - Dolomiti<\/title>\n<meta name=\"robots\" content=\"index, follow, max-snippet:-1, max-image-preview:large, max-video-preview:-1\" \/>\n<link rel=\"canonical\" href=\"https:\/\/www.bellunopress.it\/fr\/2009\/02\/08\/uno-degli-economisti-piu-bravi-dice-che-la-crisi-e-colpa-della-stampa\/\" \/>\n<meta property=\"og:locale\" content=\"fr_FR\" \/>\n<meta property=\"og:type\" content=\"article\" \/>\n<meta property=\"og:title\" content=\"&quot;Uno degli economisti pi\u00f9 bravi&quot; dice che la crisi \u00e8 colpa della stampa  - Bellunopress - Dolomiti\" \/>\n<meta property=\"og:description\" content=\"BELLUNO. Sorridente, cordiale, con la battuta sempre pronta, dotato di una buona dose di autoironia, ama dire di s\u00e9 che \u00e8 figlio di ambulanti, che ha studiato molto, \u00e8 diventato professore universitario, parlamentare europeo, ministro ed \u00e8 uno dei pi\u00f9 bravi economisti al mondo. Manca poco che gli si possa dare una pacca sulla spalla [&hellip;]\" \/>\n<meta property=\"og:url\" content=\"https:\/\/www.bellunopress.it\/fr\/2009\/02\/08\/uno-degli-economisti-piu-bravi-dice-che-la-crisi-e-colpa-della-stampa\/\" \/>\n<meta property=\"og:site_name\" content=\"Bellunopress - Dolomiti\" \/>\n<meta property=\"article:publisher\" content=\"https:\/\/www.facebook.com\/profile.php?id=100008943462799\" \/>\n<meta property=\"article:published_time\" content=\"2009-02-08T16:40:57+00:00\" \/>\n<meta property=\"article:modified_time\" content=\"2009-02-09T02:21:42+00:00\" \/>\n<meta property=\"og:image\" content=\"http:\/\/www.bellunopress.it\/wp-content\/uploads\/2009\/02\/brunetta-026.jpg\" \/>\n<meta name=\"author\" content=\"redazione\" \/>\n<meta name=\"twitter:card\" content=\"summary_large_image\" \/>\n<meta name=\"twitter:creator\" content=\"@bellunopress\" \/>\n<meta name=\"twitter:site\" content=\"@bellunopress\" \/>\n<meta name=\"twitter:label1\" content=\"Written by\" \/>\n\t<meta name=\"twitter:data1\" content=\"redazione\" \/>\n\t<meta name=\"twitter:label2\" content=\"Est. reading time\" \/>\n\t<meta name=\"twitter:data2\" content=\"2 minutes\" \/>\n<script type=\"application\/ld+json\" class=\"yoast-schema-graph\">{\"@context\":\"https:\\\/\\\/schema.org\",\"@graph\":[{\"@type\":\"Article\",\"@id\":\"https:\\\/\\\/www.bellunopress.it\\\/2009\\\/02\\\/08\\\/uno-degli-economisti-piu-bravi-dice-che-la-crisi-e-colpa-della-stampa\\\/#article\",\"isPartOf\":{\"@id\":\"https:\\\/\\\/www.bellunopress.it\\\/2009\\\/02\\\/08\\\/uno-degli-economisti-piu-bravi-dice-che-la-crisi-e-colpa-della-stampa\\\/\"},\"author\":{\"name\":\"redazione\",\"@id\":\"https:\\\/\\\/www.bellunopress.it\\\/#\\\/schema\\\/person\\\/79bb06722b37ece1c03d3e94beb30d73\"},\"headline\":\"&#8220;Uno degli economisti pi\u00f9 bravi&#8221; dice che la crisi \u00e8 colpa della stampa\",\"datePublished\":\"2009-02-08T16:40:57+00:00\",\"dateModified\":\"2009-02-09T02:21:42+00:00\",\"mainEntityOfPage\":{\"@id\":\"https:\\\/\\\/www.bellunopress.it\\\/2009\\\/02\\\/08\\\/uno-degli-economisti-piu-bravi-dice-che-la-crisi-e-colpa-della-stampa\\\/\"},\"wordCount\":344,\"publisher\":{\"@id\":\"https:\\\/\\\/www.bellunopress.it\\\/#organization\"},\"image\":{\"@id\":\"https:\\\/\\\/www.bellunopress.it\\\/2009\\\/02\\\/08\\\/uno-degli-economisti-piu-bravi-dice-che-la-crisi-e-colpa-della-stampa\\\/#primaryimage\"},\"thumbnailUrl\":\"http:\\\/\\\/www.bellunopress.it\\\/wp-content\\\/uploads\\\/2009\\\/02\\\/brunetta-026.jpg\",\"keywords\":[\"Belluno\"],\"articleSection\":[\"Lettere Opinioni\"],\"inLanguage\":\"fr-FR\"},{\"@type\":\"WebPage\",\"@id\":\"https:\\\/\\\/www.bellunopress.it\\\/2009\\\/02\\\/08\\\/uno-degli-economisti-piu-bravi-dice-che-la-crisi-e-colpa-della-stampa\\\/\",\"url\":\"https:\\\/\\\/www.bellunopress.it\\\/2009\\\/02\\\/08\\\/uno-degli-economisti-piu-bravi-dice-che-la-crisi-e-colpa-della-stampa\\\/\",\"name\":\"\\\"Uno degli economisti pi\u00f9 bravi\\\" dice che la crisi \u00e8 colpa della stampa - Bellunopress - Dolomiti\",\"isPartOf\":{\"@id\":\"https:\\\/\\\/www.bellunopress.it\\\/#website\"},\"primaryImageOfPage\":{\"@id\":\"https:\\\/\\\/www.bellunopress.it\\\/2009\\\/02\\\/08\\\/uno-degli-economisti-piu-bravi-dice-che-la-crisi-e-colpa-della-stampa\\\/#primaryimage\"},\"image\":{\"@id\":\"https:\\\/\\\/www.bellunopress.it\\\/2009\\\/02\\\/08\\\/uno-degli-economisti-piu-bravi-dice-che-la-crisi-e-colpa-della-stampa\\\/#primaryimage\"},\"thumbnailUrl\":\"http:\\\/\\\/www.bellunopress.it\\\/wp-content\\\/uploads\\\/2009\\\/02\\\/brunetta-026.jpg\",\"datePublished\":\"2009-02-08T16:40:57+00:00\",\"dateModified\":\"2009-02-09T02:21:42+00:00\",\"breadcrumb\":{\"@id\":\"https:\\\/\\\/www.bellunopress.it\\\/2009\\\/02\\\/08\\\/uno-degli-economisti-piu-bravi-dice-che-la-crisi-e-colpa-della-stampa\\\/#breadcrumb\"},\"inLanguage\":\"fr-FR\",\"potentialAction\":[{\"@type\":\"ReadAction\",\"target\":[\"https:\\\/\\\/www.bellunopress.it\\\/2009\\\/02\\\/08\\\/uno-degli-economisti-piu-bravi-dice-che-la-crisi-e-colpa-della-stampa\\\/\"]}]},{\"@type\":\"ImageObject\",\"inLanguage\":\"fr-FR\",\"@id\":\"https:\\\/\\\/www.bellunopress.it\\\/2009\\\/02\\\/08\\\/uno-degli-economisti-piu-bravi-dice-che-la-crisi-e-colpa-della-stampa\\\/#primaryimage\",\"url\":\"http:\\\/\\\/www.bellunopress.it\\\/wp-content\\\/uploads\\\/2009\\\/02\\\/brunetta-026.jpg\",\"contentUrl\":\"http:\\\/\\\/www.bellunopress.it\\\/wp-content\\\/uploads\\\/2009\\\/02\\\/brunetta-026.jpg\"},{\"@type\":\"BreadcrumbList\",\"@id\":\"https:\\\/\\\/www.bellunopress.it\\\/2009\\\/02\\\/08\\\/uno-degli-economisti-piu-bravi-dice-che-la-crisi-e-colpa-della-stampa\\\/#breadcrumb\",\"itemListElement\":[{\"@type\":\"ListItem\",\"position\":1,\"name\":\"Home\",\"item\":\"https:\\\/\\\/www.bellunopress.it\\\/\"},{\"@type\":\"ListItem\",\"position\":2,\"name\":\"&#8220;Uno degli economisti pi\u00f9 bravi&#8221; dice che la crisi \u00e8 colpa della stampa\"}]},{\"@type\":\"WebSite\",\"@id\":\"https:\\\/\\\/www.bellunopress.it\\\/#website\",\"url\":\"https:\\\/\\\/www.bellunopress.it\\\/\",\"name\":\"Bellunopress - Dolomiti\",\"description\":\"e-mail: redazione@bellunopress.it\",\"publisher\":{\"@id\":\"https:\\\/\\\/www.bellunopress.it\\\/#organization\"},\"potentialAction\":[{\"@type\":\"SearchAction\",\"target\":{\"@type\":\"EntryPoint\",\"urlTemplate\":\"https:\\\/\\\/www.bellunopress.it\\\/?s={search_term_string}\"},\"query-input\":{\"@type\":\"PropertyValueSpecification\",\"valueRequired\":true,\"valueName\":\"search_term_string\"}}],\"inLanguage\":\"fr-FR\"},{\"@type\":\"Organization\",\"@id\":\"https:\\\/\\\/www.bellunopress.it\\\/#organization\",\"name\":\"Bellunopress\",\"url\":\"https:\\\/\\\/www.bellunopress.it\\\/\",\"logo\":{\"@type\":\"ImageObject\",\"inLanguage\":\"fr-FR\",\"@id\":\"https:\\\/\\\/www.bellunopress.it\\\/#\\\/schema\\\/logo\\\/image\\\/\",\"url\":\"https:\\\/\\\/www.bellunopress.it\\\/wp-content\\\/uploads\\\/2011\\\/05\\\/cropped-logo-bellunopress-.jpg\",\"contentUrl\":\"https:\\\/\\\/www.bellunopress.it\\\/wp-content\\\/uploads\\\/2011\\\/05\\\/cropped-logo-bellunopress-.jpg\",\"width\":512,\"height\":512,\"caption\":\"Bellunopress\"},\"image\":{\"@id\":\"https:\\\/\\\/www.bellunopress.it\\\/#\\\/schema\\\/logo\\\/image\\\/\"},\"sameAs\":[\"https:\\\/\\\/www.facebook.com\\\/profile.php?id=100008943462799\",\"https:\\\/\\\/x.com\\\/bellunopress\",\"https:\\\/\\\/www.linkedin.com\\\/hp\\\/?dnr=JBzUWaJfMUw8vbXJJ2tVW5-I3jZKvC4wsoxE&amp;amp;amp;amp;amp;amp;trk=nav_responsive_tab_home\",\"https:\\\/\\\/www.youtube.com\\\/channel\\\/UCxL0wu1uN0_3_7hGG0306cw\"]},{\"@type\":\"Person\",\"@id\":\"https:\\\/\\\/www.bellunopress.it\\\/#\\\/schema\\\/person\\\/79bb06722b37ece1c03d3e94beb30d73\",\"name\":\"redazione\",\"image\":{\"@type\":\"ImageObject\",\"inLanguage\":\"fr-FR\",\"@id\":\"https:\\\/\\\/secure.gravatar.com\\\/avatar\\\/37d968a2e67a6fd04c169c4bdef102d0bc5d31b2546345219e348575eb80e9a0?s=96&d=mm&r=g\",\"url\":\"https:\\\/\\\/secure.gravatar.com\\\/avatar\\\/37d968a2e67a6fd04c169c4bdef102d0bc5d31b2546345219e348575eb80e9a0?s=96&d=mm&r=g\",\"contentUrl\":\"https:\\\/\\\/secure.gravatar.com\\\/avatar\\\/37d968a2e67a6fd04c169c4bdef102d0bc5d31b2546345219e348575eb80e9a0?s=96&d=mm&r=g\",\"caption\":\"redazione\"},\"sameAs\":[\"http:\\\/\\\/www.bellunopress.it\",\"https:\\\/\\\/x.com\\\/bellunopress\"],\"url\":\"https:\\\/\\\/www.bellunopress.it\\\/fr\\\/author\\\/redazione\\\/\"}]}<\/script>\n<!-- \/ Yoast SEO plugin. -->","yoast_head_json":{"title":"\"Uno degli economisti pi\u00f9 bravi\" dice che la crisi \u00e8 colpa della stampa  - Bellunopress - Dolomiti","robots":{"index":"index","follow":"follow","max-snippet":"max-snippet:-1","max-image-preview":"max-image-preview:large","max-video-preview":"max-video-preview:-1"},"canonical":"https:\/\/www.bellunopress.it\/fr\/2009\/02\/08\/uno-degli-economisti-piu-bravi-dice-che-la-crisi-e-colpa-della-stampa\/","og_locale":"fr_FR","og_type":"article","og_title":"\"Uno degli economisti pi\u00f9 bravi\" dice che la crisi \u00e8 colpa della stampa  - Bellunopress - Dolomiti","og_description":"BELLUNO. Sorridente, cordiale, con la battuta sempre pronta, dotato di una buona dose di autoironia, ama dire di s\u00e9 che \u00e8 figlio di ambulanti, che ha studiato molto, \u00e8 diventato professore universitario, parlamentare europeo, ministro ed \u00e8 uno dei pi\u00f9 bravi economisti al mondo. Manca poco che gli si possa dare una pacca sulla spalla [&hellip;]","og_url":"https:\/\/www.bellunopress.it\/fr\/2009\/02\/08\/uno-degli-economisti-piu-bravi-dice-che-la-crisi-e-colpa-della-stampa\/","og_site_name":"Bellunopress - Dolomiti","article_publisher":"https:\/\/www.facebook.com\/profile.php?id=100008943462799","article_published_time":"2009-02-08T16:40:57+00:00","article_modified_time":"2009-02-09T02:21:42+00:00","og_image":[{"url":"http:\/\/www.bellunopress.it\/wp-content\/uploads\/2009\/02\/brunetta-026.jpg","type":"","width":"","height":""}],"author":"redazione","twitter_card":"summary_large_image","twitter_creator":"@bellunopress","twitter_site":"@bellunopress","twitter_misc":{"Written by":"redazione","Est. reading time":"2 minutes"},"schema":{"@context":"https:\/\/schema.org","@graph":[{"@type":"Article","@id":"https:\/\/www.bellunopress.it\/2009\/02\/08\/uno-degli-economisti-piu-bravi-dice-che-la-crisi-e-colpa-della-stampa\/#article","isPartOf":{"@id":"https:\/\/www.bellunopress.it\/2009\/02\/08\/uno-degli-economisti-piu-bravi-dice-che-la-crisi-e-colpa-della-stampa\/"},"author":{"name":"redazione","@id":"https:\/\/www.bellunopress.it\/#\/schema\/person\/79bb06722b37ece1c03d3e94beb30d73"},"headline":"&#8220;Uno degli economisti pi\u00f9 bravi&#8221; dice che la crisi \u00e8 colpa della stampa","datePublished":"2009-02-08T16:40:57+00:00","dateModified":"2009-02-09T02:21:42+00:00","mainEntityOfPage":{"@id":"https:\/\/www.bellunopress.it\/2009\/02\/08\/uno-degli-economisti-piu-bravi-dice-che-la-crisi-e-colpa-della-stampa\/"},"wordCount":344,"publisher":{"@id":"https:\/\/www.bellunopress.it\/#organization"},"image":{"@id":"https:\/\/www.bellunopress.it\/2009\/02\/08\/uno-degli-economisti-piu-bravi-dice-che-la-crisi-e-colpa-della-stampa\/#primaryimage"},"thumbnailUrl":"http:\/\/www.bellunopress.it\/wp-content\/uploads\/2009\/02\/brunetta-026.jpg","keywords":["Belluno"],"articleSection":["Lettere Opinioni"],"inLanguage":"fr-FR"},{"@type":"WebPage","@id":"https:\/\/www.bellunopress.it\/2009\/02\/08\/uno-degli-economisti-piu-bravi-dice-che-la-crisi-e-colpa-della-stampa\/","url":"https:\/\/www.bellunopress.it\/2009\/02\/08\/uno-degli-economisti-piu-bravi-dice-che-la-crisi-e-colpa-della-stampa\/","name":"\"Uno degli economisti pi\u00f9 bravi\" dice che la crisi \u00e8 colpa della stampa - Bellunopress - Dolomiti","isPartOf":{"@id":"https:\/\/www.bellunopress.it\/#website"},"primaryImageOfPage":{"@id":"https:\/\/www.bellunopress.it\/2009\/02\/08\/uno-degli-economisti-piu-bravi-dice-che-la-crisi-e-colpa-della-stampa\/#primaryimage"},"image":{"@id":"https:\/\/www.bellunopress.it\/2009\/02\/08\/uno-degli-economisti-piu-bravi-dice-che-la-crisi-e-colpa-della-stampa\/#primaryimage"},"thumbnailUrl":"http:\/\/www.bellunopress.it\/wp-content\/uploads\/2009\/02\/brunetta-026.jpg","datePublished":"2009-02-08T16:40:57+00:00","dateModified":"2009-02-09T02:21:42+00:00","breadcrumb":{"@id":"https:\/\/www.bellunopress.it\/2009\/02\/08\/uno-degli-economisti-piu-bravi-dice-che-la-crisi-e-colpa-della-stampa\/#breadcrumb"},"inLanguage":"fr-FR","potentialAction":[{"@type":"ReadAction","target":["https:\/\/www.bellunopress.it\/2009\/02\/08\/uno-degli-economisti-piu-bravi-dice-che-la-crisi-e-colpa-della-stampa\/"]}]},{"@type":"ImageObject","inLanguage":"fr-FR","@id":"https:\/\/www.bellunopress.it\/2009\/02\/08\/uno-degli-economisti-piu-bravi-dice-che-la-crisi-e-colpa-della-stampa\/#primaryimage","url":"http:\/\/www.bellunopress.it\/wp-content\/uploads\/2009\/02\/brunetta-026.jpg","contentUrl":"http:\/\/www.bellunopress.it\/wp-content\/uploads\/2009\/02\/brunetta-026.jpg"},{"@type":"BreadcrumbList","@id":"https:\/\/www.bellunopress.it\/2009\/02\/08\/uno-degli-economisti-piu-bravi-dice-che-la-crisi-e-colpa-della-stampa\/#breadcrumb","itemListElement":[{"@type":"ListItem","position":1,"name":"Home","item":"https:\/\/www.bellunopress.it\/"},{"@type":"ListItem","position":2,"name":"&#8220;Uno degli economisti pi\u00f9 bravi&#8221; dice che la crisi \u00e8 colpa della stampa"}]},{"@type":"WebSite","@id":"https:\/\/www.bellunopress.it\/#website","url":"https:\/\/www.bellunopress.it\/","name":"Bellunopress - Dolomiti","description":"e-mail: redazione@bellunopress.it","publisher":{"@id":"https:\/\/www.bellunopress.it\/#organization"},"potentialAction":[{"@type":"SearchAction","target":{"@type":"EntryPoint","urlTemplate":"https:\/\/www.bellunopress.it\/?s={search_term_string}"},"query-input":{"@type":"PropertyValueSpecification","valueRequired":true,"valueName":"search_term_string"}}],"inLanguage":"fr-FR"},{"@type":"Organization","@id":"https:\/\/www.bellunopress.it\/#organization","name":"Bellunopress","url":"https:\/\/www.bellunopress.it\/","logo":{"@type":"ImageObject","inLanguage":"fr-FR","@id":"https:\/\/www.bellunopress.it\/#\/schema\/logo\/image\/","url":"https:\/\/www.bellunopress.it\/wp-content\/uploads\/2011\/05\/cropped-logo-bellunopress-.jpg","contentUrl":"https:\/\/www.bellunopress.it\/wp-content\/uploads\/2011\/05\/cropped-logo-bellunopress-.jpg","width":512,"height":512,"caption":"Bellunopress"},"image":{"@id":"https:\/\/www.bellunopress.it\/#\/schema\/logo\/image\/"},"sameAs":["https:\/\/www.facebook.com\/profile.php?id=100008943462799","https:\/\/x.com\/bellunopress","https:\/\/www.linkedin.com\/hp\/?dnr=JBzUWaJfMUw8vbXJJ2tVW5-I3jZKvC4wsoxE&amp;amp;amp;amp;amp;amp;trk=nav_responsive_tab_home","https:\/\/www.youtube.com\/channel\/UCxL0wu1uN0_3_7hGG0306cw"]},{"@type":"Person","@id":"https:\/\/www.bellunopress.it\/#\/schema\/person\/79bb06722b37ece1c03d3e94beb30d73","name":"r\u00e9daction","image":{"@type":"ImageObject","inLanguage":"fr-FR","@id":"https:\/\/secure.gravatar.com\/avatar\/37d968a2e67a6fd04c169c4bdef102d0bc5d31b2546345219e348575eb80e9a0?s=96&d=mm&r=g","url":"https:\/\/secure.gravatar.com\/avatar\/37d968a2e67a6fd04c169c4bdef102d0bc5d31b2546345219e348575eb80e9a0?s=96&d=mm&r=g","contentUrl":"https:\/\/secure.gravatar.com\/avatar\/37d968a2e67a6fd04c169c4bdef102d0bc5d31b2546345219e348575eb80e9a0?s=96&d=mm&r=g","caption":"redazione"},"sameAs":["http:\/\/www.bellunopress.it","https:\/\/x.com\/bellunopress"],"url":"https:\/\/www.bellunopress.it\/fr\/author\/redazione\/"}]}},"_links":{"self":[{"href":"https:\/\/www.bellunopress.it\/fr\/wp-json\/wp\/v2\/posts\/293","targetHints":{"allow":["GET"]}}],"collection":[{"href":"https:\/\/www.bellunopress.it\/fr\/wp-json\/wp\/v2\/posts"}],"about":[{"href":"https:\/\/www.bellunopress.it\/fr\/wp-json\/wp\/v2\/types\/post"}],"author":[{"embeddable":true,"href":"https:\/\/www.bellunopress.it\/fr\/wp-json\/wp\/v2\/users\/2"}],"replies":[{"embeddable":true,"href":"https:\/\/www.bellunopress.it\/fr\/wp-json\/wp\/v2\/comments?post=293"}],"version-history":[{"count":4,"href":"https:\/\/www.bellunopress.it\/fr\/wp-json\/wp\/v2\/posts\/293\/revisions"}],"predecessor-version":[{"id":296,"href":"https:\/\/www.bellunopress.it\/fr\/wp-json\/wp\/v2\/posts\/293\/revisions\/296"}],"wp:attachment":[{"href":"https:\/\/www.bellunopress.it\/fr\/wp-json\/wp\/v2\/media?parent=293"}],"wp:term":[{"taxonomy":"category","embeddable":true,"href":"https:\/\/www.bellunopress.it\/fr\/wp-json\/wp\/v2\/categories?post=293"},{"taxonomy":"post_tag","embeddable":true,"href":"https:\/\/www.bellunopress.it\/fr\/wp-json\/wp\/v2\/tags?post=293"}],"curies":[{"name":"wp","href":"https:\/\/api.w.org\/{rel}","templated":true}]}}