{"id":2921,"date":"2009-04-21T22:44:11","date_gmt":"2009-04-21T21:44:11","guid":{"rendered":"http:\/\/www.bellunopress.it\/?p=2921"},"modified":"2009-04-21T22:44:11","modified_gmt":"2009-04-21T21:44:11","slug":"per-i-turisti-un-nuovo-benvenuto-a-vas-il-primo-cartello-stradale-di-ingresso-in-provincia","status":"publish","type":"post","link":"https:\/\/www.bellunopress.it\/fr\/2009\/04\/21\/per-i-turisti-un-nuovo-benvenuto-a-vas-il-primo-cartello-stradale-di-ingresso-in-provincia\/","title":{"rendered":"Per i turisti un nuovo benvenuto: a Vas il primo cartello stradale di ingresso in provincia"},"content":{"rendered":"<p>Un nuovo biglietto da visita per la Provincia. Inizia domani la posa dei nuovi cartelli di ingresso nel territorio provinciale. Il primo dei 20 pannelli che daranno il benvenuto agli automobilisti nelle varie vie d\u2019accesso alla Provincia di Belluno sar\u00e0 installato domani sulla strada provinciale 1 della Sinistra Piave, nel comune di Vas. Saranno 20 i nuovi cartelli di benvenuto installati nei diversi punti di accesso stradali alla provincia di Belluno. Richiamano nella forma e nella grafica gli elementi caratterizzanti del territorio: legno e metallo per la struttura portante, rappresentanti la montagna (richiamata anche dalla sommit\u00e0 a tre punte del sostegno) e l\u2019industria, le due anime della provincia di Belluno. Nel pannello \u00e8 inserito il logo identificativo della provincia di Belluno, in modo da rendere immediatamente riconoscibile il confine di entrata.<\/p>","protected":false},"excerpt":{"rendered":"<p>Un nuovo biglietto da visita per la Provincia. Inizia domani la posa dei nuovi cartelli di ingresso nel territorio provinciale. Il primo dei 20 pannelli che daranno il benvenuto agli automobilisti nelle varie vie d\u2019accesso alla Provincia di Belluno sar\u00e0 installato domani sulla strada provinciale 1 della Sinistra Piave, nel comune di Vas. Saranno 20 [&hellip;]<\/p>\n","protected":false},"author":2,"featured_media":0,"comment_status":"closed","ping_status":"open","sticky":false,"template":"","format":"standard","meta":{"footnotes":""},"categories":[5],"tags":[139],"class_list":["post-2921","post","type-post","status-publish","format-standard","category-cronaca","tag-belluno"],"yoast_head":"<!-- This site is optimized with the Yoast SEO plugin v28.4 - https:\/\/yoast.com\/product\/yoast-seo-wordpress\/ -->\n<title>Per i turisti un nuovo benvenuto: a Vas il primo cartello stradale di ingresso in provincia - Bellunopress - Dolomiti<\/title>\n<meta name=\"robots\" content=\"index, follow, max-snippet:-1, max-image-preview:large, max-video-preview:-1\" \/>\n<link rel=\"canonical\" href=\"https:\/\/www.bellunopress.it\/fr\/2009\/04\/21\/per-i-turisti-un-nuovo-benvenuto-a-vas-il-primo-cartello-stradale-di-ingresso-in-provincia\/\" \/>\n<meta property=\"og:locale\" content=\"fr_FR\" \/>\n<meta property=\"og:type\" content=\"article\" \/>\n<meta property=\"og:title\" content=\"Per i turisti un nuovo benvenuto: a Vas il primo cartello stradale di ingresso in provincia - Bellunopress - Dolomiti\" \/>\n<meta property=\"og:description\" content=\"Un nuovo biglietto da visita per la Provincia. Inizia domani la posa dei nuovi cartelli di ingresso nel territorio provinciale. Il primo dei 20 pannelli che daranno il benvenuto agli automobilisti nelle varie vie d\u2019accesso alla Provincia di Belluno sar\u00e0 installato domani sulla strada provinciale 1 della Sinistra Piave, nel comune di Vas. Saranno 20 [&hellip;]\" \/>\n<meta property=\"og:url\" content=\"https:\/\/www.bellunopress.it\/fr\/2009\/04\/21\/per-i-turisti-un-nuovo-benvenuto-a-vas-il-primo-cartello-stradale-di-ingresso-in-provincia\/\" \/>\n<meta property=\"og:site_name\" content=\"Bellunopress - Dolomiti\" \/>\n<meta property=\"article:publisher\" content=\"https:\/\/www.facebook.com\/profile.php?id=100008943462799\" \/>\n<meta property=\"article:published_time\" content=\"2009-04-21T21:44:11+00:00\" \/>\n<meta property=\"og:image\" content=\"http:\/\/www.bellunopress.it\/wp-content\/uploads\/2012\/07\/logo-bellunopress-250x250-2012.jpg\" \/>\n<meta name=\"author\" content=\"redazione\" \/>\n<meta name=\"twitter:card\" content=\"summary_large_image\" \/>\n<meta name=\"twitter:creator\" content=\"@bellunopress\" \/>\n<meta name=\"twitter:site\" content=\"@bellunopress\" \/>\n<meta name=\"twitter:label1\" content=\"\u00c9crit par\" \/>\n\t<meta name=\"twitter:data1\" content=\"redazione\" \/>\n\t<meta name=\"twitter:label2\" content=\"Dur\u00e9e de lecture estim\u00e9e\" \/>\n\t<meta name=\"twitter:data2\" content=\"1 minute\" \/>\n<script type=\"application\/ld+json\" class=\"yoast-schema-graph\">{\"@context\":\"https:\\\/\\\/schema.org\",\"@graph\":[{\"@type\":\"Article\",\"@id\":\"https:\\\/\\\/www.bellunopress.it\\\/2009\\\/04\\\/21\\\/per-i-turisti-un-nuovo-benvenuto-a-vas-il-primo-cartello-stradale-di-ingresso-in-provincia\\\/#article\",\"isPartOf\":{\"@id\":\"https:\\\/\\\/www.bellunopress.it\\\/2009\\\/04\\\/21\\\/per-i-turisti-un-nuovo-benvenuto-a-vas-il-primo-cartello-stradale-di-ingresso-in-provincia\\\/\"},\"author\":{\"name\":\"redazione\",\"@id\":\"https:\\\/\\\/www.bellunopress.it\\\/#\\\/schema\\\/person\\\/79bb06722b37ece1c03d3e94beb30d73\"},\"headline\":\"Per i turisti un nuovo benvenuto: a Vas il primo cartello stradale di ingresso in provincia\",\"datePublished\":\"2009-04-21T21:44:11+00:00\",\"mainEntityOfPage\":{\"@id\":\"https:\\\/\\\/www.bellunopress.it\\\/2009\\\/04\\\/21\\\/per-i-turisti-un-nuovo-benvenuto-a-vas-il-primo-cartello-stradale-di-ingresso-in-provincia\\\/\"},\"wordCount\":145,\"publisher\":{\"@id\":\"https:\\\/\\\/www.bellunopress.it\\\/#organization\"},\"keywords\":[\"Belluno\"],\"articleSection\":[\"Cronaca\\\/Politica\"],\"inLanguage\":\"fr-FR\"},{\"@type\":\"WebPage\",\"@id\":\"https:\\\/\\\/www.bellunopress.it\\\/2009\\\/04\\\/21\\\/per-i-turisti-un-nuovo-benvenuto-a-vas-il-primo-cartello-stradale-di-ingresso-in-provincia\\\/\",\"url\":\"https:\\\/\\\/www.bellunopress.it\\\/2009\\\/04\\\/21\\\/per-i-turisti-un-nuovo-benvenuto-a-vas-il-primo-cartello-stradale-di-ingresso-in-provincia\\\/\",\"name\":\"Per i turisti un nuovo benvenuto: a Vas il primo cartello stradale di ingresso in provincia - Bellunopress - Dolomiti\",\"isPartOf\":{\"@id\":\"https:\\\/\\\/www.bellunopress.it\\\/#website\"},\"datePublished\":\"2009-04-21T21:44:11+00:00\",\"breadcrumb\":{\"@id\":\"https:\\\/\\\/www.bellunopress.it\\\/2009\\\/04\\\/21\\\/per-i-turisti-un-nuovo-benvenuto-a-vas-il-primo-cartello-stradale-di-ingresso-in-provincia\\\/#breadcrumb\"},\"inLanguage\":\"fr-FR\",\"potentialAction\":[{\"@type\":\"ReadAction\",\"target\":[\"https:\\\/\\\/www.bellunopress.it\\\/2009\\\/04\\\/21\\\/per-i-turisti-un-nuovo-benvenuto-a-vas-il-primo-cartello-stradale-di-ingresso-in-provincia\\\/\"]}]},{\"@type\":\"BreadcrumbList\",\"@id\":\"https:\\\/\\\/www.bellunopress.it\\\/2009\\\/04\\\/21\\\/per-i-turisti-un-nuovo-benvenuto-a-vas-il-primo-cartello-stradale-di-ingresso-in-provincia\\\/#breadcrumb\",\"itemListElement\":[{\"@type\":\"ListItem\",\"position\":1,\"name\":\"Home\",\"item\":\"https:\\\/\\\/www.bellunopress.it\\\/\"},{\"@type\":\"ListItem\",\"position\":2,\"name\":\"Per i turisti un nuovo benvenuto: a Vas il primo cartello stradale di ingresso in provincia\"}]},{\"@type\":\"WebSite\",\"@id\":\"https:\\\/\\\/www.bellunopress.it\\\/#website\",\"url\":\"https:\\\/\\\/www.bellunopress.it\\\/\",\"name\":\"Bellunopress - Dolomiti\",\"description\":\"e-mail: redazione@bellunopress.it\",\"publisher\":{\"@id\":\"https:\\\/\\\/www.bellunopress.it\\\/#organization\"},\"potentialAction\":[{\"@type\":\"SearchAction\",\"target\":{\"@type\":\"EntryPoint\",\"urlTemplate\":\"https:\\\/\\\/www.bellunopress.it\\\/?s={search_term_string}\"},\"query-input\":{\"@type\":\"PropertyValueSpecification\",\"valueRequired\":true,\"valueName\":\"search_term_string\"}}],\"inLanguage\":\"fr-FR\"},{\"@type\":\"Organization\",\"@id\":\"https:\\\/\\\/www.bellunopress.it\\\/#organization\",\"name\":\"Bellunopress\",\"url\":\"https:\\\/\\\/www.bellunopress.it\\\/\",\"logo\":{\"@type\":\"ImageObject\",\"inLanguage\":\"fr-FR\",\"@id\":\"https:\\\/\\\/www.bellunopress.it\\\/#\\\/schema\\\/logo\\\/image\\\/\",\"url\":\"https:\\\/\\\/www.bellunopress.it\\\/wp-content\\\/uploads\\\/2011\\\/05\\\/cropped-logo-bellunopress-.jpg\",\"contentUrl\":\"https:\\\/\\\/www.bellunopress.it\\\/wp-content\\\/uploads\\\/2011\\\/05\\\/cropped-logo-bellunopress-.jpg\",\"width\":512,\"height\":512,\"caption\":\"Bellunopress\"},\"image\":{\"@id\":\"https:\\\/\\\/www.bellunopress.it\\\/#\\\/schema\\\/logo\\\/image\\\/\"},\"sameAs\":[\"https:\\\/\\\/www.facebook.com\\\/profile.php?id=100008943462799\",\"https:\\\/\\\/x.com\\\/bellunopress\",\"https:\\\/\\\/www.linkedin.com\\\/hp\\\/?dnr=JBzUWaJfMUw8vbXJJ2tVW5-I3jZKvC4wsoxE&amp;amp;amp;amp;amp;amp;trk=nav_responsive_tab_home\",\"https:\\\/\\\/www.youtube.com\\\/channel\\\/UCxL0wu1uN0_3_7hGG0306cw\"]},{\"@type\":\"Person\",\"@id\":\"https:\\\/\\\/www.bellunopress.it\\\/#\\\/schema\\\/person\\\/79bb06722b37ece1c03d3e94beb30d73\",\"name\":\"redazione\",\"image\":{\"@type\":\"ImageObject\",\"inLanguage\":\"fr-FR\",\"@id\":\"https:\\\/\\\/secure.gravatar.com\\\/avatar\\\/37d968a2e67a6fd04c169c4bdef102d0bc5d31b2546345219e348575eb80e9a0?s=96&d=mm&r=g\",\"url\":\"https:\\\/\\\/secure.gravatar.com\\\/avatar\\\/37d968a2e67a6fd04c169c4bdef102d0bc5d31b2546345219e348575eb80e9a0?s=96&d=mm&r=g\",\"contentUrl\":\"https:\\\/\\\/secure.gravatar.com\\\/avatar\\\/37d968a2e67a6fd04c169c4bdef102d0bc5d31b2546345219e348575eb80e9a0?s=96&d=mm&r=g\",\"caption\":\"redazione\"},\"sameAs\":[\"http:\\\/\\\/www.bellunopress.it\",\"https:\\\/\\\/x.com\\\/bellunopress\"],\"url\":\"https:\\\/\\\/www.bellunopress.it\\\/fr\\\/author\\\/redazione\\\/\"}]}<\/script>\n<!-- \/ Yoast SEO plugin. -->","yoast_head_json":{"title":"Per i turisti un nuovo benvenuto: a Vas il primo cartello stradale di ingresso in provincia - Bellunopress - Dolomiti","robots":{"index":"index","follow":"follow","max-snippet":"max-snippet:-1","max-image-preview":"max-image-preview:large","max-video-preview":"max-video-preview:-1"},"canonical":"https:\/\/www.bellunopress.it\/fr\/2009\/04\/21\/per-i-turisti-un-nuovo-benvenuto-a-vas-il-primo-cartello-stradale-di-ingresso-in-provincia\/","og_locale":"fr_FR","og_type":"article","og_title":"Per i turisti un nuovo benvenuto: a Vas il primo cartello stradale di ingresso in provincia - Bellunopress - Dolomiti","og_description":"Un nuovo biglietto da visita per la Provincia. Inizia domani la posa dei nuovi cartelli di ingresso nel territorio provinciale. Il primo dei 20 pannelli che daranno il benvenuto agli automobilisti nelle varie vie d\u2019accesso alla Provincia di Belluno sar\u00e0 installato domani sulla strada provinciale 1 della Sinistra Piave, nel comune di Vas. Saranno 20 [&hellip;]","og_url":"https:\/\/www.bellunopress.it\/fr\/2009\/04\/21\/per-i-turisti-un-nuovo-benvenuto-a-vas-il-primo-cartello-stradale-di-ingresso-in-provincia\/","og_site_name":"Bellunopress - Dolomiti","article_publisher":"https:\/\/www.facebook.com\/profile.php?id=100008943462799","article_published_time":"2009-04-21T21:44:11+00:00","og_image":[{"url":"http:\/\/www.bellunopress.it\/wp-content\/uploads\/2012\/07\/logo-bellunopress-250x250-2012.jpg","type":"","width":"","height":""}],"author":"redazione","twitter_card":"summary_large_image","twitter_creator":"@bellunopress","twitter_site":"@bellunopress","twitter_misc":{"\u00c9crit par":"redazione","Dur\u00e9e de lecture estim\u00e9e":"1 minute"},"schema":{"@context":"https:\/\/schema.org","@graph":[{"@type":"Article","@id":"https:\/\/www.bellunopress.it\/2009\/04\/21\/per-i-turisti-un-nuovo-benvenuto-a-vas-il-primo-cartello-stradale-di-ingresso-in-provincia\/#article","isPartOf":{"@id":"https:\/\/www.bellunopress.it\/2009\/04\/21\/per-i-turisti-un-nuovo-benvenuto-a-vas-il-primo-cartello-stradale-di-ingresso-in-provincia\/"},"author":{"name":"redazione","@id":"https:\/\/www.bellunopress.it\/#\/schema\/person\/79bb06722b37ece1c03d3e94beb30d73"},"headline":"Per i turisti un nuovo benvenuto: a Vas il primo cartello stradale di ingresso in provincia","datePublished":"2009-04-21T21:44:11+00:00","mainEntityOfPage":{"@id":"https:\/\/www.bellunopress.it\/2009\/04\/21\/per-i-turisti-un-nuovo-benvenuto-a-vas-il-primo-cartello-stradale-di-ingresso-in-provincia\/"},"wordCount":145,"publisher":{"@id":"https:\/\/www.bellunopress.it\/#organization"},"keywords":["Belluno"],"articleSection":["Cronaca\/Politica"],"inLanguage":"fr-FR"},{"@type":"WebPage","@id":"https:\/\/www.bellunopress.it\/2009\/04\/21\/per-i-turisti-un-nuovo-benvenuto-a-vas-il-primo-cartello-stradale-di-ingresso-in-provincia\/","url":"https:\/\/www.bellunopress.it\/2009\/04\/21\/per-i-turisti-un-nuovo-benvenuto-a-vas-il-primo-cartello-stradale-di-ingresso-in-provincia\/","name":"Per i turisti un nuovo benvenuto: a Vas il primo cartello stradale di ingresso in provincia - Bellunopress - Dolomiti","isPartOf":{"@id":"https:\/\/www.bellunopress.it\/#website"},"datePublished":"2009-04-21T21:44:11+00:00","breadcrumb":{"@id":"https:\/\/www.bellunopress.it\/2009\/04\/21\/per-i-turisti-un-nuovo-benvenuto-a-vas-il-primo-cartello-stradale-di-ingresso-in-provincia\/#breadcrumb"},"inLanguage":"fr-FR","potentialAction":[{"@type":"ReadAction","target":["https:\/\/www.bellunopress.it\/2009\/04\/21\/per-i-turisti-un-nuovo-benvenuto-a-vas-il-primo-cartello-stradale-di-ingresso-in-provincia\/"]}]},{"@type":"BreadcrumbList","@id":"https:\/\/www.bellunopress.it\/2009\/04\/21\/per-i-turisti-un-nuovo-benvenuto-a-vas-il-primo-cartello-stradale-di-ingresso-in-provincia\/#breadcrumb","itemListElement":[{"@type":"ListItem","position":1,"name":"Home","item":"https:\/\/www.bellunopress.it\/"},{"@type":"ListItem","position":2,"name":"Per i turisti un nuovo benvenuto: a Vas il primo cartello stradale di ingresso in provincia"}]},{"@type":"WebSite","@id":"https:\/\/www.bellunopress.it\/#website","url":"https:\/\/www.bellunopress.it\/","name":"Bellunopress - Dolomiti","description":"e-mail: redazione@bellunopress.it","publisher":{"@id":"https:\/\/www.bellunopress.it\/#organization"},"potentialAction":[{"@type":"SearchAction","target":{"@type":"EntryPoint","urlTemplate":"https:\/\/www.bellunopress.it\/?s={search_term_string}"},"query-input":{"@type":"PropertyValueSpecification","valueRequired":true,"valueName":"search_term_string"}}],"inLanguage":"fr-FR"},{"@type":"Organization","@id":"https:\/\/www.bellunopress.it\/#organization","name":"Bellunopress","url":"https:\/\/www.bellunopress.it\/","logo":{"@type":"ImageObject","inLanguage":"fr-FR","@id":"https:\/\/www.bellunopress.it\/#\/schema\/logo\/image\/","url":"https:\/\/www.bellunopress.it\/wp-content\/uploads\/2011\/05\/cropped-logo-bellunopress-.jpg","contentUrl":"https:\/\/www.bellunopress.it\/wp-content\/uploads\/2011\/05\/cropped-logo-bellunopress-.jpg","width":512,"height":512,"caption":"Bellunopress"},"image":{"@id":"https:\/\/www.bellunopress.it\/#\/schema\/logo\/image\/"},"sameAs":["https:\/\/www.facebook.com\/profile.php?id=100008943462799","https:\/\/x.com\/bellunopress","https:\/\/www.linkedin.com\/hp\/?dnr=JBzUWaJfMUw8vbXJJ2tVW5-I3jZKvC4wsoxE&amp;amp;amp;amp;amp;amp;trk=nav_responsive_tab_home","https:\/\/www.youtube.com\/channel\/UCxL0wu1uN0_3_7hGG0306cw"]},{"@type":"Person","@id":"https:\/\/www.bellunopress.it\/#\/schema\/person\/79bb06722b37ece1c03d3e94beb30d73","name":"r\u00e9daction","image":{"@type":"ImageObject","inLanguage":"fr-FR","@id":"https:\/\/secure.gravatar.com\/avatar\/37d968a2e67a6fd04c169c4bdef102d0bc5d31b2546345219e348575eb80e9a0?s=96&d=mm&r=g","url":"https:\/\/secure.gravatar.com\/avatar\/37d968a2e67a6fd04c169c4bdef102d0bc5d31b2546345219e348575eb80e9a0?s=96&d=mm&r=g","contentUrl":"https:\/\/secure.gravatar.com\/avatar\/37d968a2e67a6fd04c169c4bdef102d0bc5d31b2546345219e348575eb80e9a0?s=96&d=mm&r=g","caption":"redazione"},"sameAs":["http:\/\/www.bellunopress.it","https:\/\/x.com\/bellunopress"],"url":"https:\/\/www.bellunopress.it\/fr\/author\/redazione\/"}]}},"_links":{"self":[{"href":"https:\/\/www.bellunopress.it\/fr\/wp-json\/wp\/v2\/posts\/2921","targetHints":{"allow":["GET"]}}],"collection":[{"href":"https:\/\/www.bellunopress.it\/fr\/wp-json\/wp\/v2\/posts"}],"about":[{"href":"https:\/\/www.bellunopress.it\/fr\/wp-json\/wp\/v2\/types\/post"}],"author":[{"embeddable":true,"href":"https:\/\/www.bellunopress.it\/fr\/wp-json\/wp\/v2\/users\/2"}],"replies":[{"embeddable":true,"href":"https:\/\/www.bellunopress.it\/fr\/wp-json\/wp\/v2\/comments?post=2921"}],"version-history":[{"count":1,"href":"https:\/\/www.bellunopress.it\/fr\/wp-json\/wp\/v2\/posts\/2921\/revisions"}],"predecessor-version":[{"id":2922,"href":"https:\/\/www.bellunopress.it\/fr\/wp-json\/wp\/v2\/posts\/2921\/revisions\/2922"}],"wp:attachment":[{"href":"https:\/\/www.bellunopress.it\/fr\/wp-json\/wp\/v2\/media?parent=2921"}],"wp:term":[{"taxonomy":"category","embeddable":true,"href":"https:\/\/www.bellunopress.it\/fr\/wp-json\/wp\/v2\/categories?post=2921"},{"taxonomy":"post_tag","embeddable":true,"href":"https:\/\/www.bellunopress.it\/fr\/wp-json\/wp\/v2\/tags?post=2921"}],"curies":[{"name":"wp","href":"https:\/\/api.w.org\/{rel}","templated":true}]}}