{"id":2916,"date":"2009-04-21T22:34:10","date_gmt":"2009-04-21T21:34:10","guid":{"rendered":"http:\/\/www.bellunopress.it\/?p=2916"},"modified":"2009-04-21T22:34:10","modified_gmt":"2009-04-21T21:34:10","slug":"contributi-della-giunta-veneta-ai-comuni-svantaggiati-di-montagna-per-case-di-riposo-e-per-la-fiera-%e2%80%9ccaccia-pesca-natura%e2%80%9d","status":"publish","type":"post","link":"https:\/\/www.bellunopress.it\/fr\/2009\/04\/21\/contributi-della-giunta-veneta-ai-comuni-svantaggiati-di-montagna-per-case-di-riposo-e-per-la-fiera-%e2%80%9ccaccia-pesca-natura%e2%80%9d\/","title":{"rendered":"Contributi della Giunta veneta ai Comuni svantaggiati di montagna, per case di riposo e per la fiera \u201cCaccia Pesca Natura\u201d"},"content":{"rendered":"<p>La Giunta regionale del Veneto ha approvato ieri (marted\u00ec 21 aprile) una serie di benefici economici a favore dei comuni ricadenti nelle aree svantaggiate di montagna. \u00abEsprimo particolare soddisfazione \u2013 ha dichiarato Oscar De Bona al termine della seduta \u2013 perch\u00e9 questo\u00a0 provvedimento proposto dal collega Flavio Silvestrin, assessore agli Enti locali, interessa numerosi Comuni della provincia di Belluno\u00bb.<br \/>\nQuesti gli enti locali finanziati con 135 mila euro:<br \/>\n&#8211; Ospitale di Cadore, per lavori di ristrutturazione della ex scuola elementare e per lavori di riqualificazione urbana di Termine di Cadore;<br \/>\n&#8211; Seren del Grappa, per la realizzazione di parcheggio e strada\u00a0 di accesso al cimitero di Rasai;<br \/>\n&#8211; Domegge di Cadore, per l\u2019adeguamento funzionale della piazza dei Martiri;<br \/>\n&#8211; Vigo di Cadore, per la ristrutturazione della ex scuola di Laggio;<br \/>\n&#8211; Canale d\u2019Agordo, per il miglioramento delle infrastrutture per turisti e residenti;<br \/>\n&#8211; Sappada, per manutenzione ed adeguamento illuminazione pubblica;<br \/>\n&#8211; Livinallongo del Col di Lana, per acquisto di un\u2019auto per la polizia municipale e un\u2019altra per il trasporto anziani, per attrezzatura di sgombero neve e per una nuova tettoia nell\u2019ecocentro;<br \/>\n&#8211; Falcade, per la ristrutturazione della scuola di Marmolada;<br \/>\n&#8211; Santo Stefano di Cadore, per il ripristino e la valorizzazione delle aree pubbliche di Costalissoio e Casada;<br \/>\n&#8211; La Valle Agordina, per il miglioramento dell\u2019impianto sportivo delal \u201cBoa\u201d;<br \/>\n&#8211; Cencenighe Agordino, per il completamento dei lavori e l\u2019arredamento della sala polifunzionale della nuova sede municipale;<br \/>\n&#8211; San Gregorio nelle Alpi, per il completamento del 1. stralcio del recupero di un fabbricato da destinare a sala polifunzionale;<br \/>\n&#8211; Lentiai: per la ristrutturazione della ex scuola elementare del capoluogo con cambio di destinazione a centro polifunzionale;<br \/>\n&#8211; Quero, per il recupero storico delle rive del torrente Tegorzo e la ricostruzione del molino Banchieri;<br \/>\n&#8211; Lozzo di Cadore, per ricostruire un muro di sostegno, ristrutturare locali di propriet\u00e0 comunale, rivalorizzare l\u2019area attigua alla chiesa \u201cPercorso Benedetto XVI\u201d, fornitura e posa di bussole nell\u2019ex chiesa parrocchiale;<br \/>\n&#8211; Pedavena, per interventi di miglioramento della rete di illuminazione pubblica;<br \/>\n&#8211; San Vito di Cadore, per realizzare un parcheggio in prossimit\u00e0 dell\u2019ex hotel San Marco e per realizzare una nuova strada in localit\u00e0 \u201cLa Scura\u201d;<br \/>\n&#8211; Taibon Agordino, per il collegamento pedonale sul Cordevole tra piazza San Cipriano e\u00a0 piazza Municipio;<br \/>\n&#8211; Puos d\u2019Alpago, per ristrutturare l\u2019impianto termino del municipio con l\u2019utilizzo di fonti di energia rinnovabili;<br \/>\n&#8211; Farra d\u2019Alpago, per interventi per la sicurezza viaria a Buscole con la realizzazione di parcheggi<br \/>\nAlano di Piave, per il 2. stralcio di lavori per l\u2019ampliamento delle scuole medie.<br \/>\nAd Alleghe \u00e8 stato concesso il finanziamento di\u00a0 \u20ac 102.870 per l\u2019adeguamento\u00a0 dell\u2019impianto elettrico della scuola media di Caprile.<br \/>\nPer le spese correnti invece sono stati erogati contributi ai seguenti Comuni tenendo conto del pi\u00f9 alto indice di svantaggio: \u20ac 19.485 a Gosaldo;\u00a0 \u20ac 17.647 a Colle Santa Lucia, Danta di Cadore, Vallada Agordina, Rivamonte Agordino, San Tomaso Agordino; \u20ac 16.544 a Voltago Agordino; \u20ac 13.971 a Zopp\u00e8 di Cadore, Sovramonte, Lamon.<br \/>\n\u00abSono grato inoltre ai colleghi assessori alle Politiche sociali Stefano Valdegamberi e alle Politiche faunistico venatorie Elena Donazzan per i provvedimenti portati all\u2019approvazione della Giunta del Veneto a favore di iniziative in provincia di Belluno\u00bb. Lo comunica l\u2019assessore Oscar De Bona il quale fa sapere il dettaglio dei finanziamenti. Per lavori di adeguamento di strutture\u00a0 socio-sanitarie per anziani non autosufficienti: \u20ac 600 mila per la residenza per anziani \u201cBeata Gaetana Sterni\u201d di Auronzo di Cadore;\u00a0 \u20ac 500 mila per la casa di soggiorno \u201cGiovanni Paolo II\u201d di Santo Stefano di Cadore; \u20ac 500 mila per la casa di riposo\u00a0 \u201cCasa Charitas\u201d di Lamon; \u20ac 160 mila per la casa di riposo \u201cMadonna della salute\u201d di Trichiana.\u00a0\u00a0\u00a0 Per quanto riguarda il settore faunistico venatorio \u00e8 stato concesso un contributo d i10 mila euro alla manifestazione di Longaronefiere \u201cCaccia Pesca Natura\u201d, ritenuto uno dei pi\u00f9 importanti appuntamenti fieristici a livello regionale e nazionale in questa materia. Ad avvalorare ulteriore significato all\u2019iniziativa \u00e8 la sua collocazione in territorio montano<\/p>","protected":false},"excerpt":{"rendered":"<p>La Giunta regionale del Veneto ha approvato ieri (marted\u00ec 21 aprile) una serie di benefici economici a favore dei comuni ricadenti nelle aree svantaggiate di montagna. \u00abEsprimo particolare soddisfazione \u2013 ha dichiarato Oscar De Bona al termine della seduta \u2013 perch\u00e9 questo\u00a0 provvedimento proposto dal collega Flavio Silvestrin, assessore agli Enti locali, interessa numerosi Comuni [&hellip;]<\/p>\n","protected":false},"author":2,"featured_media":0,"comment_status":"closed","ping_status":"open","sticky":false,"template":"","format":"standard","meta":{"footnotes":""},"categories":[5,26],"tags":[139,151],"class_list":["post-2916","post","type-post","status-publish","format-standard","category-cronaca","category-prima-pagina","tag-belluno","tag-cadore"],"yoast_head":"<!-- This site is optimized with the Yoast SEO plugin v28.4 - https:\/\/yoast.com\/product\/yoast-seo-wordpress\/ -->\n<title>Contributi della Giunta veneta ai Comuni svantaggiati di montagna, per case di riposo e per la fiera \u201cCaccia Pesca Natura\u201d - Bellunopress - Dolomiti<\/title>\n<meta name=\"robots\" content=\"index, follow, max-snippet:-1, max-image-preview:large, max-video-preview:-1\" \/>\n<link rel=\"canonical\" href=\"https:\/\/www.bellunopress.it\/fr\/2009\/04\/21\/contributi-della-giunta-veneta-ai-comuni-svantaggiati-di-montagna-per-case-di-riposo-e-per-la-fiera-\u201ccaccia-pesca-natura\u201d\/\" \/>\n<meta property=\"og:locale\" content=\"fr_FR\" \/>\n<meta property=\"og:type\" content=\"article\" \/>\n<meta property=\"og:title\" content=\"Contributi della Giunta veneta ai Comuni svantaggiati di montagna, per case di riposo e per la fiera \u201cCaccia Pesca Natura\u201d - Bellunopress - Dolomiti\" \/>\n<meta property=\"og:description\" content=\"La Giunta regionale del Veneto ha approvato ieri (marted\u00ec 21 aprile) una serie di benefici economici a favore dei comuni ricadenti nelle aree svantaggiate di montagna. \u00abEsprimo particolare soddisfazione \u2013 ha dichiarato Oscar De Bona al termine della seduta \u2013 perch\u00e9 questo\u00a0 provvedimento proposto dal collega Flavio Silvestrin, assessore agli Enti locali, interessa numerosi Comuni [&hellip;]\" \/>\n<meta property=\"og:url\" content=\"https:\/\/www.bellunopress.it\/fr\/2009\/04\/21\/contributi-della-giunta-veneta-ai-comuni-svantaggiati-di-montagna-per-case-di-riposo-e-per-la-fiera-\u201ccaccia-pesca-natura\u201d\/\" \/>\n<meta property=\"og:site_name\" content=\"Bellunopress - Dolomiti\" \/>\n<meta property=\"article:publisher\" content=\"https:\/\/www.facebook.com\/profile.php?id=100008943462799\" \/>\n<meta property=\"article:published_time\" content=\"2009-04-21T21:34:10+00:00\" \/>\n<meta property=\"og:image\" content=\"http:\/\/www.bellunopress.it\/wp-content\/uploads\/2012\/07\/logo-bellunopress-250x250-2012.jpg\" \/>\n<meta name=\"author\" content=\"redazione\" \/>\n<meta name=\"twitter:card\" content=\"summary_large_image\" \/>\n<meta name=\"twitter:creator\" content=\"@bellunopress\" \/>\n<meta name=\"twitter:site\" content=\"@bellunopress\" \/>\n<meta name=\"twitter:label1\" content=\"\u00c9crit par\" \/>\n\t<meta name=\"twitter:data1\" content=\"redazione\" \/>\n\t<meta name=\"twitter:label2\" content=\"Dur\u00e9e de lecture estim\u00e9e\" \/>\n\t<meta name=\"twitter:data2\" content=\"3 minutes\" \/>\n<script type=\"application\/ld+json\" class=\"yoast-schema-graph\">{\"@context\":\"https:\\\/\\\/schema.org\",\"@graph\":[{\"@type\":\"Article\",\"@id\":\"https:\\\/\\\/www.bellunopress.it\\\/2009\\\/04\\\/21\\\/contributi-della-giunta-veneta-ai-comuni-svantaggiati-di-montagna-per-case-di-riposo-e-per-la-fiera-%e2%80%9ccaccia-pesca-natura%e2%80%9d\\\/#article\",\"isPartOf\":{\"@id\":\"https:\\\/\\\/www.bellunopress.it\\\/2009\\\/04\\\/21\\\/contributi-della-giunta-veneta-ai-comuni-svantaggiati-di-montagna-per-case-di-riposo-e-per-la-fiera-%e2%80%9ccaccia-pesca-natura%e2%80%9d\\\/\"},\"author\":{\"name\":\"redazione\",\"@id\":\"https:\\\/\\\/www.bellunopress.it\\\/#\\\/schema\\\/person\\\/79bb06722b37ece1c03d3e94beb30d73\"},\"headline\":\"Contributi della Giunta veneta ai Comuni svantaggiati di montagna, per case di riposo e per la fiera \u201cCaccia Pesca Natura\u201d\",\"datePublished\":\"2009-04-21T21:34:10+00:00\",\"mainEntityOfPage\":{\"@id\":\"https:\\\/\\\/www.bellunopress.it\\\/2009\\\/04\\\/21\\\/contributi-della-giunta-veneta-ai-comuni-svantaggiati-di-montagna-per-case-di-riposo-e-per-la-fiera-%e2%80%9ccaccia-pesca-natura%e2%80%9d\\\/\"},\"wordCount\":672,\"publisher\":{\"@id\":\"https:\\\/\\\/www.bellunopress.it\\\/#organization\"},\"keywords\":[\"Belluno\",\"Cadore\"],\"articleSection\":[\"Cronaca\\\/Politica\",\"Prima Pagina\"],\"inLanguage\":\"fr-FR\"},{\"@type\":\"WebPage\",\"@id\":\"https:\\\/\\\/www.bellunopress.it\\\/2009\\\/04\\\/21\\\/contributi-della-giunta-veneta-ai-comuni-svantaggiati-di-montagna-per-case-di-riposo-e-per-la-fiera-%e2%80%9ccaccia-pesca-natura%e2%80%9d\\\/\",\"url\":\"https:\\\/\\\/www.bellunopress.it\\\/2009\\\/04\\\/21\\\/contributi-della-giunta-veneta-ai-comuni-svantaggiati-di-montagna-per-case-di-riposo-e-per-la-fiera-%e2%80%9ccaccia-pesca-natura%e2%80%9d\\\/\",\"name\":\"Contributi della Giunta veneta ai Comuni svantaggiati di montagna, per case di riposo e per la fiera \u201cCaccia Pesca Natura\u201d - Bellunopress - Dolomiti\",\"isPartOf\":{\"@id\":\"https:\\\/\\\/www.bellunopress.it\\\/#website\"},\"datePublished\":\"2009-04-21T21:34:10+00:00\",\"breadcrumb\":{\"@id\":\"https:\\\/\\\/www.bellunopress.it\\\/2009\\\/04\\\/21\\\/contributi-della-giunta-veneta-ai-comuni-svantaggiati-di-montagna-per-case-di-riposo-e-per-la-fiera-%e2%80%9ccaccia-pesca-natura%e2%80%9d\\\/#breadcrumb\"},\"inLanguage\":\"fr-FR\",\"potentialAction\":[{\"@type\":\"ReadAction\",\"target\":[\"https:\\\/\\\/www.bellunopress.it\\\/2009\\\/04\\\/21\\\/contributi-della-giunta-veneta-ai-comuni-svantaggiati-di-montagna-per-case-di-riposo-e-per-la-fiera-%e2%80%9ccaccia-pesca-natura%e2%80%9d\\\/\"]}]},{\"@type\":\"BreadcrumbList\",\"@id\":\"https:\\\/\\\/www.bellunopress.it\\\/2009\\\/04\\\/21\\\/contributi-della-giunta-veneta-ai-comuni-svantaggiati-di-montagna-per-case-di-riposo-e-per-la-fiera-%e2%80%9ccaccia-pesca-natura%e2%80%9d\\\/#breadcrumb\",\"itemListElement\":[{\"@type\":\"ListItem\",\"position\":1,\"name\":\"Home\",\"item\":\"https:\\\/\\\/www.bellunopress.it\\\/\"},{\"@type\":\"ListItem\",\"position\":2,\"name\":\"Contributi della Giunta veneta ai Comuni svantaggiati di montagna, per case di riposo e per la fiera \u201cCaccia Pesca Natura\u201d\"}]},{\"@type\":\"WebSite\",\"@id\":\"https:\\\/\\\/www.bellunopress.it\\\/#website\",\"url\":\"https:\\\/\\\/www.bellunopress.it\\\/\",\"name\":\"Bellunopress - Dolomiti\",\"description\":\"e-mail: redazione@bellunopress.it\",\"publisher\":{\"@id\":\"https:\\\/\\\/www.bellunopress.it\\\/#organization\"},\"potentialAction\":[{\"@type\":\"SearchAction\",\"target\":{\"@type\":\"EntryPoint\",\"urlTemplate\":\"https:\\\/\\\/www.bellunopress.it\\\/?s={search_term_string}\"},\"query-input\":{\"@type\":\"PropertyValueSpecification\",\"valueRequired\":true,\"valueName\":\"search_term_string\"}}],\"inLanguage\":\"fr-FR\"},{\"@type\":\"Organization\",\"@id\":\"https:\\\/\\\/www.bellunopress.it\\\/#organization\",\"name\":\"Bellunopress\",\"url\":\"https:\\\/\\\/www.bellunopress.it\\\/\",\"logo\":{\"@type\":\"ImageObject\",\"inLanguage\":\"fr-FR\",\"@id\":\"https:\\\/\\\/www.bellunopress.it\\\/#\\\/schema\\\/logo\\\/image\\\/\",\"url\":\"https:\\\/\\\/www.bellunopress.it\\\/wp-content\\\/uploads\\\/2011\\\/05\\\/cropped-logo-bellunopress-.jpg\",\"contentUrl\":\"https:\\\/\\\/www.bellunopress.it\\\/wp-content\\\/uploads\\\/2011\\\/05\\\/cropped-logo-bellunopress-.jpg\",\"width\":512,\"height\":512,\"caption\":\"Bellunopress\"},\"image\":{\"@id\":\"https:\\\/\\\/www.bellunopress.it\\\/#\\\/schema\\\/logo\\\/image\\\/\"},\"sameAs\":[\"https:\\\/\\\/www.facebook.com\\\/profile.php?id=100008943462799\",\"https:\\\/\\\/x.com\\\/bellunopress\",\"https:\\\/\\\/www.linkedin.com\\\/hp\\\/?dnr=JBzUWaJfMUw8vbXJJ2tVW5-I3jZKvC4wsoxE&amp;amp;amp;amp;amp;amp;trk=nav_responsive_tab_home\",\"https:\\\/\\\/www.youtube.com\\\/channel\\\/UCxL0wu1uN0_3_7hGG0306cw\"]},{\"@type\":\"Person\",\"@id\":\"https:\\\/\\\/www.bellunopress.it\\\/#\\\/schema\\\/person\\\/79bb06722b37ece1c03d3e94beb30d73\",\"name\":\"redazione\",\"image\":{\"@type\":\"ImageObject\",\"inLanguage\":\"fr-FR\",\"@id\":\"https:\\\/\\\/secure.gravatar.com\\\/avatar\\\/37d968a2e67a6fd04c169c4bdef102d0bc5d31b2546345219e348575eb80e9a0?s=96&d=mm&r=g\",\"url\":\"https:\\\/\\\/secure.gravatar.com\\\/avatar\\\/37d968a2e67a6fd04c169c4bdef102d0bc5d31b2546345219e348575eb80e9a0?s=96&d=mm&r=g\",\"contentUrl\":\"https:\\\/\\\/secure.gravatar.com\\\/avatar\\\/37d968a2e67a6fd04c169c4bdef102d0bc5d31b2546345219e348575eb80e9a0?s=96&d=mm&r=g\",\"caption\":\"redazione\"},\"sameAs\":[\"http:\\\/\\\/www.bellunopress.it\",\"https:\\\/\\\/x.com\\\/bellunopress\"],\"url\":\"https:\\\/\\\/www.bellunopress.it\\\/fr\\\/author\\\/redazione\\\/\"}]}<\/script>\n<!-- \/ Yoast SEO plugin. -->","yoast_head_json":{"title":"Contributi della Giunta veneta ai Comuni svantaggiati di montagna, per case di riposo e per la fiera \u201cCaccia Pesca Natura\u201d - Bellunopress - Dolomiti","robots":{"index":"index","follow":"follow","max-snippet":"max-snippet:-1","max-image-preview":"max-image-preview:large","max-video-preview":"max-video-preview:-1"},"canonical":"https:\/\/www.bellunopress.it\/fr\/2009\/04\/21\/contributi-della-giunta-veneta-ai-comuni-svantaggiati-di-montagna-per-case-di-riposo-e-per-la-fiera-\u201ccaccia-pesca-natura\u201d\/","og_locale":"fr_FR","og_type":"article","og_title":"Contributi della Giunta veneta ai Comuni svantaggiati di montagna, per case di riposo e per la fiera \u201cCaccia Pesca Natura\u201d - Bellunopress - Dolomiti","og_description":"La Giunta regionale del Veneto ha approvato ieri (marted\u00ec 21 aprile) una serie di benefici economici a favore dei comuni ricadenti nelle aree svantaggiate di montagna. \u00abEsprimo particolare soddisfazione \u2013 ha dichiarato Oscar De Bona al termine della seduta \u2013 perch\u00e9 questo\u00a0 provvedimento proposto dal collega Flavio Silvestrin, assessore agli Enti locali, interessa numerosi Comuni [&hellip;]","og_url":"https:\/\/www.bellunopress.it\/fr\/2009\/04\/21\/contributi-della-giunta-veneta-ai-comuni-svantaggiati-di-montagna-per-case-di-riposo-e-per-la-fiera-\u201ccaccia-pesca-natura\u201d\/","og_site_name":"Bellunopress - Dolomiti","article_publisher":"https:\/\/www.facebook.com\/profile.php?id=100008943462799","article_published_time":"2009-04-21T21:34:10+00:00","og_image":[{"url":"http:\/\/www.bellunopress.it\/wp-content\/uploads\/2012\/07\/logo-bellunopress-250x250-2012.jpg","type":"","width":"","height":""}],"author":"redazione","twitter_card":"summary_large_image","twitter_creator":"@bellunopress","twitter_site":"@bellunopress","twitter_misc":{"\u00c9crit par":"redazione","Dur\u00e9e de lecture estim\u00e9e":"3 minutes"},"schema":{"@context":"https:\/\/schema.org","@graph":[{"@type":"Article","@id":"https:\/\/www.bellunopress.it\/2009\/04\/21\/contributi-della-giunta-veneta-ai-comuni-svantaggiati-di-montagna-per-case-di-riposo-e-per-la-fiera-%e2%80%9ccaccia-pesca-natura%e2%80%9d\/#article","isPartOf":{"@id":"https:\/\/www.bellunopress.it\/2009\/04\/21\/contributi-della-giunta-veneta-ai-comuni-svantaggiati-di-montagna-per-case-di-riposo-e-per-la-fiera-%e2%80%9ccaccia-pesca-natura%e2%80%9d\/"},"author":{"name":"redazione","@id":"https:\/\/www.bellunopress.it\/#\/schema\/person\/79bb06722b37ece1c03d3e94beb30d73"},"headline":"Contributi della Giunta veneta ai Comuni svantaggiati di montagna, per case di riposo e per la fiera \u201cCaccia Pesca Natura\u201d","datePublished":"2009-04-21T21:34:10+00:00","mainEntityOfPage":{"@id":"https:\/\/www.bellunopress.it\/2009\/04\/21\/contributi-della-giunta-veneta-ai-comuni-svantaggiati-di-montagna-per-case-di-riposo-e-per-la-fiera-%e2%80%9ccaccia-pesca-natura%e2%80%9d\/"},"wordCount":672,"publisher":{"@id":"https:\/\/www.bellunopress.it\/#organization"},"keywords":["Belluno","Cadore"],"articleSection":["Cronaca\/Politica","Prima Pagina"],"inLanguage":"fr-FR"},{"@type":"WebPage","@id":"https:\/\/www.bellunopress.it\/2009\/04\/21\/contributi-della-giunta-veneta-ai-comuni-svantaggiati-di-montagna-per-case-di-riposo-e-per-la-fiera-%e2%80%9ccaccia-pesca-natura%e2%80%9d\/","url":"https:\/\/www.bellunopress.it\/2009\/04\/21\/contributi-della-giunta-veneta-ai-comuni-svantaggiati-di-montagna-per-case-di-riposo-e-per-la-fiera-%e2%80%9ccaccia-pesca-natura%e2%80%9d\/","name":"Contributi della Giunta veneta ai Comuni svantaggiati di montagna, per case di riposo e per la fiera \u201cCaccia Pesca Natura\u201d - Bellunopress - Dolomiti","isPartOf":{"@id":"https:\/\/www.bellunopress.it\/#website"},"datePublished":"2009-04-21T21:34:10+00:00","breadcrumb":{"@id":"https:\/\/www.bellunopress.it\/2009\/04\/21\/contributi-della-giunta-veneta-ai-comuni-svantaggiati-di-montagna-per-case-di-riposo-e-per-la-fiera-%e2%80%9ccaccia-pesca-natura%e2%80%9d\/#breadcrumb"},"inLanguage":"fr-FR","potentialAction":[{"@type":"ReadAction","target":["https:\/\/www.bellunopress.it\/2009\/04\/21\/contributi-della-giunta-veneta-ai-comuni-svantaggiati-di-montagna-per-case-di-riposo-e-per-la-fiera-%e2%80%9ccaccia-pesca-natura%e2%80%9d\/"]}]},{"@type":"BreadcrumbList","@id":"https:\/\/www.bellunopress.it\/2009\/04\/21\/contributi-della-giunta-veneta-ai-comuni-svantaggiati-di-montagna-per-case-di-riposo-e-per-la-fiera-%e2%80%9ccaccia-pesca-natura%e2%80%9d\/#breadcrumb","itemListElement":[{"@type":"ListItem","position":1,"name":"Home","item":"https:\/\/www.bellunopress.it\/"},{"@type":"ListItem","position":2,"name":"Contributi della Giunta veneta ai Comuni svantaggiati di montagna, per case di riposo e per la fiera \u201cCaccia Pesca Natura\u201d"}]},{"@type":"WebSite","@id":"https:\/\/www.bellunopress.it\/#website","url":"https:\/\/www.bellunopress.it\/","name":"Bellunopress - Dolomiti","description":"e-mail: redazione@bellunopress.it","publisher":{"@id":"https:\/\/www.bellunopress.it\/#organization"},"potentialAction":[{"@type":"SearchAction","target":{"@type":"EntryPoint","urlTemplate":"https:\/\/www.bellunopress.it\/?s={search_term_string}"},"query-input":{"@type":"PropertyValueSpecification","valueRequired":true,"valueName":"search_term_string"}}],"inLanguage":"fr-FR"},{"@type":"Organization","@id":"https:\/\/www.bellunopress.it\/#organization","name":"Bellunopress","url":"https:\/\/www.bellunopress.it\/","logo":{"@type":"ImageObject","inLanguage":"fr-FR","@id":"https:\/\/www.bellunopress.it\/#\/schema\/logo\/image\/","url":"https:\/\/www.bellunopress.it\/wp-content\/uploads\/2011\/05\/cropped-logo-bellunopress-.jpg","contentUrl":"https:\/\/www.bellunopress.it\/wp-content\/uploads\/2011\/05\/cropped-logo-bellunopress-.jpg","width":512,"height":512,"caption":"Bellunopress"},"image":{"@id":"https:\/\/www.bellunopress.it\/#\/schema\/logo\/image\/"},"sameAs":["https:\/\/www.facebook.com\/profile.php?id=100008943462799","https:\/\/x.com\/bellunopress","https:\/\/www.linkedin.com\/hp\/?dnr=JBzUWaJfMUw8vbXJJ2tVW5-I3jZKvC4wsoxE&amp;amp;amp;amp;amp;amp;trk=nav_responsive_tab_home","https:\/\/www.youtube.com\/channel\/UCxL0wu1uN0_3_7hGG0306cw"]},{"@type":"Person","@id":"https:\/\/www.bellunopress.it\/#\/schema\/person\/79bb06722b37ece1c03d3e94beb30d73","name":"r\u00e9daction","image":{"@type":"ImageObject","inLanguage":"fr-FR","@id":"https:\/\/secure.gravatar.com\/avatar\/37d968a2e67a6fd04c169c4bdef102d0bc5d31b2546345219e348575eb80e9a0?s=96&d=mm&r=g","url":"https:\/\/secure.gravatar.com\/avatar\/37d968a2e67a6fd04c169c4bdef102d0bc5d31b2546345219e348575eb80e9a0?s=96&d=mm&r=g","contentUrl":"https:\/\/secure.gravatar.com\/avatar\/37d968a2e67a6fd04c169c4bdef102d0bc5d31b2546345219e348575eb80e9a0?s=96&d=mm&r=g","caption":"redazione"},"sameAs":["http:\/\/www.bellunopress.it","https:\/\/x.com\/bellunopress"],"url":"https:\/\/www.bellunopress.it\/fr\/author\/redazione\/"}]}},"_links":{"self":[{"href":"https:\/\/www.bellunopress.it\/fr\/wp-json\/wp\/v2\/posts\/2916","targetHints":{"allow":["GET"]}}],"collection":[{"href":"https:\/\/www.bellunopress.it\/fr\/wp-json\/wp\/v2\/posts"}],"about":[{"href":"https:\/\/www.bellunopress.it\/fr\/wp-json\/wp\/v2\/types\/post"}],"author":[{"embeddable":true,"href":"https:\/\/www.bellunopress.it\/fr\/wp-json\/wp\/v2\/users\/2"}],"replies":[{"embeddable":true,"href":"https:\/\/www.bellunopress.it\/fr\/wp-json\/wp\/v2\/comments?post=2916"}],"version-history":[{"count":1,"href":"https:\/\/www.bellunopress.it\/fr\/wp-json\/wp\/v2\/posts\/2916\/revisions"}],"predecessor-version":[{"id":2917,"href":"https:\/\/www.bellunopress.it\/fr\/wp-json\/wp\/v2\/posts\/2916\/revisions\/2917"}],"wp:attachment":[{"href":"https:\/\/www.bellunopress.it\/fr\/wp-json\/wp\/v2\/media?parent=2916"}],"wp:term":[{"taxonomy":"category","embeddable":true,"href":"https:\/\/www.bellunopress.it\/fr\/wp-json\/wp\/v2\/categories?post=2916"},{"taxonomy":"post_tag","embeddable":true,"href":"https:\/\/www.bellunopress.it\/fr\/wp-json\/wp\/v2\/tags?post=2916"}],"curies":[{"name":"wp","href":"https:\/\/api.w.org\/{rel}","templated":true}]}}