{"id":29128,"date":"2011-07-29T16:51:16","date_gmt":"2011-07-29T15:51:16","guid":{"rendered":"http:\/\/www.bellunopress.it\/?p=29128"},"modified":"2011-07-29T16:51:16","modified_gmt":"2011-07-29T15:51:16","slug":"scuola-de-gan-%c2%abcorpo-docenti-figli-e-figliastri%c2%bb-l%e2%80%99assessore-di-palazzo-piloni-incontra-il-direttore-dell%e2%80%99ust-%c2%abcontrolli-a-tappeto%c2%bb","status":"publish","type":"post","link":"https:\/\/www.bellunopress.it\/fr\/2011\/07\/29\/scuola-de-gan-%c2%abcorpo-docenti-figli-e-figliastri%c2%bb-l%e2%80%99assessore-di-palazzo-piloni-incontra-il-direttore-dell%e2%80%99ust-%c2%abcontrolli-a-tappeto%c2%bb\/","title":{"rendered":"Scuola. De Gan: \u00abCorpo docenti: figli e figliastri\u00bb L\u2019assessore di Palazzo Piloni incontra il direttore dell\u2019UST: \u00abControlli a tappeto\u00bb"},"content":{"rendered":"<figure id=\"attachment_16418\" aria-describedby=\"caption-attachment-16418\" style=\"width: 280px\" class=\"wp-caption alignleft\"><a href=\"http:\/\/www.bellunopress.it\/wp-content\/uploads\/2010\/06\/stefano-de-gan.jpg\"><img loading=\"lazy\" decoding=\"async\" class=\"size-full wp-image-16418\" title=\"stefano-de-gan\" src=\"http:\/\/www.bellunopress.it\/wp-content\/uploads\/2010\/06\/stefano-de-gan.jpg\" alt=\"\" width=\"280\" height=\"280\" srcset=\"https:\/\/www.bellunopress.it\/wp-content\/uploads\/2010\/06\/stefano-de-gan.jpg 280w, https:\/\/www.bellunopress.it\/wp-content\/uploads\/2010\/06\/stefano-de-gan-150x150.jpg 150w\" sizes=\"auto, (max-width: 280px) 100vw, 280px\" \/><\/a><figcaption id=\"caption-attachment-16418\" class=\"wp-caption-text\">Stefano De Gan assessore provinciale<\/figcaption><\/figure>\n<p>Stefano De Gan, assessore all\u2019Istruzione della Provincia di Belluno, entra nel merito della \u201cquestione graduatorie\u201d degli insegnanti e annuncia che l\u2019Ufficio Scolastico Territoriale rester\u00e0 a disposizione degli interessati: \u00abGli inserimenti a pettine sono penalizzanti per il nostro corpo docente. Chi avr\u00e0 bisogno di informazioni, ad ogni modo, trover\u00e0 l\u2019ufficio aperto (marted\u00ec e gioved\u00ec dalle ore 10.00 alle ore 12.00) &#8211; come da comunicazione nell\u2019incontro avuto con il direttore &#8211; anche per la richiesta di accesso agli atti, relativamente alle graduatorie ad esaurimento. Su interessamento dell\u2019assessore, poi, il dirigente dell\u2019UST, Domenico Martino, ha assunto l\u2019impegno di controllare la documentazione relativa a tutti gli inserimenti, malgrado i ritardi che si stanno accusando nella trasmissione delle pratiche da parte delle province da cui provengono i docenti\u00bb.<br \/>\n\u00abPossibile che nelle nuove graduatorie, tutti i docenti del Sud riescano a scalzare i \u201cnostri\u201d insegnanti?\u00bb. Se lo chiede l\u2019assessore con delega all\u2019Istruzione della Provincia di Belluno, Stefano De Gan, che raccoglie l\u2019allarme lanciato dalla presidente della Provincia di Cuneo, Gianna Gancia.<br \/>\n\u00abPunteggi che salgono alle stelle, esperienze lavorative che si moltiplicano, titoli di studio che raddoppiano e si sommano, riconoscimenti di invalidit\u00e0 tutti da verificare: tutto questo sotto gli occhi (\u2026chiusi?) di chi dovrebbe vigilare sulla legalit\u00e0 delle candidature per l\u2019insegnamento al Nord &#8211; commenta De Gan &#8211; . E tutto questo, aggiungo, sulla testa di docenti preparati, che hanno l\u2019unica pecca di provenire da terre dove gli stessi punteggi assegnati ed i concorsi si svolgono nel pieno rispetto delle regole e dove la professionalit\u00e0 e la seriet\u00e0 sono doti richieste e poi premiate; o, ancora, sulla testa di insegnanti arrivati da altre Regioni ma che qui si sono gi\u00e0 integrati da tempo\u00bb.<br \/>\n\u00abNon chiediamo nulla di trascendentale quando domandiamo che non ci siano questi \u201csquilibri\u201d frutto di mancati controlli da parte di chi \u00e8 chiamato a farli &#8211; dice ancora De Gan &#8211; . Non ci possiamo definire un Paese civile fino a che i cittadini, in questo caso gli \u201cinsegnanti-figliastri\u201d di questo \u201csistema-Italia\u201d, saranno costretti a vedersi sopraffare e scavalcare da \u201cinsegnanti-figli\u201d del Sud Italia\u00bb.<br \/>\n\u00abStiamo mettendo nelle mani sbagliate la preparazione e la formazione delle generazioni future, sia in termini di contenuti, sia in termini di modelli di riferimento &#8211; continua l\u2019assessore &#8211; . Far vedere agli alunni che con le \u201cscorciatoie\u201d si pu\u00f2 ottenere un immeritato posto di lavoro \u00e8 quanto di pi\u00f9 disdicevole possa accadere, specie nel mondo della scuola\u00bb.<br \/>\n\u00abRitengo pertanto doveroso e fondamentale, se vogliamo che la legge sia davvero uguale per tutti, che gli organi preposti eseguano dei controlli sulle carriere e sui curricula dei docenti provenienti da altre regioni e che vengono inseriti nelle graduatorie degli insegnati del Veneto &#8211; conclude De Gan &#8211; . Ricordo, infine, che fra i compiti del Difensore Civico delle Province c\u2019\u00e8 anche quello di valutare le mancate risposte di acceso agli atti ex-legge 241\/90 da parte dei docenti che sono stati scavalcati e che &#8211; correttamente &#8211; hanno un proprio interesse da tutelare\u00bb.<\/p>\n<p>&nbsp;<\/p>","protected":false},"excerpt":{"rendered":"<p>Stefano De Gan, assessore all\u2019Istruzione della Provincia di Belluno, entra nel merito della \u201cquestione graduatorie\u201d degli insegnanti e annuncia che l\u2019Ufficio Scolastico Territoriale rester\u00e0 a disposizione degli interessati: \u00abGli inserimenti a pettine sono penalizzanti per il nostro corpo docente. Chi avr\u00e0 bisogno di informazioni, ad ogni modo, trover\u00e0 l\u2019ufficio aperto (marted\u00ec e gioved\u00ec dalle ore [&hellip;]<\/p>\n","protected":false},"author":2,"featured_media":0,"comment_status":"closed","ping_status":"open","sticky":false,"template":"","format":"standard","meta":{"footnotes":""},"categories":[5,26,15],"tags":[],"class_list":["post-29128","post","type-post","status-publish","format-standard","category-cronaca","category-prima-pagina","category-scuola"],"yoast_head":"<!-- This site is optimized with the Yoast SEO plugin v28.4 - https:\/\/yoast.com\/product\/yoast-seo-wordpress\/ -->\n<title>Scuola. De Gan: \u00abCorpo docenti: figli e figliastri\u00bb L\u2019assessore di Palazzo Piloni incontra il direttore dell\u2019UST: \u00abControlli a tappeto\u00bb - Bellunopress - Dolomiti<\/title>\n<meta name=\"robots\" content=\"index, follow, max-snippet:-1, max-image-preview:large, max-video-preview:-1\" \/>\n<link rel=\"canonical\" href=\"https:\/\/www.bellunopress.it\/fr\/2011\/07\/29\/scuola-de-gan-\u00abcorpo-docenti-figli-e-figliastri\u00bb-l\u2019assessore-di-palazzo-piloni-incontra-il-direttore-dell\u2019ust-\u00abcontrolli-a-tappeto\u00bb\/\" \/>\n<meta property=\"og:locale\" content=\"fr_FR\" \/>\n<meta property=\"og:type\" content=\"article\" \/>\n<meta property=\"og:title\" content=\"Scuola. De Gan: \u00abCorpo docenti: figli e figliastri\u00bb L\u2019assessore di Palazzo Piloni incontra il direttore dell\u2019UST: \u00abControlli a tappeto\u00bb - Bellunopress - Dolomiti\" \/>\n<meta property=\"og:description\" content=\"Stefano De Gan, assessore all\u2019Istruzione della Provincia di Belluno, entra nel merito della \u201cquestione graduatorie\u201d degli insegnanti e annuncia che l\u2019Ufficio Scolastico Territoriale rester\u00e0 a disposizione degli interessati: \u00abGli inserimenti a pettine sono penalizzanti per il nostro corpo docente. Chi avr\u00e0 bisogno di informazioni, ad ogni modo, trover\u00e0 l\u2019ufficio aperto (marted\u00ec e gioved\u00ec dalle ore [&hellip;]\" \/>\n<meta property=\"og:url\" content=\"https:\/\/www.bellunopress.it\/fr\/2011\/07\/29\/scuola-de-gan-\u00abcorpo-docenti-figli-e-figliastri\u00bb-l\u2019assessore-di-palazzo-piloni-incontra-il-direttore-dell\u2019ust-\u00abcontrolli-a-tappeto\u00bb\/\" \/>\n<meta property=\"og:site_name\" content=\"Bellunopress - Dolomiti\" \/>\n<meta property=\"article:publisher\" content=\"https:\/\/www.facebook.com\/profile.php?id=100008943462799\" \/>\n<meta property=\"article:published_time\" content=\"2011-07-29T15:51:16+00:00\" \/>\n<meta property=\"og:image\" content=\"http:\/\/www.bellunopress.it\/wp-content\/uploads\/2010\/06\/stefano-de-gan.jpg\" \/>\n<meta name=\"author\" content=\"redazione\" \/>\n<meta name=\"twitter:card\" content=\"summary_large_image\" \/>\n<meta name=\"twitter:creator\" content=\"@bellunopress\" \/>\n<meta name=\"twitter:site\" content=\"@bellunopress\" \/>\n<meta name=\"twitter:label1\" content=\"\u00c9crit par\" \/>\n\t<meta name=\"twitter:data1\" content=\"redazione\" \/>\n\t<meta name=\"twitter:label2\" content=\"Dur\u00e9e de lecture estim\u00e9e\" \/>\n\t<meta name=\"twitter:data2\" content=\"3 minutes\" \/>\n<script type=\"application\/ld+json\" class=\"yoast-schema-graph\">{\"@context\":\"https:\\\/\\\/schema.org\",\"@graph\":[{\"@type\":\"Article\",\"@id\":\"https:\\\/\\\/www.bellunopress.it\\\/2011\\\/07\\\/29\\\/scuola-de-gan-%c2%abcorpo-docenti-figli-e-figliastri%c2%bb-l%e2%80%99assessore-di-palazzo-piloni-incontra-il-direttore-dell%e2%80%99ust-%c2%abcontrolli-a-tappeto%c2%bb\\\/#article\",\"isPartOf\":{\"@id\":\"https:\\\/\\\/www.bellunopress.it\\\/2011\\\/07\\\/29\\\/scuola-de-gan-%c2%abcorpo-docenti-figli-e-figliastri%c2%bb-l%e2%80%99assessore-di-palazzo-piloni-incontra-il-direttore-dell%e2%80%99ust-%c2%abcontrolli-a-tappeto%c2%bb\\\/\"},\"author\":{\"name\":\"redazione\",\"@id\":\"https:\\\/\\\/www.bellunopress.it\\\/#\\\/schema\\\/person\\\/79bb06722b37ece1c03d3e94beb30d73\"},\"headline\":\"Scuola. De Gan: \u00abCorpo docenti: figli e figliastri\u00bb L\u2019assessore di Palazzo Piloni incontra il direttore dell\u2019UST: \u00abControlli a tappeto\u00bb\",\"datePublished\":\"2011-07-29T15:51:16+00:00\",\"mainEntityOfPage\":{\"@id\":\"https:\\\/\\\/www.bellunopress.it\\\/2011\\\/07\\\/29\\\/scuola-de-gan-%c2%abcorpo-docenti-figli-e-figliastri%c2%bb-l%e2%80%99assessore-di-palazzo-piloni-incontra-il-direttore-dell%e2%80%99ust-%c2%abcontrolli-a-tappeto%c2%bb\\\/\"},\"wordCount\":531,\"publisher\":{\"@id\":\"https:\\\/\\\/www.bellunopress.it\\\/#organization\"},\"image\":{\"@id\":\"https:\\\/\\\/www.bellunopress.it\\\/2011\\\/07\\\/29\\\/scuola-de-gan-%c2%abcorpo-docenti-figli-e-figliastri%c2%bb-l%e2%80%99assessore-di-palazzo-piloni-incontra-il-direttore-dell%e2%80%99ust-%c2%abcontrolli-a-tappeto%c2%bb\\\/#primaryimage\"},\"thumbnailUrl\":\"http:\\\/\\\/www.bellunopress.it\\\/wp-content\\\/uploads\\\/2010\\\/06\\\/stefano-de-gan.jpg\",\"articleSection\":[\"Cronaca\\\/Politica\",\"Prima Pagina\",\"Scuola\"],\"inLanguage\":\"fr-FR\"},{\"@type\":\"WebPage\",\"@id\":\"https:\\\/\\\/www.bellunopress.it\\\/2011\\\/07\\\/29\\\/scuola-de-gan-%c2%abcorpo-docenti-figli-e-figliastri%c2%bb-l%e2%80%99assessore-di-palazzo-piloni-incontra-il-direttore-dell%e2%80%99ust-%c2%abcontrolli-a-tappeto%c2%bb\\\/\",\"url\":\"https:\\\/\\\/www.bellunopress.it\\\/2011\\\/07\\\/29\\\/scuola-de-gan-%c2%abcorpo-docenti-figli-e-figliastri%c2%bb-l%e2%80%99assessore-di-palazzo-piloni-incontra-il-direttore-dell%e2%80%99ust-%c2%abcontrolli-a-tappeto%c2%bb\\\/\",\"name\":\"Scuola. De Gan: \u00abCorpo docenti: figli e figliastri\u00bb L\u2019assessore di Palazzo Piloni incontra il direttore dell\u2019UST: \u00abControlli a tappeto\u00bb - Bellunopress - Dolomiti\",\"isPartOf\":{\"@id\":\"https:\\\/\\\/www.bellunopress.it\\\/#website\"},\"primaryImageOfPage\":{\"@id\":\"https:\\\/\\\/www.bellunopress.it\\\/2011\\\/07\\\/29\\\/scuola-de-gan-%c2%abcorpo-docenti-figli-e-figliastri%c2%bb-l%e2%80%99assessore-di-palazzo-piloni-incontra-il-direttore-dell%e2%80%99ust-%c2%abcontrolli-a-tappeto%c2%bb\\\/#primaryimage\"},\"image\":{\"@id\":\"https:\\\/\\\/www.bellunopress.it\\\/2011\\\/07\\\/29\\\/scuola-de-gan-%c2%abcorpo-docenti-figli-e-figliastri%c2%bb-l%e2%80%99assessore-di-palazzo-piloni-incontra-il-direttore-dell%e2%80%99ust-%c2%abcontrolli-a-tappeto%c2%bb\\\/#primaryimage\"},\"thumbnailUrl\":\"http:\\\/\\\/www.bellunopress.it\\\/wp-content\\\/uploads\\\/2010\\\/06\\\/stefano-de-gan.jpg\",\"datePublished\":\"2011-07-29T15:51:16+00:00\",\"breadcrumb\":{\"@id\":\"https:\\\/\\\/www.bellunopress.it\\\/2011\\\/07\\\/29\\\/scuola-de-gan-%c2%abcorpo-docenti-figli-e-figliastri%c2%bb-l%e2%80%99assessore-di-palazzo-piloni-incontra-il-direttore-dell%e2%80%99ust-%c2%abcontrolli-a-tappeto%c2%bb\\\/#breadcrumb\"},\"inLanguage\":\"fr-FR\",\"potentialAction\":[{\"@type\":\"ReadAction\",\"target\":[\"https:\\\/\\\/www.bellunopress.it\\\/2011\\\/07\\\/29\\\/scuola-de-gan-%c2%abcorpo-docenti-figli-e-figliastri%c2%bb-l%e2%80%99assessore-di-palazzo-piloni-incontra-il-direttore-dell%e2%80%99ust-%c2%abcontrolli-a-tappeto%c2%bb\\\/\"]}]},{\"@type\":\"ImageObject\",\"inLanguage\":\"fr-FR\",\"@id\":\"https:\\\/\\\/www.bellunopress.it\\\/2011\\\/07\\\/29\\\/scuola-de-gan-%c2%abcorpo-docenti-figli-e-figliastri%c2%bb-l%e2%80%99assessore-di-palazzo-piloni-incontra-il-direttore-dell%e2%80%99ust-%c2%abcontrolli-a-tappeto%c2%bb\\\/#primaryimage\",\"url\":\"http:\\\/\\\/www.bellunopress.it\\\/wp-content\\\/uploads\\\/2010\\\/06\\\/stefano-de-gan.jpg\",\"contentUrl\":\"http:\\\/\\\/www.bellunopress.it\\\/wp-content\\\/uploads\\\/2010\\\/06\\\/stefano-de-gan.jpg\"},{\"@type\":\"BreadcrumbList\",\"@id\":\"https:\\\/\\\/www.bellunopress.it\\\/2011\\\/07\\\/29\\\/scuola-de-gan-%c2%abcorpo-docenti-figli-e-figliastri%c2%bb-l%e2%80%99assessore-di-palazzo-piloni-incontra-il-direttore-dell%e2%80%99ust-%c2%abcontrolli-a-tappeto%c2%bb\\\/#breadcrumb\",\"itemListElement\":[{\"@type\":\"ListItem\",\"position\":1,\"name\":\"Home\",\"item\":\"https:\\\/\\\/www.bellunopress.it\\\/\"},{\"@type\":\"ListItem\",\"position\":2,\"name\":\"Scuola. De Gan: \u00abCorpo docenti: figli e figliastri\u00bb L\u2019assessore di Palazzo Piloni incontra il direttore dell\u2019UST: \u00abControlli a tappeto\u00bb\"}]},{\"@type\":\"WebSite\",\"@id\":\"https:\\\/\\\/www.bellunopress.it\\\/#website\",\"url\":\"https:\\\/\\\/www.bellunopress.it\\\/\",\"name\":\"Bellunopress - Dolomiti\",\"description\":\"e-mail: redazione@bellunopress.it\",\"publisher\":{\"@id\":\"https:\\\/\\\/www.bellunopress.it\\\/#organization\"},\"potentialAction\":[{\"@type\":\"SearchAction\",\"target\":{\"@type\":\"EntryPoint\",\"urlTemplate\":\"https:\\\/\\\/www.bellunopress.it\\\/?s={search_term_string}\"},\"query-input\":{\"@type\":\"PropertyValueSpecification\",\"valueRequired\":true,\"valueName\":\"search_term_string\"}}],\"inLanguage\":\"fr-FR\"},{\"@type\":\"Organization\",\"@id\":\"https:\\\/\\\/www.bellunopress.it\\\/#organization\",\"name\":\"Bellunopress\",\"url\":\"https:\\\/\\\/www.bellunopress.it\\\/\",\"logo\":{\"@type\":\"ImageObject\",\"inLanguage\":\"fr-FR\",\"@id\":\"https:\\\/\\\/www.bellunopress.it\\\/#\\\/schema\\\/logo\\\/image\\\/\",\"url\":\"https:\\\/\\\/www.bellunopress.it\\\/wp-content\\\/uploads\\\/2011\\\/05\\\/cropped-logo-bellunopress-.jpg\",\"contentUrl\":\"https:\\\/\\\/www.bellunopress.it\\\/wp-content\\\/uploads\\\/2011\\\/05\\\/cropped-logo-bellunopress-.jpg\",\"width\":512,\"height\":512,\"caption\":\"Bellunopress\"},\"image\":{\"@id\":\"https:\\\/\\\/www.bellunopress.it\\\/#\\\/schema\\\/logo\\\/image\\\/\"},\"sameAs\":[\"https:\\\/\\\/www.facebook.com\\\/profile.php?id=100008943462799\",\"https:\\\/\\\/x.com\\\/bellunopress\",\"https:\\\/\\\/www.linkedin.com\\\/hp\\\/?dnr=JBzUWaJfMUw8vbXJJ2tVW5-I3jZKvC4wsoxE&amp;amp;amp;amp;amp;amp;trk=nav_responsive_tab_home\",\"https:\\\/\\\/www.youtube.com\\\/channel\\\/UCxL0wu1uN0_3_7hGG0306cw\"]},{\"@type\":\"Person\",\"@id\":\"https:\\\/\\\/www.bellunopress.it\\\/#\\\/schema\\\/person\\\/79bb06722b37ece1c03d3e94beb30d73\",\"name\":\"redazione\",\"image\":{\"@type\":\"ImageObject\",\"inLanguage\":\"fr-FR\",\"@id\":\"https:\\\/\\\/secure.gravatar.com\\\/avatar\\\/37d968a2e67a6fd04c169c4bdef102d0bc5d31b2546345219e348575eb80e9a0?s=96&d=mm&r=g\",\"url\":\"https:\\\/\\\/secure.gravatar.com\\\/avatar\\\/37d968a2e67a6fd04c169c4bdef102d0bc5d31b2546345219e348575eb80e9a0?s=96&d=mm&r=g\",\"contentUrl\":\"https:\\\/\\\/secure.gravatar.com\\\/avatar\\\/37d968a2e67a6fd04c169c4bdef102d0bc5d31b2546345219e348575eb80e9a0?s=96&d=mm&r=g\",\"caption\":\"redazione\"},\"sameAs\":[\"http:\\\/\\\/www.bellunopress.it\",\"https:\\\/\\\/x.com\\\/bellunopress\"],\"url\":\"https:\\\/\\\/www.bellunopress.it\\\/fr\\\/author\\\/redazione\\\/\"}]}<\/script>\n<!-- \/ Yoast SEO plugin. -->","yoast_head_json":{"title":"Scuola. De Gan: \u00abCorpo docenti: figli e figliastri\u00bb L\u2019assessore di Palazzo Piloni incontra il direttore dell\u2019UST: \u00abControlli a tappeto\u00bb - Bellunopress - Dolomiti","robots":{"index":"index","follow":"follow","max-snippet":"max-snippet:-1","max-image-preview":"max-image-preview:large","max-video-preview":"max-video-preview:-1"},"canonical":"https:\/\/www.bellunopress.it\/fr\/2011\/07\/29\/scuola-de-gan-\u00abcorpo-docenti-figli-e-figliastri\u00bb-l\u2019assessore-di-palazzo-piloni-incontra-il-direttore-dell\u2019ust-\u00abcontrolli-a-tappeto\u00bb\/","og_locale":"fr_FR","og_type":"article","og_title":"Scuola. De Gan: \u00abCorpo docenti: figli e figliastri\u00bb L\u2019assessore di Palazzo Piloni incontra il direttore dell\u2019UST: \u00abControlli a tappeto\u00bb - Bellunopress - Dolomiti","og_description":"Stefano De Gan, assessore all\u2019Istruzione della Provincia di Belluno, entra nel merito della \u201cquestione graduatorie\u201d degli insegnanti e annuncia che l\u2019Ufficio Scolastico Territoriale rester\u00e0 a disposizione degli interessati: \u00abGli inserimenti a pettine sono penalizzanti per il nostro corpo docente. Chi avr\u00e0 bisogno di informazioni, ad ogni modo, trover\u00e0 l\u2019ufficio aperto (marted\u00ec e gioved\u00ec dalle ore [&hellip;]","og_url":"https:\/\/www.bellunopress.it\/fr\/2011\/07\/29\/scuola-de-gan-\u00abcorpo-docenti-figli-e-figliastri\u00bb-l\u2019assessore-di-palazzo-piloni-incontra-il-direttore-dell\u2019ust-\u00abcontrolli-a-tappeto\u00bb\/","og_site_name":"Bellunopress - Dolomiti","article_publisher":"https:\/\/www.facebook.com\/profile.php?id=100008943462799","article_published_time":"2011-07-29T15:51:16+00:00","og_image":[{"url":"http:\/\/www.bellunopress.it\/wp-content\/uploads\/2010\/06\/stefano-de-gan.jpg","type":"","width":"","height":""}],"author":"redazione","twitter_card":"summary_large_image","twitter_creator":"@bellunopress","twitter_site":"@bellunopress","twitter_misc":{"\u00c9crit par":"redazione","Dur\u00e9e de lecture estim\u00e9e":"3 minutes"},"schema":{"@context":"https:\/\/schema.org","@graph":[{"@type":"Article","@id":"https:\/\/www.bellunopress.it\/2011\/07\/29\/scuola-de-gan-%c2%abcorpo-docenti-figli-e-figliastri%c2%bb-l%e2%80%99assessore-di-palazzo-piloni-incontra-il-direttore-dell%e2%80%99ust-%c2%abcontrolli-a-tappeto%c2%bb\/#article","isPartOf":{"@id":"https:\/\/www.bellunopress.it\/2011\/07\/29\/scuola-de-gan-%c2%abcorpo-docenti-figli-e-figliastri%c2%bb-l%e2%80%99assessore-di-palazzo-piloni-incontra-il-direttore-dell%e2%80%99ust-%c2%abcontrolli-a-tappeto%c2%bb\/"},"author":{"name":"redazione","@id":"https:\/\/www.bellunopress.it\/#\/schema\/person\/79bb06722b37ece1c03d3e94beb30d73"},"headline":"Scuola. De Gan: \u00abCorpo docenti: figli e figliastri\u00bb L\u2019assessore di Palazzo Piloni incontra il direttore dell\u2019UST: \u00abControlli a tappeto\u00bb","datePublished":"2011-07-29T15:51:16+00:00","mainEntityOfPage":{"@id":"https:\/\/www.bellunopress.it\/2011\/07\/29\/scuola-de-gan-%c2%abcorpo-docenti-figli-e-figliastri%c2%bb-l%e2%80%99assessore-di-palazzo-piloni-incontra-il-direttore-dell%e2%80%99ust-%c2%abcontrolli-a-tappeto%c2%bb\/"},"wordCount":531,"publisher":{"@id":"https:\/\/www.bellunopress.it\/#organization"},"image":{"@id":"https:\/\/www.bellunopress.it\/2011\/07\/29\/scuola-de-gan-%c2%abcorpo-docenti-figli-e-figliastri%c2%bb-l%e2%80%99assessore-di-palazzo-piloni-incontra-il-direttore-dell%e2%80%99ust-%c2%abcontrolli-a-tappeto%c2%bb\/#primaryimage"},"thumbnailUrl":"http:\/\/www.bellunopress.it\/wp-content\/uploads\/2010\/06\/stefano-de-gan.jpg","articleSection":["Cronaca\/Politica","Prima Pagina","Scuola"],"inLanguage":"fr-FR"},{"@type":"WebPage","@id":"https:\/\/www.bellunopress.it\/2011\/07\/29\/scuola-de-gan-%c2%abcorpo-docenti-figli-e-figliastri%c2%bb-l%e2%80%99assessore-di-palazzo-piloni-incontra-il-direttore-dell%e2%80%99ust-%c2%abcontrolli-a-tappeto%c2%bb\/","url":"https:\/\/www.bellunopress.it\/2011\/07\/29\/scuola-de-gan-%c2%abcorpo-docenti-figli-e-figliastri%c2%bb-l%e2%80%99assessore-di-palazzo-piloni-incontra-il-direttore-dell%e2%80%99ust-%c2%abcontrolli-a-tappeto%c2%bb\/","name":"Scuola. De Gan: \u00abCorpo docenti: figli e figliastri\u00bb L\u2019assessore di Palazzo Piloni incontra il direttore dell\u2019UST: \u00abControlli a tappeto\u00bb - Bellunopress - Dolomiti","isPartOf":{"@id":"https:\/\/www.bellunopress.it\/#website"},"primaryImageOfPage":{"@id":"https:\/\/www.bellunopress.it\/2011\/07\/29\/scuola-de-gan-%c2%abcorpo-docenti-figli-e-figliastri%c2%bb-l%e2%80%99assessore-di-palazzo-piloni-incontra-il-direttore-dell%e2%80%99ust-%c2%abcontrolli-a-tappeto%c2%bb\/#primaryimage"},"image":{"@id":"https:\/\/www.bellunopress.it\/2011\/07\/29\/scuola-de-gan-%c2%abcorpo-docenti-figli-e-figliastri%c2%bb-l%e2%80%99assessore-di-palazzo-piloni-incontra-il-direttore-dell%e2%80%99ust-%c2%abcontrolli-a-tappeto%c2%bb\/#primaryimage"},"thumbnailUrl":"http:\/\/www.bellunopress.it\/wp-content\/uploads\/2010\/06\/stefano-de-gan.jpg","datePublished":"2011-07-29T15:51:16+00:00","breadcrumb":{"@id":"https:\/\/www.bellunopress.it\/2011\/07\/29\/scuola-de-gan-%c2%abcorpo-docenti-figli-e-figliastri%c2%bb-l%e2%80%99assessore-di-palazzo-piloni-incontra-il-direttore-dell%e2%80%99ust-%c2%abcontrolli-a-tappeto%c2%bb\/#breadcrumb"},"inLanguage":"fr-FR","potentialAction":[{"@type":"ReadAction","target":["https:\/\/www.bellunopress.it\/2011\/07\/29\/scuola-de-gan-%c2%abcorpo-docenti-figli-e-figliastri%c2%bb-l%e2%80%99assessore-di-palazzo-piloni-incontra-il-direttore-dell%e2%80%99ust-%c2%abcontrolli-a-tappeto%c2%bb\/"]}]},{"@type":"ImageObject","inLanguage":"fr-FR","@id":"https:\/\/www.bellunopress.it\/2011\/07\/29\/scuola-de-gan-%c2%abcorpo-docenti-figli-e-figliastri%c2%bb-l%e2%80%99assessore-di-palazzo-piloni-incontra-il-direttore-dell%e2%80%99ust-%c2%abcontrolli-a-tappeto%c2%bb\/#primaryimage","url":"http:\/\/www.bellunopress.it\/wp-content\/uploads\/2010\/06\/stefano-de-gan.jpg","contentUrl":"http:\/\/www.bellunopress.it\/wp-content\/uploads\/2010\/06\/stefano-de-gan.jpg"},{"@type":"BreadcrumbList","@id":"https:\/\/www.bellunopress.it\/2011\/07\/29\/scuola-de-gan-%c2%abcorpo-docenti-figli-e-figliastri%c2%bb-l%e2%80%99assessore-di-palazzo-piloni-incontra-il-direttore-dell%e2%80%99ust-%c2%abcontrolli-a-tappeto%c2%bb\/#breadcrumb","itemListElement":[{"@type":"ListItem","position":1,"name":"Home","item":"https:\/\/www.bellunopress.it\/"},{"@type":"ListItem","position":2,"name":"Scuola. De Gan: \u00abCorpo docenti: figli e figliastri\u00bb L\u2019assessore di Palazzo Piloni incontra il direttore dell\u2019UST: \u00abControlli a tappeto\u00bb"}]},{"@type":"WebSite","@id":"https:\/\/www.bellunopress.it\/#website","url":"https:\/\/www.bellunopress.it\/","name":"Bellunopress - Dolomiti","description":"e-mail: redazione@bellunopress.it","publisher":{"@id":"https:\/\/www.bellunopress.it\/#organization"},"potentialAction":[{"@type":"SearchAction","target":{"@type":"EntryPoint","urlTemplate":"https:\/\/www.bellunopress.it\/?s={search_term_string}"},"query-input":{"@type":"PropertyValueSpecification","valueRequired":true,"valueName":"search_term_string"}}],"inLanguage":"fr-FR"},{"@type":"Organization","@id":"https:\/\/www.bellunopress.it\/#organization","name":"Bellunopress","url":"https:\/\/www.bellunopress.it\/","logo":{"@type":"ImageObject","inLanguage":"fr-FR","@id":"https:\/\/www.bellunopress.it\/#\/schema\/logo\/image\/","url":"https:\/\/www.bellunopress.it\/wp-content\/uploads\/2011\/05\/cropped-logo-bellunopress-.jpg","contentUrl":"https:\/\/www.bellunopress.it\/wp-content\/uploads\/2011\/05\/cropped-logo-bellunopress-.jpg","width":512,"height":512,"caption":"Bellunopress"},"image":{"@id":"https:\/\/www.bellunopress.it\/#\/schema\/logo\/image\/"},"sameAs":["https:\/\/www.facebook.com\/profile.php?id=100008943462799","https:\/\/x.com\/bellunopress","https:\/\/www.linkedin.com\/hp\/?dnr=JBzUWaJfMUw8vbXJJ2tVW5-I3jZKvC4wsoxE&amp;amp;amp;amp;amp;amp;trk=nav_responsive_tab_home","https:\/\/www.youtube.com\/channel\/UCxL0wu1uN0_3_7hGG0306cw"]},{"@type":"Person","@id":"https:\/\/www.bellunopress.it\/#\/schema\/person\/79bb06722b37ece1c03d3e94beb30d73","name":"r\u00e9daction","image":{"@type":"ImageObject","inLanguage":"fr-FR","@id":"https:\/\/secure.gravatar.com\/avatar\/37d968a2e67a6fd04c169c4bdef102d0bc5d31b2546345219e348575eb80e9a0?s=96&d=mm&r=g","url":"https:\/\/secure.gravatar.com\/avatar\/37d968a2e67a6fd04c169c4bdef102d0bc5d31b2546345219e348575eb80e9a0?s=96&d=mm&r=g","contentUrl":"https:\/\/secure.gravatar.com\/avatar\/37d968a2e67a6fd04c169c4bdef102d0bc5d31b2546345219e348575eb80e9a0?s=96&d=mm&r=g","caption":"redazione"},"sameAs":["http:\/\/www.bellunopress.it","https:\/\/x.com\/bellunopress"],"url":"https:\/\/www.bellunopress.it\/fr\/author\/redazione\/"}]}},"_links":{"self":[{"href":"https:\/\/www.bellunopress.it\/fr\/wp-json\/wp\/v2\/posts\/29128","targetHints":{"allow":["GET"]}}],"collection":[{"href":"https:\/\/www.bellunopress.it\/fr\/wp-json\/wp\/v2\/posts"}],"about":[{"href":"https:\/\/www.bellunopress.it\/fr\/wp-json\/wp\/v2\/types\/post"}],"author":[{"embeddable":true,"href":"https:\/\/www.bellunopress.it\/fr\/wp-json\/wp\/v2\/users\/2"}],"replies":[{"embeddable":true,"href":"https:\/\/www.bellunopress.it\/fr\/wp-json\/wp\/v2\/comments?post=29128"}],"version-history":[{"count":1,"href":"https:\/\/www.bellunopress.it\/fr\/wp-json\/wp\/v2\/posts\/29128\/revisions"}],"predecessor-version":[{"id":29129,"href":"https:\/\/www.bellunopress.it\/fr\/wp-json\/wp\/v2\/posts\/29128\/revisions\/29129"}],"wp:attachment":[{"href":"https:\/\/www.bellunopress.it\/fr\/wp-json\/wp\/v2\/media?parent=29128"}],"wp:term":[{"taxonomy":"category","embeddable":true,"href":"https:\/\/www.bellunopress.it\/fr\/wp-json\/wp\/v2\/categories?post=29128"},{"taxonomy":"post_tag","embeddable":true,"href":"https:\/\/www.bellunopress.it\/fr\/wp-json\/wp\/v2\/tags?post=29128"}],"curies":[{"name":"wp","href":"https:\/\/api.w.org\/{rel}","templated":true}]}}