{"id":29124,"date":"2011-07-29T16:44:03","date_gmt":"2011-07-29T15:44:03","guid":{"rendered":"http:\/\/www.bellunopress.it\/?p=29124"},"modified":"2011-07-29T16:44:03","modified_gmt":"2011-07-29T15:44:03","slug":"bimba-morta-a-padova-negativa-allesame-del-batterio-killer","status":"publish","type":"post","link":"https:\/\/www.bellunopress.it\/fr\/2011\/07\/29\/bimba-morta-a-padova-negativa-allesame-del-batterio-killer\/","title":{"rendered":"Bimba morta a Padova negativa all&#8217;esame del &#8220;batterio killer&#8221;"},"content":{"rendered":"<figure id=\"attachment_19489\" aria-describedby=\"caption-attachment-19489\" style=\"width: 103px\" class=\"wp-caption alignleft\"><a href=\"http:\/\/www.bellunopress.it\/wp-content\/uploads\/2010\/09\/luca-coletto.jpg\"><img loading=\"lazy\" decoding=\"async\" class=\"size-full wp-image-19489\" title=\"luca-coletto\" src=\"http:\/\/www.bellunopress.it\/wp-content\/uploads\/2010\/09\/luca-coletto.jpg\" alt=\"\" width=\"103\" height=\"140\" \/><\/a><figcaption id=\"caption-attachment-19489\" class=\"wp-caption-text\">Luca Coletto<\/figcaption><\/figure>\n<p>\u201cLa bambina di Monselice deceduta all\u2019azienda ospedaliera di Padova per una sindrome uremico emolitica \u00e8 risultata negativa al test specifico per escherichia coli O104 H4, il cosiddetto \u201cbatterio killer\u201d del ceppo epidemico tedesco\u201d.<br \/>\nLo comunica l\u2019assessore regionale alla sanit\u00e0 del Veneto Luca Coletto, avendo ricevuto poco fa l\u2019esito delle analisi effettuate dall\u2019Istituto Superiore di Sanit\u00e0.<br \/>\n\u201cRingrazio l\u2019Iss ed in particolare il dottor Alfredo Caprioli \u2013 aggiunge Coletto \u2013 per la straordinaria efficienza e celerit\u00e0 del loro operato, che ci consente di mettere subito la parola fine ad una vicenda trattata purtroppo con grande superficialit\u00e0 sul piano mediatico\u201d.<br \/>\nNella comunicazione inviata dall\u2019Istituto Superiore di Sanit\u00e0, \u00e8 anche specificato che \u201cle informazioni anamnestiche ed epidemiologiche raccolte suggeriscono che si tratti di un caso sporadico e non indicano particolari esposizioni a fattori di rischio tali da costituire un pericolo per altre persone\u201d.<\/p>","protected":false},"excerpt":{"rendered":"<p>\u201cLa bambina di Monselice deceduta all\u2019azienda ospedaliera di Padova per una sindrome uremico emolitica \u00e8 risultata negativa al test specifico per escherichia coli O104 H4, il cosiddetto \u201cbatterio killer\u201d del ceppo epidemico tedesco\u201d. Lo comunica l\u2019assessore regionale alla sanit\u00e0 del Veneto Luca Coletto, avendo ricevuto poco fa l\u2019esito delle analisi effettuate dall\u2019Istituto Superiore di Sanit\u00e0. [&hellip;]<\/p>\n","protected":false},"author":2,"featured_media":0,"comment_status":"closed","ping_status":"open","sticky":false,"template":"","format":"standard","meta":{"footnotes":""},"categories":[26,17],"tags":[],"class_list":["post-29124","post","type-post","status-publish","format-standard","category-prima-pagina","category-sanita"],"yoast_head":"<!-- This site is optimized with the Yoast SEO plugin v28.4 - https:\/\/yoast.com\/product\/yoast-seo-wordpress\/ -->\n<title>Bimba morta a Padova negativa all&#039;esame del &quot;batterio killer&quot; - Bellunopress - Dolomiti<\/title>\n<meta name=\"robots\" content=\"index, follow, max-snippet:-1, max-image-preview:large, max-video-preview:-1\" \/>\n<link rel=\"canonical\" href=\"https:\/\/www.bellunopress.it\/fr\/2011\/07\/29\/bimba-morta-a-padova-negativa-allesame-del-batterio-killer\/\" \/>\n<meta property=\"og:locale\" content=\"fr_FR\" \/>\n<meta property=\"og:type\" content=\"article\" \/>\n<meta property=\"og:title\" content=\"Bimba morta a Padova negativa all&#039;esame del &quot;batterio killer&quot; - Bellunopress - Dolomiti\" \/>\n<meta property=\"og:description\" content=\"\u201cLa bambina di Monselice deceduta all\u2019azienda ospedaliera di Padova per una sindrome uremico emolitica \u00e8 risultata negativa al test specifico per escherichia coli O104 H4, il cosiddetto \u201cbatterio killer\u201d del ceppo epidemico tedesco\u201d. Lo comunica l\u2019assessore regionale alla sanit\u00e0 del Veneto Luca Coletto, avendo ricevuto poco fa l\u2019esito delle analisi effettuate dall\u2019Istituto Superiore di Sanit\u00e0. [&hellip;]\" \/>\n<meta property=\"og:url\" content=\"https:\/\/www.bellunopress.it\/fr\/2011\/07\/29\/bimba-morta-a-padova-negativa-allesame-del-batterio-killer\/\" \/>\n<meta property=\"og:site_name\" content=\"Bellunopress - Dolomiti\" \/>\n<meta property=\"article:publisher\" content=\"https:\/\/www.facebook.com\/profile.php?id=100008943462799\" \/>\n<meta property=\"article:published_time\" content=\"2011-07-29T15:44:03+00:00\" \/>\n<meta property=\"og:image\" content=\"http:\/\/www.bellunopress.it\/wp-content\/uploads\/2010\/09\/luca-coletto.jpg\" \/>\n<meta name=\"author\" content=\"redazione\" \/>\n<meta name=\"twitter:card\" content=\"summary_large_image\" \/>\n<meta name=\"twitter:creator\" content=\"@bellunopress\" \/>\n<meta name=\"twitter:site\" content=\"@bellunopress\" \/>\n<meta name=\"twitter:label1\" content=\"\u00c9crit par\" \/>\n\t<meta name=\"twitter:data1\" content=\"redazione\" \/>\n\t<meta name=\"twitter:label2\" content=\"Dur\u00e9e de lecture estim\u00e9e\" \/>\n\t<meta name=\"twitter:data2\" content=\"1 minute\" \/>\n<script type=\"application\/ld+json\" class=\"yoast-schema-graph\">{\"@context\":\"https:\\\/\\\/schema.org\",\"@graph\":[{\"@type\":\"Article\",\"@id\":\"https:\\\/\\\/www.bellunopress.it\\\/2011\\\/07\\\/29\\\/bimba-morta-a-padova-negativa-allesame-del-batterio-killer\\\/#article\",\"isPartOf\":{\"@id\":\"https:\\\/\\\/www.bellunopress.it\\\/2011\\\/07\\\/29\\\/bimba-morta-a-padova-negativa-allesame-del-batterio-killer\\\/\"},\"author\":{\"name\":\"redazione\",\"@id\":\"https:\\\/\\\/www.bellunopress.it\\\/#\\\/schema\\\/person\\\/79bb06722b37ece1c03d3e94beb30d73\"},\"headline\":\"Bimba morta a Padova negativa all&#8217;esame del &#8220;batterio killer&#8221;\",\"datePublished\":\"2011-07-29T15:44:03+00:00\",\"mainEntityOfPage\":{\"@id\":\"https:\\\/\\\/www.bellunopress.it\\\/2011\\\/07\\\/29\\\/bimba-morta-a-padova-negativa-allesame-del-batterio-killer\\\/\"},\"wordCount\":161,\"publisher\":{\"@id\":\"https:\\\/\\\/www.bellunopress.it\\\/#organization\"},\"image\":{\"@id\":\"https:\\\/\\\/www.bellunopress.it\\\/2011\\\/07\\\/29\\\/bimba-morta-a-padova-negativa-allesame-del-batterio-killer\\\/#primaryimage\"},\"thumbnailUrl\":\"http:\\\/\\\/www.bellunopress.it\\\/wp-content\\\/uploads\\\/2010\\\/09\\\/luca-coletto.jpg\",\"articleSection\":[\"Prima Pagina\",\"Sanit\u00e0 Medicina\"],\"inLanguage\":\"fr-FR\"},{\"@type\":\"WebPage\",\"@id\":\"https:\\\/\\\/www.bellunopress.it\\\/2011\\\/07\\\/29\\\/bimba-morta-a-padova-negativa-allesame-del-batterio-killer\\\/\",\"url\":\"https:\\\/\\\/www.bellunopress.it\\\/2011\\\/07\\\/29\\\/bimba-morta-a-padova-negativa-allesame-del-batterio-killer\\\/\",\"name\":\"Bimba morta a Padova negativa all'esame del \\\"batterio killer\\\" - Bellunopress - Dolomiti\",\"isPartOf\":{\"@id\":\"https:\\\/\\\/www.bellunopress.it\\\/#website\"},\"primaryImageOfPage\":{\"@id\":\"https:\\\/\\\/www.bellunopress.it\\\/2011\\\/07\\\/29\\\/bimba-morta-a-padova-negativa-allesame-del-batterio-killer\\\/#primaryimage\"},\"image\":{\"@id\":\"https:\\\/\\\/www.bellunopress.it\\\/2011\\\/07\\\/29\\\/bimba-morta-a-padova-negativa-allesame-del-batterio-killer\\\/#primaryimage\"},\"thumbnailUrl\":\"http:\\\/\\\/www.bellunopress.it\\\/wp-content\\\/uploads\\\/2010\\\/09\\\/luca-coletto.jpg\",\"datePublished\":\"2011-07-29T15:44:03+00:00\",\"breadcrumb\":{\"@id\":\"https:\\\/\\\/www.bellunopress.it\\\/2011\\\/07\\\/29\\\/bimba-morta-a-padova-negativa-allesame-del-batterio-killer\\\/#breadcrumb\"},\"inLanguage\":\"fr-FR\",\"potentialAction\":[{\"@type\":\"ReadAction\",\"target\":[\"https:\\\/\\\/www.bellunopress.it\\\/2011\\\/07\\\/29\\\/bimba-morta-a-padova-negativa-allesame-del-batterio-killer\\\/\"]}]},{\"@type\":\"ImageObject\",\"inLanguage\":\"fr-FR\",\"@id\":\"https:\\\/\\\/www.bellunopress.it\\\/2011\\\/07\\\/29\\\/bimba-morta-a-padova-negativa-allesame-del-batterio-killer\\\/#primaryimage\",\"url\":\"http:\\\/\\\/www.bellunopress.it\\\/wp-content\\\/uploads\\\/2010\\\/09\\\/luca-coletto.jpg\",\"contentUrl\":\"http:\\\/\\\/www.bellunopress.it\\\/wp-content\\\/uploads\\\/2010\\\/09\\\/luca-coletto.jpg\"},{\"@type\":\"BreadcrumbList\",\"@id\":\"https:\\\/\\\/www.bellunopress.it\\\/2011\\\/07\\\/29\\\/bimba-morta-a-padova-negativa-allesame-del-batterio-killer\\\/#breadcrumb\",\"itemListElement\":[{\"@type\":\"ListItem\",\"position\":1,\"name\":\"Home\",\"item\":\"https:\\\/\\\/www.bellunopress.it\\\/\"},{\"@type\":\"ListItem\",\"position\":2,\"name\":\"Bimba morta a Padova negativa all&#8217;esame del &#8220;batterio killer&#8221;\"}]},{\"@type\":\"WebSite\",\"@id\":\"https:\\\/\\\/www.bellunopress.it\\\/#website\",\"url\":\"https:\\\/\\\/www.bellunopress.it\\\/\",\"name\":\"Bellunopress - Dolomiti\",\"description\":\"e-mail: redazione@bellunopress.it\",\"publisher\":{\"@id\":\"https:\\\/\\\/www.bellunopress.it\\\/#organization\"},\"potentialAction\":[{\"@type\":\"SearchAction\",\"target\":{\"@type\":\"EntryPoint\",\"urlTemplate\":\"https:\\\/\\\/www.bellunopress.it\\\/?s={search_term_string}\"},\"query-input\":{\"@type\":\"PropertyValueSpecification\",\"valueRequired\":true,\"valueName\":\"search_term_string\"}}],\"inLanguage\":\"fr-FR\"},{\"@type\":\"Organization\",\"@id\":\"https:\\\/\\\/www.bellunopress.it\\\/#organization\",\"name\":\"Bellunopress\",\"url\":\"https:\\\/\\\/www.bellunopress.it\\\/\",\"logo\":{\"@type\":\"ImageObject\",\"inLanguage\":\"fr-FR\",\"@id\":\"https:\\\/\\\/www.bellunopress.it\\\/#\\\/schema\\\/logo\\\/image\\\/\",\"url\":\"https:\\\/\\\/www.bellunopress.it\\\/wp-content\\\/uploads\\\/2011\\\/05\\\/cropped-logo-bellunopress-.jpg\",\"contentUrl\":\"https:\\\/\\\/www.bellunopress.it\\\/wp-content\\\/uploads\\\/2011\\\/05\\\/cropped-logo-bellunopress-.jpg\",\"width\":512,\"height\":512,\"caption\":\"Bellunopress\"},\"image\":{\"@id\":\"https:\\\/\\\/www.bellunopress.it\\\/#\\\/schema\\\/logo\\\/image\\\/\"},\"sameAs\":[\"https:\\\/\\\/www.facebook.com\\\/profile.php?id=100008943462799\",\"https:\\\/\\\/x.com\\\/bellunopress\",\"https:\\\/\\\/www.linkedin.com\\\/hp\\\/?dnr=JBzUWaJfMUw8vbXJJ2tVW5-I3jZKvC4wsoxE&amp;amp;amp;amp;amp;amp;trk=nav_responsive_tab_home\",\"https:\\\/\\\/www.youtube.com\\\/channel\\\/UCxL0wu1uN0_3_7hGG0306cw\"]},{\"@type\":\"Person\",\"@id\":\"https:\\\/\\\/www.bellunopress.it\\\/#\\\/schema\\\/person\\\/79bb06722b37ece1c03d3e94beb30d73\",\"name\":\"redazione\",\"image\":{\"@type\":\"ImageObject\",\"inLanguage\":\"fr-FR\",\"@id\":\"https:\\\/\\\/secure.gravatar.com\\\/avatar\\\/37d968a2e67a6fd04c169c4bdef102d0bc5d31b2546345219e348575eb80e9a0?s=96&d=mm&r=g\",\"url\":\"https:\\\/\\\/secure.gravatar.com\\\/avatar\\\/37d968a2e67a6fd04c169c4bdef102d0bc5d31b2546345219e348575eb80e9a0?s=96&d=mm&r=g\",\"contentUrl\":\"https:\\\/\\\/secure.gravatar.com\\\/avatar\\\/37d968a2e67a6fd04c169c4bdef102d0bc5d31b2546345219e348575eb80e9a0?s=96&d=mm&r=g\",\"caption\":\"redazione\"},\"sameAs\":[\"http:\\\/\\\/www.bellunopress.it\",\"https:\\\/\\\/x.com\\\/bellunopress\"],\"url\":\"https:\\\/\\\/www.bellunopress.it\\\/fr\\\/author\\\/redazione\\\/\"}]}<\/script>\n<!-- \/ Yoast SEO plugin. -->","yoast_head_json":{"title":"Bimba morta a Padova negativa all'esame del \"batterio killer\" - Bellunopress - Dolomiti","robots":{"index":"index","follow":"follow","max-snippet":"max-snippet:-1","max-image-preview":"max-image-preview:large","max-video-preview":"max-video-preview:-1"},"canonical":"https:\/\/www.bellunopress.it\/fr\/2011\/07\/29\/bimba-morta-a-padova-negativa-allesame-del-batterio-killer\/","og_locale":"fr_FR","og_type":"article","og_title":"Bimba morta a Padova negativa all'esame del \"batterio killer\" - Bellunopress - Dolomiti","og_description":"\u201cLa bambina di Monselice deceduta all\u2019azienda ospedaliera di Padova per una sindrome uremico emolitica \u00e8 risultata negativa al test specifico per escherichia coli O104 H4, il cosiddetto \u201cbatterio killer\u201d del ceppo epidemico tedesco\u201d. Lo comunica l\u2019assessore regionale alla sanit\u00e0 del Veneto Luca Coletto, avendo ricevuto poco fa l\u2019esito delle analisi effettuate dall\u2019Istituto Superiore di Sanit\u00e0. [&hellip;]","og_url":"https:\/\/www.bellunopress.it\/fr\/2011\/07\/29\/bimba-morta-a-padova-negativa-allesame-del-batterio-killer\/","og_site_name":"Bellunopress - Dolomiti","article_publisher":"https:\/\/www.facebook.com\/profile.php?id=100008943462799","article_published_time":"2011-07-29T15:44:03+00:00","og_image":[{"url":"http:\/\/www.bellunopress.it\/wp-content\/uploads\/2010\/09\/luca-coletto.jpg","type":"","width":"","height":""}],"author":"redazione","twitter_card":"summary_large_image","twitter_creator":"@bellunopress","twitter_site":"@bellunopress","twitter_misc":{"\u00c9crit par":"redazione","Dur\u00e9e de lecture estim\u00e9e":"1 minute"},"schema":{"@context":"https:\/\/schema.org","@graph":[{"@type":"Article","@id":"https:\/\/www.bellunopress.it\/2011\/07\/29\/bimba-morta-a-padova-negativa-allesame-del-batterio-killer\/#article","isPartOf":{"@id":"https:\/\/www.bellunopress.it\/2011\/07\/29\/bimba-morta-a-padova-negativa-allesame-del-batterio-killer\/"},"author":{"name":"redazione","@id":"https:\/\/www.bellunopress.it\/#\/schema\/person\/79bb06722b37ece1c03d3e94beb30d73"},"headline":"Bimba morta a Padova negativa all&#8217;esame del &#8220;batterio killer&#8221;","datePublished":"2011-07-29T15:44:03+00:00","mainEntityOfPage":{"@id":"https:\/\/www.bellunopress.it\/2011\/07\/29\/bimba-morta-a-padova-negativa-allesame-del-batterio-killer\/"},"wordCount":161,"publisher":{"@id":"https:\/\/www.bellunopress.it\/#organization"},"image":{"@id":"https:\/\/www.bellunopress.it\/2011\/07\/29\/bimba-morta-a-padova-negativa-allesame-del-batterio-killer\/#primaryimage"},"thumbnailUrl":"http:\/\/www.bellunopress.it\/wp-content\/uploads\/2010\/09\/luca-coletto.jpg","articleSection":["Prima Pagina","Sanit\u00e0 Medicina"],"inLanguage":"fr-FR"},{"@type":"WebPage","@id":"https:\/\/www.bellunopress.it\/2011\/07\/29\/bimba-morta-a-padova-negativa-allesame-del-batterio-killer\/","url":"https:\/\/www.bellunopress.it\/2011\/07\/29\/bimba-morta-a-padova-negativa-allesame-del-batterio-killer\/","name":"Bimba morta a Padova negativa all'esame del \"batterio killer\" - Bellunopress - Dolomiti","isPartOf":{"@id":"https:\/\/www.bellunopress.it\/#website"},"primaryImageOfPage":{"@id":"https:\/\/www.bellunopress.it\/2011\/07\/29\/bimba-morta-a-padova-negativa-allesame-del-batterio-killer\/#primaryimage"},"image":{"@id":"https:\/\/www.bellunopress.it\/2011\/07\/29\/bimba-morta-a-padova-negativa-allesame-del-batterio-killer\/#primaryimage"},"thumbnailUrl":"http:\/\/www.bellunopress.it\/wp-content\/uploads\/2010\/09\/luca-coletto.jpg","datePublished":"2011-07-29T15:44:03+00:00","breadcrumb":{"@id":"https:\/\/www.bellunopress.it\/2011\/07\/29\/bimba-morta-a-padova-negativa-allesame-del-batterio-killer\/#breadcrumb"},"inLanguage":"fr-FR","potentialAction":[{"@type":"ReadAction","target":["https:\/\/www.bellunopress.it\/2011\/07\/29\/bimba-morta-a-padova-negativa-allesame-del-batterio-killer\/"]}]},{"@type":"ImageObject","inLanguage":"fr-FR","@id":"https:\/\/www.bellunopress.it\/2011\/07\/29\/bimba-morta-a-padova-negativa-allesame-del-batterio-killer\/#primaryimage","url":"http:\/\/www.bellunopress.it\/wp-content\/uploads\/2010\/09\/luca-coletto.jpg","contentUrl":"http:\/\/www.bellunopress.it\/wp-content\/uploads\/2010\/09\/luca-coletto.jpg"},{"@type":"BreadcrumbList","@id":"https:\/\/www.bellunopress.it\/2011\/07\/29\/bimba-morta-a-padova-negativa-allesame-del-batterio-killer\/#breadcrumb","itemListElement":[{"@type":"ListItem","position":1,"name":"Home","item":"https:\/\/www.bellunopress.it\/"},{"@type":"ListItem","position":2,"name":"Bimba morta a Padova negativa all&#8217;esame del &#8220;batterio killer&#8221;"}]},{"@type":"WebSite","@id":"https:\/\/www.bellunopress.it\/#website","url":"https:\/\/www.bellunopress.it\/","name":"Bellunopress - Dolomiti","description":"e-mail: redazione@bellunopress.it","publisher":{"@id":"https:\/\/www.bellunopress.it\/#organization"},"potentialAction":[{"@type":"SearchAction","target":{"@type":"EntryPoint","urlTemplate":"https:\/\/www.bellunopress.it\/?s={search_term_string}"},"query-input":{"@type":"PropertyValueSpecification","valueRequired":true,"valueName":"search_term_string"}}],"inLanguage":"fr-FR"},{"@type":"Organization","@id":"https:\/\/www.bellunopress.it\/#organization","name":"Bellunopress","url":"https:\/\/www.bellunopress.it\/","logo":{"@type":"ImageObject","inLanguage":"fr-FR","@id":"https:\/\/www.bellunopress.it\/#\/schema\/logo\/image\/","url":"https:\/\/www.bellunopress.it\/wp-content\/uploads\/2011\/05\/cropped-logo-bellunopress-.jpg","contentUrl":"https:\/\/www.bellunopress.it\/wp-content\/uploads\/2011\/05\/cropped-logo-bellunopress-.jpg","width":512,"height":512,"caption":"Bellunopress"},"image":{"@id":"https:\/\/www.bellunopress.it\/#\/schema\/logo\/image\/"},"sameAs":["https:\/\/www.facebook.com\/profile.php?id=100008943462799","https:\/\/x.com\/bellunopress","https:\/\/www.linkedin.com\/hp\/?dnr=JBzUWaJfMUw8vbXJJ2tVW5-I3jZKvC4wsoxE&amp;amp;amp;amp;amp;amp;trk=nav_responsive_tab_home","https:\/\/www.youtube.com\/channel\/UCxL0wu1uN0_3_7hGG0306cw"]},{"@type":"Person","@id":"https:\/\/www.bellunopress.it\/#\/schema\/person\/79bb06722b37ece1c03d3e94beb30d73","name":"r\u00e9daction","image":{"@type":"ImageObject","inLanguage":"fr-FR","@id":"https:\/\/secure.gravatar.com\/avatar\/37d968a2e67a6fd04c169c4bdef102d0bc5d31b2546345219e348575eb80e9a0?s=96&d=mm&r=g","url":"https:\/\/secure.gravatar.com\/avatar\/37d968a2e67a6fd04c169c4bdef102d0bc5d31b2546345219e348575eb80e9a0?s=96&d=mm&r=g","contentUrl":"https:\/\/secure.gravatar.com\/avatar\/37d968a2e67a6fd04c169c4bdef102d0bc5d31b2546345219e348575eb80e9a0?s=96&d=mm&r=g","caption":"redazione"},"sameAs":["http:\/\/www.bellunopress.it","https:\/\/x.com\/bellunopress"],"url":"https:\/\/www.bellunopress.it\/fr\/author\/redazione\/"}]}},"_links":{"self":[{"href":"https:\/\/www.bellunopress.it\/fr\/wp-json\/wp\/v2\/posts\/29124","targetHints":{"allow":["GET"]}}],"collection":[{"href":"https:\/\/www.bellunopress.it\/fr\/wp-json\/wp\/v2\/posts"}],"about":[{"href":"https:\/\/www.bellunopress.it\/fr\/wp-json\/wp\/v2\/types\/post"}],"author":[{"embeddable":true,"href":"https:\/\/www.bellunopress.it\/fr\/wp-json\/wp\/v2\/users\/2"}],"replies":[{"embeddable":true,"href":"https:\/\/www.bellunopress.it\/fr\/wp-json\/wp\/v2\/comments?post=29124"}],"version-history":[{"count":1,"href":"https:\/\/www.bellunopress.it\/fr\/wp-json\/wp\/v2\/posts\/29124\/revisions"}],"predecessor-version":[{"id":29125,"href":"https:\/\/www.bellunopress.it\/fr\/wp-json\/wp\/v2\/posts\/29124\/revisions\/29125"}],"wp:attachment":[{"href":"https:\/\/www.bellunopress.it\/fr\/wp-json\/wp\/v2\/media?parent=29124"}],"wp:term":[{"taxonomy":"category","embeddable":true,"href":"https:\/\/www.bellunopress.it\/fr\/wp-json\/wp\/v2\/categories?post=29124"},{"taxonomy":"post_tag","embeddable":true,"href":"https:\/\/www.bellunopress.it\/fr\/wp-json\/wp\/v2\/tags?post=29124"}],"curies":[{"name":"wp","href":"https:\/\/api.w.org\/{rel}","templated":true}]}}