{"id":29121,"date":"2011-07-29T16:33:27","date_gmt":"2011-07-29T15:33:27","guid":{"rendered":"http:\/\/www.bellunopress.it\/?p=29121"},"modified":"2011-07-29T16:33:27","modified_gmt":"2011-07-29T15:33:27","slug":"feltre-altanon-una-palizzata-per-difendere-dalle-immondizie-comitato-quelli-che-laltanon-il-sindaco-non-vuole-rispondere","status":"publish","type":"post","link":"https:\/\/www.bellunopress.it\/fr\/2011\/07\/29\/feltre-altanon-una-palizzata-per-difendere-dalle-immondizie-comitato-quelli-che-laltanon-il-sindaco-non-vuole-rispondere\/","title":{"rendered":"Feltre, Altanon: una palizzata per difendere dalle immondizie? Comitato Quelli che l&#8217;Altanon: &#8220;Il sindaco non vuole rispondere&#8221;!"},"content":{"rendered":"<p><a href=\"http:\/\/www.bellunopress.it\/wp-content\/uploads\/2011\/07\/altanon-palizzata.jpg\"><img loading=\"lazy\" decoding=\"async\" class=\"alignleft size-full wp-image-29073\" title=\"altanon palizzata\" src=\"http:\/\/www.bellunopress.it\/wp-content\/uploads\/2011\/07\/altanon-palizzata.jpg\" alt=\"\" width=\"280\" height=\"210\" \/><\/a>&#8220;Non riusciamo a capire perch\u00e9 il sindaco Vaccari continui ad associare la realizzazione di un impattante progetto edilizio alla pulizia di un&#8217;area comunale che, di per s\u00e9, dovrebbe essere tenuta in condizione decorosa alla pari di qualsiasi altra area pubblica&#8221;. Lo sostiene il Comitato Quelli che l&#8217;Altanon in relazione alla risposta del primo cittadino di Feltre. &#8221;\u00a0\u00c8 evidente che il sindaco, non trovando altre motivazioni per giustificare tale operazione, propina alla citt\u00e0 il progetto Nuovo Altanon come soluzione ad un presunto &#8220;degrado&#8221; che nient&#8217;altro non \u00e8 che l&#8217;incapacit\u00e0 (o forse la mancanza di volont\u00e0) di pulire l&#8217;area senza dover essere costretti a ricorrere ad un privato e all&#8217;installazione palizzata. Ma quest&#8217;ultima servir\u00e0 veramente a prevenire il &#8220;lancio&#8221; di immondizie dal retro dell&#8217;edificio Coop? Ed era proprio necessario mettere in piedi una squadra di operai, con diversi giorni di lavoro e un&#8217;enorme quantitativo di legno finalizzato ad installare la palizzata, per raccogliere l&#8217;immondizia che noi del Comitato avevamo raccolto in due ore di lavoro? Chi pagher\u00e0 la pulizia dell&#8217;area comunale? Sar\u00e0 forse un regalo del privato in cambio del rapido avanzamento legislativo del progetto edilizio?<br \/>\nPerch\u00e9 Vaccari non vuole rispondere seriamente ai cittadini? Perch\u00e9 non spiega il motivo per cui \u00e8 stato permesso di recintare anche l&#8217;area pubblica, di gestione comunale? Sono domande per le quali chiediamo una risposta precisa.<br \/>\nVaccari ha dichiarato che &#8220;ora \u00e8 stata trovata una soluzione definitiva&#8221;, ma quindi il sindaco ha gi\u00e0 deciso che questo \u00e8 e sar\u00e0 sicuramente il progetto definitivo per l&#8217;area Altanon? Dove sono finite le serate pubbliche promesse durante il forum urbanistico? Dov&#8217;\u00e8 il coinvolgimento della citt\u00e0? Sul sito del Comune non c&#8217;\u00e8 traccia n\u00e9 della nuova ipotesi progettuale, n\u00e9 del filmato-spot proiettato durante il forum (la cui promessa di messa in rete per una libera visualizzazione fattaci dal Sindaco Vaccari \u00e8 stata completamente disattesa) e non \u00e8 stato realizzato nessun incontro pubblico per spiegare a tutta la cittadinanza in cosa consiste questo nuovo progetto&#8230; ma nel frattempo l&#8217;amministrazione ha gi\u00e0 avviato l&#8217;iter per giungere all&#8217;approvazione del progetto in tempi rapidi.<br \/>\nVogliamo ricordare al signor sindaco che la possibilit\u00e0 di chiudere un capitolo importante per la citt\u00e0 di Feltre a spr\u00f2n battuto per giungere vincitori in campagna elettorale non deve togliere irresponsabilmente la capacit\u00e0 di analisi ed espressione compartecipata di tutta la citt\u00e0. Ci piacerebbe inoltre sapere se le prese di posizione del Sindaco siano personali o rappresentino l&#8217;indirizzo amministrativo della maggioranza, anche in relazione alla sfiducia al sindaco votata nell&#8217;ultimo Consiglio Comunale&#8221;.<\/p>\n<p>Comitato &#8220;Quelli che l&#8217;Altanon&#8221;<\/p>\n<p>&nbsp;<\/p>","protected":false},"excerpt":{"rendered":"<p>&#8220;Non riusciamo a capire perch\u00e9 il sindaco Vaccari continui ad associare la realizzazione di un impattante progetto edilizio alla pulizia di un&#8217;area comunale che, di per s\u00e9, dovrebbe essere tenuta in condizione decorosa alla pari di qualsiasi altra area pubblica&#8221;. Lo sostiene il Comitato Quelli che l&#8217;Altanon in relazione alla risposta del primo cittadino di [&hellip;]<\/p>\n","protected":false},"author":2,"featured_media":0,"comment_status":"closed","ping_status":"open","sticky":false,"template":"","format":"standard","meta":{"footnotes":""},"categories":[5,1,26],"tags":[],"class_list":["post-29121","post","type-post","status-publish","format-standard","category-cronaca","category-leo","category-prima-pagina"],"yoast_head":"<!-- This site is optimized with the Yoast SEO plugin v28.4 - https:\/\/yoast.com\/product\/yoast-seo-wordpress\/ -->\n<title>Feltre, Altanon: una palizzata per difendere dalle immondizie? Comitato Quelli che l&#039;Altanon: &quot;Il sindaco non vuole rispondere&quot;! - Bellunopress - Dolomiti<\/title>\n<meta name=\"robots\" content=\"index, follow, max-snippet:-1, max-image-preview:large, max-video-preview:-1\" \/>\n<link rel=\"canonical\" href=\"https:\/\/www.bellunopress.it\/fr\/2011\/07\/29\/feltre-altanon-una-palizzata-per-difendere-dalle-immondizie-comitato-quelli-che-laltanon-il-sindaco-non-vuole-rispondere\/\" \/>\n<meta property=\"og:locale\" content=\"fr_FR\" \/>\n<meta property=\"og:type\" content=\"article\" \/>\n<meta property=\"og:title\" content=\"Feltre, Altanon: una palizzata per difendere dalle immondizie? Comitato Quelli che l&#039;Altanon: &quot;Il sindaco non vuole rispondere&quot;! - Bellunopress - Dolomiti\" \/>\n<meta property=\"og:description\" content=\"&#8220;Non riusciamo a capire perch\u00e9 il sindaco Vaccari continui ad associare la realizzazione di un impattante progetto edilizio alla pulizia di un&#8217;area comunale che, di per s\u00e9, dovrebbe essere tenuta in condizione decorosa alla pari di qualsiasi altra area pubblica&#8221;. Lo sostiene il Comitato Quelli che l&#8217;Altanon in relazione alla risposta del primo cittadino di [&hellip;]\" \/>\n<meta property=\"og:url\" content=\"https:\/\/www.bellunopress.it\/fr\/2011\/07\/29\/feltre-altanon-una-palizzata-per-difendere-dalle-immondizie-comitato-quelli-che-laltanon-il-sindaco-non-vuole-rispondere\/\" \/>\n<meta property=\"og:site_name\" content=\"Bellunopress - Dolomiti\" \/>\n<meta property=\"article:publisher\" content=\"https:\/\/www.facebook.com\/profile.php?id=100008943462799\" \/>\n<meta property=\"article:published_time\" content=\"2011-07-29T15:33:27+00:00\" \/>\n<meta property=\"og:image\" content=\"http:\/\/www.bellunopress.it\/wp-content\/uploads\/2011\/07\/altanon-palizzata.jpg\" \/>\n<meta name=\"author\" content=\"redazione\" \/>\n<meta name=\"twitter:card\" content=\"summary_large_image\" \/>\n<meta name=\"twitter:creator\" content=\"@bellunopress\" \/>\n<meta name=\"twitter:site\" content=\"@bellunopress\" \/>\n<meta name=\"twitter:label1\" content=\"\u00c9crit par\" \/>\n\t<meta name=\"twitter:data1\" content=\"redazione\" \/>\n\t<meta name=\"twitter:label2\" content=\"Dur\u00e9e de lecture estim\u00e9e\" \/>\n\t<meta name=\"twitter:data2\" content=\"2 minutes\" \/>\n<script type=\"application\/ld+json\" class=\"yoast-schema-graph\">{\"@context\":\"https:\\\/\\\/schema.org\",\"@graph\":[{\"@type\":\"Article\",\"@id\":\"https:\\\/\\\/www.bellunopress.it\\\/2011\\\/07\\\/29\\\/feltre-altanon-una-palizzata-per-difendere-dalle-immondizie-comitato-quelli-che-laltanon-il-sindaco-non-vuole-rispondere\\\/#article\",\"isPartOf\":{\"@id\":\"https:\\\/\\\/www.bellunopress.it\\\/2011\\\/07\\\/29\\\/feltre-altanon-una-palizzata-per-difendere-dalle-immondizie-comitato-quelli-che-laltanon-il-sindaco-non-vuole-rispondere\\\/\"},\"author\":{\"name\":\"redazione\",\"@id\":\"https:\\\/\\\/www.bellunopress.it\\\/#\\\/schema\\\/person\\\/79bb06722b37ece1c03d3e94beb30d73\"},\"headline\":\"Feltre, Altanon: una palizzata per difendere dalle immondizie? Comitato Quelli che l&#8217;Altanon: &#8220;Il sindaco non vuole rispondere&#8221;!\",\"datePublished\":\"2011-07-29T15:33:27+00:00\",\"mainEntityOfPage\":{\"@id\":\"https:\\\/\\\/www.bellunopress.it\\\/2011\\\/07\\\/29\\\/feltre-altanon-una-palizzata-per-difendere-dalle-immondizie-comitato-quelli-che-laltanon-il-sindaco-non-vuole-rispondere\\\/\"},\"wordCount\":447,\"publisher\":{\"@id\":\"https:\\\/\\\/www.bellunopress.it\\\/#organization\"},\"image\":{\"@id\":\"https:\\\/\\\/www.bellunopress.it\\\/2011\\\/07\\\/29\\\/feltre-altanon-una-palizzata-per-difendere-dalle-immondizie-comitato-quelli-che-laltanon-il-sindaco-non-vuole-rispondere\\\/#primaryimage\"},\"thumbnailUrl\":\"http:\\\/\\\/www.bellunopress.it\\\/wp-content\\\/uploads\\\/2011\\\/07\\\/altanon-palizzata.jpg\",\"articleSection\":[\"Cronaca\\\/Politica\",\"Lettere Opinioni\",\"Prima Pagina\"],\"inLanguage\":\"fr-FR\"},{\"@type\":\"WebPage\",\"@id\":\"https:\\\/\\\/www.bellunopress.it\\\/2011\\\/07\\\/29\\\/feltre-altanon-una-palizzata-per-difendere-dalle-immondizie-comitato-quelli-che-laltanon-il-sindaco-non-vuole-rispondere\\\/\",\"url\":\"https:\\\/\\\/www.bellunopress.it\\\/2011\\\/07\\\/29\\\/feltre-altanon-una-palizzata-per-difendere-dalle-immondizie-comitato-quelli-che-laltanon-il-sindaco-non-vuole-rispondere\\\/\",\"name\":\"Feltre, Altanon: una palizzata per difendere dalle immondizie? Comitato Quelli che l'Altanon: \\\"Il sindaco non vuole rispondere\\\"! - Bellunopress - Dolomiti\",\"isPartOf\":{\"@id\":\"https:\\\/\\\/www.bellunopress.it\\\/#website\"},\"primaryImageOfPage\":{\"@id\":\"https:\\\/\\\/www.bellunopress.it\\\/2011\\\/07\\\/29\\\/feltre-altanon-una-palizzata-per-difendere-dalle-immondizie-comitato-quelli-che-laltanon-il-sindaco-non-vuole-rispondere\\\/#primaryimage\"},\"image\":{\"@id\":\"https:\\\/\\\/www.bellunopress.it\\\/2011\\\/07\\\/29\\\/feltre-altanon-una-palizzata-per-difendere-dalle-immondizie-comitato-quelli-che-laltanon-il-sindaco-non-vuole-rispondere\\\/#primaryimage\"},\"thumbnailUrl\":\"http:\\\/\\\/www.bellunopress.it\\\/wp-content\\\/uploads\\\/2011\\\/07\\\/altanon-palizzata.jpg\",\"datePublished\":\"2011-07-29T15:33:27+00:00\",\"breadcrumb\":{\"@id\":\"https:\\\/\\\/www.bellunopress.it\\\/2011\\\/07\\\/29\\\/feltre-altanon-una-palizzata-per-difendere-dalle-immondizie-comitato-quelli-che-laltanon-il-sindaco-non-vuole-rispondere\\\/#breadcrumb\"},\"inLanguage\":\"fr-FR\",\"potentialAction\":[{\"@type\":\"ReadAction\",\"target\":[\"https:\\\/\\\/www.bellunopress.it\\\/2011\\\/07\\\/29\\\/feltre-altanon-una-palizzata-per-difendere-dalle-immondizie-comitato-quelli-che-laltanon-il-sindaco-non-vuole-rispondere\\\/\"]}]},{\"@type\":\"ImageObject\",\"inLanguage\":\"fr-FR\",\"@id\":\"https:\\\/\\\/www.bellunopress.it\\\/2011\\\/07\\\/29\\\/feltre-altanon-una-palizzata-per-difendere-dalle-immondizie-comitato-quelli-che-laltanon-il-sindaco-non-vuole-rispondere\\\/#primaryimage\",\"url\":\"http:\\\/\\\/www.bellunopress.it\\\/wp-content\\\/uploads\\\/2011\\\/07\\\/altanon-palizzata.jpg\",\"contentUrl\":\"http:\\\/\\\/www.bellunopress.it\\\/wp-content\\\/uploads\\\/2011\\\/07\\\/altanon-palizzata.jpg\"},{\"@type\":\"BreadcrumbList\",\"@id\":\"https:\\\/\\\/www.bellunopress.it\\\/2011\\\/07\\\/29\\\/feltre-altanon-una-palizzata-per-difendere-dalle-immondizie-comitato-quelli-che-laltanon-il-sindaco-non-vuole-rispondere\\\/#breadcrumb\",\"itemListElement\":[{\"@type\":\"ListItem\",\"position\":1,\"name\":\"Home\",\"item\":\"https:\\\/\\\/www.bellunopress.it\\\/\"},{\"@type\":\"ListItem\",\"position\":2,\"name\":\"Feltre, Altanon: una palizzata per difendere dalle immondizie? Comitato Quelli che l&#8217;Altanon: &#8220;Il sindaco non vuole rispondere&#8221;!\"}]},{\"@type\":\"WebSite\",\"@id\":\"https:\\\/\\\/www.bellunopress.it\\\/#website\",\"url\":\"https:\\\/\\\/www.bellunopress.it\\\/\",\"name\":\"Bellunopress - Dolomiti\",\"description\":\"e-mail: redazione@bellunopress.it\",\"publisher\":{\"@id\":\"https:\\\/\\\/www.bellunopress.it\\\/#organization\"},\"potentialAction\":[{\"@type\":\"SearchAction\",\"target\":{\"@type\":\"EntryPoint\",\"urlTemplate\":\"https:\\\/\\\/www.bellunopress.it\\\/?s={search_term_string}\"},\"query-input\":{\"@type\":\"PropertyValueSpecification\",\"valueRequired\":true,\"valueName\":\"search_term_string\"}}],\"inLanguage\":\"fr-FR\"},{\"@type\":\"Organization\",\"@id\":\"https:\\\/\\\/www.bellunopress.it\\\/#organization\",\"name\":\"Bellunopress\",\"url\":\"https:\\\/\\\/www.bellunopress.it\\\/\",\"logo\":{\"@type\":\"ImageObject\",\"inLanguage\":\"fr-FR\",\"@id\":\"https:\\\/\\\/www.bellunopress.it\\\/#\\\/schema\\\/logo\\\/image\\\/\",\"url\":\"https:\\\/\\\/www.bellunopress.it\\\/wp-content\\\/uploads\\\/2011\\\/05\\\/cropped-logo-bellunopress-.jpg\",\"contentUrl\":\"https:\\\/\\\/www.bellunopress.it\\\/wp-content\\\/uploads\\\/2011\\\/05\\\/cropped-logo-bellunopress-.jpg\",\"width\":512,\"height\":512,\"caption\":\"Bellunopress\"},\"image\":{\"@id\":\"https:\\\/\\\/www.bellunopress.it\\\/#\\\/schema\\\/logo\\\/image\\\/\"},\"sameAs\":[\"https:\\\/\\\/www.facebook.com\\\/profile.php?id=100008943462799\",\"https:\\\/\\\/x.com\\\/bellunopress\",\"https:\\\/\\\/www.linkedin.com\\\/hp\\\/?dnr=JBzUWaJfMUw8vbXJJ2tVW5-I3jZKvC4wsoxE&amp;amp;amp;amp;amp;amp;trk=nav_responsive_tab_home\",\"https:\\\/\\\/www.youtube.com\\\/channel\\\/UCxL0wu1uN0_3_7hGG0306cw\"]},{\"@type\":\"Person\",\"@id\":\"https:\\\/\\\/www.bellunopress.it\\\/#\\\/schema\\\/person\\\/79bb06722b37ece1c03d3e94beb30d73\",\"name\":\"redazione\",\"image\":{\"@type\":\"ImageObject\",\"inLanguage\":\"fr-FR\",\"@id\":\"https:\\\/\\\/secure.gravatar.com\\\/avatar\\\/37d968a2e67a6fd04c169c4bdef102d0bc5d31b2546345219e348575eb80e9a0?s=96&d=mm&r=g\",\"url\":\"https:\\\/\\\/secure.gravatar.com\\\/avatar\\\/37d968a2e67a6fd04c169c4bdef102d0bc5d31b2546345219e348575eb80e9a0?s=96&d=mm&r=g\",\"contentUrl\":\"https:\\\/\\\/secure.gravatar.com\\\/avatar\\\/37d968a2e67a6fd04c169c4bdef102d0bc5d31b2546345219e348575eb80e9a0?s=96&d=mm&r=g\",\"caption\":\"redazione\"},\"sameAs\":[\"http:\\\/\\\/www.bellunopress.it\",\"https:\\\/\\\/x.com\\\/bellunopress\"],\"url\":\"https:\\\/\\\/www.bellunopress.it\\\/fr\\\/author\\\/redazione\\\/\"}]}<\/script>\n<!-- \/ Yoast SEO plugin. -->","yoast_head_json":{"title":"Feltre, Altanon: una palizzata per difendere dalle immondizie? Comitato Quelli che l'Altanon: \"Il sindaco non vuole rispondere\"! - Bellunopress - Dolomiti","robots":{"index":"index","follow":"follow","max-snippet":"max-snippet:-1","max-image-preview":"max-image-preview:large","max-video-preview":"max-video-preview:-1"},"canonical":"https:\/\/www.bellunopress.it\/fr\/2011\/07\/29\/feltre-altanon-una-palizzata-per-difendere-dalle-immondizie-comitato-quelli-che-laltanon-il-sindaco-non-vuole-rispondere\/","og_locale":"fr_FR","og_type":"article","og_title":"Feltre, Altanon: una palizzata per difendere dalle immondizie? Comitato Quelli che l'Altanon: \"Il sindaco non vuole rispondere\"! - Bellunopress - Dolomiti","og_description":"&#8220;Non riusciamo a capire perch\u00e9 il sindaco Vaccari continui ad associare la realizzazione di un impattante progetto edilizio alla pulizia di un&#8217;area comunale che, di per s\u00e9, dovrebbe essere tenuta in condizione decorosa alla pari di qualsiasi altra area pubblica&#8221;. Lo sostiene il Comitato Quelli che l&#8217;Altanon in relazione alla risposta del primo cittadino di [&hellip;]","og_url":"https:\/\/www.bellunopress.it\/fr\/2011\/07\/29\/feltre-altanon-una-palizzata-per-difendere-dalle-immondizie-comitato-quelli-che-laltanon-il-sindaco-non-vuole-rispondere\/","og_site_name":"Bellunopress - Dolomiti","article_publisher":"https:\/\/www.facebook.com\/profile.php?id=100008943462799","article_published_time":"2011-07-29T15:33:27+00:00","og_image":[{"url":"http:\/\/www.bellunopress.it\/wp-content\/uploads\/2011\/07\/altanon-palizzata.jpg","type":"","width":"","height":""}],"author":"redazione","twitter_card":"summary_large_image","twitter_creator":"@bellunopress","twitter_site":"@bellunopress","twitter_misc":{"\u00c9crit par":"redazione","Dur\u00e9e de lecture estim\u00e9e":"2 minutes"},"schema":{"@context":"https:\/\/schema.org","@graph":[{"@type":"Article","@id":"https:\/\/www.bellunopress.it\/2011\/07\/29\/feltre-altanon-una-palizzata-per-difendere-dalle-immondizie-comitato-quelli-che-laltanon-il-sindaco-non-vuole-rispondere\/#article","isPartOf":{"@id":"https:\/\/www.bellunopress.it\/2011\/07\/29\/feltre-altanon-una-palizzata-per-difendere-dalle-immondizie-comitato-quelli-che-laltanon-il-sindaco-non-vuole-rispondere\/"},"author":{"name":"redazione","@id":"https:\/\/www.bellunopress.it\/#\/schema\/person\/79bb06722b37ece1c03d3e94beb30d73"},"headline":"Feltre, Altanon: una palizzata per difendere dalle immondizie? Comitato Quelli che l&#8217;Altanon: &#8220;Il sindaco non vuole rispondere&#8221;!","datePublished":"2011-07-29T15:33:27+00:00","mainEntityOfPage":{"@id":"https:\/\/www.bellunopress.it\/2011\/07\/29\/feltre-altanon-una-palizzata-per-difendere-dalle-immondizie-comitato-quelli-che-laltanon-il-sindaco-non-vuole-rispondere\/"},"wordCount":447,"publisher":{"@id":"https:\/\/www.bellunopress.it\/#organization"},"image":{"@id":"https:\/\/www.bellunopress.it\/2011\/07\/29\/feltre-altanon-una-palizzata-per-difendere-dalle-immondizie-comitato-quelli-che-laltanon-il-sindaco-non-vuole-rispondere\/#primaryimage"},"thumbnailUrl":"http:\/\/www.bellunopress.it\/wp-content\/uploads\/2011\/07\/altanon-palizzata.jpg","articleSection":["Cronaca\/Politica","Lettere Opinioni","Prima Pagina"],"inLanguage":"fr-FR"},{"@type":"WebPage","@id":"https:\/\/www.bellunopress.it\/2011\/07\/29\/feltre-altanon-una-palizzata-per-difendere-dalle-immondizie-comitato-quelli-che-laltanon-il-sindaco-non-vuole-rispondere\/","url":"https:\/\/www.bellunopress.it\/2011\/07\/29\/feltre-altanon-una-palizzata-per-difendere-dalle-immondizie-comitato-quelli-che-laltanon-il-sindaco-non-vuole-rispondere\/","name":"Feltre, Altanon: una palizzata per difendere dalle immondizie? Comitato Quelli che l'Altanon: \"Il sindaco non vuole rispondere\"! - Bellunopress - Dolomiti","isPartOf":{"@id":"https:\/\/www.bellunopress.it\/#website"},"primaryImageOfPage":{"@id":"https:\/\/www.bellunopress.it\/2011\/07\/29\/feltre-altanon-una-palizzata-per-difendere-dalle-immondizie-comitato-quelli-che-laltanon-il-sindaco-non-vuole-rispondere\/#primaryimage"},"image":{"@id":"https:\/\/www.bellunopress.it\/2011\/07\/29\/feltre-altanon-una-palizzata-per-difendere-dalle-immondizie-comitato-quelli-che-laltanon-il-sindaco-non-vuole-rispondere\/#primaryimage"},"thumbnailUrl":"http:\/\/www.bellunopress.it\/wp-content\/uploads\/2011\/07\/altanon-palizzata.jpg","datePublished":"2011-07-29T15:33:27+00:00","breadcrumb":{"@id":"https:\/\/www.bellunopress.it\/2011\/07\/29\/feltre-altanon-una-palizzata-per-difendere-dalle-immondizie-comitato-quelli-che-laltanon-il-sindaco-non-vuole-rispondere\/#breadcrumb"},"inLanguage":"fr-FR","potentialAction":[{"@type":"ReadAction","target":["https:\/\/www.bellunopress.it\/2011\/07\/29\/feltre-altanon-una-palizzata-per-difendere-dalle-immondizie-comitato-quelli-che-laltanon-il-sindaco-non-vuole-rispondere\/"]}]},{"@type":"ImageObject","inLanguage":"fr-FR","@id":"https:\/\/www.bellunopress.it\/2011\/07\/29\/feltre-altanon-una-palizzata-per-difendere-dalle-immondizie-comitato-quelli-che-laltanon-il-sindaco-non-vuole-rispondere\/#primaryimage","url":"http:\/\/www.bellunopress.it\/wp-content\/uploads\/2011\/07\/altanon-palizzata.jpg","contentUrl":"http:\/\/www.bellunopress.it\/wp-content\/uploads\/2011\/07\/altanon-palizzata.jpg"},{"@type":"BreadcrumbList","@id":"https:\/\/www.bellunopress.it\/2011\/07\/29\/feltre-altanon-una-palizzata-per-difendere-dalle-immondizie-comitato-quelli-che-laltanon-il-sindaco-non-vuole-rispondere\/#breadcrumb","itemListElement":[{"@type":"ListItem","position":1,"name":"Home","item":"https:\/\/www.bellunopress.it\/"},{"@type":"ListItem","position":2,"name":"Feltre, Altanon: una palizzata per difendere dalle immondizie? Comitato Quelli che l&#8217;Altanon: &#8220;Il sindaco non vuole rispondere&#8221;!"}]},{"@type":"WebSite","@id":"https:\/\/www.bellunopress.it\/#website","url":"https:\/\/www.bellunopress.it\/","name":"Bellunopress - Dolomiti","description":"e-mail: redazione@bellunopress.it","publisher":{"@id":"https:\/\/www.bellunopress.it\/#organization"},"potentialAction":[{"@type":"SearchAction","target":{"@type":"EntryPoint","urlTemplate":"https:\/\/www.bellunopress.it\/?s={search_term_string}"},"query-input":{"@type":"PropertyValueSpecification","valueRequired":true,"valueName":"search_term_string"}}],"inLanguage":"fr-FR"},{"@type":"Organization","@id":"https:\/\/www.bellunopress.it\/#organization","name":"Bellunopress","url":"https:\/\/www.bellunopress.it\/","logo":{"@type":"ImageObject","inLanguage":"fr-FR","@id":"https:\/\/www.bellunopress.it\/#\/schema\/logo\/image\/","url":"https:\/\/www.bellunopress.it\/wp-content\/uploads\/2011\/05\/cropped-logo-bellunopress-.jpg","contentUrl":"https:\/\/www.bellunopress.it\/wp-content\/uploads\/2011\/05\/cropped-logo-bellunopress-.jpg","width":512,"height":512,"caption":"Bellunopress"},"image":{"@id":"https:\/\/www.bellunopress.it\/#\/schema\/logo\/image\/"},"sameAs":["https:\/\/www.facebook.com\/profile.php?id=100008943462799","https:\/\/x.com\/bellunopress","https:\/\/www.linkedin.com\/hp\/?dnr=JBzUWaJfMUw8vbXJJ2tVW5-I3jZKvC4wsoxE&amp;amp;amp;amp;amp;amp;trk=nav_responsive_tab_home","https:\/\/www.youtube.com\/channel\/UCxL0wu1uN0_3_7hGG0306cw"]},{"@type":"Person","@id":"https:\/\/www.bellunopress.it\/#\/schema\/person\/79bb06722b37ece1c03d3e94beb30d73","name":"r\u00e9daction","image":{"@type":"ImageObject","inLanguage":"fr-FR","@id":"https:\/\/secure.gravatar.com\/avatar\/37d968a2e67a6fd04c169c4bdef102d0bc5d31b2546345219e348575eb80e9a0?s=96&d=mm&r=g","url":"https:\/\/secure.gravatar.com\/avatar\/37d968a2e67a6fd04c169c4bdef102d0bc5d31b2546345219e348575eb80e9a0?s=96&d=mm&r=g","contentUrl":"https:\/\/secure.gravatar.com\/avatar\/37d968a2e67a6fd04c169c4bdef102d0bc5d31b2546345219e348575eb80e9a0?s=96&d=mm&r=g","caption":"redazione"},"sameAs":["http:\/\/www.bellunopress.it","https:\/\/x.com\/bellunopress"],"url":"https:\/\/www.bellunopress.it\/fr\/author\/redazione\/"}]}},"_links":{"self":[{"href":"https:\/\/www.bellunopress.it\/fr\/wp-json\/wp\/v2\/posts\/29121","targetHints":{"allow":["GET"]}}],"collection":[{"href":"https:\/\/www.bellunopress.it\/fr\/wp-json\/wp\/v2\/posts"}],"about":[{"href":"https:\/\/www.bellunopress.it\/fr\/wp-json\/wp\/v2\/types\/post"}],"author":[{"embeddable":true,"href":"https:\/\/www.bellunopress.it\/fr\/wp-json\/wp\/v2\/users\/2"}],"replies":[{"embeddable":true,"href":"https:\/\/www.bellunopress.it\/fr\/wp-json\/wp\/v2\/comments?post=29121"}],"version-history":[{"count":2,"href":"https:\/\/www.bellunopress.it\/fr\/wp-json\/wp\/v2\/posts\/29121\/revisions"}],"predecessor-version":[{"id":29123,"href":"https:\/\/www.bellunopress.it\/fr\/wp-json\/wp\/v2\/posts\/29121\/revisions\/29123"}],"wp:attachment":[{"href":"https:\/\/www.bellunopress.it\/fr\/wp-json\/wp\/v2\/media?parent=29121"}],"wp:term":[{"taxonomy":"category","embeddable":true,"href":"https:\/\/www.bellunopress.it\/fr\/wp-json\/wp\/v2\/categories?post=29121"},{"taxonomy":"post_tag","embeddable":true,"href":"https:\/\/www.bellunopress.it\/fr\/wp-json\/wp\/v2\/tags?post=29121"}],"curies":[{"name":"wp","href":"https:\/\/api.w.org\/{rel}","templated":true}]}}