{"id":29119,"date":"2011-07-29T16:09:55","date_gmt":"2011-07-29T15:09:55","guid":{"rendered":"http:\/\/www.bellunopress.it\/?p=29119"},"modified":"2011-07-29T16:09:55","modified_gmt":"2011-07-29T15:09:55","slug":"uno-non-basta-la-giunta-prade-vuole-con-urgenza-un-secondo-direttore-alla-ser-sa-jacopo-massaro-%e2%80%9c-e-davvero-vergognoso-che-la-giunta-prade-utilizzi-una-societa-compartecipata-per-risolv","status":"publish","type":"post","link":"https:\/\/www.bellunopress.it\/fr\/2011\/07\/29\/uno-non-basta-la-giunta-prade-vuole-con-urgenza-un-secondo-direttore-alla-ser-sa-jacopo-massaro-%e2%80%9c-e-davvero-vergognoso-che-la-giunta-prade-utilizzi-una-societa-compartecipata-per-risolv\/","title":{"rendered":"Uno non basta. La giunta Prade vuole con urgenza un secondo direttore alla Ser.Sa. Jacopo Massaro: \u201c   E&#8217; davvero vergognoso che la Giunta Prade utilizzi una societ\u00e0 compartecipata per risolvere ancora una volta questioni interne ad un partito\u201d"},"content":{"rendered":"<p>&nbsp;<\/p>\n<figure id=\"attachment_1403\" aria-describedby=\"caption-attachment-1403\" style=\"width: 240px\" class=\"wp-caption alignleft\"><a href=\"http:\/\/www.bellunopress.it\/wp-content\/uploads\/2009\/03\/casa-di-riposo-maria-gaggia-lante-belluno-240x180.jpg\"><img loading=\"lazy\" decoding=\"async\" class=\"size-full wp-image-1403\" title=\"casa-di-riposo-maria-gaggia-lante-belluno-240x180\" src=\"http:\/\/www.bellunopress.it\/wp-content\/uploads\/2009\/03\/casa-di-riposo-maria-gaggia-lante-belluno-240x180.jpg\" alt=\"\" width=\"240\" height=\"180\" \/><\/a><figcaption id=\"caption-attachment-1403\" class=\"wp-caption-text\">Casa di Riposo Belluno<\/figcaption><\/figure>\n<p>Le sciagure sulle societ\u00e0 partecipate del Comune di Belluno sembrano non avere pi\u00f9 fine. Dopo i problemi di Nis, all&#8217;orizzonte s&#8217;intravede una nuova bomba pronta ad esplodere: si tratta della delibera n.106, approvata dalla Giunta Prade il 12 luglio scorso, con oggetto &#8220;direttiva per l&#8217;efficienza degli interventi a favore di Ser.Sa. spa&#8221; (la societ\u00e0 pubblica del Comune di Belluno e della Ulss n.1 che gestisce la Casa di riposo di Cavarzano), ma con la quale in verit\u00e0 si stabilisce di sdoppiare la Direzione generale della societ\u00e0 compartecipata creando un nuovo posto da direttore ed assegnandovi un attuale funzionario comunale, gi\u00e0 indicato nella delibera nella persona del dottor Paolo Vignola, al quale verr\u00e0 corrisposto un compenso aggiuntivo legato all&#8217;incarico. Insomma, oltre ad aver aumentato di recente le rette degli ospiti, ora si spende per creare un secondo direttore. Stessa struttura con due direttori. E allora \u00e8 d&#8217;obbligo un interrogativo.<br \/>\nPremesso che la Ser.Sa in questi anni ha funzionato egregiamente sotto la guida di un solo direttore (la dottoressa Maria Chiara Santin), perch\u00e9 mai proprio ora, una giunta che sta perdendo i pezzi (dimissioni di Michele Carbogno e dimissioni annunciate della Maria Grazia Passuello) vuole un altro direttore alla Ser.Sa? Stupisce anche l&#8217;urgenza ingiustificata del provvedimento, pari solo a quella \u201csomma urgenza\u201d con la quale questa stessa giunta affid\u00f2 i lavori della piscina senza gara d&#8217;appalto!<br \/>\nNon possiamo certamente dimenticare che, oltre alla mancanza di numero legale che all&#8217;ultima seduta ha fatto saltare il consiglio comunale, nel recente passato all&#8217;interno della maggioranza c&#8217;erano stati alcuni consiglieri comunali, i cosiddetti \u201cdissidenti\u201d, che avevano tenuto sotto scacco la giunta Prade. E non possiamo nemmeno tralasciare, per dovere di cronaca, che tra questi consiglieri dissidenti c&#8217;\u00e8 anche un dipendente della Ser.Sa. i cui rapporti con il suo datore di lavoro, pare non siano proprio idilliaci.<br \/>\nE se facciamo un passo indietro nel tempo, non possiamo altres\u00ec dimenticare che nel consiglio di amministrazione, quindi con compenso dalla Ser.Sa, Prade volle inserire, quello che venne definito dalle opposizioni il suo \u201csecondo portavoce\u201d Vescarelli.<br \/>\nLa Ser.Sa. insomma, appare come una sorta di \u201cammortizzatore politico\u201d pronto ad attutire i guai del Pdl.<br \/>\nQuesta delibera, nascosta sotto la denominazione \u201cdirettiva per l&#8217;efficienza degli interventi a favore di Ser.Sa spa\u201d, oltre ad aggravare i costi della societ\u00e0 per un nuovo dirigente, potrebbe suonare come un unilaterale &#8220;commissariamento&#8221; in barba ai patti parasociali con l&#8217;altro socio, ossia la Ulss n.1 di Belluno, che invece prevedono che la direzione generale venga scelta di comune accordo.<\/p>\n<figure id=\"attachment_17467\" aria-describedby=\"caption-attachment-17467\" style=\"width: 218px\" class=\"wp-caption alignleft\"><a href=\"http:\/\/www.bellunopress.it\/wp-content\/uploads\/2010\/07\/jacopo-massaro-290x218.jpg\"><img loading=\"lazy\" decoding=\"async\" class=\"size-full wp-image-17467\" title=\"jacopo-massaro-290x218\" src=\"http:\/\/www.bellunopress.it\/wp-content\/uploads\/2010\/07\/jacopo-massaro-290x218.jpg\" alt=\"\" width=\"218\" height=\"290\" \/><\/a><figcaption id=\"caption-attachment-17467\" class=\"wp-caption-text\">Jacopo Massaro<\/figcaption><\/figure>\n<p>&lt;&lt;Se fossimo stati informati di questa proposta &#8211; spiega il capogruppo del Pd\u00a0 in consiglio comunale di Belluno Jacopo Massaro &#8211; avremmo immediatamente richiesto un incontro coi vertici Ulss in una seduta congiunta della 1^ e della 3^ Commissione, per avere chiarezza sulle posizioni in campo. Perch\u00e9 diversamente si rischia di minare i rapporti con l&#8217;altro socio che per noi, e per i cittadini che usufruiscono dei servizi, \u00e8 fondamentale&gt;&gt;.<br \/>\nLa delibera fa seguito alle annose fratture interna alla maggioranza, divisa tra chi vede con favore la prosecuzione della positiva esperienza di Sersa e chi, invece, ha letteralmente dichiarato guerra alla direzione generale e al modello gestionale.<br \/>\n&lt;&lt;E&#8217; davvero vergognoso che la Giunta Prade utilizzi una societ\u00e0 compartecipata per risolvere ancora una volta questioni interne ad un Partito &#8211;\u00a0 commenta lapidario Massaro &#8211;\u00a0 Anzich\u00e9 occuparsi di affari di Partito, la Giunta dovrebbe preoccuparsi delle priorit\u00e0 assolute di Ser.Sa, come l&#8217;urgenza di trasformare la sperimentazione gestionale in una realt\u00e0 definitiva&gt;&gt;.<br \/>\nSu tale argomento nel corso del tempo si sono susseguite numerose interrogazioni dell&#8217;opposizione, ma il Comune pare tergiversare.<br \/>\n&lt;&lt;Superare la sperimentazione &#8211; spiega Massaro &#8211; significa poter guardare avanti aprendo il modello gestionale ad altre realt\u00e0, magari creando economie di scala; ma soprattutto darebbe la possibilit\u00e0 di avviare un confronto con la Regione per arrivare ad un allentamento dei vincoli di spesa sul personale, che oggi strangolano la societ\u00e0 ed hanno costretto ad assumere provvedimenti difficili e non sempre popolari per garantire i servizi&gt;&gt;.<br \/>\n&lt;&lt;Certo &#8211; commenta il capogruppo del Pd Massaro &#8211;\u00a0 per aprire questo confronto ci vorrebbero volont\u00e0 di affrontare i problemi, idee chiare ed autorevolezza; tutti elementi che oggi sembrano non esserci&gt;&gt;.<br \/>\nL&#8217;opposizione sta predisponendo una mozione per sollevare portare la maggioranza a discutere pubblicamente di Sersa.<\/p>\n<p>&nbsp;<\/p>\n<p>&nbsp;<\/p>\n<p>&nbsp;<\/p>","protected":false},"excerpt":{"rendered":"<p>&nbsp; Le sciagure sulle societ\u00e0 partecipate del Comune di Belluno sembrano non avere pi\u00f9 fine. Dopo i problemi di Nis, all&#8217;orizzonte s&#8217;intravede una nuova bomba pronta ad esplodere: si tratta della delibera n.106, approvata dalla Giunta Prade il 12 luglio scorso, con oggetto &#8220;direttiva per l&#8217;efficienza degli interventi a favore di Ser.Sa. spa&#8221; (la societ\u00e0 [&hellip;]<\/p>\n","protected":false},"author":2,"featured_media":0,"comment_status":"closed","ping_status":"open","sticky":false,"template":"","format":"standard","meta":{"footnotes":""},"categories":[5],"tags":[2357],"class_list":["post-29119","post","type-post","status-publish","format-standard","category-cronaca","tag-ser-sa-spa"],"yoast_head":"<!-- This site is optimized with the Yoast SEO plugin v28.4 - https:\/\/yoast.com\/product\/yoast-seo-wordpress\/ -->\n<title>Uno non basta. La giunta Prade vuole con urgenza un secondo direttore alla Ser.Sa. Jacopo Massaro: \u201c  E&#039; davvero vergognoso che la Giunta Prade utilizzi una societ\u00e0 compartecipata per risolvere ancora una volta questioni interne ad un partito\u201d - Bellunopress - Dolomiti<\/title>\n<meta name=\"robots\" content=\"index, follow, max-snippet:-1, max-image-preview:large, max-video-preview:-1\" \/>\n<link rel=\"canonical\" href=\"https:\/\/www.bellunopress.it\/fr\/2011\/07\/29\/uno-non-basta-la-giunta-prade-vuole-con-urgenza-un-secondo-direttore-alla-ser-sa-jacopo-massaro-\u201c-e-davvero-vergognoso-che-la-giunta-prade-utilizzi-una-societa-compartecipata-per-risolv\/\" \/>\n<meta property=\"og:locale\" content=\"fr_FR\" \/>\n<meta property=\"og:type\" content=\"article\" \/>\n<meta property=\"og:title\" content=\"Uno non basta. La giunta Prade vuole con urgenza un secondo direttore alla Ser.Sa. Jacopo Massaro: \u201c  E&#039; davvero vergognoso che la Giunta Prade utilizzi una societ\u00e0 compartecipata per risolvere ancora una volta questioni interne ad un partito\u201d - Bellunopress - Dolomiti\" \/>\n<meta property=\"og:description\" content=\"&nbsp; Le sciagure sulle societ\u00e0 partecipate del Comune di Belluno sembrano non avere pi\u00f9 fine. Dopo i problemi di Nis, all&#8217;orizzonte s&#8217;intravede una nuova bomba pronta ad esplodere: si tratta della delibera n.106, approvata dalla Giunta Prade il 12 luglio scorso, con oggetto &#8220;direttiva per l&#8217;efficienza degli interventi a favore di Ser.Sa. spa&#8221; (la societ\u00e0 [&hellip;]\" \/>\n<meta property=\"og:url\" content=\"https:\/\/www.bellunopress.it\/fr\/2011\/07\/29\/uno-non-basta-la-giunta-prade-vuole-con-urgenza-un-secondo-direttore-alla-ser-sa-jacopo-massaro-\u201c-e-davvero-vergognoso-che-la-giunta-prade-utilizzi-una-societa-compartecipata-per-risolv\/\" \/>\n<meta property=\"og:site_name\" content=\"Bellunopress - Dolomiti\" \/>\n<meta property=\"article:publisher\" content=\"https:\/\/www.facebook.com\/profile.php?id=100008943462799\" \/>\n<meta property=\"article:published_time\" content=\"2011-07-29T15:09:55+00:00\" \/>\n<meta property=\"og:image\" content=\"http:\/\/www.bellunopress.it\/wp-content\/uploads\/2009\/03\/casa-di-riposo-maria-gaggia-lante-belluno-240x180.jpg\" \/>\n<meta name=\"author\" content=\"redazione\" \/>\n<meta name=\"twitter:card\" content=\"summary_large_image\" \/>\n<meta name=\"twitter:creator\" content=\"@bellunopress\" \/>\n<meta name=\"twitter:site\" content=\"@bellunopress\" \/>\n<meta name=\"twitter:label1\" content=\"Written by\" \/>\n\t<meta name=\"twitter:data1\" content=\"redazione\" \/>\n\t<meta name=\"twitter:label2\" content=\"Est. reading time\" \/>\n\t<meta name=\"twitter:data2\" content=\"4 minutes\" \/>\n<script type=\"application\/ld+json\" class=\"yoast-schema-graph\">{\"@context\":\"https:\\\/\\\/schema.org\",\"@graph\":[{\"@type\":\"Article\",\"@id\":\"https:\\\/\\\/www.bellunopress.it\\\/2011\\\/07\\\/29\\\/uno-non-basta-la-giunta-prade-vuole-con-urgenza-un-secondo-direttore-alla-ser-sa-jacopo-massaro-%e2%80%9c-e-davvero-vergognoso-che-la-giunta-prade-utilizzi-una-societa-compartecipata-per-risolv\\\/#article\",\"isPartOf\":{\"@id\":\"https:\\\/\\\/www.bellunopress.it\\\/2011\\\/07\\\/29\\\/uno-non-basta-la-giunta-prade-vuole-con-urgenza-un-secondo-direttore-alla-ser-sa-jacopo-massaro-%e2%80%9c-e-davvero-vergognoso-che-la-giunta-prade-utilizzi-una-societa-compartecipata-per-risolv\\\/\"},\"author\":{\"name\":\"redazione\",\"@id\":\"https:\\\/\\\/www.bellunopress.it\\\/#\\\/schema\\\/person\\\/79bb06722b37ece1c03d3e94beb30d73\"},\"headline\":\"Uno non basta. La giunta Prade vuole con urgenza un secondo direttore alla Ser.Sa. Jacopo Massaro: \u201c E&#8217; davvero vergognoso che la Giunta Prade utilizzi una societ\u00e0 compartecipata per risolvere ancora una volta questioni interne ad un partito\u201d\",\"datePublished\":\"2011-07-29T15:09:55+00:00\",\"mainEntityOfPage\":{\"@id\":\"https:\\\/\\\/www.bellunopress.it\\\/2011\\\/07\\\/29\\\/uno-non-basta-la-giunta-prade-vuole-con-urgenza-un-secondo-direttore-alla-ser-sa-jacopo-massaro-%e2%80%9c-e-davvero-vergognoso-che-la-giunta-prade-utilizzi-una-societa-compartecipata-per-risolv\\\/\"},\"wordCount\":800,\"publisher\":{\"@id\":\"https:\\\/\\\/www.bellunopress.it\\\/#organization\"},\"image\":{\"@id\":\"https:\\\/\\\/www.bellunopress.it\\\/2011\\\/07\\\/29\\\/uno-non-basta-la-giunta-prade-vuole-con-urgenza-un-secondo-direttore-alla-ser-sa-jacopo-massaro-%e2%80%9c-e-davvero-vergognoso-che-la-giunta-prade-utilizzi-una-societa-compartecipata-per-risolv\\\/#primaryimage\"},\"thumbnailUrl\":\"http:\\\/\\\/www.bellunopress.it\\\/wp-content\\\/uploads\\\/2009\\\/03\\\/casa-di-riposo-maria-gaggia-lante-belluno-240x180.jpg\",\"keywords\":[\"Ser.Sa. spa\"],\"articleSection\":[\"Cronaca\\\/Politica\"],\"inLanguage\":\"fr-FR\"},{\"@type\":\"WebPage\",\"@id\":\"https:\\\/\\\/www.bellunopress.it\\\/2011\\\/07\\\/29\\\/uno-non-basta-la-giunta-prade-vuole-con-urgenza-un-secondo-direttore-alla-ser-sa-jacopo-massaro-%e2%80%9c-e-davvero-vergognoso-che-la-giunta-prade-utilizzi-una-societa-compartecipata-per-risolv\\\/\",\"url\":\"https:\\\/\\\/www.bellunopress.it\\\/2011\\\/07\\\/29\\\/uno-non-basta-la-giunta-prade-vuole-con-urgenza-un-secondo-direttore-alla-ser-sa-jacopo-massaro-%e2%80%9c-e-davvero-vergognoso-che-la-giunta-prade-utilizzi-una-societa-compartecipata-per-risolv\\\/\",\"name\":\"Uno non basta. La giunta Prade vuole con urgenza un secondo direttore alla Ser.Sa. Jacopo Massaro: \u201c E' davvero vergognoso che la Giunta Prade utilizzi una societ\u00e0 compartecipata per risolvere ancora una volta questioni interne ad un partito\u201d - Bellunopress - Dolomiti\",\"isPartOf\":{\"@id\":\"https:\\\/\\\/www.bellunopress.it\\\/#website\"},\"primaryImageOfPage\":{\"@id\":\"https:\\\/\\\/www.bellunopress.it\\\/2011\\\/07\\\/29\\\/uno-non-basta-la-giunta-prade-vuole-con-urgenza-un-secondo-direttore-alla-ser-sa-jacopo-massaro-%e2%80%9c-e-davvero-vergognoso-che-la-giunta-prade-utilizzi-una-societa-compartecipata-per-risolv\\\/#primaryimage\"},\"image\":{\"@id\":\"https:\\\/\\\/www.bellunopress.it\\\/2011\\\/07\\\/29\\\/uno-non-basta-la-giunta-prade-vuole-con-urgenza-un-secondo-direttore-alla-ser-sa-jacopo-massaro-%e2%80%9c-e-davvero-vergognoso-che-la-giunta-prade-utilizzi-una-societa-compartecipata-per-risolv\\\/#primaryimage\"},\"thumbnailUrl\":\"http:\\\/\\\/www.bellunopress.it\\\/wp-content\\\/uploads\\\/2009\\\/03\\\/casa-di-riposo-maria-gaggia-lante-belluno-240x180.jpg\",\"datePublished\":\"2011-07-29T15:09:55+00:00\",\"breadcrumb\":{\"@id\":\"https:\\\/\\\/www.bellunopress.it\\\/2011\\\/07\\\/29\\\/uno-non-basta-la-giunta-prade-vuole-con-urgenza-un-secondo-direttore-alla-ser-sa-jacopo-massaro-%e2%80%9c-e-davvero-vergognoso-che-la-giunta-prade-utilizzi-una-societa-compartecipata-per-risolv\\\/#breadcrumb\"},\"inLanguage\":\"fr-FR\",\"potentialAction\":[{\"@type\":\"ReadAction\",\"target\":[\"https:\\\/\\\/www.bellunopress.it\\\/2011\\\/07\\\/29\\\/uno-non-basta-la-giunta-prade-vuole-con-urgenza-un-secondo-direttore-alla-ser-sa-jacopo-massaro-%e2%80%9c-e-davvero-vergognoso-che-la-giunta-prade-utilizzi-una-societa-compartecipata-per-risolv\\\/\"]}]},{\"@type\":\"ImageObject\",\"inLanguage\":\"fr-FR\",\"@id\":\"https:\\\/\\\/www.bellunopress.it\\\/2011\\\/07\\\/29\\\/uno-non-basta-la-giunta-prade-vuole-con-urgenza-un-secondo-direttore-alla-ser-sa-jacopo-massaro-%e2%80%9c-e-davvero-vergognoso-che-la-giunta-prade-utilizzi-una-societa-compartecipata-per-risolv\\\/#primaryimage\",\"url\":\"http:\\\/\\\/www.bellunopress.it\\\/wp-content\\\/uploads\\\/2009\\\/03\\\/casa-di-riposo-maria-gaggia-lante-belluno-240x180.jpg\",\"contentUrl\":\"http:\\\/\\\/www.bellunopress.it\\\/wp-content\\\/uploads\\\/2009\\\/03\\\/casa-di-riposo-maria-gaggia-lante-belluno-240x180.jpg\"},{\"@type\":\"BreadcrumbList\",\"@id\":\"https:\\\/\\\/www.bellunopress.it\\\/2011\\\/07\\\/29\\\/uno-non-basta-la-giunta-prade-vuole-con-urgenza-un-secondo-direttore-alla-ser-sa-jacopo-massaro-%e2%80%9c-e-davvero-vergognoso-che-la-giunta-prade-utilizzi-una-societa-compartecipata-per-risolv\\\/#breadcrumb\",\"itemListElement\":[{\"@type\":\"ListItem\",\"position\":1,\"name\":\"Home\",\"item\":\"https:\\\/\\\/www.bellunopress.it\\\/\"},{\"@type\":\"ListItem\",\"position\":2,\"name\":\"Uno non basta. La giunta Prade vuole con urgenza un secondo direttore alla Ser.Sa. Jacopo Massaro: \u201c E&#8217; davvero vergognoso che la Giunta Prade utilizzi una societ\u00e0 compartecipata per risolvere ancora una volta questioni interne ad un partito\u201d\"}]},{\"@type\":\"WebSite\",\"@id\":\"https:\\\/\\\/www.bellunopress.it\\\/#website\",\"url\":\"https:\\\/\\\/www.bellunopress.it\\\/\",\"name\":\"Bellunopress - Dolomiti\",\"description\":\"e-mail: redazione@bellunopress.it\",\"publisher\":{\"@id\":\"https:\\\/\\\/www.bellunopress.it\\\/#organization\"},\"potentialAction\":[{\"@type\":\"SearchAction\",\"target\":{\"@type\":\"EntryPoint\",\"urlTemplate\":\"https:\\\/\\\/www.bellunopress.it\\\/?s={search_term_string}\"},\"query-input\":{\"@type\":\"PropertyValueSpecification\",\"valueRequired\":true,\"valueName\":\"search_term_string\"}}],\"inLanguage\":\"fr-FR\"},{\"@type\":\"Organization\",\"@id\":\"https:\\\/\\\/www.bellunopress.it\\\/#organization\",\"name\":\"Bellunopress\",\"url\":\"https:\\\/\\\/www.bellunopress.it\\\/\",\"logo\":{\"@type\":\"ImageObject\",\"inLanguage\":\"fr-FR\",\"@id\":\"https:\\\/\\\/www.bellunopress.it\\\/#\\\/schema\\\/logo\\\/image\\\/\",\"url\":\"https:\\\/\\\/www.bellunopress.it\\\/wp-content\\\/uploads\\\/2011\\\/05\\\/cropped-logo-bellunopress-.jpg\",\"contentUrl\":\"https:\\\/\\\/www.bellunopress.it\\\/wp-content\\\/uploads\\\/2011\\\/05\\\/cropped-logo-bellunopress-.jpg\",\"width\":512,\"height\":512,\"caption\":\"Bellunopress\"},\"image\":{\"@id\":\"https:\\\/\\\/www.bellunopress.it\\\/#\\\/schema\\\/logo\\\/image\\\/\"},\"sameAs\":[\"https:\\\/\\\/www.facebook.com\\\/profile.php?id=100008943462799\",\"https:\\\/\\\/x.com\\\/bellunopress\",\"https:\\\/\\\/www.linkedin.com\\\/hp\\\/?dnr=JBzUWaJfMUw8vbXJJ2tVW5-I3jZKvC4wsoxE&amp;amp;amp;amp;amp;amp;trk=nav_responsive_tab_home\",\"https:\\\/\\\/www.youtube.com\\\/channel\\\/UCxL0wu1uN0_3_7hGG0306cw\"]},{\"@type\":\"Person\",\"@id\":\"https:\\\/\\\/www.bellunopress.it\\\/#\\\/schema\\\/person\\\/79bb06722b37ece1c03d3e94beb30d73\",\"name\":\"redazione\",\"image\":{\"@type\":\"ImageObject\",\"inLanguage\":\"fr-FR\",\"@id\":\"https:\\\/\\\/secure.gravatar.com\\\/avatar\\\/37d968a2e67a6fd04c169c4bdef102d0bc5d31b2546345219e348575eb80e9a0?s=96&d=mm&r=g\",\"url\":\"https:\\\/\\\/secure.gravatar.com\\\/avatar\\\/37d968a2e67a6fd04c169c4bdef102d0bc5d31b2546345219e348575eb80e9a0?s=96&d=mm&r=g\",\"contentUrl\":\"https:\\\/\\\/secure.gravatar.com\\\/avatar\\\/37d968a2e67a6fd04c169c4bdef102d0bc5d31b2546345219e348575eb80e9a0?s=96&d=mm&r=g\",\"caption\":\"redazione\"},\"sameAs\":[\"http:\\\/\\\/www.bellunopress.it\",\"https:\\\/\\\/x.com\\\/bellunopress\"],\"url\":\"https:\\\/\\\/www.bellunopress.it\\\/fr\\\/author\\\/redazione\\\/\"}]}<\/script>\n<!-- \/ Yoast SEO plugin. -->","yoast_head_json":{"title":"Uno non basta. La giunta Prade vuole con urgenza un secondo direttore alla Ser.Sa. Jacopo Massaro: \u201c  E' davvero vergognoso che la Giunta Prade utilizzi una societ\u00e0 compartecipata per risolvere ancora una volta questioni interne ad un partito\u201d - Bellunopress - Dolomiti","robots":{"index":"index","follow":"follow","max-snippet":"max-snippet:-1","max-image-preview":"max-image-preview:large","max-video-preview":"max-video-preview:-1"},"canonical":"https:\/\/www.bellunopress.it\/fr\/2011\/07\/29\/uno-non-basta-la-giunta-prade-vuole-con-urgenza-un-secondo-direttore-alla-ser-sa-jacopo-massaro-\u201c-e-davvero-vergognoso-che-la-giunta-prade-utilizzi-una-societa-compartecipata-per-risolv\/","og_locale":"fr_FR","og_type":"article","og_title":"Uno non basta. La giunta Prade vuole con urgenza un secondo direttore alla Ser.Sa. Jacopo Massaro: \u201c  E' davvero vergognoso che la Giunta Prade utilizzi una societ\u00e0 compartecipata per risolvere ancora una volta questioni interne ad un partito\u201d - Bellunopress - Dolomiti","og_description":"&nbsp; Le sciagure sulle societ\u00e0 partecipate del Comune di Belluno sembrano non avere pi\u00f9 fine. Dopo i problemi di Nis, all&#8217;orizzonte s&#8217;intravede una nuova bomba pronta ad esplodere: si tratta della delibera n.106, approvata dalla Giunta Prade il 12 luglio scorso, con oggetto &#8220;direttiva per l&#8217;efficienza degli interventi a favore di Ser.Sa. spa&#8221; (la societ\u00e0 [&hellip;]","og_url":"https:\/\/www.bellunopress.it\/fr\/2011\/07\/29\/uno-non-basta-la-giunta-prade-vuole-con-urgenza-un-secondo-direttore-alla-ser-sa-jacopo-massaro-\u201c-e-davvero-vergognoso-che-la-giunta-prade-utilizzi-una-societa-compartecipata-per-risolv\/","og_site_name":"Bellunopress - Dolomiti","article_publisher":"https:\/\/www.facebook.com\/profile.php?id=100008943462799","article_published_time":"2011-07-29T15:09:55+00:00","og_image":[{"url":"http:\/\/www.bellunopress.it\/wp-content\/uploads\/2009\/03\/casa-di-riposo-maria-gaggia-lante-belluno-240x180.jpg","type":"","width":"","height":""}],"author":"redazione","twitter_card":"summary_large_image","twitter_creator":"@bellunopress","twitter_site":"@bellunopress","twitter_misc":{"Written by":"redazione","Est. reading time":"4 minutes"},"schema":{"@context":"https:\/\/schema.org","@graph":[{"@type":"Article","@id":"https:\/\/www.bellunopress.it\/2011\/07\/29\/uno-non-basta-la-giunta-prade-vuole-con-urgenza-un-secondo-direttore-alla-ser-sa-jacopo-massaro-%e2%80%9c-e-davvero-vergognoso-che-la-giunta-prade-utilizzi-una-societa-compartecipata-per-risolv\/#article","isPartOf":{"@id":"https:\/\/www.bellunopress.it\/2011\/07\/29\/uno-non-basta-la-giunta-prade-vuole-con-urgenza-un-secondo-direttore-alla-ser-sa-jacopo-massaro-%e2%80%9c-e-davvero-vergognoso-che-la-giunta-prade-utilizzi-una-societa-compartecipata-per-risolv\/"},"author":{"name":"redazione","@id":"https:\/\/www.bellunopress.it\/#\/schema\/person\/79bb06722b37ece1c03d3e94beb30d73"},"headline":"Uno non basta. La giunta Prade vuole con urgenza un secondo direttore alla Ser.Sa. Jacopo Massaro: \u201c E&#8217; davvero vergognoso che la Giunta Prade utilizzi una societ\u00e0 compartecipata per risolvere ancora una volta questioni interne ad un partito\u201d","datePublished":"2011-07-29T15:09:55+00:00","mainEntityOfPage":{"@id":"https:\/\/www.bellunopress.it\/2011\/07\/29\/uno-non-basta-la-giunta-prade-vuole-con-urgenza-un-secondo-direttore-alla-ser-sa-jacopo-massaro-%e2%80%9c-e-davvero-vergognoso-che-la-giunta-prade-utilizzi-una-societa-compartecipata-per-risolv\/"},"wordCount":800,"publisher":{"@id":"https:\/\/www.bellunopress.it\/#organization"},"image":{"@id":"https:\/\/www.bellunopress.it\/2011\/07\/29\/uno-non-basta-la-giunta-prade-vuole-con-urgenza-un-secondo-direttore-alla-ser-sa-jacopo-massaro-%e2%80%9c-e-davvero-vergognoso-che-la-giunta-prade-utilizzi-una-societa-compartecipata-per-risolv\/#primaryimage"},"thumbnailUrl":"http:\/\/www.bellunopress.it\/wp-content\/uploads\/2009\/03\/casa-di-riposo-maria-gaggia-lante-belluno-240x180.jpg","keywords":["Ser.Sa. spa"],"articleSection":["Cronaca\/Politica"],"inLanguage":"fr-FR"},{"@type":"WebPage","@id":"https:\/\/www.bellunopress.it\/2011\/07\/29\/uno-non-basta-la-giunta-prade-vuole-con-urgenza-un-secondo-direttore-alla-ser-sa-jacopo-massaro-%e2%80%9c-e-davvero-vergognoso-che-la-giunta-prade-utilizzi-una-societa-compartecipata-per-risolv\/","url":"https:\/\/www.bellunopress.it\/2011\/07\/29\/uno-non-basta-la-giunta-prade-vuole-con-urgenza-un-secondo-direttore-alla-ser-sa-jacopo-massaro-%e2%80%9c-e-davvero-vergognoso-che-la-giunta-prade-utilizzi-una-societa-compartecipata-per-risolv\/","name":"Uno non basta. La giunta Prade vuole con urgenza un secondo direttore alla Ser.Sa. Jacopo Massaro: \u201c E' davvero vergognoso che la Giunta Prade utilizzi una societ\u00e0 compartecipata per risolvere ancora una volta questioni interne ad un partito\u201d - Bellunopress - Dolomiti","isPartOf":{"@id":"https:\/\/www.bellunopress.it\/#website"},"primaryImageOfPage":{"@id":"https:\/\/www.bellunopress.it\/2011\/07\/29\/uno-non-basta-la-giunta-prade-vuole-con-urgenza-un-secondo-direttore-alla-ser-sa-jacopo-massaro-%e2%80%9c-e-davvero-vergognoso-che-la-giunta-prade-utilizzi-una-societa-compartecipata-per-risolv\/#primaryimage"},"image":{"@id":"https:\/\/www.bellunopress.it\/2011\/07\/29\/uno-non-basta-la-giunta-prade-vuole-con-urgenza-un-secondo-direttore-alla-ser-sa-jacopo-massaro-%e2%80%9c-e-davvero-vergognoso-che-la-giunta-prade-utilizzi-una-societa-compartecipata-per-risolv\/#primaryimage"},"thumbnailUrl":"http:\/\/www.bellunopress.it\/wp-content\/uploads\/2009\/03\/casa-di-riposo-maria-gaggia-lante-belluno-240x180.jpg","datePublished":"2011-07-29T15:09:55+00:00","breadcrumb":{"@id":"https:\/\/www.bellunopress.it\/2011\/07\/29\/uno-non-basta-la-giunta-prade-vuole-con-urgenza-un-secondo-direttore-alla-ser-sa-jacopo-massaro-%e2%80%9c-e-davvero-vergognoso-che-la-giunta-prade-utilizzi-una-societa-compartecipata-per-risolv\/#breadcrumb"},"inLanguage":"fr-FR","potentialAction":[{"@type":"ReadAction","target":["https:\/\/www.bellunopress.it\/2011\/07\/29\/uno-non-basta-la-giunta-prade-vuole-con-urgenza-un-secondo-direttore-alla-ser-sa-jacopo-massaro-%e2%80%9c-e-davvero-vergognoso-che-la-giunta-prade-utilizzi-una-societa-compartecipata-per-risolv\/"]}]},{"@type":"ImageObject","inLanguage":"fr-FR","@id":"https:\/\/www.bellunopress.it\/2011\/07\/29\/uno-non-basta-la-giunta-prade-vuole-con-urgenza-un-secondo-direttore-alla-ser-sa-jacopo-massaro-%e2%80%9c-e-davvero-vergognoso-che-la-giunta-prade-utilizzi-una-societa-compartecipata-per-risolv\/#primaryimage","url":"http:\/\/www.bellunopress.it\/wp-content\/uploads\/2009\/03\/casa-di-riposo-maria-gaggia-lante-belluno-240x180.jpg","contentUrl":"http:\/\/www.bellunopress.it\/wp-content\/uploads\/2009\/03\/casa-di-riposo-maria-gaggia-lante-belluno-240x180.jpg"},{"@type":"BreadcrumbList","@id":"https:\/\/www.bellunopress.it\/2011\/07\/29\/uno-non-basta-la-giunta-prade-vuole-con-urgenza-un-secondo-direttore-alla-ser-sa-jacopo-massaro-%e2%80%9c-e-davvero-vergognoso-che-la-giunta-prade-utilizzi-una-societa-compartecipata-per-risolv\/#breadcrumb","itemListElement":[{"@type":"ListItem","position":1,"name":"Home","item":"https:\/\/www.bellunopress.it\/"},{"@type":"ListItem","position":2,"name":"Uno non basta. La giunta Prade vuole con urgenza un secondo direttore alla Ser.Sa. Jacopo Massaro: \u201c E&#8217; davvero vergognoso che la Giunta Prade utilizzi una societ\u00e0 compartecipata per risolvere ancora una volta questioni interne ad un partito\u201d"}]},{"@type":"WebSite","@id":"https:\/\/www.bellunopress.it\/#website","url":"https:\/\/www.bellunopress.it\/","name":"Bellunopress - Dolomiti","description":"e-mail: redazione@bellunopress.it","publisher":{"@id":"https:\/\/www.bellunopress.it\/#organization"},"potentialAction":[{"@type":"SearchAction","target":{"@type":"EntryPoint","urlTemplate":"https:\/\/www.bellunopress.it\/?s={search_term_string}"},"query-input":{"@type":"PropertyValueSpecification","valueRequired":true,"valueName":"search_term_string"}}],"inLanguage":"fr-FR"},{"@type":"Organization","@id":"https:\/\/www.bellunopress.it\/#organization","name":"Bellunopress","url":"https:\/\/www.bellunopress.it\/","logo":{"@type":"ImageObject","inLanguage":"fr-FR","@id":"https:\/\/www.bellunopress.it\/#\/schema\/logo\/image\/","url":"https:\/\/www.bellunopress.it\/wp-content\/uploads\/2011\/05\/cropped-logo-bellunopress-.jpg","contentUrl":"https:\/\/www.bellunopress.it\/wp-content\/uploads\/2011\/05\/cropped-logo-bellunopress-.jpg","width":512,"height":512,"caption":"Bellunopress"},"image":{"@id":"https:\/\/www.bellunopress.it\/#\/schema\/logo\/image\/"},"sameAs":["https:\/\/www.facebook.com\/profile.php?id=100008943462799","https:\/\/x.com\/bellunopress","https:\/\/www.linkedin.com\/hp\/?dnr=JBzUWaJfMUw8vbXJJ2tVW5-I3jZKvC4wsoxE&amp;amp;amp;amp;amp;amp;trk=nav_responsive_tab_home","https:\/\/www.youtube.com\/channel\/UCxL0wu1uN0_3_7hGG0306cw"]},{"@type":"Person","@id":"https:\/\/www.bellunopress.it\/#\/schema\/person\/79bb06722b37ece1c03d3e94beb30d73","name":"r\u00e9daction","image":{"@type":"ImageObject","inLanguage":"fr-FR","@id":"https:\/\/secure.gravatar.com\/avatar\/37d968a2e67a6fd04c169c4bdef102d0bc5d31b2546345219e348575eb80e9a0?s=96&d=mm&r=g","url":"https:\/\/secure.gravatar.com\/avatar\/37d968a2e67a6fd04c169c4bdef102d0bc5d31b2546345219e348575eb80e9a0?s=96&d=mm&r=g","contentUrl":"https:\/\/secure.gravatar.com\/avatar\/37d968a2e67a6fd04c169c4bdef102d0bc5d31b2546345219e348575eb80e9a0?s=96&d=mm&r=g","caption":"redazione"},"sameAs":["http:\/\/www.bellunopress.it","https:\/\/x.com\/bellunopress"],"url":"https:\/\/www.bellunopress.it\/fr\/author\/redazione\/"}]}},"_links":{"self":[{"href":"https:\/\/www.bellunopress.it\/fr\/wp-json\/wp\/v2\/posts\/29119","targetHints":{"allow":["GET"]}}],"collection":[{"href":"https:\/\/www.bellunopress.it\/fr\/wp-json\/wp\/v2\/posts"}],"about":[{"href":"https:\/\/www.bellunopress.it\/fr\/wp-json\/wp\/v2\/types\/post"}],"author":[{"embeddable":true,"href":"https:\/\/www.bellunopress.it\/fr\/wp-json\/wp\/v2\/users\/2"}],"replies":[{"embeddable":true,"href":"https:\/\/www.bellunopress.it\/fr\/wp-json\/wp\/v2\/comments?post=29119"}],"version-history":[{"count":1,"href":"https:\/\/www.bellunopress.it\/fr\/wp-json\/wp\/v2\/posts\/29119\/revisions"}],"predecessor-version":[{"id":29120,"href":"https:\/\/www.bellunopress.it\/fr\/wp-json\/wp\/v2\/posts\/29119\/revisions\/29120"}],"wp:attachment":[{"href":"https:\/\/www.bellunopress.it\/fr\/wp-json\/wp\/v2\/media?parent=29119"}],"wp:term":[{"taxonomy":"category","embeddable":true,"href":"https:\/\/www.bellunopress.it\/fr\/wp-json\/wp\/v2\/categories?post=29119"},{"taxonomy":"post_tag","embeddable":true,"href":"https:\/\/www.bellunopress.it\/fr\/wp-json\/wp\/v2\/tags?post=29119"}],"curies":[{"name":"wp","href":"https:\/\/api.w.org\/{rel}","templated":true}]}}