{"id":29110,"date":"2011-07-28T19:41:32","date_gmt":"2011-07-28T18:41:32","guid":{"rendered":"http:\/\/www.bellunopress.it\/?p=29110"},"modified":"2011-07-28T19:41:32","modified_gmt":"2011-07-28T18:41:32","slug":"ideal-standard-stabilimento-di-trichiana-sergio-reolon-la-regione-ancora-latitante-diserta-il-tavolo-crisi","status":"publish","type":"post","link":"https:\/\/www.bellunopress.it\/fr\/2011\/07\/28\/ideal-standard-stabilimento-di-trichiana-sergio-reolon-la-regione-ancora-latitante-diserta-il-tavolo-crisi\/","title":{"rendered":"Ideal Standard, stabilimento di Trichiana. Sergio Reolon: &#8220;La Regione ancora latitante, diserta il tavolo crisi&#8221;"},"content":{"rendered":"<p><a href=\"http:\/\/www.bellunopress.it\/wp-content\/uploads\/2010\/06\/sergio-reolon-130x130.jpg\"><img loading=\"lazy\" decoding=\"async\" class=\"alignleft size-full wp-image-16387\" title=\"sergio-reolon-130x130\" src=\"http:\/\/www.bellunopress.it\/wp-content\/uploads\/2010\/06\/sergio-reolon-130x130.jpg\" alt=\"\" width=\"130\" height=\"130\" \/><\/a>E\u0092davvero incredibile che il governo veneto, a parole tanto sensibile al tema della crisi economica nel nostro territorio, abbia ancora una volta disertato la riunione del tavolo di crisi dell\u0092Ideal Standard. Una scelta di latitanza inaccettabile perch\u00e9 viene compiuta da figure istituzionali che hanno il dovere di agire e non di stare a guardare quando i problemi sono talmente gravi da intaccare il diritto al lavoro e la sopravvivenza di una parte di mondo produttivo veneto\u0094.<br \/>\nLa dura presa di posizione \u00e8 del consigliere regionale del PD, Sergio Reolon, dopo l\u0092incontro tenutosi a Roma. \u0093La Regione era assente pure nel tavolo del 5 luglio. E\u0092 evidente che chi governa il Veneto sta girando le spalle ai lavoratori dello stabilimento di Trichiana. Un atteggiamento di indifferenza &#8211; conclude Reolon &#8211; che vale anche nei confronti delle imprese e che sta diventando una regola costante nell\u0092era Zaia. Il vero costo della politica sono questi latitanti che sono stati eletti per decidere ma che in realt\u00e0 vengono pagati solo per fare le belle statuine\u0094.<\/p>\n<p>&nbsp;<\/p>\n<p>&nbsp;<\/p>\n<p>&nbsp;<\/p>\n<p>&nbsp;<\/p>\n<p>&nbsp;<\/p>","protected":false},"excerpt":{"rendered":"<p>E\u0092davvero incredibile che il governo veneto, a parole tanto sensibile al tema della crisi economica nel nostro territorio, abbia ancora una volta disertato la riunione del tavolo di crisi dell\u0092Ideal Standard. Una scelta di latitanza inaccettabile perch\u00e9 viene compiuta da figure istituzionali che hanno il dovere di agire e non di stare a guardare quando [&hellip;]<\/p>\n","protected":false},"author":2,"featured_media":0,"comment_status":"closed","ping_status":"open","sticky":false,"template":"","format":"standard","meta":{"footnotes":""},"categories":[5,36,26],"tags":[],"class_list":["post-29110","post","type-post","status-publish","format-standard","category-cronaca","category-lavoro-economia","category-prima-pagina"],"yoast_head":"<!-- This site is optimized with the Yoast SEO plugin v28.4 - https:\/\/yoast.com\/product\/yoast-seo-wordpress\/ -->\n<title>Ideal Standard, stabilimento di Trichiana. Sergio Reolon: &quot;La Regione ancora latitante, diserta il tavolo crisi&quot; - Bellunopress - Dolomiti<\/title>\n<meta name=\"robots\" content=\"index, follow, max-snippet:-1, max-image-preview:large, max-video-preview:-1\" \/>\n<link rel=\"canonical\" href=\"https:\/\/www.bellunopress.it\/fr\/2011\/07\/28\/ideal-standard-stabilimento-di-trichiana-sergio-reolon-la-regione-ancora-latitante-diserta-il-tavolo-crisi\/\" \/>\n<meta property=\"og:locale\" content=\"fr_FR\" \/>\n<meta property=\"og:type\" content=\"article\" \/>\n<meta property=\"og:title\" content=\"Ideal Standard, stabilimento di Trichiana. Sergio Reolon: &quot;La Regione ancora latitante, diserta il tavolo crisi&quot; - Bellunopress - Dolomiti\" \/>\n<meta property=\"og:description\" content=\"E\u0092davvero incredibile che il governo veneto, a parole tanto sensibile al tema della crisi economica nel nostro territorio, abbia ancora una volta disertato la riunione del tavolo di crisi dell\u0092Ideal Standard. Una scelta di latitanza inaccettabile perch\u00e9 viene compiuta da figure istituzionali che hanno il dovere di agire e non di stare a guardare quando [&hellip;]\" \/>\n<meta property=\"og:url\" content=\"https:\/\/www.bellunopress.it\/fr\/2011\/07\/28\/ideal-standard-stabilimento-di-trichiana-sergio-reolon-la-regione-ancora-latitante-diserta-il-tavolo-crisi\/\" \/>\n<meta property=\"og:site_name\" content=\"Bellunopress - Dolomiti\" \/>\n<meta property=\"article:publisher\" content=\"https:\/\/www.facebook.com\/profile.php?id=100008943462799\" \/>\n<meta property=\"article:published_time\" content=\"2011-07-28T18:41:32+00:00\" \/>\n<meta property=\"og:image\" content=\"http:\/\/www.bellunopress.it\/wp-content\/uploads\/2010\/06\/sergio-reolon-130x130.jpg\" \/>\n<meta name=\"author\" content=\"redazione\" \/>\n<meta name=\"twitter:card\" content=\"summary_large_image\" \/>\n<meta name=\"twitter:creator\" content=\"@bellunopress\" \/>\n<meta name=\"twitter:site\" content=\"@bellunopress\" \/>\n<meta name=\"twitter:label1\" content=\"\u00c9crit par\" \/>\n\t<meta name=\"twitter:data1\" content=\"redazione\" \/>\n\t<meta name=\"twitter:label2\" content=\"Dur\u00e9e de lecture estim\u00e9e\" \/>\n\t<meta name=\"twitter:data2\" content=\"1 minute\" \/>\n<script type=\"application\/ld+json\" class=\"yoast-schema-graph\">{\"@context\":\"https:\\\/\\\/schema.org\",\"@graph\":[{\"@type\":\"Article\",\"@id\":\"https:\\\/\\\/www.bellunopress.it\\\/2011\\\/07\\\/28\\\/ideal-standard-stabilimento-di-trichiana-sergio-reolon-la-regione-ancora-latitante-diserta-il-tavolo-crisi\\\/#article\",\"isPartOf\":{\"@id\":\"https:\\\/\\\/www.bellunopress.it\\\/2011\\\/07\\\/28\\\/ideal-standard-stabilimento-di-trichiana-sergio-reolon-la-regione-ancora-latitante-diserta-il-tavolo-crisi\\\/\"},\"author\":{\"name\":\"redazione\",\"@id\":\"https:\\\/\\\/www.bellunopress.it\\\/#\\\/schema\\\/person\\\/79bb06722b37ece1c03d3e94beb30d73\"},\"headline\":\"Ideal Standard, stabilimento di Trichiana. Sergio Reolon: &#8220;La Regione ancora latitante, diserta il tavolo crisi&#8221;\",\"datePublished\":\"2011-07-28T18:41:32+00:00\",\"mainEntityOfPage\":{\"@id\":\"https:\\\/\\\/www.bellunopress.it\\\/2011\\\/07\\\/28\\\/ideal-standard-stabilimento-di-trichiana-sergio-reolon-la-regione-ancora-latitante-diserta-il-tavolo-crisi\\\/\"},\"wordCount\":193,\"publisher\":{\"@id\":\"https:\\\/\\\/www.bellunopress.it\\\/#organization\"},\"image\":{\"@id\":\"https:\\\/\\\/www.bellunopress.it\\\/2011\\\/07\\\/28\\\/ideal-standard-stabilimento-di-trichiana-sergio-reolon-la-regione-ancora-latitante-diserta-il-tavolo-crisi\\\/#primaryimage\"},\"thumbnailUrl\":\"http:\\\/\\\/www.bellunopress.it\\\/wp-content\\\/uploads\\\/2010\\\/06\\\/sergio-reolon-130x130.jpg\",\"articleSection\":[\"Cronaca\\\/Politica\",\"Lavoro, Economia, Turismo\",\"Prima Pagina\"],\"inLanguage\":\"fr-FR\"},{\"@type\":\"WebPage\",\"@id\":\"https:\\\/\\\/www.bellunopress.it\\\/2011\\\/07\\\/28\\\/ideal-standard-stabilimento-di-trichiana-sergio-reolon-la-regione-ancora-latitante-diserta-il-tavolo-crisi\\\/\",\"url\":\"https:\\\/\\\/www.bellunopress.it\\\/2011\\\/07\\\/28\\\/ideal-standard-stabilimento-di-trichiana-sergio-reolon-la-regione-ancora-latitante-diserta-il-tavolo-crisi\\\/\",\"name\":\"Ideal Standard, stabilimento di Trichiana. Sergio Reolon: \\\"La Regione ancora latitante, diserta il tavolo crisi\\\" - Bellunopress - Dolomiti\",\"isPartOf\":{\"@id\":\"https:\\\/\\\/www.bellunopress.it\\\/#website\"},\"primaryImageOfPage\":{\"@id\":\"https:\\\/\\\/www.bellunopress.it\\\/2011\\\/07\\\/28\\\/ideal-standard-stabilimento-di-trichiana-sergio-reolon-la-regione-ancora-latitante-diserta-il-tavolo-crisi\\\/#primaryimage\"},\"image\":{\"@id\":\"https:\\\/\\\/www.bellunopress.it\\\/2011\\\/07\\\/28\\\/ideal-standard-stabilimento-di-trichiana-sergio-reolon-la-regione-ancora-latitante-diserta-il-tavolo-crisi\\\/#primaryimage\"},\"thumbnailUrl\":\"http:\\\/\\\/www.bellunopress.it\\\/wp-content\\\/uploads\\\/2010\\\/06\\\/sergio-reolon-130x130.jpg\",\"datePublished\":\"2011-07-28T18:41:32+00:00\",\"breadcrumb\":{\"@id\":\"https:\\\/\\\/www.bellunopress.it\\\/2011\\\/07\\\/28\\\/ideal-standard-stabilimento-di-trichiana-sergio-reolon-la-regione-ancora-latitante-diserta-il-tavolo-crisi\\\/#breadcrumb\"},\"inLanguage\":\"fr-FR\",\"potentialAction\":[{\"@type\":\"ReadAction\",\"target\":[\"https:\\\/\\\/www.bellunopress.it\\\/2011\\\/07\\\/28\\\/ideal-standard-stabilimento-di-trichiana-sergio-reolon-la-regione-ancora-latitante-diserta-il-tavolo-crisi\\\/\"]}]},{\"@type\":\"ImageObject\",\"inLanguage\":\"fr-FR\",\"@id\":\"https:\\\/\\\/www.bellunopress.it\\\/2011\\\/07\\\/28\\\/ideal-standard-stabilimento-di-trichiana-sergio-reolon-la-regione-ancora-latitante-diserta-il-tavolo-crisi\\\/#primaryimage\",\"url\":\"http:\\\/\\\/www.bellunopress.it\\\/wp-content\\\/uploads\\\/2010\\\/06\\\/sergio-reolon-130x130.jpg\",\"contentUrl\":\"http:\\\/\\\/www.bellunopress.it\\\/wp-content\\\/uploads\\\/2010\\\/06\\\/sergio-reolon-130x130.jpg\"},{\"@type\":\"BreadcrumbList\",\"@id\":\"https:\\\/\\\/www.bellunopress.it\\\/2011\\\/07\\\/28\\\/ideal-standard-stabilimento-di-trichiana-sergio-reolon-la-regione-ancora-latitante-diserta-il-tavolo-crisi\\\/#breadcrumb\",\"itemListElement\":[{\"@type\":\"ListItem\",\"position\":1,\"name\":\"Home\",\"item\":\"https:\\\/\\\/www.bellunopress.it\\\/\"},{\"@type\":\"ListItem\",\"position\":2,\"name\":\"Ideal Standard, stabilimento di Trichiana. Sergio Reolon: &#8220;La Regione ancora latitante, diserta il tavolo crisi&#8221;\"}]},{\"@type\":\"WebSite\",\"@id\":\"https:\\\/\\\/www.bellunopress.it\\\/#website\",\"url\":\"https:\\\/\\\/www.bellunopress.it\\\/\",\"name\":\"Bellunopress - Dolomiti\",\"description\":\"e-mail: redazione@bellunopress.it\",\"publisher\":{\"@id\":\"https:\\\/\\\/www.bellunopress.it\\\/#organization\"},\"potentialAction\":[{\"@type\":\"SearchAction\",\"target\":{\"@type\":\"EntryPoint\",\"urlTemplate\":\"https:\\\/\\\/www.bellunopress.it\\\/?s={search_term_string}\"},\"query-input\":{\"@type\":\"PropertyValueSpecification\",\"valueRequired\":true,\"valueName\":\"search_term_string\"}}],\"inLanguage\":\"fr-FR\"},{\"@type\":\"Organization\",\"@id\":\"https:\\\/\\\/www.bellunopress.it\\\/#organization\",\"name\":\"Bellunopress\",\"url\":\"https:\\\/\\\/www.bellunopress.it\\\/\",\"logo\":{\"@type\":\"ImageObject\",\"inLanguage\":\"fr-FR\",\"@id\":\"https:\\\/\\\/www.bellunopress.it\\\/#\\\/schema\\\/logo\\\/image\\\/\",\"url\":\"https:\\\/\\\/www.bellunopress.it\\\/wp-content\\\/uploads\\\/2011\\\/05\\\/cropped-logo-bellunopress-.jpg\",\"contentUrl\":\"https:\\\/\\\/www.bellunopress.it\\\/wp-content\\\/uploads\\\/2011\\\/05\\\/cropped-logo-bellunopress-.jpg\",\"width\":512,\"height\":512,\"caption\":\"Bellunopress\"},\"image\":{\"@id\":\"https:\\\/\\\/www.bellunopress.it\\\/#\\\/schema\\\/logo\\\/image\\\/\"},\"sameAs\":[\"https:\\\/\\\/www.facebook.com\\\/profile.php?id=100008943462799\",\"https:\\\/\\\/x.com\\\/bellunopress\",\"https:\\\/\\\/www.linkedin.com\\\/hp\\\/?dnr=JBzUWaJfMUw8vbXJJ2tVW5-I3jZKvC4wsoxE&amp;amp;amp;amp;amp;amp;trk=nav_responsive_tab_home\",\"https:\\\/\\\/www.youtube.com\\\/channel\\\/UCxL0wu1uN0_3_7hGG0306cw\"]},{\"@type\":\"Person\",\"@id\":\"https:\\\/\\\/www.bellunopress.it\\\/#\\\/schema\\\/person\\\/79bb06722b37ece1c03d3e94beb30d73\",\"name\":\"redazione\",\"image\":{\"@type\":\"ImageObject\",\"inLanguage\":\"fr-FR\",\"@id\":\"https:\\\/\\\/secure.gravatar.com\\\/avatar\\\/37d968a2e67a6fd04c169c4bdef102d0bc5d31b2546345219e348575eb80e9a0?s=96&d=mm&r=g\",\"url\":\"https:\\\/\\\/secure.gravatar.com\\\/avatar\\\/37d968a2e67a6fd04c169c4bdef102d0bc5d31b2546345219e348575eb80e9a0?s=96&d=mm&r=g\",\"contentUrl\":\"https:\\\/\\\/secure.gravatar.com\\\/avatar\\\/37d968a2e67a6fd04c169c4bdef102d0bc5d31b2546345219e348575eb80e9a0?s=96&d=mm&r=g\",\"caption\":\"redazione\"},\"sameAs\":[\"http:\\\/\\\/www.bellunopress.it\",\"https:\\\/\\\/x.com\\\/bellunopress\"],\"url\":\"https:\\\/\\\/www.bellunopress.it\\\/fr\\\/author\\\/redazione\\\/\"}]}<\/script>\n<!-- \/ Yoast SEO plugin. -->","yoast_head_json":{"title":"Ideal Standard, stabilimento di Trichiana. Sergio Reolon: \"La Regione ancora latitante, diserta il tavolo crisi\" - Bellunopress - Dolomiti","robots":{"index":"index","follow":"follow","max-snippet":"max-snippet:-1","max-image-preview":"max-image-preview:large","max-video-preview":"max-video-preview:-1"},"canonical":"https:\/\/www.bellunopress.it\/fr\/2011\/07\/28\/ideal-standard-stabilimento-di-trichiana-sergio-reolon-la-regione-ancora-latitante-diserta-il-tavolo-crisi\/","og_locale":"fr_FR","og_type":"article","og_title":"Ideal Standard, stabilimento di Trichiana. Sergio Reolon: \"La Regione ancora latitante, diserta il tavolo crisi\" - Bellunopress - Dolomiti","og_description":"E\u0092davvero incredibile che il governo veneto, a parole tanto sensibile al tema della crisi economica nel nostro territorio, abbia ancora una volta disertato la riunione del tavolo di crisi dell\u0092Ideal Standard. Una scelta di latitanza inaccettabile perch\u00e9 viene compiuta da figure istituzionali che hanno il dovere di agire e non di stare a guardare quando [&hellip;]","og_url":"https:\/\/www.bellunopress.it\/fr\/2011\/07\/28\/ideal-standard-stabilimento-di-trichiana-sergio-reolon-la-regione-ancora-latitante-diserta-il-tavolo-crisi\/","og_site_name":"Bellunopress - Dolomiti","article_publisher":"https:\/\/www.facebook.com\/profile.php?id=100008943462799","article_published_time":"2011-07-28T18:41:32+00:00","og_image":[{"url":"http:\/\/www.bellunopress.it\/wp-content\/uploads\/2010\/06\/sergio-reolon-130x130.jpg","type":"","width":"","height":""}],"author":"redazione","twitter_card":"summary_large_image","twitter_creator":"@bellunopress","twitter_site":"@bellunopress","twitter_misc":{"\u00c9crit par":"redazione","Dur\u00e9e de lecture estim\u00e9e":"1 minute"},"schema":{"@context":"https:\/\/schema.org","@graph":[{"@type":"Article","@id":"https:\/\/www.bellunopress.it\/2011\/07\/28\/ideal-standard-stabilimento-di-trichiana-sergio-reolon-la-regione-ancora-latitante-diserta-il-tavolo-crisi\/#article","isPartOf":{"@id":"https:\/\/www.bellunopress.it\/2011\/07\/28\/ideal-standard-stabilimento-di-trichiana-sergio-reolon-la-regione-ancora-latitante-diserta-il-tavolo-crisi\/"},"author":{"name":"redazione","@id":"https:\/\/www.bellunopress.it\/#\/schema\/person\/79bb06722b37ece1c03d3e94beb30d73"},"headline":"Ideal Standard, stabilimento di Trichiana. Sergio Reolon: &#8220;La Regione ancora latitante, diserta il tavolo crisi&#8221;","datePublished":"2011-07-28T18:41:32+00:00","mainEntityOfPage":{"@id":"https:\/\/www.bellunopress.it\/2011\/07\/28\/ideal-standard-stabilimento-di-trichiana-sergio-reolon-la-regione-ancora-latitante-diserta-il-tavolo-crisi\/"},"wordCount":193,"publisher":{"@id":"https:\/\/www.bellunopress.it\/#organization"},"image":{"@id":"https:\/\/www.bellunopress.it\/2011\/07\/28\/ideal-standard-stabilimento-di-trichiana-sergio-reolon-la-regione-ancora-latitante-diserta-il-tavolo-crisi\/#primaryimage"},"thumbnailUrl":"http:\/\/www.bellunopress.it\/wp-content\/uploads\/2010\/06\/sergio-reolon-130x130.jpg","articleSection":["Cronaca\/Politica","Lavoro, Economia, Turismo","Prima Pagina"],"inLanguage":"fr-FR"},{"@type":"WebPage","@id":"https:\/\/www.bellunopress.it\/2011\/07\/28\/ideal-standard-stabilimento-di-trichiana-sergio-reolon-la-regione-ancora-latitante-diserta-il-tavolo-crisi\/","url":"https:\/\/www.bellunopress.it\/2011\/07\/28\/ideal-standard-stabilimento-di-trichiana-sergio-reolon-la-regione-ancora-latitante-diserta-il-tavolo-crisi\/","name":"Ideal Standard, stabilimento di Trichiana. Sergio Reolon: \"La Regione ancora latitante, diserta il tavolo crisi\" - Bellunopress - Dolomiti","isPartOf":{"@id":"https:\/\/www.bellunopress.it\/#website"},"primaryImageOfPage":{"@id":"https:\/\/www.bellunopress.it\/2011\/07\/28\/ideal-standard-stabilimento-di-trichiana-sergio-reolon-la-regione-ancora-latitante-diserta-il-tavolo-crisi\/#primaryimage"},"image":{"@id":"https:\/\/www.bellunopress.it\/2011\/07\/28\/ideal-standard-stabilimento-di-trichiana-sergio-reolon-la-regione-ancora-latitante-diserta-il-tavolo-crisi\/#primaryimage"},"thumbnailUrl":"http:\/\/www.bellunopress.it\/wp-content\/uploads\/2010\/06\/sergio-reolon-130x130.jpg","datePublished":"2011-07-28T18:41:32+00:00","breadcrumb":{"@id":"https:\/\/www.bellunopress.it\/2011\/07\/28\/ideal-standard-stabilimento-di-trichiana-sergio-reolon-la-regione-ancora-latitante-diserta-il-tavolo-crisi\/#breadcrumb"},"inLanguage":"fr-FR","potentialAction":[{"@type":"ReadAction","target":["https:\/\/www.bellunopress.it\/2011\/07\/28\/ideal-standard-stabilimento-di-trichiana-sergio-reolon-la-regione-ancora-latitante-diserta-il-tavolo-crisi\/"]}]},{"@type":"ImageObject","inLanguage":"fr-FR","@id":"https:\/\/www.bellunopress.it\/2011\/07\/28\/ideal-standard-stabilimento-di-trichiana-sergio-reolon-la-regione-ancora-latitante-diserta-il-tavolo-crisi\/#primaryimage","url":"http:\/\/www.bellunopress.it\/wp-content\/uploads\/2010\/06\/sergio-reolon-130x130.jpg","contentUrl":"http:\/\/www.bellunopress.it\/wp-content\/uploads\/2010\/06\/sergio-reolon-130x130.jpg"},{"@type":"BreadcrumbList","@id":"https:\/\/www.bellunopress.it\/2011\/07\/28\/ideal-standard-stabilimento-di-trichiana-sergio-reolon-la-regione-ancora-latitante-diserta-il-tavolo-crisi\/#breadcrumb","itemListElement":[{"@type":"ListItem","position":1,"name":"Home","item":"https:\/\/www.bellunopress.it\/"},{"@type":"ListItem","position":2,"name":"Ideal Standard, stabilimento di Trichiana. Sergio Reolon: &#8220;La Regione ancora latitante, diserta il tavolo crisi&#8221;"}]},{"@type":"WebSite","@id":"https:\/\/www.bellunopress.it\/#website","url":"https:\/\/www.bellunopress.it\/","name":"Bellunopress - Dolomiti","description":"e-mail: redazione@bellunopress.it","publisher":{"@id":"https:\/\/www.bellunopress.it\/#organization"},"potentialAction":[{"@type":"SearchAction","target":{"@type":"EntryPoint","urlTemplate":"https:\/\/www.bellunopress.it\/?s={search_term_string}"},"query-input":{"@type":"PropertyValueSpecification","valueRequired":true,"valueName":"search_term_string"}}],"inLanguage":"fr-FR"},{"@type":"Organization","@id":"https:\/\/www.bellunopress.it\/#organization","name":"Bellunopress","url":"https:\/\/www.bellunopress.it\/","logo":{"@type":"ImageObject","inLanguage":"fr-FR","@id":"https:\/\/www.bellunopress.it\/#\/schema\/logo\/image\/","url":"https:\/\/www.bellunopress.it\/wp-content\/uploads\/2011\/05\/cropped-logo-bellunopress-.jpg","contentUrl":"https:\/\/www.bellunopress.it\/wp-content\/uploads\/2011\/05\/cropped-logo-bellunopress-.jpg","width":512,"height":512,"caption":"Bellunopress"},"image":{"@id":"https:\/\/www.bellunopress.it\/#\/schema\/logo\/image\/"},"sameAs":["https:\/\/www.facebook.com\/profile.php?id=100008943462799","https:\/\/x.com\/bellunopress","https:\/\/www.linkedin.com\/hp\/?dnr=JBzUWaJfMUw8vbXJJ2tVW5-I3jZKvC4wsoxE&amp;amp;amp;amp;amp;amp;trk=nav_responsive_tab_home","https:\/\/www.youtube.com\/channel\/UCxL0wu1uN0_3_7hGG0306cw"]},{"@type":"Person","@id":"https:\/\/www.bellunopress.it\/#\/schema\/person\/79bb06722b37ece1c03d3e94beb30d73","name":"r\u00e9daction","image":{"@type":"ImageObject","inLanguage":"fr-FR","@id":"https:\/\/secure.gravatar.com\/avatar\/37d968a2e67a6fd04c169c4bdef102d0bc5d31b2546345219e348575eb80e9a0?s=96&d=mm&r=g","url":"https:\/\/secure.gravatar.com\/avatar\/37d968a2e67a6fd04c169c4bdef102d0bc5d31b2546345219e348575eb80e9a0?s=96&d=mm&r=g","contentUrl":"https:\/\/secure.gravatar.com\/avatar\/37d968a2e67a6fd04c169c4bdef102d0bc5d31b2546345219e348575eb80e9a0?s=96&d=mm&r=g","caption":"redazione"},"sameAs":["http:\/\/www.bellunopress.it","https:\/\/x.com\/bellunopress"],"url":"https:\/\/www.bellunopress.it\/fr\/author\/redazione\/"}]}},"_links":{"self":[{"href":"https:\/\/www.bellunopress.it\/fr\/wp-json\/wp\/v2\/posts\/29110","targetHints":{"allow":["GET"]}}],"collection":[{"href":"https:\/\/www.bellunopress.it\/fr\/wp-json\/wp\/v2\/posts"}],"about":[{"href":"https:\/\/www.bellunopress.it\/fr\/wp-json\/wp\/v2\/types\/post"}],"author":[{"embeddable":true,"href":"https:\/\/www.bellunopress.it\/fr\/wp-json\/wp\/v2\/users\/2"}],"replies":[{"embeddable":true,"href":"https:\/\/www.bellunopress.it\/fr\/wp-json\/wp\/v2\/comments?post=29110"}],"version-history":[{"count":2,"href":"https:\/\/www.bellunopress.it\/fr\/wp-json\/wp\/v2\/posts\/29110\/revisions"}],"predecessor-version":[{"id":29112,"href":"https:\/\/www.bellunopress.it\/fr\/wp-json\/wp\/v2\/posts\/29110\/revisions\/29112"}],"wp:attachment":[{"href":"https:\/\/www.bellunopress.it\/fr\/wp-json\/wp\/v2\/media?parent=29110"}],"wp:term":[{"taxonomy":"category","embeddable":true,"href":"https:\/\/www.bellunopress.it\/fr\/wp-json\/wp\/v2\/categories?post=29110"},{"taxonomy":"post_tag","embeddable":true,"href":"https:\/\/www.bellunopress.it\/fr\/wp-json\/wp\/v2\/tags?post=29110"}],"curies":[{"name":"wp","href":"https:\/\/api.w.org\/{rel}","templated":true}]}}