{"id":2876,"date":"2009-04-20T23:22:59","date_gmt":"2009-04-20T22:22:59","guid":{"rendered":"http:\/\/www.bellunopress.it\/?p=2876"},"modified":"2009-04-20T23:22:59","modified_gmt":"2009-04-20T22:22:59","slug":"incontro-tra-l%e2%80%99assessore-piol-e-gli-amministratori-locali-per-definire-il-piano-degli-interventi-sulle-strade-della-provincia","status":"publish","type":"post","link":"https:\/\/www.bellunopress.it\/fr\/2009\/04\/20\/incontro-tra-l%e2%80%99assessore-piol-e-gli-amministratori-locali-per-definire-il-piano-degli-interventi-sulle-strade-della-provincia\/","title":{"rendered":"Incontro tra l\u2019assessore Piol e gli amministratori locali per definire il piano degli interventi sulle strade della Provincia"},"content":{"rendered":"<p>L\u2019assessore provinciale alla viabilit\u00e0 Quinto Piol, accompagnato dal dirigente dell\u2019ufficio tecnico Luca Soppelsa, ha incontrato questa mattina nella sede della Comunit\u00e0 montana del Comelico gli amministratori locali e i tecnici di Veneto strade per definire i dettagli degli interventi sulle strade provinciali interessate da prossime opere, finanziate per un totale di 4 milioni e 130 mila euro.<br \/>\nIn particolare, sulla strada provinciale 6 di Danta sono previsti interventi di consolidamento e risanamento del corpo stradale per complessivi 750 mila euro. I primi lavori prenderanno il via entro la primavera 2009. Sulla strada provinciale 17 di San Pietro gli interventi per il rifacimento del muro di sostegno prevedono una spesa da parte della Provincia di 170 mila euro. Anche in questo caso i lavori partiranno entro questa primavera. 200 mila euro sono necessari e gi\u00e0 finanziati per gli interventi di risanamento del corpo stradale della strada provinciale 18 di San Nicol\u00f2 di Comelico, i cui lavori prenderanno il via entro il 2009, e altri 510 mila euro sono erogati per la rigenerazione del piano viabile, il rifacimento delle opere di sostegno e di un muro nell\u2019abitato di Casada sulla strada provinciale 30 \u201cPanoramica del Comelico\u201d.<br \/>\nPer quanto riguarda la strada provinciale 465 di Forcella Lavardet, a breve riprenderanno i lavori del primo intervento di 596 mila euro, che si completeranno entro 20 giorni. Subito dopo potranno iniziare gli interventi di messa in sicurezza tramite scogliere, che comporteranno una spesa di un milione di euro, mentre \u00e8 in fase di affidamento un altro lotto di interventi per complessivi 403 mila e 700 euro per quanto riguarda i lavori di ripristino di alcuni tratti stradali, sulla base dell\u2019accordo di programma tra Provincia e comune di Santo Stefano. Nel mese di maggio ci sar\u00e0 poi un ulteriore incontro per definire le priorit\u00e0 di intervento nel rispetto dello studio di fattibilit\u00e0 elaborato nel 2004.<br \/>\nL\u2019assessore Piol ha colto l\u2019occasione per visionare i lavori in corso per la messa in sicurezza della strada regionale 355 della Val Degano, nell\u2019area di Salafossa, la cui ultimazione \u00e8 prevista nell\u2019estate 2010 per un importo di 3 milioni e 990 mila euro, e lo stato della galleria \u201cComelico\u201d i cui interventi di sistemazione sono ripresi oggi.<\/p>","protected":false},"excerpt":{"rendered":"<p>L\u2019assessore provinciale alla viabilit\u00e0 Quinto Piol, accompagnato dal dirigente dell\u2019ufficio tecnico Luca Soppelsa, ha incontrato questa mattina nella sede della Comunit\u00e0 montana del Comelico gli amministratori locali e i tecnici di Veneto strade per definire i dettagli degli interventi sulle strade provinciali interessate da prossime opere, finanziate per un totale di 4 milioni e 130 [&hellip;]<\/p>\n","protected":false},"author":2,"featured_media":0,"comment_status":"closed","ping_status":"open","sticky":false,"template":"","format":"standard","meta":{"footnotes":""},"categories":[5],"tags":[],"class_list":["post-2876","post","type-post","status-publish","format-standard","category-cronaca"],"yoast_head":"<!-- This site is optimized with the Yoast SEO plugin v28.4 - https:\/\/yoast.com\/product\/yoast-seo-wordpress\/ -->\n<title>Incontro tra l\u2019assessore Piol e gli amministratori locali per definire il piano degli interventi sulle strade della Provincia - Bellunopress - Dolomiti<\/title>\n<meta name=\"robots\" content=\"index, follow, max-snippet:-1, max-image-preview:large, max-video-preview:-1\" \/>\n<link rel=\"canonical\" href=\"https:\/\/www.bellunopress.it\/fr\/2009\/04\/20\/incontro-tra-l\u2019assessore-piol-e-gli-amministratori-locali-per-definire-il-piano-degli-interventi-sulle-strade-della-provincia\/\" \/>\n<meta property=\"og:locale\" content=\"fr_FR\" \/>\n<meta property=\"og:type\" content=\"article\" \/>\n<meta property=\"og:title\" content=\"Incontro tra l\u2019assessore Piol e gli amministratori locali per definire il piano degli interventi sulle strade della Provincia - Bellunopress - Dolomiti\" \/>\n<meta property=\"og:description\" content=\"L\u2019assessore provinciale alla viabilit\u00e0 Quinto Piol, accompagnato dal dirigente dell\u2019ufficio tecnico Luca Soppelsa, ha incontrato questa mattina nella sede della Comunit\u00e0 montana del Comelico gli amministratori locali e i tecnici di Veneto strade per definire i dettagli degli interventi sulle strade provinciali interessate da prossime opere, finanziate per un totale di 4 milioni e 130 [&hellip;]\" \/>\n<meta property=\"og:url\" content=\"https:\/\/www.bellunopress.it\/fr\/2009\/04\/20\/incontro-tra-l\u2019assessore-piol-e-gli-amministratori-locali-per-definire-il-piano-degli-interventi-sulle-strade-della-provincia\/\" \/>\n<meta property=\"og:site_name\" content=\"Bellunopress - Dolomiti\" \/>\n<meta property=\"article:publisher\" content=\"https:\/\/www.facebook.com\/profile.php?id=100008943462799\" \/>\n<meta property=\"article:published_time\" content=\"2009-04-20T22:22:59+00:00\" \/>\n<meta property=\"og:image\" content=\"http:\/\/www.bellunopress.it\/wp-content\/uploads\/2012\/07\/logo-bellunopress-250x250-2012.jpg\" \/>\n<meta name=\"author\" content=\"redazione\" \/>\n<meta name=\"twitter:card\" content=\"summary_large_image\" \/>\n<meta name=\"twitter:creator\" content=\"@bellunopress\" \/>\n<meta name=\"twitter:site\" content=\"@bellunopress\" \/>\n<meta name=\"twitter:label1\" content=\"\u00c9crit par\" \/>\n\t<meta name=\"twitter:data1\" content=\"redazione\" \/>\n\t<meta name=\"twitter:label2\" content=\"Dur\u00e9e de lecture estim\u00e9e\" \/>\n\t<meta name=\"twitter:data2\" content=\"2 minutes\" \/>\n<script type=\"application\/ld+json\" class=\"yoast-schema-graph\">{\"@context\":\"https:\\\/\\\/schema.org\",\"@graph\":[{\"@type\":\"Article\",\"@id\":\"https:\\\/\\\/www.bellunopress.it\\\/2009\\\/04\\\/20\\\/incontro-tra-l%e2%80%99assessore-piol-e-gli-amministratori-locali-per-definire-il-piano-degli-interventi-sulle-strade-della-provincia\\\/#article\",\"isPartOf\":{\"@id\":\"https:\\\/\\\/www.bellunopress.it\\\/2009\\\/04\\\/20\\\/incontro-tra-l%e2%80%99assessore-piol-e-gli-amministratori-locali-per-definire-il-piano-degli-interventi-sulle-strade-della-provincia\\\/\"},\"author\":{\"name\":\"redazione\",\"@id\":\"https:\\\/\\\/www.bellunopress.it\\\/#\\\/schema\\\/person\\\/79bb06722b37ece1c03d3e94beb30d73\"},\"headline\":\"Incontro tra l\u2019assessore Piol e gli amministratori locali per definire il piano degli interventi sulle strade della Provincia\",\"datePublished\":\"2009-04-20T22:22:59+00:00\",\"mainEntityOfPage\":{\"@id\":\"https:\\\/\\\/www.bellunopress.it\\\/2009\\\/04\\\/20\\\/incontro-tra-l%e2%80%99assessore-piol-e-gli-amministratori-locali-per-definire-il-piano-degli-interventi-sulle-strade-della-provincia\\\/\"},\"wordCount\":369,\"publisher\":{\"@id\":\"https:\\\/\\\/www.bellunopress.it\\\/#organization\"},\"articleSection\":[\"Cronaca\\\/Politica\"],\"inLanguage\":\"fr-FR\"},{\"@type\":\"WebPage\",\"@id\":\"https:\\\/\\\/www.bellunopress.it\\\/2009\\\/04\\\/20\\\/incontro-tra-l%e2%80%99assessore-piol-e-gli-amministratori-locali-per-definire-il-piano-degli-interventi-sulle-strade-della-provincia\\\/\",\"url\":\"https:\\\/\\\/www.bellunopress.it\\\/2009\\\/04\\\/20\\\/incontro-tra-l%e2%80%99assessore-piol-e-gli-amministratori-locali-per-definire-il-piano-degli-interventi-sulle-strade-della-provincia\\\/\",\"name\":\"Incontro tra l\u2019assessore Piol e gli amministratori locali per definire il piano degli interventi sulle strade della Provincia - Bellunopress - Dolomiti\",\"isPartOf\":{\"@id\":\"https:\\\/\\\/www.bellunopress.it\\\/#website\"},\"datePublished\":\"2009-04-20T22:22:59+00:00\",\"breadcrumb\":{\"@id\":\"https:\\\/\\\/www.bellunopress.it\\\/2009\\\/04\\\/20\\\/incontro-tra-l%e2%80%99assessore-piol-e-gli-amministratori-locali-per-definire-il-piano-degli-interventi-sulle-strade-della-provincia\\\/#breadcrumb\"},\"inLanguage\":\"fr-FR\",\"potentialAction\":[{\"@type\":\"ReadAction\",\"target\":[\"https:\\\/\\\/www.bellunopress.it\\\/2009\\\/04\\\/20\\\/incontro-tra-l%e2%80%99assessore-piol-e-gli-amministratori-locali-per-definire-il-piano-degli-interventi-sulle-strade-della-provincia\\\/\"]}]},{\"@type\":\"BreadcrumbList\",\"@id\":\"https:\\\/\\\/www.bellunopress.it\\\/2009\\\/04\\\/20\\\/incontro-tra-l%e2%80%99assessore-piol-e-gli-amministratori-locali-per-definire-il-piano-degli-interventi-sulle-strade-della-provincia\\\/#breadcrumb\",\"itemListElement\":[{\"@type\":\"ListItem\",\"position\":1,\"name\":\"Home\",\"item\":\"https:\\\/\\\/www.bellunopress.it\\\/\"},{\"@type\":\"ListItem\",\"position\":2,\"name\":\"Incontro tra l\u2019assessore Piol e gli amministratori locali per definire il piano degli interventi sulle strade della Provincia\"}]},{\"@type\":\"WebSite\",\"@id\":\"https:\\\/\\\/www.bellunopress.it\\\/#website\",\"url\":\"https:\\\/\\\/www.bellunopress.it\\\/\",\"name\":\"Bellunopress - Dolomiti\",\"description\":\"e-mail: redazione@bellunopress.it\",\"publisher\":{\"@id\":\"https:\\\/\\\/www.bellunopress.it\\\/#organization\"},\"potentialAction\":[{\"@type\":\"SearchAction\",\"target\":{\"@type\":\"EntryPoint\",\"urlTemplate\":\"https:\\\/\\\/www.bellunopress.it\\\/?s={search_term_string}\"},\"query-input\":{\"@type\":\"PropertyValueSpecification\",\"valueRequired\":true,\"valueName\":\"search_term_string\"}}],\"inLanguage\":\"fr-FR\"},{\"@type\":\"Organization\",\"@id\":\"https:\\\/\\\/www.bellunopress.it\\\/#organization\",\"name\":\"Bellunopress\",\"url\":\"https:\\\/\\\/www.bellunopress.it\\\/\",\"logo\":{\"@type\":\"ImageObject\",\"inLanguage\":\"fr-FR\",\"@id\":\"https:\\\/\\\/www.bellunopress.it\\\/#\\\/schema\\\/logo\\\/image\\\/\",\"url\":\"https:\\\/\\\/www.bellunopress.it\\\/wp-content\\\/uploads\\\/2011\\\/05\\\/cropped-logo-bellunopress-.jpg\",\"contentUrl\":\"https:\\\/\\\/www.bellunopress.it\\\/wp-content\\\/uploads\\\/2011\\\/05\\\/cropped-logo-bellunopress-.jpg\",\"width\":512,\"height\":512,\"caption\":\"Bellunopress\"},\"image\":{\"@id\":\"https:\\\/\\\/www.bellunopress.it\\\/#\\\/schema\\\/logo\\\/image\\\/\"},\"sameAs\":[\"https:\\\/\\\/www.facebook.com\\\/profile.php?id=100008943462799\",\"https:\\\/\\\/x.com\\\/bellunopress\",\"https:\\\/\\\/www.linkedin.com\\\/hp\\\/?dnr=JBzUWaJfMUw8vbXJJ2tVW5-I3jZKvC4wsoxE&amp;amp;amp;amp;amp;amp;trk=nav_responsive_tab_home\",\"https:\\\/\\\/www.youtube.com\\\/channel\\\/UCxL0wu1uN0_3_7hGG0306cw\"]},{\"@type\":\"Person\",\"@id\":\"https:\\\/\\\/www.bellunopress.it\\\/#\\\/schema\\\/person\\\/79bb06722b37ece1c03d3e94beb30d73\",\"name\":\"redazione\",\"image\":{\"@type\":\"ImageObject\",\"inLanguage\":\"fr-FR\",\"@id\":\"https:\\\/\\\/secure.gravatar.com\\\/avatar\\\/37d968a2e67a6fd04c169c4bdef102d0bc5d31b2546345219e348575eb80e9a0?s=96&d=mm&r=g\",\"url\":\"https:\\\/\\\/secure.gravatar.com\\\/avatar\\\/37d968a2e67a6fd04c169c4bdef102d0bc5d31b2546345219e348575eb80e9a0?s=96&d=mm&r=g\",\"contentUrl\":\"https:\\\/\\\/secure.gravatar.com\\\/avatar\\\/37d968a2e67a6fd04c169c4bdef102d0bc5d31b2546345219e348575eb80e9a0?s=96&d=mm&r=g\",\"caption\":\"redazione\"},\"sameAs\":[\"http:\\\/\\\/www.bellunopress.it\",\"https:\\\/\\\/x.com\\\/bellunopress\"],\"url\":\"https:\\\/\\\/www.bellunopress.it\\\/fr\\\/author\\\/redazione\\\/\"}]}<\/script>\n<!-- \/ Yoast SEO plugin. -->","yoast_head_json":{"title":"Incontro tra l\u2019assessore Piol e gli amministratori locali per definire il piano degli interventi sulle strade della Provincia - Bellunopress - Dolomiti","robots":{"index":"index","follow":"follow","max-snippet":"max-snippet:-1","max-image-preview":"max-image-preview:large","max-video-preview":"max-video-preview:-1"},"canonical":"https:\/\/www.bellunopress.it\/fr\/2009\/04\/20\/incontro-tra-l\u2019assessore-piol-e-gli-amministratori-locali-per-definire-il-piano-degli-interventi-sulle-strade-della-provincia\/","og_locale":"fr_FR","og_type":"article","og_title":"Incontro tra l\u2019assessore Piol e gli amministratori locali per definire il piano degli interventi sulle strade della Provincia - Bellunopress - Dolomiti","og_description":"L\u2019assessore provinciale alla viabilit\u00e0 Quinto Piol, accompagnato dal dirigente dell\u2019ufficio tecnico Luca Soppelsa, ha incontrato questa mattina nella sede della Comunit\u00e0 montana del Comelico gli amministratori locali e i tecnici di Veneto strade per definire i dettagli degli interventi sulle strade provinciali interessate da prossime opere, finanziate per un totale di 4 milioni e 130 [&hellip;]","og_url":"https:\/\/www.bellunopress.it\/fr\/2009\/04\/20\/incontro-tra-l\u2019assessore-piol-e-gli-amministratori-locali-per-definire-il-piano-degli-interventi-sulle-strade-della-provincia\/","og_site_name":"Bellunopress - Dolomiti","article_publisher":"https:\/\/www.facebook.com\/profile.php?id=100008943462799","article_published_time":"2009-04-20T22:22:59+00:00","og_image":[{"url":"http:\/\/www.bellunopress.it\/wp-content\/uploads\/2012\/07\/logo-bellunopress-250x250-2012.jpg","type":"","width":"","height":""}],"author":"redazione","twitter_card":"summary_large_image","twitter_creator":"@bellunopress","twitter_site":"@bellunopress","twitter_misc":{"\u00c9crit par":"redazione","Dur\u00e9e de lecture estim\u00e9e":"2 minutes"},"schema":{"@context":"https:\/\/schema.org","@graph":[{"@type":"Article","@id":"https:\/\/www.bellunopress.it\/2009\/04\/20\/incontro-tra-l%e2%80%99assessore-piol-e-gli-amministratori-locali-per-definire-il-piano-degli-interventi-sulle-strade-della-provincia\/#article","isPartOf":{"@id":"https:\/\/www.bellunopress.it\/2009\/04\/20\/incontro-tra-l%e2%80%99assessore-piol-e-gli-amministratori-locali-per-definire-il-piano-degli-interventi-sulle-strade-della-provincia\/"},"author":{"name":"redazione","@id":"https:\/\/www.bellunopress.it\/#\/schema\/person\/79bb06722b37ece1c03d3e94beb30d73"},"headline":"Incontro tra l\u2019assessore Piol e gli amministratori locali per definire il piano degli interventi sulle strade della Provincia","datePublished":"2009-04-20T22:22:59+00:00","mainEntityOfPage":{"@id":"https:\/\/www.bellunopress.it\/2009\/04\/20\/incontro-tra-l%e2%80%99assessore-piol-e-gli-amministratori-locali-per-definire-il-piano-degli-interventi-sulle-strade-della-provincia\/"},"wordCount":369,"publisher":{"@id":"https:\/\/www.bellunopress.it\/#organization"},"articleSection":["Cronaca\/Politica"],"inLanguage":"fr-FR"},{"@type":"WebPage","@id":"https:\/\/www.bellunopress.it\/2009\/04\/20\/incontro-tra-l%e2%80%99assessore-piol-e-gli-amministratori-locali-per-definire-il-piano-degli-interventi-sulle-strade-della-provincia\/","url":"https:\/\/www.bellunopress.it\/2009\/04\/20\/incontro-tra-l%e2%80%99assessore-piol-e-gli-amministratori-locali-per-definire-il-piano-degli-interventi-sulle-strade-della-provincia\/","name":"Incontro tra l\u2019assessore Piol e gli amministratori locali per definire il piano degli interventi sulle strade della Provincia - Bellunopress - Dolomiti","isPartOf":{"@id":"https:\/\/www.bellunopress.it\/#website"},"datePublished":"2009-04-20T22:22:59+00:00","breadcrumb":{"@id":"https:\/\/www.bellunopress.it\/2009\/04\/20\/incontro-tra-l%e2%80%99assessore-piol-e-gli-amministratori-locali-per-definire-il-piano-degli-interventi-sulle-strade-della-provincia\/#breadcrumb"},"inLanguage":"fr-FR","potentialAction":[{"@type":"ReadAction","target":["https:\/\/www.bellunopress.it\/2009\/04\/20\/incontro-tra-l%e2%80%99assessore-piol-e-gli-amministratori-locali-per-definire-il-piano-degli-interventi-sulle-strade-della-provincia\/"]}]},{"@type":"BreadcrumbList","@id":"https:\/\/www.bellunopress.it\/2009\/04\/20\/incontro-tra-l%e2%80%99assessore-piol-e-gli-amministratori-locali-per-definire-il-piano-degli-interventi-sulle-strade-della-provincia\/#breadcrumb","itemListElement":[{"@type":"ListItem","position":1,"name":"Home","item":"https:\/\/www.bellunopress.it\/"},{"@type":"ListItem","position":2,"name":"Incontro tra l\u2019assessore Piol e gli amministratori locali per definire il piano degli interventi sulle strade della Provincia"}]},{"@type":"WebSite","@id":"https:\/\/www.bellunopress.it\/#website","url":"https:\/\/www.bellunopress.it\/","name":"Bellunopress - Dolomiti","description":"e-mail: redazione@bellunopress.it","publisher":{"@id":"https:\/\/www.bellunopress.it\/#organization"},"potentialAction":[{"@type":"SearchAction","target":{"@type":"EntryPoint","urlTemplate":"https:\/\/www.bellunopress.it\/?s={search_term_string}"},"query-input":{"@type":"PropertyValueSpecification","valueRequired":true,"valueName":"search_term_string"}}],"inLanguage":"fr-FR"},{"@type":"Organization","@id":"https:\/\/www.bellunopress.it\/#organization","name":"Bellunopress","url":"https:\/\/www.bellunopress.it\/","logo":{"@type":"ImageObject","inLanguage":"fr-FR","@id":"https:\/\/www.bellunopress.it\/#\/schema\/logo\/image\/","url":"https:\/\/www.bellunopress.it\/wp-content\/uploads\/2011\/05\/cropped-logo-bellunopress-.jpg","contentUrl":"https:\/\/www.bellunopress.it\/wp-content\/uploads\/2011\/05\/cropped-logo-bellunopress-.jpg","width":512,"height":512,"caption":"Bellunopress"},"image":{"@id":"https:\/\/www.bellunopress.it\/#\/schema\/logo\/image\/"},"sameAs":["https:\/\/www.facebook.com\/profile.php?id=100008943462799","https:\/\/x.com\/bellunopress","https:\/\/www.linkedin.com\/hp\/?dnr=JBzUWaJfMUw8vbXJJ2tVW5-I3jZKvC4wsoxE&amp;amp;amp;amp;amp;amp;trk=nav_responsive_tab_home","https:\/\/www.youtube.com\/channel\/UCxL0wu1uN0_3_7hGG0306cw"]},{"@type":"Person","@id":"https:\/\/www.bellunopress.it\/#\/schema\/person\/79bb06722b37ece1c03d3e94beb30d73","name":"r\u00e9daction","image":{"@type":"ImageObject","inLanguage":"fr-FR","@id":"https:\/\/secure.gravatar.com\/avatar\/37d968a2e67a6fd04c169c4bdef102d0bc5d31b2546345219e348575eb80e9a0?s=96&d=mm&r=g","url":"https:\/\/secure.gravatar.com\/avatar\/37d968a2e67a6fd04c169c4bdef102d0bc5d31b2546345219e348575eb80e9a0?s=96&d=mm&r=g","contentUrl":"https:\/\/secure.gravatar.com\/avatar\/37d968a2e67a6fd04c169c4bdef102d0bc5d31b2546345219e348575eb80e9a0?s=96&d=mm&r=g","caption":"redazione"},"sameAs":["http:\/\/www.bellunopress.it","https:\/\/x.com\/bellunopress"],"url":"https:\/\/www.bellunopress.it\/fr\/author\/redazione\/"}]}},"_links":{"self":[{"href":"https:\/\/www.bellunopress.it\/fr\/wp-json\/wp\/v2\/posts\/2876","targetHints":{"allow":["GET"]}}],"collection":[{"href":"https:\/\/www.bellunopress.it\/fr\/wp-json\/wp\/v2\/posts"}],"about":[{"href":"https:\/\/www.bellunopress.it\/fr\/wp-json\/wp\/v2\/types\/post"}],"author":[{"embeddable":true,"href":"https:\/\/www.bellunopress.it\/fr\/wp-json\/wp\/v2\/users\/2"}],"replies":[{"embeddable":true,"href":"https:\/\/www.bellunopress.it\/fr\/wp-json\/wp\/v2\/comments?post=2876"}],"version-history":[{"count":1,"href":"https:\/\/www.bellunopress.it\/fr\/wp-json\/wp\/v2\/posts\/2876\/revisions"}],"predecessor-version":[{"id":2877,"href":"https:\/\/www.bellunopress.it\/fr\/wp-json\/wp\/v2\/posts\/2876\/revisions\/2877"}],"wp:attachment":[{"href":"https:\/\/www.bellunopress.it\/fr\/wp-json\/wp\/v2\/media?parent=2876"}],"wp:term":[{"taxonomy":"category","embeddable":true,"href":"https:\/\/www.bellunopress.it\/fr\/wp-json\/wp\/v2\/categories?post=2876"},{"taxonomy":"post_tag","embeddable":true,"href":"https:\/\/www.bellunopress.it\/fr\/wp-json\/wp\/v2\/tags?post=2876"}],"curies":[{"name":"wp","href":"https:\/\/api.w.org\/{rel}","templated":true}]}}