{"id":2863,"date":"2009-04-20T22:53:35","date_gmt":"2009-04-20T21:53:35","guid":{"rendered":"http:\/\/www.bellunopress.it\/?p=2863"},"modified":"2009-04-20T22:58:35","modified_gmt":"2009-04-20T21:58:35","slug":"bilancio-comunale-la-maggioranza-si-ricompatta-contro-il-pd-ma-due-consiglieri-leghisti-si-astengono-dal-voto","status":"publish","type":"post","link":"https:\/\/www.bellunopress.it\/fr\/2009\/04\/20\/bilancio-comunale-la-maggioranza-si-ricompatta-contro-il-pd-ma-due-consiglieri-leghisti-si-astengono-dal-voto\/","title":{"rendered":"Bilancio comunale, la maggioranza si ricompatta contro il PD ma due consiglieri leghisti si astengono dal voto"},"content":{"rendered":"<figure id=\"attachment_2868\" aria-describedby=\"caption-attachment-2868\" style=\"width: 280px\" class=\"wp-caption alignleft\"><a href=\"http:\/\/www.bellunopress.it\/wp-content\/uploads\/2009\/04\/consiglio-comunale-leggera1.jpg\"><img loading=\"lazy\" decoding=\"async\" class=\"size-medium wp-image-2868\" title=\"consiglio-comunale-leggera1\" src=\"http:\/\/www.bellunopress.it\/wp-content\/uploads\/2009\/04\/consiglio-comunale-leggera1.jpg\" alt=\"Il consiglio comunale di ieri\" width=\"280\" height=\"177\" \/><\/a><figcaption id=\"caption-attachment-2868\" class=\"wp-caption-text\">Il consiglio comunale di ieri<\/figcaption><\/figure>\n<p>E\u2019stato approvato ieri mattina in consiglio comunale a Belluno il bilancio annuale di previsione per il 2009 \u2013 bilancio pluriennale e relazione previsionale e programmatica per il triennio 2009-2011. Dopo l\u2019ultima vicenda, con il mancato raggiungimento del numero legale di consiglieri e lo sgambetto a Prade, la maggioranza di centrodestra si \u00e8 ricompattata intorno al sindaco, e tranne che per i due consiglieri della Lega assentatisi al momento della votazione, il provvedimento \u00e8 stato approvato con 22 voti a favore. Sembrano cos\u00ec passati anche i timori espressi da alcuni circa il possibile intervento punitivo della Corte dei Conti sullo sforamento programmato del Patto di stabilit\u00e0. Critica l\u2019opposizione su quella che il capogruppo del PD, Jacopo Massaro, ritiene \u201cuna questione inusuale, dove viene programmato lo sforamento del Patto di stabilit\u00e0 e non sono nemmeno previste misure di contrasto per riuscire a rientrare negli anni successivi\u201d. Una spirale che l\u2019opposizione definisce \u201calquanto pericolosa\u201d. \u201cUna richiesta di approvazione che Prade nel suo intervento non ha esitato a brandire come una clava contro il PD\u201d, afferma Massaro, \u201cma che mette in luce la mancanza di un vero progetto politico da parte della Giunta e della maggioranza come \u00e8 accaduto puntualmente anche per questo provvedimento. Da parte nostra \u00e8 da due anni che rappresentiamo in consiglio le cose che non funzionano e quelle che possono essere migliorate senza mai riuscire ad ottenere un confronto positivo\u201d.<\/p>","protected":false},"excerpt":{"rendered":"<p>E\u2019stato approvato ieri mattina in consiglio comunale a Belluno il bilancio annuale di previsione per il 2009 \u2013 bilancio pluriennale e relazione previsionale e programmatica per il triennio 2009-2011. Dopo l\u2019ultima vicenda, con il mancato raggiungimento del numero legale di consiglieri e lo sgambetto a Prade, la maggioranza di centrodestra si \u00e8 ricompattata intorno al [&hellip;]<\/p>\n","protected":false},"author":2,"featured_media":0,"comment_status":"closed","ping_status":"open","sticky":false,"template":"","format":"standard","meta":{"footnotes":""},"categories":[5,26],"tags":[139],"class_list":["post-2863","post","type-post","status-publish","format-standard","category-cronaca","category-prima-pagina","tag-belluno"],"yoast_head":"<!-- This site is optimized with the Yoast SEO plugin v28.4 - https:\/\/yoast.com\/product\/yoast-seo-wordpress\/ -->\n<title>Bilancio comunale, la maggioranza si ricompatta contro il PD ma due consiglieri leghisti si astengono dal voto - Bellunopress - Dolomiti<\/title>\n<meta name=\"robots\" content=\"index, follow, max-snippet:-1, max-image-preview:large, max-video-preview:-1\" \/>\n<link rel=\"canonical\" href=\"https:\/\/www.bellunopress.it\/fr\/2009\/04\/20\/bilancio-comunale-la-maggioranza-si-ricompatta-contro-il-pd-ma-due-consiglieri-leghisti-si-astengono-dal-voto\/\" \/>\n<meta property=\"og:locale\" content=\"fr_FR\" \/>\n<meta property=\"og:type\" content=\"article\" \/>\n<meta property=\"og:title\" content=\"Bilancio comunale, la maggioranza si ricompatta contro il PD ma due consiglieri leghisti si astengono dal voto - Bellunopress - Dolomiti\" \/>\n<meta property=\"og:description\" content=\"E\u2019stato approvato ieri mattina in consiglio comunale a Belluno il bilancio annuale di previsione per il 2009 \u2013 bilancio pluriennale e relazione previsionale e programmatica per il triennio 2009-2011. Dopo l\u2019ultima vicenda, con il mancato raggiungimento del numero legale di consiglieri e lo sgambetto a Prade, la maggioranza di centrodestra si \u00e8 ricompattata intorno al [&hellip;]\" \/>\n<meta property=\"og:url\" content=\"https:\/\/www.bellunopress.it\/fr\/2009\/04\/20\/bilancio-comunale-la-maggioranza-si-ricompatta-contro-il-pd-ma-due-consiglieri-leghisti-si-astengono-dal-voto\/\" \/>\n<meta property=\"og:site_name\" content=\"Bellunopress - Dolomiti\" \/>\n<meta property=\"article:publisher\" content=\"https:\/\/www.facebook.com\/profile.php?id=100008943462799\" \/>\n<meta property=\"article:published_time\" content=\"2009-04-20T21:53:35+00:00\" \/>\n<meta property=\"article:modified_time\" content=\"2009-04-20T21:58:35+00:00\" \/>\n<meta property=\"og:image\" content=\"http:\/\/www.bellunopress.it\/wp-content\/uploads\/2009\/04\/consiglio-comunale-leggera1.jpg\" \/>\n<meta name=\"author\" content=\"redazione\" \/>\n<meta name=\"twitter:card\" content=\"summary_large_image\" \/>\n<meta name=\"twitter:creator\" content=\"@bellunopress\" \/>\n<meta name=\"twitter:site\" content=\"@bellunopress\" \/>\n<meta name=\"twitter:label1\" content=\"\u00c9crit par\" \/>\n\t<meta name=\"twitter:data1\" content=\"redazione\" \/>\n\t<meta name=\"twitter:label2\" content=\"Dur\u00e9e de lecture estim\u00e9e\" \/>\n\t<meta name=\"twitter:data2\" content=\"1 minute\" \/>\n<script type=\"application\/ld+json\" class=\"yoast-schema-graph\">{\"@context\":\"https:\\\/\\\/schema.org\",\"@graph\":[{\"@type\":\"Article\",\"@id\":\"https:\\\/\\\/www.bellunopress.it\\\/2009\\\/04\\\/20\\\/bilancio-comunale-la-maggioranza-si-ricompatta-contro-il-pd-ma-due-consiglieri-leghisti-si-astengono-dal-voto\\\/#article\",\"isPartOf\":{\"@id\":\"https:\\\/\\\/www.bellunopress.it\\\/2009\\\/04\\\/20\\\/bilancio-comunale-la-maggioranza-si-ricompatta-contro-il-pd-ma-due-consiglieri-leghisti-si-astengono-dal-voto\\\/\"},\"author\":{\"name\":\"redazione\",\"@id\":\"https:\\\/\\\/www.bellunopress.it\\\/#\\\/schema\\\/person\\\/79bb06722b37ece1c03d3e94beb30d73\"},\"headline\":\"Bilancio comunale, la maggioranza si ricompatta contro il PD ma due consiglieri leghisti si astengono dal voto\",\"datePublished\":\"2009-04-20T21:53:35+00:00\",\"dateModified\":\"2009-04-20T21:58:35+00:00\",\"mainEntityOfPage\":{\"@id\":\"https:\\\/\\\/www.bellunopress.it\\\/2009\\\/04\\\/20\\\/bilancio-comunale-la-maggioranza-si-ricompatta-contro-il-pd-ma-due-consiglieri-leghisti-si-astengono-dal-voto\\\/\"},\"wordCount\":257,\"publisher\":{\"@id\":\"https:\\\/\\\/www.bellunopress.it\\\/#organization\"},\"image\":{\"@id\":\"https:\\\/\\\/www.bellunopress.it\\\/2009\\\/04\\\/20\\\/bilancio-comunale-la-maggioranza-si-ricompatta-contro-il-pd-ma-due-consiglieri-leghisti-si-astengono-dal-voto\\\/#primaryimage\"},\"thumbnailUrl\":\"http:\\\/\\\/www.bellunopress.it\\\/wp-content\\\/uploads\\\/2009\\\/04\\\/consiglio-comunale-leggera1.jpg\",\"keywords\":[\"Belluno\"],\"articleSection\":[\"Cronaca\\\/Politica\",\"Prima Pagina\"],\"inLanguage\":\"fr-FR\"},{\"@type\":\"WebPage\",\"@id\":\"https:\\\/\\\/www.bellunopress.it\\\/2009\\\/04\\\/20\\\/bilancio-comunale-la-maggioranza-si-ricompatta-contro-il-pd-ma-due-consiglieri-leghisti-si-astengono-dal-voto\\\/\",\"url\":\"https:\\\/\\\/www.bellunopress.it\\\/2009\\\/04\\\/20\\\/bilancio-comunale-la-maggioranza-si-ricompatta-contro-il-pd-ma-due-consiglieri-leghisti-si-astengono-dal-voto\\\/\",\"name\":\"Bilancio comunale, la maggioranza si ricompatta contro il PD ma due consiglieri leghisti si astengono dal voto - Bellunopress - Dolomiti\",\"isPartOf\":{\"@id\":\"https:\\\/\\\/www.bellunopress.it\\\/#website\"},\"primaryImageOfPage\":{\"@id\":\"https:\\\/\\\/www.bellunopress.it\\\/2009\\\/04\\\/20\\\/bilancio-comunale-la-maggioranza-si-ricompatta-contro-il-pd-ma-due-consiglieri-leghisti-si-astengono-dal-voto\\\/#primaryimage\"},\"image\":{\"@id\":\"https:\\\/\\\/www.bellunopress.it\\\/2009\\\/04\\\/20\\\/bilancio-comunale-la-maggioranza-si-ricompatta-contro-il-pd-ma-due-consiglieri-leghisti-si-astengono-dal-voto\\\/#primaryimage\"},\"thumbnailUrl\":\"http:\\\/\\\/www.bellunopress.it\\\/wp-content\\\/uploads\\\/2009\\\/04\\\/consiglio-comunale-leggera1.jpg\",\"datePublished\":\"2009-04-20T21:53:35+00:00\",\"dateModified\":\"2009-04-20T21:58:35+00:00\",\"breadcrumb\":{\"@id\":\"https:\\\/\\\/www.bellunopress.it\\\/2009\\\/04\\\/20\\\/bilancio-comunale-la-maggioranza-si-ricompatta-contro-il-pd-ma-due-consiglieri-leghisti-si-astengono-dal-voto\\\/#breadcrumb\"},\"inLanguage\":\"fr-FR\",\"potentialAction\":[{\"@type\":\"ReadAction\",\"target\":[\"https:\\\/\\\/www.bellunopress.it\\\/2009\\\/04\\\/20\\\/bilancio-comunale-la-maggioranza-si-ricompatta-contro-il-pd-ma-due-consiglieri-leghisti-si-astengono-dal-voto\\\/\"]}]},{\"@type\":\"ImageObject\",\"inLanguage\":\"fr-FR\",\"@id\":\"https:\\\/\\\/www.bellunopress.it\\\/2009\\\/04\\\/20\\\/bilancio-comunale-la-maggioranza-si-ricompatta-contro-il-pd-ma-due-consiglieri-leghisti-si-astengono-dal-voto\\\/#primaryimage\",\"url\":\"http:\\\/\\\/www.bellunopress.it\\\/wp-content\\\/uploads\\\/2009\\\/04\\\/consiglio-comunale-leggera1.jpg\",\"contentUrl\":\"http:\\\/\\\/www.bellunopress.it\\\/wp-content\\\/uploads\\\/2009\\\/04\\\/consiglio-comunale-leggera1.jpg\"},{\"@type\":\"BreadcrumbList\",\"@id\":\"https:\\\/\\\/www.bellunopress.it\\\/2009\\\/04\\\/20\\\/bilancio-comunale-la-maggioranza-si-ricompatta-contro-il-pd-ma-due-consiglieri-leghisti-si-astengono-dal-voto\\\/#breadcrumb\",\"itemListElement\":[{\"@type\":\"ListItem\",\"position\":1,\"name\":\"Home\",\"item\":\"https:\\\/\\\/www.bellunopress.it\\\/\"},{\"@type\":\"ListItem\",\"position\":2,\"name\":\"Bilancio comunale, la maggioranza si ricompatta contro il PD ma due consiglieri leghisti si astengono dal voto\"}]},{\"@type\":\"WebSite\",\"@id\":\"https:\\\/\\\/www.bellunopress.it\\\/#website\",\"url\":\"https:\\\/\\\/www.bellunopress.it\\\/\",\"name\":\"Bellunopress - Dolomiti\",\"description\":\"e-mail: redazione@bellunopress.it\",\"publisher\":{\"@id\":\"https:\\\/\\\/www.bellunopress.it\\\/#organization\"},\"potentialAction\":[{\"@type\":\"SearchAction\",\"target\":{\"@type\":\"EntryPoint\",\"urlTemplate\":\"https:\\\/\\\/www.bellunopress.it\\\/?s={search_term_string}\"},\"query-input\":{\"@type\":\"PropertyValueSpecification\",\"valueRequired\":true,\"valueName\":\"search_term_string\"}}],\"inLanguage\":\"fr-FR\"},{\"@type\":\"Organization\",\"@id\":\"https:\\\/\\\/www.bellunopress.it\\\/#organization\",\"name\":\"Bellunopress\",\"url\":\"https:\\\/\\\/www.bellunopress.it\\\/\",\"logo\":{\"@type\":\"ImageObject\",\"inLanguage\":\"fr-FR\",\"@id\":\"https:\\\/\\\/www.bellunopress.it\\\/#\\\/schema\\\/logo\\\/image\\\/\",\"url\":\"https:\\\/\\\/www.bellunopress.it\\\/wp-content\\\/uploads\\\/2011\\\/05\\\/cropped-logo-bellunopress-.jpg\",\"contentUrl\":\"https:\\\/\\\/www.bellunopress.it\\\/wp-content\\\/uploads\\\/2011\\\/05\\\/cropped-logo-bellunopress-.jpg\",\"width\":512,\"height\":512,\"caption\":\"Bellunopress\"},\"image\":{\"@id\":\"https:\\\/\\\/www.bellunopress.it\\\/#\\\/schema\\\/logo\\\/image\\\/\"},\"sameAs\":[\"https:\\\/\\\/www.facebook.com\\\/profile.php?id=100008943462799\",\"https:\\\/\\\/x.com\\\/bellunopress\",\"https:\\\/\\\/www.linkedin.com\\\/hp\\\/?dnr=JBzUWaJfMUw8vbXJJ2tVW5-I3jZKvC4wsoxE&amp;amp;amp;amp;amp;amp;trk=nav_responsive_tab_home\",\"https:\\\/\\\/www.youtube.com\\\/channel\\\/UCxL0wu1uN0_3_7hGG0306cw\"]},{\"@type\":\"Person\",\"@id\":\"https:\\\/\\\/www.bellunopress.it\\\/#\\\/schema\\\/person\\\/79bb06722b37ece1c03d3e94beb30d73\",\"name\":\"redazione\",\"image\":{\"@type\":\"ImageObject\",\"inLanguage\":\"fr-FR\",\"@id\":\"https:\\\/\\\/secure.gravatar.com\\\/avatar\\\/37d968a2e67a6fd04c169c4bdef102d0bc5d31b2546345219e348575eb80e9a0?s=96&d=mm&r=g\",\"url\":\"https:\\\/\\\/secure.gravatar.com\\\/avatar\\\/37d968a2e67a6fd04c169c4bdef102d0bc5d31b2546345219e348575eb80e9a0?s=96&d=mm&r=g\",\"contentUrl\":\"https:\\\/\\\/secure.gravatar.com\\\/avatar\\\/37d968a2e67a6fd04c169c4bdef102d0bc5d31b2546345219e348575eb80e9a0?s=96&d=mm&r=g\",\"caption\":\"redazione\"},\"sameAs\":[\"http:\\\/\\\/www.bellunopress.it\",\"https:\\\/\\\/x.com\\\/bellunopress\"],\"url\":\"https:\\\/\\\/www.bellunopress.it\\\/fr\\\/author\\\/redazione\\\/\"}]}<\/script>\n<!-- \/ Yoast SEO plugin. -->","yoast_head_json":{"title":"Bilancio comunale, la maggioranza si ricompatta contro il PD ma due consiglieri leghisti si astengono dal voto - Bellunopress - Dolomiti","robots":{"index":"index","follow":"follow","max-snippet":"max-snippet:-1","max-image-preview":"max-image-preview:large","max-video-preview":"max-video-preview:-1"},"canonical":"https:\/\/www.bellunopress.it\/fr\/2009\/04\/20\/bilancio-comunale-la-maggioranza-si-ricompatta-contro-il-pd-ma-due-consiglieri-leghisti-si-astengono-dal-voto\/","og_locale":"fr_FR","og_type":"article","og_title":"Bilancio comunale, la maggioranza si ricompatta contro il PD ma due consiglieri leghisti si astengono dal voto - Bellunopress - Dolomiti","og_description":"E\u2019stato approvato ieri mattina in consiglio comunale a Belluno il bilancio annuale di previsione per il 2009 \u2013 bilancio pluriennale e relazione previsionale e programmatica per il triennio 2009-2011. Dopo l\u2019ultima vicenda, con il mancato raggiungimento del numero legale di consiglieri e lo sgambetto a Prade, la maggioranza di centrodestra si \u00e8 ricompattata intorno al [&hellip;]","og_url":"https:\/\/www.bellunopress.it\/fr\/2009\/04\/20\/bilancio-comunale-la-maggioranza-si-ricompatta-contro-il-pd-ma-due-consiglieri-leghisti-si-astengono-dal-voto\/","og_site_name":"Bellunopress - Dolomiti","article_publisher":"https:\/\/www.facebook.com\/profile.php?id=100008943462799","article_published_time":"2009-04-20T21:53:35+00:00","article_modified_time":"2009-04-20T21:58:35+00:00","og_image":[{"url":"http:\/\/www.bellunopress.it\/wp-content\/uploads\/2009\/04\/consiglio-comunale-leggera1.jpg","type":"","width":"","height":""}],"author":"redazione","twitter_card":"summary_large_image","twitter_creator":"@bellunopress","twitter_site":"@bellunopress","twitter_misc":{"\u00c9crit par":"redazione","Dur\u00e9e de lecture estim\u00e9e":"1 minute"},"schema":{"@context":"https:\/\/schema.org","@graph":[{"@type":"Article","@id":"https:\/\/www.bellunopress.it\/2009\/04\/20\/bilancio-comunale-la-maggioranza-si-ricompatta-contro-il-pd-ma-due-consiglieri-leghisti-si-astengono-dal-voto\/#article","isPartOf":{"@id":"https:\/\/www.bellunopress.it\/2009\/04\/20\/bilancio-comunale-la-maggioranza-si-ricompatta-contro-il-pd-ma-due-consiglieri-leghisti-si-astengono-dal-voto\/"},"author":{"name":"redazione","@id":"https:\/\/www.bellunopress.it\/#\/schema\/person\/79bb06722b37ece1c03d3e94beb30d73"},"headline":"Bilancio comunale, la maggioranza si ricompatta contro il PD ma due consiglieri leghisti si astengono dal voto","datePublished":"2009-04-20T21:53:35+00:00","dateModified":"2009-04-20T21:58:35+00:00","mainEntityOfPage":{"@id":"https:\/\/www.bellunopress.it\/2009\/04\/20\/bilancio-comunale-la-maggioranza-si-ricompatta-contro-il-pd-ma-due-consiglieri-leghisti-si-astengono-dal-voto\/"},"wordCount":257,"publisher":{"@id":"https:\/\/www.bellunopress.it\/#organization"},"image":{"@id":"https:\/\/www.bellunopress.it\/2009\/04\/20\/bilancio-comunale-la-maggioranza-si-ricompatta-contro-il-pd-ma-due-consiglieri-leghisti-si-astengono-dal-voto\/#primaryimage"},"thumbnailUrl":"http:\/\/www.bellunopress.it\/wp-content\/uploads\/2009\/04\/consiglio-comunale-leggera1.jpg","keywords":["Belluno"],"articleSection":["Cronaca\/Politica","Prima Pagina"],"inLanguage":"fr-FR"},{"@type":"WebPage","@id":"https:\/\/www.bellunopress.it\/2009\/04\/20\/bilancio-comunale-la-maggioranza-si-ricompatta-contro-il-pd-ma-due-consiglieri-leghisti-si-astengono-dal-voto\/","url":"https:\/\/www.bellunopress.it\/2009\/04\/20\/bilancio-comunale-la-maggioranza-si-ricompatta-contro-il-pd-ma-due-consiglieri-leghisti-si-astengono-dal-voto\/","name":"Bilancio comunale, la maggioranza si ricompatta contro il PD ma due consiglieri leghisti si astengono dal voto - Bellunopress - Dolomiti","isPartOf":{"@id":"https:\/\/www.bellunopress.it\/#website"},"primaryImageOfPage":{"@id":"https:\/\/www.bellunopress.it\/2009\/04\/20\/bilancio-comunale-la-maggioranza-si-ricompatta-contro-il-pd-ma-due-consiglieri-leghisti-si-astengono-dal-voto\/#primaryimage"},"image":{"@id":"https:\/\/www.bellunopress.it\/2009\/04\/20\/bilancio-comunale-la-maggioranza-si-ricompatta-contro-il-pd-ma-due-consiglieri-leghisti-si-astengono-dal-voto\/#primaryimage"},"thumbnailUrl":"http:\/\/www.bellunopress.it\/wp-content\/uploads\/2009\/04\/consiglio-comunale-leggera1.jpg","datePublished":"2009-04-20T21:53:35+00:00","dateModified":"2009-04-20T21:58:35+00:00","breadcrumb":{"@id":"https:\/\/www.bellunopress.it\/2009\/04\/20\/bilancio-comunale-la-maggioranza-si-ricompatta-contro-il-pd-ma-due-consiglieri-leghisti-si-astengono-dal-voto\/#breadcrumb"},"inLanguage":"fr-FR","potentialAction":[{"@type":"ReadAction","target":["https:\/\/www.bellunopress.it\/2009\/04\/20\/bilancio-comunale-la-maggioranza-si-ricompatta-contro-il-pd-ma-due-consiglieri-leghisti-si-astengono-dal-voto\/"]}]},{"@type":"ImageObject","inLanguage":"fr-FR","@id":"https:\/\/www.bellunopress.it\/2009\/04\/20\/bilancio-comunale-la-maggioranza-si-ricompatta-contro-il-pd-ma-due-consiglieri-leghisti-si-astengono-dal-voto\/#primaryimage","url":"http:\/\/www.bellunopress.it\/wp-content\/uploads\/2009\/04\/consiglio-comunale-leggera1.jpg","contentUrl":"http:\/\/www.bellunopress.it\/wp-content\/uploads\/2009\/04\/consiglio-comunale-leggera1.jpg"},{"@type":"BreadcrumbList","@id":"https:\/\/www.bellunopress.it\/2009\/04\/20\/bilancio-comunale-la-maggioranza-si-ricompatta-contro-il-pd-ma-due-consiglieri-leghisti-si-astengono-dal-voto\/#breadcrumb","itemListElement":[{"@type":"ListItem","position":1,"name":"Home","item":"https:\/\/www.bellunopress.it\/"},{"@type":"ListItem","position":2,"name":"Bilancio comunale, la maggioranza si ricompatta contro il PD ma due consiglieri leghisti si astengono dal voto"}]},{"@type":"WebSite","@id":"https:\/\/www.bellunopress.it\/#website","url":"https:\/\/www.bellunopress.it\/","name":"Bellunopress - Dolomiti","description":"e-mail: redazione@bellunopress.it","publisher":{"@id":"https:\/\/www.bellunopress.it\/#organization"},"potentialAction":[{"@type":"SearchAction","target":{"@type":"EntryPoint","urlTemplate":"https:\/\/www.bellunopress.it\/?s={search_term_string}"},"query-input":{"@type":"PropertyValueSpecification","valueRequired":true,"valueName":"search_term_string"}}],"inLanguage":"fr-FR"},{"@type":"Organization","@id":"https:\/\/www.bellunopress.it\/#organization","name":"Bellunopress","url":"https:\/\/www.bellunopress.it\/","logo":{"@type":"ImageObject","inLanguage":"fr-FR","@id":"https:\/\/www.bellunopress.it\/#\/schema\/logo\/image\/","url":"https:\/\/www.bellunopress.it\/wp-content\/uploads\/2011\/05\/cropped-logo-bellunopress-.jpg","contentUrl":"https:\/\/www.bellunopress.it\/wp-content\/uploads\/2011\/05\/cropped-logo-bellunopress-.jpg","width":512,"height":512,"caption":"Bellunopress"},"image":{"@id":"https:\/\/www.bellunopress.it\/#\/schema\/logo\/image\/"},"sameAs":["https:\/\/www.facebook.com\/profile.php?id=100008943462799","https:\/\/x.com\/bellunopress","https:\/\/www.linkedin.com\/hp\/?dnr=JBzUWaJfMUw8vbXJJ2tVW5-I3jZKvC4wsoxE&amp;amp;amp;amp;amp;amp;trk=nav_responsive_tab_home","https:\/\/www.youtube.com\/channel\/UCxL0wu1uN0_3_7hGG0306cw"]},{"@type":"Person","@id":"https:\/\/www.bellunopress.it\/#\/schema\/person\/79bb06722b37ece1c03d3e94beb30d73","name":"r\u00e9daction","image":{"@type":"ImageObject","inLanguage":"fr-FR","@id":"https:\/\/secure.gravatar.com\/avatar\/37d968a2e67a6fd04c169c4bdef102d0bc5d31b2546345219e348575eb80e9a0?s=96&d=mm&r=g","url":"https:\/\/secure.gravatar.com\/avatar\/37d968a2e67a6fd04c169c4bdef102d0bc5d31b2546345219e348575eb80e9a0?s=96&d=mm&r=g","contentUrl":"https:\/\/secure.gravatar.com\/avatar\/37d968a2e67a6fd04c169c4bdef102d0bc5d31b2546345219e348575eb80e9a0?s=96&d=mm&r=g","caption":"redazione"},"sameAs":["http:\/\/www.bellunopress.it","https:\/\/x.com\/bellunopress"],"url":"https:\/\/www.bellunopress.it\/fr\/author\/redazione\/"}]}},"_links":{"self":[{"href":"https:\/\/www.bellunopress.it\/fr\/wp-json\/wp\/v2\/posts\/2863","targetHints":{"allow":["GET"]}}],"collection":[{"href":"https:\/\/www.bellunopress.it\/fr\/wp-json\/wp\/v2\/posts"}],"about":[{"href":"https:\/\/www.bellunopress.it\/fr\/wp-json\/wp\/v2\/types\/post"}],"author":[{"embeddable":true,"href":"https:\/\/www.bellunopress.it\/fr\/wp-json\/wp\/v2\/users\/2"}],"replies":[{"embeddable":true,"href":"https:\/\/www.bellunopress.it\/fr\/wp-json\/wp\/v2\/comments?post=2863"}],"version-history":[{"count":3,"href":"https:\/\/www.bellunopress.it\/fr\/wp-json\/wp\/v2\/posts\/2863\/revisions"}],"predecessor-version":[{"id":2867,"href":"https:\/\/www.bellunopress.it\/fr\/wp-json\/wp\/v2\/posts\/2863\/revisions\/2867"}],"wp:attachment":[{"href":"https:\/\/www.bellunopress.it\/fr\/wp-json\/wp\/v2\/media?parent=2863"}],"wp:term":[{"taxonomy":"category","embeddable":true,"href":"https:\/\/www.bellunopress.it\/fr\/wp-json\/wp\/v2\/categories?post=2863"},{"taxonomy":"post_tag","embeddable":true,"href":"https:\/\/www.bellunopress.it\/fr\/wp-json\/wp\/v2\/tags?post=2863"}],"curies":[{"name":"wp","href":"https:\/\/api.w.org\/{rel}","templated":true}]}}