{"id":28397,"date":"2011-07-04T15:45:14","date_gmt":"2011-07-04T14:45:14","guid":{"rendered":"http:\/\/www.bellunopress.it\/?p=28397"},"modified":"2011-07-04T15:45:14","modified_gmt":"2011-07-04T14:45:14","slug":"inaugurato-lo-sportello-unico-per-il-demanio-idrico","status":"publish","type":"post","link":"https:\/\/www.bellunopress.it\/fr\/2011\/07\/04\/inaugurato-lo-sportello-unico-per-il-demanio-idrico\/","title":{"rendered":"Inaugurato lo Sportello Unico per il Demanio Idrico"},"content":{"rendered":"<figure id=\"attachment_28398\" aria-describedby=\"caption-attachment-28398\" style=\"width: 270px\" class=\"wp-caption alignleft\"><a href=\"http:\/\/www.bellunopress.it\/wp-content\/uploads\/2011\/07\/zanolla_bottacin_conte.jpg\"><img loading=\"lazy\" decoding=\"async\" class=\"size-full wp-image-28398\" title=\"zanolla_bottacin_conte\" src=\"http:\/\/www.bellunopress.it\/wp-content\/uploads\/2011\/07\/zanolla_bottacin_conte.jpg\" alt=\"\" width=\"270\" height=\"270\" srcset=\"https:\/\/www.bellunopress.it\/wp-content\/uploads\/2011\/07\/zanolla_bottacin_conte.jpg 270w, https:\/\/www.bellunopress.it\/wp-content\/uploads\/2011\/07\/zanolla_bottacin_conte-150x150.jpg 150w\" sizes=\"auto, (max-width: 270px) 100vw, 270px\" \/><\/a><figcaption id=\"caption-attachment-28398\" class=\"wp-caption-text\">Zanolla, Bottacin, Conte<\/figcaption><\/figure>\n<p>Alla presenza dell\u2019assessore regionale del Veneto, Maurizio Conte, \u00e8 stato inaugurato quest\u2019oggi a Belluno, presso la sede all\u2019angolo tra via Loreto e via Caffi, lo Sportello Unico per il Demanio Idrico. Alla cerimonia anche il presidente della Provincia, Gianpaolo Bottacin, l\u2019assessore di comparto, Bruno Zanolla.<br \/>\nIl presidente Bottacin ha ripercorso le tappe che hanno portato all\u2019odierna inaugurazione: \u00abNel 2006, l\u2019allora maggioranza del Consiglio regionale veneto ha approvato la legge per il trasferimento della delega alla Provincia di Belluno; poi, nel 2008, \u00e8 arrivato il raddoppio dei canoni idrici, portato avanti dal sottoscritto e dall\u2019allora presidente di Commissione preposta, proprio lo stesso Maurizio Conte. Nel 2009, superate le contrapposizioni della passata amministrazione provinciale con la Regione, il mio esecutivo ha finalmente siglato l\u2019accordo per il trasferimento della delega: una partita da dodici milioni di euro annui, che verranno re-investiti nella difesa del suolo, perch\u00e9 \u2013 \u00e8 bene ricordarlo \u2013 la nostra provincia conta ben 6.000 fenomeni franosi, nel computo totale di 9.500 in tutto il Veneto\u00bb.<br \/>\nIl presidente ha quindi ringraziato l\u2019assessore di Palazzo Piloni, Bruno Zanolla, il quale ha sottolineato come \u00abora i cittadini si aspettano l\u2019operativit\u00e0 della struttura che abbiamo inaugurato e daremo risposte. Ringrazio chi ha lavorato e lavorer\u00e0 in questi uffici, garantendo il supporto ai cittadini e agli investitori: oggi diventa ancora pi\u00f9 visibile e concreto il concetto per cui chi utilizza l\u2019acqua di Belluno, il suo patrimonio idrico, versa i soldi alla Provincia di Belluno, a beneficio dei suoi abitanti\u00bb.<br \/>\n\u00abQuella di oggi \u00e8 l\u2019occasione per ribadire lo stretto legame tra Regione e Provincia &#8211; ha spiegato l\u2019assessore Conte &#8211; . Questa operazione punta ad accelerare i tempi dei passaggi burocratici, semplificandoli per chi vuole investire sul territorio. \u00c8 un ulteriore passo per raggiungere obiettivi importanti per dare competitivit\u00e0 al Bellunese, lavorando unendo le forze e facendo del dialogo tra Venezia e Belluno la chiave per il futuro\u00bb.<\/p>","protected":false},"excerpt":{"rendered":"<p>Alla presenza dell\u2019assessore regionale del Veneto, Maurizio Conte, \u00e8 stato inaugurato quest\u2019oggi a Belluno, presso la sede all\u2019angolo tra via Loreto e via Caffi, lo Sportello Unico per il Demanio Idrico. Alla cerimonia anche il presidente della Provincia, Gianpaolo Bottacin, l\u2019assessore di comparto, Bruno Zanolla. Il presidente Bottacin ha ripercorso le tappe che hanno portato [&hellip;]<\/p>\n","protected":false},"author":2,"featured_media":0,"comment_status":"closed","ping_status":"open","sticky":false,"template":"","format":"standard","meta":{"footnotes":""},"categories":[5,26],"tags":[],"class_list":["post-28397","post","type-post","status-publish","format-standard","category-cronaca","category-prima-pagina"],"yoast_head":"<!-- This site is optimized with the Yoast SEO plugin v28.4 - https:\/\/yoast.com\/product\/yoast-seo-wordpress\/ -->\n<title>Inaugurato lo Sportello Unico per il Demanio Idrico - Bellunopress - Dolomiti<\/title>\n<meta name=\"robots\" content=\"index, follow, max-snippet:-1, max-image-preview:large, max-video-preview:-1\" \/>\n<link rel=\"canonical\" href=\"https:\/\/www.bellunopress.it\/fr\/2011\/07\/04\/inaugurato-lo-sportello-unico-per-il-demanio-idrico\/\" \/>\n<meta property=\"og:locale\" content=\"fr_FR\" \/>\n<meta property=\"og:type\" content=\"article\" \/>\n<meta property=\"og:title\" content=\"Inaugurato lo Sportello Unico per il Demanio Idrico - Bellunopress - Dolomiti\" \/>\n<meta property=\"og:description\" content=\"Alla presenza dell\u2019assessore regionale del Veneto, Maurizio Conte, \u00e8 stato inaugurato quest\u2019oggi a Belluno, presso la sede all\u2019angolo tra via Loreto e via Caffi, lo Sportello Unico per il Demanio Idrico. Alla cerimonia anche il presidente della Provincia, Gianpaolo Bottacin, l\u2019assessore di comparto, Bruno Zanolla. Il presidente Bottacin ha ripercorso le tappe che hanno portato [&hellip;]\" \/>\n<meta property=\"og:url\" content=\"https:\/\/www.bellunopress.it\/fr\/2011\/07\/04\/inaugurato-lo-sportello-unico-per-il-demanio-idrico\/\" \/>\n<meta property=\"og:site_name\" content=\"Bellunopress - Dolomiti\" \/>\n<meta property=\"article:publisher\" content=\"https:\/\/www.facebook.com\/profile.php?id=100008943462799\" \/>\n<meta property=\"article:published_time\" content=\"2011-07-04T14:45:14+00:00\" \/>\n<meta property=\"og:image\" content=\"http:\/\/www.bellunopress.it\/wp-content\/uploads\/2011\/07\/zanolla_bottacin_conte.jpg\" \/>\n<meta name=\"author\" content=\"redazione\" \/>\n<meta name=\"twitter:card\" content=\"summary_large_image\" \/>\n<meta name=\"twitter:creator\" content=\"@bellunopress\" \/>\n<meta name=\"twitter:site\" content=\"@bellunopress\" \/>\n<meta name=\"twitter:label1\" content=\"\u00c9crit par\" \/>\n\t<meta name=\"twitter:data1\" content=\"redazione\" \/>\n\t<meta name=\"twitter:label2\" content=\"Dur\u00e9e de lecture estim\u00e9e\" \/>\n\t<meta name=\"twitter:data2\" content=\"2 minutes\" \/>\n<script type=\"application\/ld+json\" class=\"yoast-schema-graph\">{\"@context\":\"https:\\\/\\\/schema.org\",\"@graph\":[{\"@type\":\"Article\",\"@id\":\"https:\\\/\\\/www.bellunopress.it\\\/2011\\\/07\\\/04\\\/inaugurato-lo-sportello-unico-per-il-demanio-idrico\\\/#article\",\"isPartOf\":{\"@id\":\"https:\\\/\\\/www.bellunopress.it\\\/2011\\\/07\\\/04\\\/inaugurato-lo-sportello-unico-per-il-demanio-idrico\\\/\"},\"author\":{\"name\":\"redazione\",\"@id\":\"https:\\\/\\\/www.bellunopress.it\\\/#\\\/schema\\\/person\\\/79bb06722b37ece1c03d3e94beb30d73\"},\"headline\":\"Inaugurato lo Sportello Unico per il Demanio Idrico\",\"datePublished\":\"2011-07-04T14:45:14+00:00\",\"mainEntityOfPage\":{\"@id\":\"https:\\\/\\\/www.bellunopress.it\\\/2011\\\/07\\\/04\\\/inaugurato-lo-sportello-unico-per-il-demanio-idrico\\\/\"},\"wordCount\":331,\"publisher\":{\"@id\":\"https:\\\/\\\/www.bellunopress.it\\\/#organization\"},\"image\":{\"@id\":\"https:\\\/\\\/www.bellunopress.it\\\/2011\\\/07\\\/04\\\/inaugurato-lo-sportello-unico-per-il-demanio-idrico\\\/#primaryimage\"},\"thumbnailUrl\":\"http:\\\/\\\/www.bellunopress.it\\\/wp-content\\\/uploads\\\/2011\\\/07\\\/zanolla_bottacin_conte.jpg\",\"articleSection\":[\"Cronaca\\\/Politica\",\"Prima Pagina\"],\"inLanguage\":\"fr-FR\"},{\"@type\":\"WebPage\",\"@id\":\"https:\\\/\\\/www.bellunopress.it\\\/2011\\\/07\\\/04\\\/inaugurato-lo-sportello-unico-per-il-demanio-idrico\\\/\",\"url\":\"https:\\\/\\\/www.bellunopress.it\\\/2011\\\/07\\\/04\\\/inaugurato-lo-sportello-unico-per-il-demanio-idrico\\\/\",\"name\":\"Inaugurato lo Sportello Unico per il Demanio Idrico - Bellunopress - Dolomiti\",\"isPartOf\":{\"@id\":\"https:\\\/\\\/www.bellunopress.it\\\/#website\"},\"primaryImageOfPage\":{\"@id\":\"https:\\\/\\\/www.bellunopress.it\\\/2011\\\/07\\\/04\\\/inaugurato-lo-sportello-unico-per-il-demanio-idrico\\\/#primaryimage\"},\"image\":{\"@id\":\"https:\\\/\\\/www.bellunopress.it\\\/2011\\\/07\\\/04\\\/inaugurato-lo-sportello-unico-per-il-demanio-idrico\\\/#primaryimage\"},\"thumbnailUrl\":\"http:\\\/\\\/www.bellunopress.it\\\/wp-content\\\/uploads\\\/2011\\\/07\\\/zanolla_bottacin_conte.jpg\",\"datePublished\":\"2011-07-04T14:45:14+00:00\",\"breadcrumb\":{\"@id\":\"https:\\\/\\\/www.bellunopress.it\\\/2011\\\/07\\\/04\\\/inaugurato-lo-sportello-unico-per-il-demanio-idrico\\\/#breadcrumb\"},\"inLanguage\":\"fr-FR\",\"potentialAction\":[{\"@type\":\"ReadAction\",\"target\":[\"https:\\\/\\\/www.bellunopress.it\\\/2011\\\/07\\\/04\\\/inaugurato-lo-sportello-unico-per-il-demanio-idrico\\\/\"]}]},{\"@type\":\"ImageObject\",\"inLanguage\":\"fr-FR\",\"@id\":\"https:\\\/\\\/www.bellunopress.it\\\/2011\\\/07\\\/04\\\/inaugurato-lo-sportello-unico-per-il-demanio-idrico\\\/#primaryimage\",\"url\":\"http:\\\/\\\/www.bellunopress.it\\\/wp-content\\\/uploads\\\/2011\\\/07\\\/zanolla_bottacin_conte.jpg\",\"contentUrl\":\"http:\\\/\\\/www.bellunopress.it\\\/wp-content\\\/uploads\\\/2011\\\/07\\\/zanolla_bottacin_conte.jpg\"},{\"@type\":\"BreadcrumbList\",\"@id\":\"https:\\\/\\\/www.bellunopress.it\\\/2011\\\/07\\\/04\\\/inaugurato-lo-sportello-unico-per-il-demanio-idrico\\\/#breadcrumb\",\"itemListElement\":[{\"@type\":\"ListItem\",\"position\":1,\"name\":\"Home\",\"item\":\"https:\\\/\\\/www.bellunopress.it\\\/\"},{\"@type\":\"ListItem\",\"position\":2,\"name\":\"Inaugurato lo Sportello Unico per il Demanio Idrico\"}]},{\"@type\":\"WebSite\",\"@id\":\"https:\\\/\\\/www.bellunopress.it\\\/#website\",\"url\":\"https:\\\/\\\/www.bellunopress.it\\\/\",\"name\":\"Bellunopress - Dolomiti\",\"description\":\"e-mail: redazione@bellunopress.it\",\"publisher\":{\"@id\":\"https:\\\/\\\/www.bellunopress.it\\\/#organization\"},\"potentialAction\":[{\"@type\":\"SearchAction\",\"target\":{\"@type\":\"EntryPoint\",\"urlTemplate\":\"https:\\\/\\\/www.bellunopress.it\\\/?s={search_term_string}\"},\"query-input\":{\"@type\":\"PropertyValueSpecification\",\"valueRequired\":true,\"valueName\":\"search_term_string\"}}],\"inLanguage\":\"fr-FR\"},{\"@type\":\"Organization\",\"@id\":\"https:\\\/\\\/www.bellunopress.it\\\/#organization\",\"name\":\"Bellunopress\",\"url\":\"https:\\\/\\\/www.bellunopress.it\\\/\",\"logo\":{\"@type\":\"ImageObject\",\"inLanguage\":\"fr-FR\",\"@id\":\"https:\\\/\\\/www.bellunopress.it\\\/#\\\/schema\\\/logo\\\/image\\\/\",\"url\":\"https:\\\/\\\/www.bellunopress.it\\\/wp-content\\\/uploads\\\/2011\\\/05\\\/cropped-logo-bellunopress-.jpg\",\"contentUrl\":\"https:\\\/\\\/www.bellunopress.it\\\/wp-content\\\/uploads\\\/2011\\\/05\\\/cropped-logo-bellunopress-.jpg\",\"width\":512,\"height\":512,\"caption\":\"Bellunopress\"},\"image\":{\"@id\":\"https:\\\/\\\/www.bellunopress.it\\\/#\\\/schema\\\/logo\\\/image\\\/\"},\"sameAs\":[\"https:\\\/\\\/www.facebook.com\\\/profile.php?id=100008943462799\",\"https:\\\/\\\/x.com\\\/bellunopress\",\"https:\\\/\\\/www.linkedin.com\\\/hp\\\/?dnr=JBzUWaJfMUw8vbXJJ2tVW5-I3jZKvC4wsoxE&amp;amp;amp;amp;amp;amp;trk=nav_responsive_tab_home\",\"https:\\\/\\\/www.youtube.com\\\/channel\\\/UCxL0wu1uN0_3_7hGG0306cw\"]},{\"@type\":\"Person\",\"@id\":\"https:\\\/\\\/www.bellunopress.it\\\/#\\\/schema\\\/person\\\/79bb06722b37ece1c03d3e94beb30d73\",\"name\":\"redazione\",\"image\":{\"@type\":\"ImageObject\",\"inLanguage\":\"fr-FR\",\"@id\":\"https:\\\/\\\/secure.gravatar.com\\\/avatar\\\/37d968a2e67a6fd04c169c4bdef102d0bc5d31b2546345219e348575eb80e9a0?s=96&d=mm&r=g\",\"url\":\"https:\\\/\\\/secure.gravatar.com\\\/avatar\\\/37d968a2e67a6fd04c169c4bdef102d0bc5d31b2546345219e348575eb80e9a0?s=96&d=mm&r=g\",\"contentUrl\":\"https:\\\/\\\/secure.gravatar.com\\\/avatar\\\/37d968a2e67a6fd04c169c4bdef102d0bc5d31b2546345219e348575eb80e9a0?s=96&d=mm&r=g\",\"caption\":\"redazione\"},\"sameAs\":[\"http:\\\/\\\/www.bellunopress.it\",\"https:\\\/\\\/x.com\\\/bellunopress\"],\"url\":\"https:\\\/\\\/www.bellunopress.it\\\/fr\\\/author\\\/redazione\\\/\"}]}<\/script>\n<!-- \/ Yoast SEO plugin. -->","yoast_head_json":{"title":"Inaugurato lo Sportello Unico per il Demanio Idrico - Bellunopress - Dolomiti","robots":{"index":"index","follow":"follow","max-snippet":"max-snippet:-1","max-image-preview":"max-image-preview:large","max-video-preview":"max-video-preview:-1"},"canonical":"https:\/\/www.bellunopress.it\/fr\/2011\/07\/04\/inaugurato-lo-sportello-unico-per-il-demanio-idrico\/","og_locale":"fr_FR","og_type":"article","og_title":"Inaugurato lo Sportello Unico per il Demanio Idrico - Bellunopress - Dolomiti","og_description":"Alla presenza dell\u2019assessore regionale del Veneto, Maurizio Conte, \u00e8 stato inaugurato quest\u2019oggi a Belluno, presso la sede all\u2019angolo tra via Loreto e via Caffi, lo Sportello Unico per il Demanio Idrico. Alla cerimonia anche il presidente della Provincia, Gianpaolo Bottacin, l\u2019assessore di comparto, Bruno Zanolla. Il presidente Bottacin ha ripercorso le tappe che hanno portato [&hellip;]","og_url":"https:\/\/www.bellunopress.it\/fr\/2011\/07\/04\/inaugurato-lo-sportello-unico-per-il-demanio-idrico\/","og_site_name":"Bellunopress - Dolomiti","article_publisher":"https:\/\/www.facebook.com\/profile.php?id=100008943462799","article_published_time":"2011-07-04T14:45:14+00:00","og_image":[{"url":"http:\/\/www.bellunopress.it\/wp-content\/uploads\/2011\/07\/zanolla_bottacin_conte.jpg","type":"","width":"","height":""}],"author":"redazione","twitter_card":"summary_large_image","twitter_creator":"@bellunopress","twitter_site":"@bellunopress","twitter_misc":{"\u00c9crit par":"redazione","Dur\u00e9e de lecture estim\u00e9e":"2 minutes"},"schema":{"@context":"https:\/\/schema.org","@graph":[{"@type":"Article","@id":"https:\/\/www.bellunopress.it\/2011\/07\/04\/inaugurato-lo-sportello-unico-per-il-demanio-idrico\/#article","isPartOf":{"@id":"https:\/\/www.bellunopress.it\/2011\/07\/04\/inaugurato-lo-sportello-unico-per-il-demanio-idrico\/"},"author":{"name":"redazione","@id":"https:\/\/www.bellunopress.it\/#\/schema\/person\/79bb06722b37ece1c03d3e94beb30d73"},"headline":"Inaugurato lo Sportello Unico per il Demanio Idrico","datePublished":"2011-07-04T14:45:14+00:00","mainEntityOfPage":{"@id":"https:\/\/www.bellunopress.it\/2011\/07\/04\/inaugurato-lo-sportello-unico-per-il-demanio-idrico\/"},"wordCount":331,"publisher":{"@id":"https:\/\/www.bellunopress.it\/#organization"},"image":{"@id":"https:\/\/www.bellunopress.it\/2011\/07\/04\/inaugurato-lo-sportello-unico-per-il-demanio-idrico\/#primaryimage"},"thumbnailUrl":"http:\/\/www.bellunopress.it\/wp-content\/uploads\/2011\/07\/zanolla_bottacin_conte.jpg","articleSection":["Cronaca\/Politica","Prima Pagina"],"inLanguage":"fr-FR"},{"@type":"WebPage","@id":"https:\/\/www.bellunopress.it\/2011\/07\/04\/inaugurato-lo-sportello-unico-per-il-demanio-idrico\/","url":"https:\/\/www.bellunopress.it\/2011\/07\/04\/inaugurato-lo-sportello-unico-per-il-demanio-idrico\/","name":"Inaugurato lo Sportello Unico per il Demanio Idrico - Bellunopress - Dolomiti","isPartOf":{"@id":"https:\/\/www.bellunopress.it\/#website"},"primaryImageOfPage":{"@id":"https:\/\/www.bellunopress.it\/2011\/07\/04\/inaugurato-lo-sportello-unico-per-il-demanio-idrico\/#primaryimage"},"image":{"@id":"https:\/\/www.bellunopress.it\/2011\/07\/04\/inaugurato-lo-sportello-unico-per-il-demanio-idrico\/#primaryimage"},"thumbnailUrl":"http:\/\/www.bellunopress.it\/wp-content\/uploads\/2011\/07\/zanolla_bottacin_conte.jpg","datePublished":"2011-07-04T14:45:14+00:00","breadcrumb":{"@id":"https:\/\/www.bellunopress.it\/2011\/07\/04\/inaugurato-lo-sportello-unico-per-il-demanio-idrico\/#breadcrumb"},"inLanguage":"fr-FR","potentialAction":[{"@type":"ReadAction","target":["https:\/\/www.bellunopress.it\/2011\/07\/04\/inaugurato-lo-sportello-unico-per-il-demanio-idrico\/"]}]},{"@type":"ImageObject","inLanguage":"fr-FR","@id":"https:\/\/www.bellunopress.it\/2011\/07\/04\/inaugurato-lo-sportello-unico-per-il-demanio-idrico\/#primaryimage","url":"http:\/\/www.bellunopress.it\/wp-content\/uploads\/2011\/07\/zanolla_bottacin_conte.jpg","contentUrl":"http:\/\/www.bellunopress.it\/wp-content\/uploads\/2011\/07\/zanolla_bottacin_conte.jpg"},{"@type":"BreadcrumbList","@id":"https:\/\/www.bellunopress.it\/2011\/07\/04\/inaugurato-lo-sportello-unico-per-il-demanio-idrico\/#breadcrumb","itemListElement":[{"@type":"ListItem","position":1,"name":"Home","item":"https:\/\/www.bellunopress.it\/"},{"@type":"ListItem","position":2,"name":"Inaugurato lo Sportello Unico per il Demanio Idrico"}]},{"@type":"WebSite","@id":"https:\/\/www.bellunopress.it\/#website","url":"https:\/\/www.bellunopress.it\/","name":"Bellunopress - Dolomiti","description":"e-mail: redazione@bellunopress.it","publisher":{"@id":"https:\/\/www.bellunopress.it\/#organization"},"potentialAction":[{"@type":"SearchAction","target":{"@type":"EntryPoint","urlTemplate":"https:\/\/www.bellunopress.it\/?s={search_term_string}"},"query-input":{"@type":"PropertyValueSpecification","valueRequired":true,"valueName":"search_term_string"}}],"inLanguage":"fr-FR"},{"@type":"Organization","@id":"https:\/\/www.bellunopress.it\/#organization","name":"Bellunopress","url":"https:\/\/www.bellunopress.it\/","logo":{"@type":"ImageObject","inLanguage":"fr-FR","@id":"https:\/\/www.bellunopress.it\/#\/schema\/logo\/image\/","url":"https:\/\/www.bellunopress.it\/wp-content\/uploads\/2011\/05\/cropped-logo-bellunopress-.jpg","contentUrl":"https:\/\/www.bellunopress.it\/wp-content\/uploads\/2011\/05\/cropped-logo-bellunopress-.jpg","width":512,"height":512,"caption":"Bellunopress"},"image":{"@id":"https:\/\/www.bellunopress.it\/#\/schema\/logo\/image\/"},"sameAs":["https:\/\/www.facebook.com\/profile.php?id=100008943462799","https:\/\/x.com\/bellunopress","https:\/\/www.linkedin.com\/hp\/?dnr=JBzUWaJfMUw8vbXJJ2tVW5-I3jZKvC4wsoxE&amp;amp;amp;amp;amp;amp;trk=nav_responsive_tab_home","https:\/\/www.youtube.com\/channel\/UCxL0wu1uN0_3_7hGG0306cw"]},{"@type":"Person","@id":"https:\/\/www.bellunopress.it\/#\/schema\/person\/79bb06722b37ece1c03d3e94beb30d73","name":"r\u00e9daction","image":{"@type":"ImageObject","inLanguage":"fr-FR","@id":"https:\/\/secure.gravatar.com\/avatar\/37d968a2e67a6fd04c169c4bdef102d0bc5d31b2546345219e348575eb80e9a0?s=96&d=mm&r=g","url":"https:\/\/secure.gravatar.com\/avatar\/37d968a2e67a6fd04c169c4bdef102d0bc5d31b2546345219e348575eb80e9a0?s=96&d=mm&r=g","contentUrl":"https:\/\/secure.gravatar.com\/avatar\/37d968a2e67a6fd04c169c4bdef102d0bc5d31b2546345219e348575eb80e9a0?s=96&d=mm&r=g","caption":"redazione"},"sameAs":["http:\/\/www.bellunopress.it","https:\/\/x.com\/bellunopress"],"url":"https:\/\/www.bellunopress.it\/fr\/author\/redazione\/"}]}},"_links":{"self":[{"href":"https:\/\/www.bellunopress.it\/fr\/wp-json\/wp\/v2\/posts\/28397","targetHints":{"allow":["GET"]}}],"collection":[{"href":"https:\/\/www.bellunopress.it\/fr\/wp-json\/wp\/v2\/posts"}],"about":[{"href":"https:\/\/www.bellunopress.it\/fr\/wp-json\/wp\/v2\/types\/post"}],"author":[{"embeddable":true,"href":"https:\/\/www.bellunopress.it\/fr\/wp-json\/wp\/v2\/users\/2"}],"replies":[{"embeddable":true,"href":"https:\/\/www.bellunopress.it\/fr\/wp-json\/wp\/v2\/comments?post=28397"}],"version-history":[{"count":1,"href":"https:\/\/www.bellunopress.it\/fr\/wp-json\/wp\/v2\/posts\/28397\/revisions"}],"predecessor-version":[{"id":28399,"href":"https:\/\/www.bellunopress.it\/fr\/wp-json\/wp\/v2\/posts\/28397\/revisions\/28399"}],"wp:attachment":[{"href":"https:\/\/www.bellunopress.it\/fr\/wp-json\/wp\/v2\/media?parent=28397"}],"wp:term":[{"taxonomy":"category","embeddable":true,"href":"https:\/\/www.bellunopress.it\/fr\/wp-json\/wp\/v2\/categories?post=28397"},{"taxonomy":"post_tag","embeddable":true,"href":"https:\/\/www.bellunopress.it\/fr\/wp-json\/wp\/v2\/tags?post=28397"}],"curies":[{"name":"wp","href":"https:\/\/api.w.org\/{rel}","templated":true}]}}