{"id":28391,"date":"2011-07-04T13:31:04","date_gmt":"2011-07-04T12:31:04","guid":{"rendered":"http:\/\/www.bellunopress.it\/?p=28391"},"modified":"2011-07-04T13:31:04","modified_gmt":"2011-07-04T12:31:04","slug":"cortina-show-jumping-ieri-il-gran-finale","status":"publish","type":"post","link":"https:\/\/www.bellunopress.it\/fr\/2011\/07\/04\/cortina-show-jumping-ieri-il-gran-finale\/","title":{"rendered":"Cortina show jumping: ieri il gran finale"},"content":{"rendered":"<p><strong>\u00c8 giunta al termine, ieri, domenica 3 luglio, l&#8217;ottava edizione del Cortina Show Jumping, capitanata dal nuovo team di Pierluigi Nassi.\u00a0<a href=\"http:\/\/www.bellunopress.it\/wp-content\/uploads\/2011\/07\/Cortina-show-jumping.jpg\"><img loading=\"lazy\" decoding=\"async\" class=\"alignleft size-full wp-image-28392\" title=\"Cortina show jumping\" src=\"http:\/\/www.bellunopress.it\/wp-content\/uploads\/2011\/07\/Cortina-show-jumping.jpg\" alt=\"\" width=\"160\" height=\"107\" \/><\/a><\/strong><strong>\u00a0Nel week end sono state protagoniste del Concorso Internazionale, ben 21 nazioni che, con 290 cavalli da concorso, si sono battute all\u2019ultimo ostacolo nella meravigliosa scenografia di Fiames.\u00a0 A conquistare il podio della competizione principale, il Gran Premio Citt\u00e0 di Cortina 2011, ci ha pensato un&#8217;amazzone italiana, Lucia Vizzini, unico doppio zero di tutta la gara. Un evento, quello dello Show Jumping in veste completamente rinnovata che, <\/strong><strong>come ha dichiarato Herbert Huber, assessore al Turismo e allo sport del Comune ampezzano\u00a0 \u00abera importante ripristinare per valorizzare al meglio sia Cortina che il legame che da sempre la Regina intrattiene con il mondo dell&#8217;equitazione\u00bb.<\/strong><\/p>\n<p>Le gare del Concorso Ippico Internazionale si sono avvicendate ricche di passione ed entusiasmo durante il soleggiato week end di inizio estate. Dal 1 al 3 luglio i 290 cavalli rappresentanti delle 21 nazioni iscritte alle competizioni hanno regalato a tutti i partecipanti uno spettacolo, all&#8217;ultimo ostacolo, davvero avvincente.<br \/>\nLa gara principale, il Gran Premio Citt\u00e0 di Cortina 2011 H150 a due manches, tenutasi domenica presso il centro Antonella De Rigo, ha visto salire sul podio una donna, e per di pi\u00f9, italiana: \u00e8 stata l&#8217;amazzone Lucia Vizzini con il suo Lismeen Lancer a superare tutti gli avversari raggiungendo l\u2019unico doppio zero dell&#8217;intera gara. Al secondo posto, invece, si \u00e8 posizionato il rumeno Valentin Valea con il cavallo Idefix seguito, come terza classificata, da un&#8217;altra amazzone nazionale, Melanie Gruber con Quiberon W.<br \/>\nNella giornata di venerd\u00ec 1 luglio ad aggiudicarsi il primo posto del CSI 3* H145 a fasi consecutive \u00e8 stato il tedesco Kirchhoff Ulrich in sella al suo Caruso, uno dei nomi pi\u00f9 attesi di questa manifestazione e vincitore di due medaglie d&#8217;oro ad Atlanta \u201896. Sabato, invece, la gara CSI 3* H 150 a tempo, anche denominata Piccolo Gran Premio, ha visto trionfare il messicano Santiago Lambre con il suo cavallo Insul Tech Wonami Van Den Aard.<br \/>\nI vincitori delle gare menzionate, oltre ad aggiudicarsi il montepremi in palio e il celebre scoiattolo di Cortina realizzato per l\u2019occasione dall\u2019artista Mauro Olivotto \u201cLampo\u201d, hanno la possibilit\u00e0 di accedere alle competizioni di qualificazione del rinomato Trofeo Fei\/Rolex.<br \/>\nMa, oltre alla premiazione dei vincitori delle gare, nella giornata di domenica sono stati consegnati molti premi speciali. Ad aggiudicarsi il premio Miglior junior \u00e8 stata l&#8217;amazzone Francesca Ciriesi, alla quale \u00e8 stata consegnata una coppa d&#8217;argento donata dalla famiglia Riario Sforza in onore di Alberto Riario Sforza, indimenticato cavaliere e appassionato d\u2019equitazione.<br \/>\nSono stati poi premiati rispettivamente la Migliore amazzone e il Miglior cavaliere: le quote rosa sono state conquistate da Melanie Gruber premiata da Paola Derman, proprietaria dell&#8217;Hotel Cristallino d&#8217;Ampezzo che ha ospitato il team tecnico. Infine il comandante Nicola Salvato ha consegnato a Fidel Vogt, del Liechtenstein, la tela che l&#8217;artista Andrea Vizzini ha ideato come Premio d&#8217;Onore per il miglior cavaliere.<br \/>\nA tirare le somme \u2013 assolutamente positive \u2013 di questa ottava edizione dello Show Jumping, concorso che \u00e8 tornato sulla Regina delle Dolomiti dopo un anno di sosta, \u00e8 stato l&#8217;assessore al Turismo e allo sport del Comune ampezzano, Herbert Huber, che ha dichiarato: \u00abEra molto importante ripristinare questo evento perch\u00e9 il mondo equestre ha da sempre un legame di grande rilevanza con la valle ampezzana. Il nostro obiettivo era quello di riportare la manifestazione all&#8217;inizio della stagione estiva per esaltare le caratteristiche di prestigio della nostra zona, valorizzando cos\u00ec tutto ci\u00f2 che siamo in grado di offrire a livello turistico. Non \u00e8 stato semplice perch\u00e9, in mancanza di un allestimento fisso, si sono fatti\u00a0 grandi investimenti e c&#8217;\u00e8 stato uno sforzo importante da parte degli organizzatori per creare una manifestazione di successo.<br \/>\nSuccesso confermato anche dalle dichiarazioni dei presidenti di giuria e di campo che sono state assolutamente positive: ospiti, pubblico, atleti e partecipanti hanno trovato condizioni ottimali di soggiorno e sono rimasti entusiasti sia del concorso che della location\u00bb.<br \/>\nL&#8217;assessore Huber ha cos\u00ec commentato, inoltre, la decisione di tenere le premiazioni di venerd\u00ec e sabato, di entrambi i concorsi, Nazionale e Internazionale, presso la suggestiva cornice della Conchiglia di piazza Venezia: \u00abPortare in centro le premiazioni \u00e8 stato un progetto nel progetto che \u00e8 venuto spontaneo perch\u00e9 tutti i grandi eventi, in questi ultimi anni, si sono svolti in paese, per lo meno nei momenti clou, proprio per rendere partecipe il territorio e per dare maggiore importanza a tutte le manifestazioni che si svolgono a Cortina e, tramite queste, a Cortina stessa. In questo caso, premiare i vincitori sotto il campanile, il nostro simbolo, ha dato un tocco di personalizzazione all&#8217;intero concorso, che i cavalieri stessi non si aspettavano ed \u00e8 stato sicuramente molto apprezzato\u00bb.<br \/>\nInsomma, dato l\u2019ottimo riscontro, non resta che sperare che cavalieri e amazzoni tornino sotto le Tofane per inaugurare la prossima stagione estiva, nel giugno del 2012.<\/p>","protected":false},"excerpt":{"rendered":"<p>\u00c8 giunta al termine, ieri, domenica 3 luglio, l&#8217;ottava edizione del Cortina Show Jumping, capitanata dal nuovo team di Pierluigi Nassi.\u00a0\u00a0Nel week end sono state protagoniste del Concorso Internazionale, ben 21 nazioni che, con 290 cavalli da concorso, si sono battute all\u2019ultimo ostacolo nella meravigliosa scenografia di Fiames.\u00a0 A conquistare il podio della competizione principale, [&hellip;]<\/p>\n","protected":false},"author":2,"featured_media":0,"comment_status":"closed","ping_status":"open","sticky":false,"template":"","format":"standard","meta":{"footnotes":""},"categories":[26,4],"tags":[],"class_list":["post-28391","post","type-post","status-publish","format-standard","category-prima-pagina","category-sport"],"yoast_head":"<!-- This site is optimized with the Yoast SEO plugin v28.4 - https:\/\/yoast.com\/product\/yoast-seo-wordpress\/ -->\n<title>Cortina show jumping: ieri il gran finale - Bellunopress - Dolomiti<\/title>\n<meta name=\"robots\" content=\"index, follow, max-snippet:-1, max-image-preview:large, max-video-preview:-1\" \/>\n<link rel=\"canonical\" href=\"https:\/\/www.bellunopress.it\/fr\/2011\/07\/04\/cortina-show-jumping-ieri-il-gran-finale\/\" \/>\n<meta property=\"og:locale\" content=\"fr_FR\" \/>\n<meta property=\"og:type\" content=\"article\" \/>\n<meta property=\"og:title\" content=\"Cortina show jumping: ieri il gran finale - Bellunopress - Dolomiti\" \/>\n<meta property=\"og:description\" content=\"\u00c8 giunta al termine, ieri, domenica 3 luglio, l&#8217;ottava edizione del Cortina Show Jumping, capitanata dal nuovo team di Pierluigi Nassi.\u00a0\u00a0Nel week end sono state protagoniste del Concorso Internazionale, ben 21 nazioni che, con 290 cavalli da concorso, si sono battute all\u2019ultimo ostacolo nella meravigliosa scenografia di Fiames.\u00a0 A conquistare il podio della competizione principale, [&hellip;]\" \/>\n<meta property=\"og:url\" content=\"https:\/\/www.bellunopress.it\/fr\/2011\/07\/04\/cortina-show-jumping-ieri-il-gran-finale\/\" \/>\n<meta property=\"og:site_name\" content=\"Bellunopress - Dolomiti\" \/>\n<meta property=\"article:publisher\" content=\"https:\/\/www.facebook.com\/profile.php?id=100008943462799\" \/>\n<meta property=\"article:published_time\" content=\"2011-07-04T12:31:04+00:00\" \/>\n<meta property=\"og:image\" content=\"http:\/\/www.bellunopress.it\/wp-content\/uploads\/2011\/07\/Cortina-show-jumping.jpg\" \/>\n<meta name=\"author\" content=\"redazione\" \/>\n<meta name=\"twitter:card\" content=\"summary_large_image\" \/>\n<meta name=\"twitter:creator\" content=\"@bellunopress\" \/>\n<meta name=\"twitter:site\" content=\"@bellunopress\" \/>\n<meta name=\"twitter:label1\" content=\"\u00c9crit par\" \/>\n\t<meta name=\"twitter:data1\" content=\"redazione\" \/>\n\t<meta name=\"twitter:label2\" content=\"Dur\u00e9e de lecture estim\u00e9e\" \/>\n\t<meta name=\"twitter:data2\" content=\"4 minutes\" \/>\n<script type=\"application\/ld+json\" class=\"yoast-schema-graph\">{\"@context\":\"https:\\\/\\\/schema.org\",\"@graph\":[{\"@type\":\"Article\",\"@id\":\"https:\\\/\\\/www.bellunopress.it\\\/2011\\\/07\\\/04\\\/cortina-show-jumping-ieri-il-gran-finale\\\/#article\",\"isPartOf\":{\"@id\":\"https:\\\/\\\/www.bellunopress.it\\\/2011\\\/07\\\/04\\\/cortina-show-jumping-ieri-il-gran-finale\\\/\"},\"author\":{\"name\":\"redazione\",\"@id\":\"https:\\\/\\\/www.bellunopress.it\\\/#\\\/schema\\\/person\\\/79bb06722b37ece1c03d3e94beb30d73\"},\"headline\":\"Cortina show jumping: ieri il gran finale\",\"datePublished\":\"2011-07-04T12:31:04+00:00\",\"mainEntityOfPage\":{\"@id\":\"https:\\\/\\\/www.bellunopress.it\\\/2011\\\/07\\\/04\\\/cortina-show-jumping-ieri-il-gran-finale\\\/\"},\"wordCount\":813,\"publisher\":{\"@id\":\"https:\\\/\\\/www.bellunopress.it\\\/#organization\"},\"image\":{\"@id\":\"https:\\\/\\\/www.bellunopress.it\\\/2011\\\/07\\\/04\\\/cortina-show-jumping-ieri-il-gran-finale\\\/#primaryimage\"},\"thumbnailUrl\":\"http:\\\/\\\/www.bellunopress.it\\\/wp-content\\\/uploads\\\/2011\\\/07\\\/Cortina-show-jumping.jpg\",\"articleSection\":[\"Prima Pagina\",\"Sport, tempo libero\"],\"inLanguage\":\"fr-FR\"},{\"@type\":\"WebPage\",\"@id\":\"https:\\\/\\\/www.bellunopress.it\\\/2011\\\/07\\\/04\\\/cortina-show-jumping-ieri-il-gran-finale\\\/\",\"url\":\"https:\\\/\\\/www.bellunopress.it\\\/2011\\\/07\\\/04\\\/cortina-show-jumping-ieri-il-gran-finale\\\/\",\"name\":\"Cortina show jumping: ieri il gran finale - Bellunopress - Dolomiti\",\"isPartOf\":{\"@id\":\"https:\\\/\\\/www.bellunopress.it\\\/#website\"},\"primaryImageOfPage\":{\"@id\":\"https:\\\/\\\/www.bellunopress.it\\\/2011\\\/07\\\/04\\\/cortina-show-jumping-ieri-il-gran-finale\\\/#primaryimage\"},\"image\":{\"@id\":\"https:\\\/\\\/www.bellunopress.it\\\/2011\\\/07\\\/04\\\/cortina-show-jumping-ieri-il-gran-finale\\\/#primaryimage\"},\"thumbnailUrl\":\"http:\\\/\\\/www.bellunopress.it\\\/wp-content\\\/uploads\\\/2011\\\/07\\\/Cortina-show-jumping.jpg\",\"datePublished\":\"2011-07-04T12:31:04+00:00\",\"breadcrumb\":{\"@id\":\"https:\\\/\\\/www.bellunopress.it\\\/2011\\\/07\\\/04\\\/cortina-show-jumping-ieri-il-gran-finale\\\/#breadcrumb\"},\"inLanguage\":\"fr-FR\",\"potentialAction\":[{\"@type\":\"ReadAction\",\"target\":[\"https:\\\/\\\/www.bellunopress.it\\\/2011\\\/07\\\/04\\\/cortina-show-jumping-ieri-il-gran-finale\\\/\"]}]},{\"@type\":\"ImageObject\",\"inLanguage\":\"fr-FR\",\"@id\":\"https:\\\/\\\/www.bellunopress.it\\\/2011\\\/07\\\/04\\\/cortina-show-jumping-ieri-il-gran-finale\\\/#primaryimage\",\"url\":\"http:\\\/\\\/www.bellunopress.it\\\/wp-content\\\/uploads\\\/2011\\\/07\\\/Cortina-show-jumping.jpg\",\"contentUrl\":\"http:\\\/\\\/www.bellunopress.it\\\/wp-content\\\/uploads\\\/2011\\\/07\\\/Cortina-show-jumping.jpg\"},{\"@type\":\"BreadcrumbList\",\"@id\":\"https:\\\/\\\/www.bellunopress.it\\\/2011\\\/07\\\/04\\\/cortina-show-jumping-ieri-il-gran-finale\\\/#breadcrumb\",\"itemListElement\":[{\"@type\":\"ListItem\",\"position\":1,\"name\":\"Home\",\"item\":\"https:\\\/\\\/www.bellunopress.it\\\/\"},{\"@type\":\"ListItem\",\"position\":2,\"name\":\"Cortina show jumping: ieri il gran finale\"}]},{\"@type\":\"WebSite\",\"@id\":\"https:\\\/\\\/www.bellunopress.it\\\/#website\",\"url\":\"https:\\\/\\\/www.bellunopress.it\\\/\",\"name\":\"Bellunopress - Dolomiti\",\"description\":\"e-mail: redazione@bellunopress.it\",\"publisher\":{\"@id\":\"https:\\\/\\\/www.bellunopress.it\\\/#organization\"},\"potentialAction\":[{\"@type\":\"SearchAction\",\"target\":{\"@type\":\"EntryPoint\",\"urlTemplate\":\"https:\\\/\\\/www.bellunopress.it\\\/?s={search_term_string}\"},\"query-input\":{\"@type\":\"PropertyValueSpecification\",\"valueRequired\":true,\"valueName\":\"search_term_string\"}}],\"inLanguage\":\"fr-FR\"},{\"@type\":\"Organization\",\"@id\":\"https:\\\/\\\/www.bellunopress.it\\\/#organization\",\"name\":\"Bellunopress\",\"url\":\"https:\\\/\\\/www.bellunopress.it\\\/\",\"logo\":{\"@type\":\"ImageObject\",\"inLanguage\":\"fr-FR\",\"@id\":\"https:\\\/\\\/www.bellunopress.it\\\/#\\\/schema\\\/logo\\\/image\\\/\",\"url\":\"https:\\\/\\\/www.bellunopress.it\\\/wp-content\\\/uploads\\\/2011\\\/05\\\/cropped-logo-bellunopress-.jpg\",\"contentUrl\":\"https:\\\/\\\/www.bellunopress.it\\\/wp-content\\\/uploads\\\/2011\\\/05\\\/cropped-logo-bellunopress-.jpg\",\"width\":512,\"height\":512,\"caption\":\"Bellunopress\"},\"image\":{\"@id\":\"https:\\\/\\\/www.bellunopress.it\\\/#\\\/schema\\\/logo\\\/image\\\/\"},\"sameAs\":[\"https:\\\/\\\/www.facebook.com\\\/profile.php?id=100008943462799\",\"https:\\\/\\\/x.com\\\/bellunopress\",\"https:\\\/\\\/www.linkedin.com\\\/hp\\\/?dnr=JBzUWaJfMUw8vbXJJ2tVW5-I3jZKvC4wsoxE&amp;amp;amp;amp;amp;amp;trk=nav_responsive_tab_home\",\"https:\\\/\\\/www.youtube.com\\\/channel\\\/UCxL0wu1uN0_3_7hGG0306cw\"]},{\"@type\":\"Person\",\"@id\":\"https:\\\/\\\/www.bellunopress.it\\\/#\\\/schema\\\/person\\\/79bb06722b37ece1c03d3e94beb30d73\",\"name\":\"redazione\",\"image\":{\"@type\":\"ImageObject\",\"inLanguage\":\"fr-FR\",\"@id\":\"https:\\\/\\\/secure.gravatar.com\\\/avatar\\\/37d968a2e67a6fd04c169c4bdef102d0bc5d31b2546345219e348575eb80e9a0?s=96&d=mm&r=g\",\"url\":\"https:\\\/\\\/secure.gravatar.com\\\/avatar\\\/37d968a2e67a6fd04c169c4bdef102d0bc5d31b2546345219e348575eb80e9a0?s=96&d=mm&r=g\",\"contentUrl\":\"https:\\\/\\\/secure.gravatar.com\\\/avatar\\\/37d968a2e67a6fd04c169c4bdef102d0bc5d31b2546345219e348575eb80e9a0?s=96&d=mm&r=g\",\"caption\":\"redazione\"},\"sameAs\":[\"http:\\\/\\\/www.bellunopress.it\",\"https:\\\/\\\/x.com\\\/bellunopress\"],\"url\":\"https:\\\/\\\/www.bellunopress.it\\\/fr\\\/author\\\/redazione\\\/\"}]}<\/script>\n<!-- \/ Yoast SEO plugin. -->","yoast_head_json":{"title":"Cortina show jumping: ieri il gran finale - Bellunopress - Dolomiti","robots":{"index":"index","follow":"follow","max-snippet":"max-snippet:-1","max-image-preview":"max-image-preview:large","max-video-preview":"max-video-preview:-1"},"canonical":"https:\/\/www.bellunopress.it\/fr\/2011\/07\/04\/cortina-show-jumping-ieri-il-gran-finale\/","og_locale":"fr_FR","og_type":"article","og_title":"Cortina show jumping: ieri il gran finale - Bellunopress - Dolomiti","og_description":"\u00c8 giunta al termine, ieri, domenica 3 luglio, l&#8217;ottava edizione del Cortina Show Jumping, capitanata dal nuovo team di Pierluigi Nassi.\u00a0\u00a0Nel week end sono state protagoniste del Concorso Internazionale, ben 21 nazioni che, con 290 cavalli da concorso, si sono battute all\u2019ultimo ostacolo nella meravigliosa scenografia di Fiames.\u00a0 A conquistare il podio della competizione principale, [&hellip;]","og_url":"https:\/\/www.bellunopress.it\/fr\/2011\/07\/04\/cortina-show-jumping-ieri-il-gran-finale\/","og_site_name":"Bellunopress - Dolomiti","article_publisher":"https:\/\/www.facebook.com\/profile.php?id=100008943462799","article_published_time":"2011-07-04T12:31:04+00:00","og_image":[{"url":"http:\/\/www.bellunopress.it\/wp-content\/uploads\/2011\/07\/Cortina-show-jumping.jpg","type":"","width":"","height":""}],"author":"redazione","twitter_card":"summary_large_image","twitter_creator":"@bellunopress","twitter_site":"@bellunopress","twitter_misc":{"\u00c9crit par":"redazione","Dur\u00e9e de lecture estim\u00e9e":"4 minutes"},"schema":{"@context":"https:\/\/schema.org","@graph":[{"@type":"Article","@id":"https:\/\/www.bellunopress.it\/2011\/07\/04\/cortina-show-jumping-ieri-il-gran-finale\/#article","isPartOf":{"@id":"https:\/\/www.bellunopress.it\/2011\/07\/04\/cortina-show-jumping-ieri-il-gran-finale\/"},"author":{"name":"redazione","@id":"https:\/\/www.bellunopress.it\/#\/schema\/person\/79bb06722b37ece1c03d3e94beb30d73"},"headline":"Cortina show jumping: ieri il gran finale","datePublished":"2011-07-04T12:31:04+00:00","mainEntityOfPage":{"@id":"https:\/\/www.bellunopress.it\/2011\/07\/04\/cortina-show-jumping-ieri-il-gran-finale\/"},"wordCount":813,"publisher":{"@id":"https:\/\/www.bellunopress.it\/#organization"},"image":{"@id":"https:\/\/www.bellunopress.it\/2011\/07\/04\/cortina-show-jumping-ieri-il-gran-finale\/#primaryimage"},"thumbnailUrl":"http:\/\/www.bellunopress.it\/wp-content\/uploads\/2011\/07\/Cortina-show-jumping.jpg","articleSection":["Prima Pagina","Sport, tempo libero"],"inLanguage":"fr-FR"},{"@type":"WebPage","@id":"https:\/\/www.bellunopress.it\/2011\/07\/04\/cortina-show-jumping-ieri-il-gran-finale\/","url":"https:\/\/www.bellunopress.it\/2011\/07\/04\/cortina-show-jumping-ieri-il-gran-finale\/","name":"Cortina show jumping: ieri il gran finale - Bellunopress - Dolomiti","isPartOf":{"@id":"https:\/\/www.bellunopress.it\/#website"},"primaryImageOfPage":{"@id":"https:\/\/www.bellunopress.it\/2011\/07\/04\/cortina-show-jumping-ieri-il-gran-finale\/#primaryimage"},"image":{"@id":"https:\/\/www.bellunopress.it\/2011\/07\/04\/cortina-show-jumping-ieri-il-gran-finale\/#primaryimage"},"thumbnailUrl":"http:\/\/www.bellunopress.it\/wp-content\/uploads\/2011\/07\/Cortina-show-jumping.jpg","datePublished":"2011-07-04T12:31:04+00:00","breadcrumb":{"@id":"https:\/\/www.bellunopress.it\/2011\/07\/04\/cortina-show-jumping-ieri-il-gran-finale\/#breadcrumb"},"inLanguage":"fr-FR","potentialAction":[{"@type":"ReadAction","target":["https:\/\/www.bellunopress.it\/2011\/07\/04\/cortina-show-jumping-ieri-il-gran-finale\/"]}]},{"@type":"ImageObject","inLanguage":"fr-FR","@id":"https:\/\/www.bellunopress.it\/2011\/07\/04\/cortina-show-jumping-ieri-il-gran-finale\/#primaryimage","url":"http:\/\/www.bellunopress.it\/wp-content\/uploads\/2011\/07\/Cortina-show-jumping.jpg","contentUrl":"http:\/\/www.bellunopress.it\/wp-content\/uploads\/2011\/07\/Cortina-show-jumping.jpg"},{"@type":"BreadcrumbList","@id":"https:\/\/www.bellunopress.it\/2011\/07\/04\/cortina-show-jumping-ieri-il-gran-finale\/#breadcrumb","itemListElement":[{"@type":"ListItem","position":1,"name":"Home","item":"https:\/\/www.bellunopress.it\/"},{"@type":"ListItem","position":2,"name":"Cortina show jumping: ieri il gran finale"}]},{"@type":"WebSite","@id":"https:\/\/www.bellunopress.it\/#website","url":"https:\/\/www.bellunopress.it\/","name":"Bellunopress - Dolomiti","description":"e-mail: redazione@bellunopress.it","publisher":{"@id":"https:\/\/www.bellunopress.it\/#organization"},"potentialAction":[{"@type":"SearchAction","target":{"@type":"EntryPoint","urlTemplate":"https:\/\/www.bellunopress.it\/?s={search_term_string}"},"query-input":{"@type":"PropertyValueSpecification","valueRequired":true,"valueName":"search_term_string"}}],"inLanguage":"fr-FR"},{"@type":"Organization","@id":"https:\/\/www.bellunopress.it\/#organization","name":"Bellunopress","url":"https:\/\/www.bellunopress.it\/","logo":{"@type":"ImageObject","inLanguage":"fr-FR","@id":"https:\/\/www.bellunopress.it\/#\/schema\/logo\/image\/","url":"https:\/\/www.bellunopress.it\/wp-content\/uploads\/2011\/05\/cropped-logo-bellunopress-.jpg","contentUrl":"https:\/\/www.bellunopress.it\/wp-content\/uploads\/2011\/05\/cropped-logo-bellunopress-.jpg","width":512,"height":512,"caption":"Bellunopress"},"image":{"@id":"https:\/\/www.bellunopress.it\/#\/schema\/logo\/image\/"},"sameAs":["https:\/\/www.facebook.com\/profile.php?id=100008943462799","https:\/\/x.com\/bellunopress","https:\/\/www.linkedin.com\/hp\/?dnr=JBzUWaJfMUw8vbXJJ2tVW5-I3jZKvC4wsoxE&amp;amp;amp;amp;amp;amp;trk=nav_responsive_tab_home","https:\/\/www.youtube.com\/channel\/UCxL0wu1uN0_3_7hGG0306cw"]},{"@type":"Person","@id":"https:\/\/www.bellunopress.it\/#\/schema\/person\/79bb06722b37ece1c03d3e94beb30d73","name":"r\u00e9daction","image":{"@type":"ImageObject","inLanguage":"fr-FR","@id":"https:\/\/secure.gravatar.com\/avatar\/37d968a2e67a6fd04c169c4bdef102d0bc5d31b2546345219e348575eb80e9a0?s=96&d=mm&r=g","url":"https:\/\/secure.gravatar.com\/avatar\/37d968a2e67a6fd04c169c4bdef102d0bc5d31b2546345219e348575eb80e9a0?s=96&d=mm&r=g","contentUrl":"https:\/\/secure.gravatar.com\/avatar\/37d968a2e67a6fd04c169c4bdef102d0bc5d31b2546345219e348575eb80e9a0?s=96&d=mm&r=g","caption":"redazione"},"sameAs":["http:\/\/www.bellunopress.it","https:\/\/x.com\/bellunopress"],"url":"https:\/\/www.bellunopress.it\/fr\/author\/redazione\/"}]}},"_links":{"self":[{"href":"https:\/\/www.bellunopress.it\/fr\/wp-json\/wp\/v2\/posts\/28391","targetHints":{"allow":["GET"]}}],"collection":[{"href":"https:\/\/www.bellunopress.it\/fr\/wp-json\/wp\/v2\/posts"}],"about":[{"href":"https:\/\/www.bellunopress.it\/fr\/wp-json\/wp\/v2\/types\/post"}],"author":[{"embeddable":true,"href":"https:\/\/www.bellunopress.it\/fr\/wp-json\/wp\/v2\/users\/2"}],"replies":[{"embeddable":true,"href":"https:\/\/www.bellunopress.it\/fr\/wp-json\/wp\/v2\/comments?post=28391"}],"version-history":[{"count":2,"href":"https:\/\/www.bellunopress.it\/fr\/wp-json\/wp\/v2\/posts\/28391\/revisions"}],"predecessor-version":[{"id":28394,"href":"https:\/\/www.bellunopress.it\/fr\/wp-json\/wp\/v2\/posts\/28391\/revisions\/28394"}],"wp:attachment":[{"href":"https:\/\/www.bellunopress.it\/fr\/wp-json\/wp\/v2\/media?parent=28391"}],"wp:term":[{"taxonomy":"category","embeddable":true,"href":"https:\/\/www.bellunopress.it\/fr\/wp-json\/wp\/v2\/categories?post=28391"},{"taxonomy":"post_tag","embeddable":true,"href":"https:\/\/www.bellunopress.it\/fr\/wp-json\/wp\/v2\/tags?post=28391"}],"curies":[{"name":"wp","href":"https:\/\/api.w.org\/{rel}","templated":true}]}}