{"id":28387,"date":"2011-07-04T07:58:58","date_gmt":"2011-07-04T06:58:58","guid":{"rendered":"http:\/\/www.bellunopress.it\/?p=28387"},"modified":"2011-07-04T07:58:58","modified_gmt":"2011-07-04T06:58:58","slug":"carcere-ai-giornalisti-che-pubblicano-atti-processulali-di-inchieste-in-corso-no-anzi-si-lonorevole-paniz-a-radio-24-nega-poi-ammette","status":"publish","type":"post","link":"https:\/\/www.bellunopress.it\/fr\/2011\/07\/04\/carcere-ai-giornalisti-che-pubblicano-atti-processulali-di-inchieste-in-corso-no-anzi-si-lonorevole-paniz-a-radio-24-nega-poi-ammette\/","title":{"rendered":"Carcere ai giornalisti che pubblicano atti processulali di inchieste in corso? &#8220;No, anzi s\u00ec&#8221;! L&#8217;onorevole Paniz a Radio 24 nega poi ammette"},"content":{"rendered":"<figure id=\"attachment_17527\" aria-describedby=\"caption-attachment-17527\" style=\"width: 270px\" class=\"wp-caption alignleft\"><a href=\"http:\/\/www.bellunopress.it\/wp-content\/uploads\/2010\/07\/maurizio-paniz-270x270.jpg\"><img loading=\"lazy\" decoding=\"async\" class=\"size-full wp-image-17527\" title=\"maurizio-paniz-270x270\" src=\"http:\/\/www.bellunopress.it\/wp-content\/uploads\/2010\/07\/maurizio-paniz-270x270.jpg\" alt=\"\" width=\"270\" height=\"270\" srcset=\"https:\/\/www.bellunopress.it\/wp-content\/uploads\/2010\/07\/maurizio-paniz-270x270.jpg 270w, https:\/\/www.bellunopress.it\/wp-content\/uploads\/2010\/07\/maurizio-paniz-270x270-150x150.jpg 150w\" sizes=\"auto, (max-width: 270px) 100vw, 270px\" \/><\/a><figcaption id=\"caption-attachment-17527\" class=\"wp-caption-text\">Maurizio Paniz<\/figcaption><\/figure>\n<p>L&#8217;onorevole Maurizio Paniz, intervistato questa mattina da Alessandro Milan, su Radio 24, prima nega. Poi, incalzato dal giornalista, ribadisce la sua posizione: carcere ai giornalisti che pubblicano atti processuali di inchieste ancora in corso. L&#8217;oggetto dell&#8217;intervista in diretta questa mattina alle 8.20 su Radio24 del Sole 24 Ore, era l&#8217;autorizzazione a procedere nei confronti del deputato del Pdl Alfonso Papa. Paniz, componente commissione giustizia della camera e capogruppo nella giunta per l\u2019autorizzazione a procedere gruppo Pdl, ha precisato che il compito della commissione \u00e8 quello di valutare se &#8220;vi sono stati reati cos\u00ec gravi da dover ricorre a limitare la libert\u00e0 personale. E comunque &#8211; ha aggiunto l&#8217;avvocato bellunese &#8211; occorre distinguere il piano giuridico da quello morale&#8221;. A met\u00e0 intervista, per\u00f2, Milan coglie l&#8217;occasione per chiedere a Paniz: \u00e8 vero che lei vuole il carcere per i giornalisti? &#8220;No &#8211; risponde Paniz &#8211; voglio solo sanzioni pi\u00f9 gravi, congrue con chi pubblica atti processuali coperti dal segreto istruttorio&#8221;. Il giornalista allora mette con le spalle al muro l&#8217;onorevole e chiede: sanzioni pi\u00f9 congrue significa il carcere? &#8220;Secondo me s\u00ec &#8211; dice Paniz &#8211; perch\u00e9 chi pubblica atti processuali riservati fa un doppio danno, all&#8217;imputato e anche all&#8217;indagine in corso. Se il giornalista \u00e8 onesto &#8211; conclude Paniz &#8211; non avr\u00e0 nulla da temere e non dovr\u00e0 porsi problemi&#8221;.<\/p>","protected":false},"excerpt":{"rendered":"<p>L&#8217;onorevole Maurizio Paniz, intervistato questa mattina da Alessandro Milan, su Radio 24, prima nega. Poi, incalzato dal giornalista, ribadisce la sua posizione: carcere ai giornalisti che pubblicano atti processuali di inchieste ancora in corso. L&#8217;oggetto dell&#8217;intervista in diretta questa mattina alle 8.20 su Radio24 del Sole 24 Ore, era l&#8217;autorizzazione a procedere nei confronti del [&hellip;]<\/p>\n","protected":false},"author":2,"featured_media":0,"comment_status":"closed","ping_status":"open","sticky":false,"template":"","format":"standard","meta":{"footnotes":""},"categories":[5],"tags":[2311,2345],"class_list":["post-28387","post","type-post","status-publish","format-standard","category-cronaca","tag-paniz","tag-radio24"],"yoast_head":"<!-- This site is optimized with the Yoast SEO plugin v28.4 - https:\/\/yoast.com\/product\/yoast-seo-wordpress\/ -->\n<title>Carcere ai giornalisti che pubblicano atti processulali di inchieste in corso? &quot;No, anzi s\u00ec&quot;! L&#039;onorevole Paniz a Radio 24 nega poi ammette - Bellunopress - Dolomiti<\/title>\n<meta name=\"robots\" content=\"index, follow, max-snippet:-1, max-image-preview:large, max-video-preview:-1\" \/>\n<link rel=\"canonical\" href=\"https:\/\/www.bellunopress.it\/fr\/2011\/07\/04\/carcere-ai-giornalisti-che-pubblicano-atti-processulali-di-inchieste-in-corso-no-anzi-si-lonorevole-paniz-a-radio-24-nega-poi-ammette\/\" \/>\n<meta property=\"og:locale\" content=\"fr_FR\" \/>\n<meta property=\"og:type\" content=\"article\" \/>\n<meta property=\"og:title\" content=\"Carcere ai giornalisti che pubblicano atti processulali di inchieste in corso? &quot;No, anzi s\u00ec&quot;! L&#039;onorevole Paniz a Radio 24 nega poi ammette - Bellunopress - Dolomiti\" \/>\n<meta property=\"og:description\" content=\"L&#8217;onorevole Maurizio Paniz, intervistato questa mattina da Alessandro Milan, su Radio 24, prima nega. Poi, incalzato dal giornalista, ribadisce la sua posizione: carcere ai giornalisti che pubblicano atti processuali di inchieste ancora in corso. L&#8217;oggetto dell&#8217;intervista in diretta questa mattina alle 8.20 su Radio24 del Sole 24 Ore, era l&#8217;autorizzazione a procedere nei confronti del [&hellip;]\" \/>\n<meta property=\"og:url\" content=\"https:\/\/www.bellunopress.it\/fr\/2011\/07\/04\/carcere-ai-giornalisti-che-pubblicano-atti-processulali-di-inchieste-in-corso-no-anzi-si-lonorevole-paniz-a-radio-24-nega-poi-ammette\/\" \/>\n<meta property=\"og:site_name\" content=\"Bellunopress - Dolomiti\" \/>\n<meta property=\"article:publisher\" content=\"https:\/\/www.facebook.com\/profile.php?id=100008943462799\" \/>\n<meta property=\"article:published_time\" content=\"2011-07-04T06:58:58+00:00\" \/>\n<meta property=\"og:image\" content=\"http:\/\/www.bellunopress.it\/wp-content\/uploads\/2010\/07\/maurizio-paniz-270x270.jpg\" \/>\n<meta name=\"author\" content=\"redazione\" \/>\n<meta name=\"twitter:card\" content=\"summary_large_image\" \/>\n<meta name=\"twitter:creator\" content=\"@bellunopress\" \/>\n<meta name=\"twitter:site\" content=\"@bellunopress\" \/>\n<meta name=\"twitter:label1\" content=\"\u00c9crit par\" \/>\n\t<meta name=\"twitter:data1\" content=\"redazione\" \/>\n\t<meta name=\"twitter:label2\" content=\"Dur\u00e9e de lecture estim\u00e9e\" \/>\n\t<meta name=\"twitter:data2\" content=\"1 minute\" \/>\n<script type=\"application\/ld+json\" class=\"yoast-schema-graph\">{\"@context\":\"https:\\\/\\\/schema.org\",\"@graph\":[{\"@type\":\"Article\",\"@id\":\"https:\\\/\\\/www.bellunopress.it\\\/2011\\\/07\\\/04\\\/carcere-ai-giornalisti-che-pubblicano-atti-processulali-di-inchieste-in-corso-no-anzi-si-lonorevole-paniz-a-radio-24-nega-poi-ammette\\\/#article\",\"isPartOf\":{\"@id\":\"https:\\\/\\\/www.bellunopress.it\\\/2011\\\/07\\\/04\\\/carcere-ai-giornalisti-che-pubblicano-atti-processulali-di-inchieste-in-corso-no-anzi-si-lonorevole-paniz-a-radio-24-nega-poi-ammette\\\/\"},\"author\":{\"name\":\"redazione\",\"@id\":\"https:\\\/\\\/www.bellunopress.it\\\/#\\\/schema\\\/person\\\/79bb06722b37ece1c03d3e94beb30d73\"},\"headline\":\"Carcere ai giornalisti che pubblicano atti processulali di inchieste in corso? &#8220;No, anzi s\u00ec&#8221;! L&#8217;onorevole Paniz a Radio 24 nega poi ammette\",\"datePublished\":\"2011-07-04T06:58:58+00:00\",\"mainEntityOfPage\":{\"@id\":\"https:\\\/\\\/www.bellunopress.it\\\/2011\\\/07\\\/04\\\/carcere-ai-giornalisti-che-pubblicano-atti-processulali-di-inchieste-in-corso-no-anzi-si-lonorevole-paniz-a-radio-24-nega-poi-ammette\\\/\"},\"wordCount\":255,\"publisher\":{\"@id\":\"https:\\\/\\\/www.bellunopress.it\\\/#organization\"},\"image\":{\"@id\":\"https:\\\/\\\/www.bellunopress.it\\\/2011\\\/07\\\/04\\\/carcere-ai-giornalisti-che-pubblicano-atti-processulali-di-inchieste-in-corso-no-anzi-si-lonorevole-paniz-a-radio-24-nega-poi-ammette\\\/#primaryimage\"},\"thumbnailUrl\":\"http:\\\/\\\/www.bellunopress.it\\\/wp-content\\\/uploads\\\/2010\\\/07\\\/maurizio-paniz-270x270.jpg\",\"keywords\":[\"Paniz\",\"Radio24\"],\"articleSection\":[\"Cronaca\\\/Politica\"],\"inLanguage\":\"fr-FR\"},{\"@type\":\"WebPage\",\"@id\":\"https:\\\/\\\/www.bellunopress.it\\\/2011\\\/07\\\/04\\\/carcere-ai-giornalisti-che-pubblicano-atti-processulali-di-inchieste-in-corso-no-anzi-si-lonorevole-paniz-a-radio-24-nega-poi-ammette\\\/\",\"url\":\"https:\\\/\\\/www.bellunopress.it\\\/2011\\\/07\\\/04\\\/carcere-ai-giornalisti-che-pubblicano-atti-processulali-di-inchieste-in-corso-no-anzi-si-lonorevole-paniz-a-radio-24-nega-poi-ammette\\\/\",\"name\":\"Carcere ai giornalisti che pubblicano atti processulali di inchieste in corso? \\\"No, anzi s\u00ec\\\"! L'onorevole Paniz a Radio 24 nega poi ammette - Bellunopress - Dolomiti\",\"isPartOf\":{\"@id\":\"https:\\\/\\\/www.bellunopress.it\\\/#website\"},\"primaryImageOfPage\":{\"@id\":\"https:\\\/\\\/www.bellunopress.it\\\/2011\\\/07\\\/04\\\/carcere-ai-giornalisti-che-pubblicano-atti-processulali-di-inchieste-in-corso-no-anzi-si-lonorevole-paniz-a-radio-24-nega-poi-ammette\\\/#primaryimage\"},\"image\":{\"@id\":\"https:\\\/\\\/www.bellunopress.it\\\/2011\\\/07\\\/04\\\/carcere-ai-giornalisti-che-pubblicano-atti-processulali-di-inchieste-in-corso-no-anzi-si-lonorevole-paniz-a-radio-24-nega-poi-ammette\\\/#primaryimage\"},\"thumbnailUrl\":\"http:\\\/\\\/www.bellunopress.it\\\/wp-content\\\/uploads\\\/2010\\\/07\\\/maurizio-paniz-270x270.jpg\",\"datePublished\":\"2011-07-04T06:58:58+00:00\",\"breadcrumb\":{\"@id\":\"https:\\\/\\\/www.bellunopress.it\\\/2011\\\/07\\\/04\\\/carcere-ai-giornalisti-che-pubblicano-atti-processulali-di-inchieste-in-corso-no-anzi-si-lonorevole-paniz-a-radio-24-nega-poi-ammette\\\/#breadcrumb\"},\"inLanguage\":\"fr-FR\",\"potentialAction\":[{\"@type\":\"ReadAction\",\"target\":[\"https:\\\/\\\/www.bellunopress.it\\\/2011\\\/07\\\/04\\\/carcere-ai-giornalisti-che-pubblicano-atti-processulali-di-inchieste-in-corso-no-anzi-si-lonorevole-paniz-a-radio-24-nega-poi-ammette\\\/\"]}]},{\"@type\":\"ImageObject\",\"inLanguage\":\"fr-FR\",\"@id\":\"https:\\\/\\\/www.bellunopress.it\\\/2011\\\/07\\\/04\\\/carcere-ai-giornalisti-che-pubblicano-atti-processulali-di-inchieste-in-corso-no-anzi-si-lonorevole-paniz-a-radio-24-nega-poi-ammette\\\/#primaryimage\",\"url\":\"http:\\\/\\\/www.bellunopress.it\\\/wp-content\\\/uploads\\\/2010\\\/07\\\/maurizio-paniz-270x270.jpg\",\"contentUrl\":\"http:\\\/\\\/www.bellunopress.it\\\/wp-content\\\/uploads\\\/2010\\\/07\\\/maurizio-paniz-270x270.jpg\"},{\"@type\":\"BreadcrumbList\",\"@id\":\"https:\\\/\\\/www.bellunopress.it\\\/2011\\\/07\\\/04\\\/carcere-ai-giornalisti-che-pubblicano-atti-processulali-di-inchieste-in-corso-no-anzi-si-lonorevole-paniz-a-radio-24-nega-poi-ammette\\\/#breadcrumb\",\"itemListElement\":[{\"@type\":\"ListItem\",\"position\":1,\"name\":\"Home\",\"item\":\"https:\\\/\\\/www.bellunopress.it\\\/\"},{\"@type\":\"ListItem\",\"position\":2,\"name\":\"Carcere ai giornalisti che pubblicano atti processulali di inchieste in corso? &#8220;No, anzi s\u00ec&#8221;! L&#8217;onorevole Paniz a Radio 24 nega poi ammette\"}]},{\"@type\":\"WebSite\",\"@id\":\"https:\\\/\\\/www.bellunopress.it\\\/#website\",\"url\":\"https:\\\/\\\/www.bellunopress.it\\\/\",\"name\":\"Bellunopress - Dolomiti\",\"description\":\"e-mail: redazione@bellunopress.it\",\"publisher\":{\"@id\":\"https:\\\/\\\/www.bellunopress.it\\\/#organization\"},\"potentialAction\":[{\"@type\":\"SearchAction\",\"target\":{\"@type\":\"EntryPoint\",\"urlTemplate\":\"https:\\\/\\\/www.bellunopress.it\\\/?s={search_term_string}\"},\"query-input\":{\"@type\":\"PropertyValueSpecification\",\"valueRequired\":true,\"valueName\":\"search_term_string\"}}],\"inLanguage\":\"fr-FR\"},{\"@type\":\"Organization\",\"@id\":\"https:\\\/\\\/www.bellunopress.it\\\/#organization\",\"name\":\"Bellunopress\",\"url\":\"https:\\\/\\\/www.bellunopress.it\\\/\",\"logo\":{\"@type\":\"ImageObject\",\"inLanguage\":\"fr-FR\",\"@id\":\"https:\\\/\\\/www.bellunopress.it\\\/#\\\/schema\\\/logo\\\/image\\\/\",\"url\":\"https:\\\/\\\/www.bellunopress.it\\\/wp-content\\\/uploads\\\/2011\\\/05\\\/cropped-logo-bellunopress-.jpg\",\"contentUrl\":\"https:\\\/\\\/www.bellunopress.it\\\/wp-content\\\/uploads\\\/2011\\\/05\\\/cropped-logo-bellunopress-.jpg\",\"width\":512,\"height\":512,\"caption\":\"Bellunopress\"},\"image\":{\"@id\":\"https:\\\/\\\/www.bellunopress.it\\\/#\\\/schema\\\/logo\\\/image\\\/\"},\"sameAs\":[\"https:\\\/\\\/www.facebook.com\\\/profile.php?id=100008943462799\",\"https:\\\/\\\/x.com\\\/bellunopress\",\"https:\\\/\\\/www.linkedin.com\\\/hp\\\/?dnr=JBzUWaJfMUw8vbXJJ2tVW5-I3jZKvC4wsoxE&amp;amp;amp;amp;amp;amp;trk=nav_responsive_tab_home\",\"https:\\\/\\\/www.youtube.com\\\/channel\\\/UCxL0wu1uN0_3_7hGG0306cw\"]},{\"@type\":\"Person\",\"@id\":\"https:\\\/\\\/www.bellunopress.it\\\/#\\\/schema\\\/person\\\/79bb06722b37ece1c03d3e94beb30d73\",\"name\":\"redazione\",\"image\":{\"@type\":\"ImageObject\",\"inLanguage\":\"fr-FR\",\"@id\":\"https:\\\/\\\/secure.gravatar.com\\\/avatar\\\/37d968a2e67a6fd04c169c4bdef102d0bc5d31b2546345219e348575eb80e9a0?s=96&d=mm&r=g\",\"url\":\"https:\\\/\\\/secure.gravatar.com\\\/avatar\\\/37d968a2e67a6fd04c169c4bdef102d0bc5d31b2546345219e348575eb80e9a0?s=96&d=mm&r=g\",\"contentUrl\":\"https:\\\/\\\/secure.gravatar.com\\\/avatar\\\/37d968a2e67a6fd04c169c4bdef102d0bc5d31b2546345219e348575eb80e9a0?s=96&d=mm&r=g\",\"caption\":\"redazione\"},\"sameAs\":[\"http:\\\/\\\/www.bellunopress.it\",\"https:\\\/\\\/x.com\\\/bellunopress\"],\"url\":\"https:\\\/\\\/www.bellunopress.it\\\/fr\\\/author\\\/redazione\\\/\"}]}<\/script>\n<!-- \/ Yoast SEO plugin. -->","yoast_head_json":{"title":"Carcere ai giornalisti che pubblicano atti processulali di inchieste in corso? \"No, anzi s\u00ec\"! L'onorevole Paniz a Radio 24 nega poi ammette - Bellunopress - Dolomiti","robots":{"index":"index","follow":"follow","max-snippet":"max-snippet:-1","max-image-preview":"max-image-preview:large","max-video-preview":"max-video-preview:-1"},"canonical":"https:\/\/www.bellunopress.it\/fr\/2011\/07\/04\/carcere-ai-giornalisti-che-pubblicano-atti-processulali-di-inchieste-in-corso-no-anzi-si-lonorevole-paniz-a-radio-24-nega-poi-ammette\/","og_locale":"fr_FR","og_type":"article","og_title":"Carcere ai giornalisti che pubblicano atti processulali di inchieste in corso? \"No, anzi s\u00ec\"! L'onorevole Paniz a Radio 24 nega poi ammette - Bellunopress - Dolomiti","og_description":"L&#8217;onorevole Maurizio Paniz, intervistato questa mattina da Alessandro Milan, su Radio 24, prima nega. Poi, incalzato dal giornalista, ribadisce la sua posizione: carcere ai giornalisti che pubblicano atti processuali di inchieste ancora in corso. L&#8217;oggetto dell&#8217;intervista in diretta questa mattina alle 8.20 su Radio24 del Sole 24 Ore, era l&#8217;autorizzazione a procedere nei confronti del [&hellip;]","og_url":"https:\/\/www.bellunopress.it\/fr\/2011\/07\/04\/carcere-ai-giornalisti-che-pubblicano-atti-processulali-di-inchieste-in-corso-no-anzi-si-lonorevole-paniz-a-radio-24-nega-poi-ammette\/","og_site_name":"Bellunopress - Dolomiti","article_publisher":"https:\/\/www.facebook.com\/profile.php?id=100008943462799","article_published_time":"2011-07-04T06:58:58+00:00","og_image":[{"url":"http:\/\/www.bellunopress.it\/wp-content\/uploads\/2010\/07\/maurizio-paniz-270x270.jpg","type":"","width":"","height":""}],"author":"redazione","twitter_card":"summary_large_image","twitter_creator":"@bellunopress","twitter_site":"@bellunopress","twitter_misc":{"\u00c9crit par":"redazione","Dur\u00e9e de lecture estim\u00e9e":"1 minute"},"schema":{"@context":"https:\/\/schema.org","@graph":[{"@type":"Article","@id":"https:\/\/www.bellunopress.it\/2011\/07\/04\/carcere-ai-giornalisti-che-pubblicano-atti-processulali-di-inchieste-in-corso-no-anzi-si-lonorevole-paniz-a-radio-24-nega-poi-ammette\/#article","isPartOf":{"@id":"https:\/\/www.bellunopress.it\/2011\/07\/04\/carcere-ai-giornalisti-che-pubblicano-atti-processulali-di-inchieste-in-corso-no-anzi-si-lonorevole-paniz-a-radio-24-nega-poi-ammette\/"},"author":{"name":"redazione","@id":"https:\/\/www.bellunopress.it\/#\/schema\/person\/79bb06722b37ece1c03d3e94beb30d73"},"headline":"Carcere ai giornalisti che pubblicano atti processulali di inchieste in corso? &#8220;No, anzi s\u00ec&#8221;! L&#8217;onorevole Paniz a Radio 24 nega poi ammette","datePublished":"2011-07-04T06:58:58+00:00","mainEntityOfPage":{"@id":"https:\/\/www.bellunopress.it\/2011\/07\/04\/carcere-ai-giornalisti-che-pubblicano-atti-processulali-di-inchieste-in-corso-no-anzi-si-lonorevole-paniz-a-radio-24-nega-poi-ammette\/"},"wordCount":255,"publisher":{"@id":"https:\/\/www.bellunopress.it\/#organization"},"image":{"@id":"https:\/\/www.bellunopress.it\/2011\/07\/04\/carcere-ai-giornalisti-che-pubblicano-atti-processulali-di-inchieste-in-corso-no-anzi-si-lonorevole-paniz-a-radio-24-nega-poi-ammette\/#primaryimage"},"thumbnailUrl":"http:\/\/www.bellunopress.it\/wp-content\/uploads\/2010\/07\/maurizio-paniz-270x270.jpg","keywords":["Paniz","Radio24"],"articleSection":["Cronaca\/Politica"],"inLanguage":"fr-FR"},{"@type":"WebPage","@id":"https:\/\/www.bellunopress.it\/2011\/07\/04\/carcere-ai-giornalisti-che-pubblicano-atti-processulali-di-inchieste-in-corso-no-anzi-si-lonorevole-paniz-a-radio-24-nega-poi-ammette\/","url":"https:\/\/www.bellunopress.it\/2011\/07\/04\/carcere-ai-giornalisti-che-pubblicano-atti-processulali-di-inchieste-in-corso-no-anzi-si-lonorevole-paniz-a-radio-24-nega-poi-ammette\/","name":"Carcere ai giornalisti che pubblicano atti processulali di inchieste in corso? \"No, anzi s\u00ec\"! L'onorevole Paniz a Radio 24 nega poi ammette - Bellunopress - Dolomiti","isPartOf":{"@id":"https:\/\/www.bellunopress.it\/#website"},"primaryImageOfPage":{"@id":"https:\/\/www.bellunopress.it\/2011\/07\/04\/carcere-ai-giornalisti-che-pubblicano-atti-processulali-di-inchieste-in-corso-no-anzi-si-lonorevole-paniz-a-radio-24-nega-poi-ammette\/#primaryimage"},"image":{"@id":"https:\/\/www.bellunopress.it\/2011\/07\/04\/carcere-ai-giornalisti-che-pubblicano-atti-processulali-di-inchieste-in-corso-no-anzi-si-lonorevole-paniz-a-radio-24-nega-poi-ammette\/#primaryimage"},"thumbnailUrl":"http:\/\/www.bellunopress.it\/wp-content\/uploads\/2010\/07\/maurizio-paniz-270x270.jpg","datePublished":"2011-07-04T06:58:58+00:00","breadcrumb":{"@id":"https:\/\/www.bellunopress.it\/2011\/07\/04\/carcere-ai-giornalisti-che-pubblicano-atti-processulali-di-inchieste-in-corso-no-anzi-si-lonorevole-paniz-a-radio-24-nega-poi-ammette\/#breadcrumb"},"inLanguage":"fr-FR","potentialAction":[{"@type":"ReadAction","target":["https:\/\/www.bellunopress.it\/2011\/07\/04\/carcere-ai-giornalisti-che-pubblicano-atti-processulali-di-inchieste-in-corso-no-anzi-si-lonorevole-paniz-a-radio-24-nega-poi-ammette\/"]}]},{"@type":"ImageObject","inLanguage":"fr-FR","@id":"https:\/\/www.bellunopress.it\/2011\/07\/04\/carcere-ai-giornalisti-che-pubblicano-atti-processulali-di-inchieste-in-corso-no-anzi-si-lonorevole-paniz-a-radio-24-nega-poi-ammette\/#primaryimage","url":"http:\/\/www.bellunopress.it\/wp-content\/uploads\/2010\/07\/maurizio-paniz-270x270.jpg","contentUrl":"http:\/\/www.bellunopress.it\/wp-content\/uploads\/2010\/07\/maurizio-paniz-270x270.jpg"},{"@type":"BreadcrumbList","@id":"https:\/\/www.bellunopress.it\/2011\/07\/04\/carcere-ai-giornalisti-che-pubblicano-atti-processulali-di-inchieste-in-corso-no-anzi-si-lonorevole-paniz-a-radio-24-nega-poi-ammette\/#breadcrumb","itemListElement":[{"@type":"ListItem","position":1,"name":"Home","item":"https:\/\/www.bellunopress.it\/"},{"@type":"ListItem","position":2,"name":"Carcere ai giornalisti che pubblicano atti processulali di inchieste in corso? &#8220;No, anzi s\u00ec&#8221;! L&#8217;onorevole Paniz a Radio 24 nega poi ammette"}]},{"@type":"WebSite","@id":"https:\/\/www.bellunopress.it\/#website","url":"https:\/\/www.bellunopress.it\/","name":"Bellunopress - Dolomiti","description":"e-mail: redazione@bellunopress.it","publisher":{"@id":"https:\/\/www.bellunopress.it\/#organization"},"potentialAction":[{"@type":"SearchAction","target":{"@type":"EntryPoint","urlTemplate":"https:\/\/www.bellunopress.it\/?s={search_term_string}"},"query-input":{"@type":"PropertyValueSpecification","valueRequired":true,"valueName":"search_term_string"}}],"inLanguage":"fr-FR"},{"@type":"Organization","@id":"https:\/\/www.bellunopress.it\/#organization","name":"Bellunopress","url":"https:\/\/www.bellunopress.it\/","logo":{"@type":"ImageObject","inLanguage":"fr-FR","@id":"https:\/\/www.bellunopress.it\/#\/schema\/logo\/image\/","url":"https:\/\/www.bellunopress.it\/wp-content\/uploads\/2011\/05\/cropped-logo-bellunopress-.jpg","contentUrl":"https:\/\/www.bellunopress.it\/wp-content\/uploads\/2011\/05\/cropped-logo-bellunopress-.jpg","width":512,"height":512,"caption":"Bellunopress"},"image":{"@id":"https:\/\/www.bellunopress.it\/#\/schema\/logo\/image\/"},"sameAs":["https:\/\/www.facebook.com\/profile.php?id=100008943462799","https:\/\/x.com\/bellunopress","https:\/\/www.linkedin.com\/hp\/?dnr=JBzUWaJfMUw8vbXJJ2tVW5-I3jZKvC4wsoxE&amp;amp;amp;amp;amp;amp;trk=nav_responsive_tab_home","https:\/\/www.youtube.com\/channel\/UCxL0wu1uN0_3_7hGG0306cw"]},{"@type":"Person","@id":"https:\/\/www.bellunopress.it\/#\/schema\/person\/79bb06722b37ece1c03d3e94beb30d73","name":"r\u00e9daction","image":{"@type":"ImageObject","inLanguage":"fr-FR","@id":"https:\/\/secure.gravatar.com\/avatar\/37d968a2e67a6fd04c169c4bdef102d0bc5d31b2546345219e348575eb80e9a0?s=96&d=mm&r=g","url":"https:\/\/secure.gravatar.com\/avatar\/37d968a2e67a6fd04c169c4bdef102d0bc5d31b2546345219e348575eb80e9a0?s=96&d=mm&r=g","contentUrl":"https:\/\/secure.gravatar.com\/avatar\/37d968a2e67a6fd04c169c4bdef102d0bc5d31b2546345219e348575eb80e9a0?s=96&d=mm&r=g","caption":"redazione"},"sameAs":["http:\/\/www.bellunopress.it","https:\/\/x.com\/bellunopress"],"url":"https:\/\/www.bellunopress.it\/fr\/author\/redazione\/"}]}},"_links":{"self":[{"href":"https:\/\/www.bellunopress.it\/fr\/wp-json\/wp\/v2\/posts\/28387","targetHints":{"allow":["GET"]}}],"collection":[{"href":"https:\/\/www.bellunopress.it\/fr\/wp-json\/wp\/v2\/posts"}],"about":[{"href":"https:\/\/www.bellunopress.it\/fr\/wp-json\/wp\/v2\/types\/post"}],"author":[{"embeddable":true,"href":"https:\/\/www.bellunopress.it\/fr\/wp-json\/wp\/v2\/users\/2"}],"replies":[{"embeddable":true,"href":"https:\/\/www.bellunopress.it\/fr\/wp-json\/wp\/v2\/comments?post=28387"}],"version-history":[{"count":1,"href":"https:\/\/www.bellunopress.it\/fr\/wp-json\/wp\/v2\/posts\/28387\/revisions"}],"predecessor-version":[{"id":28388,"href":"https:\/\/www.bellunopress.it\/fr\/wp-json\/wp\/v2\/posts\/28387\/revisions\/28388"}],"wp:attachment":[{"href":"https:\/\/www.bellunopress.it\/fr\/wp-json\/wp\/v2\/media?parent=28387"}],"wp:term":[{"taxonomy":"category","embeddable":true,"href":"https:\/\/www.bellunopress.it\/fr\/wp-json\/wp\/v2\/categories?post=28387"},{"taxonomy":"post_tag","embeddable":true,"href":"https:\/\/www.bellunopress.it\/fr\/wp-json\/wp\/v2\/tags?post=28387"}],"curies":[{"name":"wp","href":"https:\/\/api.w.org\/{rel}","templated":true}]}}