{"id":2836,"date":"2009-04-20T07:59:10","date_gmt":"2009-04-20T06:59:10","guid":{"rendered":"http:\/\/www.bellunopress.it\/?p=2836"},"modified":"2009-04-20T22:54:47","modified_gmt":"2009-04-20T21:54:47","slug":"candidato-del-centrodestra-se-ci-sei-batti-un-colpo","status":"publish","type":"post","link":"https:\/\/www.bellunopress.it\/fr\/2009\/04\/20\/candidato-del-centrodestra-se-ci-sei-batti-un-colpo\/","title":{"rendered":"Candidato del centrodestra: se ci sei batti un colpo!"},"content":{"rendered":"<p><a href=\"http:\/\/www.bellunopress.it\/wp-content\/uploads\/2009\/04\/provincia-240x180.jpg\"><img loading=\"lazy\" decoding=\"async\" class=\"alignleft size-medium wp-image-2712\" title=\"provincia-240x180\" src=\"http:\/\/www.bellunopress.it\/wp-content\/uploads\/2009\/04\/provincia-240x180.jpg\" alt=\"\" width=\"240\" height=\"180\" \/><\/a>Mancano diciassette giorni al termine ultimo per la presentazione delle liste. E ad oggi il centrodestra non sa che pesci pigliare. O meglio, la Lega partito designato dal \u201cPatto di Arcore Berlusconi-Bossi\u201d a designare il leader su cui far convergere i voti del centrodestra, \u00e8 incapace di trovare un suo uomo da opporre a Sergio Reolon. Sull&#8217;episodio, che oramai \u00e8 diventato grottesco, \u00e8 calato il silenzio stampa dei dirigenti locali leghisti. Che all&#8217;inizio si sono riservati il diritto, peraltro calato dall&#8217;alto, di nominare il candidato a presidente della Provincia tra una rosa ristretta di \u201ccolonnelli\u201d. Eppoi, al momento di mettere nero su bianco, di ufficializzare la candidatura, l&#8217;ingranaggio si \u00e8 inceppato. La paura a volte fa brutti scherzi. La paura di perdere, ovviamente. In questo caso con un avversario politico forte come Reolon ha evidentemente affievolito tutte le certezze e le ambizioni, avvalorate da sondaggi e controsondaggi favorevoli alla Lega (fonte Lega). L&#8217;ultima ritirata strategica poco onorevole alla quale abbiamo assistito \u00e8 stata quella di Bottacin, consigliere regionale, che prima aveva dato la sua disponibilit\u00e0, e poi ha preferito rinunciare alla sfida. Anche perch\u00e9 il rischio di perdere gli avrebbe stroncato la carriera politica, oltre che lo stipendio di 9000 euro mensili di consigliere regionale che avrebbe perduto.<\/p>","protected":false},"excerpt":{"rendered":"<p>Mancano diciassette giorni al termine ultimo per la presentazione delle liste. E ad oggi il centrodestra non sa che pesci pigliare. O meglio, la Lega partito designato dal \u201cPatto di Arcore Berlusconi-Bossi\u201d a designare il leader su cui far convergere i voti del centrodestra, \u00e8 incapace di trovare un suo uomo da opporre a Sergio [&hellip;]<\/p>\n","protected":false},"author":2,"featured_media":0,"comment_status":"closed","ping_status":"open","sticky":false,"template":"","format":"standard","meta":{"footnotes":""},"categories":[5],"tags":[139],"class_list":["post-2836","post","type-post","status-publish","format-standard","category-cronaca","tag-belluno"],"yoast_head":"<!-- This site is optimized with the Yoast SEO plugin v28.4 - https:\/\/yoast.com\/product\/yoast-seo-wordpress\/ -->\n<title>Candidato del centrodestra: se ci sei batti un colpo! - Bellunopress - Dolomiti<\/title>\n<meta name=\"robots\" content=\"index, follow, max-snippet:-1, max-image-preview:large, max-video-preview:-1\" \/>\n<link rel=\"canonical\" href=\"https:\/\/www.bellunopress.it\/fr\/2009\/04\/20\/candidato-del-centrodestra-se-ci-sei-batti-un-colpo\/\" \/>\n<meta property=\"og:locale\" content=\"fr_FR\" \/>\n<meta property=\"og:type\" content=\"article\" \/>\n<meta property=\"og:title\" content=\"Candidato del centrodestra: se ci sei batti un colpo! - Bellunopress - Dolomiti\" \/>\n<meta property=\"og:description\" content=\"Mancano diciassette giorni al termine ultimo per la presentazione delle liste. E ad oggi il centrodestra non sa che pesci pigliare. O meglio, la Lega partito designato dal \u201cPatto di Arcore Berlusconi-Bossi\u201d a designare il leader su cui far convergere i voti del centrodestra, \u00e8 incapace di trovare un suo uomo da opporre a Sergio [&hellip;]\" \/>\n<meta property=\"og:url\" content=\"https:\/\/www.bellunopress.it\/fr\/2009\/04\/20\/candidato-del-centrodestra-se-ci-sei-batti-un-colpo\/\" \/>\n<meta property=\"og:site_name\" content=\"Bellunopress - Dolomiti\" \/>\n<meta property=\"article:publisher\" content=\"https:\/\/www.facebook.com\/profile.php?id=100008943462799\" \/>\n<meta property=\"article:published_time\" content=\"2009-04-20T06:59:10+00:00\" \/>\n<meta property=\"article:modified_time\" content=\"2009-04-20T21:54:47+00:00\" \/>\n<meta property=\"og:image\" content=\"http:\/\/www.bellunopress.it\/wp-content\/uploads\/2009\/04\/provincia-240x180.jpg\" \/>\n<meta name=\"author\" content=\"redazione\" \/>\n<meta name=\"twitter:card\" content=\"summary_large_image\" \/>\n<meta name=\"twitter:creator\" content=\"@bellunopress\" \/>\n<meta name=\"twitter:site\" content=\"@bellunopress\" \/>\n<meta name=\"twitter:label1\" content=\"\u00c9crit par\" \/>\n\t<meta name=\"twitter:data1\" content=\"redazione\" \/>\n\t<meta name=\"twitter:label2\" content=\"Dur\u00e9e de lecture estim\u00e9e\" \/>\n\t<meta name=\"twitter:data2\" content=\"1 minute\" \/>\n<script type=\"application\/ld+json\" class=\"yoast-schema-graph\">{\"@context\":\"https:\\\/\\\/schema.org\",\"@graph\":[{\"@type\":\"Article\",\"@id\":\"https:\\\/\\\/www.bellunopress.it\\\/2009\\\/04\\\/20\\\/candidato-del-centrodestra-se-ci-sei-batti-un-colpo\\\/#article\",\"isPartOf\":{\"@id\":\"https:\\\/\\\/www.bellunopress.it\\\/2009\\\/04\\\/20\\\/candidato-del-centrodestra-se-ci-sei-batti-un-colpo\\\/\"},\"author\":{\"name\":\"redazione\",\"@id\":\"https:\\\/\\\/www.bellunopress.it\\\/#\\\/schema\\\/person\\\/79bb06722b37ece1c03d3e94beb30d73\"},\"headline\":\"Candidato del centrodestra: se ci sei batti un colpo!\",\"datePublished\":\"2009-04-20T06:59:10+00:00\",\"dateModified\":\"2009-04-20T21:54:47+00:00\",\"mainEntityOfPage\":{\"@id\":\"https:\\\/\\\/www.bellunopress.it\\\/2009\\\/04\\\/20\\\/candidato-del-centrodestra-se-ci-sei-batti-un-colpo\\\/\"},\"wordCount\":216,\"publisher\":{\"@id\":\"https:\\\/\\\/www.bellunopress.it\\\/#organization\"},\"image\":{\"@id\":\"https:\\\/\\\/www.bellunopress.it\\\/2009\\\/04\\\/20\\\/candidato-del-centrodestra-se-ci-sei-batti-un-colpo\\\/#primaryimage\"},\"thumbnailUrl\":\"http:\\\/\\\/www.bellunopress.it\\\/wp-content\\\/uploads\\\/2009\\\/04\\\/provincia-240x180.jpg\",\"keywords\":[\"Belluno\"],\"articleSection\":[\"Cronaca\\\/Politica\"],\"inLanguage\":\"fr-FR\"},{\"@type\":\"WebPage\",\"@id\":\"https:\\\/\\\/www.bellunopress.it\\\/2009\\\/04\\\/20\\\/candidato-del-centrodestra-se-ci-sei-batti-un-colpo\\\/\",\"url\":\"https:\\\/\\\/www.bellunopress.it\\\/2009\\\/04\\\/20\\\/candidato-del-centrodestra-se-ci-sei-batti-un-colpo\\\/\",\"name\":\"Candidato del centrodestra: se ci sei batti un colpo! - Bellunopress - Dolomiti\",\"isPartOf\":{\"@id\":\"https:\\\/\\\/www.bellunopress.it\\\/#website\"},\"primaryImageOfPage\":{\"@id\":\"https:\\\/\\\/www.bellunopress.it\\\/2009\\\/04\\\/20\\\/candidato-del-centrodestra-se-ci-sei-batti-un-colpo\\\/#primaryimage\"},\"image\":{\"@id\":\"https:\\\/\\\/www.bellunopress.it\\\/2009\\\/04\\\/20\\\/candidato-del-centrodestra-se-ci-sei-batti-un-colpo\\\/#primaryimage\"},\"thumbnailUrl\":\"http:\\\/\\\/www.bellunopress.it\\\/wp-content\\\/uploads\\\/2009\\\/04\\\/provincia-240x180.jpg\",\"datePublished\":\"2009-04-20T06:59:10+00:00\",\"dateModified\":\"2009-04-20T21:54:47+00:00\",\"breadcrumb\":{\"@id\":\"https:\\\/\\\/www.bellunopress.it\\\/2009\\\/04\\\/20\\\/candidato-del-centrodestra-se-ci-sei-batti-un-colpo\\\/#breadcrumb\"},\"inLanguage\":\"fr-FR\",\"potentialAction\":[{\"@type\":\"ReadAction\",\"target\":[\"https:\\\/\\\/www.bellunopress.it\\\/2009\\\/04\\\/20\\\/candidato-del-centrodestra-se-ci-sei-batti-un-colpo\\\/\"]}]},{\"@type\":\"ImageObject\",\"inLanguage\":\"fr-FR\",\"@id\":\"https:\\\/\\\/www.bellunopress.it\\\/2009\\\/04\\\/20\\\/candidato-del-centrodestra-se-ci-sei-batti-un-colpo\\\/#primaryimage\",\"url\":\"http:\\\/\\\/www.bellunopress.it\\\/wp-content\\\/uploads\\\/2009\\\/04\\\/provincia-240x180.jpg\",\"contentUrl\":\"http:\\\/\\\/www.bellunopress.it\\\/wp-content\\\/uploads\\\/2009\\\/04\\\/provincia-240x180.jpg\"},{\"@type\":\"BreadcrumbList\",\"@id\":\"https:\\\/\\\/www.bellunopress.it\\\/2009\\\/04\\\/20\\\/candidato-del-centrodestra-se-ci-sei-batti-un-colpo\\\/#breadcrumb\",\"itemListElement\":[{\"@type\":\"ListItem\",\"position\":1,\"name\":\"Home\",\"item\":\"https:\\\/\\\/www.bellunopress.it\\\/\"},{\"@type\":\"ListItem\",\"position\":2,\"name\":\"Candidato del centrodestra: se ci sei batti un colpo!\"}]},{\"@type\":\"WebSite\",\"@id\":\"https:\\\/\\\/www.bellunopress.it\\\/#website\",\"url\":\"https:\\\/\\\/www.bellunopress.it\\\/\",\"name\":\"Bellunopress - Dolomiti\",\"description\":\"e-mail: redazione@bellunopress.it\",\"publisher\":{\"@id\":\"https:\\\/\\\/www.bellunopress.it\\\/#organization\"},\"potentialAction\":[{\"@type\":\"SearchAction\",\"target\":{\"@type\":\"EntryPoint\",\"urlTemplate\":\"https:\\\/\\\/www.bellunopress.it\\\/?s={search_term_string}\"},\"query-input\":{\"@type\":\"PropertyValueSpecification\",\"valueRequired\":true,\"valueName\":\"search_term_string\"}}],\"inLanguage\":\"fr-FR\"},{\"@type\":\"Organization\",\"@id\":\"https:\\\/\\\/www.bellunopress.it\\\/#organization\",\"name\":\"Bellunopress\",\"url\":\"https:\\\/\\\/www.bellunopress.it\\\/\",\"logo\":{\"@type\":\"ImageObject\",\"inLanguage\":\"fr-FR\",\"@id\":\"https:\\\/\\\/www.bellunopress.it\\\/#\\\/schema\\\/logo\\\/image\\\/\",\"url\":\"https:\\\/\\\/www.bellunopress.it\\\/wp-content\\\/uploads\\\/2011\\\/05\\\/cropped-logo-bellunopress-.jpg\",\"contentUrl\":\"https:\\\/\\\/www.bellunopress.it\\\/wp-content\\\/uploads\\\/2011\\\/05\\\/cropped-logo-bellunopress-.jpg\",\"width\":512,\"height\":512,\"caption\":\"Bellunopress\"},\"image\":{\"@id\":\"https:\\\/\\\/www.bellunopress.it\\\/#\\\/schema\\\/logo\\\/image\\\/\"},\"sameAs\":[\"https:\\\/\\\/www.facebook.com\\\/profile.php?id=100008943462799\",\"https:\\\/\\\/x.com\\\/bellunopress\",\"https:\\\/\\\/www.linkedin.com\\\/hp\\\/?dnr=JBzUWaJfMUw8vbXJJ2tVW5-I3jZKvC4wsoxE&amp;amp;amp;amp;amp;amp;trk=nav_responsive_tab_home\",\"https:\\\/\\\/www.youtube.com\\\/channel\\\/UCxL0wu1uN0_3_7hGG0306cw\"]},{\"@type\":\"Person\",\"@id\":\"https:\\\/\\\/www.bellunopress.it\\\/#\\\/schema\\\/person\\\/79bb06722b37ece1c03d3e94beb30d73\",\"name\":\"redazione\",\"image\":{\"@type\":\"ImageObject\",\"inLanguage\":\"fr-FR\",\"@id\":\"https:\\\/\\\/secure.gravatar.com\\\/avatar\\\/37d968a2e67a6fd04c169c4bdef102d0bc5d31b2546345219e348575eb80e9a0?s=96&d=mm&r=g\",\"url\":\"https:\\\/\\\/secure.gravatar.com\\\/avatar\\\/37d968a2e67a6fd04c169c4bdef102d0bc5d31b2546345219e348575eb80e9a0?s=96&d=mm&r=g\",\"contentUrl\":\"https:\\\/\\\/secure.gravatar.com\\\/avatar\\\/37d968a2e67a6fd04c169c4bdef102d0bc5d31b2546345219e348575eb80e9a0?s=96&d=mm&r=g\",\"caption\":\"redazione\"},\"sameAs\":[\"http:\\\/\\\/www.bellunopress.it\",\"https:\\\/\\\/x.com\\\/bellunopress\"],\"url\":\"https:\\\/\\\/www.bellunopress.it\\\/fr\\\/author\\\/redazione\\\/\"}]}<\/script>\n<!-- \/ Yoast SEO plugin. -->","yoast_head_json":{"title":"Candidato del centrodestra: se ci sei batti un colpo! - Bellunopress - Dolomiti","robots":{"index":"index","follow":"follow","max-snippet":"max-snippet:-1","max-image-preview":"max-image-preview:large","max-video-preview":"max-video-preview:-1"},"canonical":"https:\/\/www.bellunopress.it\/fr\/2009\/04\/20\/candidato-del-centrodestra-se-ci-sei-batti-un-colpo\/","og_locale":"fr_FR","og_type":"article","og_title":"Candidato del centrodestra: se ci sei batti un colpo! - Bellunopress - Dolomiti","og_description":"Mancano diciassette giorni al termine ultimo per la presentazione delle liste. E ad oggi il centrodestra non sa che pesci pigliare. O meglio, la Lega partito designato dal \u201cPatto di Arcore Berlusconi-Bossi\u201d a designare il leader su cui far convergere i voti del centrodestra, \u00e8 incapace di trovare un suo uomo da opporre a Sergio [&hellip;]","og_url":"https:\/\/www.bellunopress.it\/fr\/2009\/04\/20\/candidato-del-centrodestra-se-ci-sei-batti-un-colpo\/","og_site_name":"Bellunopress - Dolomiti","article_publisher":"https:\/\/www.facebook.com\/profile.php?id=100008943462799","article_published_time":"2009-04-20T06:59:10+00:00","article_modified_time":"2009-04-20T21:54:47+00:00","og_image":[{"url":"http:\/\/www.bellunopress.it\/wp-content\/uploads\/2009\/04\/provincia-240x180.jpg","type":"","width":"","height":""}],"author":"redazione","twitter_card":"summary_large_image","twitter_creator":"@bellunopress","twitter_site":"@bellunopress","twitter_misc":{"\u00c9crit par":"redazione","Dur\u00e9e de lecture estim\u00e9e":"1 minute"},"schema":{"@context":"https:\/\/schema.org","@graph":[{"@type":"Article","@id":"https:\/\/www.bellunopress.it\/2009\/04\/20\/candidato-del-centrodestra-se-ci-sei-batti-un-colpo\/#article","isPartOf":{"@id":"https:\/\/www.bellunopress.it\/2009\/04\/20\/candidato-del-centrodestra-se-ci-sei-batti-un-colpo\/"},"author":{"name":"redazione","@id":"https:\/\/www.bellunopress.it\/#\/schema\/person\/79bb06722b37ece1c03d3e94beb30d73"},"headline":"Candidato del centrodestra: se ci sei batti un colpo!","datePublished":"2009-04-20T06:59:10+00:00","dateModified":"2009-04-20T21:54:47+00:00","mainEntityOfPage":{"@id":"https:\/\/www.bellunopress.it\/2009\/04\/20\/candidato-del-centrodestra-se-ci-sei-batti-un-colpo\/"},"wordCount":216,"publisher":{"@id":"https:\/\/www.bellunopress.it\/#organization"},"image":{"@id":"https:\/\/www.bellunopress.it\/2009\/04\/20\/candidato-del-centrodestra-se-ci-sei-batti-un-colpo\/#primaryimage"},"thumbnailUrl":"http:\/\/www.bellunopress.it\/wp-content\/uploads\/2009\/04\/provincia-240x180.jpg","keywords":["Belluno"],"articleSection":["Cronaca\/Politica"],"inLanguage":"fr-FR"},{"@type":"WebPage","@id":"https:\/\/www.bellunopress.it\/2009\/04\/20\/candidato-del-centrodestra-se-ci-sei-batti-un-colpo\/","url":"https:\/\/www.bellunopress.it\/2009\/04\/20\/candidato-del-centrodestra-se-ci-sei-batti-un-colpo\/","name":"Candidato del centrodestra: se ci sei batti un colpo! - Bellunopress - Dolomiti","isPartOf":{"@id":"https:\/\/www.bellunopress.it\/#website"},"primaryImageOfPage":{"@id":"https:\/\/www.bellunopress.it\/2009\/04\/20\/candidato-del-centrodestra-se-ci-sei-batti-un-colpo\/#primaryimage"},"image":{"@id":"https:\/\/www.bellunopress.it\/2009\/04\/20\/candidato-del-centrodestra-se-ci-sei-batti-un-colpo\/#primaryimage"},"thumbnailUrl":"http:\/\/www.bellunopress.it\/wp-content\/uploads\/2009\/04\/provincia-240x180.jpg","datePublished":"2009-04-20T06:59:10+00:00","dateModified":"2009-04-20T21:54:47+00:00","breadcrumb":{"@id":"https:\/\/www.bellunopress.it\/2009\/04\/20\/candidato-del-centrodestra-se-ci-sei-batti-un-colpo\/#breadcrumb"},"inLanguage":"fr-FR","potentialAction":[{"@type":"ReadAction","target":["https:\/\/www.bellunopress.it\/2009\/04\/20\/candidato-del-centrodestra-se-ci-sei-batti-un-colpo\/"]}]},{"@type":"ImageObject","inLanguage":"fr-FR","@id":"https:\/\/www.bellunopress.it\/2009\/04\/20\/candidato-del-centrodestra-se-ci-sei-batti-un-colpo\/#primaryimage","url":"http:\/\/www.bellunopress.it\/wp-content\/uploads\/2009\/04\/provincia-240x180.jpg","contentUrl":"http:\/\/www.bellunopress.it\/wp-content\/uploads\/2009\/04\/provincia-240x180.jpg"},{"@type":"BreadcrumbList","@id":"https:\/\/www.bellunopress.it\/2009\/04\/20\/candidato-del-centrodestra-se-ci-sei-batti-un-colpo\/#breadcrumb","itemListElement":[{"@type":"ListItem","position":1,"name":"Home","item":"https:\/\/www.bellunopress.it\/"},{"@type":"ListItem","position":2,"name":"Candidato del centrodestra: se ci sei batti un colpo!"}]},{"@type":"WebSite","@id":"https:\/\/www.bellunopress.it\/#website","url":"https:\/\/www.bellunopress.it\/","name":"Bellunopress - Dolomiti","description":"e-mail: redazione@bellunopress.it","publisher":{"@id":"https:\/\/www.bellunopress.it\/#organization"},"potentialAction":[{"@type":"SearchAction","target":{"@type":"EntryPoint","urlTemplate":"https:\/\/www.bellunopress.it\/?s={search_term_string}"},"query-input":{"@type":"PropertyValueSpecification","valueRequired":true,"valueName":"search_term_string"}}],"inLanguage":"fr-FR"},{"@type":"Organization","@id":"https:\/\/www.bellunopress.it\/#organization","name":"Bellunopress","url":"https:\/\/www.bellunopress.it\/","logo":{"@type":"ImageObject","inLanguage":"fr-FR","@id":"https:\/\/www.bellunopress.it\/#\/schema\/logo\/image\/","url":"https:\/\/www.bellunopress.it\/wp-content\/uploads\/2011\/05\/cropped-logo-bellunopress-.jpg","contentUrl":"https:\/\/www.bellunopress.it\/wp-content\/uploads\/2011\/05\/cropped-logo-bellunopress-.jpg","width":512,"height":512,"caption":"Bellunopress"},"image":{"@id":"https:\/\/www.bellunopress.it\/#\/schema\/logo\/image\/"},"sameAs":["https:\/\/www.facebook.com\/profile.php?id=100008943462799","https:\/\/x.com\/bellunopress","https:\/\/www.linkedin.com\/hp\/?dnr=JBzUWaJfMUw8vbXJJ2tVW5-I3jZKvC4wsoxE&amp;amp;amp;amp;amp;amp;trk=nav_responsive_tab_home","https:\/\/www.youtube.com\/channel\/UCxL0wu1uN0_3_7hGG0306cw"]},{"@type":"Person","@id":"https:\/\/www.bellunopress.it\/#\/schema\/person\/79bb06722b37ece1c03d3e94beb30d73","name":"r\u00e9daction","image":{"@type":"ImageObject","inLanguage":"fr-FR","@id":"https:\/\/secure.gravatar.com\/avatar\/37d968a2e67a6fd04c169c4bdef102d0bc5d31b2546345219e348575eb80e9a0?s=96&d=mm&r=g","url":"https:\/\/secure.gravatar.com\/avatar\/37d968a2e67a6fd04c169c4bdef102d0bc5d31b2546345219e348575eb80e9a0?s=96&d=mm&r=g","contentUrl":"https:\/\/secure.gravatar.com\/avatar\/37d968a2e67a6fd04c169c4bdef102d0bc5d31b2546345219e348575eb80e9a0?s=96&d=mm&r=g","caption":"redazione"},"sameAs":["http:\/\/www.bellunopress.it","https:\/\/x.com\/bellunopress"],"url":"https:\/\/www.bellunopress.it\/fr\/author\/redazione\/"}]}},"_links":{"self":[{"href":"https:\/\/www.bellunopress.it\/fr\/wp-json\/wp\/v2\/posts\/2836","targetHints":{"allow":["GET"]}}],"collection":[{"href":"https:\/\/www.bellunopress.it\/fr\/wp-json\/wp\/v2\/posts"}],"about":[{"href":"https:\/\/www.bellunopress.it\/fr\/wp-json\/wp\/v2\/types\/post"}],"author":[{"embeddable":true,"href":"https:\/\/www.bellunopress.it\/fr\/wp-json\/wp\/v2\/users\/2"}],"replies":[{"embeddable":true,"href":"https:\/\/www.bellunopress.it\/fr\/wp-json\/wp\/v2\/comments?post=2836"}],"version-history":[{"count":2,"href":"https:\/\/www.bellunopress.it\/fr\/wp-json\/wp\/v2\/posts\/2836\/revisions"}],"predecessor-version":[{"id":2865,"href":"https:\/\/www.bellunopress.it\/fr\/wp-json\/wp\/v2\/posts\/2836\/revisions\/2865"}],"wp:attachment":[{"href":"https:\/\/www.bellunopress.it\/fr\/wp-json\/wp\/v2\/media?parent=2836"}],"wp:term":[{"taxonomy":"category","embeddable":true,"href":"https:\/\/www.bellunopress.it\/fr\/wp-json\/wp\/v2\/categories?post=2836"},{"taxonomy":"post_tag","embeddable":true,"href":"https:\/\/www.bellunopress.it\/fr\/wp-json\/wp\/v2\/tags?post=2836"}],"curies":[{"name":"wp","href":"https:\/\/api.w.org\/{rel}","templated":true}]}}