{"id":2832,"date":"2009-04-19T13:45:22","date_gmt":"2009-04-19T12:45:22","guid":{"rendered":"http:\/\/www.bellunopress.it\/?p=2832"},"modified":"2009-04-19T22:39:00","modified_gmt":"2009-04-19T21:39:00","slug":"arrestata-segretaria-parlamentare-lega-nord-con-8-chili-di-cocaina","status":"publish","type":"post","link":"https:\/\/www.bellunopress.it\/fr\/2009\/04\/19\/arrestata-segretaria-parlamentare-lega-nord-con-8-chili-di-cocaina\/","title":{"rendered":"Arrestata segretaria parlamentare Lega Nord con 8 chili di cocaina"},"content":{"rendered":"<p>(Rsi-Radiotelevisione Svizzera Italiana) E`una dipendente del Parlamento italiano una delle due persone arrestate, lo scorso due aprile a Lugano, con otto chili di cocaina in valigia, equivalenti a 200 mila dosi. Insolito sequestro, quello avvenuto il 2 Si tratta, infatti, della segretaria del gruppo parlamentare della Lega Nord a Roma. Insieme a lei \u00e8 stato arrestato anche un uomo. Entrambi provenivano dal Brasile. Le Guardie di confine hanno scovato lo stupefacente stipato in alcune vaschette di alimenti. Non \u00e8 chiaro se la droga fosse destinata al mercato ticinese, oppure se dovesse rientrare in Italia passando per lo scalo luganese, dove forse la coppia \u2013 di 40 e 50anni \u2013 sperava in controlli meno severi. In ogni caso, i due non avrebbero mai avuto alcun legame col Ticino.<\/p>","protected":false},"excerpt":{"rendered":"<p>(Rsi-Radiotelevisione Svizzera Italiana) E`una dipendente del Parlamento italiano una delle due persone arrestate, lo scorso due aprile a Lugano, con otto chili di cocaina in valigia, equivalenti a 200 mila dosi. Insolito sequestro, quello avvenuto il 2 Si tratta, infatti, della segretaria del gruppo parlamentare della Lega Nord a Roma. Insieme a lei \u00e8 stato [&hellip;]<\/p>\n","protected":false},"author":2,"featured_media":0,"comment_status":"closed","ping_status":"open","sticky":false,"template":"","format":"standard","meta":{"footnotes":""},"categories":[5,26],"tags":[],"class_list":["post-2832","post","type-post","status-publish","format-standard","category-cronaca","category-prima-pagina"],"yoast_head":"<!-- This site is optimized with the Yoast SEO plugin v28.4 - https:\/\/yoast.com\/product\/yoast-seo-wordpress\/ -->\n<title>Arrestata segretaria parlamentare Lega Nord con 8 chili di cocaina - Bellunopress - Dolomiti<\/title>\n<meta name=\"robots\" content=\"index, follow, max-snippet:-1, max-image-preview:large, max-video-preview:-1\" \/>\n<link rel=\"canonical\" href=\"https:\/\/www.bellunopress.it\/fr\/2009\/04\/19\/arrestata-segretaria-parlamentare-lega-nord-con-8-chili-di-cocaina\/\" \/>\n<meta property=\"og:locale\" content=\"fr_FR\" \/>\n<meta property=\"og:type\" content=\"article\" \/>\n<meta property=\"og:title\" content=\"Arrestata segretaria parlamentare Lega Nord con 8 chili di cocaina - Bellunopress - Dolomiti\" \/>\n<meta property=\"og:description\" content=\"(Rsi-Radiotelevisione Svizzera Italiana) E`una dipendente del Parlamento italiano una delle due persone arrestate, lo scorso due aprile a Lugano, con otto chili di cocaina in valigia, equivalenti a 200 mila dosi. Insolito sequestro, quello avvenuto il 2 Si tratta, infatti, della segretaria del gruppo parlamentare della Lega Nord a Roma. Insieme a lei \u00e8 stato [&hellip;]\" \/>\n<meta property=\"og:url\" content=\"https:\/\/www.bellunopress.it\/fr\/2009\/04\/19\/arrestata-segretaria-parlamentare-lega-nord-con-8-chili-di-cocaina\/\" \/>\n<meta property=\"og:site_name\" content=\"Bellunopress - Dolomiti\" \/>\n<meta property=\"article:publisher\" content=\"https:\/\/www.facebook.com\/profile.php?id=100008943462799\" \/>\n<meta property=\"article:published_time\" content=\"2009-04-19T12:45:22+00:00\" \/>\n<meta property=\"article:modified_time\" content=\"2009-04-19T21:39:00+00:00\" \/>\n<meta property=\"og:image\" content=\"http:\/\/www.bellunopress.it\/wp-content\/uploads\/2012\/07\/logo-bellunopress-250x250-2012.jpg\" \/>\n<meta name=\"author\" content=\"redazione\" \/>\n<meta name=\"twitter:card\" content=\"summary_large_image\" \/>\n<meta name=\"twitter:creator\" content=\"@bellunopress\" \/>\n<meta name=\"twitter:site\" content=\"@bellunopress\" \/>\n<meta name=\"twitter:label1\" content=\"\u00c9crit par\" \/>\n\t<meta name=\"twitter:data1\" content=\"redazione\" \/>\n\t<meta name=\"twitter:label2\" content=\"Dur\u00e9e de lecture estim\u00e9e\" \/>\n\t<meta name=\"twitter:data2\" content=\"1 minute\" \/>\n<script type=\"application\/ld+json\" class=\"yoast-schema-graph\">{\"@context\":\"https:\\\/\\\/schema.org\",\"@graph\":[{\"@type\":\"Article\",\"@id\":\"https:\\\/\\\/www.bellunopress.it\\\/2009\\\/04\\\/19\\\/arrestata-segretaria-parlamentare-lega-nord-con-8-chili-di-cocaina\\\/#article\",\"isPartOf\":{\"@id\":\"https:\\\/\\\/www.bellunopress.it\\\/2009\\\/04\\\/19\\\/arrestata-segretaria-parlamentare-lega-nord-con-8-chili-di-cocaina\\\/\"},\"author\":{\"name\":\"redazione\",\"@id\":\"https:\\\/\\\/www.bellunopress.it\\\/#\\\/schema\\\/person\\\/79bb06722b37ece1c03d3e94beb30d73\"},\"headline\":\"Arrestata segretaria parlamentare Lega Nord con 8 chili di cocaina\",\"datePublished\":\"2009-04-19T12:45:22+00:00\",\"dateModified\":\"2009-04-19T21:39:00+00:00\",\"mainEntityOfPage\":{\"@id\":\"https:\\\/\\\/www.bellunopress.it\\\/2009\\\/04\\\/19\\\/arrestata-segretaria-parlamentare-lega-nord-con-8-chili-di-cocaina\\\/\"},\"wordCount\":130,\"publisher\":{\"@id\":\"https:\\\/\\\/www.bellunopress.it\\\/#organization\"},\"articleSection\":[\"Cronaca\\\/Politica\",\"Prima Pagina\"],\"inLanguage\":\"fr-FR\"},{\"@type\":\"WebPage\",\"@id\":\"https:\\\/\\\/www.bellunopress.it\\\/2009\\\/04\\\/19\\\/arrestata-segretaria-parlamentare-lega-nord-con-8-chili-di-cocaina\\\/\",\"url\":\"https:\\\/\\\/www.bellunopress.it\\\/2009\\\/04\\\/19\\\/arrestata-segretaria-parlamentare-lega-nord-con-8-chili-di-cocaina\\\/\",\"name\":\"Arrestata segretaria parlamentare Lega Nord con 8 chili di cocaina - Bellunopress - Dolomiti\",\"isPartOf\":{\"@id\":\"https:\\\/\\\/www.bellunopress.it\\\/#website\"},\"datePublished\":\"2009-04-19T12:45:22+00:00\",\"dateModified\":\"2009-04-19T21:39:00+00:00\",\"breadcrumb\":{\"@id\":\"https:\\\/\\\/www.bellunopress.it\\\/2009\\\/04\\\/19\\\/arrestata-segretaria-parlamentare-lega-nord-con-8-chili-di-cocaina\\\/#breadcrumb\"},\"inLanguage\":\"fr-FR\",\"potentialAction\":[{\"@type\":\"ReadAction\",\"target\":[\"https:\\\/\\\/www.bellunopress.it\\\/2009\\\/04\\\/19\\\/arrestata-segretaria-parlamentare-lega-nord-con-8-chili-di-cocaina\\\/\"]}]},{\"@type\":\"BreadcrumbList\",\"@id\":\"https:\\\/\\\/www.bellunopress.it\\\/2009\\\/04\\\/19\\\/arrestata-segretaria-parlamentare-lega-nord-con-8-chili-di-cocaina\\\/#breadcrumb\",\"itemListElement\":[{\"@type\":\"ListItem\",\"position\":1,\"name\":\"Home\",\"item\":\"https:\\\/\\\/www.bellunopress.it\\\/\"},{\"@type\":\"ListItem\",\"position\":2,\"name\":\"Arrestata segretaria parlamentare Lega Nord con 8 chili di cocaina\"}]},{\"@type\":\"WebSite\",\"@id\":\"https:\\\/\\\/www.bellunopress.it\\\/#website\",\"url\":\"https:\\\/\\\/www.bellunopress.it\\\/\",\"name\":\"Bellunopress - Dolomiti\",\"description\":\"e-mail: redazione@bellunopress.it\",\"publisher\":{\"@id\":\"https:\\\/\\\/www.bellunopress.it\\\/#organization\"},\"potentialAction\":[{\"@type\":\"SearchAction\",\"target\":{\"@type\":\"EntryPoint\",\"urlTemplate\":\"https:\\\/\\\/www.bellunopress.it\\\/?s={search_term_string}\"},\"query-input\":{\"@type\":\"PropertyValueSpecification\",\"valueRequired\":true,\"valueName\":\"search_term_string\"}}],\"inLanguage\":\"fr-FR\"},{\"@type\":\"Organization\",\"@id\":\"https:\\\/\\\/www.bellunopress.it\\\/#organization\",\"name\":\"Bellunopress\",\"url\":\"https:\\\/\\\/www.bellunopress.it\\\/\",\"logo\":{\"@type\":\"ImageObject\",\"inLanguage\":\"fr-FR\",\"@id\":\"https:\\\/\\\/www.bellunopress.it\\\/#\\\/schema\\\/logo\\\/image\\\/\",\"url\":\"https:\\\/\\\/www.bellunopress.it\\\/wp-content\\\/uploads\\\/2011\\\/05\\\/cropped-logo-bellunopress-.jpg\",\"contentUrl\":\"https:\\\/\\\/www.bellunopress.it\\\/wp-content\\\/uploads\\\/2011\\\/05\\\/cropped-logo-bellunopress-.jpg\",\"width\":512,\"height\":512,\"caption\":\"Bellunopress\"},\"image\":{\"@id\":\"https:\\\/\\\/www.bellunopress.it\\\/#\\\/schema\\\/logo\\\/image\\\/\"},\"sameAs\":[\"https:\\\/\\\/www.facebook.com\\\/profile.php?id=100008943462799\",\"https:\\\/\\\/x.com\\\/bellunopress\",\"https:\\\/\\\/www.linkedin.com\\\/hp\\\/?dnr=JBzUWaJfMUw8vbXJJ2tVW5-I3jZKvC4wsoxE&amp;amp;amp;amp;amp;amp;trk=nav_responsive_tab_home\",\"https:\\\/\\\/www.youtube.com\\\/channel\\\/UCxL0wu1uN0_3_7hGG0306cw\"]},{\"@type\":\"Person\",\"@id\":\"https:\\\/\\\/www.bellunopress.it\\\/#\\\/schema\\\/person\\\/79bb06722b37ece1c03d3e94beb30d73\",\"name\":\"redazione\",\"image\":{\"@type\":\"ImageObject\",\"inLanguage\":\"fr-FR\",\"@id\":\"https:\\\/\\\/secure.gravatar.com\\\/avatar\\\/37d968a2e67a6fd04c169c4bdef102d0bc5d31b2546345219e348575eb80e9a0?s=96&d=mm&r=g\",\"url\":\"https:\\\/\\\/secure.gravatar.com\\\/avatar\\\/37d968a2e67a6fd04c169c4bdef102d0bc5d31b2546345219e348575eb80e9a0?s=96&d=mm&r=g\",\"contentUrl\":\"https:\\\/\\\/secure.gravatar.com\\\/avatar\\\/37d968a2e67a6fd04c169c4bdef102d0bc5d31b2546345219e348575eb80e9a0?s=96&d=mm&r=g\",\"caption\":\"redazione\"},\"sameAs\":[\"http:\\\/\\\/www.bellunopress.it\",\"https:\\\/\\\/x.com\\\/bellunopress\"],\"url\":\"https:\\\/\\\/www.bellunopress.it\\\/fr\\\/author\\\/redazione\\\/\"}]}<\/script>\n<!-- \/ Yoast SEO plugin. -->","yoast_head_json":{"title":"Arrestata segretaria parlamentare Lega Nord con 8 chili di cocaina - Bellunopress - Dolomiti","robots":{"index":"index","follow":"follow","max-snippet":"max-snippet:-1","max-image-preview":"max-image-preview:large","max-video-preview":"max-video-preview:-1"},"canonical":"https:\/\/www.bellunopress.it\/fr\/2009\/04\/19\/arrestata-segretaria-parlamentare-lega-nord-con-8-chili-di-cocaina\/","og_locale":"fr_FR","og_type":"article","og_title":"Arrestata segretaria parlamentare Lega Nord con 8 chili di cocaina - Bellunopress - Dolomiti","og_description":"(Rsi-Radiotelevisione Svizzera Italiana) E`una dipendente del Parlamento italiano una delle due persone arrestate, lo scorso due aprile a Lugano, con otto chili di cocaina in valigia, equivalenti a 200 mila dosi. Insolito sequestro, quello avvenuto il 2 Si tratta, infatti, della segretaria del gruppo parlamentare della Lega Nord a Roma. Insieme a lei \u00e8 stato [&hellip;]","og_url":"https:\/\/www.bellunopress.it\/fr\/2009\/04\/19\/arrestata-segretaria-parlamentare-lega-nord-con-8-chili-di-cocaina\/","og_site_name":"Bellunopress - Dolomiti","article_publisher":"https:\/\/www.facebook.com\/profile.php?id=100008943462799","article_published_time":"2009-04-19T12:45:22+00:00","article_modified_time":"2009-04-19T21:39:00+00:00","og_image":[{"url":"http:\/\/www.bellunopress.it\/wp-content\/uploads\/2012\/07\/logo-bellunopress-250x250-2012.jpg","type":"","width":"","height":""}],"author":"redazione","twitter_card":"summary_large_image","twitter_creator":"@bellunopress","twitter_site":"@bellunopress","twitter_misc":{"\u00c9crit par":"redazione","Dur\u00e9e de lecture estim\u00e9e":"1 minute"},"schema":{"@context":"https:\/\/schema.org","@graph":[{"@type":"Article","@id":"https:\/\/www.bellunopress.it\/2009\/04\/19\/arrestata-segretaria-parlamentare-lega-nord-con-8-chili-di-cocaina\/#article","isPartOf":{"@id":"https:\/\/www.bellunopress.it\/2009\/04\/19\/arrestata-segretaria-parlamentare-lega-nord-con-8-chili-di-cocaina\/"},"author":{"name":"redazione","@id":"https:\/\/www.bellunopress.it\/#\/schema\/person\/79bb06722b37ece1c03d3e94beb30d73"},"headline":"Arrestata segretaria parlamentare Lega Nord con 8 chili di cocaina","datePublished":"2009-04-19T12:45:22+00:00","dateModified":"2009-04-19T21:39:00+00:00","mainEntityOfPage":{"@id":"https:\/\/www.bellunopress.it\/2009\/04\/19\/arrestata-segretaria-parlamentare-lega-nord-con-8-chili-di-cocaina\/"},"wordCount":130,"publisher":{"@id":"https:\/\/www.bellunopress.it\/#organization"},"articleSection":["Cronaca\/Politica","Prima Pagina"],"inLanguage":"fr-FR"},{"@type":"WebPage","@id":"https:\/\/www.bellunopress.it\/2009\/04\/19\/arrestata-segretaria-parlamentare-lega-nord-con-8-chili-di-cocaina\/","url":"https:\/\/www.bellunopress.it\/2009\/04\/19\/arrestata-segretaria-parlamentare-lega-nord-con-8-chili-di-cocaina\/","name":"Arrestata segretaria parlamentare Lega Nord con 8 chili di cocaina - Bellunopress - Dolomiti","isPartOf":{"@id":"https:\/\/www.bellunopress.it\/#website"},"datePublished":"2009-04-19T12:45:22+00:00","dateModified":"2009-04-19T21:39:00+00:00","breadcrumb":{"@id":"https:\/\/www.bellunopress.it\/2009\/04\/19\/arrestata-segretaria-parlamentare-lega-nord-con-8-chili-di-cocaina\/#breadcrumb"},"inLanguage":"fr-FR","potentialAction":[{"@type":"ReadAction","target":["https:\/\/www.bellunopress.it\/2009\/04\/19\/arrestata-segretaria-parlamentare-lega-nord-con-8-chili-di-cocaina\/"]}]},{"@type":"BreadcrumbList","@id":"https:\/\/www.bellunopress.it\/2009\/04\/19\/arrestata-segretaria-parlamentare-lega-nord-con-8-chili-di-cocaina\/#breadcrumb","itemListElement":[{"@type":"ListItem","position":1,"name":"Home","item":"https:\/\/www.bellunopress.it\/"},{"@type":"ListItem","position":2,"name":"Arrestata segretaria parlamentare Lega Nord con 8 chili di cocaina"}]},{"@type":"WebSite","@id":"https:\/\/www.bellunopress.it\/#website","url":"https:\/\/www.bellunopress.it\/","name":"Bellunopress - Dolomiti","description":"e-mail: redazione@bellunopress.it","publisher":{"@id":"https:\/\/www.bellunopress.it\/#organization"},"potentialAction":[{"@type":"SearchAction","target":{"@type":"EntryPoint","urlTemplate":"https:\/\/www.bellunopress.it\/?s={search_term_string}"},"query-input":{"@type":"PropertyValueSpecification","valueRequired":true,"valueName":"search_term_string"}}],"inLanguage":"fr-FR"},{"@type":"Organization","@id":"https:\/\/www.bellunopress.it\/#organization","name":"Bellunopress","url":"https:\/\/www.bellunopress.it\/","logo":{"@type":"ImageObject","inLanguage":"fr-FR","@id":"https:\/\/www.bellunopress.it\/#\/schema\/logo\/image\/","url":"https:\/\/www.bellunopress.it\/wp-content\/uploads\/2011\/05\/cropped-logo-bellunopress-.jpg","contentUrl":"https:\/\/www.bellunopress.it\/wp-content\/uploads\/2011\/05\/cropped-logo-bellunopress-.jpg","width":512,"height":512,"caption":"Bellunopress"},"image":{"@id":"https:\/\/www.bellunopress.it\/#\/schema\/logo\/image\/"},"sameAs":["https:\/\/www.facebook.com\/profile.php?id=100008943462799","https:\/\/x.com\/bellunopress","https:\/\/www.linkedin.com\/hp\/?dnr=JBzUWaJfMUw8vbXJJ2tVW5-I3jZKvC4wsoxE&amp;amp;amp;amp;amp;amp;trk=nav_responsive_tab_home","https:\/\/www.youtube.com\/channel\/UCxL0wu1uN0_3_7hGG0306cw"]},{"@type":"Person","@id":"https:\/\/www.bellunopress.it\/#\/schema\/person\/79bb06722b37ece1c03d3e94beb30d73","name":"r\u00e9daction","image":{"@type":"ImageObject","inLanguage":"fr-FR","@id":"https:\/\/secure.gravatar.com\/avatar\/37d968a2e67a6fd04c169c4bdef102d0bc5d31b2546345219e348575eb80e9a0?s=96&d=mm&r=g","url":"https:\/\/secure.gravatar.com\/avatar\/37d968a2e67a6fd04c169c4bdef102d0bc5d31b2546345219e348575eb80e9a0?s=96&d=mm&r=g","contentUrl":"https:\/\/secure.gravatar.com\/avatar\/37d968a2e67a6fd04c169c4bdef102d0bc5d31b2546345219e348575eb80e9a0?s=96&d=mm&r=g","caption":"redazione"},"sameAs":["http:\/\/www.bellunopress.it","https:\/\/x.com\/bellunopress"],"url":"https:\/\/www.bellunopress.it\/fr\/author\/redazione\/"}]}},"_links":{"self":[{"href":"https:\/\/www.bellunopress.it\/fr\/wp-json\/wp\/v2\/posts\/2832","targetHints":{"allow":["GET"]}}],"collection":[{"href":"https:\/\/www.bellunopress.it\/fr\/wp-json\/wp\/v2\/posts"}],"about":[{"href":"https:\/\/www.bellunopress.it\/fr\/wp-json\/wp\/v2\/types\/post"}],"author":[{"embeddable":true,"href":"https:\/\/www.bellunopress.it\/fr\/wp-json\/wp\/v2\/users\/2"}],"replies":[{"embeddable":true,"href":"https:\/\/www.bellunopress.it\/fr\/wp-json\/wp\/v2\/comments?post=2832"}],"version-history":[{"count":2,"href":"https:\/\/www.bellunopress.it\/fr\/wp-json\/wp\/v2\/posts\/2832\/revisions"}],"predecessor-version":[{"id":2835,"href":"https:\/\/www.bellunopress.it\/fr\/wp-json\/wp\/v2\/posts\/2832\/revisions\/2835"}],"wp:attachment":[{"href":"https:\/\/www.bellunopress.it\/fr\/wp-json\/wp\/v2\/media?parent=2832"}],"wp:term":[{"taxonomy":"category","embeddable":true,"href":"https:\/\/www.bellunopress.it\/fr\/wp-json\/wp\/v2\/categories?post=2832"},{"taxonomy":"post_tag","embeddable":true,"href":"https:\/\/www.bellunopress.it\/fr\/wp-json\/wp\/v2\/tags?post=2832"}],"curies":[{"name":"wp","href":"https:\/\/api.w.org\/{rel}","templated":true}]}}